{"id":161,"count":78,"description":"<h3>O espa\u00e7o exibe em geral produ\u00e7\u00f5es dos estudantes da Faculdade de Comunica\u00e7\u00e3o (Jornalismo e Publicidade e Propaganda) realizadas durante as atividades de disciplinas como Laborat\u00f3rio de Radiojornalismo e Produ\u00e7\u00e3o em M\u00eddias Eletr\u00f4nicas. Al\u00e9m disso s\u00e3o inseridos nesta faixa, desde 2014, programas produzidos pela equipe do projeto de extens\u00e3o Tela Cr\u00edtica (Faculdade de Ci\u00eancias Sociais) com temas sobre a sociologia do trabalho no mundo do cinema. Apesar de n\u00e3o serem atra\u00e7\u00f5es produzidas pela equipe da R\u00e1dio Web UFPA, o Espa\u00e7o Experimental faz parte da grade regular da emissora.<\/h3>","link":"https:\/\/radio.ufpa.br\/index.php\/category\/espaco-experimental\/","name":"Espa\u00e7o Experimental","slug":"espaco-experimental","taxonomy":"category","parent":0,"meta":[],"acf":[],"yoast_head":"<!-- This site is optimized with the Yoast SEO plugin v25.1 - https:\/\/yoast.com\/wordpress\/plugins\/seo\/ -->\n<title>Arquivos Espa\u00e7o Experimental - Radio Web UFPA<\/title>\n<meta name=\"robots\" content=\"index, follow, max-snippet:-1, max-image-preview:large, max-video-preview:-1\" \/>\n<link rel=\"canonical\" href=\"https:\/\/radio.ufpa.br\/index.php\/category\/espaco-experimental\/\" \/>\n<meta property=\"og:locale\" content=\"pt_BR\" \/>\n<meta property=\"og:type\" content=\"article\" \/>\n<meta property=\"og:title\" content=\"Arquivos Espa\u00e7o Experimental - Radio Web UFPA\" \/>\n<meta property=\"og:description\" content=\"O espa\u00e7o exibe em geral produ\u00e7\u00f5es dos estudantes da Faculdade de Comunica\u00e7\u00e3o (Jornalismo e Publicidade e Propaganda) realizadas durante as atividades de disciplinas como Laborat\u00f3rio de Radiojornalismo e Produ\u00e7\u00e3o em M\u00eddias Eletr\u00f4nicas. Al\u00e9m disso s\u00e3o inseridos nesta faixa, desde 2014, programas produzidos pela equipe do projeto de extens\u00e3o Tela Cr\u00edtica (Faculdade de Ci\u00eancias Sociais) com temas sobre a sociologia do trabalho no mundo do cinema. Apesar de n\u00e3o serem atra\u00e7\u00f5es produzidas pela equipe da R\u00e1dio Web UFPA, o Espa\u00e7o Experimental faz parte da grade regular da emissora.\" \/>\n<meta property=\"og:url\" content=\"https:\/\/radio.ufpa.br\/index.php\/category\/espaco-experimental\/\" \/>\n<meta property=\"og:site_name\" content=\"Radio Web UFPA\" \/>\n<meta property=\"og:image\" content=\"http:\/\/radio.ufpa.br\/wp-content\/uploads\/2020\/04\/radiowebufpa.jpg\" \/>\n<meta name=\"twitter:card\" content=\"summary_large_image\" \/>\n<meta name=\"twitter:site\" content=\"@radiowebufpa\" \/>\n<script type=\"application\/ld+json\" class=\"yoast-schema-graph\">{\"@context\":\"https:\/\/schema.org\",\"@graph\":[{\"@type\":\"CollectionPage\",\"@id\":\"https:\/\/radio.ufpa.br\/index.php\/category\/espaco-experimental\/\",\"url\":\"https:\/\/radio.ufpa.br\/index.php\/category\/espaco-experimental\/\",\"name\":\"Arquivos Espa\u00e7o Experimental - Radio Web UFPA\",\"isPartOf\":{\"@id\":\"https:\/\/radio.ufpa.br\/#website\"},\"breadcrumb\":{\"@id\":\"https:\/\/radio.ufpa.br\/index.php\/category\/espaco-experimental\/#breadcrumb\"},\"inLanguage\":\"pt-BR\"},{\"@type\":\"BreadcrumbList\",\"@id\":\"https:\/\/radio.ufpa.br\/index.php\/category\/espaco-experimental\/#breadcrumb\",\"itemListElement\":[{\"@type\":\"ListItem\",\"position\":1,\"name\":\"In\u00edcio\",\"item\":\"https:\/\/radio.ufpa.br\/\"},{\"@type\":\"ListItem\",\"position\":2,\"name\":\"Espa\u00e7o Experimental\"}]},{\"@type\":\"WebSite\",\"@id\":\"https:\/\/radio.ufpa.br\/#website\",\"url\":\"https:\/\/radio.ufpa.br\/\",\"name\":\"Radio Web UFPA\",\"description\":\"Divulgando o conhecimento\",\"publisher\":{\"@id\":\"https:\/\/radio.ufpa.br\/#organization\"},\"potentialAction\":[{\"@type\":\"SearchAction\",\"target\":{\"@type\":\"EntryPoint\",\"urlTemplate\":\"https:\/\/radio.ufpa.br\/?s={search_term_string}\"},\"query-input\":{\"@type\":\"PropertyValueSpecification\",\"valueRequired\":true,\"valueName\":\"search_term_string\"}}],\"inLanguage\":\"pt-BR\"},{\"@type\":\"Organization\",\"@id\":\"https:\/\/radio.ufpa.br\/#organization\",\"name\":\"UNIVERSIDADE FEDERAL DO PAR\u00c1-R\u00c1DIO WEB UFPA\",\"url\":\"https:\/\/radio.ufpa.br\/\",\"logo\":{\"@type\":\"ImageObject\",\"inLanguage\":\"pt-BR\",\"@id\":\"https:\/\/radio.ufpa.br\/#\/schema\/logo\/image\/\",\"url\":\"https:\/\/i0.wp.com\/radio.ufpa.br\/wp-content\/uploads\/2025\/12\/images-removebg-preview.png?fit=417%2C121&ssl=1\",\"contentUrl\":\"https:\/\/i0.wp.com\/radio.ufpa.br\/wp-content\/uploads\/2025\/12\/images-removebg-preview.png?fit=417%2C121&ssl=1\",\"width\":417,\"height\":121,\"caption\":\"UNIVERSIDADE FEDERAL DO PAR\u00c1-R\u00c1DIO WEB UFPA\"},\"image\":{\"@id\":\"https:\/\/radio.ufpa.br\/#\/schema\/logo\/image\/\"},\"sameAs\":[\"https:\/\/www.facebook.com\/radiowebufpa\",\"https:\/\/x.com\/radiowebufpa\",\"https:\/\/www.instagram.com\/radiowebufpa\/\",\"https:\/\/www.youtube.com\/user\/RadioWebUFP4\"]}]}<\/script>\n<!-- \/ Yoast SEO plugin. -->","yoast_head_json":{"title":"Arquivos Espa\u00e7o Experimental - Radio Web UFPA","robots":{"index":"index","follow":"follow","max-snippet":"max-snippet:-1","max-image-preview":"max-image-preview:large","max-video-preview":"max-video-preview:-1"},"canonical":"https:\/\/radio.ufpa.br\/index.php\/category\/espaco-experimental\/","og_locale":"pt_BR","og_type":"article","og_title":"Arquivos Espa\u00e7o Experimental - Radio Web UFPA","og_description":"O espa\u00e7o exibe em geral produ\u00e7\u00f5es dos estudantes da Faculdade de Comunica\u00e7\u00e3o (Jornalismo e Publicidade e Propaganda) realizadas durante as atividades de disciplinas como Laborat\u00f3rio de Radiojornalismo e Produ\u00e7\u00e3o em M\u00eddias Eletr\u00f4nicas. Al\u00e9m disso s\u00e3o inseridos nesta faixa, desde 2014, programas produzidos pela equipe do projeto de extens\u00e3o Tela Cr\u00edtica (Faculdade de Ci\u00eancias Sociais) com temas sobre a sociologia do trabalho no mundo do cinema. Apesar de n\u00e3o serem atra\u00e7\u00f5es produzidas pela equipe da R\u00e1dio Web UFPA, o Espa\u00e7o Experimental faz parte da grade regular da emissora.","og_url":"https:\/\/radio.ufpa.br\/index.php\/category\/espaco-experimental\/","og_site_name":"Radio Web UFPA","og_image":[{"url":"http:\/\/radio.ufpa.br\/wp-content\/uploads\/2020\/04\/radiowebufpa.jpg","type":"","width":"","height":""}],"twitter_card":"summary_large_image","twitter_site":"@radiowebufpa","schema":{"@context":"https:\/\/schema.org","@graph":[{"@type":"CollectionPage","@id":"https:\/\/radio.ufpa.br\/index.php\/category\/espaco-experimental\/","url":"https:\/\/radio.ufpa.br\/index.php\/category\/espaco-experimental\/","name":"Arquivos Espa\u00e7o Experimental - Radio Web UFPA","isPartOf":{"@id":"https:\/\/radio.ufpa.br\/#website"},"breadcrumb":{"@id":"https:\/\/radio.ufpa.br\/index.php\/category\/espaco-experimental\/#breadcrumb"},"inLanguage":"pt-BR"},{"@type":"BreadcrumbList","@id":"https:\/\/radio.ufpa.br\/index.php\/category\/espaco-experimental\/#breadcrumb","itemListElement":[{"@type":"ListItem","position":1,"name":"In\u00edcio","item":"https:\/\/radio.ufpa.br\/"},{"@type":"ListItem","position":2,"name":"Espa\u00e7o Experimental"}]},{"@type":"WebSite","@id":"https:\/\/radio.ufpa.br\/#website","url":"https:\/\/radio.ufpa.br\/","name":"Radio Web UFPA","description":"Divulgando o conhecimento","publisher":{"@id":"https:\/\/radio.ufpa.br\/#organization"},"potentialAction":[{"@type":"SearchAction","target":{"@type":"EntryPoint","urlTemplate":"https:\/\/radio.ufpa.br\/?s={search_term_string}"},"query-input":{"@type":"PropertyValueSpecification","valueRequired":true,"valueName":"search_term_string"}}],"inLanguage":"pt-BR"},{"@type":"Organization","@id":"https:\/\/radio.ufpa.br\/#organization","name":"UNIVERSIDADE FEDERAL DO PAR\u00c1-R\u00c1DIO WEB UFPA","url":"https:\/\/radio.ufpa.br\/","logo":{"@type":"ImageObject","inLanguage":"pt-BR","@id":"https:\/\/radio.ufpa.br\/#\/schema\/logo\/image\/","url":"https:\/\/i0.wp.com\/radio.ufpa.br\/wp-content\/uploads\/2025\/12\/images-removebg-preview.png?fit=417%2C121&ssl=1","contentUrl":"https:\/\/i0.wp.com\/radio.ufpa.br\/wp-content\/uploads\/2025\/12\/images-removebg-preview.png?fit=417%2C121&ssl=1","width":417,"height":121,"caption":"UNIVERSIDADE FEDERAL DO PAR\u00c1-R\u00c1DIO WEB UFPA"},"image":{"@id":"https:\/\/radio.ufpa.br\/#\/schema\/logo\/image\/"},"sameAs":["https:\/\/www.facebook.com\/radiowebufpa","https:\/\/x.com\/radiowebufpa","https:\/\/www.instagram.com\/radiowebufpa\/","https:\/\/www.youtube.com\/user\/RadioWebUFP4"]}]}},"_links":{"self":[{"href":"https:\/\/radio.ufpa.br\/index.php\/wp-json\/wp\/v2\/categories\/161","targetHints":{"allow":["GET"]}}],"collection":[{"href":"https:\/\/radio.ufpa.br\/index.php\/wp-json\/wp\/v2\/categories"}],"about":[{"href":"https:\/\/radio.ufpa.br\/index.php\/wp-json\/wp\/v2\/taxonomies\/category"}],"wp:post_type":[{"href":"https:\/\/radio.ufpa.br\/index.php\/wp-json\/wp\/v2\/posts?categories=161"}],"curies":[{"name":"wp","href":"https:\/\/api.w.org\/{rel}","templated":true}]}}