{"id":18237,"date":"2026-01-19T14:31:44","date_gmt":"2026-01-19T17:31:44","guid":{"rendered":"https:\/\/radio.ufpa.br\/?p=18237"},"modified":"2026-01-19T14:31:46","modified_gmt":"2026-01-19T17:31:46","slug":"conheca-o-espaco-experimental","status":"publish","type":"post","link":"https:\/\/radio.ufpa.br\/index.php\/espaco-experimental\/conheca-o-espaco-experimental\/","title":{"rendered":"Conhe\u00e7a o Espa\u00e7o Experimental"},"content":{"rendered":"\n<p><strong>Venha saber mais do Espa\u00e7o Experimental da R\u00e1dio Web UFPA<\/strong><\/p>\n\n\n\n<p>O <a href=\"https:\/\/radio.ufpa.br\/index.php\/category\/espaco-experimental\/\">Espa\u00e7o Experimental<\/a> est\u00e1 de cara nova, e para essa reformuala\u00e7\u00e3o, estamos disponibilizando a divulga\u00e7\u00e3o de produ\u00e7\u00f5es audiof\u00f4nicas para al\u00e9m da Faculdade de Comunica\u00e7\u00e3o da UFPA (Facom).<br>Com isso, o quadro agora est\u00e1 de portas abertas a produ\u00e7\u00f5es de toda a Universidade!<\/p>\n\n\n\n<p><strong>O que \u00e9 o Espa\u00e7o Experimental?<\/strong><\/p>\n\n\n\n<p>O quadro est\u00e1 na grade da R\u00e1dio Web UFPA para a divulga\u00e7\u00e3o de projetos de disciplinas como Laborat\u00f3rio de Radiojornalismo e Produ\u00e7\u00e3o em M\u00eddias Eletr\u00f4nicas e abriga programas dos mais variados temas e formatos. A criatividade \u00e9 a chave essencial para o programa e tamb\u00e9m para o teste de novos formatos, al\u00e9m do r\u00e1dio tradicional.<\/p>\n\n\n\n<p><strong>Como fa\u00e7o para participar do Espa\u00e7o Experimental?<\/strong><\/p>\n\n\n\n<p>Se voc\u00ea \u00e9 discente ou ent\u00e3o docente da Universidade Federal do Par\u00e1 e possui interesse em montar um programa radiof\u00f4nico e divulg\u00e1-lo nas ondas da R\u00e1dio Web UFPA, sinta-se \u00e0 vontade para nos enviar um email para o endere\u00e7o: <a href=\"mailto:radiowebufpa@gmail.com\">radiowebufpa@gmail.com<\/a> ou ent\u00e3o para a nossa DM do <a href=\"https:\/\/instagram.com\/radiowebufpa\">Instagram<\/a> da R\u00e1dio, apenas coloque no assunto do email: <strong>Espa\u00e7o_Experimental_Interesse<\/strong> e estaremos de portas abertas para conversar sobre seu projeto. (O caf\u00e9 \u00e9 por nossa conta) \ud83d\ude00<\/p>\n\n\n\n<p>Tens interesse em bater um papo com a gente? Ent\u00e3o manda uma mensagem, queremos muito ouvir tua proposta e se for interessante, quem sabe um dia n\u00e3o vire um programa regular da R\u00e1dio Web UFPA, j\u00e1 pensou? <\/p>\n\n\n\n<p><\/p>\n","protected":false},"excerpt":{"rendered":"<p> &#8230; <a title=\"Conhe\u00e7a o Espa\u00e7o Experimental\" class=\"read-more\" href=\"https:\/\/radio.ufpa.br\/index.php\/espaco-experimental\/conheca-o-espaco-experimental\/\" aria-label=\"Read more about Conhe\u00e7a o Espa\u00e7o Experimental\">Ler mais<\/a><\/p>\n","protected":false},"author":25,"featured_media":18238,"comment_status":"open","ping_status":"open","sticky":false,"template":"","format":"standard","meta":{"_acf_changed":false,"_exactmetrics_skip_tracking":false,"_exactmetrics_sitenote_active":false,"_exactmetrics_sitenote_note":"","_exactmetrics_sitenote_category":0,"_monsterinsights_skip_tracking":false,"_monsterinsights_sitenote_active":false,"_monsterinsights_sitenote_note":"","_monsterinsights_sitenote_category":0,"_uf_show_specific_survey":0,"_uf_disable_surveys":false,"jetpack_post_was_ever_published":false,"_jetpack_newsletter_access":"","_jetpack_dont_email_post_to_subs":false,"_jetpack_newsletter_tier_id":0,"_jetpack_memberships_contains_paywalled_content":false,"_jetpack_memberships_contains_paid_content":false,"footnotes":"","jetpack_publicize_message":"","jetpack_publicize_feature_enabled":true,"jetpack_social_post_already_shared":true,"jetpack_social_options":{"image_generator_settings":{"template":"highway","enabled":false},"version":2}},"categories":[161],"tags":[],"class_list":["post-18237","post","type-post","status-publish","format-standard","has-post-thumbnail","hentry","category-espaco-experimental"],"acf":[],"yoast_head":"<!-- This site is optimized with the Yoast SEO plugin v25.1 - https:\/\/yoast.com\/wordpress\/plugins\/seo\/ -->\n<title>Conhe\u00e7a o Espa\u00e7o Experimental - Radio Web UFPA<\/title>\n<meta name=\"description\" content=\"O Espa\u00e7o Experimental abriu as portas para toda a comunidade acad\u00eamica da UFPA. Envie sua proposta e veja seu programa no ar na R\u00e1dio Web!\" \/>\n<meta name=\"robots\" content=\"index, follow, max-snippet:-1, max-image-preview:large, max-video-preview:-1\" \/>\n<link rel=\"canonical\" href=\"https:\/\/radio.ufpa.br\/index.php\/espaco-experimental\/conheca-o-espaco-experimental\/\" \/>\n<meta property=\"og:locale\" content=\"pt_BR\" \/>\n<meta property=\"og:type\" content=\"article\" \/>\n<meta property=\"og:title\" content=\"Conhe\u00e7a o Espa\u00e7o Experimental - Radio Web UFPA\" \/>\n<meta property=\"og:description\" content=\"O Espa\u00e7o Experimental abriu as portas para toda a comunidade acad\u00eamica da UFPA. Envie sua proposta e veja seu programa no ar na R\u00e1dio Web!\" \/>\n<meta property=\"og:url\" content=\"https:\/\/radio.ufpa.br\/index.php\/espaco-experimental\/conheca-o-espaco-experimental\/\" \/>\n<meta property=\"og:site_name\" content=\"Radio Web UFPA\" \/>\n<meta property=\"article:publisher\" content=\"https:\/\/www.facebook.com\/radiowebufpa\" \/>\n<meta property=\"article:published_time\" content=\"2026-01-19T17:31:44+00:00\" \/>\n<meta property=\"article:modified_time\" content=\"2026-01-19T17:31:46+00:00\" \/>\n<meta property=\"og:image\" content=\"https:\/\/radio.ufpa.br\/wp-content\/uploads\/2026\/01\/ARTE-ESPACO-EXPERIMENTAL.png\" \/>\n\t<meta property=\"og:image:width\" content=\"1280\" \/>\n\t<meta property=\"og:image:height\" content=\"1199\" \/>\n\t<meta property=\"og:image:type\" content=\"image\/png\" \/>\n<meta name=\"author\" content=\"Breno Reis\" \/>\n<meta name=\"twitter:card\" content=\"summary_large_image\" \/>\n<meta name=\"twitter:creator\" content=\"@radiowebufpa\" \/>\n<meta name=\"twitter:site\" content=\"@radiowebufpa\" \/>\n<meta name=\"twitter:label1\" content=\"Escrito por\" \/>\n\t<meta name=\"twitter:data1\" content=\"Breno Reis\" \/>\n\t<meta name=\"twitter:label2\" content=\"Est. tempo de leitura\" \/>\n\t<meta name=\"twitter:data2\" content=\"2 minutos\" \/>\n<script type=\"application\/ld+json\" class=\"yoast-schema-graph\">{\"@context\":\"https:\/\/schema.org\",\"@graph\":[{\"@type\":\"Article\",\"@id\":\"https:\/\/radio.ufpa.br\/index.php\/espaco-experimental\/conheca-o-espaco-experimental\/#article\",\"isPartOf\":{\"@id\":\"https:\/\/radio.ufpa.br\/index.php\/espaco-experimental\/conheca-o-espaco-experimental\/\"},\"author\":{\"name\":\"Breno Reis\",\"@id\":\"https:\/\/radio.ufpa.br\/#\/schema\/person\/2c4d3406862fd7a1a97bf1f12026b045\"},\"headline\":\"Conhe\u00e7a o Espa\u00e7o Experimental\",\"datePublished\":\"2026-01-19T17:31:44+00:00\",\"dateModified\":\"2026-01-19T17:31:46+00:00\",\"mainEntityOfPage\":{\"@id\":\"https:\/\/radio.ufpa.br\/index.php\/espaco-experimental\/conheca-o-espaco-experimental\/\"},\"wordCount\":269,\"commentCount\":0,\"publisher\":{\"@id\":\"https:\/\/radio.ufpa.br\/#organization\"},\"image\":{\"@id\":\"https:\/\/radio.ufpa.br\/index.php\/espaco-experimental\/conheca-o-espaco-experimental\/#primaryimage\"},\"thumbnailUrl\":\"https:\/\/i0.wp.com\/radio.ufpa.br\/wp-content\/uploads\/2026\/01\/ARTE-ESPACO-EXPERIMENTAL.png?fit=1280%2C1199&ssl=1\",\"articleSection\":[\"Espa\u00e7o Experimental\"],\"inLanguage\":\"pt-BR\",\"potentialAction\":[{\"@type\":\"CommentAction\",\"name\":\"Comment\",\"target\":[\"https:\/\/radio.ufpa.br\/index.php\/espaco-experimental\/conheca-o-espaco-experimental\/#respond\"]}]},{\"@type\":\"WebPage\",\"@id\":\"https:\/\/radio.ufpa.br\/index.php\/espaco-experimental\/conheca-o-espaco-experimental\/\",\"url\":\"https:\/\/radio.ufpa.br\/index.php\/espaco-experimental\/conheca-o-espaco-experimental\/\",\"name\":\"Conhe\u00e7a o Espa\u00e7o Experimental - Radio Web UFPA\",\"isPartOf\":{\"@id\":\"https:\/\/radio.ufpa.br\/#website\"},\"primaryImageOfPage\":{\"@id\":\"https:\/\/radio.ufpa.br\/index.php\/espaco-experimental\/conheca-o-espaco-experimental\/#primaryimage\"},\"image\":{\"@id\":\"https:\/\/radio.ufpa.br\/index.php\/espaco-experimental\/conheca-o-espaco-experimental\/#primaryimage\"},\"thumbnailUrl\":\"https:\/\/i0.wp.com\/radio.ufpa.br\/wp-content\/uploads\/2026\/01\/ARTE-ESPACO-EXPERIMENTAL.png?fit=1280%2C1199&ssl=1\",\"datePublished\":\"2026-01-19T17:31:44+00:00\",\"dateModified\":\"2026-01-19T17:31:46+00:00\",\"description\":\"O Espa\u00e7o Experimental abriu as portas para toda a comunidade acad\u00eamica da UFPA. Envie sua proposta e veja seu programa no ar na R\u00e1dio Web!\",\"breadcrumb\":{\"@id\":\"https:\/\/radio.ufpa.br\/index.php\/espaco-experimental\/conheca-o-espaco-experimental\/#breadcrumb\"},\"inLanguage\":\"pt-BR\",\"potentialAction\":[{\"@type\":\"ReadAction\",\"target\":[\"https:\/\/radio.ufpa.br\/index.php\/espaco-experimental\/conheca-o-espaco-experimental\/\"]}]},{\"@type\":\"ImageObject\",\"inLanguage\":\"pt-BR\",\"@id\":\"https:\/\/radio.ufpa.br\/index.php\/espaco-experimental\/conheca-o-espaco-experimental\/#primaryimage\",\"url\":\"https:\/\/i0.wp.com\/radio.ufpa.br\/wp-content\/uploads\/2026\/01\/ARTE-ESPACO-EXPERIMENTAL.png?fit=1280%2C1199&ssl=1\",\"contentUrl\":\"https:\/\/i0.wp.com\/radio.ufpa.br\/wp-content\/uploads\/2026\/01\/ARTE-ESPACO-EXPERIMENTAL.png?fit=1280%2C1199&ssl=1\",\"width\":1280,\"height\":1199},{\"@type\":\"BreadcrumbList\",\"@id\":\"https:\/\/radio.ufpa.br\/index.php\/espaco-experimental\/conheca-o-espaco-experimental\/#breadcrumb\",\"itemListElement\":[{\"@type\":\"ListItem\",\"position\":1,\"name\":\"In\u00edcio\",\"item\":\"https:\/\/radio.ufpa.br\/\"},{\"@type\":\"ListItem\",\"position\":2,\"name\":\"Conhe\u00e7a o Espa\u00e7o Experimental\"}]},{\"@type\":\"WebSite\",\"@id\":\"https:\/\/radio.ufpa.br\/#website\",\"url\":\"https:\/\/radio.ufpa.br\/\",\"name\":\"Radio Web UFPA\",\"description\":\"Divulgando o conhecimento\",\"publisher\":{\"@id\":\"https:\/\/radio.ufpa.br\/#organization\"},\"potentialAction\":[{\"@type\":\"SearchAction\",\"target\":{\"@type\":\"EntryPoint\",\"urlTemplate\":\"https:\/\/radio.ufpa.br\/?s={search_term_string}\"},\"query-input\":{\"@type\":\"PropertyValueSpecification\",\"valueRequired\":true,\"valueName\":\"search_term_string\"}}],\"inLanguage\":\"pt-BR\"},{\"@type\":\"Organization\",\"@id\":\"https:\/\/radio.ufpa.br\/#organization\",\"name\":\"UNIVERSIDADE FEDERAL DO PAR\u00c1-R\u00c1DIO WEB UFPA\",\"url\":\"https:\/\/radio.ufpa.br\/\",\"logo\":{\"@type\":\"ImageObject\",\"inLanguage\":\"pt-BR\",\"@id\":\"https:\/\/radio.ufpa.br\/#\/schema\/logo\/image\/\",\"url\":\"https:\/\/i0.wp.com\/radio.ufpa.br\/wp-content\/uploads\/2025\/12\/images-removebg-preview.png?fit=417%2C121&ssl=1\",\"contentUrl\":\"https:\/\/i0.wp.com\/radio.ufpa.br\/wp-content\/uploads\/2025\/12\/images-removebg-preview.png?fit=417%2C121&ssl=1\",\"width\":417,\"height\":121,\"caption\":\"UNIVERSIDADE FEDERAL DO PAR\u00c1-R\u00c1DIO WEB UFPA\"},\"image\":{\"@id\":\"https:\/\/radio.ufpa.br\/#\/schema\/logo\/image\/\"},\"sameAs\":[\"https:\/\/www.facebook.com\/radiowebufpa\",\"https:\/\/x.com\/radiowebufpa\",\"https:\/\/www.instagram.com\/radiowebufpa\/\",\"https:\/\/www.youtube.com\/user\/RadioWebUFP4\"]},{\"@type\":\"Person\",\"@id\":\"https:\/\/radio.ufpa.br\/#\/schema\/person\/2c4d3406862fd7a1a97bf1f12026b045\",\"name\":\"Breno Reis\",\"image\":{\"@type\":\"ImageObject\",\"inLanguage\":\"pt-BR\",\"@id\":\"https:\/\/radio.ufpa.br\/#\/schema\/person\/image\/\",\"url\":\"https:\/\/secure.gravatar.com\/avatar\/a13cc65d03be8759bc16b100e911111f?s=96&d=mm&r=g\",\"contentUrl\":\"https:\/\/secure.gravatar.com\/avatar\/a13cc65d03be8759bc16b100e911111f?s=96&d=mm&r=g\",\"caption\":\"Breno Reis\"},\"url\":\"https:\/\/radio.ufpa.br\/index.php\/author\/breno\/\"}]}<\/script>\n<!-- \/ Yoast SEO plugin. -->","yoast_head_json":{"title":"Conhe\u00e7a o Espa\u00e7o Experimental - Radio Web UFPA","description":"O Espa\u00e7o Experimental abriu as portas para toda a comunidade acad\u00eamica da UFPA. Envie sua proposta e veja seu programa no ar na R\u00e1dio Web!","robots":{"index":"index","follow":"follow","max-snippet":"max-snippet:-1","max-image-preview":"max-image-preview:large","max-video-preview":"max-video-preview:-1"},"canonical":"https:\/\/radio.ufpa.br\/index.php\/espaco-experimental\/conheca-o-espaco-experimental\/","og_locale":"pt_BR","og_type":"article","og_title":"Conhe\u00e7a o Espa\u00e7o Experimental - Radio Web UFPA","og_description":"O Espa\u00e7o Experimental abriu as portas para toda a comunidade acad\u00eamica da UFPA. Envie sua proposta e veja seu programa no ar na R\u00e1dio Web!","og_url":"https:\/\/radio.ufpa.br\/index.php\/espaco-experimental\/conheca-o-espaco-experimental\/","og_site_name":"Radio Web UFPA","article_publisher":"https:\/\/www.facebook.com\/radiowebufpa","article_published_time":"2026-01-19T17:31:44+00:00","article_modified_time":"2026-01-19T17:31:46+00:00","og_image":[{"width":1280,"height":1199,"url":"https:\/\/radio.ufpa.br\/wp-content\/uploads\/2026\/01\/ARTE-ESPACO-EXPERIMENTAL.png","type":"image\/png"}],"author":"Breno Reis","twitter_card":"summary_large_image","twitter_creator":"@radiowebufpa","twitter_site":"@radiowebufpa","twitter_misc":{"Escrito por":"Breno Reis","Est. tempo de leitura":"2 minutos"},"schema":{"@context":"https:\/\/schema.org","@graph":[{"@type":"Article","@id":"https:\/\/radio.ufpa.br\/index.php\/espaco-experimental\/conheca-o-espaco-experimental\/#article","isPartOf":{"@id":"https:\/\/radio.ufpa.br\/index.php\/espaco-experimental\/conheca-o-espaco-experimental\/"},"author":{"name":"Breno Reis","@id":"https:\/\/radio.ufpa.br\/#\/schema\/person\/2c4d3406862fd7a1a97bf1f12026b045"},"headline":"Conhe\u00e7a o Espa\u00e7o Experimental","datePublished":"2026-01-19T17:31:44+00:00","dateModified":"2026-01-19T17:31:46+00:00","mainEntityOfPage":{"@id":"https:\/\/radio.ufpa.br\/index.php\/espaco-experimental\/conheca-o-espaco-experimental\/"},"wordCount":269,"commentCount":0,"publisher":{"@id":"https:\/\/radio.ufpa.br\/#organization"},"image":{"@id":"https:\/\/radio.ufpa.br\/index.php\/espaco-experimental\/conheca-o-espaco-experimental\/#primaryimage"},"thumbnailUrl":"https:\/\/i0.wp.com\/radio.ufpa.br\/wp-content\/uploads\/2026\/01\/ARTE-ESPACO-EXPERIMENTAL.png?fit=1280%2C1199&ssl=1","articleSection":["Espa\u00e7o Experimental"],"inLanguage":"pt-BR","potentialAction":[{"@type":"CommentAction","name":"Comment","target":["https:\/\/radio.ufpa.br\/index.php\/espaco-experimental\/conheca-o-espaco-experimental\/#respond"]}]},{"@type":"WebPage","@id":"https:\/\/radio.ufpa.br\/index.php\/espaco-experimental\/conheca-o-espaco-experimental\/","url":"https:\/\/radio.ufpa.br\/index.php\/espaco-experimental\/conheca-o-espaco-experimental\/","name":"Conhe\u00e7a o Espa\u00e7o Experimental - Radio Web UFPA","isPartOf":{"@id":"https:\/\/radio.ufpa.br\/#website"},"primaryImageOfPage":{"@id":"https:\/\/radio.ufpa.br\/index.php\/espaco-experimental\/conheca-o-espaco-experimental\/#primaryimage"},"image":{"@id":"https:\/\/radio.ufpa.br\/index.php\/espaco-experimental\/conheca-o-espaco-experimental\/#primaryimage"},"thumbnailUrl":"https:\/\/i0.wp.com\/radio.ufpa.br\/wp-content\/uploads\/2026\/01\/ARTE-ESPACO-EXPERIMENTAL.png?fit=1280%2C1199&ssl=1","datePublished":"2026-01-19T17:31:44+00:00","dateModified":"2026-01-19T17:31:46+00:00","description":"O Espa\u00e7o Experimental abriu as portas para toda a comunidade acad\u00eamica da UFPA. Envie sua proposta e veja seu programa no ar na R\u00e1dio Web!","breadcrumb":{"@id":"https:\/\/radio.ufpa.br\/index.php\/espaco-experimental\/conheca-o-espaco-experimental\/#breadcrumb"},"inLanguage":"pt-BR","potentialAction":[{"@type":"ReadAction","target":["https:\/\/radio.ufpa.br\/index.php\/espaco-experimental\/conheca-o-espaco-experimental\/"]}]},{"@type":"ImageObject","inLanguage":"pt-BR","@id":"https:\/\/radio.ufpa.br\/index.php\/espaco-experimental\/conheca-o-espaco-experimental\/#primaryimage","url":"https:\/\/i0.wp.com\/radio.ufpa.br\/wp-content\/uploads\/2026\/01\/ARTE-ESPACO-EXPERIMENTAL.png?fit=1280%2C1199&ssl=1","contentUrl":"https:\/\/i0.wp.com\/radio.ufpa.br\/wp-content\/uploads\/2026\/01\/ARTE-ESPACO-EXPERIMENTAL.png?fit=1280%2C1199&ssl=1","width":1280,"height":1199},{"@type":"BreadcrumbList","@id":"https:\/\/radio.ufpa.br\/index.php\/espaco-experimental\/conheca-o-espaco-experimental\/#breadcrumb","itemListElement":[{"@type":"ListItem","position":1,"name":"In\u00edcio","item":"https:\/\/radio.ufpa.br\/"},{"@type":"ListItem","position":2,"name":"Conhe\u00e7a o Espa\u00e7o Experimental"}]},{"@type":"WebSite","@id":"https:\/\/radio.ufpa.br\/#website","url":"https:\/\/radio.ufpa.br\/","name":"Radio Web UFPA","description":"Divulgando o conhecimento","publisher":{"@id":"https:\/\/radio.ufpa.br\/#organization"},"potentialAction":[{"@type":"SearchAction","target":{"@type":"EntryPoint","urlTemplate":"https:\/\/radio.ufpa.br\/?s={search_term_string}"},"query-input":{"@type":"PropertyValueSpecification","valueRequired":true,"valueName":"search_term_string"}}],"inLanguage":"pt-BR"},{"@type":"Organization","@id":"https:\/\/radio.ufpa.br\/#organization","name":"UNIVERSIDADE FEDERAL DO PAR\u00c1-R\u00c1DIO WEB UFPA","url":"https:\/\/radio.ufpa.br\/","logo":{"@type":"ImageObject","inLanguage":"pt-BR","@id":"https:\/\/radio.ufpa.br\/#\/schema\/logo\/image\/","url":"https:\/\/i0.wp.com\/radio.ufpa.br\/wp-content\/uploads\/2025\/12\/images-removebg-preview.png?fit=417%2C121&ssl=1","contentUrl":"https:\/\/i0.wp.com\/radio.ufpa.br\/wp-content\/uploads\/2025\/12\/images-removebg-preview.png?fit=417%2C121&ssl=1","width":417,"height":121,"caption":"UNIVERSIDADE FEDERAL DO PAR\u00c1-R\u00c1DIO WEB UFPA"},"image":{"@id":"https:\/\/radio.ufpa.br\/#\/schema\/logo\/image\/"},"sameAs":["https:\/\/www.facebook.com\/radiowebufpa","https:\/\/x.com\/radiowebufpa","https:\/\/www.instagram.com\/radiowebufpa\/","https:\/\/www.youtube.com\/user\/RadioWebUFP4"]},{"@type":"Person","@id":"https:\/\/radio.ufpa.br\/#\/schema\/person\/2c4d3406862fd7a1a97bf1f12026b045","name":"Breno Reis","image":{"@type":"ImageObject","inLanguage":"pt-BR","@id":"https:\/\/radio.ufpa.br\/#\/schema\/person\/image\/","url":"https:\/\/secure.gravatar.com\/avatar\/a13cc65d03be8759bc16b100e911111f?s=96&d=mm&r=g","contentUrl":"https:\/\/secure.gravatar.com\/avatar\/a13cc65d03be8759bc16b100e911111f?s=96&d=mm&r=g","caption":"Breno Reis"},"url":"https:\/\/radio.ufpa.br\/index.php\/author\/breno\/"}]}},"jetpack_publicize_connections":[],"jetpack_featured_media_url":"https:\/\/i0.wp.com\/radio.ufpa.br\/wp-content\/uploads\/2026\/01\/ARTE-ESPACO-EXPERIMENTAL.png?fit=1280%2C1199&ssl=1","jetpack_shortlink":"https:\/\/wp.me\/p8TJeA-4K9","jetpack_likes_enabled":true,"jetpack-related-posts":[],"jetpack_sharing_enabled":true,"_links":{"self":[{"href":"https:\/\/radio.ufpa.br\/index.php\/wp-json\/wp\/v2\/posts\/18237","targetHints":{"allow":["GET"]}}],"collection":[{"href":"https:\/\/radio.ufpa.br\/index.php\/wp-json\/wp\/v2\/posts"}],"about":[{"href":"https:\/\/radio.ufpa.br\/index.php\/wp-json\/wp\/v2\/types\/post"}],"author":[{"embeddable":true,"href":"https:\/\/radio.ufpa.br\/index.php\/wp-json\/wp\/v2\/users\/25"}],"replies":[{"embeddable":true,"href":"https:\/\/radio.ufpa.br\/index.php\/wp-json\/wp\/v2\/comments?post=18237"}],"version-history":[{"count":1,"href":"https:\/\/radio.ufpa.br\/index.php\/wp-json\/wp\/v2\/posts\/18237\/revisions"}],"predecessor-version":[{"id":18239,"href":"https:\/\/radio.ufpa.br\/index.php\/wp-json\/wp\/v2\/posts\/18237\/revisions\/18239"}],"wp:featuredmedia":[{"embeddable":true,"href":"https:\/\/radio.ufpa.br\/index.php\/wp-json\/wp\/v2\/media\/18238"}],"wp:attachment":[{"href":"https:\/\/radio.ufpa.br\/index.php\/wp-json\/wp\/v2\/media?parent=18237"}],"wp:term":[{"taxonomy":"category","embeddable":true,"href":"https:\/\/radio.ufpa.br\/index.php\/wp-json\/wp\/v2\/categories?post=18237"},{"taxonomy":"post_tag","embeddable":true,"href":"https:\/\/radio.ufpa.br\/index.php\/wp-json\/wp\/v2\/tags?post=18237"}],"curies":[{"name":"wp","href":"https:\/\/api.w.org\/{rel}","templated":true}]}}