{"id":213,"date":"2017-02-22T09:24:12","date_gmt":"2017-02-22T12:24:12","guid":{"rendered":"http:\/\/radio.ufpa.br\/?p=213"},"modified":"2017-09-15T15:47:25","modified_gmt":"2017-09-15T18:47:25","slug":"fruto-sensual","status":"publish","type":"post","link":"https:\/\/radio.ufpa.br\/index.php\/bate-papo-musical\/fruto-sensual\/","title":{"rendered":"Fruto Sensual"},"content":{"rendered":"<!--[if lt IE 9]><script>document.createElement('audio');<\/script><![endif]-->\n\t<div class=\"wp-playlist wp-audio-playlist wp-playlist-light\">\n\t\t\t<div class=\"wp-playlist-current-item\"><\/div>\n\t\t<audio controls=\"controls\" preload=\"none\" width=\"1178\"\n\t\t\t><\/audio>\n\t<div class=\"wp-playlist-next\"><\/div>\n\t<div class=\"wp-playlist-prev\"><\/div>\n\t<noscript>\n\t<ol>\n\t\t<li><a href='https:\/\/radio.ufpa.br\/wp-content\/uploads\/2017\/08\/BATE-PAPO%20MUSICAL%20-%20FRUTO%20SENSUAL%20-%2010.02.17.mp3'>Fruto Sensual<\/a><\/li>\t<\/ol>\n\t<\/noscript>\n\t<script type=\"application\/json\" class=\"wp-playlist-script\">{\"type\":\"audio\",\"tracklist\":true,\"tracknumbers\":true,\"images\":true,\"artists\":true,\"tracks\":[{\"src\":\"https:\\\/\\\/radio.ufpa.br\\\/wp-content\\\/uploads\\\/2017\\\/08\\\/BATE-PAPO MUSICAL - FRUTO SENSUAL - 10.02.17.mp3\",\"type\":\"audio\\\/mpeg\",\"title\":\"Fruto Sensual\",\"caption\":\"\",\"description\":\"\\\"BATE-PAPO MUSICAL - FRUTO SENSUAL - 10.02.17\\\".\",\"meta\":{\"artist\":\"R\\u00e1dio Web UFPA\",\"album\":\"Bate Papo Musical\",\"length_formatted\":\"40:30\"},\"image\":{\"src\":\"https:\\\/\\\/i0.wp.com\\\/radio.ufpa.br\\\/wp-content\\\/uploads\\\/2017\\\/06\\\/icon_batepapo_musical.png?fit=1481%2C1481&ssl=1\",\"width\":1481,\"height\":1481},\"thumb\":{\"src\":\"https:\\\/\\\/i0.wp.com\\\/radio.ufpa.br\\\/wp-content\\\/uploads\\\/2017\\\/06\\\/icon_batepapo_musical.png?resize=150%2C150&ssl=1\",\"width\":150,\"height\":150}}]}<\/script>\n<\/div>\n\t\n<p>O Bate-Papo Musical volta das f\u00e9rias em grande estilo. Neste m\u00eas voc\u00ea vai conhecer a linda trajet\u00f3ria de uma das bandas mais respeitadas bandas do estado: Fruto Sensual. Nos est\u00fadios da Radio Web UFPA, a jornalista Mel Pinheiro conversou com a vocalista e l\u00edder da banda, Valeria Paiva.<\/p>\n<p class=\"article-content clearfix\">A artista contou sobre sua trajet\u00f3ria na m\u00fasica desde quando ainda era crian\u00e7a, quando j\u00e1 cantava nas festas em sua cidade natal, Santa Isabel. Tamb\u00e9m falou do seu lado compositora. Conhecida como &#8220;A Rainha das Aparelhagens&#8221;, Val\u00e9ria escreve can\u00e7\u00f5es que enaltecem as aparelhagens de Bel\u00e9m e do interior do Par\u00e1.Recentemente a banda lan\u00e7ou seu 4\u00ba DVD, gravado em quatros cidades (Bel\u00e9m, Macap\u00e1, Abaetetuba e Santar\u00e9m) em comemora\u00e7\u00e3o aos 21 anos da Fruto Sensual. O repertorio do DVD traz os grandes sucessos que embalaram gera\u00e7\u00f5es e m\u00fasicas in\u00e9ditas, que voc\u00ea vai ouvir no ao longo deste programa especial.<\/p>\n","protected":false},"excerpt":{"rendered":"<p> &#8230; <a title=\"Fruto Sensual\" class=\"read-more\" href=\"https:\/\/radio.ufpa.br\/index.php\/bate-papo-musical\/fruto-sensual\/\" aria-label=\"Read more about Fruto Sensual\">Ler mais<\/a><\/p>\n","protected":false},"author":2,"featured_media":1766,"comment_status":"open","ping_status":"open","sticky":false,"template":"","format":"standard","meta":{"_acf_changed":false,"_exactmetrics_skip_tracking":false,"_exactmetrics_sitenote_active":false,"_exactmetrics_sitenote_note":"","_exactmetrics_sitenote_category":0,"_monsterinsights_skip_tracking":false,"_monsterinsights_sitenote_active":false,"_monsterinsights_sitenote_note":"","_monsterinsights_sitenote_category":0,"_uf_show_specific_survey":0,"_uf_disable_surveys":false,"jetpack_post_was_ever_published":false,"_jetpack_newsletter_access":"","_jetpack_dont_email_post_to_subs":false,"_jetpack_newsletter_tier_id":0,"_jetpack_memberships_contains_paywalled_content":false,"_jetpack_memberships_contains_paid_content":false,"footnotes":"","jetpack_publicize_message":"","jetpack_publicize_feature_enabled":true,"jetpack_social_post_already_shared":true,"jetpack_social_options":{"image_generator_settings":{"template":"highway","enabled":false},"version":2}},"categories":[5],"tags":[69],"class_list":["post-213","post","type-post","status-publish","format-standard","has-post-thumbnail","hentry","category-bate-papo-musical","tag-fruto-sensual"],"acf":[],"yoast_head":"<!-- This site is optimized with the Yoast SEO plugin v25.1 - https:\/\/yoast.com\/wordpress\/plugins\/seo\/ -->\n<title>Fruto Sensual - Radio Web UFPA<\/title>\n<meta name=\"robots\" content=\"index, follow, max-snippet:-1, max-image-preview:large, max-video-preview:-1\" \/>\n<link rel=\"canonical\" href=\"https:\/\/radio.ufpa.br\/index.php\/bate-papo-musical\/fruto-sensual\/\" \/>\n<meta property=\"og:locale\" content=\"pt_BR\" \/>\n<meta property=\"og:type\" content=\"article\" \/>\n<meta property=\"og:title\" content=\"Fruto Sensual\" \/>\n<meta property=\"og:description\" content=\"O Bate-Papo Musical volta das f\u00e9rias em grande estilo. Neste m\u00eas voc\u00ea vai conhecer a linda trajet\u00f3ria de uma das bandas mais respeitadas bandas do estado: Fruto Sensual. Nos est\u00fadios da Radio Web UFPA, a jornalista Mel Pinheiro conversou com a vocalista e l\u00edder da banda, Valeria Paiva.\" \/>\n<meta property=\"og:url\" content=\"https:\/\/radio.ufpa.br\/index.php\/bate-papo-musical\/fruto-sensual\/\" \/>\n<meta property=\"og:site_name\" content=\"Radio Web UFPA\" \/>\n<meta property=\"article:publisher\" content=\"https:\/\/www.facebook.com\/radiowebufpa\" \/>\n<meta property=\"article:published_time\" content=\"2017-02-22T12:24:12+00:00\" \/>\n<meta property=\"article:modified_time\" content=\"2017-09-15T18:47:25+00:00\" \/>\n<meta property=\"og:image\" content=\"http:\/\/radio.ufpa.br\/wp-content\/uploads\/2017\/08\/Fruto%20Sensual.jpg\" \/>\n<meta name=\"author\" content=\"Fabr\u00edcio Queiroz\" \/>\n<meta name=\"twitter:card\" content=\"summary_large_image\" \/>\n<meta name=\"twitter:creator\" content=\"@radiowebufpa\" \/>\n<meta name=\"twitter:site\" content=\"@radiowebufpa\" \/>\n<meta name=\"twitter:label1\" content=\"Escrito por\" \/>\n\t<meta name=\"twitter:data1\" content=\"Fabr\u00edcio Queiroz\" \/>\n\t<meta name=\"twitter:label2\" content=\"Est. tempo de leitura\" \/>\n\t<meta name=\"twitter:data2\" content=\"1 minuto\" \/>\n<script type=\"application\/ld+json\" class=\"yoast-schema-graph\">{\"@context\":\"https:\/\/schema.org\",\"@graph\":[{\"@type\":\"Article\",\"@id\":\"https:\/\/radio.ufpa.br\/index.php\/bate-papo-musical\/fruto-sensual\/#article\",\"isPartOf\":{\"@id\":\"https:\/\/radio.ufpa.br\/index.php\/bate-papo-musical\/fruto-sensual\/\"},\"author\":{\"name\":\"Fabr\u00edcio Queiroz\",\"@id\":\"https:\/\/radio.ufpa.br\/#\/schema\/person\/f3f139516982741ca0831359933ac096\"},\"headline\":\"Fruto Sensual\",\"datePublished\":\"2017-02-22T12:24:12+00:00\",\"dateModified\":\"2017-09-15T18:47:25+00:00\",\"mainEntityOfPage\":{\"@id\":\"https:\/\/radio.ufpa.br\/index.php\/bate-papo-musical\/fruto-sensual\/\"},\"wordCount\":167,\"commentCount\":0,\"publisher\":{\"@id\":\"https:\/\/radio.ufpa.br\/#organization\"},\"image\":{\"@id\":\"https:\/\/radio.ufpa.br\/index.php\/bate-papo-musical\/fruto-sensual\/#primaryimage\"},\"thumbnailUrl\":\"https:\/\/i0.wp.com\/radio.ufpa.br\/wp-content\/uploads\/2017\/08\/Fruto%20Sensual.jpg?fit=955%2C500&ssl=1\",\"keywords\":[\"Fruto Sensual\"],\"articleSection\":[\"Bate-papo Musical\"],\"inLanguage\":\"pt-BR\",\"potentialAction\":[{\"@type\":\"CommentAction\",\"name\":\"Comment\",\"target\":[\"https:\/\/radio.ufpa.br\/index.php\/bate-papo-musical\/fruto-sensual\/#respond\"]}]},{\"@type\":\"WebPage\",\"@id\":\"https:\/\/radio.ufpa.br\/index.php\/bate-papo-musical\/fruto-sensual\/\",\"url\":\"https:\/\/radio.ufpa.br\/index.php\/bate-papo-musical\/fruto-sensual\/\",\"name\":\"Fruto Sensual - Radio Web UFPA\",\"isPartOf\":{\"@id\":\"https:\/\/radio.ufpa.br\/#website\"},\"primaryImageOfPage\":{\"@id\":\"https:\/\/radio.ufpa.br\/index.php\/bate-papo-musical\/fruto-sensual\/#primaryimage\"},\"image\":{\"@id\":\"https:\/\/radio.ufpa.br\/index.php\/bate-papo-musical\/fruto-sensual\/#primaryimage\"},\"thumbnailUrl\":\"https:\/\/i0.wp.com\/radio.ufpa.br\/wp-content\/uploads\/2017\/08\/Fruto%20Sensual.jpg?fit=955%2C500&ssl=1\",\"datePublished\":\"2017-02-22T12:24:12+00:00\",\"dateModified\":\"2017-09-15T18:47:25+00:00\",\"breadcrumb\":{\"@id\":\"https:\/\/radio.ufpa.br\/index.php\/bate-papo-musical\/fruto-sensual\/#breadcrumb\"},\"inLanguage\":\"pt-BR\",\"potentialAction\":[{\"@type\":\"ReadAction\",\"target\":[\"https:\/\/radio.ufpa.br\/index.php\/bate-papo-musical\/fruto-sensual\/\"]}]},{\"@type\":\"ImageObject\",\"inLanguage\":\"pt-BR\",\"@id\":\"https:\/\/radio.ufpa.br\/index.php\/bate-papo-musical\/fruto-sensual\/#primaryimage\",\"url\":\"https:\/\/i0.wp.com\/radio.ufpa.br\/wp-content\/uploads\/2017\/08\/Fruto%20Sensual.jpg?fit=955%2C500&ssl=1\",\"contentUrl\":\"https:\/\/i0.wp.com\/radio.ufpa.br\/wp-content\/uploads\/2017\/08\/Fruto%20Sensual.jpg?fit=955%2C500&ssl=1\",\"width\":955,\"height\":500},{\"@type\":\"BreadcrumbList\",\"@id\":\"https:\/\/radio.ufpa.br\/index.php\/bate-papo-musical\/fruto-sensual\/#breadcrumb\",\"itemListElement\":[{\"@type\":\"ListItem\",\"position\":1,\"name\":\"In\u00edcio\",\"item\":\"https:\/\/radio.ufpa.br\/\"},{\"@type\":\"ListItem\",\"position\":2,\"name\":\"Fruto Sensual\"}]},{\"@type\":\"WebSite\",\"@id\":\"https:\/\/radio.ufpa.br\/#website\",\"url\":\"https:\/\/radio.ufpa.br\/\",\"name\":\"Radio Web UFPA\",\"description\":\"Divulgando o conhecimento\",\"publisher\":{\"@id\":\"https:\/\/radio.ufpa.br\/#organization\"},\"potentialAction\":[{\"@type\":\"SearchAction\",\"target\":{\"@type\":\"EntryPoint\",\"urlTemplate\":\"https:\/\/radio.ufpa.br\/?s={search_term_string}\"},\"query-input\":{\"@type\":\"PropertyValueSpecification\",\"valueRequired\":true,\"valueName\":\"search_term_string\"}}],\"inLanguage\":\"pt-BR\"},{\"@type\":\"Organization\",\"@id\":\"https:\/\/radio.ufpa.br\/#organization\",\"name\":\"UNIVERSIDADE FEDERAL DO PAR\u00c1-R\u00c1DIO WEB UFPA\",\"url\":\"https:\/\/radio.ufpa.br\/\",\"logo\":{\"@type\":\"ImageObject\",\"inLanguage\":\"pt-BR\",\"@id\":\"https:\/\/radio.ufpa.br\/#\/schema\/logo\/image\/\",\"url\":\"https:\/\/i0.wp.com\/radio.ufpa.br\/wp-content\/uploads\/2025\/12\/images-removebg-preview.png?fit=417%2C121&ssl=1\",\"contentUrl\":\"https:\/\/i0.wp.com\/radio.ufpa.br\/wp-content\/uploads\/2025\/12\/images-removebg-preview.png?fit=417%2C121&ssl=1\",\"width\":417,\"height\":121,\"caption\":\"UNIVERSIDADE FEDERAL DO PAR\u00c1-R\u00c1DIO WEB UFPA\"},\"image\":{\"@id\":\"https:\/\/radio.ufpa.br\/#\/schema\/logo\/image\/\"},\"sameAs\":[\"https:\/\/www.facebook.com\/radiowebufpa\",\"https:\/\/x.com\/radiowebufpa\",\"https:\/\/www.instagram.com\/radiowebufpa\/\",\"https:\/\/www.youtube.com\/user\/RadioWebUFP4\"]},{\"@type\":\"Person\",\"@id\":\"https:\/\/radio.ufpa.br\/#\/schema\/person\/f3f139516982741ca0831359933ac096\",\"name\":\"Fabr\u00edcio Queiroz\",\"image\":{\"@type\":\"ImageObject\",\"inLanguage\":\"pt-BR\",\"@id\":\"https:\/\/radio.ufpa.br\/#\/schema\/person\/image\/\",\"url\":\"https:\/\/secure.gravatar.com\/avatar\/16286edb2cee888d704ce74385081b7f?s=96&d=mm&r=g\",\"contentUrl\":\"https:\/\/secure.gravatar.com\/avatar\/16286edb2cee888d704ce74385081b7f?s=96&d=mm&r=g\",\"caption\":\"Fabr\u00edcio Queiroz\"},\"description\":\"Editor e Jornalista respons\u00e1vel\",\"url\":\"https:\/\/radio.ufpa.br\/index.php\/author\/fabricio\/\"}]}<\/script>\n<!-- \/ Yoast SEO plugin. -->","yoast_head_json":{"title":"Fruto Sensual - Radio Web UFPA","robots":{"index":"index","follow":"follow","max-snippet":"max-snippet:-1","max-image-preview":"max-image-preview:large","max-video-preview":"max-video-preview:-1"},"canonical":"https:\/\/radio.ufpa.br\/index.php\/bate-papo-musical\/fruto-sensual\/","og_locale":"pt_BR","og_type":"article","og_title":"Fruto Sensual","og_description":"O Bate-Papo Musical volta das f\u00e9rias em grande estilo. Neste m\u00eas voc\u00ea vai conhecer a linda trajet\u00f3ria de uma das bandas mais respeitadas bandas do estado: Fruto Sensual. Nos est\u00fadios da Radio Web UFPA, a jornalista Mel Pinheiro conversou com a vocalista e l\u00edder da banda, Valeria Paiva.","og_url":"https:\/\/radio.ufpa.br\/index.php\/bate-papo-musical\/fruto-sensual\/","og_site_name":"Radio Web UFPA","article_publisher":"https:\/\/www.facebook.com\/radiowebufpa","article_published_time":"2017-02-22T12:24:12+00:00","article_modified_time":"2017-09-15T18:47:25+00:00","og_image":[{"url":"http:\/\/radio.ufpa.br\/wp-content\/uploads\/2017\/08\/Fruto%20Sensual.jpg","type":"","width":"","height":""}],"author":"Fabr\u00edcio Queiroz","twitter_card":"summary_large_image","twitter_creator":"@radiowebufpa","twitter_site":"@radiowebufpa","twitter_misc":{"Escrito por":"Fabr\u00edcio Queiroz","Est. tempo de leitura":"1 minuto"},"schema":{"@context":"https:\/\/schema.org","@graph":[{"@type":"Article","@id":"https:\/\/radio.ufpa.br\/index.php\/bate-papo-musical\/fruto-sensual\/#article","isPartOf":{"@id":"https:\/\/radio.ufpa.br\/index.php\/bate-papo-musical\/fruto-sensual\/"},"author":{"name":"Fabr\u00edcio Queiroz","@id":"https:\/\/radio.ufpa.br\/#\/schema\/person\/f3f139516982741ca0831359933ac096"},"headline":"Fruto Sensual","datePublished":"2017-02-22T12:24:12+00:00","dateModified":"2017-09-15T18:47:25+00:00","mainEntityOfPage":{"@id":"https:\/\/radio.ufpa.br\/index.php\/bate-papo-musical\/fruto-sensual\/"},"wordCount":167,"commentCount":0,"publisher":{"@id":"https:\/\/radio.ufpa.br\/#organization"},"image":{"@id":"https:\/\/radio.ufpa.br\/index.php\/bate-papo-musical\/fruto-sensual\/#primaryimage"},"thumbnailUrl":"https:\/\/i0.wp.com\/radio.ufpa.br\/wp-content\/uploads\/2017\/08\/Fruto%20Sensual.jpg?fit=955%2C500&ssl=1","keywords":["Fruto Sensual"],"articleSection":["Bate-papo Musical"],"inLanguage":"pt-BR","potentialAction":[{"@type":"CommentAction","name":"Comment","target":["https:\/\/radio.ufpa.br\/index.php\/bate-papo-musical\/fruto-sensual\/#respond"]}]},{"@type":"WebPage","@id":"https:\/\/radio.ufpa.br\/index.php\/bate-papo-musical\/fruto-sensual\/","url":"https:\/\/radio.ufpa.br\/index.php\/bate-papo-musical\/fruto-sensual\/","name":"Fruto Sensual - Radio Web UFPA","isPartOf":{"@id":"https:\/\/radio.ufpa.br\/#website"},"primaryImageOfPage":{"@id":"https:\/\/radio.ufpa.br\/index.php\/bate-papo-musical\/fruto-sensual\/#primaryimage"},"image":{"@id":"https:\/\/radio.ufpa.br\/index.php\/bate-papo-musical\/fruto-sensual\/#primaryimage"},"thumbnailUrl":"https:\/\/i0.wp.com\/radio.ufpa.br\/wp-content\/uploads\/2017\/08\/Fruto%20Sensual.jpg?fit=955%2C500&ssl=1","datePublished":"2017-02-22T12:24:12+00:00","dateModified":"2017-09-15T18:47:25+00:00","breadcrumb":{"@id":"https:\/\/radio.ufpa.br\/index.php\/bate-papo-musical\/fruto-sensual\/#breadcrumb"},"inLanguage":"pt-BR","potentialAction":[{"@type":"ReadAction","target":["https:\/\/radio.ufpa.br\/index.php\/bate-papo-musical\/fruto-sensual\/"]}]},{"@type":"ImageObject","inLanguage":"pt-BR","@id":"https:\/\/radio.ufpa.br\/index.php\/bate-papo-musical\/fruto-sensual\/#primaryimage","url":"https:\/\/i0.wp.com\/radio.ufpa.br\/wp-content\/uploads\/2017\/08\/Fruto%20Sensual.jpg?fit=955%2C500&ssl=1","contentUrl":"https:\/\/i0.wp.com\/radio.ufpa.br\/wp-content\/uploads\/2017\/08\/Fruto%20Sensual.jpg?fit=955%2C500&ssl=1","width":955,"height":500},{"@type":"BreadcrumbList","@id":"https:\/\/radio.ufpa.br\/index.php\/bate-papo-musical\/fruto-sensual\/#breadcrumb","itemListElement":[{"@type":"ListItem","position":1,"name":"In\u00edcio","item":"https:\/\/radio.ufpa.br\/"},{"@type":"ListItem","position":2,"name":"Fruto Sensual"}]},{"@type":"WebSite","@id":"https:\/\/radio.ufpa.br\/#website","url":"https:\/\/radio.ufpa.br\/","name":"Radio Web UFPA","description":"Divulgando o conhecimento","publisher":{"@id":"https:\/\/radio.ufpa.br\/#organization"},"potentialAction":[{"@type":"SearchAction","target":{"@type":"EntryPoint","urlTemplate":"https:\/\/radio.ufpa.br\/?s={search_term_string}"},"query-input":{"@type":"PropertyValueSpecification","valueRequired":true,"valueName":"search_term_string"}}],"inLanguage":"pt-BR"},{"@type":"Organization","@id":"https:\/\/radio.ufpa.br\/#organization","name":"UNIVERSIDADE FEDERAL DO PAR\u00c1-R\u00c1DIO WEB UFPA","url":"https:\/\/radio.ufpa.br\/","logo":{"@type":"ImageObject","inLanguage":"pt-BR","@id":"https:\/\/radio.ufpa.br\/#\/schema\/logo\/image\/","url":"https:\/\/i0.wp.com\/radio.ufpa.br\/wp-content\/uploads\/2025\/12\/images-removebg-preview.png?fit=417%2C121&ssl=1","contentUrl":"https:\/\/i0.wp.com\/radio.ufpa.br\/wp-content\/uploads\/2025\/12\/images-removebg-preview.png?fit=417%2C121&ssl=1","width":417,"height":121,"caption":"UNIVERSIDADE FEDERAL DO PAR\u00c1-R\u00c1DIO WEB UFPA"},"image":{"@id":"https:\/\/radio.ufpa.br\/#\/schema\/logo\/image\/"},"sameAs":["https:\/\/www.facebook.com\/radiowebufpa","https:\/\/x.com\/radiowebufpa","https:\/\/www.instagram.com\/radiowebufpa\/","https:\/\/www.youtube.com\/user\/RadioWebUFP4"]},{"@type":"Person","@id":"https:\/\/radio.ufpa.br\/#\/schema\/person\/f3f139516982741ca0831359933ac096","name":"Fabr\u00edcio Queiroz","image":{"@type":"ImageObject","inLanguage":"pt-BR","@id":"https:\/\/radio.ufpa.br\/#\/schema\/person\/image\/","url":"https:\/\/secure.gravatar.com\/avatar\/16286edb2cee888d704ce74385081b7f?s=96&d=mm&r=g","contentUrl":"https:\/\/secure.gravatar.com\/avatar\/16286edb2cee888d704ce74385081b7f?s=96&d=mm&r=g","caption":"Fabr\u00edcio Queiroz"},"description":"Editor e Jornalista respons\u00e1vel","url":"https:\/\/radio.ufpa.br\/index.php\/author\/fabricio\/"}]}},"jetpack_publicize_connections":[],"jetpack_featured_media_url":"https:\/\/i0.wp.com\/radio.ufpa.br\/wp-content\/uploads\/2017\/08\/Fruto%20Sensual.jpg?fit=955%2C500&ssl=1","jetpack_shortlink":"https:\/\/wp.me\/p8TJeA-3r","jetpack_likes_enabled":true,"jetpack-related-posts":[],"jetpack_sharing_enabled":true,"_links":{"self":[{"href":"https:\/\/radio.ufpa.br\/index.php\/wp-json\/wp\/v2\/posts\/213","targetHints":{"allow":["GET"]}}],"collection":[{"href":"https:\/\/radio.ufpa.br\/index.php\/wp-json\/wp\/v2\/posts"}],"about":[{"href":"https:\/\/radio.ufpa.br\/index.php\/wp-json\/wp\/v2\/types\/post"}],"author":[{"embeddable":true,"href":"https:\/\/radio.ufpa.br\/index.php\/wp-json\/wp\/v2\/users\/2"}],"replies":[{"embeddable":true,"href":"https:\/\/radio.ufpa.br\/index.php\/wp-json\/wp\/v2\/comments?post=213"}],"version-history":[{"count":4,"href":"https:\/\/radio.ufpa.br\/index.php\/wp-json\/wp\/v2\/posts\/213\/revisions"}],"predecessor-version":[{"id":1769,"href":"https:\/\/radio.ufpa.br\/index.php\/wp-json\/wp\/v2\/posts\/213\/revisions\/1769"}],"wp:featuredmedia":[{"embeddable":true,"href":"https:\/\/radio.ufpa.br\/index.php\/wp-json\/wp\/v2\/media\/1766"}],"wp:attachment":[{"href":"https:\/\/radio.ufpa.br\/index.php\/wp-json\/wp\/v2\/media?parent=213"}],"wp:term":[{"taxonomy":"category","embeddable":true,"href":"https:\/\/radio.ufpa.br\/index.php\/wp-json\/wp\/v2\/categories?post=213"},{"taxonomy":"post_tag","embeddable":true,"href":"https:\/\/radio.ufpa.br\/index.php\/wp-json\/wp\/v2\/tags?post=213"}],"curies":[{"name":"wp","href":"https:\/\/api.w.org\/{rel}","templated":true}]}}