{"id":227,"date":"2017-05-05T09:29:29","date_gmt":"2017-05-05T12:29:29","guid":{"rendered":"http:\/\/radio.ufpa.br\/?p=227"},"modified":"2017-09-15T15:48:48","modified_gmt":"2017-09-15T18:48:48","slug":"lidia-belo","status":"publish","type":"post","link":"https:\/\/radio.ufpa.br\/index.php\/bate-papo-musical\/lidia-belo\/","title":{"rendered":"L\u00eddia Belo"},"content":{"rendered":"<!--[if lt IE 9]><script>document.createElement('audio');<\/script><![endif]-->\n\t<div class=\"wp-playlist wp-audio-playlist wp-playlist-light\">\n\t\t\t<div class=\"wp-playlist-current-item\"><\/div>\n\t\t<audio controls=\"controls\" preload=\"none\" width=\"1178\"\n\t\t\t><\/audio>\n\t<div class=\"wp-playlist-next\"><\/div>\n\t<div class=\"wp-playlist-prev\"><\/div>\n\t<noscript>\n\t<ol>\n\t\t<li><a href='https:\/\/radio.ufpa.br\/wp-content\/uploads\/2017\/02\/BATE-PAPO%20MUSICAL%20LIDIA%20BELO%20-%2005.05.17.mp3'>L\u00eddia Belo<\/a><\/li>\t<\/ol>\n\t<\/noscript>\n\t<script type=\"application\/json\" class=\"wp-playlist-script\">{\"type\":\"audio\",\"tracklist\":true,\"tracknumbers\":true,\"images\":true,\"artists\":true,\"tracks\":[{\"src\":\"https:\\\/\\\/radio.ufpa.br\\\/wp-content\\\/uploads\\\/2017\\\/02\\\/BATE-PAPO MUSICAL LIDIA BELO - 05.05.17.mp3\",\"type\":\"audio\\\/mpeg\",\"title\":\"L\\u00eddia Belo\",\"caption\":\"\",\"description\":\"\\\"BATE-PAPO MUSICAL LIDIA BELO - 05.05.17\\\". Genre: Other.\",\"meta\":{\"artist\":\"R\\u00e1dio Web UFPA\",\"album\":\"Bate Papo Musical\",\"genre\":\"Other\",\"length_formatted\":\"51:58\"},\"image\":{\"src\":\"https:\\\/\\\/i0.wp.com\\\/radio.ufpa.br\\\/wp-content\\\/uploads\\\/2017\\\/06\\\/icon_batepapo_musical.png?fit=1481%2C1481&ssl=1\",\"width\":1481,\"height\":1481},\"thumb\":{\"src\":\"https:\\\/\\\/i0.wp.com\\\/radio.ufpa.br\\\/wp-content\\\/uploads\\\/2017\\\/06\\\/icon_batepapo_musical.png?resize=150%2C150&ssl=1\",\"width\":150,\"height\":150}}]}<\/script>\n<\/div>\n\t\n<p>O Bate-Papo Musical deste m\u00eas \u00e9 com a cantora L\u00eddia Belo, que vem despontando no cen\u00e1rio musical paraense. Prestes a lan\u00e7ar seu primeiro \u00e1lbum &#8220;Deixa a Calmaria&#8221;, a cantora nos contou como foi sua trajet\u00f3ria at\u00e9 aqui, come\u00e7ando ainda na inf\u00e2ncia, quando, aos oito anos de idade, teve suas primeiras aulas de viol\u00e3o popular.<br \/>\nAl\u00e9m de int\u00e9rprete, L\u00eddia tamb\u00e9m comp\u00f5e suas can\u00e7\u00f5es desde a adolesc\u00eancia, quando participou de v\u00e1rios festivais com m\u00fasicas autorais. As influ\u00eancias da m\u00fasica brasileira e regional se refletem em seu repert\u00f3rio recheado com m\u00fasicas para todos os gostos.<\/p>\n<p>Conhe\u00e7a mais sobre a trajet\u00f3ria de L\u00eddia Belo neste bate-papo descontra\u00eddo, cheio ritmos e emo\u00e7\u00e3o. O programa vai ao ar nos seguintes dias e hor\u00e1rios:<\/p>\n","protected":false},"excerpt":{"rendered":"<p> &#8230; <a title=\"L\u00eddia Belo\" class=\"read-more\" href=\"https:\/\/radio.ufpa.br\/index.php\/bate-papo-musical\/lidia-belo\/\" aria-label=\"Read more about L\u00eddia Belo\">Ler mais<\/a><\/p>\n","protected":false},"author":2,"featured_media":1770,"comment_status":"open","ping_status":"open","sticky":false,"template":"","format":"standard","meta":{"_acf_changed":false,"_exactmetrics_skip_tracking":false,"_exactmetrics_sitenote_active":false,"_exactmetrics_sitenote_note":"","_exactmetrics_sitenote_category":0,"_monsterinsights_skip_tracking":false,"_monsterinsights_sitenote_active":false,"_monsterinsights_sitenote_note":"","_monsterinsights_sitenote_category":0,"_uf_show_specific_survey":0,"_uf_disable_surveys":false,"jetpack_post_was_ever_published":false,"_jetpack_newsletter_access":"","_jetpack_dont_email_post_to_subs":false,"_jetpack_newsletter_tier_id":0,"_jetpack_memberships_contains_paywalled_content":false,"_jetpack_memberships_contains_paid_content":false,"footnotes":"","jetpack_publicize_message":"","jetpack_publicize_feature_enabled":true,"jetpack_social_post_already_shared":true,"jetpack_social_options":{"image_generator_settings":{"template":"highway","enabled":false},"version":2}},"categories":[5],"tags":[78],"class_list":["post-227","post","type-post","status-publish","format-standard","has-post-thumbnail","hentry","category-bate-papo-musical","tag-lidia-belo"],"acf":[],"yoast_head":"<!-- This site is optimized with the Yoast SEO plugin v25.1 - https:\/\/yoast.com\/wordpress\/plugins\/seo\/ -->\n<title>L\u00eddia Belo - Radio Web UFPA<\/title>\n<meta name=\"robots\" content=\"index, follow, max-snippet:-1, max-image-preview:large, max-video-preview:-1\" \/>\n<link rel=\"canonical\" href=\"https:\/\/radio.ufpa.br\/index.php\/bate-papo-musical\/lidia-belo\/\" \/>\n<meta property=\"og:locale\" content=\"pt_BR\" \/>\n<meta property=\"og:type\" content=\"article\" \/>\n<meta property=\"og:title\" content=\"L\u00eddia Belo\" \/>\n<meta property=\"og:description\" content=\"O Bate-Papo Musical deste m\u00eas \u00e9 com a cantora L\u00eddia Belo, que vem despontando no cen\u00e1rio musical paraense. Prestes a lan\u00e7ar seu primeiro \u00e1lbum &quot;Deixa a Calmaria&quot;, a cantora nos contou como foi sua trajet\u00f3ria at\u00e9 aqui, come\u00e7ando ainda na inf\u00e2ncia, quando, aos oito anos de idade, teve suas primeiras aulas de viol\u00e3o popular. Al\u00e9m de int\u00e9rprete, L\u00eddia tamb\u00e9m comp\u00f5e suas can\u00e7\u00f5es desde a adolesc\u00eancia, quando participou de v\u00e1rios festivais com m\u00fasicas autorais. As influ\u00eancias da m\u00fasica brasileira e regional se refletem em seu repert\u00f3rio recheado com m\u00fasicas para todos os gostos.\" \/>\n<meta property=\"og:url\" content=\"https:\/\/radio.ufpa.br\/index.php\/bate-papo-musical\/lidia-belo\/\" \/>\n<meta property=\"og:site_name\" content=\"Radio Web UFPA\" \/>\n<meta property=\"article:publisher\" content=\"https:\/\/www.facebook.com\/radiowebufpa\" \/>\n<meta property=\"article:published_time\" content=\"2017-05-05T12:29:29+00:00\" \/>\n<meta property=\"article:modified_time\" content=\"2017-09-15T18:48:48+00:00\" \/>\n<meta property=\"og:image\" content=\"http:\/\/radio.ufpa.br\/wp-content\/uploads\/2017\/08\/L\u00eddia%20Belo.jpg\" \/>\n<meta name=\"author\" content=\"Fabr\u00edcio Queiroz\" \/>\n<meta name=\"twitter:card\" content=\"summary_large_image\" \/>\n<meta name=\"twitter:creator\" content=\"@radiowebufpa\" \/>\n<meta name=\"twitter:site\" content=\"@radiowebufpa\" \/>\n<meta name=\"twitter:label1\" content=\"Escrito por\" \/>\n\t<meta name=\"twitter:data1\" content=\"Fabr\u00edcio Queiroz\" \/>\n\t<meta name=\"twitter:label2\" content=\"Est. tempo de leitura\" \/>\n\t<meta name=\"twitter:data2\" content=\"1 minuto\" \/>\n<script type=\"application\/ld+json\" class=\"yoast-schema-graph\">{\"@context\":\"https:\/\/schema.org\",\"@graph\":[{\"@type\":\"Article\",\"@id\":\"https:\/\/radio.ufpa.br\/index.php\/bate-papo-musical\/lidia-belo\/#article\",\"isPartOf\":{\"@id\":\"https:\/\/radio.ufpa.br\/index.php\/bate-papo-musical\/lidia-belo\/\"},\"author\":{\"name\":\"Fabr\u00edcio Queiroz\",\"@id\":\"https:\/\/radio.ufpa.br\/#\/schema\/person\/f3f139516982741ca0831359933ac096\"},\"headline\":\"L\u00eddia Belo\",\"datePublished\":\"2017-05-05T12:29:29+00:00\",\"dateModified\":\"2017-09-15T18:48:48+00:00\",\"mainEntityOfPage\":{\"@id\":\"https:\/\/radio.ufpa.br\/index.php\/bate-papo-musical\/lidia-belo\/\"},\"wordCount\":148,\"commentCount\":0,\"publisher\":{\"@id\":\"https:\/\/radio.ufpa.br\/#organization\"},\"image\":{\"@id\":\"https:\/\/radio.ufpa.br\/index.php\/bate-papo-musical\/lidia-belo\/#primaryimage\"},\"thumbnailUrl\":\"https:\/\/i0.wp.com\/radio.ufpa.br\/wp-content\/uploads\/2017\/08\/L%C3%ADdia%20Belo.jpg?fit=1600%2C1066&ssl=1\",\"keywords\":[\"L\u00eddia Belo\"],\"articleSection\":[\"Bate-papo Musical\"],\"inLanguage\":\"pt-BR\",\"potentialAction\":[{\"@type\":\"CommentAction\",\"name\":\"Comment\",\"target\":[\"https:\/\/radio.ufpa.br\/index.php\/bate-papo-musical\/lidia-belo\/#respond\"]}]},{\"@type\":\"WebPage\",\"@id\":\"https:\/\/radio.ufpa.br\/index.php\/bate-papo-musical\/lidia-belo\/\",\"url\":\"https:\/\/radio.ufpa.br\/index.php\/bate-papo-musical\/lidia-belo\/\",\"name\":\"L\u00eddia Belo - Radio Web UFPA\",\"isPartOf\":{\"@id\":\"https:\/\/radio.ufpa.br\/#website\"},\"primaryImageOfPage\":{\"@id\":\"https:\/\/radio.ufpa.br\/index.php\/bate-papo-musical\/lidia-belo\/#primaryimage\"},\"image\":{\"@id\":\"https:\/\/radio.ufpa.br\/index.php\/bate-papo-musical\/lidia-belo\/#primaryimage\"},\"thumbnailUrl\":\"https:\/\/i0.wp.com\/radio.ufpa.br\/wp-content\/uploads\/2017\/08\/L%C3%ADdia%20Belo.jpg?fit=1600%2C1066&ssl=1\",\"datePublished\":\"2017-05-05T12:29:29+00:00\",\"dateModified\":\"2017-09-15T18:48:48+00:00\",\"breadcrumb\":{\"@id\":\"https:\/\/radio.ufpa.br\/index.php\/bate-papo-musical\/lidia-belo\/#breadcrumb\"},\"inLanguage\":\"pt-BR\",\"potentialAction\":[{\"@type\":\"ReadAction\",\"target\":[\"https:\/\/radio.ufpa.br\/index.php\/bate-papo-musical\/lidia-belo\/\"]}]},{\"@type\":\"ImageObject\",\"inLanguage\":\"pt-BR\",\"@id\":\"https:\/\/radio.ufpa.br\/index.php\/bate-papo-musical\/lidia-belo\/#primaryimage\",\"url\":\"https:\/\/i0.wp.com\/radio.ufpa.br\/wp-content\/uploads\/2017\/08\/L%C3%ADdia%20Belo.jpg?fit=1600%2C1066&ssl=1\",\"contentUrl\":\"https:\/\/i0.wp.com\/radio.ufpa.br\/wp-content\/uploads\/2017\/08\/L%C3%ADdia%20Belo.jpg?fit=1600%2C1066&ssl=1\",\"width\":1600,\"height\":1066},{\"@type\":\"BreadcrumbList\",\"@id\":\"https:\/\/radio.ufpa.br\/index.php\/bate-papo-musical\/lidia-belo\/#breadcrumb\",\"itemListElement\":[{\"@type\":\"ListItem\",\"position\":1,\"name\":\"In\u00edcio\",\"item\":\"https:\/\/radio.ufpa.br\/\"},{\"@type\":\"ListItem\",\"position\":2,\"name\":\"L\u00eddia Belo\"}]},{\"@type\":\"WebSite\",\"@id\":\"https:\/\/radio.ufpa.br\/#website\",\"url\":\"https:\/\/radio.ufpa.br\/\",\"name\":\"Radio Web UFPA\",\"description\":\"Divulgando o conhecimento\",\"publisher\":{\"@id\":\"https:\/\/radio.ufpa.br\/#organization\"},\"potentialAction\":[{\"@type\":\"SearchAction\",\"target\":{\"@type\":\"EntryPoint\",\"urlTemplate\":\"https:\/\/radio.ufpa.br\/?s={search_term_string}\"},\"query-input\":{\"@type\":\"PropertyValueSpecification\",\"valueRequired\":true,\"valueName\":\"search_term_string\"}}],\"inLanguage\":\"pt-BR\"},{\"@type\":\"Organization\",\"@id\":\"https:\/\/radio.ufpa.br\/#organization\",\"name\":\"UNIVERSIDADE FEDERAL DO PAR\u00c1-R\u00c1DIO WEB UFPA\",\"url\":\"https:\/\/radio.ufpa.br\/\",\"logo\":{\"@type\":\"ImageObject\",\"inLanguage\":\"pt-BR\",\"@id\":\"https:\/\/radio.ufpa.br\/#\/schema\/logo\/image\/\",\"url\":\"https:\/\/i0.wp.com\/radio.ufpa.br\/wp-content\/uploads\/2025\/12\/images-removebg-preview.png?fit=417%2C121&ssl=1\",\"contentUrl\":\"https:\/\/i0.wp.com\/radio.ufpa.br\/wp-content\/uploads\/2025\/12\/images-removebg-preview.png?fit=417%2C121&ssl=1\",\"width\":417,\"height\":121,\"caption\":\"UNIVERSIDADE FEDERAL DO PAR\u00c1-R\u00c1DIO WEB UFPA\"},\"image\":{\"@id\":\"https:\/\/radio.ufpa.br\/#\/schema\/logo\/image\/\"},\"sameAs\":[\"https:\/\/www.facebook.com\/radiowebufpa\",\"https:\/\/x.com\/radiowebufpa\",\"https:\/\/www.instagram.com\/radiowebufpa\/\",\"https:\/\/www.youtube.com\/user\/RadioWebUFP4\"]},{\"@type\":\"Person\",\"@id\":\"https:\/\/radio.ufpa.br\/#\/schema\/person\/f3f139516982741ca0831359933ac096\",\"name\":\"Fabr\u00edcio Queiroz\",\"image\":{\"@type\":\"ImageObject\",\"inLanguage\":\"pt-BR\",\"@id\":\"https:\/\/radio.ufpa.br\/#\/schema\/person\/image\/\",\"url\":\"https:\/\/secure.gravatar.com\/avatar\/16286edb2cee888d704ce74385081b7f?s=96&d=mm&r=g\",\"contentUrl\":\"https:\/\/secure.gravatar.com\/avatar\/16286edb2cee888d704ce74385081b7f?s=96&d=mm&r=g\",\"caption\":\"Fabr\u00edcio Queiroz\"},\"description\":\"Editor e Jornalista respons\u00e1vel\",\"url\":\"https:\/\/radio.ufpa.br\/index.php\/author\/fabricio\/\"}]}<\/script>\n<!-- \/ Yoast SEO plugin. -->","yoast_head_json":{"title":"L\u00eddia Belo - Radio Web UFPA","robots":{"index":"index","follow":"follow","max-snippet":"max-snippet:-1","max-image-preview":"max-image-preview:large","max-video-preview":"max-video-preview:-1"},"canonical":"https:\/\/radio.ufpa.br\/index.php\/bate-papo-musical\/lidia-belo\/","og_locale":"pt_BR","og_type":"article","og_title":"L\u00eddia Belo","og_description":"O Bate-Papo Musical deste m\u00eas \u00e9 com a cantora L\u00eddia Belo, que vem despontando no cen\u00e1rio musical paraense. Prestes a lan\u00e7ar seu primeiro \u00e1lbum \"Deixa a Calmaria\", a cantora nos contou como foi sua trajet\u00f3ria at\u00e9 aqui, come\u00e7ando ainda na inf\u00e2ncia, quando, aos oito anos de idade, teve suas primeiras aulas de viol\u00e3o popular. Al\u00e9m de int\u00e9rprete, L\u00eddia tamb\u00e9m comp\u00f5e suas can\u00e7\u00f5es desde a adolesc\u00eancia, quando participou de v\u00e1rios festivais com m\u00fasicas autorais. As influ\u00eancias da m\u00fasica brasileira e regional se refletem em seu repert\u00f3rio recheado com m\u00fasicas para todos os gostos.","og_url":"https:\/\/radio.ufpa.br\/index.php\/bate-papo-musical\/lidia-belo\/","og_site_name":"Radio Web UFPA","article_publisher":"https:\/\/www.facebook.com\/radiowebufpa","article_published_time":"2017-05-05T12:29:29+00:00","article_modified_time":"2017-09-15T18:48:48+00:00","og_image":[{"url":"http:\/\/radio.ufpa.br\/wp-content\/uploads\/2017\/08\/L\u00eddia%20Belo.jpg","type":"","width":"","height":""}],"author":"Fabr\u00edcio Queiroz","twitter_card":"summary_large_image","twitter_creator":"@radiowebufpa","twitter_site":"@radiowebufpa","twitter_misc":{"Escrito por":"Fabr\u00edcio Queiroz","Est. tempo de leitura":"1 minuto"},"schema":{"@context":"https:\/\/schema.org","@graph":[{"@type":"Article","@id":"https:\/\/radio.ufpa.br\/index.php\/bate-papo-musical\/lidia-belo\/#article","isPartOf":{"@id":"https:\/\/radio.ufpa.br\/index.php\/bate-papo-musical\/lidia-belo\/"},"author":{"name":"Fabr\u00edcio Queiroz","@id":"https:\/\/radio.ufpa.br\/#\/schema\/person\/f3f139516982741ca0831359933ac096"},"headline":"L\u00eddia Belo","datePublished":"2017-05-05T12:29:29+00:00","dateModified":"2017-09-15T18:48:48+00:00","mainEntityOfPage":{"@id":"https:\/\/radio.ufpa.br\/index.php\/bate-papo-musical\/lidia-belo\/"},"wordCount":148,"commentCount":0,"publisher":{"@id":"https:\/\/radio.ufpa.br\/#organization"},"image":{"@id":"https:\/\/radio.ufpa.br\/index.php\/bate-papo-musical\/lidia-belo\/#primaryimage"},"thumbnailUrl":"https:\/\/i0.wp.com\/radio.ufpa.br\/wp-content\/uploads\/2017\/08\/L%C3%ADdia%20Belo.jpg?fit=1600%2C1066&ssl=1","keywords":["L\u00eddia Belo"],"articleSection":["Bate-papo Musical"],"inLanguage":"pt-BR","potentialAction":[{"@type":"CommentAction","name":"Comment","target":["https:\/\/radio.ufpa.br\/index.php\/bate-papo-musical\/lidia-belo\/#respond"]}]},{"@type":"WebPage","@id":"https:\/\/radio.ufpa.br\/index.php\/bate-papo-musical\/lidia-belo\/","url":"https:\/\/radio.ufpa.br\/index.php\/bate-papo-musical\/lidia-belo\/","name":"L\u00eddia Belo - Radio Web UFPA","isPartOf":{"@id":"https:\/\/radio.ufpa.br\/#website"},"primaryImageOfPage":{"@id":"https:\/\/radio.ufpa.br\/index.php\/bate-papo-musical\/lidia-belo\/#primaryimage"},"image":{"@id":"https:\/\/radio.ufpa.br\/index.php\/bate-papo-musical\/lidia-belo\/#primaryimage"},"thumbnailUrl":"https:\/\/i0.wp.com\/radio.ufpa.br\/wp-content\/uploads\/2017\/08\/L%C3%ADdia%20Belo.jpg?fit=1600%2C1066&ssl=1","datePublished":"2017-05-05T12:29:29+00:00","dateModified":"2017-09-15T18:48:48+00:00","breadcrumb":{"@id":"https:\/\/radio.ufpa.br\/index.php\/bate-papo-musical\/lidia-belo\/#breadcrumb"},"inLanguage":"pt-BR","potentialAction":[{"@type":"ReadAction","target":["https:\/\/radio.ufpa.br\/index.php\/bate-papo-musical\/lidia-belo\/"]}]},{"@type":"ImageObject","inLanguage":"pt-BR","@id":"https:\/\/radio.ufpa.br\/index.php\/bate-papo-musical\/lidia-belo\/#primaryimage","url":"https:\/\/i0.wp.com\/radio.ufpa.br\/wp-content\/uploads\/2017\/08\/L%C3%ADdia%20Belo.jpg?fit=1600%2C1066&ssl=1","contentUrl":"https:\/\/i0.wp.com\/radio.ufpa.br\/wp-content\/uploads\/2017\/08\/L%C3%ADdia%20Belo.jpg?fit=1600%2C1066&ssl=1","width":1600,"height":1066},{"@type":"BreadcrumbList","@id":"https:\/\/radio.ufpa.br\/index.php\/bate-papo-musical\/lidia-belo\/#breadcrumb","itemListElement":[{"@type":"ListItem","position":1,"name":"In\u00edcio","item":"https:\/\/radio.ufpa.br\/"},{"@type":"ListItem","position":2,"name":"L\u00eddia Belo"}]},{"@type":"WebSite","@id":"https:\/\/radio.ufpa.br\/#website","url":"https:\/\/radio.ufpa.br\/","name":"Radio Web UFPA","description":"Divulgando o conhecimento","publisher":{"@id":"https:\/\/radio.ufpa.br\/#organization"},"potentialAction":[{"@type":"SearchAction","target":{"@type":"EntryPoint","urlTemplate":"https:\/\/radio.ufpa.br\/?s={search_term_string}"},"query-input":{"@type":"PropertyValueSpecification","valueRequired":true,"valueName":"search_term_string"}}],"inLanguage":"pt-BR"},{"@type":"Organization","@id":"https:\/\/radio.ufpa.br\/#organization","name":"UNIVERSIDADE FEDERAL DO PAR\u00c1-R\u00c1DIO WEB UFPA","url":"https:\/\/radio.ufpa.br\/","logo":{"@type":"ImageObject","inLanguage":"pt-BR","@id":"https:\/\/radio.ufpa.br\/#\/schema\/logo\/image\/","url":"https:\/\/i0.wp.com\/radio.ufpa.br\/wp-content\/uploads\/2025\/12\/images-removebg-preview.png?fit=417%2C121&ssl=1","contentUrl":"https:\/\/i0.wp.com\/radio.ufpa.br\/wp-content\/uploads\/2025\/12\/images-removebg-preview.png?fit=417%2C121&ssl=1","width":417,"height":121,"caption":"UNIVERSIDADE FEDERAL DO PAR\u00c1-R\u00c1DIO WEB UFPA"},"image":{"@id":"https:\/\/radio.ufpa.br\/#\/schema\/logo\/image\/"},"sameAs":["https:\/\/www.facebook.com\/radiowebufpa","https:\/\/x.com\/radiowebufpa","https:\/\/www.instagram.com\/radiowebufpa\/","https:\/\/www.youtube.com\/user\/RadioWebUFP4"]},{"@type":"Person","@id":"https:\/\/radio.ufpa.br\/#\/schema\/person\/f3f139516982741ca0831359933ac096","name":"Fabr\u00edcio Queiroz","image":{"@type":"ImageObject","inLanguage":"pt-BR","@id":"https:\/\/radio.ufpa.br\/#\/schema\/person\/image\/","url":"https:\/\/secure.gravatar.com\/avatar\/16286edb2cee888d704ce74385081b7f?s=96&d=mm&r=g","contentUrl":"https:\/\/secure.gravatar.com\/avatar\/16286edb2cee888d704ce74385081b7f?s=96&d=mm&r=g","caption":"Fabr\u00edcio Queiroz"},"description":"Editor e Jornalista respons\u00e1vel","url":"https:\/\/radio.ufpa.br\/index.php\/author\/fabricio\/"}]}},"jetpack_publicize_connections":[],"jetpack_featured_media_url":"https:\/\/i0.wp.com\/radio.ufpa.br\/wp-content\/uploads\/2017\/08\/L%C3%ADdia%20Belo.jpg?fit=1600%2C1066&ssl=1","jetpack_shortlink":"https:\/\/wp.me\/p8TJeA-3F","jetpack_likes_enabled":true,"jetpack-related-posts":[],"jetpack_sharing_enabled":true,"_links":{"self":[{"href":"https:\/\/radio.ufpa.br\/index.php\/wp-json\/wp\/v2\/posts\/227","targetHints":{"allow":["GET"]}}],"collection":[{"href":"https:\/\/radio.ufpa.br\/index.php\/wp-json\/wp\/v2\/posts"}],"about":[{"href":"https:\/\/radio.ufpa.br\/index.php\/wp-json\/wp\/v2\/types\/post"}],"author":[{"embeddable":true,"href":"https:\/\/radio.ufpa.br\/index.php\/wp-json\/wp\/v2\/users\/2"}],"replies":[{"embeddable":true,"href":"https:\/\/radio.ufpa.br\/index.php\/wp-json\/wp\/v2\/comments?post=227"}],"version-history":[{"count":3,"href":"https:\/\/radio.ufpa.br\/index.php\/wp-json\/wp\/v2\/posts\/227\/revisions"}],"predecessor-version":[{"id":1772,"href":"https:\/\/radio.ufpa.br\/index.php\/wp-json\/wp\/v2\/posts\/227\/revisions\/1772"}],"wp:featuredmedia":[{"embeddable":true,"href":"https:\/\/radio.ufpa.br\/index.php\/wp-json\/wp\/v2\/media\/1770"}],"wp:attachment":[{"href":"https:\/\/radio.ufpa.br\/index.php\/wp-json\/wp\/v2\/media?parent=227"}],"wp:term":[{"taxonomy":"category","embeddable":true,"href":"https:\/\/radio.ufpa.br\/index.php\/wp-json\/wp\/v2\/categories?post=227"},{"taxonomy":"post_tag","embeddable":true,"href":"https:\/\/radio.ufpa.br\/index.php\/wp-json\/wp\/v2\/tags?post=227"}],"curies":[{"name":"wp","href":"https:\/\/api.w.org\/{rel}","templated":true}]}}