{"id":236,"date":"2017-05-05T09:37:11","date_gmt":"2017-05-05T12:37:11","guid":{"rendered":"http:\/\/radio.ufpa.br\/?p=236"},"modified":"2019-06-27T18:05:15","modified_gmt":"2019-06-27T21:05:15","slug":"genero-e-sexualidade-na-educacao","status":"publish","type":"post","link":"https:\/\/radio.ufpa.br\/index.php\/ufpa-ensino\/genero-e-sexualidade-na-educacao\/","title":{"rendered":"G\u00eanero e Sexualidade na Educa\u00e7\u00e3o"},"content":{"rendered":"<header class=\"article-header clearfix\"><!--[if lt IE 9]><script>document.createElement('audio');<\/script><![endif]-->\n\t<div class=\"wp-playlist wp-audio-playlist wp-playlist-light\">\n\t\t\t<div class=\"wp-playlist-current-item\"><\/div>\n\t\t<audio controls=\"controls\" preload=\"none\" width=\"1178\"\n\t\t\t><\/audio>\n\t<div class=\"wp-playlist-next\"><\/div>\n\t<div class=\"wp-playlist-prev\"><\/div>\n\t<noscript>\n\t<ol>\n\t\t<li><a href='https:\/\/radio.ufpa.br\/wp-content\/uploads\/2019\/02\/UFPA%20ENSINO%20-%20GENERO%20E%20SEXUALIDADE%20NA%20EDUCA\u00c7\u00c3O%20-%2006.05.15.mp3'>UFPA Ensino - G\u00eanero e Sexualidade na Educa\u00e7\u00e3o<\/a><\/li>\t<\/ol>\n\t<\/noscript>\n\t<script type=\"application\/json\" class=\"wp-playlist-script\">{\"type\":\"audio\",\"tracklist\":true,\"tracknumbers\":true,\"images\":true,\"artists\":true,\"tracks\":[{\"src\":\"https:\\\/\\\/radio.ufpa.br\\\/wp-content\\\/uploads\\\/2019\\\/02\\\/UFPA ENSINO - GENERO E SEXUALIDADE NA EDUCA\\u00c7\\u00c3O - 06.05.15.mp3\",\"type\":\"audio\\\/mpeg\",\"title\":\"UFPA Ensino - G\\u00eanero e Sexualidade na Educa\\u00e7\\u00e3o\",\"caption\":\"\",\"description\":\"\\\"UFPA ENSINO - GENERO E SEXUALIDADE NA EDUCA\\u00c7\\u00c3O - 06.05.15\\\". Genre: Other.\",\"meta\":{\"artist\":\"R\\u00e1dio Web UFPA\",\"album\":\"UFPA Ensino\",\"genre\":\"Other\",\"length_formatted\":\"52:40\"},\"image\":{\"src\":\"https:\\\/\\\/radio.ufpa.br\\\/wp-includes\\\/images\\\/media\\\/audio.svg\",\"width\":48,\"height\":64},\"thumb\":{\"src\":\"https:\\\/\\\/radio.ufpa.br\\\/wp-includes\\\/images\\\/media\\\/audio.svg\",\"width\":48,\"height\":64}}]}<\/script>\n<\/div>\n\t<\/p>\n<p class=\"article-title\">Voc\u00ea sabe o que \u00e9 g\u00eanero? E sexualidade? Como ser\u00e1 que os jovens de hoje discutem esse assunto? Ser\u00e1 que as escolas colocam esse debate dentro das salas de aula? Mas esse \u00e9 um debate que deve ser feito em \u00e2mbito acad\u00eamico ou cabe \u00e0 fam\u00edlia orientar os jovens quanto a isso?<\/p>\n<\/header>\n<section class=\"article-content clearfix\">Respondendo a essas e outras perguntas, o programa UFPA Ensino dessa semana vem abordar o tema\u00a0<strong>G\u00eanero e Sexualidade na Educa\u00e7\u00e3o<\/strong>. Para falar sobre o assunto, o jornalista Fabr\u00edcio Queiroz conversou com a doutoranda em educa\u00e7\u00e3o da UFPA e vice-l\u00edder do grupo de pesquisa TRANSVERSALIZANDO, a professora Vilma Br\u00edcio. Al\u00e9m dela, recebemos tamb\u00e9m Milton Ribeiro, que veio representando o Grupo Orqu\u00eddeas, que atua na UFPA no \u00e2mbito das lutas pela diversidade; e a doutora em Antropologia pela UFPA e l\u00edder do Grupo de Pesquisa de G\u00eanero, Sexualidade,Educa\u00e7\u00e3o e Gera\u00e7\u00f5es da UEPA (Genseg), a professora Ana L\u00eddia Nauar.Durante o programa foram abordados pontos como homofobia, machismo e viol\u00eancia. A professora Vilma Br\u00edcio conta um pouco da sua hist\u00f3ria de vida durante o programa. Ela relata alguns preconceitos que sofreu durante sua inf\u00e2ncia e juventude pelo fato de ser mulher, e tamb\u00e9m conta relatos de preconceitos que presenciou ao longo de sua vida profissional, o que fez com que ela, que j\u00e1 era professora, decidisse trabalhar nessa \u00e1rea da luta pela diversidade.<\/p>\n<p>Tamb\u00e9m na luta pela diversidade est\u00e1 o Grupo Orqu\u00eddeas da UFPA (Movimento Universit\u00e1rio em Defesa da Diversidade Sexual), que na defini\u00e7\u00e3o de Milton: \u201c\u00e9 um grupo de milit\u00e2ncia, de pesquisa n\u00e3o vinculado institucionalmente a nada\u201d. Milton relata que desde 2007, o Orqu\u00eddeas buscou sempre dar visibilidade a quest\u00f5es de g\u00eanero e \u00e0 diversidade sexual, mas ainda enfrenta um grande desafio. \u201cEra um grupo formado de estudantes preocupados em levar esse discurso para os cursos. (&#8230;) Um dos grandes problemas enfrentados no inicio foi por conta da falta, da aus\u00eancia de orienta\u00e7\u00e3o de professores com forma\u00e7\u00e3o qualificada para orientar pessoas na discuss\u00e3o desse tema\u201d. Apesar disso, o Grupo Orqu\u00eddeas considera positiva a inser\u00e7\u00e3o desse debate em cursos como a Enfermagem e o Direito por meio dos trabalhos de conclus\u00e3o de curso dos integrantes.<\/p>\n<p>J\u00e1 a professora Ana L\u00eddia, mostra como esse tema \u00e9 tratado dentro da UEPA. Ela conta sua experi\u00eancia como professora da universidade estadual onde deu aula para alunos do curso de Pedagogia. Relata que observou a preocupa\u00e7\u00e3o dos alunos com a quest\u00e3o da Educa\u00e7\u00e3o Sexual, pois estes n\u00e3o sabiam como intervir na vida do aluno quando se tratava desse tema. \u201cEra uma demanda muito forte (&#8230;) isso chama a aten\u00e7\u00e3o da n\u00e3o prepara\u00e7\u00e3o dos professores, da falta de profissionais na licenciatura que tenham esse conhecimento\u201d, ressalta.<\/p>\n<p>Para conhecer mais sobre o assunto, ou\u00e7a o programa e acesse:\u00a0<a href=\"http:\/\/grupogenseg.blogspot.com.br\/\" target=\"_blank\" rel=\"noopener\">grupogenseg.blogspot.com<\/a>,\u00a0<a href=\"http:\/\/orquideagrupo.blogspot.com.br\/\" target=\"_blank\" rel=\"noopener\">orquideagrupo.blogspot.com<\/a>\u00a0e\u00a0<a href=\"http:\/\/grupotransversalizando.blogspot.com.br\/p\/o-transversalizando.html\" target=\"_blank\" rel=\"noopener\">grupotransversalizando.blogspot.com<\/a><\/p>\n<\/section>\n","protected":false},"excerpt":{"rendered":"<p> &#8230; <a title=\"G\u00eanero e Sexualidade na Educa\u00e7\u00e3o\" class=\"read-more\" href=\"https:\/\/radio.ufpa.br\/index.php\/ufpa-ensino\/genero-e-sexualidade-na-educacao\/\" aria-label=\"Read more about G\u00eanero e Sexualidade na Educa\u00e7\u00e3o\">Ler mais<\/a><\/p>\n","protected":false},"author":2,"featured_media":6294,"comment_status":"open","ping_status":"open","sticky":false,"template":"","format":"standard","meta":{"_acf_changed":false,"_exactmetrics_skip_tracking":false,"_exactmetrics_sitenote_active":false,"_exactmetrics_sitenote_note":"","_exactmetrics_sitenote_category":0,"_monsterinsights_skip_tracking":false,"_monsterinsights_sitenote_active":false,"_monsterinsights_sitenote_note":"","_monsterinsights_sitenote_category":0,"_uf_show_specific_survey":0,"_uf_disable_surveys":false,"jetpack_post_was_ever_published":false,"_jetpack_newsletter_access":"","_jetpack_dont_email_post_to_subs":false,"_jetpack_newsletter_tier_id":0,"_jetpack_memberships_contains_paywalled_content":false,"_jetpack_memberships_contains_paid_content":false,"footnotes":"","jetpack_publicize_message":"","jetpack_publicize_feature_enabled":true,"jetpack_social_post_already_shared":true,"jetpack_social_options":{"image_generator_settings":{"template":"highway","enabled":false},"version":2}},"categories":[41],"tags":[84,85,86],"class_list":["post-236","post","type-post","status-publish","format-standard","has-post-thumbnail","hentry","category-ufpa-ensino","tag-genero-e-sexualidade-na-educacao","tag-profa-ana-lidia","tag-profa-vilma-bricio"],"acf":[],"yoast_head":"<!-- This site is optimized with the Yoast SEO plugin v25.1 - https:\/\/yoast.com\/wordpress\/plugins\/seo\/ -->\n<title>G\u00eanero e Sexualidade na Educa\u00e7\u00e3o - Radio Web UFPA<\/title>\n<meta name=\"description\" content=\"Neste programa discutimos como a abordagem sobre g\u00eanero e sexualidade na educa\u00e7\u00e3o contribui para a discuss\u00e3o de temas como machismo, homofobia e viol\u00eancia.\" \/>\n<meta name=\"robots\" content=\"index, follow, max-snippet:-1, max-image-preview:large, max-video-preview:-1\" \/>\n<link rel=\"canonical\" href=\"https:\/\/radio.ufpa.br\/index.php\/ufpa-ensino\/genero-e-sexualidade-na-educacao\/\" \/>\n<meta property=\"og:locale\" content=\"pt_BR\" \/>\n<meta property=\"og:type\" content=\"article\" \/>\n<meta property=\"og:title\" content=\"G\u00eanero e Sexualidade na Educa\u00e7\u00e3o - Radio Web UFPA\" \/>\n<meta property=\"og:description\" content=\"Neste programa discutimos como a abordagem sobre g\u00eanero e sexualidade na educa\u00e7\u00e3o contribui para a discuss\u00e3o de temas como machismo, homofobia e viol\u00eancia.\" \/>\n<meta property=\"og:url\" content=\"https:\/\/radio.ufpa.br\/index.php\/ufpa-ensino\/genero-e-sexualidade-na-educacao\/\" \/>\n<meta property=\"og:site_name\" content=\"Radio Web UFPA\" \/>\n<meta property=\"article:publisher\" content=\"https:\/\/www.facebook.com\/radiowebufpa\" \/>\n<meta property=\"article:published_time\" content=\"2017-05-05T12:37:11+00:00\" \/>\n<meta property=\"article:modified_time\" content=\"2019-06-27T21:05:15+00:00\" \/>\n<meta property=\"og:image\" content=\"https:\/\/i0.wp.com\/radio.ufpa.br\/wp-content\/uploads\/2017\/05\/Genero-e-sexualidade-na-educa\u00e7\u00e3o-amarelo.jpg?fit=740%2C430&ssl=1\" \/>\n\t<meta property=\"og:image:width\" content=\"740\" \/>\n\t<meta property=\"og:image:height\" content=\"430\" \/>\n\t<meta property=\"og:image:type\" content=\"image\/jpeg\" \/>\n<meta name=\"author\" content=\"Fabr\u00edcio Queiroz\" \/>\n<meta name=\"twitter:card\" content=\"summary_large_image\" \/>\n<meta name=\"twitter:creator\" content=\"@radiowebufpa\" \/>\n<meta name=\"twitter:site\" content=\"@radiowebufpa\" \/>\n<meta name=\"twitter:label1\" content=\"Escrito por\" \/>\n\t<meta name=\"twitter:data1\" content=\"Fabr\u00edcio Queiroz\" \/>\n\t<meta name=\"twitter:label2\" content=\"Est. tempo de leitura\" \/>\n\t<meta name=\"twitter:data2\" content=\"3 minutos\" \/>\n<script type=\"application\/ld+json\" class=\"yoast-schema-graph\">{\"@context\":\"https:\/\/schema.org\",\"@graph\":[{\"@type\":\"Article\",\"@id\":\"https:\/\/radio.ufpa.br\/index.php\/ufpa-ensino\/genero-e-sexualidade-na-educacao\/#article\",\"isPartOf\":{\"@id\":\"https:\/\/radio.ufpa.br\/index.php\/ufpa-ensino\/genero-e-sexualidade-na-educacao\/\"},\"author\":{\"name\":\"Fabr\u00edcio Queiroz\",\"@id\":\"https:\/\/radio.ufpa.br\/#\/schema\/person\/f3f139516982741ca0831359933ac096\"},\"headline\":\"G\u00eanero e Sexualidade na Educa\u00e7\u00e3o\",\"datePublished\":\"2017-05-05T12:37:11+00:00\",\"dateModified\":\"2019-06-27T21:05:15+00:00\",\"mainEntityOfPage\":{\"@id\":\"https:\/\/radio.ufpa.br\/index.php\/ufpa-ensino\/genero-e-sexualidade-na-educacao\/\"},\"wordCount\":511,\"commentCount\":0,\"publisher\":{\"@id\":\"https:\/\/radio.ufpa.br\/#organization\"},\"image\":{\"@id\":\"https:\/\/radio.ufpa.br\/index.php\/ufpa-ensino\/genero-e-sexualidade-na-educacao\/#primaryimage\"},\"thumbnailUrl\":\"https:\/\/i0.wp.com\/radio.ufpa.br\/wp-content\/uploads\/2017\/05\/Genero-e-sexualidade-na-educa%C3%A7%C3%A3o-amarelo.jpg?fit=740%2C430&ssl=1\",\"keywords\":[\"G\u00eanero e Sexualidade na Educa\u00e7\u00e3o\",\"Prof\u00aa Ana L\u00eddia\",\"Prof\u00aa Vilma Br\u00edcio\"],\"articleSection\":[\"UFPA Ensino\"],\"inLanguage\":\"pt-BR\",\"potentialAction\":[{\"@type\":\"CommentAction\",\"name\":\"Comment\",\"target\":[\"https:\/\/radio.ufpa.br\/index.php\/ufpa-ensino\/genero-e-sexualidade-na-educacao\/#respond\"]}]},{\"@type\":\"WebPage\",\"@id\":\"https:\/\/radio.ufpa.br\/index.php\/ufpa-ensino\/genero-e-sexualidade-na-educacao\/\",\"url\":\"https:\/\/radio.ufpa.br\/index.php\/ufpa-ensino\/genero-e-sexualidade-na-educacao\/\",\"name\":\"G\u00eanero e Sexualidade na Educa\u00e7\u00e3o - Radio Web UFPA\",\"isPartOf\":{\"@id\":\"https:\/\/radio.ufpa.br\/#website\"},\"primaryImageOfPage\":{\"@id\":\"https:\/\/radio.ufpa.br\/index.php\/ufpa-ensino\/genero-e-sexualidade-na-educacao\/#primaryimage\"},\"image\":{\"@id\":\"https:\/\/radio.ufpa.br\/index.php\/ufpa-ensino\/genero-e-sexualidade-na-educacao\/#primaryimage\"},\"thumbnailUrl\":\"https:\/\/i0.wp.com\/radio.ufpa.br\/wp-content\/uploads\/2017\/05\/Genero-e-sexualidade-na-educa%C3%A7%C3%A3o-amarelo.jpg?fit=740%2C430&ssl=1\",\"datePublished\":\"2017-05-05T12:37:11+00:00\",\"dateModified\":\"2019-06-27T21:05:15+00:00\",\"description\":\"Neste programa discutimos como a abordagem sobre g\u00eanero e sexualidade na educa\u00e7\u00e3o contribui para a discuss\u00e3o de temas como machismo, homofobia e viol\u00eancia.\",\"breadcrumb\":{\"@id\":\"https:\/\/radio.ufpa.br\/index.php\/ufpa-ensino\/genero-e-sexualidade-na-educacao\/#breadcrumb\"},\"inLanguage\":\"pt-BR\",\"potentialAction\":[{\"@type\":\"ReadAction\",\"target\":[\"https:\/\/radio.ufpa.br\/index.php\/ufpa-ensino\/genero-e-sexualidade-na-educacao\/\"]}]},{\"@type\":\"ImageObject\",\"inLanguage\":\"pt-BR\",\"@id\":\"https:\/\/radio.ufpa.br\/index.php\/ufpa-ensino\/genero-e-sexualidade-na-educacao\/#primaryimage\",\"url\":\"https:\/\/i0.wp.com\/radio.ufpa.br\/wp-content\/uploads\/2017\/05\/Genero-e-sexualidade-na-educa%C3%A7%C3%A3o-amarelo.jpg?fit=740%2C430&ssl=1\",\"contentUrl\":\"https:\/\/i0.wp.com\/radio.ufpa.br\/wp-content\/uploads\/2017\/05\/Genero-e-sexualidade-na-educa%C3%A7%C3%A3o-amarelo.jpg?fit=740%2C430&ssl=1\",\"width\":740,\"height\":430,\"caption\":\"G\u00eanero e Sexualidade\"},{\"@type\":\"BreadcrumbList\",\"@id\":\"https:\/\/radio.ufpa.br\/index.php\/ufpa-ensino\/genero-e-sexualidade-na-educacao\/#breadcrumb\",\"itemListElement\":[{\"@type\":\"ListItem\",\"position\":1,\"name\":\"In\u00edcio\",\"item\":\"https:\/\/radio.ufpa.br\/\"},{\"@type\":\"ListItem\",\"position\":2,\"name\":\"G\u00eanero e Sexualidade na Educa\u00e7\u00e3o\"}]},{\"@type\":\"WebSite\",\"@id\":\"https:\/\/radio.ufpa.br\/#website\",\"url\":\"https:\/\/radio.ufpa.br\/\",\"name\":\"Radio Web UFPA\",\"description\":\"Divulgando o conhecimento\",\"publisher\":{\"@id\":\"https:\/\/radio.ufpa.br\/#organization\"},\"potentialAction\":[{\"@type\":\"SearchAction\",\"target\":{\"@type\":\"EntryPoint\",\"urlTemplate\":\"https:\/\/radio.ufpa.br\/?s={search_term_string}\"},\"query-input\":{\"@type\":\"PropertyValueSpecification\",\"valueRequired\":true,\"valueName\":\"search_term_string\"}}],\"inLanguage\":\"pt-BR\"},{\"@type\":\"Organization\",\"@id\":\"https:\/\/radio.ufpa.br\/#organization\",\"name\":\"UNIVERSIDADE FEDERAL DO PAR\u00c1-R\u00c1DIO WEB UFPA\",\"url\":\"https:\/\/radio.ufpa.br\/\",\"logo\":{\"@type\":\"ImageObject\",\"inLanguage\":\"pt-BR\",\"@id\":\"https:\/\/radio.ufpa.br\/#\/schema\/logo\/image\/\",\"url\":\"https:\/\/i0.wp.com\/radio.ufpa.br\/wp-content\/uploads\/2025\/12\/images-removebg-preview.png?fit=417%2C121&ssl=1\",\"contentUrl\":\"https:\/\/i0.wp.com\/radio.ufpa.br\/wp-content\/uploads\/2025\/12\/images-removebg-preview.png?fit=417%2C121&ssl=1\",\"width\":417,\"height\":121,\"caption\":\"UNIVERSIDADE FEDERAL DO PAR\u00c1-R\u00c1DIO WEB UFPA\"},\"image\":{\"@id\":\"https:\/\/radio.ufpa.br\/#\/schema\/logo\/image\/\"},\"sameAs\":[\"https:\/\/www.facebook.com\/radiowebufpa\",\"https:\/\/x.com\/radiowebufpa\",\"https:\/\/www.instagram.com\/radiowebufpa\/\",\"https:\/\/www.youtube.com\/user\/RadioWebUFP4\"]},{\"@type\":\"Person\",\"@id\":\"https:\/\/radio.ufpa.br\/#\/schema\/person\/f3f139516982741ca0831359933ac096\",\"name\":\"Fabr\u00edcio Queiroz\",\"image\":{\"@type\":\"ImageObject\",\"inLanguage\":\"pt-BR\",\"@id\":\"https:\/\/radio.ufpa.br\/#\/schema\/person\/image\/\",\"url\":\"https:\/\/secure.gravatar.com\/avatar\/16286edb2cee888d704ce74385081b7f?s=96&d=mm&r=g\",\"contentUrl\":\"https:\/\/secure.gravatar.com\/avatar\/16286edb2cee888d704ce74385081b7f?s=96&d=mm&r=g\",\"caption\":\"Fabr\u00edcio Queiroz\"},\"description\":\"Editor e Jornalista respons\u00e1vel\",\"url\":\"https:\/\/radio.ufpa.br\/index.php\/author\/fabricio\/\"}]}<\/script>\n<!-- \/ Yoast SEO plugin. -->","yoast_head_json":{"title":"G\u00eanero e Sexualidade na Educa\u00e7\u00e3o - Radio Web UFPA","description":"Neste programa discutimos como a abordagem sobre g\u00eanero e sexualidade na educa\u00e7\u00e3o contribui para a discuss\u00e3o de temas como machismo, homofobia e viol\u00eancia.","robots":{"index":"index","follow":"follow","max-snippet":"max-snippet:-1","max-image-preview":"max-image-preview:large","max-video-preview":"max-video-preview:-1"},"canonical":"https:\/\/radio.ufpa.br\/index.php\/ufpa-ensino\/genero-e-sexualidade-na-educacao\/","og_locale":"pt_BR","og_type":"article","og_title":"G\u00eanero e Sexualidade na Educa\u00e7\u00e3o - Radio Web UFPA","og_description":"Neste programa discutimos como a abordagem sobre g\u00eanero e sexualidade na educa\u00e7\u00e3o contribui para a discuss\u00e3o de temas como machismo, homofobia e viol\u00eancia.","og_url":"https:\/\/radio.ufpa.br\/index.php\/ufpa-ensino\/genero-e-sexualidade-na-educacao\/","og_site_name":"Radio Web UFPA","article_publisher":"https:\/\/www.facebook.com\/radiowebufpa","article_published_time":"2017-05-05T12:37:11+00:00","article_modified_time":"2019-06-27T21:05:15+00:00","og_image":[{"width":740,"height":430,"url":"https:\/\/i0.wp.com\/radio.ufpa.br\/wp-content\/uploads\/2017\/05\/Genero-e-sexualidade-na-educa\u00e7\u00e3o-amarelo.jpg?fit=740%2C430&ssl=1","type":"image\/jpeg"}],"author":"Fabr\u00edcio Queiroz","twitter_card":"summary_large_image","twitter_creator":"@radiowebufpa","twitter_site":"@radiowebufpa","twitter_misc":{"Escrito por":"Fabr\u00edcio Queiroz","Est. tempo de leitura":"3 minutos"},"schema":{"@context":"https:\/\/schema.org","@graph":[{"@type":"Article","@id":"https:\/\/radio.ufpa.br\/index.php\/ufpa-ensino\/genero-e-sexualidade-na-educacao\/#article","isPartOf":{"@id":"https:\/\/radio.ufpa.br\/index.php\/ufpa-ensino\/genero-e-sexualidade-na-educacao\/"},"author":{"name":"Fabr\u00edcio Queiroz","@id":"https:\/\/radio.ufpa.br\/#\/schema\/person\/f3f139516982741ca0831359933ac096"},"headline":"G\u00eanero e Sexualidade na Educa\u00e7\u00e3o","datePublished":"2017-05-05T12:37:11+00:00","dateModified":"2019-06-27T21:05:15+00:00","mainEntityOfPage":{"@id":"https:\/\/radio.ufpa.br\/index.php\/ufpa-ensino\/genero-e-sexualidade-na-educacao\/"},"wordCount":511,"commentCount":0,"publisher":{"@id":"https:\/\/radio.ufpa.br\/#organization"},"image":{"@id":"https:\/\/radio.ufpa.br\/index.php\/ufpa-ensino\/genero-e-sexualidade-na-educacao\/#primaryimage"},"thumbnailUrl":"https:\/\/i0.wp.com\/radio.ufpa.br\/wp-content\/uploads\/2017\/05\/Genero-e-sexualidade-na-educa%C3%A7%C3%A3o-amarelo.jpg?fit=740%2C430&ssl=1","keywords":["G\u00eanero e Sexualidade na Educa\u00e7\u00e3o","Prof\u00aa Ana L\u00eddia","Prof\u00aa Vilma Br\u00edcio"],"articleSection":["UFPA Ensino"],"inLanguage":"pt-BR","potentialAction":[{"@type":"CommentAction","name":"Comment","target":["https:\/\/radio.ufpa.br\/index.php\/ufpa-ensino\/genero-e-sexualidade-na-educacao\/#respond"]}]},{"@type":"WebPage","@id":"https:\/\/radio.ufpa.br\/index.php\/ufpa-ensino\/genero-e-sexualidade-na-educacao\/","url":"https:\/\/radio.ufpa.br\/index.php\/ufpa-ensino\/genero-e-sexualidade-na-educacao\/","name":"G\u00eanero e Sexualidade na Educa\u00e7\u00e3o - Radio Web UFPA","isPartOf":{"@id":"https:\/\/radio.ufpa.br\/#website"},"primaryImageOfPage":{"@id":"https:\/\/radio.ufpa.br\/index.php\/ufpa-ensino\/genero-e-sexualidade-na-educacao\/#primaryimage"},"image":{"@id":"https:\/\/radio.ufpa.br\/index.php\/ufpa-ensino\/genero-e-sexualidade-na-educacao\/#primaryimage"},"thumbnailUrl":"https:\/\/i0.wp.com\/radio.ufpa.br\/wp-content\/uploads\/2017\/05\/Genero-e-sexualidade-na-educa%C3%A7%C3%A3o-amarelo.jpg?fit=740%2C430&ssl=1","datePublished":"2017-05-05T12:37:11+00:00","dateModified":"2019-06-27T21:05:15+00:00","description":"Neste programa discutimos como a abordagem sobre g\u00eanero e sexualidade na educa\u00e7\u00e3o contribui para a discuss\u00e3o de temas como machismo, homofobia e viol\u00eancia.","breadcrumb":{"@id":"https:\/\/radio.ufpa.br\/index.php\/ufpa-ensino\/genero-e-sexualidade-na-educacao\/#breadcrumb"},"inLanguage":"pt-BR","potentialAction":[{"@type":"ReadAction","target":["https:\/\/radio.ufpa.br\/index.php\/ufpa-ensino\/genero-e-sexualidade-na-educacao\/"]}]},{"@type":"ImageObject","inLanguage":"pt-BR","@id":"https:\/\/radio.ufpa.br\/index.php\/ufpa-ensino\/genero-e-sexualidade-na-educacao\/#primaryimage","url":"https:\/\/i0.wp.com\/radio.ufpa.br\/wp-content\/uploads\/2017\/05\/Genero-e-sexualidade-na-educa%C3%A7%C3%A3o-amarelo.jpg?fit=740%2C430&ssl=1","contentUrl":"https:\/\/i0.wp.com\/radio.ufpa.br\/wp-content\/uploads\/2017\/05\/Genero-e-sexualidade-na-educa%C3%A7%C3%A3o-amarelo.jpg?fit=740%2C430&ssl=1","width":740,"height":430,"caption":"G\u00eanero e Sexualidade"},{"@type":"BreadcrumbList","@id":"https:\/\/radio.ufpa.br\/index.php\/ufpa-ensino\/genero-e-sexualidade-na-educacao\/#breadcrumb","itemListElement":[{"@type":"ListItem","position":1,"name":"In\u00edcio","item":"https:\/\/radio.ufpa.br\/"},{"@type":"ListItem","position":2,"name":"G\u00eanero e Sexualidade na Educa\u00e7\u00e3o"}]},{"@type":"WebSite","@id":"https:\/\/radio.ufpa.br\/#website","url":"https:\/\/radio.ufpa.br\/","name":"Radio Web UFPA","description":"Divulgando o conhecimento","publisher":{"@id":"https:\/\/radio.ufpa.br\/#organization"},"potentialAction":[{"@type":"SearchAction","target":{"@type":"EntryPoint","urlTemplate":"https:\/\/radio.ufpa.br\/?s={search_term_string}"},"query-input":{"@type":"PropertyValueSpecification","valueRequired":true,"valueName":"search_term_string"}}],"inLanguage":"pt-BR"},{"@type":"Organization","@id":"https:\/\/radio.ufpa.br\/#organization","name":"UNIVERSIDADE FEDERAL DO PAR\u00c1-R\u00c1DIO WEB UFPA","url":"https:\/\/radio.ufpa.br\/","logo":{"@type":"ImageObject","inLanguage":"pt-BR","@id":"https:\/\/radio.ufpa.br\/#\/schema\/logo\/image\/","url":"https:\/\/i0.wp.com\/radio.ufpa.br\/wp-content\/uploads\/2025\/12\/images-removebg-preview.png?fit=417%2C121&ssl=1","contentUrl":"https:\/\/i0.wp.com\/radio.ufpa.br\/wp-content\/uploads\/2025\/12\/images-removebg-preview.png?fit=417%2C121&ssl=1","width":417,"height":121,"caption":"UNIVERSIDADE FEDERAL DO PAR\u00c1-R\u00c1DIO WEB UFPA"},"image":{"@id":"https:\/\/radio.ufpa.br\/#\/schema\/logo\/image\/"},"sameAs":["https:\/\/www.facebook.com\/radiowebufpa","https:\/\/x.com\/radiowebufpa","https:\/\/www.instagram.com\/radiowebufpa\/","https:\/\/www.youtube.com\/user\/RadioWebUFP4"]},{"@type":"Person","@id":"https:\/\/radio.ufpa.br\/#\/schema\/person\/f3f139516982741ca0831359933ac096","name":"Fabr\u00edcio Queiroz","image":{"@type":"ImageObject","inLanguage":"pt-BR","@id":"https:\/\/radio.ufpa.br\/#\/schema\/person\/image\/","url":"https:\/\/secure.gravatar.com\/avatar\/16286edb2cee888d704ce74385081b7f?s=96&d=mm&r=g","contentUrl":"https:\/\/secure.gravatar.com\/avatar\/16286edb2cee888d704ce74385081b7f?s=96&d=mm&r=g","caption":"Fabr\u00edcio Queiroz"},"description":"Editor e Jornalista respons\u00e1vel","url":"https:\/\/radio.ufpa.br\/index.php\/author\/fabricio\/"}]}},"jetpack_publicize_connections":[],"jetpack_featured_media_url":"https:\/\/i0.wp.com\/radio.ufpa.br\/wp-content\/uploads\/2017\/05\/Genero-e-sexualidade-na-educa%C3%A7%C3%A3o-amarelo.jpg?fit=740%2C430&ssl=1","jetpack_shortlink":"https:\/\/wp.me\/p8TJeA-3O","jetpack_likes_enabled":true,"jetpack-related-posts":[],"jetpack_sharing_enabled":true,"_links":{"self":[{"href":"https:\/\/radio.ufpa.br\/index.php\/wp-json\/wp\/v2\/posts\/236","targetHints":{"allow":["GET"]}}],"collection":[{"href":"https:\/\/radio.ufpa.br\/index.php\/wp-json\/wp\/v2\/posts"}],"about":[{"href":"https:\/\/radio.ufpa.br\/index.php\/wp-json\/wp\/v2\/types\/post"}],"author":[{"embeddable":true,"href":"https:\/\/radio.ufpa.br\/index.php\/wp-json\/wp\/v2\/users\/2"}],"replies":[{"embeddable":true,"href":"https:\/\/radio.ufpa.br\/index.php\/wp-json\/wp\/v2\/comments?post=236"}],"version-history":[{"count":6,"href":"https:\/\/radio.ufpa.br\/index.php\/wp-json\/wp\/v2\/posts\/236\/revisions"}],"predecessor-version":[{"id":6304,"href":"https:\/\/radio.ufpa.br\/index.php\/wp-json\/wp\/v2\/posts\/236\/revisions\/6304"}],"wp:featuredmedia":[{"embeddable":true,"href":"https:\/\/radio.ufpa.br\/index.php\/wp-json\/wp\/v2\/media\/6294"}],"wp:attachment":[{"href":"https:\/\/radio.ufpa.br\/index.php\/wp-json\/wp\/v2\/media?parent=236"}],"wp:term":[{"taxonomy":"category","embeddable":true,"href":"https:\/\/radio.ufpa.br\/index.php\/wp-json\/wp\/v2\/categories?post=236"},{"taxonomy":"post_tag","embeddable":true,"href":"https:\/\/radio.ufpa.br\/index.php\/wp-json\/wp\/v2\/tags?post=236"}],"curies":[{"name":"wp","href":"https:\/\/api.w.org\/{rel}","templated":true}]}}