{"id":2649,"date":"2017-11-09T08:00:58","date_gmt":"2017-11-09T10:00:58","guid":{"rendered":"http:\/\/radio.ufpa.br\/?p=2649"},"modified":"2017-11-09T13:16:15","modified_gmt":"2017-11-09T15:16:15","slug":"conflitos-socio-ambientais","status":"publish","type":"post","link":"https:\/\/radio.ufpa.br\/index.php\/ufpa-pesquisa\/conflitos-socio-ambientais\/","title":{"rendered":"Conflitos socioambientais na Amaz\u00f4nia."},"content":{"rendered":"<!--[if lt IE 9]><script>document.createElement('audio');<\/script><![endif]-->\n\t<div class=\"wp-playlist wp-audio-playlist wp-playlist-light\">\n\t\t\t<div class=\"wp-playlist-current-item\"><\/div>\n\t\t<audio controls=\"controls\" preload=\"none\" width=\"1178\"\n\t\t\t><\/audio>\n\t<div class=\"wp-playlist-next\"><\/div>\n\t<div class=\"wp-playlist-prev\"><\/div>\n\t<noscript>\n\t<ol>\n\t\t<li><a href='https:\/\/radio.ufpa.br\/wp-content\/uploads\/2017\/11\/UFPA%20PESQUISA%20-%20CONFLITOS%20SOCIOAMBIENTAIS%20-%2002.11.17.mp3'>Conflitos socioambientais na Amaz\u00f4nia.<\/a><\/li>\t<\/ol>\n\t<\/noscript>\n\t<script type=\"application\/json\" class=\"wp-playlist-script\">{\"type\":\"audio\",\"tracklist\":true,\"tracknumbers\":true,\"images\":true,\"artists\":true,\"tracks\":[{\"src\":\"https:\\\/\\\/radio.ufpa.br\\\/wp-content\\\/uploads\\\/2017\\\/11\\\/UFPA PESQUISA - CONFLITOS SOCIOAMBIENTAIS - 02.11.17.mp3\",\"type\":\"audio\\\/mpeg\",\"title\":\"Conflitos socioambientais na Amaz\\u00f4nia.\",\"caption\":\"\",\"description\":\"\\\"UFPA PESQUISA - CONFLITOS SOCIOAMBIENTAIS - 02.11.17\\\". Genre: Other.\",\"meta\":{\"artist\":\"R\\u00e1dio Web UFPA\",\"album\":\"UFPA Pesquisa\",\"genre\":\"Other\",\"length_formatted\":\"56:27\"},\"image\":{\"src\":\"https:\\\/\\\/i0.wp.com\\\/radio.ufpa.br\\\/wp-content\\\/uploads\\\/2017\\\/06\\\/pesquisa.png?fit=480%2C480&ssl=1\",\"width\":480,\"height\":480},\"thumb\":{\"src\":\"https:\\\/\\\/i0.wp.com\\\/radio.ufpa.br\\\/wp-content\\\/uploads\\\/2017\\\/06\\\/pesquisa.png?resize=150%2C150&ssl=1\",\"width\":150,\"height\":150}}]}<\/script>\n<\/div>\n\t\n<p>No Brasil, o debate socioambiental ganha cada vez mais for\u00e7a, desde a Constitui\u00e7\u00e3o de 1988, com o reconhecimento dos direitos dos povos ind\u00edgenas e comunidades quilombolas, e, ainda das chamadas popula\u00e7\u00f5es tradicionais, que, historicamente, vivem \u00e0 margem do processo produtivo econ\u00f4mico desenvolvido no Pa\u00eds, especialmente, na regi\u00e3o amaz\u00f4nica.<\/p>\n<p>Nesse contexto, se intensificam os conflitos com os grupos hegem\u00f4nicos, voltados para a explora\u00e7\u00e3o dos recursos naturais com interesses geoecon\u00f4micos, muitas vezes, sem contrapartida para as popula\u00e7\u00f5es que, h\u00e1 s\u00e9culos, est\u00e3o presentes nos territ\u00f3rios, em plena conson\u00e2ncia com a natureza, principal fonte de sobreviv\u00eancia para esses grupos, que veem na terra muito mais que um peda\u00e7\u00e3o de ch\u00e3o. Para eles, o direito ao territ\u00f3rio significa preserva\u00e7\u00e3o de costumes e tradi\u00e7\u00f5es que os identificam nas diversas pr\u00e1ticas culturais.<\/p>\n<p>O resultado dessa situa\u00e7\u00e3o conflituosa na Amaz\u00f4nia \u00e9 o elevado \u00edndice de viol\u00eancia no campo, principalmente, no estado do Par\u00e1. Uma realidade que envolve a crescente disputa pelos recursos florestais, minerais, h\u00eddricos e energ\u00e9ticos, em detrimento ao apoio e incentivos as pr\u00e1ticas consideradas mais sustent\u00e1veis, como, por exemplo, a agricultura familiar.<\/p>\n<p>Diante desse universo de interesses e preocupa\u00e7\u00f5es socioambientais, a Universidade tem o papel fundamental de produzir conhecimento sobre a regi\u00e3o e as pr\u00e1ticas econ\u00f4micas e culturais das comunidades tradicionais, sempre buscando reconhecer e incluir o conhecimento das popula\u00e7\u00f5es nas pesquisas e estudos, dando vez e voz aos diversos grupos. E, principalmente, ajudando a entender melhor as causas e os caminhos para amenizar os conflitos socioambientais na Amaz\u00f4nia e em todo o Pa\u00eds.<\/p>\n<p>Por isso, para discutir os &#8220;Conflitos socioambientais na Amaz\u00f4nia&#8221;, esta edi\u00e7\u00e3o do UFPA Pesquisa convidou a professora Lise Tupiassu, que coordena o grupo de pesquisa Biodiversidade, Territ\u00f3rio e Sociedade na Amaz\u00f4nia; o professor Jos\u00e9 Heder Benatti, diretor geral do Instituto de Ci\u00eancias Jur\u00eddicas da UFPA e coordenador do grupo de pesquisa Ordenamento Territorial e Governan\u00e7a da Terra na Amaz\u00f4nia; Evilhane Martins, doutoranda em direito, na linha de pesquisa Direitos Humanos e Meio Ambiente pela UFPA e integrante do grupo de pesquisa Direito dos Povos e Comunidades Tradicionais; e ainda professora Luly Fischer, integrante dos grupos de pesquisa: Biodiversidade, Territ\u00f3rio e Sociedade na Amaz\u00f4nia; Ordenamento Territorial e Governan\u00e7a da Terra na Amaz\u00f4nia.<\/p>\n<p>Apresenta\u00e7\u00e3o: Elissandra Batista<br \/>\nProdu\u00e7\u00e3o: Hojo Rodrigues<br \/>\nGrava\u00e7\u00e3o e montagem: Jo\u00e3o Nilo Ferreira.<\/p>\n<p>O UFPA Pesquisa vai ao ar todas as quintas-feiras, \u00e0s 10h e 21h.<br \/>\nHor\u00e1rios alternativos de exibi\u00e7\u00e3o: sexta-feira, \u00e0s 15h \/ domingo: \u00e0s 10h.<\/p>\n","protected":false},"excerpt":{"rendered":"<p> &#8230; <a title=\"Conflitos socioambientais na Amaz\u00f4nia.\" class=\"read-more\" href=\"https:\/\/radio.ufpa.br\/index.php\/ufpa-pesquisa\/conflitos-socio-ambientais\/\" aria-label=\"Read more about Conflitos socioambientais na Amaz\u00f4nia.\">Ler mais<\/a><\/p>\n","protected":false},"author":2,"featured_media":2756,"comment_status":"open","ping_status":"open","sticky":false,"template":"","format":"standard","meta":{"_acf_changed":false,"_exactmetrics_skip_tracking":false,"_exactmetrics_sitenote_active":false,"_exactmetrics_sitenote_note":"","_exactmetrics_sitenote_category":0,"_monsterinsights_skip_tracking":false,"_monsterinsights_sitenote_active":false,"_monsterinsights_sitenote_note":"","_monsterinsights_sitenote_category":0,"_uf_show_specific_survey":0,"_uf_disable_surveys":false,"jetpack_post_was_ever_published":false,"_jetpack_newsletter_access":"","_jetpack_dont_email_post_to_subs":false,"_jetpack_newsletter_tier_id":0,"_jetpack_memberships_contains_paywalled_content":false,"_jetpack_memberships_contains_paid_content":false,"footnotes":"","jetpack_publicize_message":"","jetpack_publicize_feature_enabled":true,"jetpack_social_post_already_shared":true,"jetpack_social_options":{"image_generator_settings":{"template":"highway","enabled":false},"version":2}},"categories":[329],"tags":[],"class_list":["post-2649","post","type-post","status-publish","format-standard","has-post-thumbnail","hentry","category-ufpa-pesquisa"],"acf":[],"yoast_head":"<!-- This site is optimized with the Yoast SEO plugin v25.1 - https:\/\/yoast.com\/wordpress\/plugins\/seo\/ -->\n<title>Conflitos socioambientais na Amaz\u00f4nia. - Radio Web UFPA<\/title>\n<meta name=\"robots\" content=\"index, follow, max-snippet:-1, max-image-preview:large, max-video-preview:-1\" \/>\n<link rel=\"canonical\" href=\"https:\/\/radio.ufpa.br\/index.php\/ufpa-pesquisa\/conflitos-socio-ambientais\/\" \/>\n<meta property=\"og:locale\" content=\"pt_BR\" \/>\n<meta property=\"og:type\" content=\"article\" \/>\n<meta property=\"og:title\" content=\"Conflitos socioambientais na Amaz\u00f4nia. - Radio Web UFPA\" \/>\n<meta property=\"og:description\" content=\"... Ler mais\" \/>\n<meta property=\"og:url\" content=\"https:\/\/radio.ufpa.br\/index.php\/ufpa-pesquisa\/conflitos-socio-ambientais\/\" \/>\n<meta property=\"og:site_name\" content=\"Radio Web UFPA\" \/>\n<meta property=\"article:publisher\" content=\"https:\/\/www.facebook.com\/radiowebufpa\" \/>\n<meta property=\"article:published_time\" content=\"2017-11-09T10:00:58+00:00\" \/>\n<meta property=\"article:modified_time\" content=\"2017-11-09T15:16:15+00:00\" \/>\n<meta property=\"og:image\" content=\"https:\/\/i0.wp.com\/radio.ufpa.br\/wp-content\/uploads\/2017\/11\/Conflitos%20socio%20ambientais.jpg?fit=952%2C720&ssl=1\" \/>\n\t<meta property=\"og:image:width\" content=\"952\" \/>\n\t<meta property=\"og:image:height\" content=\"720\" \/>\n\t<meta property=\"og:image:type\" content=\"image\/jpeg\" \/>\n<meta name=\"author\" content=\"Fabr\u00edcio Queiroz\" \/>\n<meta name=\"twitter:card\" content=\"summary_large_image\" \/>\n<meta name=\"twitter:creator\" content=\"@radiowebufpa\" \/>\n<meta name=\"twitter:site\" content=\"@radiowebufpa\" \/>\n<meta name=\"twitter:label1\" content=\"Escrito por\" \/>\n\t<meta name=\"twitter:data1\" content=\"Fabr\u00edcio Queiroz\" \/>\n\t<meta name=\"twitter:label2\" content=\"Est. tempo de leitura\" \/>\n\t<meta name=\"twitter:data2\" content=\"2 minutos\" \/>\n<script type=\"application\/ld+json\" class=\"yoast-schema-graph\">{\"@context\":\"https:\/\/schema.org\",\"@graph\":[{\"@type\":\"Article\",\"@id\":\"https:\/\/radio.ufpa.br\/index.php\/ufpa-pesquisa\/conflitos-socio-ambientais\/#article\",\"isPartOf\":{\"@id\":\"https:\/\/radio.ufpa.br\/index.php\/ufpa-pesquisa\/conflitos-socio-ambientais\/\"},\"author\":{\"name\":\"Fabr\u00edcio Queiroz\",\"@id\":\"https:\/\/radio.ufpa.br\/#\/schema\/person\/f3f139516982741ca0831359933ac096\"},\"headline\":\"Conflitos socioambientais na Amaz\u00f4nia.\",\"datePublished\":\"2017-11-09T10:00:58+00:00\",\"dateModified\":\"2017-11-09T15:16:15+00:00\",\"mainEntityOfPage\":{\"@id\":\"https:\/\/radio.ufpa.br\/index.php\/ufpa-pesquisa\/conflitos-socio-ambientais\/\"},\"wordCount\":453,\"commentCount\":0,\"publisher\":{\"@id\":\"https:\/\/radio.ufpa.br\/#organization\"},\"image\":{\"@id\":\"https:\/\/radio.ufpa.br\/index.php\/ufpa-pesquisa\/conflitos-socio-ambientais\/#primaryimage\"},\"thumbnailUrl\":\"https:\/\/i0.wp.com\/radio.ufpa.br\/wp-content\/uploads\/2017\/11\/Conflitos%20socio%20ambientais.jpg?fit=952%2C720&ssl=1\",\"articleSection\":[\"UFPA Pesquisa\"],\"inLanguage\":\"pt-BR\",\"potentialAction\":[{\"@type\":\"CommentAction\",\"name\":\"Comment\",\"target\":[\"https:\/\/radio.ufpa.br\/index.php\/ufpa-pesquisa\/conflitos-socio-ambientais\/#respond\"]}]},{\"@type\":\"WebPage\",\"@id\":\"https:\/\/radio.ufpa.br\/index.php\/ufpa-pesquisa\/conflitos-socio-ambientais\/\",\"url\":\"https:\/\/radio.ufpa.br\/index.php\/ufpa-pesquisa\/conflitos-socio-ambientais\/\",\"name\":\"Conflitos socioambientais na Amaz\u00f4nia. - Radio Web UFPA\",\"isPartOf\":{\"@id\":\"https:\/\/radio.ufpa.br\/#website\"},\"primaryImageOfPage\":{\"@id\":\"https:\/\/radio.ufpa.br\/index.php\/ufpa-pesquisa\/conflitos-socio-ambientais\/#primaryimage\"},\"image\":{\"@id\":\"https:\/\/radio.ufpa.br\/index.php\/ufpa-pesquisa\/conflitos-socio-ambientais\/#primaryimage\"},\"thumbnailUrl\":\"https:\/\/i0.wp.com\/radio.ufpa.br\/wp-content\/uploads\/2017\/11\/Conflitos%20socio%20ambientais.jpg?fit=952%2C720&ssl=1\",\"datePublished\":\"2017-11-09T10:00:58+00:00\",\"dateModified\":\"2017-11-09T15:16:15+00:00\",\"breadcrumb\":{\"@id\":\"https:\/\/radio.ufpa.br\/index.php\/ufpa-pesquisa\/conflitos-socio-ambientais\/#breadcrumb\"},\"inLanguage\":\"pt-BR\",\"potentialAction\":[{\"@type\":\"ReadAction\",\"target\":[\"https:\/\/radio.ufpa.br\/index.php\/ufpa-pesquisa\/conflitos-socio-ambientais\/\"]}]},{\"@type\":\"ImageObject\",\"inLanguage\":\"pt-BR\",\"@id\":\"https:\/\/radio.ufpa.br\/index.php\/ufpa-pesquisa\/conflitos-socio-ambientais\/#primaryimage\",\"url\":\"https:\/\/i0.wp.com\/radio.ufpa.br\/wp-content\/uploads\/2017\/11\/Conflitos%20socio%20ambientais.jpg?fit=952%2C720&ssl=1\",\"contentUrl\":\"https:\/\/i0.wp.com\/radio.ufpa.br\/wp-content\/uploads\/2017\/11\/Conflitos%20socio%20ambientais.jpg?fit=952%2C720&ssl=1\",\"width\":952,\"height\":720},{\"@type\":\"BreadcrumbList\",\"@id\":\"https:\/\/radio.ufpa.br\/index.php\/ufpa-pesquisa\/conflitos-socio-ambientais\/#breadcrumb\",\"itemListElement\":[{\"@type\":\"ListItem\",\"position\":1,\"name\":\"In\u00edcio\",\"item\":\"https:\/\/radio.ufpa.br\/\"},{\"@type\":\"ListItem\",\"position\":2,\"name\":\"Conflitos socioambientais na Amaz\u00f4nia.\"}]},{\"@type\":\"WebSite\",\"@id\":\"https:\/\/radio.ufpa.br\/#website\",\"url\":\"https:\/\/radio.ufpa.br\/\",\"name\":\"Radio Web UFPA\",\"description\":\"Divulgando o conhecimento\",\"publisher\":{\"@id\":\"https:\/\/radio.ufpa.br\/#organization\"},\"potentialAction\":[{\"@type\":\"SearchAction\",\"target\":{\"@type\":\"EntryPoint\",\"urlTemplate\":\"https:\/\/radio.ufpa.br\/?s={search_term_string}\"},\"query-input\":{\"@type\":\"PropertyValueSpecification\",\"valueRequired\":true,\"valueName\":\"search_term_string\"}}],\"inLanguage\":\"pt-BR\"},{\"@type\":\"Organization\",\"@id\":\"https:\/\/radio.ufpa.br\/#organization\",\"name\":\"UNIVERSIDADE FEDERAL DO PAR\u00c1-R\u00c1DIO WEB UFPA\",\"url\":\"https:\/\/radio.ufpa.br\/\",\"logo\":{\"@type\":\"ImageObject\",\"inLanguage\":\"pt-BR\",\"@id\":\"https:\/\/radio.ufpa.br\/#\/schema\/logo\/image\/\",\"url\":\"https:\/\/i0.wp.com\/radio.ufpa.br\/wp-content\/uploads\/2025\/12\/images-removebg-preview.png?fit=417%2C121&ssl=1\",\"contentUrl\":\"https:\/\/i0.wp.com\/radio.ufpa.br\/wp-content\/uploads\/2025\/12\/images-removebg-preview.png?fit=417%2C121&ssl=1\",\"width\":417,\"height\":121,\"caption\":\"UNIVERSIDADE FEDERAL DO PAR\u00c1-R\u00c1DIO WEB UFPA\"},\"image\":{\"@id\":\"https:\/\/radio.ufpa.br\/#\/schema\/logo\/image\/\"},\"sameAs\":[\"https:\/\/www.facebook.com\/radiowebufpa\",\"https:\/\/x.com\/radiowebufpa\",\"https:\/\/www.instagram.com\/radiowebufpa\/\",\"https:\/\/www.youtube.com\/user\/RadioWebUFP4\"]},{\"@type\":\"Person\",\"@id\":\"https:\/\/radio.ufpa.br\/#\/schema\/person\/f3f139516982741ca0831359933ac096\",\"name\":\"Fabr\u00edcio Queiroz\",\"image\":{\"@type\":\"ImageObject\",\"inLanguage\":\"pt-BR\",\"@id\":\"https:\/\/radio.ufpa.br\/#\/schema\/person\/image\/\",\"url\":\"https:\/\/secure.gravatar.com\/avatar\/16286edb2cee888d704ce74385081b7f?s=96&d=mm&r=g\",\"contentUrl\":\"https:\/\/secure.gravatar.com\/avatar\/16286edb2cee888d704ce74385081b7f?s=96&d=mm&r=g\",\"caption\":\"Fabr\u00edcio Queiroz\"},\"description\":\"Editor e Jornalista respons\u00e1vel\",\"url\":\"https:\/\/radio.ufpa.br\/index.php\/author\/fabricio\/\"}]}<\/script>\n<!-- \/ Yoast SEO plugin. -->","yoast_head_json":{"title":"Conflitos socioambientais na Amaz\u00f4nia. - Radio Web UFPA","robots":{"index":"index","follow":"follow","max-snippet":"max-snippet:-1","max-image-preview":"max-image-preview:large","max-video-preview":"max-video-preview:-1"},"canonical":"https:\/\/radio.ufpa.br\/index.php\/ufpa-pesquisa\/conflitos-socio-ambientais\/","og_locale":"pt_BR","og_type":"article","og_title":"Conflitos socioambientais na Amaz\u00f4nia. - Radio Web UFPA","og_description":"... Ler mais","og_url":"https:\/\/radio.ufpa.br\/index.php\/ufpa-pesquisa\/conflitos-socio-ambientais\/","og_site_name":"Radio Web UFPA","article_publisher":"https:\/\/www.facebook.com\/radiowebufpa","article_published_time":"2017-11-09T10:00:58+00:00","article_modified_time":"2017-11-09T15:16:15+00:00","og_image":[{"width":952,"height":720,"url":"https:\/\/i0.wp.com\/radio.ufpa.br\/wp-content\/uploads\/2017\/11\/Conflitos socio ambientais.jpg?fit=952%2C720&ssl=1","type":"image\/jpeg"}],"author":"Fabr\u00edcio Queiroz","twitter_card":"summary_large_image","twitter_creator":"@radiowebufpa","twitter_site":"@radiowebufpa","twitter_misc":{"Escrito por":"Fabr\u00edcio Queiroz","Est. tempo de leitura":"2 minutos"},"schema":{"@context":"https:\/\/schema.org","@graph":[{"@type":"Article","@id":"https:\/\/radio.ufpa.br\/index.php\/ufpa-pesquisa\/conflitos-socio-ambientais\/#article","isPartOf":{"@id":"https:\/\/radio.ufpa.br\/index.php\/ufpa-pesquisa\/conflitos-socio-ambientais\/"},"author":{"name":"Fabr\u00edcio Queiroz","@id":"https:\/\/radio.ufpa.br\/#\/schema\/person\/f3f139516982741ca0831359933ac096"},"headline":"Conflitos socioambientais na Amaz\u00f4nia.","datePublished":"2017-11-09T10:00:58+00:00","dateModified":"2017-11-09T15:16:15+00:00","mainEntityOfPage":{"@id":"https:\/\/radio.ufpa.br\/index.php\/ufpa-pesquisa\/conflitos-socio-ambientais\/"},"wordCount":453,"commentCount":0,"publisher":{"@id":"https:\/\/radio.ufpa.br\/#organization"},"image":{"@id":"https:\/\/radio.ufpa.br\/index.php\/ufpa-pesquisa\/conflitos-socio-ambientais\/#primaryimage"},"thumbnailUrl":"https:\/\/i0.wp.com\/radio.ufpa.br\/wp-content\/uploads\/2017\/11\/Conflitos%20socio%20ambientais.jpg?fit=952%2C720&ssl=1","articleSection":["UFPA Pesquisa"],"inLanguage":"pt-BR","potentialAction":[{"@type":"CommentAction","name":"Comment","target":["https:\/\/radio.ufpa.br\/index.php\/ufpa-pesquisa\/conflitos-socio-ambientais\/#respond"]}]},{"@type":"WebPage","@id":"https:\/\/radio.ufpa.br\/index.php\/ufpa-pesquisa\/conflitos-socio-ambientais\/","url":"https:\/\/radio.ufpa.br\/index.php\/ufpa-pesquisa\/conflitos-socio-ambientais\/","name":"Conflitos socioambientais na Amaz\u00f4nia. - Radio Web UFPA","isPartOf":{"@id":"https:\/\/radio.ufpa.br\/#website"},"primaryImageOfPage":{"@id":"https:\/\/radio.ufpa.br\/index.php\/ufpa-pesquisa\/conflitos-socio-ambientais\/#primaryimage"},"image":{"@id":"https:\/\/radio.ufpa.br\/index.php\/ufpa-pesquisa\/conflitos-socio-ambientais\/#primaryimage"},"thumbnailUrl":"https:\/\/i0.wp.com\/radio.ufpa.br\/wp-content\/uploads\/2017\/11\/Conflitos%20socio%20ambientais.jpg?fit=952%2C720&ssl=1","datePublished":"2017-11-09T10:00:58+00:00","dateModified":"2017-11-09T15:16:15+00:00","breadcrumb":{"@id":"https:\/\/radio.ufpa.br\/index.php\/ufpa-pesquisa\/conflitos-socio-ambientais\/#breadcrumb"},"inLanguage":"pt-BR","potentialAction":[{"@type":"ReadAction","target":["https:\/\/radio.ufpa.br\/index.php\/ufpa-pesquisa\/conflitos-socio-ambientais\/"]}]},{"@type":"ImageObject","inLanguage":"pt-BR","@id":"https:\/\/radio.ufpa.br\/index.php\/ufpa-pesquisa\/conflitos-socio-ambientais\/#primaryimage","url":"https:\/\/i0.wp.com\/radio.ufpa.br\/wp-content\/uploads\/2017\/11\/Conflitos%20socio%20ambientais.jpg?fit=952%2C720&ssl=1","contentUrl":"https:\/\/i0.wp.com\/radio.ufpa.br\/wp-content\/uploads\/2017\/11\/Conflitos%20socio%20ambientais.jpg?fit=952%2C720&ssl=1","width":952,"height":720},{"@type":"BreadcrumbList","@id":"https:\/\/radio.ufpa.br\/index.php\/ufpa-pesquisa\/conflitos-socio-ambientais\/#breadcrumb","itemListElement":[{"@type":"ListItem","position":1,"name":"In\u00edcio","item":"https:\/\/radio.ufpa.br\/"},{"@type":"ListItem","position":2,"name":"Conflitos socioambientais na Amaz\u00f4nia."}]},{"@type":"WebSite","@id":"https:\/\/radio.ufpa.br\/#website","url":"https:\/\/radio.ufpa.br\/","name":"Radio Web UFPA","description":"Divulgando o conhecimento","publisher":{"@id":"https:\/\/radio.ufpa.br\/#organization"},"potentialAction":[{"@type":"SearchAction","target":{"@type":"EntryPoint","urlTemplate":"https:\/\/radio.ufpa.br\/?s={search_term_string}"},"query-input":{"@type":"PropertyValueSpecification","valueRequired":true,"valueName":"search_term_string"}}],"inLanguage":"pt-BR"},{"@type":"Organization","@id":"https:\/\/radio.ufpa.br\/#organization","name":"UNIVERSIDADE FEDERAL DO PAR\u00c1-R\u00c1DIO WEB UFPA","url":"https:\/\/radio.ufpa.br\/","logo":{"@type":"ImageObject","inLanguage":"pt-BR","@id":"https:\/\/radio.ufpa.br\/#\/schema\/logo\/image\/","url":"https:\/\/i0.wp.com\/radio.ufpa.br\/wp-content\/uploads\/2025\/12\/images-removebg-preview.png?fit=417%2C121&ssl=1","contentUrl":"https:\/\/i0.wp.com\/radio.ufpa.br\/wp-content\/uploads\/2025\/12\/images-removebg-preview.png?fit=417%2C121&ssl=1","width":417,"height":121,"caption":"UNIVERSIDADE FEDERAL DO PAR\u00c1-R\u00c1DIO WEB UFPA"},"image":{"@id":"https:\/\/radio.ufpa.br\/#\/schema\/logo\/image\/"},"sameAs":["https:\/\/www.facebook.com\/radiowebufpa","https:\/\/x.com\/radiowebufpa","https:\/\/www.instagram.com\/radiowebufpa\/","https:\/\/www.youtube.com\/user\/RadioWebUFP4"]},{"@type":"Person","@id":"https:\/\/radio.ufpa.br\/#\/schema\/person\/f3f139516982741ca0831359933ac096","name":"Fabr\u00edcio Queiroz","image":{"@type":"ImageObject","inLanguage":"pt-BR","@id":"https:\/\/radio.ufpa.br\/#\/schema\/person\/image\/","url":"https:\/\/secure.gravatar.com\/avatar\/16286edb2cee888d704ce74385081b7f?s=96&d=mm&r=g","contentUrl":"https:\/\/secure.gravatar.com\/avatar\/16286edb2cee888d704ce74385081b7f?s=96&d=mm&r=g","caption":"Fabr\u00edcio Queiroz"},"description":"Editor e Jornalista respons\u00e1vel","url":"https:\/\/radio.ufpa.br\/index.php\/author\/fabricio\/"}]}},"jetpack_publicize_connections":[],"jetpack_featured_media_url":"https:\/\/i0.wp.com\/radio.ufpa.br\/wp-content\/uploads\/2017\/11\/Conflitos%20socio%20ambientais.jpg?fit=952%2C720&ssl=1","jetpack_shortlink":"https:\/\/wp.me\/p8TJeA-GJ","jetpack_likes_enabled":true,"jetpack-related-posts":[],"jetpack_sharing_enabled":true,"_links":{"self":[{"href":"https:\/\/radio.ufpa.br\/index.php\/wp-json\/wp\/v2\/posts\/2649","targetHints":{"allow":["GET"]}}],"collection":[{"href":"https:\/\/radio.ufpa.br\/index.php\/wp-json\/wp\/v2\/posts"}],"about":[{"href":"https:\/\/radio.ufpa.br\/index.php\/wp-json\/wp\/v2\/types\/post"}],"author":[{"embeddable":true,"href":"https:\/\/radio.ufpa.br\/index.php\/wp-json\/wp\/v2\/users\/2"}],"replies":[{"embeddable":true,"href":"https:\/\/radio.ufpa.br\/index.php\/wp-json\/wp\/v2\/comments?post=2649"}],"version-history":[{"count":6,"href":"https:\/\/radio.ufpa.br\/index.php\/wp-json\/wp\/v2\/posts\/2649\/revisions"}],"predecessor-version":[{"id":2759,"href":"https:\/\/radio.ufpa.br\/index.php\/wp-json\/wp\/v2\/posts\/2649\/revisions\/2759"}],"wp:featuredmedia":[{"embeddable":true,"href":"https:\/\/radio.ufpa.br\/index.php\/wp-json\/wp\/v2\/media\/2756"}],"wp:attachment":[{"href":"https:\/\/radio.ufpa.br\/index.php\/wp-json\/wp\/v2\/media?parent=2649"}],"wp:term":[{"taxonomy":"category","embeddable":true,"href":"https:\/\/radio.ufpa.br\/index.php\/wp-json\/wp\/v2\/categories?post=2649"},{"taxonomy":"post_tag","embeddable":true,"href":"https:\/\/radio.ufpa.br\/index.php\/wp-json\/wp\/v2\/tags?post=2649"}],"curies":[{"name":"wp","href":"https:\/\/api.w.org\/{rel}","templated":true}]}}