{"id":2894,"date":"2017-11-21T18:15:58","date_gmt":"2017-11-21T20:15:58","guid":{"rendered":"http:\/\/radio.ufpa.br\/?p=2894"},"modified":"2017-11-28T18:23:31","modified_gmt":"2017-11-28T20:23:31","slug":"formacao-docente-para-inclusao-de-alunos-da-educacao-especial-na-educacao-superior","status":"publish","type":"post","link":"https:\/\/radio.ufpa.br\/index.php\/universidade-multicampi\/formacao-docente-para-inclusao-de-alunos-da-educacao-especial-na-educacao-superior\/","title":{"rendered":"Forma\u00e7\u00e3o Docente para Inclus\u00e3o de Alunos da Educa\u00e7\u00e3o Especial na Educa\u00e7\u00e3o Superior"},"content":{"rendered":"<!--[if lt IE 9]><script>document.createElement('audio');<\/script><![endif]-->\n\t<div class=\"wp-playlist wp-audio-playlist wp-playlist-light\">\n\t\t\t<div class=\"wp-playlist-current-item\"><\/div>\n\t\t<audio controls=\"controls\" preload=\"none\" width=\"1178\"\n\t\t\t><\/audio>\n\t<div class=\"wp-playlist-next\"><\/div>\n\t<div class=\"wp-playlist-prev\"><\/div>\n\t<noscript>\n\t<ol>\n\t\t<li><a href='https:\/\/radio.ufpa.br\/wp-content\/uploads\/2017\/11\/UNIVERSIDADE%20MULTICAMPI%20-%20FORMA\u00c7\u00c3O%20E%20INCLUS\u00c3O%20DE%20ALUNOS%20COM%20NECESSIDADES%20ESPECIAIS%20-%2021.11.17.mp3'>Forma\u00e7\u00e3o e Inclus\u00e3o de Alunos Com Necessidades Especiais<\/a><\/li>\t<\/ol>\n\t<\/noscript>\n\t<script type=\"application\/json\" class=\"wp-playlist-script\">{\"type\":\"audio\",\"tracklist\":true,\"tracknumbers\":true,\"images\":true,\"artists\":true,\"tracks\":[{\"src\":\"https:\\\/\\\/radio.ufpa.br\\\/wp-content\\\/uploads\\\/2017\\\/11\\\/UNIVERSIDADE MULTICAMPI - FORMA\\u00c7\\u00c3O E INCLUS\\u00c3O DE ALUNOS COM NECESSIDADES ESPECIAIS - 21.11.17.mp3\",\"type\":\"audio\\\/mpeg\",\"title\":\"Forma\\u00e7\\u00e3o e Inclus\\u00e3o de Alunos Com Necessidades Especiais\",\"caption\":\"\",\"description\":\"\\\"UNIVERSIDADE MULTICAMPI - FORMA\\u00c7\\u00c3O E INCLUS\\u00c3O DE ALUNOS COM NECESSIDADES ESPECIAIS - 21.11.17\\\". Genre: Other.\",\"meta\":{\"artist\":\"R\\u00c1DIO WEB UFPA\",\"album\":\"Universidade MultiCampi\",\"genre\":\"Other\",\"length_formatted\":\"38:24\"},\"image\":{\"src\":\"https:\\\/\\\/i0.wp.com\\\/radio.ufpa.br\\\/wp-content\\\/uploads\\\/2017\\\/06\\\/multicampi.png?fit=300%2C300&ssl=1\",\"width\":300,\"height\":300},\"thumb\":{\"src\":\"https:\\\/\\\/i0.wp.com\\\/radio.ufpa.br\\\/wp-content\\\/uploads\\\/2017\\\/06\\\/multicampi.png?resize=150%2C150&ssl=1\",\"width\":150,\"height\":150}}]}<\/script>\n<\/div>\n\t\n<p>\u201cCabe a cada um dentro do seu papel na sociedade, refletir sobre o que precisa ser feito de diferente para que essas pessoas (com defici\u00eancia) se sintam realmente inclu\u00eddas\u201d. A frase \u00e9 da professora Raphaella Duarte, coordenadora do projeto de \u201cForma\u00e7\u00e3o Docente para Inclus\u00e3o de Alunos da Educa\u00e7\u00e3o Especial na Educa\u00e7\u00e3o Superior\u201d.<\/p>\n<p>Graduada em psicologia e com linhas de pesquisa na \u00e1rea da surdez e educa\u00e7\u00e3o especial, a pesquisadora tamb\u00e9m participa do Grupo de Educa\u00e7\u00e3o Inclusiva da Regi\u00e3o Amaz\u00f4nica\u00a0<a href=\"http:\/\/www.facebook.com\/geira.ufpa\">(GEIRA)<\/a>, do campus da UFPA em Castanhal.<\/p>\n<p>A proposta inicial do projeto de oferecer forma\u00e7\u00e3o para os docentes da educa\u00e7\u00e3o b\u00e1sica mudou para atender as demandas de professores do ensino superior. As forma\u00e7\u00f5es t\u00eam dura\u00e7\u00e3o quatro horas e s\u00e3o realizadas em rodas de conversa em que \u00e9 poss\u00edvel dialogar e identificar as dificuldades do relacionamento entre professor e aluno com defici\u00eancia.<\/p>\n<p>A din\u00e2mica de atua\u00e7\u00e3o, ap\u00f3s a conversa, \u00e9 preparar a forma\u00e7\u00e3o de acordo com as demandas de professores e alunos, assim como as estrat\u00e9gias para solucionar cada situa\u00e7\u00e3o e garantir a inclus\u00e3o dos estudantes.<\/p>\n<p>De acordo com Raphaella Duarte, a equipe do GEIRA pretende avaliar a forma\u00e7\u00e3o oferecida aos docentes do ensino superior, assim como estudam a flexibiliza\u00e7\u00e3o dos hor\u00e1rios para que todos os professores participem das reuni\u00f5es.<\/p>\n<p>No bate papo ainda foram abordados temas como a responsabilidade social para a inclus\u00e3o e acessibilidade para pessoas com defici\u00eancia e a import\u00e2ncia do apoio institucional para o acesso e perman\u00eancia de alunos com defici\u00eancia no ensino superior. Isso e muito mais voc\u00ea confere nesta edi\u00e7\u00e3o do Universidade Multicampi.<\/p>\n<p>Apresenta\u00e7\u00e3o: Fabr\u00edcio Queiroz.<br \/>\nProdu\u00e7\u00e3o: Graziela Ferreira<br \/>\nGrava\u00e7\u00e3o e montagem: Jo\u00e3o Nilo<br \/>\nSupervis\u00e3o e edi\u00e7\u00e3o: Elissandra Batista e Fabr\u00edcio Queiroz.<\/p>\n<p>O Universidade Multicampi vai ao ar todas as ter\u00e7as-feiras, \u00e0s 10h e 21h.<br \/>\nHor\u00e1rios alternativos de exibi\u00e7\u00e3o: quinta-feira, \u00e0s 15h \/ S\u00e1bado, \u00e0s 19h.<\/p>\n","protected":false},"excerpt":{"rendered":"<p> &#8230; <a title=\"Forma\u00e7\u00e3o Docente para Inclus\u00e3o de Alunos da Educa\u00e7\u00e3o Especial na Educa\u00e7\u00e3o Superior\" class=\"read-more\" href=\"https:\/\/radio.ufpa.br\/index.php\/universidade-multicampi\/formacao-docente-para-inclusao-de-alunos-da-educacao-especial-na-educacao-superior\/\" aria-label=\"Read more about Forma\u00e7\u00e3o Docente para Inclus\u00e3o de Alunos da Educa\u00e7\u00e3o Especial na Educa\u00e7\u00e3o Superior\">Ler mais<\/a><\/p>\n","protected":false},"author":2,"featured_media":2910,"comment_status":"open","ping_status":"open","sticky":false,"template":"","format":"standard","meta":{"_acf_changed":false,"_exactmetrics_skip_tracking":false,"_monsterinsights_skip_tracking":false,"_uf_show_specific_survey":0,"_uf_disable_surveys":false,"jetpack_post_was_ever_published":false,"_jetpack_newsletter_access":"","_jetpack_dont_email_post_to_subs":false,"_jetpack_newsletter_tier_id":0,"_jetpack_memberships_contains_paywalled_content":false,"_jetpack_memberships_contains_paid_content":false,"footnotes":"","jetpack_publicize_message":"","jetpack_publicize_feature_enabled":true,"jetpack_social_post_already_shared":true,"jetpack_social_options":{"image_generator_settings":{"template":"highway","enabled":false},"version":2}},"categories":[38],"tags":[],"class_list":["post-2894","post","type-post","status-publish","format-standard","has-post-thumbnail","hentry","category-universidade-multicampi"],"acf":[],"yoast_head":"<!-- This site is optimized with the Yoast SEO plugin v25.1 - https:\/\/yoast.com\/wordpress\/plugins\/seo\/ -->\n<title>Forma\u00e7\u00e3o Docente para Inclus\u00e3o de Alunos da Educa\u00e7\u00e3o Especial na Educa\u00e7\u00e3o Superior - Radio Web UFPA<\/title>\n<meta name=\"robots\" content=\"index, follow, max-snippet:-1, max-image-preview:large, max-video-preview:-1\" \/>\n<link rel=\"canonical\" href=\"https:\/\/radio.ufpa.br\/index.php\/universidade-multicampi\/formacao-docente-para-inclusao-de-alunos-da-educacao-especial-na-educacao-superior\/\" \/>\n<meta property=\"og:locale\" content=\"pt_BR\" \/>\n<meta property=\"og:type\" content=\"article\" \/>\n<meta property=\"og:title\" content=\"Forma\u00e7\u00e3o Docente para Inclus\u00e3o de Alunos da Educa\u00e7\u00e3o Especial na Educa\u00e7\u00e3o Superior - Radio Web UFPA\" \/>\n<meta property=\"og:description\" content=\"... Ler mais\" \/>\n<meta property=\"og:url\" content=\"https:\/\/radio.ufpa.br\/index.php\/universidade-multicampi\/formacao-docente-para-inclusao-de-alunos-da-educacao-especial-na-educacao-superior\/\" \/>\n<meta property=\"og:site_name\" content=\"Radio Web UFPA\" \/>\n<meta property=\"article:publisher\" content=\"https:\/\/www.facebook.com\/radiowebufpa\" \/>\n<meta property=\"article:published_time\" content=\"2017-11-21T20:15:58+00:00\" \/>\n<meta property=\"article:modified_time\" content=\"2017-11-28T20:23:31+00:00\" \/>\n<meta property=\"og:image\" content=\"https:\/\/i0.wp.com\/radio.ufpa.br\/wp-content\/uploads\/2017\/11\/imagem_educacao_inclusiva.png?fit=1460%2C354&ssl=1\" \/>\n\t<meta property=\"og:image:width\" content=\"1460\" \/>\n\t<meta property=\"og:image:height\" content=\"354\" \/>\n\t<meta property=\"og:image:type\" content=\"image\/png\" \/>\n<meta name=\"author\" content=\"Fabr\u00edcio Queiroz\" \/>\n<meta name=\"twitter:card\" content=\"summary_large_image\" \/>\n<meta name=\"twitter:creator\" content=\"@radiowebufpa\" \/>\n<meta name=\"twitter:site\" content=\"@radiowebufpa\" \/>\n<meta name=\"twitter:label1\" content=\"Escrito por\" \/>\n\t<meta name=\"twitter:data1\" content=\"Fabr\u00edcio Queiroz\" \/>\n\t<meta name=\"twitter:label2\" content=\"Est. tempo de leitura\" \/>\n\t<meta name=\"twitter:data2\" content=\"2 minutos\" \/>\n<script type=\"application\/ld+json\" class=\"yoast-schema-graph\">{\"@context\":\"https:\/\/schema.org\",\"@graph\":[{\"@type\":\"Article\",\"@id\":\"https:\/\/radio.ufpa.br\/index.php\/universidade-multicampi\/formacao-docente-para-inclusao-de-alunos-da-educacao-especial-na-educacao-superior\/#article\",\"isPartOf\":{\"@id\":\"https:\/\/radio.ufpa.br\/index.php\/universidade-multicampi\/formacao-docente-para-inclusao-de-alunos-da-educacao-especial-na-educacao-superior\/\"},\"author\":{\"name\":\"Fabr\u00edcio Queiroz\",\"@id\":\"https:\/\/radio.ufpa.br\/#\/schema\/person\/f3f139516982741ca0831359933ac096\"},\"headline\":\"Forma\u00e7\u00e3o Docente para Inclus\u00e3o de Alunos da Educa\u00e7\u00e3o Especial na Educa\u00e7\u00e3o Superior\",\"datePublished\":\"2017-11-21T20:15:58+00:00\",\"dateModified\":\"2017-11-28T20:23:31+00:00\",\"mainEntityOfPage\":{\"@id\":\"https:\/\/radio.ufpa.br\/index.php\/universidade-multicampi\/formacao-docente-para-inclusao-de-alunos-da-educacao-especial-na-educacao-superior\/\"},\"wordCount\":363,\"commentCount\":0,\"publisher\":{\"@id\":\"https:\/\/radio.ufpa.br\/#organization\"},\"image\":{\"@id\":\"https:\/\/radio.ufpa.br\/index.php\/universidade-multicampi\/formacao-docente-para-inclusao-de-alunos-da-educacao-especial-na-educacao-superior\/#primaryimage\"},\"thumbnailUrl\":\"https:\/\/i0.wp.com\/radio.ufpa.br\/wp-content\/uploads\/2017\/11\/imagem_educacao_inclusiva.png?fit=1460%2C354&ssl=1\",\"articleSection\":[\"Universidade Multicampi\"],\"inLanguage\":\"pt-BR\",\"potentialAction\":[{\"@type\":\"CommentAction\",\"name\":\"Comment\",\"target\":[\"https:\/\/radio.ufpa.br\/index.php\/universidade-multicampi\/formacao-docente-para-inclusao-de-alunos-da-educacao-especial-na-educacao-superior\/#respond\"]}]},{\"@type\":\"WebPage\",\"@id\":\"https:\/\/radio.ufpa.br\/index.php\/universidade-multicampi\/formacao-docente-para-inclusao-de-alunos-da-educacao-especial-na-educacao-superior\/\",\"url\":\"https:\/\/radio.ufpa.br\/index.php\/universidade-multicampi\/formacao-docente-para-inclusao-de-alunos-da-educacao-especial-na-educacao-superior\/\",\"name\":\"Forma\u00e7\u00e3o Docente para Inclus\u00e3o de Alunos da Educa\u00e7\u00e3o Especial na Educa\u00e7\u00e3o Superior - Radio Web UFPA\",\"isPartOf\":{\"@id\":\"https:\/\/radio.ufpa.br\/#website\"},\"primaryImageOfPage\":{\"@id\":\"https:\/\/radio.ufpa.br\/index.php\/universidade-multicampi\/formacao-docente-para-inclusao-de-alunos-da-educacao-especial-na-educacao-superior\/#primaryimage\"},\"image\":{\"@id\":\"https:\/\/radio.ufpa.br\/index.php\/universidade-multicampi\/formacao-docente-para-inclusao-de-alunos-da-educacao-especial-na-educacao-superior\/#primaryimage\"},\"thumbnailUrl\":\"https:\/\/i0.wp.com\/radio.ufpa.br\/wp-content\/uploads\/2017\/11\/imagem_educacao_inclusiva.png?fit=1460%2C354&ssl=1\",\"datePublished\":\"2017-11-21T20:15:58+00:00\",\"dateModified\":\"2017-11-28T20:23:31+00:00\",\"breadcrumb\":{\"@id\":\"https:\/\/radio.ufpa.br\/index.php\/universidade-multicampi\/formacao-docente-para-inclusao-de-alunos-da-educacao-especial-na-educacao-superior\/#breadcrumb\"},\"inLanguage\":\"pt-BR\",\"potentialAction\":[{\"@type\":\"ReadAction\",\"target\":[\"https:\/\/radio.ufpa.br\/index.php\/universidade-multicampi\/formacao-docente-para-inclusao-de-alunos-da-educacao-especial-na-educacao-superior\/\"]}]},{\"@type\":\"ImageObject\",\"inLanguage\":\"pt-BR\",\"@id\":\"https:\/\/radio.ufpa.br\/index.php\/universidade-multicampi\/formacao-docente-para-inclusao-de-alunos-da-educacao-especial-na-educacao-superior\/#primaryimage\",\"url\":\"https:\/\/i0.wp.com\/radio.ufpa.br\/wp-content\/uploads\/2017\/11\/imagem_educacao_inclusiva.png?fit=1460%2C354&ssl=1\",\"contentUrl\":\"https:\/\/i0.wp.com\/radio.ufpa.br\/wp-content\/uploads\/2017\/11\/imagem_educacao_inclusiva.png?fit=1460%2C354&ssl=1\",\"width\":1460,\"height\":354},{\"@type\":\"BreadcrumbList\",\"@id\":\"https:\/\/radio.ufpa.br\/index.php\/universidade-multicampi\/formacao-docente-para-inclusao-de-alunos-da-educacao-especial-na-educacao-superior\/#breadcrumb\",\"itemListElement\":[{\"@type\":\"ListItem\",\"position\":1,\"name\":\"In\u00edcio\",\"item\":\"https:\/\/radio.ufpa.br\/\"},{\"@type\":\"ListItem\",\"position\":2,\"name\":\"Forma\u00e7\u00e3o Docente para Inclus\u00e3o de Alunos da Educa\u00e7\u00e3o Especial na Educa\u00e7\u00e3o Superior\"}]},{\"@type\":\"WebSite\",\"@id\":\"https:\/\/radio.ufpa.br\/#website\",\"url\":\"https:\/\/radio.ufpa.br\/\",\"name\":\"Radio Web UFPA\",\"description\":\"Divulgando o conhecimento\",\"publisher\":{\"@id\":\"https:\/\/radio.ufpa.br\/#organization\"},\"potentialAction\":[{\"@type\":\"SearchAction\",\"target\":{\"@type\":\"EntryPoint\",\"urlTemplate\":\"https:\/\/radio.ufpa.br\/?s={search_term_string}\"},\"query-input\":{\"@type\":\"PropertyValueSpecification\",\"valueRequired\":true,\"valueName\":\"search_term_string\"}}],\"inLanguage\":\"pt-BR\"},{\"@type\":\"Organization\",\"@id\":\"https:\/\/radio.ufpa.br\/#organization\",\"name\":\"UNIVERSIDADE FEDERAL DO PAR\u00c1-R\u00c1DIO WEB UFPA\",\"url\":\"https:\/\/radio.ufpa.br\/\",\"logo\":{\"@type\":\"ImageObject\",\"inLanguage\":\"pt-BR\",\"@id\":\"https:\/\/radio.ufpa.br\/#\/schema\/logo\/image\/\",\"url\":\"https:\/\/i0.wp.com\/radio.ufpa.br\/wp-content\/uploads\/2025\/12\/cropped-images-removebg-preview-1.png?fit=417%2C121&ssl=1\",\"contentUrl\":\"https:\/\/i0.wp.com\/radio.ufpa.br\/wp-content\/uploads\/2025\/12\/cropped-images-removebg-preview-1.png?fit=417%2C121&ssl=1\",\"width\":417,\"height\":121,\"caption\":\"UNIVERSIDADE FEDERAL DO PAR\u00c1-R\u00c1DIO WEB UFPA\"},\"image\":{\"@id\":\"https:\/\/radio.ufpa.br\/#\/schema\/logo\/image\/\"},\"sameAs\":[\"https:\/\/www.facebook.com\/radiowebufpa\",\"https:\/\/x.com\/radiowebufpa\",\"https:\/\/www.instagram.com\/radiowebufpa\/\",\"https:\/\/www.youtube.com\/user\/RadioWebUFP4\"]},{\"@type\":\"Person\",\"@id\":\"https:\/\/radio.ufpa.br\/#\/schema\/person\/f3f139516982741ca0831359933ac096\",\"name\":\"Fabr\u00edcio Queiroz\",\"image\":{\"@type\":\"ImageObject\",\"inLanguage\":\"pt-BR\",\"@id\":\"https:\/\/radio.ufpa.br\/#\/schema\/person\/image\/\",\"url\":\"https:\/\/secure.gravatar.com\/avatar\/16286edb2cee888d704ce74385081b7f?s=96&d=mm&r=g\",\"contentUrl\":\"https:\/\/secure.gravatar.com\/avatar\/16286edb2cee888d704ce74385081b7f?s=96&d=mm&r=g\",\"caption\":\"Fabr\u00edcio Queiroz\"},\"description\":\"Editor e Jornalista respons\u00e1vel\",\"url\":\"https:\/\/radio.ufpa.br\/index.php\/author\/fabricio\/\"}]}<\/script>\n<!-- \/ Yoast SEO plugin. -->","yoast_head_json":{"title":"Forma\u00e7\u00e3o Docente para Inclus\u00e3o de Alunos da Educa\u00e7\u00e3o Especial na Educa\u00e7\u00e3o Superior - Radio Web UFPA","robots":{"index":"index","follow":"follow","max-snippet":"max-snippet:-1","max-image-preview":"max-image-preview:large","max-video-preview":"max-video-preview:-1"},"canonical":"https:\/\/radio.ufpa.br\/index.php\/universidade-multicampi\/formacao-docente-para-inclusao-de-alunos-da-educacao-especial-na-educacao-superior\/","og_locale":"pt_BR","og_type":"article","og_title":"Forma\u00e7\u00e3o Docente para Inclus\u00e3o de Alunos da Educa\u00e7\u00e3o Especial na Educa\u00e7\u00e3o Superior - Radio Web UFPA","og_description":"... Ler mais","og_url":"https:\/\/radio.ufpa.br\/index.php\/universidade-multicampi\/formacao-docente-para-inclusao-de-alunos-da-educacao-especial-na-educacao-superior\/","og_site_name":"Radio Web UFPA","article_publisher":"https:\/\/www.facebook.com\/radiowebufpa","article_published_time":"2017-11-21T20:15:58+00:00","article_modified_time":"2017-11-28T20:23:31+00:00","og_image":[{"width":1460,"height":354,"url":"https:\/\/i0.wp.com\/radio.ufpa.br\/wp-content\/uploads\/2017\/11\/imagem_educacao_inclusiva.png?fit=1460%2C354&ssl=1","type":"image\/png"}],"author":"Fabr\u00edcio Queiroz","twitter_card":"summary_large_image","twitter_creator":"@radiowebufpa","twitter_site":"@radiowebufpa","twitter_misc":{"Escrito por":"Fabr\u00edcio Queiroz","Est. tempo de leitura":"2 minutos"},"schema":{"@context":"https:\/\/schema.org","@graph":[{"@type":"Article","@id":"https:\/\/radio.ufpa.br\/index.php\/universidade-multicampi\/formacao-docente-para-inclusao-de-alunos-da-educacao-especial-na-educacao-superior\/#article","isPartOf":{"@id":"https:\/\/radio.ufpa.br\/index.php\/universidade-multicampi\/formacao-docente-para-inclusao-de-alunos-da-educacao-especial-na-educacao-superior\/"},"author":{"name":"Fabr\u00edcio Queiroz","@id":"https:\/\/radio.ufpa.br\/#\/schema\/person\/f3f139516982741ca0831359933ac096"},"headline":"Forma\u00e7\u00e3o Docente para Inclus\u00e3o de Alunos da Educa\u00e7\u00e3o Especial na Educa\u00e7\u00e3o Superior","datePublished":"2017-11-21T20:15:58+00:00","dateModified":"2017-11-28T20:23:31+00:00","mainEntityOfPage":{"@id":"https:\/\/radio.ufpa.br\/index.php\/universidade-multicampi\/formacao-docente-para-inclusao-de-alunos-da-educacao-especial-na-educacao-superior\/"},"wordCount":363,"commentCount":0,"publisher":{"@id":"https:\/\/radio.ufpa.br\/#organization"},"image":{"@id":"https:\/\/radio.ufpa.br\/index.php\/universidade-multicampi\/formacao-docente-para-inclusao-de-alunos-da-educacao-especial-na-educacao-superior\/#primaryimage"},"thumbnailUrl":"https:\/\/i0.wp.com\/radio.ufpa.br\/wp-content\/uploads\/2017\/11\/imagem_educacao_inclusiva.png?fit=1460%2C354&ssl=1","articleSection":["Universidade Multicampi"],"inLanguage":"pt-BR","potentialAction":[{"@type":"CommentAction","name":"Comment","target":["https:\/\/radio.ufpa.br\/index.php\/universidade-multicampi\/formacao-docente-para-inclusao-de-alunos-da-educacao-especial-na-educacao-superior\/#respond"]}]},{"@type":"WebPage","@id":"https:\/\/radio.ufpa.br\/index.php\/universidade-multicampi\/formacao-docente-para-inclusao-de-alunos-da-educacao-especial-na-educacao-superior\/","url":"https:\/\/radio.ufpa.br\/index.php\/universidade-multicampi\/formacao-docente-para-inclusao-de-alunos-da-educacao-especial-na-educacao-superior\/","name":"Forma\u00e7\u00e3o Docente para Inclus\u00e3o de Alunos da Educa\u00e7\u00e3o Especial na Educa\u00e7\u00e3o Superior - Radio Web UFPA","isPartOf":{"@id":"https:\/\/radio.ufpa.br\/#website"},"primaryImageOfPage":{"@id":"https:\/\/radio.ufpa.br\/index.php\/universidade-multicampi\/formacao-docente-para-inclusao-de-alunos-da-educacao-especial-na-educacao-superior\/#primaryimage"},"image":{"@id":"https:\/\/radio.ufpa.br\/index.php\/universidade-multicampi\/formacao-docente-para-inclusao-de-alunos-da-educacao-especial-na-educacao-superior\/#primaryimage"},"thumbnailUrl":"https:\/\/i0.wp.com\/radio.ufpa.br\/wp-content\/uploads\/2017\/11\/imagem_educacao_inclusiva.png?fit=1460%2C354&ssl=1","datePublished":"2017-11-21T20:15:58+00:00","dateModified":"2017-11-28T20:23:31+00:00","breadcrumb":{"@id":"https:\/\/radio.ufpa.br\/index.php\/universidade-multicampi\/formacao-docente-para-inclusao-de-alunos-da-educacao-especial-na-educacao-superior\/#breadcrumb"},"inLanguage":"pt-BR","potentialAction":[{"@type":"ReadAction","target":["https:\/\/radio.ufpa.br\/index.php\/universidade-multicampi\/formacao-docente-para-inclusao-de-alunos-da-educacao-especial-na-educacao-superior\/"]}]},{"@type":"ImageObject","inLanguage":"pt-BR","@id":"https:\/\/radio.ufpa.br\/index.php\/universidade-multicampi\/formacao-docente-para-inclusao-de-alunos-da-educacao-especial-na-educacao-superior\/#primaryimage","url":"https:\/\/i0.wp.com\/radio.ufpa.br\/wp-content\/uploads\/2017\/11\/imagem_educacao_inclusiva.png?fit=1460%2C354&ssl=1","contentUrl":"https:\/\/i0.wp.com\/radio.ufpa.br\/wp-content\/uploads\/2017\/11\/imagem_educacao_inclusiva.png?fit=1460%2C354&ssl=1","width":1460,"height":354},{"@type":"BreadcrumbList","@id":"https:\/\/radio.ufpa.br\/index.php\/universidade-multicampi\/formacao-docente-para-inclusao-de-alunos-da-educacao-especial-na-educacao-superior\/#breadcrumb","itemListElement":[{"@type":"ListItem","position":1,"name":"In\u00edcio","item":"https:\/\/radio.ufpa.br\/"},{"@type":"ListItem","position":2,"name":"Forma\u00e7\u00e3o Docente para Inclus\u00e3o de Alunos da Educa\u00e7\u00e3o Especial na Educa\u00e7\u00e3o Superior"}]},{"@type":"WebSite","@id":"https:\/\/radio.ufpa.br\/#website","url":"https:\/\/radio.ufpa.br\/","name":"Radio Web UFPA","description":"Divulgando o conhecimento","publisher":{"@id":"https:\/\/radio.ufpa.br\/#organization"},"potentialAction":[{"@type":"SearchAction","target":{"@type":"EntryPoint","urlTemplate":"https:\/\/radio.ufpa.br\/?s={search_term_string}"},"query-input":{"@type":"PropertyValueSpecification","valueRequired":true,"valueName":"search_term_string"}}],"inLanguage":"pt-BR"},{"@type":"Organization","@id":"https:\/\/radio.ufpa.br\/#organization","name":"UNIVERSIDADE FEDERAL DO PAR\u00c1-R\u00c1DIO WEB UFPA","url":"https:\/\/radio.ufpa.br\/","logo":{"@type":"ImageObject","inLanguage":"pt-BR","@id":"https:\/\/radio.ufpa.br\/#\/schema\/logo\/image\/","url":"https:\/\/i0.wp.com\/radio.ufpa.br\/wp-content\/uploads\/2025\/12\/cropped-images-removebg-preview-1.png?fit=417%2C121&ssl=1","contentUrl":"https:\/\/i0.wp.com\/radio.ufpa.br\/wp-content\/uploads\/2025\/12\/cropped-images-removebg-preview-1.png?fit=417%2C121&ssl=1","width":417,"height":121,"caption":"UNIVERSIDADE FEDERAL DO PAR\u00c1-R\u00c1DIO WEB UFPA"},"image":{"@id":"https:\/\/radio.ufpa.br\/#\/schema\/logo\/image\/"},"sameAs":["https:\/\/www.facebook.com\/radiowebufpa","https:\/\/x.com\/radiowebufpa","https:\/\/www.instagram.com\/radiowebufpa\/","https:\/\/www.youtube.com\/user\/RadioWebUFP4"]},{"@type":"Person","@id":"https:\/\/radio.ufpa.br\/#\/schema\/person\/f3f139516982741ca0831359933ac096","name":"Fabr\u00edcio Queiroz","image":{"@type":"ImageObject","inLanguage":"pt-BR","@id":"https:\/\/radio.ufpa.br\/#\/schema\/person\/image\/","url":"https:\/\/secure.gravatar.com\/avatar\/16286edb2cee888d704ce74385081b7f?s=96&d=mm&r=g","contentUrl":"https:\/\/secure.gravatar.com\/avatar\/16286edb2cee888d704ce74385081b7f?s=96&d=mm&r=g","caption":"Fabr\u00edcio Queiroz"},"description":"Editor e Jornalista respons\u00e1vel","url":"https:\/\/radio.ufpa.br\/index.php\/author\/fabricio\/"}]}},"jetpack_publicize_connections":[],"jetpack_featured_media_url":"https:\/\/i0.wp.com\/radio.ufpa.br\/wp-content\/uploads\/2017\/11\/imagem_educacao_inclusiva.png?fit=1460%2C354&ssl=1","jetpack_shortlink":"https:\/\/wp.me\/p8TJeA-KG","jetpack_likes_enabled":true,"jetpack-related-posts":[],"jetpack_sharing_enabled":true,"_links":{"self":[{"href":"https:\/\/radio.ufpa.br\/index.php\/wp-json\/wp\/v2\/posts\/2894","targetHints":{"allow":["GET"]}}],"collection":[{"href":"https:\/\/radio.ufpa.br\/index.php\/wp-json\/wp\/v2\/posts"}],"about":[{"href":"https:\/\/radio.ufpa.br\/index.php\/wp-json\/wp\/v2\/types\/post"}],"author":[{"embeddable":true,"href":"https:\/\/radio.ufpa.br\/index.php\/wp-json\/wp\/v2\/users\/2"}],"replies":[{"embeddable":true,"href":"https:\/\/radio.ufpa.br\/index.php\/wp-json\/wp\/v2\/comments?post=2894"}],"version-history":[{"count":6,"href":"https:\/\/radio.ufpa.br\/index.php\/wp-json\/wp\/v2\/posts\/2894\/revisions"}],"predecessor-version":[{"id":2993,"href":"https:\/\/radio.ufpa.br\/index.php\/wp-json\/wp\/v2\/posts\/2894\/revisions\/2993"}],"wp:featuredmedia":[{"embeddable":true,"href":"https:\/\/radio.ufpa.br\/index.php\/wp-json\/wp\/v2\/media\/2910"}],"wp:attachment":[{"href":"https:\/\/radio.ufpa.br\/index.php\/wp-json\/wp\/v2\/media?parent=2894"}],"wp:term":[{"taxonomy":"category","embeddable":true,"href":"https:\/\/radio.ufpa.br\/index.php\/wp-json\/wp\/v2\/categories?post=2894"},{"taxonomy":"post_tag","embeddable":true,"href":"https:\/\/radio.ufpa.br\/index.php\/wp-json\/wp\/v2\/tags?post=2894"}],"curies":[{"name":"wp","href":"https:\/\/api.w.org\/{rel}","templated":true}]}}