{"id":3195,"date":"2017-12-18T08:00:21","date_gmt":"2017-12-18T10:00:21","guid":{"rendered":"http:\/\/radio.ufpa.br\/?p=3195"},"modified":"2017-12-21T19:15:45","modified_gmt":"2017-12-21T21:15:45","slug":"consumismo","status":"publish","type":"post","link":"https:\/\/radio.ufpa.br\/index.php\/ufpa-debate\/consumismo\/","title":{"rendered":"Consumismo"},"content":{"rendered":"<!--[if lt IE 9]><script>document.createElement('audio');<\/script><![endif]-->\n\t<div class=\"wp-playlist wp-audio-playlist wp-playlist-light\">\n\t\t\t<div class=\"wp-playlist-current-item\"><\/div>\n\t\t<audio controls=\"controls\" preload=\"none\" width=\"1178\"\n\t\t\t><\/audio>\n\t<div class=\"wp-playlist-next\"><\/div>\n\t<div class=\"wp-playlist-prev\"><\/div>\n\t<noscript>\n\t<ol>\n\t\t<li><a href='https:\/\/radio.ufpa.br\/wp-content\/uploads\/2017\/12\/UFPA%20DEBATE%20-%20CONSUMISMO%20%20-%2018.12.17.mp3'>UFPA DEBATE - CONSUMISMO  - 18.12.17<\/a><\/li>\t<\/ol>\n\t<\/noscript>\n\t<script type=\"application\/json\" class=\"wp-playlist-script\">{\"type\":\"audio\",\"tracklist\":true,\"tracknumbers\":true,\"images\":true,\"artists\":true,\"tracks\":[{\"src\":\"https:\\\/\\\/radio.ufpa.br\\\/wp-content\\\/uploads\\\/2017\\\/12\\\/UFPA DEBATE - CONSUMISMO  - 18.12.17.mp3\",\"type\":\"audio\\\/mpeg\",\"title\":\"UFPA DEBATE - CONSUMISMO  - 18.12.17\",\"caption\":\"\",\"description\":\"\\\"UFPA DEBATE - CONSUMISMO  - 18.12.17\\\". Genre: Other.\",\"meta\":{\"artist\":\"R\\u00c1DIO WEB UFPA\",\"album\":\"UFPA Debate\",\"genre\":\"Other\",\"length_formatted\":\"36:01\"},\"image\":{\"src\":\"https:\\\/\\\/i0.wp.com\\\/radio.ufpa.br\\\/wp-content\\\/uploads\\\/2017\\\/06\\\/icon_ufpa_debate.png?fit=500%2C500&ssl=1\",\"width\":500,\"height\":500},\"thumb\":{\"src\":\"https:\\\/\\\/i0.wp.com\\\/radio.ufpa.br\\\/wp-content\\\/uploads\\\/2017\\\/06\\\/icon_ufpa_debate.png?resize=150%2C150&ssl=1\",\"width\":150,\"height\":150}}]}<\/script>\n<\/div>\n\t\n<p>De acordo com dados do Servi\u00e7o de Prote\u00e7\u00e3o ao Cr\u00e9dito, o percentual de brasileiros endividados atingiu quase 40% da popula\u00e7\u00e3o em maio deste ano. \u00c9 o maior percentual desde o in\u00edcio da pesquisa em janeiro de 2015.<\/p>\n<p>Mesmo assim, a Confedera\u00e7\u00e3o Nacional do Com\u00e9rcio de Bens, Servi\u00e7o e Turismo prev\u00ea que as vendas no com\u00e9rcio varejista cres\u00e7am 1,6% este ano. Com as festas de fim de ano se aproximando, \u00e9 poss\u00edvel imaginar que os gastos e as vendas aumentem.<\/p>\n<p>Nesse cen\u00e1rio, o UFPA Debate discute o sentido do consumo na sociedade contempor\u00e2nea. Com o tema <strong>Consumismo<\/strong>, o programa trata de quest\u00f5es sobre o papel do consumo nas rela\u00e7\u00f5es sociais e os est\u00edmulos e fatores que nos levam a consumir tanto, chegando, em alguns casos ao consumismo.<\/p>\n<p>Para tratar desses temas, o UFPA Debate conta com a participa\u00e7\u00e3o da professora de Publicidade e Propaganda da Faculdade de Comunica\u00e7\u00e3o da UFPA e integrante do grupo de pesquisa Comunica\u00e7\u00e3o, Consumo e Identidade (Consia), <strong>Danuta Le\u00e3o<\/strong>; e o professor de Economia do Instituto de Ci\u00eancias Sociais e Aplicadas da UFPA e integrante do Grupo de Educa\u00e7\u00e3o Financeira da Amaz\u00f4nia (GEFam), <strong>Alexandre Damasceno<\/strong>.<\/p>\n<p>A professora Danuta Le\u00e3o n\u00e3o enxerga o consumo sob um aspecto negativo, especialmente em um cen\u00e1rio em que surgem modelos de consumo mais colaborativos. Para ela, no entanto, o consumidor precisa estar atento sobre aquilo que consome e se informar mais sobre a empresa e o modo de produ\u00e7\u00e3o. Danuta observa, ainda, que a televis\u00e3o ainda \u00e9 uma importante fonte de est\u00edmulo ao consumo, sendo necess\u00e1rio ter um cuidado maior com as crian\u00e7as para que aprendam a controlar o desejo de consumir.<\/p>\n<p>J\u00e1 o professor Alexandre Damasceno acredita que o consumo, nos \u00faltimos tempos, tem ganhado uma dimens\u00e3o mais positiva, inclusive na academia. O professor chama aten\u00e7\u00e3o para a import\u00e2ncia da educa\u00e7\u00e3o financeira entre os consumidores. A orienta\u00e7\u00e3o \u00e9 n\u00e3o consumir al\u00e9m dos limites financeiros, na expectativa de estar incorporando os valores que um produto carrega, e tamb\u00e9m pensar no pr\u00f3ximo, doando objetos que j\u00e1 n\u00e3o s\u00e3o mais utilizados. Para saber mais, n\u00e3o perca esta edi\u00e7\u00e3o do UFPA Debate!<\/p>\n<p>Apresenta\u00e7\u00e3o: Fabr\u00edcio Queiroz<br \/>\nProdu\u00e7\u00e3o e Roteiro: Leonardo Rodrigues<br \/>\nGrava\u00e7\u00e3o e montagem: Jo\u00e3o Nilo Ferreira<\/p>\n<p>O programa UFPA Debate vai ao ar todas as segundas-feiras, \u00e0s 10h e 21h.<br \/>\nHor\u00e1rios alternativos: quarta-feira, 19h \/ S\u00e1bado, 10h.<\/p>\n","protected":false},"excerpt":{"rendered":"<p> &#8230; <a title=\"Consumismo\" class=\"read-more\" href=\"https:\/\/radio.ufpa.br\/index.php\/ufpa-debate\/consumismo\/\" aria-label=\"Read more about Consumismo\">Ler mais<\/a><\/p>\n","protected":false},"author":2,"featured_media":3201,"comment_status":"open","ping_status":"open","sticky":false,"template":"","format":"standard","meta":{"_acf_changed":false,"_exactmetrics_skip_tracking":false,"_exactmetrics_sitenote_active":false,"_exactmetrics_sitenote_note":"","_exactmetrics_sitenote_category":0,"_monsterinsights_skip_tracking":false,"_monsterinsights_sitenote_active":false,"_monsterinsights_sitenote_note":"","_monsterinsights_sitenote_category":0,"_uf_show_specific_survey":0,"_uf_disable_surveys":false,"jetpack_post_was_ever_published":false,"_jetpack_newsletter_access":"","_jetpack_dont_email_post_to_subs":false,"_jetpack_newsletter_tier_id":0,"_jetpack_memberships_contains_paywalled_content":false,"_jetpack_memberships_contains_paid_content":false,"footnotes":"","jetpack_publicize_message":"","jetpack_publicize_feature_enabled":true,"jetpack_social_post_already_shared":true,"jetpack_social_options":{"image_generator_settings":{"template":"highway","enabled":false},"version":2}},"categories":[34],"tags":[],"class_list":["post-3195","post","type-post","status-publish","format-standard","has-post-thumbnail","hentry","category-ufpa-debate"],"acf":[],"yoast_head":"<!-- This site is optimized with the Yoast SEO plugin v25.1 - https:\/\/yoast.com\/wordpress\/plugins\/seo\/ -->\n<title>Consumismo - Radio Web UFPA<\/title>\n<meta name=\"description\" content=\"Com o tema Consumismo, o programa trata de quest\u00f5es sobre o papel do consumo nas rela\u00e7\u00f5es sociais, al\u00e9m dos fatores que nos levam a consumir tanto.\" \/>\n<meta name=\"robots\" content=\"index, follow, max-snippet:-1, max-image-preview:large, max-video-preview:-1\" \/>\n<link rel=\"canonical\" href=\"https:\/\/radio.ufpa.br\/index.php\/ufpa-debate\/consumismo\/\" \/>\n<meta property=\"og:locale\" content=\"pt_BR\" \/>\n<meta property=\"og:type\" content=\"article\" \/>\n<meta property=\"og:title\" content=\"Consumismo - Radio Web UFPA\" \/>\n<meta property=\"og:description\" content=\"Com o tema Consumismo, o programa trata de quest\u00f5es sobre o papel do consumo nas rela\u00e7\u00f5es sociais, al\u00e9m dos fatores que nos levam a consumir tanto.\" \/>\n<meta property=\"og:url\" content=\"https:\/\/radio.ufpa.br\/index.php\/ufpa-debate\/consumismo\/\" \/>\n<meta property=\"og:site_name\" content=\"Radio Web UFPA\" \/>\n<meta property=\"article:publisher\" content=\"https:\/\/www.facebook.com\/radiowebufpa\" \/>\n<meta property=\"article:published_time\" content=\"2017-12-18T10:00:21+00:00\" \/>\n<meta property=\"article:modified_time\" content=\"2017-12-21T21:15:45+00:00\" \/>\n<meta property=\"og:image\" content=\"https:\/\/i0.wp.com\/radio.ufpa.br\/wp-content\/uploads\/2017\/12\/Consumismo.png?fit=1030%2C1023&ssl=1\" \/>\n\t<meta property=\"og:image:width\" content=\"1030\" \/>\n\t<meta property=\"og:image:height\" content=\"1023\" \/>\n\t<meta property=\"og:image:type\" content=\"image\/png\" \/>\n<meta name=\"author\" content=\"Fabr\u00edcio Queiroz\" \/>\n<meta name=\"twitter:card\" content=\"summary_large_image\" \/>\n<meta name=\"twitter:creator\" content=\"@radiowebufpa\" \/>\n<meta name=\"twitter:site\" content=\"@radiowebufpa\" \/>\n<meta name=\"twitter:label1\" content=\"Escrito por\" \/>\n\t<meta name=\"twitter:data1\" content=\"Fabr\u00edcio Queiroz\" \/>\n\t<meta name=\"twitter:label2\" content=\"Est. tempo de leitura\" \/>\n\t<meta name=\"twitter:data2\" content=\"2 minutos\" \/>\n<script type=\"application\/ld+json\" class=\"yoast-schema-graph\">{\"@context\":\"https:\/\/schema.org\",\"@graph\":[{\"@type\":\"Article\",\"@id\":\"https:\/\/radio.ufpa.br\/index.php\/ufpa-debate\/consumismo\/#article\",\"isPartOf\":{\"@id\":\"https:\/\/radio.ufpa.br\/index.php\/ufpa-debate\/consumismo\/\"},\"author\":{\"name\":\"Fabr\u00edcio Queiroz\",\"@id\":\"https:\/\/radio.ufpa.br\/#\/schema\/person\/f3f139516982741ca0831359933ac096\"},\"headline\":\"Consumismo\",\"datePublished\":\"2017-12-18T10:00:21+00:00\",\"dateModified\":\"2017-12-21T21:15:45+00:00\",\"mainEntityOfPage\":{\"@id\":\"https:\/\/radio.ufpa.br\/index.php\/ufpa-debate\/consumismo\/\"},\"wordCount\":428,\"commentCount\":0,\"publisher\":{\"@id\":\"https:\/\/radio.ufpa.br\/#organization\"},\"image\":{\"@id\":\"https:\/\/radio.ufpa.br\/index.php\/ufpa-debate\/consumismo\/#primaryimage\"},\"thumbnailUrl\":\"https:\/\/i0.wp.com\/radio.ufpa.br\/wp-content\/uploads\/2017\/12\/Consumismo.png?fit=1030%2C1023&ssl=1\",\"articleSection\":[\"UFPA Debate\"],\"inLanguage\":\"pt-BR\",\"potentialAction\":[{\"@type\":\"CommentAction\",\"name\":\"Comment\",\"target\":[\"https:\/\/radio.ufpa.br\/index.php\/ufpa-debate\/consumismo\/#respond\"]}]},{\"@type\":\"WebPage\",\"@id\":\"https:\/\/radio.ufpa.br\/index.php\/ufpa-debate\/consumismo\/\",\"url\":\"https:\/\/radio.ufpa.br\/index.php\/ufpa-debate\/consumismo\/\",\"name\":\"Consumismo - Radio Web UFPA\",\"isPartOf\":{\"@id\":\"https:\/\/radio.ufpa.br\/#website\"},\"primaryImageOfPage\":{\"@id\":\"https:\/\/radio.ufpa.br\/index.php\/ufpa-debate\/consumismo\/#primaryimage\"},\"image\":{\"@id\":\"https:\/\/radio.ufpa.br\/index.php\/ufpa-debate\/consumismo\/#primaryimage\"},\"thumbnailUrl\":\"https:\/\/i0.wp.com\/radio.ufpa.br\/wp-content\/uploads\/2017\/12\/Consumismo.png?fit=1030%2C1023&ssl=1\",\"datePublished\":\"2017-12-18T10:00:21+00:00\",\"dateModified\":\"2017-12-21T21:15:45+00:00\",\"description\":\"Com o tema Consumismo, o programa trata de quest\u00f5es sobre o papel do consumo nas rela\u00e7\u00f5es sociais, al\u00e9m dos fatores que nos levam a consumir tanto.\",\"breadcrumb\":{\"@id\":\"https:\/\/radio.ufpa.br\/index.php\/ufpa-debate\/consumismo\/#breadcrumb\"},\"inLanguage\":\"pt-BR\",\"potentialAction\":[{\"@type\":\"ReadAction\",\"target\":[\"https:\/\/radio.ufpa.br\/index.php\/ufpa-debate\/consumismo\/\"]}]},{\"@type\":\"ImageObject\",\"inLanguage\":\"pt-BR\",\"@id\":\"https:\/\/radio.ufpa.br\/index.php\/ufpa-debate\/consumismo\/#primaryimage\",\"url\":\"https:\/\/i0.wp.com\/radio.ufpa.br\/wp-content\/uploads\/2017\/12\/Consumismo.png?fit=1030%2C1023&ssl=1\",\"contentUrl\":\"https:\/\/i0.wp.com\/radio.ufpa.br\/wp-content\/uploads\/2017\/12\/Consumismo.png?fit=1030%2C1023&ssl=1\",\"width\":1030,\"height\":1023},{\"@type\":\"BreadcrumbList\",\"@id\":\"https:\/\/radio.ufpa.br\/index.php\/ufpa-debate\/consumismo\/#breadcrumb\",\"itemListElement\":[{\"@type\":\"ListItem\",\"position\":1,\"name\":\"In\u00edcio\",\"item\":\"https:\/\/radio.ufpa.br\/\"},{\"@type\":\"ListItem\",\"position\":2,\"name\":\"Consumismo\"}]},{\"@type\":\"WebSite\",\"@id\":\"https:\/\/radio.ufpa.br\/#website\",\"url\":\"https:\/\/radio.ufpa.br\/\",\"name\":\"Radio Web UFPA\",\"description\":\"Divulgando o conhecimento\",\"publisher\":{\"@id\":\"https:\/\/radio.ufpa.br\/#organization\"},\"potentialAction\":[{\"@type\":\"SearchAction\",\"target\":{\"@type\":\"EntryPoint\",\"urlTemplate\":\"https:\/\/radio.ufpa.br\/?s={search_term_string}\"},\"query-input\":{\"@type\":\"PropertyValueSpecification\",\"valueRequired\":true,\"valueName\":\"search_term_string\"}}],\"inLanguage\":\"pt-BR\"},{\"@type\":\"Organization\",\"@id\":\"https:\/\/radio.ufpa.br\/#organization\",\"name\":\"UNIVERSIDADE FEDERAL DO PAR\u00c1-R\u00c1DIO WEB UFPA\",\"url\":\"https:\/\/radio.ufpa.br\/\",\"logo\":{\"@type\":\"ImageObject\",\"inLanguage\":\"pt-BR\",\"@id\":\"https:\/\/radio.ufpa.br\/#\/schema\/logo\/image\/\",\"url\":\"https:\/\/i0.wp.com\/radio.ufpa.br\/wp-content\/uploads\/2025\/12\/images-removebg-preview.png?fit=417%2C121&ssl=1\",\"contentUrl\":\"https:\/\/i0.wp.com\/radio.ufpa.br\/wp-content\/uploads\/2025\/12\/images-removebg-preview.png?fit=417%2C121&ssl=1\",\"width\":417,\"height\":121,\"caption\":\"UNIVERSIDADE FEDERAL DO PAR\u00c1-R\u00c1DIO WEB UFPA\"},\"image\":{\"@id\":\"https:\/\/radio.ufpa.br\/#\/schema\/logo\/image\/\"},\"sameAs\":[\"https:\/\/www.facebook.com\/radiowebufpa\",\"https:\/\/x.com\/radiowebufpa\",\"https:\/\/www.instagram.com\/radiowebufpa\/\",\"https:\/\/www.youtube.com\/user\/RadioWebUFP4\"]},{\"@type\":\"Person\",\"@id\":\"https:\/\/radio.ufpa.br\/#\/schema\/person\/f3f139516982741ca0831359933ac096\",\"name\":\"Fabr\u00edcio Queiroz\",\"image\":{\"@type\":\"ImageObject\",\"inLanguage\":\"pt-BR\",\"@id\":\"https:\/\/radio.ufpa.br\/#\/schema\/person\/image\/\",\"url\":\"https:\/\/secure.gravatar.com\/avatar\/16286edb2cee888d704ce74385081b7f?s=96&d=mm&r=g\",\"contentUrl\":\"https:\/\/secure.gravatar.com\/avatar\/16286edb2cee888d704ce74385081b7f?s=96&d=mm&r=g\",\"caption\":\"Fabr\u00edcio Queiroz\"},\"description\":\"Editor e Jornalista respons\u00e1vel\",\"url\":\"https:\/\/radio.ufpa.br\/index.php\/author\/fabricio\/\"}]}<\/script>\n<!-- \/ Yoast SEO plugin. -->","yoast_head_json":{"title":"Consumismo - Radio Web UFPA","description":"Com o tema Consumismo, o programa trata de quest\u00f5es sobre o papel do consumo nas rela\u00e7\u00f5es sociais, al\u00e9m dos fatores que nos levam a consumir tanto.","robots":{"index":"index","follow":"follow","max-snippet":"max-snippet:-1","max-image-preview":"max-image-preview:large","max-video-preview":"max-video-preview:-1"},"canonical":"https:\/\/radio.ufpa.br\/index.php\/ufpa-debate\/consumismo\/","og_locale":"pt_BR","og_type":"article","og_title":"Consumismo - Radio Web UFPA","og_description":"Com o tema Consumismo, o programa trata de quest\u00f5es sobre o papel do consumo nas rela\u00e7\u00f5es sociais, al\u00e9m dos fatores que nos levam a consumir tanto.","og_url":"https:\/\/radio.ufpa.br\/index.php\/ufpa-debate\/consumismo\/","og_site_name":"Radio Web UFPA","article_publisher":"https:\/\/www.facebook.com\/radiowebufpa","article_published_time":"2017-12-18T10:00:21+00:00","article_modified_time":"2017-12-21T21:15:45+00:00","og_image":[{"width":1030,"height":1023,"url":"https:\/\/i0.wp.com\/radio.ufpa.br\/wp-content\/uploads\/2017\/12\/Consumismo.png?fit=1030%2C1023&ssl=1","type":"image\/png"}],"author":"Fabr\u00edcio Queiroz","twitter_card":"summary_large_image","twitter_creator":"@radiowebufpa","twitter_site":"@radiowebufpa","twitter_misc":{"Escrito por":"Fabr\u00edcio Queiroz","Est. tempo de leitura":"2 minutos"},"schema":{"@context":"https:\/\/schema.org","@graph":[{"@type":"Article","@id":"https:\/\/radio.ufpa.br\/index.php\/ufpa-debate\/consumismo\/#article","isPartOf":{"@id":"https:\/\/radio.ufpa.br\/index.php\/ufpa-debate\/consumismo\/"},"author":{"name":"Fabr\u00edcio Queiroz","@id":"https:\/\/radio.ufpa.br\/#\/schema\/person\/f3f139516982741ca0831359933ac096"},"headline":"Consumismo","datePublished":"2017-12-18T10:00:21+00:00","dateModified":"2017-12-21T21:15:45+00:00","mainEntityOfPage":{"@id":"https:\/\/radio.ufpa.br\/index.php\/ufpa-debate\/consumismo\/"},"wordCount":428,"commentCount":0,"publisher":{"@id":"https:\/\/radio.ufpa.br\/#organization"},"image":{"@id":"https:\/\/radio.ufpa.br\/index.php\/ufpa-debate\/consumismo\/#primaryimage"},"thumbnailUrl":"https:\/\/i0.wp.com\/radio.ufpa.br\/wp-content\/uploads\/2017\/12\/Consumismo.png?fit=1030%2C1023&ssl=1","articleSection":["UFPA Debate"],"inLanguage":"pt-BR","potentialAction":[{"@type":"CommentAction","name":"Comment","target":["https:\/\/radio.ufpa.br\/index.php\/ufpa-debate\/consumismo\/#respond"]}]},{"@type":"WebPage","@id":"https:\/\/radio.ufpa.br\/index.php\/ufpa-debate\/consumismo\/","url":"https:\/\/radio.ufpa.br\/index.php\/ufpa-debate\/consumismo\/","name":"Consumismo - Radio Web UFPA","isPartOf":{"@id":"https:\/\/radio.ufpa.br\/#website"},"primaryImageOfPage":{"@id":"https:\/\/radio.ufpa.br\/index.php\/ufpa-debate\/consumismo\/#primaryimage"},"image":{"@id":"https:\/\/radio.ufpa.br\/index.php\/ufpa-debate\/consumismo\/#primaryimage"},"thumbnailUrl":"https:\/\/i0.wp.com\/radio.ufpa.br\/wp-content\/uploads\/2017\/12\/Consumismo.png?fit=1030%2C1023&ssl=1","datePublished":"2017-12-18T10:00:21+00:00","dateModified":"2017-12-21T21:15:45+00:00","description":"Com o tema Consumismo, o programa trata de quest\u00f5es sobre o papel do consumo nas rela\u00e7\u00f5es sociais, al\u00e9m dos fatores que nos levam a consumir tanto.","breadcrumb":{"@id":"https:\/\/radio.ufpa.br\/index.php\/ufpa-debate\/consumismo\/#breadcrumb"},"inLanguage":"pt-BR","potentialAction":[{"@type":"ReadAction","target":["https:\/\/radio.ufpa.br\/index.php\/ufpa-debate\/consumismo\/"]}]},{"@type":"ImageObject","inLanguage":"pt-BR","@id":"https:\/\/radio.ufpa.br\/index.php\/ufpa-debate\/consumismo\/#primaryimage","url":"https:\/\/i0.wp.com\/radio.ufpa.br\/wp-content\/uploads\/2017\/12\/Consumismo.png?fit=1030%2C1023&ssl=1","contentUrl":"https:\/\/i0.wp.com\/radio.ufpa.br\/wp-content\/uploads\/2017\/12\/Consumismo.png?fit=1030%2C1023&ssl=1","width":1030,"height":1023},{"@type":"BreadcrumbList","@id":"https:\/\/radio.ufpa.br\/index.php\/ufpa-debate\/consumismo\/#breadcrumb","itemListElement":[{"@type":"ListItem","position":1,"name":"In\u00edcio","item":"https:\/\/radio.ufpa.br\/"},{"@type":"ListItem","position":2,"name":"Consumismo"}]},{"@type":"WebSite","@id":"https:\/\/radio.ufpa.br\/#website","url":"https:\/\/radio.ufpa.br\/","name":"Radio Web UFPA","description":"Divulgando o conhecimento","publisher":{"@id":"https:\/\/radio.ufpa.br\/#organization"},"potentialAction":[{"@type":"SearchAction","target":{"@type":"EntryPoint","urlTemplate":"https:\/\/radio.ufpa.br\/?s={search_term_string}"},"query-input":{"@type":"PropertyValueSpecification","valueRequired":true,"valueName":"search_term_string"}}],"inLanguage":"pt-BR"},{"@type":"Organization","@id":"https:\/\/radio.ufpa.br\/#organization","name":"UNIVERSIDADE FEDERAL DO PAR\u00c1-R\u00c1DIO WEB UFPA","url":"https:\/\/radio.ufpa.br\/","logo":{"@type":"ImageObject","inLanguage":"pt-BR","@id":"https:\/\/radio.ufpa.br\/#\/schema\/logo\/image\/","url":"https:\/\/i0.wp.com\/radio.ufpa.br\/wp-content\/uploads\/2025\/12\/images-removebg-preview.png?fit=417%2C121&ssl=1","contentUrl":"https:\/\/i0.wp.com\/radio.ufpa.br\/wp-content\/uploads\/2025\/12\/images-removebg-preview.png?fit=417%2C121&ssl=1","width":417,"height":121,"caption":"UNIVERSIDADE FEDERAL DO PAR\u00c1-R\u00c1DIO WEB UFPA"},"image":{"@id":"https:\/\/radio.ufpa.br\/#\/schema\/logo\/image\/"},"sameAs":["https:\/\/www.facebook.com\/radiowebufpa","https:\/\/x.com\/radiowebufpa","https:\/\/www.instagram.com\/radiowebufpa\/","https:\/\/www.youtube.com\/user\/RadioWebUFP4"]},{"@type":"Person","@id":"https:\/\/radio.ufpa.br\/#\/schema\/person\/f3f139516982741ca0831359933ac096","name":"Fabr\u00edcio Queiroz","image":{"@type":"ImageObject","inLanguage":"pt-BR","@id":"https:\/\/radio.ufpa.br\/#\/schema\/person\/image\/","url":"https:\/\/secure.gravatar.com\/avatar\/16286edb2cee888d704ce74385081b7f?s=96&d=mm&r=g","contentUrl":"https:\/\/secure.gravatar.com\/avatar\/16286edb2cee888d704ce74385081b7f?s=96&d=mm&r=g","caption":"Fabr\u00edcio Queiroz"},"description":"Editor e Jornalista respons\u00e1vel","url":"https:\/\/radio.ufpa.br\/index.php\/author\/fabricio\/"}]}},"jetpack_publicize_connections":[],"jetpack_featured_media_url":"https:\/\/i0.wp.com\/radio.ufpa.br\/wp-content\/uploads\/2017\/12\/Consumismo.png?fit=1030%2C1023&ssl=1","jetpack_shortlink":"https:\/\/wp.me\/p8TJeA-Px","jetpack_likes_enabled":true,"jetpack-related-posts":[],"jetpack_sharing_enabled":true,"_links":{"self":[{"href":"https:\/\/radio.ufpa.br\/index.php\/wp-json\/wp\/v2\/posts\/3195","targetHints":{"allow":["GET"]}}],"collection":[{"href":"https:\/\/radio.ufpa.br\/index.php\/wp-json\/wp\/v2\/posts"}],"about":[{"href":"https:\/\/radio.ufpa.br\/index.php\/wp-json\/wp\/v2\/types\/post"}],"author":[{"embeddable":true,"href":"https:\/\/radio.ufpa.br\/index.php\/wp-json\/wp\/v2\/users\/2"}],"replies":[{"embeddable":true,"href":"https:\/\/radio.ufpa.br\/index.php\/wp-json\/wp\/v2\/comments?post=3195"}],"version-history":[{"count":4,"href":"https:\/\/radio.ufpa.br\/index.php\/wp-json\/wp\/v2\/posts\/3195\/revisions"}],"predecessor-version":[{"id":3243,"href":"https:\/\/radio.ufpa.br\/index.php\/wp-json\/wp\/v2\/posts\/3195\/revisions\/3243"}],"wp:featuredmedia":[{"embeddable":true,"href":"https:\/\/radio.ufpa.br\/index.php\/wp-json\/wp\/v2\/media\/3201"}],"wp:attachment":[{"href":"https:\/\/radio.ufpa.br\/index.php\/wp-json\/wp\/v2\/media?parent=3195"}],"wp:term":[{"taxonomy":"category","embeddable":true,"href":"https:\/\/radio.ufpa.br\/index.php\/wp-json\/wp\/v2\/categories?post=3195"},{"taxonomy":"post_tag","embeddable":true,"href":"https:\/\/radio.ufpa.br\/index.php\/wp-json\/wp\/v2\/tags?post=3195"}],"curies":[{"name":"wp","href":"https:\/\/api.w.org\/{rel}","templated":true}]}}