{"id":3222,"date":"2017-12-20T08:00:02","date_gmt":"2017-12-20T10:00:02","guid":{"rendered":"http:\/\/radio.ufpa.br\/?p=3222"},"modified":"2017-12-20T15:39:47","modified_gmt":"2017-12-20T17:39:47","slug":"praticas-de-leituras-literarias-e-ludicidade","status":"publish","type":"post","link":"https:\/\/radio.ufpa.br\/index.php\/ufpa-ensino\/praticas-de-leituras-literarias-e-ludicidade\/","title":{"rendered":"Pr\u00e1ticas de Leituras liter\u00e1rias e Ludicidade"},"content":{"rendered":"<!--[if lt IE 9]><script>document.createElement('audio');<\/script><![endif]-->\n\t<div class=\"wp-playlist wp-audio-playlist wp-playlist-light\">\n\t\t\t<div class=\"wp-playlist-current-item\"><\/div>\n\t\t<audio controls=\"controls\" preload=\"none\" width=\"1178\"\n\t\t\t><\/audio>\n\t<div class=\"wp-playlist-next\"><\/div>\n\t<div class=\"wp-playlist-prev\"><\/div>\n\t<noscript>\n\t<ol>\n\t\t<li><a href='https:\/\/radio.ufpa.br\/wp-content\/uploads\/2017\/12\/UFPA%20ENSINO%20-%20PR\u00c1TICAS%20DE%20LEITURA%20LITER\u00c1RIA%20E%20LUDICA%20-%2020.12.17.mp3'>Pr\u00e1ticas de Leitura liter\u00e1ria e L\u00fadica<\/a><\/li>\t<\/ol>\n\t<\/noscript>\n\t<script type=\"application\/json\" class=\"wp-playlist-script\">{\"type\":\"audio\",\"tracklist\":true,\"tracknumbers\":true,\"images\":true,\"artists\":true,\"tracks\":[{\"src\":\"https:\\\/\\\/radio.ufpa.br\\\/wp-content\\\/uploads\\\/2017\\\/12\\\/UFPA ENSINO - PR\\u00c1TICAS DE LEITURA LITER\\u00c1RIA E LUDICA - 20.12.17.mp3\",\"type\":\"audio\\\/mpeg\",\"title\":\"Pr\\u00e1ticas de Leitura liter\\u00e1ria e L\\u00fadica\",\"caption\":\"\",\"description\":\"\\\"UFPA ENSINO - PR\\u00c1TICAS DE LEITURA LITER\\u00c1RIA E LUDICA - 20.12.17\\\". Genre: Other.\",\"meta\":{\"artist\":\"R\\u00c1DIO WEB UFPA\",\"album\":\"UFPA Ensino\",\"genre\":\"Other\",\"length_formatted\":\"53:37\"},\"image\":{\"src\":\"https:\\\/\\\/i0.wp.com\\\/radio.ufpa.br\\\/wp-content\\\/uploads\\\/2017\\\/06\\\/icon_ufpa_ensino.png?fit=500%2C500&ssl=1\",\"width\":500,\"height\":500},\"thumb\":{\"src\":\"https:\\\/\\\/i0.wp.com\\\/radio.ufpa.br\\\/wp-content\\\/uploads\\\/2017\\\/06\\\/icon_ufpa_ensino.png?resize=150%2C150&ssl=1\",\"width\":150,\"height\":150}}]}<\/script>\n<\/div>\n\t\n<p>O que \u00e9 necess\u00e1rio para a forma\u00e7\u00e3o de bons leitores? Como mediar a leitura? O encontro entre literatura e ludicidade, certamente, traz respostas para estes questionamentos. \u201cPr\u00e1ticas de Leituras Liter\u00e1rias e Ludicidade\u201d \u00e9 o tema desta edi\u00e7\u00e3o do UFPA Ensino. Participam do programa os professores da UFPA F\u00e1tima Nascimento (ILC), Isabel Rodrigues (IEMCI), Nilo Souza (ICED) e estudante do PROFLETRAS\/UFPA, Arthur Ribeiro.<\/p>\n<p>No programa, o professor do ICED e coordenador do Grupo de Estudos Liter\u00e1rios na Amaz\u00f4nia e Forma\u00e7\u00e3o do Leitor (GELAFOL), o professor Nilo Souza destaca em que o momento a literatura deve fazer parte do processo de aprendizagem. \u201cSe eu quero formar leitores eu vou come\u00e7ar pelo melhor da linguagem enquanto express\u00e3o humana e enquanto express\u00e3o art\u00edstica. A literatura deve ser o come\u00e7o dessa forma\u00e7\u00e3o, desde antes da alfabetiza\u00e7\u00e3o. H\u00e1 um grande movimento para que se comece a trabalhar com isso nas escolas\u201d.<\/p>\n<p>A professora F\u00e1tima Nascimento, que atua no Programa de Mestrado Profissional em Letras, aborda os benef\u00edcios da literatura e os impactos que ela pode causar na forma\u00e7\u00e3o dos professores, principalmente dos que j\u00e1 atuam em sala de aula. \u201cA experi\u00eancia que eu tenho enquanto professora de literatura tem sido muito positiva, porque eles (alunos do PROFLETRAS) come\u00e7am a perceber a import\u00e2ncia do estudo da literatura na sala de aula, aqueles que n\u00e3o faziam. Foi muito enriquecedor trabalhar com literatura, ler, discutir, para mostrar que ela \u00e9 importante como um conte\u00fado que humaniza, que \u00e9 criativo, que faz voc\u00ea pensar as coisas, o outro, o mundo e a pr\u00f3pria pessoa, ou seja, reconhecer o mundo e a si mesmo\u201d.<\/p>\n<p>Estudante do PROFLETRAS e professor da Escola Municipal Rotary, em Bel\u00e9m, Arthur Ribeiro compartilha a experi\u00eancia de quem j\u00e1 utiliza a literatura e a ludicidade em sala de aula. H\u00e1 dois anos, ele coordena o grupo de teatro \u201cArlequinas e Coringas da Escola Rotary\u201d, e pretende inserir ainda mais as leituras liter\u00e1rias na rotina do grupo. \u201cQuando voc\u00ea leva para o aluno um texto liter\u00e1rio e permite que seja lido de uma forma que o aluno consiga tocar nesses pontos da literatura, na constru\u00e7\u00e3o dos personagens, na forma como o narrador conta uma hist\u00f3ria, na forma como um conflito \u00e9 tratado numa pe\u00e7a de teatro, por exemplo, voc\u00ea permite que o pr\u00f3prio aluno consiga aprofundar a experi\u00eancia de mundo dele\u201d.<\/p>\n<p>Outro bom exemplo da conviv\u00eancia harmoniosa entre literatura e ludicidade est\u00e1 no grupo de teatro, m\u00fasica, dan\u00e7a e media\u00e7\u00e3o de leitura do curso de gradua\u00e7\u00e3o em Licenciatura Integrada, o Encantartes. Recentemente, os graduandos tiveram a oportunidade de fazer a medi\u00e7\u00e3o de leitura em sete escolas de Bel\u00e9m.\u00a0 O grupo faz parte do projeto de N\u00facleo de Pr\u00e1ticas e Linguagens Docentes, coordenado pela professora Isabel Rodrigues do IEMCI\/UFPA. \u201cN\u00f3s temos que de fato criar estrat\u00e9gias de trabalho aliadas \u00e0s estrat\u00e9gias de leitura e \u00e0s estrat\u00e9gias de media\u00e7\u00e3o. \u00c9 algo que ainda est\u00e1 em constru\u00e7\u00e3o, mas que j\u00e1 tem afetado os alunos por conta do engajamento que eles t\u00eam tido por conta do nosso trabalho\u201d.<\/p>\n<p>No bate-papo sobre \u201cPr\u00e1ticas de Leituras Liter\u00e1rias e Ludicidade\u201d, voc\u00ea confere ainda discuss\u00f5es sobre o papel da literatura nos curr\u00edculos escolares, a forma\u00e7\u00e3o de professores para a \u00e1rea e as abordagens para a media\u00e7\u00e3o da leitura. Isso e muito mais nesta edi\u00e7\u00e3o do UFPA Ensino.<\/p>\n<p>Apresenta\u00e7\u00e3o: Fabr\u00edcio Queiroz<br \/>\nProdu\u00e7\u00e3o e roteiro: Erlane Santos<br \/>\nGrava\u00e7\u00e3o e Montagem: Jo\u00e3o Nilo e \u00c9der Monteiro<\/p>\n<p>O UFPA Ensino vai ao ar todas as quartas-feiras, \u00e0s 10h e 21h.<br \/>\nHor\u00e1rios alternativos de exibi\u00e7\u00e3o: sexta-feira, \u00e0s 19h. \/ S\u00e1bado, \u00e0s 21h.<\/p>\n","protected":false},"excerpt":{"rendered":"<p> &#8230; <a title=\"Pr\u00e1ticas de Leituras liter\u00e1rias e Ludicidade\" class=\"read-more\" href=\"https:\/\/radio.ufpa.br\/index.php\/ufpa-ensino\/praticas-de-leituras-literarias-e-ludicidade\/\" aria-label=\"Read more about Pr\u00e1ticas de Leituras liter\u00e1rias e Ludicidade\">Ler mais<\/a><\/p>\n","protected":false},"author":2,"featured_media":3225,"comment_status":"open","ping_status":"open","sticky":false,"template":"","format":"standard","meta":{"_acf_changed":false,"_exactmetrics_skip_tracking":false,"_monsterinsights_skip_tracking":false,"_uf_show_specific_survey":0,"_uf_disable_surveys":false,"jetpack_post_was_ever_published":false,"_jetpack_newsletter_access":"","_jetpack_dont_email_post_to_subs":false,"_jetpack_newsletter_tier_id":0,"_jetpack_memberships_contains_paywalled_content":false,"_jetpack_memberships_contains_paid_content":false,"footnotes":"","jetpack_publicize_message":"","jetpack_publicize_feature_enabled":true,"jetpack_social_post_already_shared":true,"jetpack_social_options":{"image_generator_settings":{"template":"highway","enabled":false},"version":2}},"categories":[41],"tags":[],"class_list":["post-3222","post","type-post","status-publish","format-standard","has-post-thumbnail","hentry","category-ufpa-ensino"],"acf":[],"yoast_head":"<!-- This site is optimized with the Yoast SEO plugin v25.1 - https:\/\/yoast.com\/wordpress\/plugins\/seo\/ -->\n<title>Pr\u00e1ticas de Leituras liter\u00e1rias e Ludicidade - Radio Web UFPA<\/title>\n<meta name=\"robots\" content=\"index, follow, max-snippet:-1, max-image-preview:large, max-video-preview:-1\" \/>\n<link rel=\"canonical\" href=\"https:\/\/radio.ufpa.br\/index.php\/ufpa-ensino\/praticas-de-leituras-literarias-e-ludicidade\/\" \/>\n<meta property=\"og:locale\" content=\"pt_BR\" \/>\n<meta property=\"og:type\" content=\"article\" \/>\n<meta property=\"og:title\" content=\"Pr\u00e1ticas de Leituras liter\u00e1rias e Ludicidade - Radio Web UFPA\" \/>\n<meta property=\"og:description\" content=\"... Ler mais\" \/>\n<meta property=\"og:url\" content=\"https:\/\/radio.ufpa.br\/index.php\/ufpa-ensino\/praticas-de-leituras-literarias-e-ludicidade\/\" \/>\n<meta property=\"og:site_name\" content=\"Radio Web UFPA\" \/>\n<meta property=\"article:publisher\" content=\"https:\/\/www.facebook.com\/radiowebufpa\" \/>\n<meta property=\"article:published_time\" content=\"2017-12-20T10:00:02+00:00\" \/>\n<meta property=\"article:modified_time\" content=\"2017-12-20T17:39:47+00:00\" \/>\n<meta property=\"og:image\" content=\"https:\/\/i0.wp.com\/radio.ufpa.br\/wp-content\/uploads\/2017\/12\/Sem%20t\u00edtulo-4.png?fit=800%2C533&ssl=1\" \/>\n\t<meta property=\"og:image:width\" content=\"800\" \/>\n\t<meta property=\"og:image:height\" content=\"533\" \/>\n\t<meta property=\"og:image:type\" content=\"image\/png\" \/>\n<meta name=\"author\" content=\"Fabr\u00edcio Queiroz\" \/>\n<meta name=\"twitter:card\" content=\"summary_large_image\" \/>\n<meta name=\"twitter:creator\" content=\"@radiowebufpa\" \/>\n<meta name=\"twitter:site\" content=\"@radiowebufpa\" \/>\n<meta name=\"twitter:label1\" content=\"Escrito por\" \/>\n\t<meta name=\"twitter:data1\" content=\"Fabr\u00edcio Queiroz\" \/>\n\t<meta name=\"twitter:label2\" content=\"Est. tempo de leitura\" \/>\n\t<meta name=\"twitter:data2\" content=\"3 minutos\" \/>\n<script type=\"application\/ld+json\" class=\"yoast-schema-graph\">{\"@context\":\"https:\/\/schema.org\",\"@graph\":[{\"@type\":\"Article\",\"@id\":\"https:\/\/radio.ufpa.br\/index.php\/ufpa-ensino\/praticas-de-leituras-literarias-e-ludicidade\/#article\",\"isPartOf\":{\"@id\":\"https:\/\/radio.ufpa.br\/index.php\/ufpa-ensino\/praticas-de-leituras-literarias-e-ludicidade\/\"},\"author\":{\"name\":\"Fabr\u00edcio Queiroz\",\"@id\":\"https:\/\/radio.ufpa.br\/#\/schema\/person\/f3f139516982741ca0831359933ac096\"},\"headline\":\"Pr\u00e1ticas de Leituras liter\u00e1rias e Ludicidade\",\"datePublished\":\"2017-12-20T10:00:02+00:00\",\"dateModified\":\"2017-12-20T17:39:47+00:00\",\"mainEntityOfPage\":{\"@id\":\"https:\/\/radio.ufpa.br\/index.php\/ufpa-ensino\/praticas-de-leituras-literarias-e-ludicidade\/\"},\"wordCount\":651,\"commentCount\":0,\"publisher\":{\"@id\":\"https:\/\/radio.ufpa.br\/#organization\"},\"image\":{\"@id\":\"https:\/\/radio.ufpa.br\/index.php\/ufpa-ensino\/praticas-de-leituras-literarias-e-ludicidade\/#primaryimage\"},\"thumbnailUrl\":\"https:\/\/i0.wp.com\/radio.ufpa.br\/wp-content\/uploads\/2017\/12\/Sem%20t%C3%ADtulo-4.png?fit=800%2C533&ssl=1\",\"articleSection\":[\"UFPA Ensino\"],\"inLanguage\":\"pt-BR\",\"potentialAction\":[{\"@type\":\"CommentAction\",\"name\":\"Comment\",\"target\":[\"https:\/\/radio.ufpa.br\/index.php\/ufpa-ensino\/praticas-de-leituras-literarias-e-ludicidade\/#respond\"]}]},{\"@type\":\"WebPage\",\"@id\":\"https:\/\/radio.ufpa.br\/index.php\/ufpa-ensino\/praticas-de-leituras-literarias-e-ludicidade\/\",\"url\":\"https:\/\/radio.ufpa.br\/index.php\/ufpa-ensino\/praticas-de-leituras-literarias-e-ludicidade\/\",\"name\":\"Pr\u00e1ticas de Leituras liter\u00e1rias e Ludicidade - Radio Web UFPA\",\"isPartOf\":{\"@id\":\"https:\/\/radio.ufpa.br\/#website\"},\"primaryImageOfPage\":{\"@id\":\"https:\/\/radio.ufpa.br\/index.php\/ufpa-ensino\/praticas-de-leituras-literarias-e-ludicidade\/#primaryimage\"},\"image\":{\"@id\":\"https:\/\/radio.ufpa.br\/index.php\/ufpa-ensino\/praticas-de-leituras-literarias-e-ludicidade\/#primaryimage\"},\"thumbnailUrl\":\"https:\/\/i0.wp.com\/radio.ufpa.br\/wp-content\/uploads\/2017\/12\/Sem%20t%C3%ADtulo-4.png?fit=800%2C533&ssl=1\",\"datePublished\":\"2017-12-20T10:00:02+00:00\",\"dateModified\":\"2017-12-20T17:39:47+00:00\",\"breadcrumb\":{\"@id\":\"https:\/\/radio.ufpa.br\/index.php\/ufpa-ensino\/praticas-de-leituras-literarias-e-ludicidade\/#breadcrumb\"},\"inLanguage\":\"pt-BR\",\"potentialAction\":[{\"@type\":\"ReadAction\",\"target\":[\"https:\/\/radio.ufpa.br\/index.php\/ufpa-ensino\/praticas-de-leituras-literarias-e-ludicidade\/\"]}]},{\"@type\":\"ImageObject\",\"inLanguage\":\"pt-BR\",\"@id\":\"https:\/\/radio.ufpa.br\/index.php\/ufpa-ensino\/praticas-de-leituras-literarias-e-ludicidade\/#primaryimage\",\"url\":\"https:\/\/i0.wp.com\/radio.ufpa.br\/wp-content\/uploads\/2017\/12\/Sem%20t%C3%ADtulo-4.png?fit=800%2C533&ssl=1\",\"contentUrl\":\"https:\/\/i0.wp.com\/radio.ufpa.br\/wp-content\/uploads\/2017\/12\/Sem%20t%C3%ADtulo-4.png?fit=800%2C533&ssl=1\",\"width\":800,\"height\":533},{\"@type\":\"BreadcrumbList\",\"@id\":\"https:\/\/radio.ufpa.br\/index.php\/ufpa-ensino\/praticas-de-leituras-literarias-e-ludicidade\/#breadcrumb\",\"itemListElement\":[{\"@type\":\"ListItem\",\"position\":1,\"name\":\"In\u00edcio\",\"item\":\"https:\/\/radio.ufpa.br\/\"},{\"@type\":\"ListItem\",\"position\":2,\"name\":\"Pr\u00e1ticas de Leituras liter\u00e1rias e Ludicidade\"}]},{\"@type\":\"WebSite\",\"@id\":\"https:\/\/radio.ufpa.br\/#website\",\"url\":\"https:\/\/radio.ufpa.br\/\",\"name\":\"Radio Web UFPA\",\"description\":\"Divulgando o conhecimento\",\"publisher\":{\"@id\":\"https:\/\/radio.ufpa.br\/#organization\"},\"potentialAction\":[{\"@type\":\"SearchAction\",\"target\":{\"@type\":\"EntryPoint\",\"urlTemplate\":\"https:\/\/radio.ufpa.br\/?s={search_term_string}\"},\"query-input\":{\"@type\":\"PropertyValueSpecification\",\"valueRequired\":true,\"valueName\":\"search_term_string\"}}],\"inLanguage\":\"pt-BR\"},{\"@type\":\"Organization\",\"@id\":\"https:\/\/radio.ufpa.br\/#organization\",\"name\":\"UNIVERSIDADE FEDERAL DO PAR\u00c1-R\u00c1DIO WEB UFPA\",\"url\":\"https:\/\/radio.ufpa.br\/\",\"logo\":{\"@type\":\"ImageObject\",\"inLanguage\":\"pt-BR\",\"@id\":\"https:\/\/radio.ufpa.br\/#\/schema\/logo\/image\/\",\"url\":\"https:\/\/i0.wp.com\/radio.ufpa.br\/wp-content\/uploads\/2025\/12\/cropped-images-removebg-preview-1.png?fit=417%2C121&ssl=1\",\"contentUrl\":\"https:\/\/i0.wp.com\/radio.ufpa.br\/wp-content\/uploads\/2025\/12\/cropped-images-removebg-preview-1.png?fit=417%2C121&ssl=1\",\"width\":417,\"height\":121,\"caption\":\"UNIVERSIDADE FEDERAL DO PAR\u00c1-R\u00c1DIO WEB UFPA\"},\"image\":{\"@id\":\"https:\/\/radio.ufpa.br\/#\/schema\/logo\/image\/\"},\"sameAs\":[\"https:\/\/www.facebook.com\/radiowebufpa\",\"https:\/\/x.com\/radiowebufpa\",\"https:\/\/www.instagram.com\/radiowebufpa\/\",\"https:\/\/www.youtube.com\/user\/RadioWebUFP4\"]},{\"@type\":\"Person\",\"@id\":\"https:\/\/radio.ufpa.br\/#\/schema\/person\/f3f139516982741ca0831359933ac096\",\"name\":\"Fabr\u00edcio Queiroz\",\"image\":{\"@type\":\"ImageObject\",\"inLanguage\":\"pt-BR\",\"@id\":\"https:\/\/radio.ufpa.br\/#\/schema\/person\/image\/\",\"url\":\"https:\/\/secure.gravatar.com\/avatar\/16286edb2cee888d704ce74385081b7f?s=96&d=mm&r=g\",\"contentUrl\":\"https:\/\/secure.gravatar.com\/avatar\/16286edb2cee888d704ce74385081b7f?s=96&d=mm&r=g\",\"caption\":\"Fabr\u00edcio Queiroz\"},\"description\":\"Editor e Jornalista respons\u00e1vel\",\"url\":\"https:\/\/radio.ufpa.br\/index.php\/author\/fabricio\/\"}]}<\/script>\n<!-- \/ Yoast SEO plugin. -->","yoast_head_json":{"title":"Pr\u00e1ticas de Leituras liter\u00e1rias e Ludicidade - Radio Web UFPA","robots":{"index":"index","follow":"follow","max-snippet":"max-snippet:-1","max-image-preview":"max-image-preview:large","max-video-preview":"max-video-preview:-1"},"canonical":"https:\/\/radio.ufpa.br\/index.php\/ufpa-ensino\/praticas-de-leituras-literarias-e-ludicidade\/","og_locale":"pt_BR","og_type":"article","og_title":"Pr\u00e1ticas de Leituras liter\u00e1rias e Ludicidade - Radio Web UFPA","og_description":"... Ler mais","og_url":"https:\/\/radio.ufpa.br\/index.php\/ufpa-ensino\/praticas-de-leituras-literarias-e-ludicidade\/","og_site_name":"Radio Web UFPA","article_publisher":"https:\/\/www.facebook.com\/radiowebufpa","article_published_time":"2017-12-20T10:00:02+00:00","article_modified_time":"2017-12-20T17:39:47+00:00","og_image":[{"width":800,"height":533,"url":"https:\/\/i0.wp.com\/radio.ufpa.br\/wp-content\/uploads\/2017\/12\/Sem t\u00edtulo-4.png?fit=800%2C533&ssl=1","type":"image\/png"}],"author":"Fabr\u00edcio Queiroz","twitter_card":"summary_large_image","twitter_creator":"@radiowebufpa","twitter_site":"@radiowebufpa","twitter_misc":{"Escrito por":"Fabr\u00edcio Queiroz","Est. tempo de leitura":"3 minutos"},"schema":{"@context":"https:\/\/schema.org","@graph":[{"@type":"Article","@id":"https:\/\/radio.ufpa.br\/index.php\/ufpa-ensino\/praticas-de-leituras-literarias-e-ludicidade\/#article","isPartOf":{"@id":"https:\/\/radio.ufpa.br\/index.php\/ufpa-ensino\/praticas-de-leituras-literarias-e-ludicidade\/"},"author":{"name":"Fabr\u00edcio Queiroz","@id":"https:\/\/radio.ufpa.br\/#\/schema\/person\/f3f139516982741ca0831359933ac096"},"headline":"Pr\u00e1ticas de Leituras liter\u00e1rias e Ludicidade","datePublished":"2017-12-20T10:00:02+00:00","dateModified":"2017-12-20T17:39:47+00:00","mainEntityOfPage":{"@id":"https:\/\/radio.ufpa.br\/index.php\/ufpa-ensino\/praticas-de-leituras-literarias-e-ludicidade\/"},"wordCount":651,"commentCount":0,"publisher":{"@id":"https:\/\/radio.ufpa.br\/#organization"},"image":{"@id":"https:\/\/radio.ufpa.br\/index.php\/ufpa-ensino\/praticas-de-leituras-literarias-e-ludicidade\/#primaryimage"},"thumbnailUrl":"https:\/\/i0.wp.com\/radio.ufpa.br\/wp-content\/uploads\/2017\/12\/Sem%20t%C3%ADtulo-4.png?fit=800%2C533&ssl=1","articleSection":["UFPA Ensino"],"inLanguage":"pt-BR","potentialAction":[{"@type":"CommentAction","name":"Comment","target":["https:\/\/radio.ufpa.br\/index.php\/ufpa-ensino\/praticas-de-leituras-literarias-e-ludicidade\/#respond"]}]},{"@type":"WebPage","@id":"https:\/\/radio.ufpa.br\/index.php\/ufpa-ensino\/praticas-de-leituras-literarias-e-ludicidade\/","url":"https:\/\/radio.ufpa.br\/index.php\/ufpa-ensino\/praticas-de-leituras-literarias-e-ludicidade\/","name":"Pr\u00e1ticas de Leituras liter\u00e1rias e Ludicidade - Radio Web UFPA","isPartOf":{"@id":"https:\/\/radio.ufpa.br\/#website"},"primaryImageOfPage":{"@id":"https:\/\/radio.ufpa.br\/index.php\/ufpa-ensino\/praticas-de-leituras-literarias-e-ludicidade\/#primaryimage"},"image":{"@id":"https:\/\/radio.ufpa.br\/index.php\/ufpa-ensino\/praticas-de-leituras-literarias-e-ludicidade\/#primaryimage"},"thumbnailUrl":"https:\/\/i0.wp.com\/radio.ufpa.br\/wp-content\/uploads\/2017\/12\/Sem%20t%C3%ADtulo-4.png?fit=800%2C533&ssl=1","datePublished":"2017-12-20T10:00:02+00:00","dateModified":"2017-12-20T17:39:47+00:00","breadcrumb":{"@id":"https:\/\/radio.ufpa.br\/index.php\/ufpa-ensino\/praticas-de-leituras-literarias-e-ludicidade\/#breadcrumb"},"inLanguage":"pt-BR","potentialAction":[{"@type":"ReadAction","target":["https:\/\/radio.ufpa.br\/index.php\/ufpa-ensino\/praticas-de-leituras-literarias-e-ludicidade\/"]}]},{"@type":"ImageObject","inLanguage":"pt-BR","@id":"https:\/\/radio.ufpa.br\/index.php\/ufpa-ensino\/praticas-de-leituras-literarias-e-ludicidade\/#primaryimage","url":"https:\/\/i0.wp.com\/radio.ufpa.br\/wp-content\/uploads\/2017\/12\/Sem%20t%C3%ADtulo-4.png?fit=800%2C533&ssl=1","contentUrl":"https:\/\/i0.wp.com\/radio.ufpa.br\/wp-content\/uploads\/2017\/12\/Sem%20t%C3%ADtulo-4.png?fit=800%2C533&ssl=1","width":800,"height":533},{"@type":"BreadcrumbList","@id":"https:\/\/radio.ufpa.br\/index.php\/ufpa-ensino\/praticas-de-leituras-literarias-e-ludicidade\/#breadcrumb","itemListElement":[{"@type":"ListItem","position":1,"name":"In\u00edcio","item":"https:\/\/radio.ufpa.br\/"},{"@type":"ListItem","position":2,"name":"Pr\u00e1ticas de Leituras liter\u00e1rias e Ludicidade"}]},{"@type":"WebSite","@id":"https:\/\/radio.ufpa.br\/#website","url":"https:\/\/radio.ufpa.br\/","name":"Radio Web UFPA","description":"Divulgando o conhecimento","publisher":{"@id":"https:\/\/radio.ufpa.br\/#organization"},"potentialAction":[{"@type":"SearchAction","target":{"@type":"EntryPoint","urlTemplate":"https:\/\/radio.ufpa.br\/?s={search_term_string}"},"query-input":{"@type":"PropertyValueSpecification","valueRequired":true,"valueName":"search_term_string"}}],"inLanguage":"pt-BR"},{"@type":"Organization","@id":"https:\/\/radio.ufpa.br\/#organization","name":"UNIVERSIDADE FEDERAL DO PAR\u00c1-R\u00c1DIO WEB UFPA","url":"https:\/\/radio.ufpa.br\/","logo":{"@type":"ImageObject","inLanguage":"pt-BR","@id":"https:\/\/radio.ufpa.br\/#\/schema\/logo\/image\/","url":"https:\/\/i0.wp.com\/radio.ufpa.br\/wp-content\/uploads\/2025\/12\/cropped-images-removebg-preview-1.png?fit=417%2C121&ssl=1","contentUrl":"https:\/\/i0.wp.com\/radio.ufpa.br\/wp-content\/uploads\/2025\/12\/cropped-images-removebg-preview-1.png?fit=417%2C121&ssl=1","width":417,"height":121,"caption":"UNIVERSIDADE FEDERAL DO PAR\u00c1-R\u00c1DIO WEB UFPA"},"image":{"@id":"https:\/\/radio.ufpa.br\/#\/schema\/logo\/image\/"},"sameAs":["https:\/\/www.facebook.com\/radiowebufpa","https:\/\/x.com\/radiowebufpa","https:\/\/www.instagram.com\/radiowebufpa\/","https:\/\/www.youtube.com\/user\/RadioWebUFP4"]},{"@type":"Person","@id":"https:\/\/radio.ufpa.br\/#\/schema\/person\/f3f139516982741ca0831359933ac096","name":"Fabr\u00edcio Queiroz","image":{"@type":"ImageObject","inLanguage":"pt-BR","@id":"https:\/\/radio.ufpa.br\/#\/schema\/person\/image\/","url":"https:\/\/secure.gravatar.com\/avatar\/16286edb2cee888d704ce74385081b7f?s=96&d=mm&r=g","contentUrl":"https:\/\/secure.gravatar.com\/avatar\/16286edb2cee888d704ce74385081b7f?s=96&d=mm&r=g","caption":"Fabr\u00edcio Queiroz"},"description":"Editor e Jornalista respons\u00e1vel","url":"https:\/\/radio.ufpa.br\/index.php\/author\/fabricio\/"}]}},"jetpack_publicize_connections":[],"jetpack_featured_media_url":"https:\/\/i0.wp.com\/radio.ufpa.br\/wp-content\/uploads\/2017\/12\/Sem%20t%C3%ADtulo-4.png?fit=800%2C533&ssl=1","jetpack_shortlink":"https:\/\/wp.me\/p8TJeA-PY","jetpack_likes_enabled":true,"jetpack-related-posts":[],"jetpack_sharing_enabled":true,"_links":{"self":[{"href":"https:\/\/radio.ufpa.br\/index.php\/wp-json\/wp\/v2\/posts\/3222","targetHints":{"allow":["GET"]}}],"collection":[{"href":"https:\/\/radio.ufpa.br\/index.php\/wp-json\/wp\/v2\/posts"}],"about":[{"href":"https:\/\/radio.ufpa.br\/index.php\/wp-json\/wp\/v2\/types\/post"}],"author":[{"embeddable":true,"href":"https:\/\/radio.ufpa.br\/index.php\/wp-json\/wp\/v2\/users\/2"}],"replies":[{"embeddable":true,"href":"https:\/\/radio.ufpa.br\/index.php\/wp-json\/wp\/v2\/comments?post=3222"}],"version-history":[{"count":4,"href":"https:\/\/radio.ufpa.br\/index.php\/wp-json\/wp\/v2\/posts\/3222\/revisions"}],"predecessor-version":[{"id":3231,"href":"https:\/\/radio.ufpa.br\/index.php\/wp-json\/wp\/v2\/posts\/3222\/revisions\/3231"}],"wp:featuredmedia":[{"embeddable":true,"href":"https:\/\/radio.ufpa.br\/index.php\/wp-json\/wp\/v2\/media\/3225"}],"wp:attachment":[{"href":"https:\/\/radio.ufpa.br\/index.php\/wp-json\/wp\/v2\/media?parent=3222"}],"wp:term":[{"taxonomy":"category","embeddable":true,"href":"https:\/\/radio.ufpa.br\/index.php\/wp-json\/wp\/v2\/categories?post=3222"},{"taxonomy":"post_tag","embeddable":true,"href":"https:\/\/radio.ufpa.br\/index.php\/wp-json\/wp\/v2\/tags?post=3222"}],"curies":[{"name":"wp","href":"https:\/\/api.w.org\/{rel}","templated":true}]}}