{"id":3654,"date":"2018-03-07T08:00:46","date_gmt":"2018-03-07T11:00:46","guid":{"rendered":"http:\/\/radio.ufpa.br\/?p=3654"},"modified":"2018-03-09T15:29:52","modified_gmt":"2018-03-09T18:29:52","slug":"madtech","status":"publish","type":"post","link":"https:\/\/radio.ufpa.br\/index.php\/ufpa-ensino\/madtech\/","title":{"rendered":"MadTech"},"content":{"rendered":"<!--[if lt IE 9]><script>document.createElement('audio');<\/script><![endif]-->\n\t<div class=\"wp-playlist wp-audio-playlist wp-playlist-light\">\n\t\t\t<div class=\"wp-playlist-current-item\"><\/div>\n\t\t<audio controls=\"controls\" preload=\"none\" width=\"1178\"\n\t\t\t><\/audio>\n\t<div class=\"wp-playlist-next\"><\/div>\n\t<div class=\"wp-playlist-prev\"><\/div>\n\t<noscript>\n\t<ol>\n\t\t<li><a href='https:\/\/radio.ufpa.br\/wp-content\/uploads\/2018\/UFPA%20ENSINO%20-%20MADTECH%20-%2007.03.18.mp3'>UFPA Enesino - MadTech<\/a><\/li>\t<\/ol>\n\t<\/noscript>\n\t<script type=\"application\/json\" class=\"wp-playlist-script\">{\"type\":\"audio\",\"tracklist\":true,\"tracknumbers\":true,\"images\":true,\"artists\":true,\"tracks\":[{\"src\":\"https:\\\/\\\/radio.ufpa.br\\\/wp-content\\\/uploads\\\/2018\\\/UFPA ENSINO - MADTECH - 07.03.18.mp3\",\"type\":\"audio\\\/mpeg\",\"title\":\"UFPA Enesino - MadTech\",\"caption\":\"\",\"description\":\"\\\"UFPA ENSINO - MADTECH - 07.03.18\\\". Genre: Other.\",\"meta\":{\"artist\":\"R\\u00e1dio Web UFPA\",\"album\":\"UFPA Ensino\",\"genre\":\"Other\",\"length_formatted\":\"33:36\"},\"image\":{\"src\":\"https:\\\/\\\/radio.ufpa.br\\\/wp-includes\\\/images\\\/media\\\/audio.svg\",\"width\":48,\"height\":64},\"thumb\":{\"src\":\"https:\\\/\\\/radio.ufpa.br\\\/wp-includes\\\/images\\\/media\\\/audio.svg\",\"width\":48,\"height\":64}}]}<\/script>\n<\/div>\n\t\n<p>O UFPA Ensino fala sobre a MadTech, uma startup que est\u00e1 entre as finalistas do Desafio de Inova\u00e7\u00e3o sobre Pl\u00e1stico Marinho 2017, que acontecer\u00e1 este ano, no estado da Calif\u00f3rnia, nos Estados Unidos. O Desafio \u00e9 um evento internacional, realizado pela Organiza\u00e7\u00e3o das Na\u00e7\u00f5es Unidas Meio Ambiente em parceria com a Think Beyond Plastic.<\/p>\n<p>Para falar mais sobre a MadTech e os projetos desenvolvidos pela startup, recebemos dois participantes da iniciativa no est\u00fadio da R\u00e1dio Web UFPA Melquisedec Negr\u00e3o, aluno do curso de Engenharia de Bioprocessos; e Renan Brand\u00e3o, mestrando do Programa de P\u00f3s-gradua\u00e7\u00e3o em Economia.<\/p>\n<p>A MadTech \u00e9 uma startup que trabalha no desenvolvimento da Madeira Ecol\u00f3gica, que \u00e9 desenvolvida a partir da utiliza\u00e7\u00e3o dos res\u00edduos agroindustriais, como os caro\u00e7os de a\u00e7a\u00ed. Al\u00e9m disso, o projeto visa a utiliza\u00e7\u00e3o de rejeitos descartados nos rios da regi\u00e3o. Com isso, a ideia \u00e9 trabalhar com a quest\u00e3o ambiental, buscando reduzir os n\u00fameros do desmatamento e evitar a polui\u00e7\u00e3o pl\u00e1stica e org\u00e2nica dos rios, mares e nas cidades.<\/p>\n<p>O trabalho com madeira ecol\u00f3gica surgiu quando o grupo participou do Desafio Universit\u00e1rio Inove+, promovido no final de 2017 pela Ag\u00eancia de Inova\u00e7\u00e3o Tecnol\u00f3gica da UFPA (Universitec), sendo o projeto vencedor na categoria Neg\u00f3cios de Impacto. Para Melquisedec, a MadTech \u201cvenceu por apresentar grande impacto tanto social, quanto ambiental\u201d, afirma.<\/p>\n<p>Desde ent\u00e3o, algumas adapta\u00e7\u00f5es vem sendo aplicadas ao trabalho para concorrer ao Desafio de Inova\u00e7\u00e3o sobre Pl\u00e1stico Marinho, com o nome Oceanic Forest. \u201cO novo projeto trata da recolha dos res\u00edduos pl\u00e1sticos de rios e riachos da nossa regi\u00e3o, evitando que eles cheguem ao mar e o contamine ainda mais\u201d, explica Melquisidec Negr\u00e3o. Al\u00e9m da dimens\u00e3o ambiental, os estudantes observam o potencial de a Madtech impactar no desenvolvimento social. \u201cO objetivo do projeto \u00e9 que os catadores recolham o material dos rios para aumentar sua renda e produtividade e n\u00f3s o adquirirmos deles\u201d, defende Melquisedec.<\/p>\n<p>Al\u00e9m de falar sobre a cria\u00e7\u00e3o da startup MadTech, os convidados comentam sobre a import\u00e2ncia do Desafio Inove+ para o amadurecimento da equipe e a import\u00e2ncia das discuss\u00f5es sobre empreendedorismo, criatividade e inova\u00e7\u00e3o e tecnologia nas universidades.<\/p>\n<p>Apresenta\u00e7\u00e3o: Fabr\u00edcio Queiroz<br \/>\nProdu\u00e7\u00e3o e roteiro: Ryan Graves<br \/>\nGrava\u00e7\u00e3o e montagem: Jo\u00e3o Nilo Ferreira<\/p>\n<p>O UFPA Ensino vai ao ar \u00e0s quartas-feiras, \u00e0s 10h e 21h.<br \/>\nHor\u00e1rios alternativos: Sexta-feira, \u00e0s 19h, e s\u00e1bado, \u00e0s 21h.<\/p>\n","protected":false},"excerpt":{"rendered":"<p> &#8230; <a title=\"MadTech\" class=\"read-more\" href=\"https:\/\/radio.ufpa.br\/index.php\/ufpa-ensino\/madtech\/\" aria-label=\"Read more about MadTech\">Ler mais<\/a><\/p>\n","protected":false},"author":2,"featured_media":3676,"comment_status":"open","ping_status":"open","sticky":false,"template":"","format":"standard","meta":{"_acf_changed":false,"_exactmetrics_skip_tracking":false,"_exactmetrics_sitenote_active":false,"_exactmetrics_sitenote_note":"","_exactmetrics_sitenote_category":0,"_monsterinsights_skip_tracking":false,"_monsterinsights_sitenote_active":false,"_monsterinsights_sitenote_note":"","_monsterinsights_sitenote_category":0,"_uf_show_specific_survey":0,"_uf_disable_surveys":false,"jetpack_post_was_ever_published":false,"_jetpack_newsletter_access":"","_jetpack_dont_email_post_to_subs":false,"_jetpack_newsletter_tier_id":0,"_jetpack_memberships_contains_paywalled_content":false,"_jetpack_memberships_contains_paid_content":false,"footnotes":"","jetpack_publicize_message":"","jetpack_publicize_feature_enabled":true,"jetpack_social_post_already_shared":true,"jetpack_social_options":{"image_generator_settings":{"template":"highway","enabled":false},"version":2}},"categories":[41],"tags":[],"class_list":["post-3654","post","type-post","status-publish","format-standard","has-post-thumbnail","hentry","category-ufpa-ensino"],"acf":[],"yoast_head":"<!-- This site is optimized with the Yoast SEO plugin v25.1 - https:\/\/yoast.com\/wordpress\/plugins\/seo\/ -->\n<title>MadTech - Radio Web UFPA<\/title>\n<meta name=\"description\" content=\"Neste programa, conhe\u00e7a a MadTech, startup criada por alunos da UFPA, que desenvolve projetos com madeira ecol\u00f3gica. Em pauta, a inova\u00e7\u00e3o nas universidades.\" \/>\n<meta name=\"robots\" content=\"index, follow, max-snippet:-1, max-image-preview:large, max-video-preview:-1\" \/>\n<link rel=\"canonical\" href=\"https:\/\/radio.ufpa.br\/index.php\/ufpa-ensino\/madtech\/\" \/>\n<meta property=\"og:locale\" content=\"pt_BR\" \/>\n<meta property=\"og:type\" content=\"article\" \/>\n<meta property=\"og:title\" content=\"MadTech - Radio Web UFPA\" \/>\n<meta property=\"og:description\" content=\"Neste programa, conhe\u00e7a a MadTech, startup criada por alunos da UFPA, que desenvolve projetos com madeira ecol\u00f3gica. Em pauta, a inova\u00e7\u00e3o nas universidades.\" \/>\n<meta property=\"og:url\" content=\"https:\/\/radio.ufpa.br\/index.php\/ufpa-ensino\/madtech\/\" \/>\n<meta property=\"og:site_name\" content=\"Radio Web UFPA\" \/>\n<meta property=\"article:publisher\" content=\"https:\/\/www.facebook.com\/radiowebufpa\" \/>\n<meta property=\"article:published_time\" content=\"2018-03-07T11:00:46+00:00\" \/>\n<meta property=\"article:modified_time\" content=\"2018-03-09T18:29:52+00:00\" \/>\n<meta property=\"og:image\" content=\"https:\/\/i0.wp.com\/radio.ufpa.br\/wp-content\/uploads\/2018\/Equipe%20Madtech.jpg?fit=746%2C423&ssl=1\" \/>\n\t<meta property=\"og:image:width\" content=\"746\" \/>\n\t<meta property=\"og:image:height\" content=\"423\" \/>\n\t<meta property=\"og:image:type\" content=\"image\/jpeg\" \/>\n<meta name=\"author\" content=\"Fabr\u00edcio Queiroz\" \/>\n<meta name=\"twitter:card\" content=\"summary_large_image\" \/>\n<meta name=\"twitter:creator\" content=\"@radiowebufpa\" \/>\n<meta name=\"twitter:site\" content=\"@radiowebufpa\" \/>\n<meta name=\"twitter:label1\" content=\"Escrito por\" \/>\n\t<meta name=\"twitter:data1\" content=\"Fabr\u00edcio Queiroz\" \/>\n\t<meta name=\"twitter:label2\" content=\"Est. tempo de leitura\" \/>\n\t<meta name=\"twitter:data2\" content=\"2 minutos\" \/>\n<script type=\"application\/ld+json\" class=\"yoast-schema-graph\">{\"@context\":\"https:\/\/schema.org\",\"@graph\":[{\"@type\":\"Article\",\"@id\":\"https:\/\/radio.ufpa.br\/index.php\/ufpa-ensino\/madtech\/#article\",\"isPartOf\":{\"@id\":\"https:\/\/radio.ufpa.br\/index.php\/ufpa-ensino\/madtech\/\"},\"author\":{\"name\":\"Fabr\u00edcio Queiroz\",\"@id\":\"https:\/\/radio.ufpa.br\/#\/schema\/person\/f3f139516982741ca0831359933ac096\"},\"headline\":\"MadTech\",\"datePublished\":\"2018-03-07T11:00:46+00:00\",\"dateModified\":\"2018-03-09T18:29:52+00:00\",\"mainEntityOfPage\":{\"@id\":\"https:\/\/radio.ufpa.br\/index.php\/ufpa-ensino\/madtech\/\"},\"wordCount\":433,\"commentCount\":0,\"publisher\":{\"@id\":\"https:\/\/radio.ufpa.br\/#organization\"},\"image\":{\"@id\":\"https:\/\/radio.ufpa.br\/index.php\/ufpa-ensino\/madtech\/#primaryimage\"},\"thumbnailUrl\":\"https:\/\/i0.wp.com\/radio.ufpa.br\/wp-content\/uploads\/2018\/Equipe%20Madtech.jpg?fit=746%2C423&ssl=1\",\"articleSection\":[\"UFPA Ensino\"],\"inLanguage\":\"pt-BR\",\"potentialAction\":[{\"@type\":\"CommentAction\",\"name\":\"Comment\",\"target\":[\"https:\/\/radio.ufpa.br\/index.php\/ufpa-ensino\/madtech\/#respond\"]}]},{\"@type\":\"WebPage\",\"@id\":\"https:\/\/radio.ufpa.br\/index.php\/ufpa-ensino\/madtech\/\",\"url\":\"https:\/\/radio.ufpa.br\/index.php\/ufpa-ensino\/madtech\/\",\"name\":\"MadTech - Radio Web UFPA\",\"isPartOf\":{\"@id\":\"https:\/\/radio.ufpa.br\/#website\"},\"primaryImageOfPage\":{\"@id\":\"https:\/\/radio.ufpa.br\/index.php\/ufpa-ensino\/madtech\/#primaryimage\"},\"image\":{\"@id\":\"https:\/\/radio.ufpa.br\/index.php\/ufpa-ensino\/madtech\/#primaryimage\"},\"thumbnailUrl\":\"https:\/\/i0.wp.com\/radio.ufpa.br\/wp-content\/uploads\/2018\/Equipe%20Madtech.jpg?fit=746%2C423&ssl=1\",\"datePublished\":\"2018-03-07T11:00:46+00:00\",\"dateModified\":\"2018-03-09T18:29:52+00:00\",\"description\":\"Neste programa, conhe\u00e7a a MadTech, startup criada por alunos da UFPA, que desenvolve projetos com madeira ecol\u00f3gica. Em pauta, a inova\u00e7\u00e3o nas universidades.\",\"breadcrumb\":{\"@id\":\"https:\/\/radio.ufpa.br\/index.php\/ufpa-ensino\/madtech\/#breadcrumb\"},\"inLanguage\":\"pt-BR\",\"potentialAction\":[{\"@type\":\"ReadAction\",\"target\":[\"https:\/\/radio.ufpa.br\/index.php\/ufpa-ensino\/madtech\/\"]}]},{\"@type\":\"ImageObject\",\"inLanguage\":\"pt-BR\",\"@id\":\"https:\/\/radio.ufpa.br\/index.php\/ufpa-ensino\/madtech\/#primaryimage\",\"url\":\"https:\/\/i0.wp.com\/radio.ufpa.br\/wp-content\/uploads\/2018\/Equipe%20Madtech.jpg?fit=746%2C423&ssl=1\",\"contentUrl\":\"https:\/\/i0.wp.com\/radio.ufpa.br\/wp-content\/uploads\/2018\/Equipe%20Madtech.jpg?fit=746%2C423&ssl=1\",\"width\":746,\"height\":423},{\"@type\":\"BreadcrumbList\",\"@id\":\"https:\/\/radio.ufpa.br\/index.php\/ufpa-ensino\/madtech\/#breadcrumb\",\"itemListElement\":[{\"@type\":\"ListItem\",\"position\":1,\"name\":\"In\u00edcio\",\"item\":\"https:\/\/radio.ufpa.br\/\"},{\"@type\":\"ListItem\",\"position\":2,\"name\":\"MadTech\"}]},{\"@type\":\"WebSite\",\"@id\":\"https:\/\/radio.ufpa.br\/#website\",\"url\":\"https:\/\/radio.ufpa.br\/\",\"name\":\"Radio Web UFPA\",\"description\":\"Divulgando o conhecimento\",\"publisher\":{\"@id\":\"https:\/\/radio.ufpa.br\/#organization\"},\"potentialAction\":[{\"@type\":\"SearchAction\",\"target\":{\"@type\":\"EntryPoint\",\"urlTemplate\":\"https:\/\/radio.ufpa.br\/?s={search_term_string}\"},\"query-input\":{\"@type\":\"PropertyValueSpecification\",\"valueRequired\":true,\"valueName\":\"search_term_string\"}}],\"inLanguage\":\"pt-BR\"},{\"@type\":\"Organization\",\"@id\":\"https:\/\/radio.ufpa.br\/#organization\",\"name\":\"UNIVERSIDADE FEDERAL DO PAR\u00c1-R\u00c1DIO WEB UFPA\",\"url\":\"https:\/\/radio.ufpa.br\/\",\"logo\":{\"@type\":\"ImageObject\",\"inLanguage\":\"pt-BR\",\"@id\":\"https:\/\/radio.ufpa.br\/#\/schema\/logo\/image\/\",\"url\":\"https:\/\/i0.wp.com\/radio.ufpa.br\/wp-content\/uploads\/2025\/12\/images-removebg-preview.png?fit=417%2C121&ssl=1\",\"contentUrl\":\"https:\/\/i0.wp.com\/radio.ufpa.br\/wp-content\/uploads\/2025\/12\/images-removebg-preview.png?fit=417%2C121&ssl=1\",\"width\":417,\"height\":121,\"caption\":\"UNIVERSIDADE FEDERAL DO PAR\u00c1-R\u00c1DIO WEB UFPA\"},\"image\":{\"@id\":\"https:\/\/radio.ufpa.br\/#\/schema\/logo\/image\/\"},\"sameAs\":[\"https:\/\/www.facebook.com\/radiowebufpa\",\"https:\/\/x.com\/radiowebufpa\",\"https:\/\/www.instagram.com\/radiowebufpa\/\",\"https:\/\/www.youtube.com\/user\/RadioWebUFP4\"]},{\"@type\":\"Person\",\"@id\":\"https:\/\/radio.ufpa.br\/#\/schema\/person\/f3f139516982741ca0831359933ac096\",\"name\":\"Fabr\u00edcio Queiroz\",\"image\":{\"@type\":\"ImageObject\",\"inLanguage\":\"pt-BR\",\"@id\":\"https:\/\/radio.ufpa.br\/#\/schema\/person\/image\/\",\"url\":\"https:\/\/secure.gravatar.com\/avatar\/16286edb2cee888d704ce74385081b7f?s=96&d=mm&r=g\",\"contentUrl\":\"https:\/\/secure.gravatar.com\/avatar\/16286edb2cee888d704ce74385081b7f?s=96&d=mm&r=g\",\"caption\":\"Fabr\u00edcio Queiroz\"},\"description\":\"Editor e Jornalista respons\u00e1vel\",\"url\":\"https:\/\/radio.ufpa.br\/index.php\/author\/fabricio\/\"}]}<\/script>\n<!-- \/ Yoast SEO plugin. -->","yoast_head_json":{"title":"MadTech - Radio Web UFPA","description":"Neste programa, conhe\u00e7a a MadTech, startup criada por alunos da UFPA, que desenvolve projetos com madeira ecol\u00f3gica. Em pauta, a inova\u00e7\u00e3o nas universidades.","robots":{"index":"index","follow":"follow","max-snippet":"max-snippet:-1","max-image-preview":"max-image-preview:large","max-video-preview":"max-video-preview:-1"},"canonical":"https:\/\/radio.ufpa.br\/index.php\/ufpa-ensino\/madtech\/","og_locale":"pt_BR","og_type":"article","og_title":"MadTech - Radio Web UFPA","og_description":"Neste programa, conhe\u00e7a a MadTech, startup criada por alunos da UFPA, que desenvolve projetos com madeira ecol\u00f3gica. Em pauta, a inova\u00e7\u00e3o nas universidades.","og_url":"https:\/\/radio.ufpa.br\/index.php\/ufpa-ensino\/madtech\/","og_site_name":"Radio Web UFPA","article_publisher":"https:\/\/www.facebook.com\/radiowebufpa","article_published_time":"2018-03-07T11:00:46+00:00","article_modified_time":"2018-03-09T18:29:52+00:00","og_image":[{"width":746,"height":423,"url":"https:\/\/i0.wp.com\/radio.ufpa.br\/wp-content\/uploads\/2018\/Equipe Madtech.jpg?fit=746%2C423&ssl=1","type":"image\/jpeg"}],"author":"Fabr\u00edcio Queiroz","twitter_card":"summary_large_image","twitter_creator":"@radiowebufpa","twitter_site":"@radiowebufpa","twitter_misc":{"Escrito por":"Fabr\u00edcio Queiroz","Est. tempo de leitura":"2 minutos"},"schema":{"@context":"https:\/\/schema.org","@graph":[{"@type":"Article","@id":"https:\/\/radio.ufpa.br\/index.php\/ufpa-ensino\/madtech\/#article","isPartOf":{"@id":"https:\/\/radio.ufpa.br\/index.php\/ufpa-ensino\/madtech\/"},"author":{"name":"Fabr\u00edcio Queiroz","@id":"https:\/\/radio.ufpa.br\/#\/schema\/person\/f3f139516982741ca0831359933ac096"},"headline":"MadTech","datePublished":"2018-03-07T11:00:46+00:00","dateModified":"2018-03-09T18:29:52+00:00","mainEntityOfPage":{"@id":"https:\/\/radio.ufpa.br\/index.php\/ufpa-ensino\/madtech\/"},"wordCount":433,"commentCount":0,"publisher":{"@id":"https:\/\/radio.ufpa.br\/#organization"},"image":{"@id":"https:\/\/radio.ufpa.br\/index.php\/ufpa-ensino\/madtech\/#primaryimage"},"thumbnailUrl":"https:\/\/i0.wp.com\/radio.ufpa.br\/wp-content\/uploads\/2018\/Equipe%20Madtech.jpg?fit=746%2C423&ssl=1","articleSection":["UFPA Ensino"],"inLanguage":"pt-BR","potentialAction":[{"@type":"CommentAction","name":"Comment","target":["https:\/\/radio.ufpa.br\/index.php\/ufpa-ensino\/madtech\/#respond"]}]},{"@type":"WebPage","@id":"https:\/\/radio.ufpa.br\/index.php\/ufpa-ensino\/madtech\/","url":"https:\/\/radio.ufpa.br\/index.php\/ufpa-ensino\/madtech\/","name":"MadTech - Radio Web UFPA","isPartOf":{"@id":"https:\/\/radio.ufpa.br\/#website"},"primaryImageOfPage":{"@id":"https:\/\/radio.ufpa.br\/index.php\/ufpa-ensino\/madtech\/#primaryimage"},"image":{"@id":"https:\/\/radio.ufpa.br\/index.php\/ufpa-ensino\/madtech\/#primaryimage"},"thumbnailUrl":"https:\/\/i0.wp.com\/radio.ufpa.br\/wp-content\/uploads\/2018\/Equipe%20Madtech.jpg?fit=746%2C423&ssl=1","datePublished":"2018-03-07T11:00:46+00:00","dateModified":"2018-03-09T18:29:52+00:00","description":"Neste programa, conhe\u00e7a a MadTech, startup criada por alunos da UFPA, que desenvolve projetos com madeira ecol\u00f3gica. Em pauta, a inova\u00e7\u00e3o nas universidades.","breadcrumb":{"@id":"https:\/\/radio.ufpa.br\/index.php\/ufpa-ensino\/madtech\/#breadcrumb"},"inLanguage":"pt-BR","potentialAction":[{"@type":"ReadAction","target":["https:\/\/radio.ufpa.br\/index.php\/ufpa-ensino\/madtech\/"]}]},{"@type":"ImageObject","inLanguage":"pt-BR","@id":"https:\/\/radio.ufpa.br\/index.php\/ufpa-ensino\/madtech\/#primaryimage","url":"https:\/\/i0.wp.com\/radio.ufpa.br\/wp-content\/uploads\/2018\/Equipe%20Madtech.jpg?fit=746%2C423&ssl=1","contentUrl":"https:\/\/i0.wp.com\/radio.ufpa.br\/wp-content\/uploads\/2018\/Equipe%20Madtech.jpg?fit=746%2C423&ssl=1","width":746,"height":423},{"@type":"BreadcrumbList","@id":"https:\/\/radio.ufpa.br\/index.php\/ufpa-ensino\/madtech\/#breadcrumb","itemListElement":[{"@type":"ListItem","position":1,"name":"In\u00edcio","item":"https:\/\/radio.ufpa.br\/"},{"@type":"ListItem","position":2,"name":"MadTech"}]},{"@type":"WebSite","@id":"https:\/\/radio.ufpa.br\/#website","url":"https:\/\/radio.ufpa.br\/","name":"Radio Web UFPA","description":"Divulgando o conhecimento","publisher":{"@id":"https:\/\/radio.ufpa.br\/#organization"},"potentialAction":[{"@type":"SearchAction","target":{"@type":"EntryPoint","urlTemplate":"https:\/\/radio.ufpa.br\/?s={search_term_string}"},"query-input":{"@type":"PropertyValueSpecification","valueRequired":true,"valueName":"search_term_string"}}],"inLanguage":"pt-BR"},{"@type":"Organization","@id":"https:\/\/radio.ufpa.br\/#organization","name":"UNIVERSIDADE FEDERAL DO PAR\u00c1-R\u00c1DIO WEB UFPA","url":"https:\/\/radio.ufpa.br\/","logo":{"@type":"ImageObject","inLanguage":"pt-BR","@id":"https:\/\/radio.ufpa.br\/#\/schema\/logo\/image\/","url":"https:\/\/i0.wp.com\/radio.ufpa.br\/wp-content\/uploads\/2025\/12\/images-removebg-preview.png?fit=417%2C121&ssl=1","contentUrl":"https:\/\/i0.wp.com\/radio.ufpa.br\/wp-content\/uploads\/2025\/12\/images-removebg-preview.png?fit=417%2C121&ssl=1","width":417,"height":121,"caption":"UNIVERSIDADE FEDERAL DO PAR\u00c1-R\u00c1DIO WEB UFPA"},"image":{"@id":"https:\/\/radio.ufpa.br\/#\/schema\/logo\/image\/"},"sameAs":["https:\/\/www.facebook.com\/radiowebufpa","https:\/\/x.com\/radiowebufpa","https:\/\/www.instagram.com\/radiowebufpa\/","https:\/\/www.youtube.com\/user\/RadioWebUFP4"]},{"@type":"Person","@id":"https:\/\/radio.ufpa.br\/#\/schema\/person\/f3f139516982741ca0831359933ac096","name":"Fabr\u00edcio Queiroz","image":{"@type":"ImageObject","inLanguage":"pt-BR","@id":"https:\/\/radio.ufpa.br\/#\/schema\/person\/image\/","url":"https:\/\/secure.gravatar.com\/avatar\/16286edb2cee888d704ce74385081b7f?s=96&d=mm&r=g","contentUrl":"https:\/\/secure.gravatar.com\/avatar\/16286edb2cee888d704ce74385081b7f?s=96&d=mm&r=g","caption":"Fabr\u00edcio Queiroz"},"description":"Editor e Jornalista respons\u00e1vel","url":"https:\/\/radio.ufpa.br\/index.php\/author\/fabricio\/"}]}},"jetpack_publicize_connections":[],"jetpack_featured_media_url":"https:\/\/i0.wp.com\/radio.ufpa.br\/wp-content\/uploads\/2018\/Equipe%20Madtech.jpg?fit=746%2C423&ssl=1","jetpack_shortlink":"https:\/\/wp.me\/s8TJeA-madtech","jetpack_likes_enabled":true,"jetpack-related-posts":[],"jetpack_sharing_enabled":true,"_links":{"self":[{"href":"https:\/\/radio.ufpa.br\/index.php\/wp-json\/wp\/v2\/posts\/3654","targetHints":{"allow":["GET"]}}],"collection":[{"href":"https:\/\/radio.ufpa.br\/index.php\/wp-json\/wp\/v2\/posts"}],"about":[{"href":"https:\/\/radio.ufpa.br\/index.php\/wp-json\/wp\/v2\/types\/post"}],"author":[{"embeddable":true,"href":"https:\/\/radio.ufpa.br\/index.php\/wp-json\/wp\/v2\/users\/2"}],"replies":[{"embeddable":true,"href":"https:\/\/radio.ufpa.br\/index.php\/wp-json\/wp\/v2\/comments?post=3654"}],"version-history":[{"count":5,"href":"https:\/\/radio.ufpa.br\/index.php\/wp-json\/wp\/v2\/posts\/3654\/revisions"}],"predecessor-version":[{"id":3684,"href":"https:\/\/radio.ufpa.br\/index.php\/wp-json\/wp\/v2\/posts\/3654\/revisions\/3684"}],"wp:featuredmedia":[{"embeddable":true,"href":"https:\/\/radio.ufpa.br\/index.php\/wp-json\/wp\/v2\/media\/3676"}],"wp:attachment":[{"href":"https:\/\/radio.ufpa.br\/index.php\/wp-json\/wp\/v2\/media?parent=3654"}],"wp:term":[{"taxonomy":"category","embeddable":true,"href":"https:\/\/radio.ufpa.br\/index.php\/wp-json\/wp\/v2\/categories?post=3654"},{"taxonomy":"post_tag","embeddable":true,"href":"https:\/\/radio.ufpa.br\/index.php\/wp-json\/wp\/v2\/tags?post=3654"}],"curies":[{"name":"wp","href":"https:\/\/api.w.org\/{rel}","templated":true}]}}