{"id":3687,"date":"2018-03-12T12:53:14","date_gmt":"2018-03-12T15:53:14","guid":{"rendered":"http:\/\/radio.ufpa.br\/?p=3687"},"modified":"2018-03-12T13:35:04","modified_gmt":"2018-03-12T16:35:04","slug":"grupo-olivia","status":"publish","type":"post","link":"https:\/\/radio.ufpa.br\/index.php\/ufpa-entrevista\/grupo-olivia\/","title":{"rendered":"Grupo Ol\u00edvia"},"content":{"rendered":"<!--[if lt IE 9]><script>document.createElement('audio');<\/script><![endif]-->\n\t<div class=\"wp-playlist wp-audio-playlist wp-playlist-light\">\n\t\t\t<div class=\"wp-playlist-current-item\"><\/div>\n\t\t<audio controls=\"controls\" preload=\"none\" width=\"1178\"\n\t\t\t><\/audio>\n\t<div class=\"wp-playlist-next\"><\/div>\n\t<div class=\"wp-playlist-prev\"><\/div>\n\t<noscript>\n\t<ol>\n\t\t<li><a href='https:\/\/radio.ufpa.br\/wp-content\/uploads\/2018\/01\/UFPA%20Entrevista%20-%20Grupo%20Ol\u00edvia.mp3'>Grupo Ol\u00edvia<\/a><\/li>\t<\/ol>\n\t<\/noscript>\n\t<script type=\"application\/json\" class=\"wp-playlist-script\">{\"type\":\"audio\",\"tracklist\":true,\"tracknumbers\":true,\"images\":true,\"artists\":true,\"tracks\":[{\"src\":\"https:\\\/\\\/radio.ufpa.br\\\/wp-content\\\/uploads\\\/2018\\\/01\\\/UFPA Entrevista - Grupo Ol\\u00edvia.mp3\",\"type\":\"audio\\\/mpeg\",\"title\":\"Grupo Ol\\u00edvia\",\"caption\":\"\",\"description\":\"\\\"UFPA Entrevista - Grupo Ol\\u00edvia\\\". Genre: Other.\",\"meta\":{\"artist\":\"R\\u00c1DIO WEB UFPA\",\"album\":\"UFPA Entrevista\",\"genre\":\"Other\",\"length_formatted\":\"18:38\"},\"image\":{\"src\":\"https:\\\/\\\/i0.wp.com\\\/radio.ufpa.br\\\/wp-content\\\/uploads\\\/2017\\\/06\\\/icon_ufpa_entrevista.png?fit=500%2C500&ssl=1\",\"width\":500,\"height\":500},\"thumb\":{\"src\":\"https:\\\/\\\/i0.wp.com\\\/radio.ufpa.br\\\/wp-content\\\/uploads\\\/2017\\\/06\\\/icon_ufpa_entrevista.png?resize=150%2C150&ssl=1\",\"width\":150,\"height\":150}}]}<\/script>\n<\/div>\n\t\n<p>Nesta edi\u00e7\u00e3o do UFPA Entrevista conhe\u00e7a o trabalho da Grupo Ol\u00edvia (Organiza\u00e7\u00e3o da Livre Identidade e Orienta\u00e7\u00e3o Sexual do Par\u00e1). No programa, recebemos um dos fundadores do grupo, Marcos Mattos.<\/p>\n<p>A entidade atua desde 2014 na \u00e1rea dos direitos humanos, promovendo discuss\u00f5es sobre a liberdade de orienta\u00e7\u00e3o sexual e identidade de g\u00eanero, bem como o combate \u00e0 discrimina\u00e7\u00e3o, o preconceito e \u00e0 viol\u00eancia contra o p\u00fablico LGBT. Al\u00e9m disso, o Grupo Ol\u00edvia atua tamb\u00e9m no combate \u00e0 epidemia da AIDS e outras Doen\u00e7as Sexualmente Transmiss\u00edveis (DST&#8217;s).<\/p>\n<p>Nesse sentido, a ONG est\u00e1 presente na UFPA, onde atualmente ocupa o espa\u00e7o anteriormente destinado \u00e0s a\u00e7\u00f5es do GAPA (Grupo de Apoio \u00e0 Preven\u00e7\u00e3o \u00e0 Aids), no Espa\u00e7o Recreativo do Vadi\u00e3o, no campus do Guam\u00e1. Entre as a\u00e7\u00f5es realizadas est\u00e3o: a distribui\u00e7\u00e3o de preservativos, orienta\u00e7\u00e3o sobre os servi\u00e7os de sa\u00fade especializados e contribui\u00e7\u00e3o para discuss\u00e3o de pol\u00edticas p\u00fablicas em \u00e1reas como Sa\u00fade, Assist\u00eancia Social e Seguran\u00e7a P\u00fablica.<\/p>\n<p>No programa, conhe\u00e7a mais sobre a atua\u00e7\u00e3o do Grupo Ol\u00edvia, em especial os trabalhos no \u00e2mbito cient\u00edfico e junto \u00e0 comunidade acad\u00eamica. Um exemplo \u00e9 a Recep\u00e7\u00e3o aos Calouros, que ocorrer\u00e1 nesta sexta-feira, dia 16\/03, que contar\u00e1 com programa\u00e7\u00e3o de rodas de debates e exibi\u00e7\u00e3o de curtas com a tem\u00e1tica da diversidade sexual.<br \/>\nPara saber mais, confira o <a href=\"http:\/\/www.olivialgbt.ga\/home\">site<\/a> e o <a href=\"https:\/\/www.facebook.com\/olivialgbt\/\">Facebook<\/a> do Grupo, e n\u00e3o perca esta edi\u00e7\u00e3o do UFPA Entrevista.<\/p>\n<p>Apresenta\u00e7\u00e3o: Fabr\u00edcio Queiroz<br \/>\nProdu\u00e7\u00e3o e roteiro: Graziela Ferreira<br \/>\nGrava\u00e7\u00e3o e montagem: Jo\u00e3o Nilo Ferreira<\/p>\n<p>O UFPA Entrevista vai ao ar segunda-feira, \u00e0s 15h<br \/>\nHor\u00e1rios alternativos: Ter\u00e7a-feira, \u00e0s 19h; Quarta-feira, \u00e0s 15h; e Quinta-feira, \u00e0s 19h.<\/p>\n","protected":false},"excerpt":{"rendered":"<p> &#8230; <a title=\"Grupo Ol\u00edvia\" class=\"read-more\" href=\"https:\/\/radio.ufpa.br\/index.php\/ufpa-entrevista\/grupo-olivia\/\" aria-label=\"Read more about Grupo Ol\u00edvia\">Ler mais<\/a><\/p>\n","protected":false},"author":2,"featured_media":3691,"comment_status":"open","ping_status":"open","sticky":false,"template":"","format":"standard","meta":{"_acf_changed":false,"_exactmetrics_skip_tracking":false,"_exactmetrics_sitenote_active":false,"_exactmetrics_sitenote_note":"","_exactmetrics_sitenote_category":0,"_monsterinsights_skip_tracking":false,"_monsterinsights_sitenote_active":false,"_monsterinsights_sitenote_note":"","_monsterinsights_sitenote_category":0,"_uf_show_specific_survey":0,"_uf_disable_surveys":false,"jetpack_post_was_ever_published":false,"_jetpack_newsletter_access":"","_jetpack_dont_email_post_to_subs":false,"_jetpack_newsletter_tier_id":0,"_jetpack_memberships_contains_paywalled_content":false,"_jetpack_memberships_contains_paid_content":false,"footnotes":"","jetpack_publicize_message":"","jetpack_publicize_feature_enabled":true,"jetpack_social_post_already_shared":true,"jetpack_social_options":{"image_generator_settings":{"template":"highway","enabled":false},"version":2}},"categories":[36],"tags":[],"class_list":["post-3687","post","type-post","status-publish","format-standard","has-post-thumbnail","hentry","category-ufpa-entrevista"],"acf":[],"yoast_head":"<!-- This site is optimized with the Yoast SEO plugin v25.1 - https:\/\/yoast.com\/wordpress\/plugins\/seo\/ -->\n<title>Grupo Ol\u00edvia - Radio Web UFPA<\/title>\n<meta name=\"description\" content=\"No programa, conhe\u00e7a o trabalho do Grupo Ol\u00edvia, entidade que atua pela liberdade de orienta\u00e7\u00e3o sexual e identidade de g\u00eanero, al\u00e9m do combate \u00e0 AIDS e DSTs\" \/>\n<meta name=\"robots\" content=\"index, follow, max-snippet:-1, max-image-preview:large, max-video-preview:-1\" \/>\n<link rel=\"canonical\" href=\"https:\/\/radio.ufpa.br\/index.php\/ufpa-entrevista\/grupo-olivia\/\" \/>\n<meta property=\"og:locale\" content=\"pt_BR\" \/>\n<meta property=\"og:type\" content=\"article\" \/>\n<meta property=\"og:title\" content=\"Grupo Ol\u00edvia - Radio Web UFPA\" \/>\n<meta property=\"og:description\" content=\"No programa, conhe\u00e7a o trabalho do Grupo Ol\u00edvia, entidade que atua pela liberdade de orienta\u00e7\u00e3o sexual e identidade de g\u00eanero, al\u00e9m do combate \u00e0 AIDS e DSTs\" \/>\n<meta property=\"og:url\" content=\"https:\/\/radio.ufpa.br\/index.php\/ufpa-entrevista\/grupo-olivia\/\" \/>\n<meta property=\"og:site_name\" content=\"Radio Web UFPA\" \/>\n<meta property=\"article:publisher\" content=\"https:\/\/www.facebook.com\/radiowebufpa\" \/>\n<meta property=\"article:published_time\" content=\"2018-03-12T15:53:14+00:00\" \/>\n<meta property=\"article:modified_time\" content=\"2018-03-12T16:35:04+00:00\" \/>\n<meta property=\"og:image\" content=\"https:\/\/i0.wp.com\/radio.ufpa.br\/wp-content\/uploads\/2018\/01\/Olivia.jpg?fit=960%2C960&ssl=1\" \/>\n\t<meta property=\"og:image:width\" content=\"960\" \/>\n\t<meta property=\"og:image:height\" content=\"960\" \/>\n\t<meta property=\"og:image:type\" content=\"image\/jpeg\" \/>\n<meta name=\"author\" content=\"Fabr\u00edcio Queiroz\" \/>\n<meta name=\"twitter:card\" content=\"summary_large_image\" \/>\n<meta name=\"twitter:creator\" content=\"@radiowebufpa\" \/>\n<meta name=\"twitter:site\" content=\"@radiowebufpa\" \/>\n<meta name=\"twitter:label1\" content=\"Escrito por\" \/>\n\t<meta name=\"twitter:data1\" content=\"Fabr\u00edcio Queiroz\" \/>\n\t<meta name=\"twitter:label2\" content=\"Est. tempo de leitura\" \/>\n\t<meta name=\"twitter:data2\" content=\"2 minutos\" \/>\n<script type=\"application\/ld+json\" class=\"yoast-schema-graph\">{\"@context\":\"https:\/\/schema.org\",\"@graph\":[{\"@type\":\"Article\",\"@id\":\"https:\/\/radio.ufpa.br\/index.php\/ufpa-entrevista\/grupo-olivia\/#article\",\"isPartOf\":{\"@id\":\"https:\/\/radio.ufpa.br\/index.php\/ufpa-entrevista\/grupo-olivia\/\"},\"author\":{\"name\":\"Fabr\u00edcio Queiroz\",\"@id\":\"https:\/\/radio.ufpa.br\/#\/schema\/person\/f3f139516982741ca0831359933ac096\"},\"headline\":\"Grupo Ol\u00edvia\",\"datePublished\":\"2018-03-12T15:53:14+00:00\",\"dateModified\":\"2018-03-12T16:35:04+00:00\",\"mainEntityOfPage\":{\"@id\":\"https:\/\/radio.ufpa.br\/index.php\/ufpa-entrevista\/grupo-olivia\/\"},\"wordCount\":309,\"commentCount\":0,\"publisher\":{\"@id\":\"https:\/\/radio.ufpa.br\/#organization\"},\"image\":{\"@id\":\"https:\/\/radio.ufpa.br\/index.php\/ufpa-entrevista\/grupo-olivia\/#primaryimage\"},\"thumbnailUrl\":\"https:\/\/i0.wp.com\/radio.ufpa.br\/wp-content\/uploads\/2018\/01\/Olivia.jpg?fit=960%2C960&ssl=1\",\"articleSection\":[\"UFPA Entrevista\"],\"inLanguage\":\"pt-BR\",\"potentialAction\":[{\"@type\":\"CommentAction\",\"name\":\"Comment\",\"target\":[\"https:\/\/radio.ufpa.br\/index.php\/ufpa-entrevista\/grupo-olivia\/#respond\"]}]},{\"@type\":\"WebPage\",\"@id\":\"https:\/\/radio.ufpa.br\/index.php\/ufpa-entrevista\/grupo-olivia\/\",\"url\":\"https:\/\/radio.ufpa.br\/index.php\/ufpa-entrevista\/grupo-olivia\/\",\"name\":\"Grupo Ol\u00edvia - Radio Web UFPA\",\"isPartOf\":{\"@id\":\"https:\/\/radio.ufpa.br\/#website\"},\"primaryImageOfPage\":{\"@id\":\"https:\/\/radio.ufpa.br\/index.php\/ufpa-entrevista\/grupo-olivia\/#primaryimage\"},\"image\":{\"@id\":\"https:\/\/radio.ufpa.br\/index.php\/ufpa-entrevista\/grupo-olivia\/#primaryimage\"},\"thumbnailUrl\":\"https:\/\/i0.wp.com\/radio.ufpa.br\/wp-content\/uploads\/2018\/01\/Olivia.jpg?fit=960%2C960&ssl=1\",\"datePublished\":\"2018-03-12T15:53:14+00:00\",\"dateModified\":\"2018-03-12T16:35:04+00:00\",\"description\":\"No programa, conhe\u00e7a o trabalho do Grupo Ol\u00edvia, entidade que atua pela liberdade de orienta\u00e7\u00e3o sexual e identidade de g\u00eanero, al\u00e9m do combate \u00e0 AIDS e DSTs\",\"breadcrumb\":{\"@id\":\"https:\/\/radio.ufpa.br\/index.php\/ufpa-entrevista\/grupo-olivia\/#breadcrumb\"},\"inLanguage\":\"pt-BR\",\"potentialAction\":[{\"@type\":\"ReadAction\",\"target\":[\"https:\/\/radio.ufpa.br\/index.php\/ufpa-entrevista\/grupo-olivia\/\"]}]},{\"@type\":\"ImageObject\",\"inLanguage\":\"pt-BR\",\"@id\":\"https:\/\/radio.ufpa.br\/index.php\/ufpa-entrevista\/grupo-olivia\/#primaryimage\",\"url\":\"https:\/\/i0.wp.com\/radio.ufpa.br\/wp-content\/uploads\/2018\/01\/Olivia.jpg?fit=960%2C960&ssl=1\",\"contentUrl\":\"https:\/\/i0.wp.com\/radio.ufpa.br\/wp-content\/uploads\/2018\/01\/Olivia.jpg?fit=960%2C960&ssl=1\",\"width\":960,\"height\":960},{\"@type\":\"BreadcrumbList\",\"@id\":\"https:\/\/radio.ufpa.br\/index.php\/ufpa-entrevista\/grupo-olivia\/#breadcrumb\",\"itemListElement\":[{\"@type\":\"ListItem\",\"position\":1,\"name\":\"In\u00edcio\",\"item\":\"https:\/\/radio.ufpa.br\/\"},{\"@type\":\"ListItem\",\"position\":2,\"name\":\"Grupo Ol\u00edvia\"}]},{\"@type\":\"WebSite\",\"@id\":\"https:\/\/radio.ufpa.br\/#website\",\"url\":\"https:\/\/radio.ufpa.br\/\",\"name\":\"Radio Web UFPA\",\"description\":\"Divulgando o conhecimento\",\"publisher\":{\"@id\":\"https:\/\/radio.ufpa.br\/#organization\"},\"potentialAction\":[{\"@type\":\"SearchAction\",\"target\":{\"@type\":\"EntryPoint\",\"urlTemplate\":\"https:\/\/radio.ufpa.br\/?s={search_term_string}\"},\"query-input\":{\"@type\":\"PropertyValueSpecification\",\"valueRequired\":true,\"valueName\":\"search_term_string\"}}],\"inLanguage\":\"pt-BR\"},{\"@type\":\"Organization\",\"@id\":\"https:\/\/radio.ufpa.br\/#organization\",\"name\":\"UNIVERSIDADE FEDERAL DO PAR\u00c1-R\u00c1DIO WEB UFPA\",\"url\":\"https:\/\/radio.ufpa.br\/\",\"logo\":{\"@type\":\"ImageObject\",\"inLanguage\":\"pt-BR\",\"@id\":\"https:\/\/radio.ufpa.br\/#\/schema\/logo\/image\/\",\"url\":\"https:\/\/i0.wp.com\/radio.ufpa.br\/wp-content\/uploads\/2025\/12\/images-removebg-preview.png?fit=417%2C121&ssl=1\",\"contentUrl\":\"https:\/\/i0.wp.com\/radio.ufpa.br\/wp-content\/uploads\/2025\/12\/images-removebg-preview.png?fit=417%2C121&ssl=1\",\"width\":417,\"height\":121,\"caption\":\"UNIVERSIDADE FEDERAL DO PAR\u00c1-R\u00c1DIO WEB UFPA\"},\"image\":{\"@id\":\"https:\/\/radio.ufpa.br\/#\/schema\/logo\/image\/\"},\"sameAs\":[\"https:\/\/www.facebook.com\/radiowebufpa\",\"https:\/\/x.com\/radiowebufpa\",\"https:\/\/www.instagram.com\/radiowebufpa\/\",\"https:\/\/www.youtube.com\/user\/RadioWebUFP4\"]},{\"@type\":\"Person\",\"@id\":\"https:\/\/radio.ufpa.br\/#\/schema\/person\/f3f139516982741ca0831359933ac096\",\"name\":\"Fabr\u00edcio Queiroz\",\"image\":{\"@type\":\"ImageObject\",\"inLanguage\":\"pt-BR\",\"@id\":\"https:\/\/radio.ufpa.br\/#\/schema\/person\/image\/\",\"url\":\"https:\/\/secure.gravatar.com\/avatar\/16286edb2cee888d704ce74385081b7f?s=96&d=mm&r=g\",\"contentUrl\":\"https:\/\/secure.gravatar.com\/avatar\/16286edb2cee888d704ce74385081b7f?s=96&d=mm&r=g\",\"caption\":\"Fabr\u00edcio Queiroz\"},\"description\":\"Editor e Jornalista respons\u00e1vel\",\"url\":\"https:\/\/radio.ufpa.br\/index.php\/author\/fabricio\/\"}]}<\/script>\n<!-- \/ Yoast SEO plugin. -->","yoast_head_json":{"title":"Grupo Ol\u00edvia - Radio Web UFPA","description":"No programa, conhe\u00e7a o trabalho do Grupo Ol\u00edvia, entidade que atua pela liberdade de orienta\u00e7\u00e3o sexual e identidade de g\u00eanero, al\u00e9m do combate \u00e0 AIDS e DSTs","robots":{"index":"index","follow":"follow","max-snippet":"max-snippet:-1","max-image-preview":"max-image-preview:large","max-video-preview":"max-video-preview:-1"},"canonical":"https:\/\/radio.ufpa.br\/index.php\/ufpa-entrevista\/grupo-olivia\/","og_locale":"pt_BR","og_type":"article","og_title":"Grupo Ol\u00edvia - Radio Web UFPA","og_description":"No programa, conhe\u00e7a o trabalho do Grupo Ol\u00edvia, entidade que atua pela liberdade de orienta\u00e7\u00e3o sexual e identidade de g\u00eanero, al\u00e9m do combate \u00e0 AIDS e DSTs","og_url":"https:\/\/radio.ufpa.br\/index.php\/ufpa-entrevista\/grupo-olivia\/","og_site_name":"Radio Web UFPA","article_publisher":"https:\/\/www.facebook.com\/radiowebufpa","article_published_time":"2018-03-12T15:53:14+00:00","article_modified_time":"2018-03-12T16:35:04+00:00","og_image":[{"width":960,"height":960,"url":"https:\/\/i0.wp.com\/radio.ufpa.br\/wp-content\/uploads\/2018\/01\/Olivia.jpg?fit=960%2C960&ssl=1","type":"image\/jpeg"}],"author":"Fabr\u00edcio Queiroz","twitter_card":"summary_large_image","twitter_creator":"@radiowebufpa","twitter_site":"@radiowebufpa","twitter_misc":{"Escrito por":"Fabr\u00edcio Queiroz","Est. tempo de leitura":"2 minutos"},"schema":{"@context":"https:\/\/schema.org","@graph":[{"@type":"Article","@id":"https:\/\/radio.ufpa.br\/index.php\/ufpa-entrevista\/grupo-olivia\/#article","isPartOf":{"@id":"https:\/\/radio.ufpa.br\/index.php\/ufpa-entrevista\/grupo-olivia\/"},"author":{"name":"Fabr\u00edcio Queiroz","@id":"https:\/\/radio.ufpa.br\/#\/schema\/person\/f3f139516982741ca0831359933ac096"},"headline":"Grupo Ol\u00edvia","datePublished":"2018-03-12T15:53:14+00:00","dateModified":"2018-03-12T16:35:04+00:00","mainEntityOfPage":{"@id":"https:\/\/radio.ufpa.br\/index.php\/ufpa-entrevista\/grupo-olivia\/"},"wordCount":309,"commentCount":0,"publisher":{"@id":"https:\/\/radio.ufpa.br\/#organization"},"image":{"@id":"https:\/\/radio.ufpa.br\/index.php\/ufpa-entrevista\/grupo-olivia\/#primaryimage"},"thumbnailUrl":"https:\/\/i0.wp.com\/radio.ufpa.br\/wp-content\/uploads\/2018\/01\/Olivia.jpg?fit=960%2C960&ssl=1","articleSection":["UFPA Entrevista"],"inLanguage":"pt-BR","potentialAction":[{"@type":"CommentAction","name":"Comment","target":["https:\/\/radio.ufpa.br\/index.php\/ufpa-entrevista\/grupo-olivia\/#respond"]}]},{"@type":"WebPage","@id":"https:\/\/radio.ufpa.br\/index.php\/ufpa-entrevista\/grupo-olivia\/","url":"https:\/\/radio.ufpa.br\/index.php\/ufpa-entrevista\/grupo-olivia\/","name":"Grupo Ol\u00edvia - Radio Web UFPA","isPartOf":{"@id":"https:\/\/radio.ufpa.br\/#website"},"primaryImageOfPage":{"@id":"https:\/\/radio.ufpa.br\/index.php\/ufpa-entrevista\/grupo-olivia\/#primaryimage"},"image":{"@id":"https:\/\/radio.ufpa.br\/index.php\/ufpa-entrevista\/grupo-olivia\/#primaryimage"},"thumbnailUrl":"https:\/\/i0.wp.com\/radio.ufpa.br\/wp-content\/uploads\/2018\/01\/Olivia.jpg?fit=960%2C960&ssl=1","datePublished":"2018-03-12T15:53:14+00:00","dateModified":"2018-03-12T16:35:04+00:00","description":"No programa, conhe\u00e7a o trabalho do Grupo Ol\u00edvia, entidade que atua pela liberdade de orienta\u00e7\u00e3o sexual e identidade de g\u00eanero, al\u00e9m do combate \u00e0 AIDS e DSTs","breadcrumb":{"@id":"https:\/\/radio.ufpa.br\/index.php\/ufpa-entrevista\/grupo-olivia\/#breadcrumb"},"inLanguage":"pt-BR","potentialAction":[{"@type":"ReadAction","target":["https:\/\/radio.ufpa.br\/index.php\/ufpa-entrevista\/grupo-olivia\/"]}]},{"@type":"ImageObject","inLanguage":"pt-BR","@id":"https:\/\/radio.ufpa.br\/index.php\/ufpa-entrevista\/grupo-olivia\/#primaryimage","url":"https:\/\/i0.wp.com\/radio.ufpa.br\/wp-content\/uploads\/2018\/01\/Olivia.jpg?fit=960%2C960&ssl=1","contentUrl":"https:\/\/i0.wp.com\/radio.ufpa.br\/wp-content\/uploads\/2018\/01\/Olivia.jpg?fit=960%2C960&ssl=1","width":960,"height":960},{"@type":"BreadcrumbList","@id":"https:\/\/radio.ufpa.br\/index.php\/ufpa-entrevista\/grupo-olivia\/#breadcrumb","itemListElement":[{"@type":"ListItem","position":1,"name":"In\u00edcio","item":"https:\/\/radio.ufpa.br\/"},{"@type":"ListItem","position":2,"name":"Grupo Ol\u00edvia"}]},{"@type":"WebSite","@id":"https:\/\/radio.ufpa.br\/#website","url":"https:\/\/radio.ufpa.br\/","name":"Radio Web UFPA","description":"Divulgando o conhecimento","publisher":{"@id":"https:\/\/radio.ufpa.br\/#organization"},"potentialAction":[{"@type":"SearchAction","target":{"@type":"EntryPoint","urlTemplate":"https:\/\/radio.ufpa.br\/?s={search_term_string}"},"query-input":{"@type":"PropertyValueSpecification","valueRequired":true,"valueName":"search_term_string"}}],"inLanguage":"pt-BR"},{"@type":"Organization","@id":"https:\/\/radio.ufpa.br\/#organization","name":"UNIVERSIDADE FEDERAL DO PAR\u00c1-R\u00c1DIO WEB UFPA","url":"https:\/\/radio.ufpa.br\/","logo":{"@type":"ImageObject","inLanguage":"pt-BR","@id":"https:\/\/radio.ufpa.br\/#\/schema\/logo\/image\/","url":"https:\/\/i0.wp.com\/radio.ufpa.br\/wp-content\/uploads\/2025\/12\/images-removebg-preview.png?fit=417%2C121&ssl=1","contentUrl":"https:\/\/i0.wp.com\/radio.ufpa.br\/wp-content\/uploads\/2025\/12\/images-removebg-preview.png?fit=417%2C121&ssl=1","width":417,"height":121,"caption":"UNIVERSIDADE FEDERAL DO PAR\u00c1-R\u00c1DIO WEB UFPA"},"image":{"@id":"https:\/\/radio.ufpa.br\/#\/schema\/logo\/image\/"},"sameAs":["https:\/\/www.facebook.com\/radiowebufpa","https:\/\/x.com\/radiowebufpa","https:\/\/www.instagram.com\/radiowebufpa\/","https:\/\/www.youtube.com\/user\/RadioWebUFP4"]},{"@type":"Person","@id":"https:\/\/radio.ufpa.br\/#\/schema\/person\/f3f139516982741ca0831359933ac096","name":"Fabr\u00edcio Queiroz","image":{"@type":"ImageObject","inLanguage":"pt-BR","@id":"https:\/\/radio.ufpa.br\/#\/schema\/person\/image\/","url":"https:\/\/secure.gravatar.com\/avatar\/16286edb2cee888d704ce74385081b7f?s=96&d=mm&r=g","contentUrl":"https:\/\/secure.gravatar.com\/avatar\/16286edb2cee888d704ce74385081b7f?s=96&d=mm&r=g","caption":"Fabr\u00edcio Queiroz"},"description":"Editor e Jornalista respons\u00e1vel","url":"https:\/\/radio.ufpa.br\/index.php\/author\/fabricio\/"}]}},"jetpack_publicize_connections":[],"jetpack_featured_media_url":"https:\/\/i0.wp.com\/radio.ufpa.br\/wp-content\/uploads\/2018\/01\/Olivia.jpg?fit=960%2C960&ssl=1","jetpack_shortlink":"https:\/\/wp.me\/p8TJeA-Xt","jetpack_likes_enabled":true,"jetpack-related-posts":[],"jetpack_sharing_enabled":true,"_links":{"self":[{"href":"https:\/\/radio.ufpa.br\/index.php\/wp-json\/wp\/v2\/posts\/3687","targetHints":{"allow":["GET"]}}],"collection":[{"href":"https:\/\/radio.ufpa.br\/index.php\/wp-json\/wp\/v2\/posts"}],"about":[{"href":"https:\/\/radio.ufpa.br\/index.php\/wp-json\/wp\/v2\/types\/post"}],"author":[{"embeddable":true,"href":"https:\/\/radio.ufpa.br\/index.php\/wp-json\/wp\/v2\/users\/2"}],"replies":[{"embeddable":true,"href":"https:\/\/radio.ufpa.br\/index.php\/wp-json\/wp\/v2\/comments?post=3687"}],"version-history":[{"count":2,"href":"https:\/\/radio.ufpa.br\/index.php\/wp-json\/wp\/v2\/posts\/3687\/revisions"}],"predecessor-version":[{"id":3694,"href":"https:\/\/radio.ufpa.br\/index.php\/wp-json\/wp\/v2\/posts\/3687\/revisions\/3694"}],"wp:featuredmedia":[{"embeddable":true,"href":"https:\/\/radio.ufpa.br\/index.php\/wp-json\/wp\/v2\/media\/3691"}],"wp:attachment":[{"href":"https:\/\/radio.ufpa.br\/index.php\/wp-json\/wp\/v2\/media?parent=3687"}],"wp:term":[{"taxonomy":"category","embeddable":true,"href":"https:\/\/radio.ufpa.br\/index.php\/wp-json\/wp\/v2\/categories?post=3687"},{"taxonomy":"post_tag","embeddable":true,"href":"https:\/\/radio.ufpa.br\/index.php\/wp-json\/wp\/v2\/tags?post=3687"}],"curies":[{"name":"wp","href":"https:\/\/api.w.org\/{rel}","templated":true}]}}