{"id":392,"date":"2017-03-13T11:02:55","date_gmt":"2017-03-13T14:02:55","guid":{"rendered":"http:\/\/radio.ufpa.br\/?p=392"},"modified":"2017-07-27T15:21:25","modified_gmt":"2017-07-27T18:21:25","slug":"proex-pro-reitor-de-extensao-nelson-de-souza-junior","status":"publish","type":"post","link":"https:\/\/radio.ufpa.br\/index.php\/ufpa-entrevista\/proex-pro-reitor-de-extensao-nelson-de-souza-junior\/","title":{"rendered":"Pr\u00f3-reitor de Extens\u00e3o, Nelson de Souza J\u00fanior"},"content":{"rendered":"<header class=\"article-header clearfix\"><!--[if lt IE 9]><script>document.createElement('audio');<\/script><![endif]-->\n\t<div class=\"wp-playlist wp-audio-playlist wp-playlist-light\">\n\t\t\t<div class=\"wp-playlist-current-item\"><\/div>\n\t\t<audio controls=\"controls\" preload=\"none\" width=\"1178\"\n\t\t\t><\/audio>\n\t<div class=\"wp-playlist-next\"><\/div>\n\t<div class=\"wp-playlist-prev\"><\/div>\n\t<noscript>\n\t<ol>\n\t\t<li><a href='https:\/\/radio.ufpa.br\/wp-content\/uploads\/2017\/02\/UFPA%20ENTREVISTA%20-%20NELSON%20DE%20SOUZA%20-%20PROEX%20%20-%2013.02.17.mp3'>PROEX \u2013 Pr\u00f3-reitor de Extens\u00e3o, Nelson de Souza J\u00fanior<\/a><\/li>\t<\/ol>\n\t<\/noscript>\n\t<script type=\"application\/json\" class=\"wp-playlist-script\">{\"type\":\"audio\",\"tracklist\":true,\"tracknumbers\":true,\"images\":true,\"artists\":true,\"tracks\":[{\"src\":\"https:\\\/\\\/radio.ufpa.br\\\/wp-content\\\/uploads\\\/2017\\\/02\\\/UFPA ENTREVISTA - NELSON DE SOUZA - PROEX  - 13.02.17.mp3\",\"type\":\"audio\\\/mpeg\",\"title\":\"PROEX \\u2013 Pr\\u00f3-reitor de Extens\\u00e3o, Nelson de Souza J\\u00fanior\",\"caption\":\"\",\"description\":\"\\\"UFPA ENTREVISTA - NELSON DE SOUZA - PROEX  - 13.02.17\\\". Genre: Other.\",\"meta\":{\"artist\":\"R\\u00e1dio Web UFPA\",\"album\":\"UFPA Entrevista\",\"genre\":\"Other\",\"length_formatted\":\"25:11\"},\"image\":{\"src\":\"https:\\\/\\\/i0.wp.com\\\/radio.ufpa.br\\\/wp-content\\\/uploads\\\/2017\\\/06\\\/icon_ufpa_entrevista.png?fit=500%2C500&ssl=1\",\"width\":500,\"height\":500},\"thumb\":{\"src\":\"https:\\\/\\\/i0.wp.com\\\/radio.ufpa.br\\\/wp-content\\\/uploads\\\/2017\\\/06\\\/icon_ufpa_entrevista.png?resize=150%2C150&ssl=1\",\"width\":150,\"height\":150}}]}<\/script>\n<\/div>\n\t<\/p>\n<h4 class=\"article-title\">No UFPA Entrevista dessa semana, a R\u00e1dio Web inicia uma s\u00e9rie de programas sobre as metas da Administra\u00e7\u00e3o Superior. O objetivo da s\u00e9rie \u00e9 explicar sobre o funcionamento, demandas e perspectivas de se\u00e7\u00f5es fundamentais para a estrutura da Universidade. Nesta edi\u00e7\u00e3o, o convidado \u00e9 o pr\u00f3-reitor de extens\u00e3o Nelson de Souza J\u00fanior.<\/h4>\n<\/header>\n<blockquote>\n<section class=\"article-content clearfix\">\u201cA extens\u00e3o \u00e9 antes de tudo a maneira de nos posicionarmos com a sociedade. Pela extens\u00e3o, os principais produtos da universidade: forma\u00e7\u00e3o de recursos humanos e produ\u00e7\u00e3o de conhecimento e tecnologia passam a estar vinculados a demandas, necessidades e projetos sociais que est\u00e3o em curso ou que passar\u00e3o a estar em um tempo mais imediato\u201d.<\/section>\n<\/blockquote>\n<section class=\"article-content clearfix\">\u00a0 Essas s\u00e3o as palavras com que o pr\u00f3-reitor inicia nossa discuss\u00e3o sobre a extens\u00e3o, que situa a UFPA em um contexto de crescimento de produ\u00e7\u00e3o de conhecimento e de tecnologia com o recorte regional amaz\u00f4nico, com todas as suas peculiaridades e dificuldades no s\u00e9culo XXI.O pr\u00f3-reitor Nelson de Souza J\u00fanior conta tamb\u00e9m que o or\u00e7amento disponibilizado para a PROEX no ano de 2017 quase dobrou em rela\u00e7\u00e3o ao ano passado e isso gerou algumas mudan\u00e7as no funcionamento do \u00f3rg\u00e3o. Uma delas \u00e9 o fomento a dois novos editais de extens\u00e3o, que devem ser publicados ainda este ano. O primeiro vai eleger \u00e1reas da extens\u00e3o brasileira: sa\u00fade coletiva, direitos fundamentais, trabalho e educa\u00e7\u00e3o b\u00e1sica e financiar mais 20 projetos, considerados \u201cmais fortes e consolidados\u201d por alguns crit\u00e9rios de sele\u00e7\u00e3o; o segundo deve contemplar mais precisamente programas e projetos da \u00e1rea tecnol\u00f3gica.O pr\u00f3-reitor tamb\u00e9m discute a reformula\u00e7\u00e3o do Multicampi Arte, projeto j\u00e1 existente, que em parceria com o Instituto de Ci\u00eancias da Arte, leva teatro, dan\u00e7a e m\u00fasica para os campi do interior.<\/section>\n<section class=\"article-content clearfix\">\u00a0Ele destaca tamb\u00e9m como ocorrer\u00e1 a desvincula\u00e7\u00e3o da \u00e1rea de assist\u00eancia estudantil da compet\u00eancia da PROEX, que a partir de ent\u00e3o passa a ser de responsabilidade direta do gabinete da reitoria e tamb\u00e9m conta sobre a necessidade de se incluir a extens\u00e3o cada vez mais na grade curricular, como meta para os pr\u00f3ximos 4 anos.<\/section>\n","protected":false},"excerpt":{"rendered":"<p> &#8230; <a title=\"Pr\u00f3-reitor de Extens\u00e3o, Nelson de Souza J\u00fanior\" class=\"read-more\" href=\"https:\/\/radio.ufpa.br\/index.php\/ufpa-entrevista\/proex-pro-reitor-de-extensao-nelson-de-souza-junior\/\" aria-label=\"Read more about Pr\u00f3-reitor de Extens\u00e3o, Nelson de Souza J\u00fanior\">Ler mais<\/a><\/p>\n","protected":false},"author":2,"featured_media":1225,"comment_status":"open","ping_status":"open","sticky":false,"template":"","format":"standard","meta":{"_acf_changed":false,"_exactmetrics_skip_tracking":false,"_exactmetrics_sitenote_active":false,"_exactmetrics_sitenote_note":"","_exactmetrics_sitenote_category":0,"_monsterinsights_skip_tracking":false,"_monsterinsights_sitenote_active":false,"_monsterinsights_sitenote_note":"","_monsterinsights_sitenote_category":0,"_uf_show_specific_survey":0,"_uf_disable_surveys":false,"jetpack_post_was_ever_published":false,"_jetpack_newsletter_access":"","_jetpack_dont_email_post_to_subs":false,"_jetpack_newsletter_tier_id":0,"_jetpack_memberships_contains_paywalled_content":false,"_jetpack_memberships_contains_paid_content":false,"footnotes":"","jetpack_publicize_message":"","jetpack_publicize_feature_enabled":true,"jetpack_social_post_already_shared":true,"jetpack_social_options":{"image_generator_settings":{"template":"highway","enabled":false},"version":2}},"categories":[36],"tags":[245,246,247],"class_list":["post-392","post","type-post","status-publish","format-standard","has-post-thumbnail","hentry","category-ufpa-entrevista","tag-administracao","tag-ciencias-da-arte","tag-nelson-de-souza-junior"],"acf":[],"yoast_head":"<!-- This site is optimized with the Yoast SEO plugin v25.1 - https:\/\/yoast.com\/wordpress\/plugins\/seo\/ -->\n<title>Pr\u00f3-reitor de Extens\u00e3o, Nelson de Souza J\u00fanior - Radio Web UFPA<\/title>\n<meta name=\"robots\" content=\"index, follow, max-snippet:-1, max-image-preview:large, max-video-preview:-1\" \/>\n<link rel=\"canonical\" href=\"https:\/\/radio.ufpa.br\/index.php\/ufpa-entrevista\/proex-pro-reitor-de-extensao-nelson-de-souza-junior\/\" \/>\n<meta property=\"og:locale\" content=\"pt_BR\" \/>\n<meta property=\"og:type\" content=\"article\" \/>\n<meta property=\"og:title\" content=\"Pr\u00f3-reitor de Extens\u00e3o, Nelson de Souza J\u00fanior - Radio Web UFPA\" \/>\n<meta property=\"og:description\" content=\"... Ler mais\" \/>\n<meta property=\"og:url\" content=\"https:\/\/radio.ufpa.br\/index.php\/ufpa-entrevista\/proex-pro-reitor-de-extensao-nelson-de-souza-junior\/\" \/>\n<meta property=\"og:site_name\" content=\"Radio Web UFPA\" \/>\n<meta property=\"article:publisher\" content=\"https:\/\/www.facebook.com\/radiowebufpa\" \/>\n<meta property=\"article:published_time\" content=\"2017-03-13T14:02:55+00:00\" \/>\n<meta property=\"article:modified_time\" content=\"2017-07-27T18:21:25+00:00\" \/>\n<meta property=\"og:image\" content=\"https:\/\/i0.wp.com\/radio.ufpa.br\/wp-content\/uploads\/2017\/07\/PROEX%20\u2013%20Pr\u00f3-reitor%20de%20Extens\u00e3o,%20Nelson%20de%20Souza%20J\u00fanior.png?fit=3406%2C1260&ssl=1\" \/>\n\t<meta property=\"og:image:width\" content=\"3406\" \/>\n\t<meta property=\"og:image:height\" content=\"1260\" \/>\n\t<meta property=\"og:image:type\" content=\"image\/png\" \/>\n<meta name=\"author\" content=\"Fabr\u00edcio Queiroz\" \/>\n<meta name=\"twitter:card\" content=\"summary_large_image\" \/>\n<meta name=\"twitter:creator\" content=\"@radiowebufpa\" \/>\n<meta name=\"twitter:site\" content=\"@radiowebufpa\" \/>\n<meta name=\"twitter:label1\" content=\"Escrito por\" \/>\n\t<meta name=\"twitter:data1\" content=\"Fabr\u00edcio Queiroz\" \/>\n\t<meta name=\"twitter:label2\" content=\"Est. tempo de leitura\" \/>\n\t<meta name=\"twitter:data2\" content=\"2 minutos\" \/>\n<script type=\"application\/ld+json\" class=\"yoast-schema-graph\">{\"@context\":\"https:\/\/schema.org\",\"@graph\":[{\"@type\":\"Article\",\"@id\":\"https:\/\/radio.ufpa.br\/index.php\/ufpa-entrevista\/proex-pro-reitor-de-extensao-nelson-de-souza-junior\/#article\",\"isPartOf\":{\"@id\":\"https:\/\/radio.ufpa.br\/index.php\/ufpa-entrevista\/proex-pro-reitor-de-extensao-nelson-de-souza-junior\/\"},\"author\":{\"name\":\"Fabr\u00edcio Queiroz\",\"@id\":\"https:\/\/radio.ufpa.br\/#\/schema\/person\/f3f139516982741ca0831359933ac096\"},\"headline\":\"Pr\u00f3-reitor de Extens\u00e3o, Nelson de Souza J\u00fanior\",\"datePublished\":\"2017-03-13T14:02:55+00:00\",\"dateModified\":\"2017-07-27T18:21:25+00:00\",\"mainEntityOfPage\":{\"@id\":\"https:\/\/radio.ufpa.br\/index.php\/ufpa-entrevista\/proex-pro-reitor-de-extensao-nelson-de-souza-junior\/\"},\"wordCount\":391,\"commentCount\":0,\"publisher\":{\"@id\":\"https:\/\/radio.ufpa.br\/#organization\"},\"image\":{\"@id\":\"https:\/\/radio.ufpa.br\/index.php\/ufpa-entrevista\/proex-pro-reitor-de-extensao-nelson-de-souza-junior\/#primaryimage\"},\"thumbnailUrl\":\"https:\/\/i0.wp.com\/radio.ufpa.br\/wp-content\/uploads\/2017\/07\/PROEX%20%E2%80%93%20Pr%C3%B3-reitor%20de%20Extens%C3%A3o%2C%20Nelson%20de%20Souza%20J%C3%BAnior.png?fit=3406%2C1260&ssl=1\",\"keywords\":[\"Administra\u00e7\u00e3o\",\"Ci\u00eancias da Arte\",\"Nelson de Souza J\u00fanior\"],\"articleSection\":[\"UFPA Entrevista\"],\"inLanguage\":\"pt-BR\",\"potentialAction\":[{\"@type\":\"CommentAction\",\"name\":\"Comment\",\"target\":[\"https:\/\/radio.ufpa.br\/index.php\/ufpa-entrevista\/proex-pro-reitor-de-extensao-nelson-de-souza-junior\/#respond\"]}]},{\"@type\":\"WebPage\",\"@id\":\"https:\/\/radio.ufpa.br\/index.php\/ufpa-entrevista\/proex-pro-reitor-de-extensao-nelson-de-souza-junior\/\",\"url\":\"https:\/\/radio.ufpa.br\/index.php\/ufpa-entrevista\/proex-pro-reitor-de-extensao-nelson-de-souza-junior\/\",\"name\":\"Pr\u00f3-reitor de Extens\u00e3o, Nelson de Souza J\u00fanior - Radio Web UFPA\",\"isPartOf\":{\"@id\":\"https:\/\/radio.ufpa.br\/#website\"},\"primaryImageOfPage\":{\"@id\":\"https:\/\/radio.ufpa.br\/index.php\/ufpa-entrevista\/proex-pro-reitor-de-extensao-nelson-de-souza-junior\/#primaryimage\"},\"image\":{\"@id\":\"https:\/\/radio.ufpa.br\/index.php\/ufpa-entrevista\/proex-pro-reitor-de-extensao-nelson-de-souza-junior\/#primaryimage\"},\"thumbnailUrl\":\"https:\/\/i0.wp.com\/radio.ufpa.br\/wp-content\/uploads\/2017\/07\/PROEX%20%E2%80%93%20Pr%C3%B3-reitor%20de%20Extens%C3%A3o%2C%20Nelson%20de%20Souza%20J%C3%BAnior.png?fit=3406%2C1260&ssl=1\",\"datePublished\":\"2017-03-13T14:02:55+00:00\",\"dateModified\":\"2017-07-27T18:21:25+00:00\",\"breadcrumb\":{\"@id\":\"https:\/\/radio.ufpa.br\/index.php\/ufpa-entrevista\/proex-pro-reitor-de-extensao-nelson-de-souza-junior\/#breadcrumb\"},\"inLanguage\":\"pt-BR\",\"potentialAction\":[{\"@type\":\"ReadAction\",\"target\":[\"https:\/\/radio.ufpa.br\/index.php\/ufpa-entrevista\/proex-pro-reitor-de-extensao-nelson-de-souza-junior\/\"]}]},{\"@type\":\"ImageObject\",\"inLanguage\":\"pt-BR\",\"@id\":\"https:\/\/radio.ufpa.br\/index.php\/ufpa-entrevista\/proex-pro-reitor-de-extensao-nelson-de-souza-junior\/#primaryimage\",\"url\":\"https:\/\/i0.wp.com\/radio.ufpa.br\/wp-content\/uploads\/2017\/07\/PROEX%20%E2%80%93%20Pr%C3%B3-reitor%20de%20Extens%C3%A3o%2C%20Nelson%20de%20Souza%20J%C3%BAnior.png?fit=3406%2C1260&ssl=1\",\"contentUrl\":\"https:\/\/i0.wp.com\/radio.ufpa.br\/wp-content\/uploads\/2017\/07\/PROEX%20%E2%80%93%20Pr%C3%B3-reitor%20de%20Extens%C3%A3o%2C%20Nelson%20de%20Souza%20J%C3%BAnior.png?fit=3406%2C1260&ssl=1\",\"width\":3406,\"height\":1260},{\"@type\":\"BreadcrumbList\",\"@id\":\"https:\/\/radio.ufpa.br\/index.php\/ufpa-entrevista\/proex-pro-reitor-de-extensao-nelson-de-souza-junior\/#breadcrumb\",\"itemListElement\":[{\"@type\":\"ListItem\",\"position\":1,\"name\":\"In\u00edcio\",\"item\":\"https:\/\/radio.ufpa.br\/\"},{\"@type\":\"ListItem\",\"position\":2,\"name\":\"Pr\u00f3-reitor de Extens\u00e3o, Nelson de Souza J\u00fanior\"}]},{\"@type\":\"WebSite\",\"@id\":\"https:\/\/radio.ufpa.br\/#website\",\"url\":\"https:\/\/radio.ufpa.br\/\",\"name\":\"Radio Web UFPA\",\"description\":\"Divulgando o conhecimento\",\"publisher\":{\"@id\":\"https:\/\/radio.ufpa.br\/#organization\"},\"potentialAction\":[{\"@type\":\"SearchAction\",\"target\":{\"@type\":\"EntryPoint\",\"urlTemplate\":\"https:\/\/radio.ufpa.br\/?s={search_term_string}\"},\"query-input\":{\"@type\":\"PropertyValueSpecification\",\"valueRequired\":true,\"valueName\":\"search_term_string\"}}],\"inLanguage\":\"pt-BR\"},{\"@type\":\"Organization\",\"@id\":\"https:\/\/radio.ufpa.br\/#organization\",\"name\":\"UNIVERSIDADE FEDERAL DO PAR\u00c1-R\u00c1DIO WEB UFPA\",\"url\":\"https:\/\/radio.ufpa.br\/\",\"logo\":{\"@type\":\"ImageObject\",\"inLanguage\":\"pt-BR\",\"@id\":\"https:\/\/radio.ufpa.br\/#\/schema\/logo\/image\/\",\"url\":\"https:\/\/i0.wp.com\/radio.ufpa.br\/wp-content\/uploads\/2025\/12\/images-removebg-preview.png?fit=417%2C121&ssl=1\",\"contentUrl\":\"https:\/\/i0.wp.com\/radio.ufpa.br\/wp-content\/uploads\/2025\/12\/images-removebg-preview.png?fit=417%2C121&ssl=1\",\"width\":417,\"height\":121,\"caption\":\"UNIVERSIDADE FEDERAL DO PAR\u00c1-R\u00c1DIO WEB UFPA\"},\"image\":{\"@id\":\"https:\/\/radio.ufpa.br\/#\/schema\/logo\/image\/\"},\"sameAs\":[\"https:\/\/www.facebook.com\/radiowebufpa\",\"https:\/\/x.com\/radiowebufpa\",\"https:\/\/www.instagram.com\/radiowebufpa\/\",\"https:\/\/www.youtube.com\/user\/RadioWebUFP4\"]},{\"@type\":\"Person\",\"@id\":\"https:\/\/radio.ufpa.br\/#\/schema\/person\/f3f139516982741ca0831359933ac096\",\"name\":\"Fabr\u00edcio Queiroz\",\"image\":{\"@type\":\"ImageObject\",\"inLanguage\":\"pt-BR\",\"@id\":\"https:\/\/radio.ufpa.br\/#\/schema\/person\/image\/\",\"url\":\"https:\/\/secure.gravatar.com\/avatar\/16286edb2cee888d704ce74385081b7f?s=96&d=mm&r=g\",\"contentUrl\":\"https:\/\/secure.gravatar.com\/avatar\/16286edb2cee888d704ce74385081b7f?s=96&d=mm&r=g\",\"caption\":\"Fabr\u00edcio Queiroz\"},\"description\":\"Editor e Jornalista respons\u00e1vel\",\"url\":\"https:\/\/radio.ufpa.br\/index.php\/author\/fabricio\/\"}]}<\/script>\n<!-- \/ Yoast SEO plugin. -->","yoast_head_json":{"title":"Pr\u00f3-reitor de Extens\u00e3o, Nelson de Souza J\u00fanior - Radio Web UFPA","robots":{"index":"index","follow":"follow","max-snippet":"max-snippet:-1","max-image-preview":"max-image-preview:large","max-video-preview":"max-video-preview:-1"},"canonical":"https:\/\/radio.ufpa.br\/index.php\/ufpa-entrevista\/proex-pro-reitor-de-extensao-nelson-de-souza-junior\/","og_locale":"pt_BR","og_type":"article","og_title":"Pr\u00f3-reitor de Extens\u00e3o, Nelson de Souza J\u00fanior - Radio Web UFPA","og_description":"... Ler mais","og_url":"https:\/\/radio.ufpa.br\/index.php\/ufpa-entrevista\/proex-pro-reitor-de-extensao-nelson-de-souza-junior\/","og_site_name":"Radio Web UFPA","article_publisher":"https:\/\/www.facebook.com\/radiowebufpa","article_published_time":"2017-03-13T14:02:55+00:00","article_modified_time":"2017-07-27T18:21:25+00:00","og_image":[{"width":3406,"height":1260,"url":"https:\/\/i0.wp.com\/radio.ufpa.br\/wp-content\/uploads\/2017\/07\/PROEX \u2013 Pr\u00f3-reitor de Extens\u00e3o, Nelson de Souza J\u00fanior.png?fit=3406%2C1260&ssl=1","type":"image\/png"}],"author":"Fabr\u00edcio Queiroz","twitter_card":"summary_large_image","twitter_creator":"@radiowebufpa","twitter_site":"@radiowebufpa","twitter_misc":{"Escrito por":"Fabr\u00edcio Queiroz","Est. tempo de leitura":"2 minutos"},"schema":{"@context":"https:\/\/schema.org","@graph":[{"@type":"Article","@id":"https:\/\/radio.ufpa.br\/index.php\/ufpa-entrevista\/proex-pro-reitor-de-extensao-nelson-de-souza-junior\/#article","isPartOf":{"@id":"https:\/\/radio.ufpa.br\/index.php\/ufpa-entrevista\/proex-pro-reitor-de-extensao-nelson-de-souza-junior\/"},"author":{"name":"Fabr\u00edcio Queiroz","@id":"https:\/\/radio.ufpa.br\/#\/schema\/person\/f3f139516982741ca0831359933ac096"},"headline":"Pr\u00f3-reitor de Extens\u00e3o, Nelson de Souza J\u00fanior","datePublished":"2017-03-13T14:02:55+00:00","dateModified":"2017-07-27T18:21:25+00:00","mainEntityOfPage":{"@id":"https:\/\/radio.ufpa.br\/index.php\/ufpa-entrevista\/proex-pro-reitor-de-extensao-nelson-de-souza-junior\/"},"wordCount":391,"commentCount":0,"publisher":{"@id":"https:\/\/radio.ufpa.br\/#organization"},"image":{"@id":"https:\/\/radio.ufpa.br\/index.php\/ufpa-entrevista\/proex-pro-reitor-de-extensao-nelson-de-souza-junior\/#primaryimage"},"thumbnailUrl":"https:\/\/i0.wp.com\/radio.ufpa.br\/wp-content\/uploads\/2017\/07\/PROEX%20%E2%80%93%20Pr%C3%B3-reitor%20de%20Extens%C3%A3o%2C%20Nelson%20de%20Souza%20J%C3%BAnior.png?fit=3406%2C1260&ssl=1","keywords":["Administra\u00e7\u00e3o","Ci\u00eancias da Arte","Nelson de Souza J\u00fanior"],"articleSection":["UFPA Entrevista"],"inLanguage":"pt-BR","potentialAction":[{"@type":"CommentAction","name":"Comment","target":["https:\/\/radio.ufpa.br\/index.php\/ufpa-entrevista\/proex-pro-reitor-de-extensao-nelson-de-souza-junior\/#respond"]}]},{"@type":"WebPage","@id":"https:\/\/radio.ufpa.br\/index.php\/ufpa-entrevista\/proex-pro-reitor-de-extensao-nelson-de-souza-junior\/","url":"https:\/\/radio.ufpa.br\/index.php\/ufpa-entrevista\/proex-pro-reitor-de-extensao-nelson-de-souza-junior\/","name":"Pr\u00f3-reitor de Extens\u00e3o, Nelson de Souza J\u00fanior - Radio Web UFPA","isPartOf":{"@id":"https:\/\/radio.ufpa.br\/#website"},"primaryImageOfPage":{"@id":"https:\/\/radio.ufpa.br\/index.php\/ufpa-entrevista\/proex-pro-reitor-de-extensao-nelson-de-souza-junior\/#primaryimage"},"image":{"@id":"https:\/\/radio.ufpa.br\/index.php\/ufpa-entrevista\/proex-pro-reitor-de-extensao-nelson-de-souza-junior\/#primaryimage"},"thumbnailUrl":"https:\/\/i0.wp.com\/radio.ufpa.br\/wp-content\/uploads\/2017\/07\/PROEX%20%E2%80%93%20Pr%C3%B3-reitor%20de%20Extens%C3%A3o%2C%20Nelson%20de%20Souza%20J%C3%BAnior.png?fit=3406%2C1260&ssl=1","datePublished":"2017-03-13T14:02:55+00:00","dateModified":"2017-07-27T18:21:25+00:00","breadcrumb":{"@id":"https:\/\/radio.ufpa.br\/index.php\/ufpa-entrevista\/proex-pro-reitor-de-extensao-nelson-de-souza-junior\/#breadcrumb"},"inLanguage":"pt-BR","potentialAction":[{"@type":"ReadAction","target":["https:\/\/radio.ufpa.br\/index.php\/ufpa-entrevista\/proex-pro-reitor-de-extensao-nelson-de-souza-junior\/"]}]},{"@type":"ImageObject","inLanguage":"pt-BR","@id":"https:\/\/radio.ufpa.br\/index.php\/ufpa-entrevista\/proex-pro-reitor-de-extensao-nelson-de-souza-junior\/#primaryimage","url":"https:\/\/i0.wp.com\/radio.ufpa.br\/wp-content\/uploads\/2017\/07\/PROEX%20%E2%80%93%20Pr%C3%B3-reitor%20de%20Extens%C3%A3o%2C%20Nelson%20de%20Souza%20J%C3%BAnior.png?fit=3406%2C1260&ssl=1","contentUrl":"https:\/\/i0.wp.com\/radio.ufpa.br\/wp-content\/uploads\/2017\/07\/PROEX%20%E2%80%93%20Pr%C3%B3-reitor%20de%20Extens%C3%A3o%2C%20Nelson%20de%20Souza%20J%C3%BAnior.png?fit=3406%2C1260&ssl=1","width":3406,"height":1260},{"@type":"BreadcrumbList","@id":"https:\/\/radio.ufpa.br\/index.php\/ufpa-entrevista\/proex-pro-reitor-de-extensao-nelson-de-souza-junior\/#breadcrumb","itemListElement":[{"@type":"ListItem","position":1,"name":"In\u00edcio","item":"https:\/\/radio.ufpa.br\/"},{"@type":"ListItem","position":2,"name":"Pr\u00f3-reitor de Extens\u00e3o, Nelson de Souza J\u00fanior"}]},{"@type":"WebSite","@id":"https:\/\/radio.ufpa.br\/#website","url":"https:\/\/radio.ufpa.br\/","name":"Radio Web UFPA","description":"Divulgando o conhecimento","publisher":{"@id":"https:\/\/radio.ufpa.br\/#organization"},"potentialAction":[{"@type":"SearchAction","target":{"@type":"EntryPoint","urlTemplate":"https:\/\/radio.ufpa.br\/?s={search_term_string}"},"query-input":{"@type":"PropertyValueSpecification","valueRequired":true,"valueName":"search_term_string"}}],"inLanguage":"pt-BR"},{"@type":"Organization","@id":"https:\/\/radio.ufpa.br\/#organization","name":"UNIVERSIDADE FEDERAL DO PAR\u00c1-R\u00c1DIO WEB UFPA","url":"https:\/\/radio.ufpa.br\/","logo":{"@type":"ImageObject","inLanguage":"pt-BR","@id":"https:\/\/radio.ufpa.br\/#\/schema\/logo\/image\/","url":"https:\/\/i0.wp.com\/radio.ufpa.br\/wp-content\/uploads\/2025\/12\/images-removebg-preview.png?fit=417%2C121&ssl=1","contentUrl":"https:\/\/i0.wp.com\/radio.ufpa.br\/wp-content\/uploads\/2025\/12\/images-removebg-preview.png?fit=417%2C121&ssl=1","width":417,"height":121,"caption":"UNIVERSIDADE FEDERAL DO PAR\u00c1-R\u00c1DIO WEB UFPA"},"image":{"@id":"https:\/\/radio.ufpa.br\/#\/schema\/logo\/image\/"},"sameAs":["https:\/\/www.facebook.com\/radiowebufpa","https:\/\/x.com\/radiowebufpa","https:\/\/www.instagram.com\/radiowebufpa\/","https:\/\/www.youtube.com\/user\/RadioWebUFP4"]},{"@type":"Person","@id":"https:\/\/radio.ufpa.br\/#\/schema\/person\/f3f139516982741ca0831359933ac096","name":"Fabr\u00edcio Queiroz","image":{"@type":"ImageObject","inLanguage":"pt-BR","@id":"https:\/\/radio.ufpa.br\/#\/schema\/person\/image\/","url":"https:\/\/secure.gravatar.com\/avatar\/16286edb2cee888d704ce74385081b7f?s=96&d=mm&r=g","contentUrl":"https:\/\/secure.gravatar.com\/avatar\/16286edb2cee888d704ce74385081b7f?s=96&d=mm&r=g","caption":"Fabr\u00edcio Queiroz"},"description":"Editor e Jornalista respons\u00e1vel","url":"https:\/\/radio.ufpa.br\/index.php\/author\/fabricio\/"}]}},"jetpack_publicize_connections":[],"jetpack_featured_media_url":"https:\/\/i0.wp.com\/radio.ufpa.br\/wp-content\/uploads\/2017\/07\/PROEX%20%E2%80%93%20Pr%C3%B3-reitor%20de%20Extens%C3%A3o%2C%20Nelson%20de%20Souza%20J%C3%BAnior.png?fit=3406%2C1260&ssl=1","jetpack_shortlink":"https:\/\/wp.me\/p8TJeA-6k","jetpack_likes_enabled":true,"jetpack-related-posts":[],"jetpack_sharing_enabled":true,"_links":{"self":[{"href":"https:\/\/radio.ufpa.br\/index.php\/wp-json\/wp\/v2\/posts\/392","targetHints":{"allow":["GET"]}}],"collection":[{"href":"https:\/\/radio.ufpa.br\/index.php\/wp-json\/wp\/v2\/posts"}],"about":[{"href":"https:\/\/radio.ufpa.br\/index.php\/wp-json\/wp\/v2\/types\/post"}],"author":[{"embeddable":true,"href":"https:\/\/radio.ufpa.br\/index.php\/wp-json\/wp\/v2\/users\/2"}],"replies":[{"embeddable":true,"href":"https:\/\/radio.ufpa.br\/index.php\/wp-json\/wp\/v2\/comments?post=392"}],"version-history":[{"count":6,"href":"https:\/\/radio.ufpa.br\/index.php\/wp-json\/wp\/v2\/posts\/392\/revisions"}],"predecessor-version":[{"id":1230,"href":"https:\/\/radio.ufpa.br\/index.php\/wp-json\/wp\/v2\/posts\/392\/revisions\/1230"}],"wp:featuredmedia":[{"embeddable":true,"href":"https:\/\/radio.ufpa.br\/index.php\/wp-json\/wp\/v2\/media\/1225"}],"wp:attachment":[{"href":"https:\/\/radio.ufpa.br\/index.php\/wp-json\/wp\/v2\/media?parent=392"}],"wp:term":[{"taxonomy":"category","embeddable":true,"href":"https:\/\/radio.ufpa.br\/index.php\/wp-json\/wp\/v2\/categories?post=392"},{"taxonomy":"post_tag","embeddable":true,"href":"https:\/\/radio.ufpa.br\/index.php\/wp-json\/wp\/v2\/tags?post=392"}],"curies":[{"name":"wp","href":"https:\/\/api.w.org\/{rel}","templated":true}]}}