{"id":399,"date":"2017-02-06T11:04:11","date_gmt":"2017-02-06T13:04:11","guid":{"rendered":"http:\/\/radio.ufpa.br\/?p=399"},"modified":"2017-09-15T11:05:45","modified_gmt":"2017-09-15T14:05:45","slug":"crise-penitenciaria","status":"publish","type":"post","link":"https:\/\/radio.ufpa.br\/index.php\/ufpa-debate\/crise-penitenciaria\/","title":{"rendered":"Crise Penitenci\u00e1ria"},"content":{"rendered":"<header class=\"article-header clearfix\"><!--[if lt IE 9]><script>document.createElement('audio');<\/script><![endif]-->\n\t<div class=\"wp-playlist wp-audio-playlist wp-playlist-light\">\n\t\t\t<div class=\"wp-playlist-current-item\"><\/div>\n\t\t<audio controls=\"controls\" preload=\"none\" width=\"1178\"\n\t\t\t><\/audio>\n\t<div class=\"wp-playlist-next\"><\/div>\n\t<div class=\"wp-playlist-prev\"><\/div>\n\t<noscript>\n\t<ol>\n\t\t<li><a href='https:\/\/radio.ufpa.br\/wp-content\/uploads\/2017\/02\/UFPA%20DEBATE%20-%20CRISE%20SISTEMA%20CARCER\u00c1RIO%20-%2006.02.17.mp3'>Crise Penitenci\u00e1ria<\/a><\/li>\t<\/ol>\n\t<\/noscript>\n\t<script type=\"application\/json\" class=\"wp-playlist-script\">{\"type\":\"audio\",\"tracklist\":true,\"tracknumbers\":true,\"images\":true,\"artists\":true,\"tracks\":[{\"src\":\"https:\\\/\\\/radio.ufpa.br\\\/wp-content\\\/uploads\\\/2017\\\/02\\\/UFPA DEBATE - CRISE SISTEMA CARCER\\u00c1RIO - 06.02.17.mp3\",\"type\":\"audio\\\/mpeg\",\"title\":\"Crise Penitenci\\u00e1ria\",\"caption\":\"\",\"description\":\"\\\"UFPA DEBATE - CRISE SISTEMA CARCER\\u00c1RIO - 06.02.17\\\". Genre: Other.\",\"meta\":{\"artist\":\"R\\u00e1dio Web UFPA\",\"album\":\"UFPA Debate\",\"genre\":\"Other\",\"length_formatted\":\"55:10\"},\"image\":{\"src\":\"https:\\\/\\\/i0.wp.com\\\/radio.ufpa.br\\\/wp-content\\\/uploads\\\/2017\\\/06\\\/icon_ufpa_debate.png?fit=500%2C500&ssl=1\",\"width\":500,\"height\":500},\"thumb\":{\"src\":\"https:\\\/\\\/i0.wp.com\\\/radio.ufpa.br\\\/wp-content\\\/uploads\\\/2017\\\/06\\\/icon_ufpa_debate.png?resize=150%2C150&ssl=1\",\"width\":150,\"height\":150}}]}<\/script>\n<\/div>\n\t<\/p>\n<h4 class=\"article-title\">Fugas, motins, rebeli\u00f5es, superlota\u00e7\u00e3o, inseguran\u00e7a e conflitos entre fac\u00e7\u00f5es criminosas. S\u00f3 no in\u00edcio deste ano, as manchetes dos notici\u00e1rios, tanto no Par\u00e1 quanto no restante do pa\u00eds, t\u00eam dado uma amostra da situa\u00e7\u00e3o preocupante em que funciona o sistema penitenci\u00e1rio e as condi\u00e7\u00f5es de trabalho dos agentes prisionais.<\/h4>\n<\/header>\n<section class=\"article-content clearfix\">\n<h4>No dia 1\u00ba de janeiro, por exemplo, a chacina no Complexo Penitenci\u00e1ria An\u00edsio Jobim (Compaj), em Manaus vitimou 56 presos. Em menos de uma semana, logo ap\u00f3s o governo federal anunciar um plano nacional de seguran\u00e7a p\u00fablica, 33 presos foram mortos na penitenci\u00e1ria agr\u00edcola de Monte Cristo, em Boa Vista, estado de Roraima.<\/h4>\n<h4>J\u00e1 no Par\u00e1, em Marituba, foi registrado um princ\u00edpio de rebeli\u00e3o no dia 11 de janeiro. No dia 16, as penitenci\u00e1rias de Marituba e Santa Izabel registraram fugas. No dia 18, um agente foi feito ref\u00e9m. No dia 23, detentos do Centro de Recupera\u00e7\u00e3o Regional de Salin\u00f3polis (CRRSAL), no nordeste do Par\u00e1, tamb\u00e9m se rebelaram e danificaram partes das celas do pavilh\u00e3o carcer\u00e1rio.<\/h4>\n<h4>Para discutir este cen\u00e1rio e as pol\u00edticas p\u00fablicas que poderiam reverter esses problemas, o UFPA Debate contou com a participa\u00e7\u00e3o do presidente do Sindicato dos Servidores P\u00fablicos Civis do Estado do Par\u00e1 (Sepub), Ezequiel Sarges; e o presidente do Conselho de Pol\u00edtica Criminal e Penitenci\u00e1ria do Estado (CEPCP\/PA), Jos\u00e9 Arruda.<\/h4>\n<\/section>\n","protected":false},"excerpt":{"rendered":"<p> &#8230; <a title=\"Crise Penitenci\u00e1ria\" class=\"read-more\" href=\"https:\/\/radio.ufpa.br\/index.php\/ufpa-debate\/crise-penitenciaria\/\" aria-label=\"Read more about Crise Penitenci\u00e1ria\">Ler mais<\/a><\/p>\n","protected":false},"author":2,"featured_media":2108,"comment_status":"open","ping_status":"open","sticky":false,"template":"","format":"standard","meta":{"_acf_changed":false,"_exactmetrics_skip_tracking":false,"_exactmetrics_sitenote_active":false,"_exactmetrics_sitenote_note":"","_exactmetrics_sitenote_category":0,"_monsterinsights_skip_tracking":false,"_monsterinsights_sitenote_active":false,"_monsterinsights_sitenote_note":"","_monsterinsights_sitenote_category":0,"_uf_show_specific_survey":0,"_uf_disable_surveys":false,"jetpack_post_was_ever_published":false,"_jetpack_newsletter_access":"","_jetpack_dont_email_post_to_subs":false,"_jetpack_newsletter_tier_id":0,"_jetpack_memberships_contains_paywalled_content":false,"_jetpack_memberships_contains_paid_content":false,"footnotes":"","jetpack_publicize_message":"","jetpack_publicize_feature_enabled":true,"jetpack_social_post_already_shared":true,"jetpack_social_options":{"image_generator_settings":{"template":"highway","enabled":false},"version":2}},"categories":[34],"tags":[261,254,253,258,260,262,256,255,257,259],"class_list":["post-399","post","type-post","status-publish","format-standard","has-post-thumbnail","hentry","category-ufpa-debate","tag-cepcppa","tag-compaj","tag-crise-penitenciaria","tag-crrsal","tag-ezequiel-sarges","tag-jose-arruda","tag-marituba","tag-monte-cristo","tag-santa-izabel","tag-sepub"],"acf":[],"yoast_head":"<!-- This site is optimized with the Yoast SEO plugin v25.1 - https:\/\/yoast.com\/wordpress\/plugins\/seo\/ -->\n<title>Crise Penitenci\u00e1ria - Radio Web UFPA<\/title>\n<meta name=\"robots\" content=\"index, follow, max-snippet:-1, max-image-preview:large, max-video-preview:-1\" \/>\n<link rel=\"canonical\" href=\"https:\/\/radio.ufpa.br\/index.php\/ufpa-debate\/crise-penitenciaria\/\" \/>\n<meta property=\"og:locale\" content=\"pt_BR\" \/>\n<meta property=\"og:type\" content=\"article\" \/>\n<meta property=\"og:title\" content=\"Crise Penitenci\u00e1ria - Radio Web UFPA\" \/>\n<meta property=\"og:description\" content=\"... Ler mais\" \/>\n<meta property=\"og:url\" content=\"https:\/\/radio.ufpa.br\/index.php\/ufpa-debate\/crise-penitenciaria\/\" \/>\n<meta property=\"og:site_name\" content=\"Radio Web UFPA\" \/>\n<meta property=\"article:publisher\" content=\"https:\/\/www.facebook.com\/radiowebufpa\" \/>\n<meta property=\"article:published_time\" content=\"2017-02-06T13:04:11+00:00\" \/>\n<meta property=\"article:modified_time\" content=\"2017-09-15T14:05:45+00:00\" \/>\n<meta property=\"og:image\" content=\"https:\/\/i0.wp.com\/radio.ufpa.br\/wp-content\/uploads\/2017\/09\/pris\u00e3o.jpg?fit=1280%2C853&ssl=1\" \/>\n\t<meta property=\"og:image:width\" content=\"1280\" \/>\n\t<meta property=\"og:image:height\" content=\"853\" \/>\n\t<meta property=\"og:image:type\" content=\"image\/jpeg\" \/>\n<meta name=\"author\" content=\"Fabr\u00edcio Queiroz\" \/>\n<meta name=\"twitter:card\" content=\"summary_large_image\" \/>\n<meta name=\"twitter:creator\" content=\"@radiowebufpa\" \/>\n<meta name=\"twitter:site\" content=\"@radiowebufpa\" \/>\n<meta name=\"twitter:label1\" content=\"Escrito por\" \/>\n\t<meta name=\"twitter:data1\" content=\"Fabr\u00edcio Queiroz\" \/>\n\t<meta name=\"twitter:label2\" content=\"Est. tempo de leitura\" \/>\n\t<meta name=\"twitter:data2\" content=\"1 minuto\" \/>\n<script type=\"application\/ld+json\" class=\"yoast-schema-graph\">{\"@context\":\"https:\/\/schema.org\",\"@graph\":[{\"@type\":\"Article\",\"@id\":\"https:\/\/radio.ufpa.br\/index.php\/ufpa-debate\/crise-penitenciaria\/#article\",\"isPartOf\":{\"@id\":\"https:\/\/radio.ufpa.br\/index.php\/ufpa-debate\/crise-penitenciaria\/\"},\"author\":{\"name\":\"Fabr\u00edcio Queiroz\",\"@id\":\"https:\/\/radio.ufpa.br\/#\/schema\/person\/f3f139516982741ca0831359933ac096\"},\"headline\":\"Crise Penitenci\u00e1ria\",\"datePublished\":\"2017-02-06T13:04:11+00:00\",\"dateModified\":\"2017-09-15T14:05:45+00:00\",\"mainEntityOfPage\":{\"@id\":\"https:\/\/radio.ufpa.br\/index.php\/ufpa-debate\/crise-penitenciaria\/\"},\"wordCount\":247,\"commentCount\":0,\"publisher\":{\"@id\":\"https:\/\/radio.ufpa.br\/#organization\"},\"image\":{\"@id\":\"https:\/\/radio.ufpa.br\/index.php\/ufpa-debate\/crise-penitenciaria\/#primaryimage\"},\"thumbnailUrl\":\"https:\/\/i0.wp.com\/radio.ufpa.br\/wp-content\/uploads\/2017\/09\/pris%C3%A3o.jpg?fit=1280%2C853&ssl=1\",\"keywords\":[\"CEPCP\/PA\",\"Compaj\",\"Crise Penitenci\u00e1ria\",\"CRRSAL\",\"Ezequiel Sarges\",\"Jos\u00e9 Arruda.\",\"Marituba\",\"Monte Cristo\",\"Santa Izabel\",\"Sepub\"],\"articleSection\":[\"UFPA Debate\"],\"inLanguage\":\"pt-BR\",\"potentialAction\":[{\"@type\":\"CommentAction\",\"name\":\"Comment\",\"target\":[\"https:\/\/radio.ufpa.br\/index.php\/ufpa-debate\/crise-penitenciaria\/#respond\"]}]},{\"@type\":\"WebPage\",\"@id\":\"https:\/\/radio.ufpa.br\/index.php\/ufpa-debate\/crise-penitenciaria\/\",\"url\":\"https:\/\/radio.ufpa.br\/index.php\/ufpa-debate\/crise-penitenciaria\/\",\"name\":\"Crise Penitenci\u00e1ria - Radio Web UFPA\",\"isPartOf\":{\"@id\":\"https:\/\/radio.ufpa.br\/#website\"},\"primaryImageOfPage\":{\"@id\":\"https:\/\/radio.ufpa.br\/index.php\/ufpa-debate\/crise-penitenciaria\/#primaryimage\"},\"image\":{\"@id\":\"https:\/\/radio.ufpa.br\/index.php\/ufpa-debate\/crise-penitenciaria\/#primaryimage\"},\"thumbnailUrl\":\"https:\/\/i0.wp.com\/radio.ufpa.br\/wp-content\/uploads\/2017\/09\/pris%C3%A3o.jpg?fit=1280%2C853&ssl=1\",\"datePublished\":\"2017-02-06T13:04:11+00:00\",\"dateModified\":\"2017-09-15T14:05:45+00:00\",\"breadcrumb\":{\"@id\":\"https:\/\/radio.ufpa.br\/index.php\/ufpa-debate\/crise-penitenciaria\/#breadcrumb\"},\"inLanguage\":\"pt-BR\",\"potentialAction\":[{\"@type\":\"ReadAction\",\"target\":[\"https:\/\/radio.ufpa.br\/index.php\/ufpa-debate\/crise-penitenciaria\/\"]}]},{\"@type\":\"ImageObject\",\"inLanguage\":\"pt-BR\",\"@id\":\"https:\/\/radio.ufpa.br\/index.php\/ufpa-debate\/crise-penitenciaria\/#primaryimage\",\"url\":\"https:\/\/i0.wp.com\/radio.ufpa.br\/wp-content\/uploads\/2017\/09\/pris%C3%A3o.jpg?fit=1280%2C853&ssl=1\",\"contentUrl\":\"https:\/\/i0.wp.com\/radio.ufpa.br\/wp-content\/uploads\/2017\/09\/pris%C3%A3o.jpg?fit=1280%2C853&ssl=1\",\"width\":1280,\"height\":853},{\"@type\":\"BreadcrumbList\",\"@id\":\"https:\/\/radio.ufpa.br\/index.php\/ufpa-debate\/crise-penitenciaria\/#breadcrumb\",\"itemListElement\":[{\"@type\":\"ListItem\",\"position\":1,\"name\":\"In\u00edcio\",\"item\":\"https:\/\/radio.ufpa.br\/\"},{\"@type\":\"ListItem\",\"position\":2,\"name\":\"Crise Penitenci\u00e1ria\"}]},{\"@type\":\"WebSite\",\"@id\":\"https:\/\/radio.ufpa.br\/#website\",\"url\":\"https:\/\/radio.ufpa.br\/\",\"name\":\"Radio Web UFPA\",\"description\":\"Divulgando o conhecimento\",\"publisher\":{\"@id\":\"https:\/\/radio.ufpa.br\/#organization\"},\"potentialAction\":[{\"@type\":\"SearchAction\",\"target\":{\"@type\":\"EntryPoint\",\"urlTemplate\":\"https:\/\/radio.ufpa.br\/?s={search_term_string}\"},\"query-input\":{\"@type\":\"PropertyValueSpecification\",\"valueRequired\":true,\"valueName\":\"search_term_string\"}}],\"inLanguage\":\"pt-BR\"},{\"@type\":\"Organization\",\"@id\":\"https:\/\/radio.ufpa.br\/#organization\",\"name\":\"UNIVERSIDADE FEDERAL DO PAR\u00c1-R\u00c1DIO WEB UFPA\",\"url\":\"https:\/\/radio.ufpa.br\/\",\"logo\":{\"@type\":\"ImageObject\",\"inLanguage\":\"pt-BR\",\"@id\":\"https:\/\/radio.ufpa.br\/#\/schema\/logo\/image\/\",\"url\":\"https:\/\/i0.wp.com\/radio.ufpa.br\/wp-content\/uploads\/2025\/12\/images-removebg-preview.png?fit=417%2C121&ssl=1\",\"contentUrl\":\"https:\/\/i0.wp.com\/radio.ufpa.br\/wp-content\/uploads\/2025\/12\/images-removebg-preview.png?fit=417%2C121&ssl=1\",\"width\":417,\"height\":121,\"caption\":\"UNIVERSIDADE FEDERAL DO PAR\u00c1-R\u00c1DIO WEB UFPA\"},\"image\":{\"@id\":\"https:\/\/radio.ufpa.br\/#\/schema\/logo\/image\/\"},\"sameAs\":[\"https:\/\/www.facebook.com\/radiowebufpa\",\"https:\/\/x.com\/radiowebufpa\",\"https:\/\/www.instagram.com\/radiowebufpa\/\",\"https:\/\/www.youtube.com\/user\/RadioWebUFP4\"]},{\"@type\":\"Person\",\"@id\":\"https:\/\/radio.ufpa.br\/#\/schema\/person\/f3f139516982741ca0831359933ac096\",\"name\":\"Fabr\u00edcio Queiroz\",\"image\":{\"@type\":\"ImageObject\",\"inLanguage\":\"pt-BR\",\"@id\":\"https:\/\/radio.ufpa.br\/#\/schema\/person\/image\/\",\"url\":\"https:\/\/secure.gravatar.com\/avatar\/16286edb2cee888d704ce74385081b7f?s=96&d=mm&r=g\",\"contentUrl\":\"https:\/\/secure.gravatar.com\/avatar\/16286edb2cee888d704ce74385081b7f?s=96&d=mm&r=g\",\"caption\":\"Fabr\u00edcio Queiroz\"},\"description\":\"Editor e Jornalista respons\u00e1vel\",\"url\":\"https:\/\/radio.ufpa.br\/index.php\/author\/fabricio\/\"}]}<\/script>\n<!-- \/ Yoast SEO plugin. -->","yoast_head_json":{"title":"Crise Penitenci\u00e1ria - Radio Web UFPA","robots":{"index":"index","follow":"follow","max-snippet":"max-snippet:-1","max-image-preview":"max-image-preview:large","max-video-preview":"max-video-preview:-1"},"canonical":"https:\/\/radio.ufpa.br\/index.php\/ufpa-debate\/crise-penitenciaria\/","og_locale":"pt_BR","og_type":"article","og_title":"Crise Penitenci\u00e1ria - Radio Web UFPA","og_description":"... Ler mais","og_url":"https:\/\/radio.ufpa.br\/index.php\/ufpa-debate\/crise-penitenciaria\/","og_site_name":"Radio Web UFPA","article_publisher":"https:\/\/www.facebook.com\/radiowebufpa","article_published_time":"2017-02-06T13:04:11+00:00","article_modified_time":"2017-09-15T14:05:45+00:00","og_image":[{"width":1280,"height":853,"url":"https:\/\/i0.wp.com\/radio.ufpa.br\/wp-content\/uploads\/2017\/09\/pris\u00e3o.jpg?fit=1280%2C853&ssl=1","type":"image\/jpeg"}],"author":"Fabr\u00edcio Queiroz","twitter_card":"summary_large_image","twitter_creator":"@radiowebufpa","twitter_site":"@radiowebufpa","twitter_misc":{"Escrito por":"Fabr\u00edcio Queiroz","Est. tempo de leitura":"1 minuto"},"schema":{"@context":"https:\/\/schema.org","@graph":[{"@type":"Article","@id":"https:\/\/radio.ufpa.br\/index.php\/ufpa-debate\/crise-penitenciaria\/#article","isPartOf":{"@id":"https:\/\/radio.ufpa.br\/index.php\/ufpa-debate\/crise-penitenciaria\/"},"author":{"name":"Fabr\u00edcio Queiroz","@id":"https:\/\/radio.ufpa.br\/#\/schema\/person\/f3f139516982741ca0831359933ac096"},"headline":"Crise Penitenci\u00e1ria","datePublished":"2017-02-06T13:04:11+00:00","dateModified":"2017-09-15T14:05:45+00:00","mainEntityOfPage":{"@id":"https:\/\/radio.ufpa.br\/index.php\/ufpa-debate\/crise-penitenciaria\/"},"wordCount":247,"commentCount":0,"publisher":{"@id":"https:\/\/radio.ufpa.br\/#organization"},"image":{"@id":"https:\/\/radio.ufpa.br\/index.php\/ufpa-debate\/crise-penitenciaria\/#primaryimage"},"thumbnailUrl":"https:\/\/i0.wp.com\/radio.ufpa.br\/wp-content\/uploads\/2017\/09\/pris%C3%A3o.jpg?fit=1280%2C853&ssl=1","keywords":["CEPCP\/PA","Compaj","Crise Penitenci\u00e1ria","CRRSAL","Ezequiel Sarges","Jos\u00e9 Arruda.","Marituba","Monte Cristo","Santa Izabel","Sepub"],"articleSection":["UFPA Debate"],"inLanguage":"pt-BR","potentialAction":[{"@type":"CommentAction","name":"Comment","target":["https:\/\/radio.ufpa.br\/index.php\/ufpa-debate\/crise-penitenciaria\/#respond"]}]},{"@type":"WebPage","@id":"https:\/\/radio.ufpa.br\/index.php\/ufpa-debate\/crise-penitenciaria\/","url":"https:\/\/radio.ufpa.br\/index.php\/ufpa-debate\/crise-penitenciaria\/","name":"Crise Penitenci\u00e1ria - Radio Web UFPA","isPartOf":{"@id":"https:\/\/radio.ufpa.br\/#website"},"primaryImageOfPage":{"@id":"https:\/\/radio.ufpa.br\/index.php\/ufpa-debate\/crise-penitenciaria\/#primaryimage"},"image":{"@id":"https:\/\/radio.ufpa.br\/index.php\/ufpa-debate\/crise-penitenciaria\/#primaryimage"},"thumbnailUrl":"https:\/\/i0.wp.com\/radio.ufpa.br\/wp-content\/uploads\/2017\/09\/pris%C3%A3o.jpg?fit=1280%2C853&ssl=1","datePublished":"2017-02-06T13:04:11+00:00","dateModified":"2017-09-15T14:05:45+00:00","breadcrumb":{"@id":"https:\/\/radio.ufpa.br\/index.php\/ufpa-debate\/crise-penitenciaria\/#breadcrumb"},"inLanguage":"pt-BR","potentialAction":[{"@type":"ReadAction","target":["https:\/\/radio.ufpa.br\/index.php\/ufpa-debate\/crise-penitenciaria\/"]}]},{"@type":"ImageObject","inLanguage":"pt-BR","@id":"https:\/\/radio.ufpa.br\/index.php\/ufpa-debate\/crise-penitenciaria\/#primaryimage","url":"https:\/\/i0.wp.com\/radio.ufpa.br\/wp-content\/uploads\/2017\/09\/pris%C3%A3o.jpg?fit=1280%2C853&ssl=1","contentUrl":"https:\/\/i0.wp.com\/radio.ufpa.br\/wp-content\/uploads\/2017\/09\/pris%C3%A3o.jpg?fit=1280%2C853&ssl=1","width":1280,"height":853},{"@type":"BreadcrumbList","@id":"https:\/\/radio.ufpa.br\/index.php\/ufpa-debate\/crise-penitenciaria\/#breadcrumb","itemListElement":[{"@type":"ListItem","position":1,"name":"In\u00edcio","item":"https:\/\/radio.ufpa.br\/"},{"@type":"ListItem","position":2,"name":"Crise Penitenci\u00e1ria"}]},{"@type":"WebSite","@id":"https:\/\/radio.ufpa.br\/#website","url":"https:\/\/radio.ufpa.br\/","name":"Radio Web UFPA","description":"Divulgando o conhecimento","publisher":{"@id":"https:\/\/radio.ufpa.br\/#organization"},"potentialAction":[{"@type":"SearchAction","target":{"@type":"EntryPoint","urlTemplate":"https:\/\/radio.ufpa.br\/?s={search_term_string}"},"query-input":{"@type":"PropertyValueSpecification","valueRequired":true,"valueName":"search_term_string"}}],"inLanguage":"pt-BR"},{"@type":"Organization","@id":"https:\/\/radio.ufpa.br\/#organization","name":"UNIVERSIDADE FEDERAL DO PAR\u00c1-R\u00c1DIO WEB UFPA","url":"https:\/\/radio.ufpa.br\/","logo":{"@type":"ImageObject","inLanguage":"pt-BR","@id":"https:\/\/radio.ufpa.br\/#\/schema\/logo\/image\/","url":"https:\/\/i0.wp.com\/radio.ufpa.br\/wp-content\/uploads\/2025\/12\/images-removebg-preview.png?fit=417%2C121&ssl=1","contentUrl":"https:\/\/i0.wp.com\/radio.ufpa.br\/wp-content\/uploads\/2025\/12\/images-removebg-preview.png?fit=417%2C121&ssl=1","width":417,"height":121,"caption":"UNIVERSIDADE FEDERAL DO PAR\u00c1-R\u00c1DIO WEB UFPA"},"image":{"@id":"https:\/\/radio.ufpa.br\/#\/schema\/logo\/image\/"},"sameAs":["https:\/\/www.facebook.com\/radiowebufpa","https:\/\/x.com\/radiowebufpa","https:\/\/www.instagram.com\/radiowebufpa\/","https:\/\/www.youtube.com\/user\/RadioWebUFP4"]},{"@type":"Person","@id":"https:\/\/radio.ufpa.br\/#\/schema\/person\/f3f139516982741ca0831359933ac096","name":"Fabr\u00edcio Queiroz","image":{"@type":"ImageObject","inLanguage":"pt-BR","@id":"https:\/\/radio.ufpa.br\/#\/schema\/person\/image\/","url":"https:\/\/secure.gravatar.com\/avatar\/16286edb2cee888d704ce74385081b7f?s=96&d=mm&r=g","contentUrl":"https:\/\/secure.gravatar.com\/avatar\/16286edb2cee888d704ce74385081b7f?s=96&d=mm&r=g","caption":"Fabr\u00edcio Queiroz"},"description":"Editor e Jornalista respons\u00e1vel","url":"https:\/\/radio.ufpa.br\/index.php\/author\/fabricio\/"}]}},"jetpack_publicize_connections":[],"jetpack_featured_media_url":"https:\/\/i0.wp.com\/radio.ufpa.br\/wp-content\/uploads\/2017\/09\/pris%C3%A3o.jpg?fit=1280%2C853&ssl=1","jetpack_shortlink":"https:\/\/wp.me\/p8TJeA-6r","jetpack_likes_enabled":true,"jetpack-related-posts":[],"jetpack_sharing_enabled":true,"_links":{"self":[{"href":"https:\/\/radio.ufpa.br\/index.php\/wp-json\/wp\/v2\/posts\/399","targetHints":{"allow":["GET"]}}],"collection":[{"href":"https:\/\/radio.ufpa.br\/index.php\/wp-json\/wp\/v2\/posts"}],"about":[{"href":"https:\/\/radio.ufpa.br\/index.php\/wp-json\/wp\/v2\/types\/post"}],"author":[{"embeddable":true,"href":"https:\/\/radio.ufpa.br\/index.php\/wp-json\/wp\/v2\/users\/2"}],"replies":[{"embeddable":true,"href":"https:\/\/radio.ufpa.br\/index.php\/wp-json\/wp\/v2\/comments?post=399"}],"version-history":[{"count":3,"href":"https:\/\/radio.ufpa.br\/index.php\/wp-json\/wp\/v2\/posts\/399\/revisions"}],"predecessor-version":[{"id":2111,"href":"https:\/\/radio.ufpa.br\/index.php\/wp-json\/wp\/v2\/posts\/399\/revisions\/2111"}],"wp:featuredmedia":[{"embeddable":true,"href":"https:\/\/radio.ufpa.br\/index.php\/wp-json\/wp\/v2\/media\/2108"}],"wp:attachment":[{"href":"https:\/\/radio.ufpa.br\/index.php\/wp-json\/wp\/v2\/media?parent=399"}],"wp:term":[{"taxonomy":"category","embeddable":true,"href":"https:\/\/radio.ufpa.br\/index.php\/wp-json\/wp\/v2\/categories?post=399"},{"taxonomy":"post_tag","embeddable":true,"href":"https:\/\/radio.ufpa.br\/index.php\/wp-json\/wp\/v2\/tags?post=399"}],"curies":[{"name":"wp","href":"https:\/\/api.w.org\/{rel}","templated":true}]}}