{"id":4022,"date":"2018-04-26T07:00:11","date_gmt":"2018-04-26T10:00:11","guid":{"rendered":"http:\/\/radio.ufpa.br\/?p=4022"},"modified":"2018-04-26T09:30:02","modified_gmt":"2018-04-26T12:30:02","slug":"programa-permanencia","status":"publish","type":"post","link":"https:\/\/radio.ufpa.br\/index.php\/saest-e-voce\/programa-permanencia\/","title":{"rendered":"Programa Perman\u00eancia"},"content":{"rendered":"<!--[if lt IE 9]><script>document.createElement('audio');<\/script><![endif]-->\n\t<div class=\"wp-playlist wp-audio-playlist wp-playlist-light\">\n\t\t\t<div class=\"wp-playlist-current-item\"><\/div>\n\t\t<audio controls=\"controls\" preload=\"none\" width=\"1178\"\n\t\t\t><\/audio>\n\t<div class=\"wp-playlist-next\"><\/div>\n\t<div class=\"wp-playlist-prev\"><\/div>\n\t<noscript>\n\t<ol>\n\t\t<li><a href='https:\/\/radio.ufpa.br\/wp-content\/uploads\/2018\/03\/SAEST%20E%20VOC\u00ca%20-%20PROGRAMA%20PERMANENCIA%20-%20EDI\u00c7\u00c3O%2002%20-%2026.04.18.mp3'>SAEST e Voc\u00ea - Programa Perman\u00eancia<\/a><\/li>\t<\/ol>\n\t<\/noscript>\n\t<script type=\"application\/json\" class=\"wp-playlist-script\">{\"type\":\"audio\",\"tracklist\":true,\"tracknumbers\":true,\"images\":true,\"artists\":true,\"tracks\":[{\"src\":\"https:\\\/\\\/radio.ufpa.br\\\/wp-content\\\/uploads\\\/2018\\\/03\\\/SAEST E VOC\\u00ca - PROGRAMA PERMANENCIA - EDI\\u00c7\\u00c3O 02 - 26.04.18.mp3\",\"type\":\"audio\\\/mpeg\",\"title\":\"SAEST e Voc\\u00ea - Programa Perman\\u00eancia\",\"caption\":\"\",\"description\":\"\\\"SAEST E VOC\\u00ca - PROGRAMA PERMANENCIA - EDI\\u00c7\\u00c3O 02 - 26.04.18\\\". Genre: Other.\",\"meta\":{\"artist\":\"R\\u00e1dio Web UFPA\",\"album\":\"SAEST e Voc\\u00ea\",\"genre\":\"Other\",\"length_formatted\":\"43:58\"},\"image\":{\"src\":\"https:\\\/\\\/radio.ufpa.br\\\/wp-includes\\\/images\\\/media\\\/audio.svg\",\"width\":48,\"height\":64},\"thumb\":{\"src\":\"https:\\\/\\\/radio.ufpa.br\\\/wp-includes\\\/images\\\/media\\\/audio.svg\",\"width\":48,\"height\":64}}]}<\/script>\n<\/div>\n\t\n<p>O Programa Nacional de Assist\u00eancia Estudantil (PNAES), institu\u00eddo pelo Decreto n\u00ba 7.234\/2010, tem como objetivo apoiar a perman\u00eancia de estudantes de baixa renda matriculados em cursos de ensino superior nas institui\u00e7\u00f5es federais. Ele regulamenta e garante verbas para os programas assistenciais das universidades p\u00fablicas, incluindo a Universidade Federal do Par\u00e1.<\/p>\n<p>Entre esses aux\u00edlios de assist\u00eancia estudantil est\u00e1 o <strong>Programa Perman\u00eancia<\/strong>. Gerenciado pela Superintend\u00eancia de Assist\u00eancia Estudantil (SAEST), funciona como um &#8220;guarda-chuva&#8221;, com 14 modalidades de aux\u00edlios espec\u00edficos para diversos alunos, incluindo o aux\u00edlio perman\u00eancia, o aux\u00edlio moradia, l\u00ednguas estrangeiras, creche e o aux\u00edlio para pessoas com defici\u00eancia.<\/p>\n<p>Antes do Decreto n\u00ba 7.234\/2010, as pol\u00edticas de assist\u00eancia estudantil eram custeadas com as verbas de cada universidade. Segundo a assistente social e Coordenadora de Assist\u00eancia Estudantil da SAEST, Simone Silva, \u201ca vinda de recursos espec\u00edficos possibilitou a cria\u00e7\u00e3o de uma gama de programas e projetos para atender \u00e0s demandas dos alunos.\u201d<\/p>\n<p>\u201cHoje, a gente compreende a Assist\u00eancia Estudantil como uma pol\u00edtica de Estado, pol\u00edtica p\u00fablica, como um direito desses estudantes. No entanto, ela n\u00e3o \u00e9 uma pol\u00edtica universal. Ela \u00e9 uma pol\u00edtica seletiva. Existem crit\u00e9rios, tem um p\u00fablico-alvo que pode acessar esses programas, aux\u00edlios e benef\u00edcios da assist\u00eancia estudantil\u201d, informa Simone Silva.<\/p>\n<p>Os aux\u00edlios financeiros s\u00e3o destinados a discentes da UFPA em situa\u00e7\u00e3o de vulnerabilidade socioecon\u00f4mica, ou seja, n\u00e3o possuem condi\u00e7\u00f5es de se manter na universidade. Os alunos contemplados com essas bolsas t\u00eam como crit\u00e9rio uma renda familiar mensal bruta de at\u00e9 tr\u00eas sal\u00e1rios m\u00ednimos vigentes, desde que a renda per capita n\u00e3o ultrapasse um sal\u00e1rio m\u00ednimo e meio. Al\u00e9m disso, o coeficiente geral do aluno e forma de ingresso na universidade tamb\u00e9m s\u00e3o levados em conta.<\/p>\n<p>Entre os aux\u00edlios mais conhecidos do <strong>Programa Perman\u00eancia<\/strong> est\u00e3o o Moradia e o Perman\u00eancia. O primeiro \u00e9 destinado aos estudantes que, por conta da aprova\u00e7\u00e3o no vestibular em outra cidade, saem de sua terra natal e gastam dinheiro com aluguel. J\u00e1 o \u00faltimo tem como alvo os discentes que enfrentam dificuldades para custear os materiais did\u00e1ticos, transporte e alimenta\u00e7\u00e3o na UFPA.<\/p>\n<p>A assistente social Simone Silva comenta a atua\u00e7\u00e3o integrada das coordenadorias da SAEST para o melhor desenvolvimento dos discentes na UFPA. \u201cTodo o trabalho da assist\u00eancia estudantil \u00e9 pra que o aluno tenha \u00eaxito acad\u00eamico. E se ele estiver recebendo aux\u00edlio e n\u00e3o tiver avan\u00e7o, a gente marca uma reuni\u00e3o com esse aluno para saber o que est\u00e1 acontecendo. De repente, o aluno est\u00e1 com problemas de sa\u00fade f\u00edsica, ent\u00e3o n\u00f3s acionamos a Coordenadoria de Integra\u00e7\u00e3o. Se ele for deficiente, encaminhamos para a Coordenadoria de Acessibilidade. A gente conversa com o aluno para tentar saber qual \u00e9 o problema\u201d, explica.<\/p>\n<p>Para mais informa\u00e7\u00f5es sobre o <strong>Programa Perman\u00eancia<\/strong>, n\u00e3o perca o \u201cSAEST e Voc\u00ea: tudo sobre assist\u00eancia estudantil na UFPA\u201d. Nesta segunda edi\u00e7\u00e3o, Simone Silva explica o funcionamento do Perman\u00eancia e os benef\u00edcios para os estudantes da Universidade Federal do Par\u00e1.<\/p>\n<p>O Saets e Voc\u00ea \u00e9 uma realiza\u00e7\u00e3o da R\u00e1dio Web UFPA, projeto de extens\u00e3o da Faculdade de Comunica\u00e7\u00e3o (FACOM), em parceria com a Superintend\u00eancia de Assist\u00eancia Estudantil (SAEST).<\/p>\n<p>Confira todas as quintas-feiras, sempre \u00e0s 12h e \u00e0s 18 horas, e tamb\u00e9m nos hor\u00e1rios alternativos: s\u00e1bado, \u00e0s 10h; segunda, \u00e0s 12h, e as ter\u00e7as-feiras, \u00e0s 18h.<\/p>\n","protected":false},"excerpt":{"rendered":"<p> &#8230; <a title=\"Programa Perman\u00eancia\" class=\"read-more\" href=\"https:\/\/radio.ufpa.br\/index.php\/saest-e-voce\/programa-permanencia\/\" aria-label=\"Read more about Programa Perman\u00eancia\">Ler mais<\/a><\/p>\n","protected":false},"author":2,"featured_media":4024,"comment_status":"open","ping_status":"open","sticky":false,"template":"","format":"standard","meta":{"_acf_changed":false,"_exactmetrics_skip_tracking":false,"_exactmetrics_sitenote_active":false,"_exactmetrics_sitenote_note":"","_exactmetrics_sitenote_category":0,"_monsterinsights_skip_tracking":false,"_monsterinsights_sitenote_active":false,"_monsterinsights_sitenote_note":"","_monsterinsights_sitenote_category":0,"_uf_show_specific_survey":0,"_uf_disable_surveys":false,"jetpack_post_was_ever_published":false,"_jetpack_newsletter_access":"","_jetpack_dont_email_post_to_subs":false,"_jetpack_newsletter_tier_id":0,"_jetpack_memberships_contains_paywalled_content":false,"_jetpack_memberships_contains_paid_content":false,"footnotes":"","jetpack_publicize_message":"","jetpack_publicize_feature_enabled":true,"jetpack_social_post_already_shared":true,"jetpack_social_options":{"image_generator_settings":{"template":"highway","enabled":false},"version":2}},"categories":[728],"tags":[],"class_list":["post-4022","post","type-post","status-publish","format-standard","has-post-thumbnail","hentry","category-saest-e-voce"],"acf":[],"yoast_head":"<!-- This site is optimized with the Yoast SEO plugin v25.1 - https:\/\/yoast.com\/wordpress\/plugins\/seo\/ -->\n<title>Programa Perman\u00eancia - Radio Web UFPA<\/title>\n<meta name=\"description\" content=\"Nesta edi\u00e7\u00e3o,, conhe\u00e7a as formas de aux\u00edlio e como o Programa Perman\u00eancia ajuda no sucesso acad\u00eamico de estudantes em situa\u00e7\u00e3o de vulnerabilidade na UFPA.\" \/>\n<meta name=\"robots\" content=\"index, follow, max-snippet:-1, max-image-preview:large, max-video-preview:-1\" \/>\n<link rel=\"canonical\" href=\"https:\/\/radio.ufpa.br\/index.php\/saest-e-voce\/programa-permanencia\/\" \/>\n<meta property=\"og:locale\" content=\"pt_BR\" \/>\n<meta property=\"og:type\" content=\"article\" \/>\n<meta property=\"og:title\" content=\"Programa Perman\u00eancia - Radio Web UFPA\" \/>\n<meta property=\"og:description\" content=\"Nesta edi\u00e7\u00e3o,, conhe\u00e7a as formas de aux\u00edlio e como o Programa Perman\u00eancia ajuda no sucesso acad\u00eamico de estudantes em situa\u00e7\u00e3o de vulnerabilidade na UFPA.\" \/>\n<meta property=\"og:url\" content=\"https:\/\/radio.ufpa.br\/index.php\/saest-e-voce\/programa-permanencia\/\" \/>\n<meta property=\"og:site_name\" content=\"Radio Web UFPA\" \/>\n<meta property=\"article:publisher\" content=\"https:\/\/www.facebook.com\/radiowebufpa\" \/>\n<meta property=\"article:published_time\" content=\"2018-04-26T10:00:11+00:00\" \/>\n<meta property=\"article:modified_time\" content=\"2018-04-26T12:30:02+00:00\" \/>\n<meta property=\"og:image\" content=\"https:\/\/i0.wp.com\/radio.ufpa.br\/wp-content\/uploads\/2018\/03\/Programa%20Perman\u00eancia%20Saest%20e%20Voc\u00ea.png?fit=2213%2C1854&ssl=1\" \/>\n\t<meta property=\"og:image:width\" content=\"2213\" \/>\n\t<meta property=\"og:image:height\" content=\"1854\" \/>\n\t<meta property=\"og:image:type\" content=\"image\/png\" \/>\n<meta name=\"author\" content=\"Fabr\u00edcio Queiroz\" \/>\n<meta name=\"twitter:card\" content=\"summary_large_image\" \/>\n<meta name=\"twitter:creator\" content=\"@radiowebufpa\" \/>\n<meta name=\"twitter:site\" content=\"@radiowebufpa\" \/>\n<meta name=\"twitter:label1\" content=\"Escrito por\" \/>\n\t<meta name=\"twitter:data1\" content=\"Fabr\u00edcio Queiroz\" \/>\n\t<meta name=\"twitter:label2\" content=\"Est. tempo de leitura\" \/>\n\t<meta name=\"twitter:data2\" content=\"3 minutos\" \/>\n<script type=\"application\/ld+json\" class=\"yoast-schema-graph\">{\"@context\":\"https:\/\/schema.org\",\"@graph\":[{\"@type\":\"Article\",\"@id\":\"https:\/\/radio.ufpa.br\/index.php\/saest-e-voce\/programa-permanencia\/#article\",\"isPartOf\":{\"@id\":\"https:\/\/radio.ufpa.br\/index.php\/saest-e-voce\/programa-permanencia\/\"},\"author\":{\"name\":\"Fabr\u00edcio Queiroz\",\"@id\":\"https:\/\/radio.ufpa.br\/#\/schema\/person\/f3f139516982741ca0831359933ac096\"},\"headline\":\"Programa Perman\u00eancia\",\"datePublished\":\"2018-04-26T10:00:11+00:00\",\"dateModified\":\"2018-04-26T12:30:02+00:00\",\"mainEntityOfPage\":{\"@id\":\"https:\/\/radio.ufpa.br\/index.php\/saest-e-voce\/programa-permanencia\/\"},\"wordCount\":614,\"commentCount\":0,\"publisher\":{\"@id\":\"https:\/\/radio.ufpa.br\/#organization\"},\"image\":{\"@id\":\"https:\/\/radio.ufpa.br\/index.php\/saest-e-voce\/programa-permanencia\/#primaryimage\"},\"thumbnailUrl\":\"https:\/\/i0.wp.com\/radio.ufpa.br\/wp-content\/uploads\/2018\/03\/Programa%20Perman%C3%AAncia%20Saest%20e%20Voc%C3%AA.png?fit=2213%2C1854&ssl=1\",\"articleSection\":[\"SAEST e Voc\u00ea\"],\"inLanguage\":\"pt-BR\",\"potentialAction\":[{\"@type\":\"CommentAction\",\"name\":\"Comment\",\"target\":[\"https:\/\/radio.ufpa.br\/index.php\/saest-e-voce\/programa-permanencia\/#respond\"]}]},{\"@type\":\"WebPage\",\"@id\":\"https:\/\/radio.ufpa.br\/index.php\/saest-e-voce\/programa-permanencia\/\",\"url\":\"https:\/\/radio.ufpa.br\/index.php\/saest-e-voce\/programa-permanencia\/\",\"name\":\"Programa Perman\u00eancia - Radio Web UFPA\",\"isPartOf\":{\"@id\":\"https:\/\/radio.ufpa.br\/#website\"},\"primaryImageOfPage\":{\"@id\":\"https:\/\/radio.ufpa.br\/index.php\/saest-e-voce\/programa-permanencia\/#primaryimage\"},\"image\":{\"@id\":\"https:\/\/radio.ufpa.br\/index.php\/saest-e-voce\/programa-permanencia\/#primaryimage\"},\"thumbnailUrl\":\"https:\/\/i0.wp.com\/radio.ufpa.br\/wp-content\/uploads\/2018\/03\/Programa%20Perman%C3%AAncia%20Saest%20e%20Voc%C3%AA.png?fit=2213%2C1854&ssl=1\",\"datePublished\":\"2018-04-26T10:00:11+00:00\",\"dateModified\":\"2018-04-26T12:30:02+00:00\",\"description\":\"Nesta edi\u00e7\u00e3o,, conhe\u00e7a as formas de aux\u00edlio e como o Programa Perman\u00eancia ajuda no sucesso acad\u00eamico de estudantes em situa\u00e7\u00e3o de vulnerabilidade na UFPA.\",\"breadcrumb\":{\"@id\":\"https:\/\/radio.ufpa.br\/index.php\/saest-e-voce\/programa-permanencia\/#breadcrumb\"},\"inLanguage\":\"pt-BR\",\"potentialAction\":[{\"@type\":\"ReadAction\",\"target\":[\"https:\/\/radio.ufpa.br\/index.php\/saest-e-voce\/programa-permanencia\/\"]}]},{\"@type\":\"ImageObject\",\"inLanguage\":\"pt-BR\",\"@id\":\"https:\/\/radio.ufpa.br\/index.php\/saest-e-voce\/programa-permanencia\/#primaryimage\",\"url\":\"https:\/\/i0.wp.com\/radio.ufpa.br\/wp-content\/uploads\/2018\/03\/Programa%20Perman%C3%AAncia%20Saest%20e%20Voc%C3%AA.png?fit=2213%2C1854&ssl=1\",\"contentUrl\":\"https:\/\/i0.wp.com\/radio.ufpa.br\/wp-content\/uploads\/2018\/03\/Programa%20Perman%C3%AAncia%20Saest%20e%20Voc%C3%AA.png?fit=2213%2C1854&ssl=1\",\"width\":2213,\"height\":1854},{\"@type\":\"BreadcrumbList\",\"@id\":\"https:\/\/radio.ufpa.br\/index.php\/saest-e-voce\/programa-permanencia\/#breadcrumb\",\"itemListElement\":[{\"@type\":\"ListItem\",\"position\":1,\"name\":\"In\u00edcio\",\"item\":\"https:\/\/radio.ufpa.br\/\"},{\"@type\":\"ListItem\",\"position\":2,\"name\":\"Programa Perman\u00eancia\"}]},{\"@type\":\"WebSite\",\"@id\":\"https:\/\/radio.ufpa.br\/#website\",\"url\":\"https:\/\/radio.ufpa.br\/\",\"name\":\"Radio Web UFPA\",\"description\":\"Divulgando o conhecimento\",\"publisher\":{\"@id\":\"https:\/\/radio.ufpa.br\/#organization\"},\"potentialAction\":[{\"@type\":\"SearchAction\",\"target\":{\"@type\":\"EntryPoint\",\"urlTemplate\":\"https:\/\/radio.ufpa.br\/?s={search_term_string}\"},\"query-input\":{\"@type\":\"PropertyValueSpecification\",\"valueRequired\":true,\"valueName\":\"search_term_string\"}}],\"inLanguage\":\"pt-BR\"},{\"@type\":\"Organization\",\"@id\":\"https:\/\/radio.ufpa.br\/#organization\",\"name\":\"UNIVERSIDADE FEDERAL DO PAR\u00c1-R\u00c1DIO WEB UFPA\",\"url\":\"https:\/\/radio.ufpa.br\/\",\"logo\":{\"@type\":\"ImageObject\",\"inLanguage\":\"pt-BR\",\"@id\":\"https:\/\/radio.ufpa.br\/#\/schema\/logo\/image\/\",\"url\":\"https:\/\/i0.wp.com\/radio.ufpa.br\/wp-content\/uploads\/2025\/12\/images-removebg-preview.png?fit=417%2C121&ssl=1\",\"contentUrl\":\"https:\/\/i0.wp.com\/radio.ufpa.br\/wp-content\/uploads\/2025\/12\/images-removebg-preview.png?fit=417%2C121&ssl=1\",\"width\":417,\"height\":121,\"caption\":\"UNIVERSIDADE FEDERAL DO PAR\u00c1-R\u00c1DIO WEB UFPA\"},\"image\":{\"@id\":\"https:\/\/radio.ufpa.br\/#\/schema\/logo\/image\/\"},\"sameAs\":[\"https:\/\/www.facebook.com\/radiowebufpa\",\"https:\/\/x.com\/radiowebufpa\",\"https:\/\/www.instagram.com\/radiowebufpa\/\",\"https:\/\/www.youtube.com\/user\/RadioWebUFP4\"]},{\"@type\":\"Person\",\"@id\":\"https:\/\/radio.ufpa.br\/#\/schema\/person\/f3f139516982741ca0831359933ac096\",\"name\":\"Fabr\u00edcio Queiroz\",\"image\":{\"@type\":\"ImageObject\",\"inLanguage\":\"pt-BR\",\"@id\":\"https:\/\/radio.ufpa.br\/#\/schema\/person\/image\/\",\"url\":\"https:\/\/secure.gravatar.com\/avatar\/16286edb2cee888d704ce74385081b7f?s=96&d=mm&r=g\",\"contentUrl\":\"https:\/\/secure.gravatar.com\/avatar\/16286edb2cee888d704ce74385081b7f?s=96&d=mm&r=g\",\"caption\":\"Fabr\u00edcio Queiroz\"},\"description\":\"Editor e Jornalista respons\u00e1vel\",\"url\":\"https:\/\/radio.ufpa.br\/index.php\/author\/fabricio\/\"}]}<\/script>\n<!-- \/ Yoast SEO plugin. -->","yoast_head_json":{"title":"Programa Perman\u00eancia - Radio Web UFPA","description":"Nesta edi\u00e7\u00e3o,, conhe\u00e7a as formas de aux\u00edlio e como o Programa Perman\u00eancia ajuda no sucesso acad\u00eamico de estudantes em situa\u00e7\u00e3o de vulnerabilidade na UFPA.","robots":{"index":"index","follow":"follow","max-snippet":"max-snippet:-1","max-image-preview":"max-image-preview:large","max-video-preview":"max-video-preview:-1"},"canonical":"https:\/\/radio.ufpa.br\/index.php\/saest-e-voce\/programa-permanencia\/","og_locale":"pt_BR","og_type":"article","og_title":"Programa Perman\u00eancia - Radio Web UFPA","og_description":"Nesta edi\u00e7\u00e3o,, conhe\u00e7a as formas de aux\u00edlio e como o Programa Perman\u00eancia ajuda no sucesso acad\u00eamico de estudantes em situa\u00e7\u00e3o de vulnerabilidade na UFPA.","og_url":"https:\/\/radio.ufpa.br\/index.php\/saest-e-voce\/programa-permanencia\/","og_site_name":"Radio Web UFPA","article_publisher":"https:\/\/www.facebook.com\/radiowebufpa","article_published_time":"2018-04-26T10:00:11+00:00","article_modified_time":"2018-04-26T12:30:02+00:00","og_image":[{"width":2213,"height":1854,"url":"https:\/\/i0.wp.com\/radio.ufpa.br\/wp-content\/uploads\/2018\/03\/Programa Perman\u00eancia Saest e Voc\u00ea.png?fit=2213%2C1854&ssl=1","type":"image\/png"}],"author":"Fabr\u00edcio Queiroz","twitter_card":"summary_large_image","twitter_creator":"@radiowebufpa","twitter_site":"@radiowebufpa","twitter_misc":{"Escrito por":"Fabr\u00edcio Queiroz","Est. tempo de leitura":"3 minutos"},"schema":{"@context":"https:\/\/schema.org","@graph":[{"@type":"Article","@id":"https:\/\/radio.ufpa.br\/index.php\/saest-e-voce\/programa-permanencia\/#article","isPartOf":{"@id":"https:\/\/radio.ufpa.br\/index.php\/saest-e-voce\/programa-permanencia\/"},"author":{"name":"Fabr\u00edcio Queiroz","@id":"https:\/\/radio.ufpa.br\/#\/schema\/person\/f3f139516982741ca0831359933ac096"},"headline":"Programa Perman\u00eancia","datePublished":"2018-04-26T10:00:11+00:00","dateModified":"2018-04-26T12:30:02+00:00","mainEntityOfPage":{"@id":"https:\/\/radio.ufpa.br\/index.php\/saest-e-voce\/programa-permanencia\/"},"wordCount":614,"commentCount":0,"publisher":{"@id":"https:\/\/radio.ufpa.br\/#organization"},"image":{"@id":"https:\/\/radio.ufpa.br\/index.php\/saest-e-voce\/programa-permanencia\/#primaryimage"},"thumbnailUrl":"https:\/\/i0.wp.com\/radio.ufpa.br\/wp-content\/uploads\/2018\/03\/Programa%20Perman%C3%AAncia%20Saest%20e%20Voc%C3%AA.png?fit=2213%2C1854&ssl=1","articleSection":["SAEST e Voc\u00ea"],"inLanguage":"pt-BR","potentialAction":[{"@type":"CommentAction","name":"Comment","target":["https:\/\/radio.ufpa.br\/index.php\/saest-e-voce\/programa-permanencia\/#respond"]}]},{"@type":"WebPage","@id":"https:\/\/radio.ufpa.br\/index.php\/saest-e-voce\/programa-permanencia\/","url":"https:\/\/radio.ufpa.br\/index.php\/saest-e-voce\/programa-permanencia\/","name":"Programa Perman\u00eancia - Radio Web UFPA","isPartOf":{"@id":"https:\/\/radio.ufpa.br\/#website"},"primaryImageOfPage":{"@id":"https:\/\/radio.ufpa.br\/index.php\/saest-e-voce\/programa-permanencia\/#primaryimage"},"image":{"@id":"https:\/\/radio.ufpa.br\/index.php\/saest-e-voce\/programa-permanencia\/#primaryimage"},"thumbnailUrl":"https:\/\/i0.wp.com\/radio.ufpa.br\/wp-content\/uploads\/2018\/03\/Programa%20Perman%C3%AAncia%20Saest%20e%20Voc%C3%AA.png?fit=2213%2C1854&ssl=1","datePublished":"2018-04-26T10:00:11+00:00","dateModified":"2018-04-26T12:30:02+00:00","description":"Nesta edi\u00e7\u00e3o,, conhe\u00e7a as formas de aux\u00edlio e como o Programa Perman\u00eancia ajuda no sucesso acad\u00eamico de estudantes em situa\u00e7\u00e3o de vulnerabilidade na UFPA.","breadcrumb":{"@id":"https:\/\/radio.ufpa.br\/index.php\/saest-e-voce\/programa-permanencia\/#breadcrumb"},"inLanguage":"pt-BR","potentialAction":[{"@type":"ReadAction","target":["https:\/\/radio.ufpa.br\/index.php\/saest-e-voce\/programa-permanencia\/"]}]},{"@type":"ImageObject","inLanguage":"pt-BR","@id":"https:\/\/radio.ufpa.br\/index.php\/saest-e-voce\/programa-permanencia\/#primaryimage","url":"https:\/\/i0.wp.com\/radio.ufpa.br\/wp-content\/uploads\/2018\/03\/Programa%20Perman%C3%AAncia%20Saest%20e%20Voc%C3%AA.png?fit=2213%2C1854&ssl=1","contentUrl":"https:\/\/i0.wp.com\/radio.ufpa.br\/wp-content\/uploads\/2018\/03\/Programa%20Perman%C3%AAncia%20Saest%20e%20Voc%C3%AA.png?fit=2213%2C1854&ssl=1","width":2213,"height":1854},{"@type":"BreadcrumbList","@id":"https:\/\/radio.ufpa.br\/index.php\/saest-e-voce\/programa-permanencia\/#breadcrumb","itemListElement":[{"@type":"ListItem","position":1,"name":"In\u00edcio","item":"https:\/\/radio.ufpa.br\/"},{"@type":"ListItem","position":2,"name":"Programa Perman\u00eancia"}]},{"@type":"WebSite","@id":"https:\/\/radio.ufpa.br\/#website","url":"https:\/\/radio.ufpa.br\/","name":"Radio Web UFPA","description":"Divulgando o conhecimento","publisher":{"@id":"https:\/\/radio.ufpa.br\/#organization"},"potentialAction":[{"@type":"SearchAction","target":{"@type":"EntryPoint","urlTemplate":"https:\/\/radio.ufpa.br\/?s={search_term_string}"},"query-input":{"@type":"PropertyValueSpecification","valueRequired":true,"valueName":"search_term_string"}}],"inLanguage":"pt-BR"},{"@type":"Organization","@id":"https:\/\/radio.ufpa.br\/#organization","name":"UNIVERSIDADE FEDERAL DO PAR\u00c1-R\u00c1DIO WEB UFPA","url":"https:\/\/radio.ufpa.br\/","logo":{"@type":"ImageObject","inLanguage":"pt-BR","@id":"https:\/\/radio.ufpa.br\/#\/schema\/logo\/image\/","url":"https:\/\/i0.wp.com\/radio.ufpa.br\/wp-content\/uploads\/2025\/12\/images-removebg-preview.png?fit=417%2C121&ssl=1","contentUrl":"https:\/\/i0.wp.com\/radio.ufpa.br\/wp-content\/uploads\/2025\/12\/images-removebg-preview.png?fit=417%2C121&ssl=1","width":417,"height":121,"caption":"UNIVERSIDADE FEDERAL DO PAR\u00c1-R\u00c1DIO WEB UFPA"},"image":{"@id":"https:\/\/radio.ufpa.br\/#\/schema\/logo\/image\/"},"sameAs":["https:\/\/www.facebook.com\/radiowebufpa","https:\/\/x.com\/radiowebufpa","https:\/\/www.instagram.com\/radiowebufpa\/","https:\/\/www.youtube.com\/user\/RadioWebUFP4"]},{"@type":"Person","@id":"https:\/\/radio.ufpa.br\/#\/schema\/person\/f3f139516982741ca0831359933ac096","name":"Fabr\u00edcio Queiroz","image":{"@type":"ImageObject","inLanguage":"pt-BR","@id":"https:\/\/radio.ufpa.br\/#\/schema\/person\/image\/","url":"https:\/\/secure.gravatar.com\/avatar\/16286edb2cee888d704ce74385081b7f?s=96&d=mm&r=g","contentUrl":"https:\/\/secure.gravatar.com\/avatar\/16286edb2cee888d704ce74385081b7f?s=96&d=mm&r=g","caption":"Fabr\u00edcio Queiroz"},"description":"Editor e Jornalista respons\u00e1vel","url":"https:\/\/radio.ufpa.br\/index.php\/author\/fabricio\/"}]}},"jetpack_publicize_connections":[],"jetpack_featured_media_url":"https:\/\/i0.wp.com\/radio.ufpa.br\/wp-content\/uploads\/2018\/03\/Programa%20Perman%C3%AAncia%20Saest%20e%20Voc%C3%AA.png?fit=2213%2C1854&ssl=1","jetpack_shortlink":"https:\/\/wp.me\/p8TJeA-12S","jetpack_likes_enabled":true,"jetpack-related-posts":[],"jetpack_sharing_enabled":true,"_links":{"self":[{"href":"https:\/\/radio.ufpa.br\/index.php\/wp-json\/wp\/v2\/posts\/4022","targetHints":{"allow":["GET"]}}],"collection":[{"href":"https:\/\/radio.ufpa.br\/index.php\/wp-json\/wp\/v2\/posts"}],"about":[{"href":"https:\/\/radio.ufpa.br\/index.php\/wp-json\/wp\/v2\/types\/post"}],"author":[{"embeddable":true,"href":"https:\/\/radio.ufpa.br\/index.php\/wp-json\/wp\/v2\/users\/2"}],"replies":[{"embeddable":true,"href":"https:\/\/radio.ufpa.br\/index.php\/wp-json\/wp\/v2\/comments?post=4022"}],"version-history":[{"count":5,"href":"https:\/\/radio.ufpa.br\/index.php\/wp-json\/wp\/v2\/posts\/4022\/revisions"}],"predecessor-version":[{"id":4030,"href":"https:\/\/radio.ufpa.br\/index.php\/wp-json\/wp\/v2\/posts\/4022\/revisions\/4030"}],"wp:featuredmedia":[{"embeddable":true,"href":"https:\/\/radio.ufpa.br\/index.php\/wp-json\/wp\/v2\/media\/4024"}],"wp:attachment":[{"href":"https:\/\/radio.ufpa.br\/index.php\/wp-json\/wp\/v2\/media?parent=4022"}],"wp:term":[{"taxonomy":"category","embeddable":true,"href":"https:\/\/radio.ufpa.br\/index.php\/wp-json\/wp\/v2\/categories?post=4022"},{"taxonomy":"post_tag","embeddable":true,"href":"https:\/\/radio.ufpa.br\/index.php\/wp-json\/wp\/v2\/tags?post=4022"}],"curies":[{"name":"wp","href":"https:\/\/api.w.org\/{rel}","templated":true}]}}