{"id":4100,"date":"2018-05-10T07:00:43","date_gmt":"2018-05-10T10:00:43","guid":{"rendered":"http:\/\/radio.ufpa.br\/?p=4100"},"modified":"2018-05-10T18:22:13","modified_gmt":"2018-05-10T21:22:13","slug":"acessibilidade","status":"publish","type":"post","link":"https:\/\/radio.ufpa.br\/index.php\/saest-e-voce\/acessibilidade\/","title":{"rendered":"Acessibilidade"},"content":{"rendered":"<!--[if lt IE 9]><script>document.createElement('audio');<\/script><![endif]-->\n\t<div class=\"wp-playlist wp-audio-playlist wp-playlist-light\">\n\t\t\t<div class=\"wp-playlist-current-item\"><\/div>\n\t\t<audio controls=\"controls\" preload=\"none\" width=\"1178\"\n\t\t\t><\/audio>\n\t<div class=\"wp-playlist-next\"><\/div>\n\t<div class=\"wp-playlist-prev\"><\/div>\n\t<noscript>\n\t<ol>\n\t\t<li><a href='https:\/\/radio.ufpa.br\/wp-content\/uploads\/2018\/03\/SAEST%20E%20VOC\u00ca%20-%20ACESSIBILIDADE%20-%20EDI\u00c7\u00c3O%2004%20-%2010.05.2018..mp3'>Saest e Voc\u00ea - Acessibilidade<\/a><\/li>\t<\/ol>\n\t<\/noscript>\n\t<script type=\"application\/json\" class=\"wp-playlist-script\">{\"type\":\"audio\",\"tracklist\":true,\"tracknumbers\":true,\"images\":true,\"artists\":true,\"tracks\":[{\"src\":\"https:\\\/\\\/radio.ufpa.br\\\/wp-content\\\/uploads\\\/2018\\\/03\\\/SAEST E VOC\\u00ca - ACESSIBILIDADE - EDI\\u00c7\\u00c3O 04 - 10.05.2018..mp3\",\"type\":\"audio\\\/mpeg\",\"title\":\"Saest e Voc\\u00ea - Acessibilidade\",\"caption\":\"\",\"description\":\"\\\"SAEST E VOC\\u00ca - ACESSIBILIDADE - EDI\\u00c7\\u00c3O 04 - 10.05.2018.\\\". Genre: Other.\",\"meta\":{\"artist\":\"R\\u00e1dio Web UFPA\",\"album\":\"Saest e Voc\\u00ea\",\"genre\":\"Other\",\"length_formatted\":\"57:52\"},\"image\":{\"src\":\"https:\\\/\\\/radio.ufpa.br\\\/wp-includes\\\/images\\\/media\\\/audio.svg\",\"width\":48,\"height\":64},\"thumb\":{\"src\":\"https:\\\/\\\/radio.ufpa.br\\\/wp-includes\\\/images\\\/media\\\/audio.svg\",\"width\":48,\"height\":64}}]}<\/script>\n<\/div>\n\t\n<p>A Universidade Federal do Par\u00e1, desde 2011, executa pol\u00edticas de inclus\u00e3o e acessibilidade. A resolu\u00e7\u00e3o respons\u00e1vel por essas a\u00e7\u00f5es \u00e9 a n\u00ba 3883\/2009, que passou a direcionar uma vaga por acr\u00e9scimo nos processos seletivos para os cursos de gradua\u00e7\u00e3o. Tal pol\u00edtica de inclus\u00e3o era denominada Cota PcD (pessoa com defici\u00eancia).<\/p>\n<p>A cota tinha como alvo os estudantes com defici\u00eancia, transtornos globais do desenvolvimento e altas habilidades\/superdota\u00e7\u00e3o. Em 2017, essa cota espec\u00edfica foi extinta. No PS 2018, o ingresso dos alunos com defici\u00eancia foi feito atrav\u00e9s da Cota Escola, que agora tamb\u00e9m inclui os PcD\u2019s.<\/p>\n<p>Por meio dos processos seletivos, a UFPA comporta hoje 463 estudantes com alguma defici\u00eancia, proporcionando assim um ambiente diverso e tolerante as diferen\u00e7as. E com a crescente demanda de servi\u00e7os e programas de acessibilidade, a Superintend\u00eancia de Assist\u00eancia Estudantil da UFPA (SAEST) criou uma coordenadoria de acessibilidade para cuidar dos assuntos que dizem respeitos aos alunos PcD\u2019s.<\/p>\n<p>\u201cA probabilidade do ingresso de mais pessoas com defici\u00eancia na universidade automaticamente aumenta. Se ela aumenta, a pol\u00edtica precisa ser bem mais espec\u00edfica para esse p\u00fablico. N\u00e3o apenas para o aluno, que \u00e9 nosso aluno assistido, mas para toda a universidade, que envolve t\u00e9cnicos, professores, entre outros\u201d, explica a professora Arlete Marinho, coordenadora geral de acessibilidade da SAEST.<\/p>\n<p>Atualmente, a coordenadoria de acessibilidade (CoAcess) dirige os programas de Forma\u00e7\u00e3o Continuada e Apoio \u00e0 Inclus\u00e3o de pessoas p\u00fablico alvo da educa\u00e7\u00e3o especial no Ensino Superior (PROFAEIS) e de Atendimento Individualizado. Al\u00e9m destes, a CoAcess ainda atua nos programas de Incentivo \u00e0 Produ\u00e7\u00e3o de Tecnologias Assistivas, Programa de Implementa\u00e7\u00e3o de N\u00facleos de Acessibilidade, Programa Integrado de Inicia\u00e7\u00e3o Cient\u00edfica e o Programa de Apoio a Infraestrutura Acess\u00edvel (INFRACESS).<\/p>\n<p>Com esses programas, A SAEST proporciona \u00e0 comunidade acad\u00eamica uma educa\u00e7\u00e3o mais democratizada. A adapta\u00e7\u00e3o de materiais para PcD\u2019s, produ\u00e7\u00e3o de materiais para o p\u00fablico da Educa\u00e7\u00e3o Especial no Ensino Superior, orienta\u00e7\u00e3o pedag\u00f3gica para a adapta\u00e7\u00e3o de materiais e avalia\u00e7\u00e3o de PcD e Transtornos e atendimento pedag\u00f3gico individualizado de PcD e transtornos s\u00e3o exemplos dos servi\u00e7os disponibilizados pela equipe da CoAcess para os estudantes.<\/p>\n<p>\u201c\u00c9 um espa\u00e7o aberto para assistir os nossos alunos com defici\u00eancia, mas tamb\u00e9m para os outros alunos, professores e t\u00e9cnicos que queiram tirar suas d\u00favidas sobre esse p\u00fablico que tem o direito de estar dentro na universidade, assim como qualquer outra pessoa\u201d, afirma a professora Arlete.<\/p>\n<p>Para saber mais sobre os servi\u00e7os oferecidos pela Coordenadoria de Acessibilidade da SAEST e sobre as atividades de inclus\u00e3o que s\u00e3o realizadas na UFPA, confira esta edi\u00e7\u00e3o do SAEST e Voc\u00ea, que conta com a participa\u00e7\u00e3o da professora doutora Arlete Marinho.<\/p>\n<p>O programa \u00e9 uma realiza\u00e7\u00e3o da R\u00e1dio Web UFPA, projeto de extens\u00e3o da Faculdade de Comunica\u00e7\u00e3o (FACOM), em parceria com a Superintend\u00eancia de Assist\u00eancia Estudantil (SAEST).<\/p>\n<p>Confira todas as quintas-feiras, sempre \u00e0s 12h e \u00e0s 18 horas, com hor\u00e1rios alternativos: s\u00e1bado, \u00e0s 10h; segunda, \u00e0s 12h, e ter\u00e7as-feiras, \u00e0s 18h.<\/p>\n","protected":false},"excerpt":{"rendered":"<p> &#8230; <a title=\"Acessibilidade\" class=\"read-more\" href=\"https:\/\/radio.ufpa.br\/index.php\/saest-e-voce\/acessibilidade\/\" aria-label=\"Read more about Acessibilidade\">Ler mais<\/a><\/p>\n","protected":false},"author":2,"featured_media":4102,"comment_status":"open","ping_status":"open","sticky":false,"template":"","format":"standard","meta":{"_acf_changed":false,"_exactmetrics_skip_tracking":false,"_exactmetrics_sitenote_active":false,"_exactmetrics_sitenote_note":"","_exactmetrics_sitenote_category":0,"_monsterinsights_skip_tracking":false,"_monsterinsights_sitenote_active":false,"_monsterinsights_sitenote_note":"","_monsterinsights_sitenote_category":0,"_uf_show_specific_survey":0,"_uf_disable_surveys":false,"jetpack_post_was_ever_published":false,"_jetpack_newsletter_access":"","_jetpack_dont_email_post_to_subs":false,"_jetpack_newsletter_tier_id":0,"_jetpack_memberships_contains_paywalled_content":false,"_jetpack_memberships_contains_paid_content":false,"footnotes":"","jetpack_publicize_message":"","jetpack_publicize_feature_enabled":true,"jetpack_social_post_already_shared":true,"jetpack_social_options":{"image_generator_settings":{"template":"highway","enabled":false},"version":2}},"categories":[728],"tags":[],"class_list":["post-4100","post","type-post","status-publish","format-standard","has-post-thumbnail","hentry","category-saest-e-voce"],"acf":[],"yoast_head":"<!-- This site is optimized with the Yoast SEO plugin v25.1 - https:\/\/yoast.com\/wordpress\/plugins\/seo\/ -->\n<title>Acessibilidade - Radio Web UFPA<\/title>\n<meta name=\"description\" content=\"Nesta edi\u00e7\u00e3o do Saest e Voc\u00ea, conhe\u00e7a o trabalho da Coordenadoria de Acessibilidade, que atua para a integra\u00e7\u00e3o e perman\u00eancia de estudantes PcD&#039;s na UFPA.\" \/>\n<meta name=\"robots\" content=\"index, follow, max-snippet:-1, max-image-preview:large, max-video-preview:-1\" \/>\n<link rel=\"canonical\" href=\"https:\/\/radio.ufpa.br\/index.php\/saest-e-voce\/acessibilidade\/\" \/>\n<meta property=\"og:locale\" content=\"pt_BR\" \/>\n<meta property=\"og:type\" content=\"article\" \/>\n<meta property=\"og:title\" content=\"Acessibilidade - Radio Web UFPA\" \/>\n<meta property=\"og:description\" content=\"Nesta edi\u00e7\u00e3o do Saest e Voc\u00ea, conhe\u00e7a o trabalho da Coordenadoria de Acessibilidade, que atua para a integra\u00e7\u00e3o e perman\u00eancia de estudantes PcD&#039;s na UFPA.\" \/>\n<meta property=\"og:url\" content=\"https:\/\/radio.ufpa.br\/index.php\/saest-e-voce\/acessibilidade\/\" \/>\n<meta property=\"og:site_name\" content=\"Radio Web UFPA\" \/>\n<meta property=\"article:publisher\" content=\"https:\/\/www.facebook.com\/radiowebufpa\" \/>\n<meta property=\"article:published_time\" content=\"2018-05-10T10:00:43+00:00\" \/>\n<meta property=\"article:modified_time\" content=\"2018-05-10T21:22:13+00:00\" \/>\n<meta property=\"og:image\" content=\"https:\/\/i0.wp.com\/radio.ufpa.br\/wp-content\/uploads\/2018\/03\/Acessibilidade%20Site.png?fit=2213%2C1854&ssl=1\" \/>\n\t<meta property=\"og:image:width\" content=\"2213\" \/>\n\t<meta property=\"og:image:height\" content=\"1854\" \/>\n\t<meta property=\"og:image:type\" content=\"image\/png\" \/>\n<meta name=\"author\" content=\"Fabr\u00edcio Queiroz\" \/>\n<meta name=\"twitter:card\" content=\"summary_large_image\" \/>\n<meta name=\"twitter:creator\" content=\"@radiowebufpa\" \/>\n<meta name=\"twitter:site\" content=\"@radiowebufpa\" \/>\n<meta name=\"twitter:label1\" content=\"Escrito por\" \/>\n\t<meta name=\"twitter:data1\" content=\"Fabr\u00edcio Queiroz\" \/>\n\t<meta name=\"twitter:label2\" content=\"Est. tempo de leitura\" \/>\n\t<meta name=\"twitter:data2\" content=\"3 minutos\" \/>\n<script type=\"application\/ld+json\" class=\"yoast-schema-graph\">{\"@context\":\"https:\/\/schema.org\",\"@graph\":[{\"@type\":\"Article\",\"@id\":\"https:\/\/radio.ufpa.br\/index.php\/saest-e-voce\/acessibilidade\/#article\",\"isPartOf\":{\"@id\":\"https:\/\/radio.ufpa.br\/index.php\/saest-e-voce\/acessibilidade\/\"},\"author\":{\"name\":\"Fabr\u00edcio Queiroz\",\"@id\":\"https:\/\/radio.ufpa.br\/#\/schema\/person\/f3f139516982741ca0831359933ac096\"},\"headline\":\"Acessibilidade\",\"datePublished\":\"2018-05-10T10:00:43+00:00\",\"dateModified\":\"2018-05-10T21:22:13+00:00\",\"mainEntityOfPage\":{\"@id\":\"https:\/\/radio.ufpa.br\/index.php\/saest-e-voce\/acessibilidade\/\"},\"wordCount\":542,\"commentCount\":0,\"publisher\":{\"@id\":\"https:\/\/radio.ufpa.br\/#organization\"},\"image\":{\"@id\":\"https:\/\/radio.ufpa.br\/index.php\/saest-e-voce\/acessibilidade\/#primaryimage\"},\"thumbnailUrl\":\"https:\/\/i0.wp.com\/radio.ufpa.br\/wp-content\/uploads\/2018\/03\/Acessibilidade%20Site.png?fit=2213%2C1854&ssl=1\",\"articleSection\":[\"SAEST e Voc\u00ea\"],\"inLanguage\":\"pt-BR\",\"potentialAction\":[{\"@type\":\"CommentAction\",\"name\":\"Comment\",\"target\":[\"https:\/\/radio.ufpa.br\/index.php\/saest-e-voce\/acessibilidade\/#respond\"]}]},{\"@type\":\"WebPage\",\"@id\":\"https:\/\/radio.ufpa.br\/index.php\/saest-e-voce\/acessibilidade\/\",\"url\":\"https:\/\/radio.ufpa.br\/index.php\/saest-e-voce\/acessibilidade\/\",\"name\":\"Acessibilidade - Radio Web UFPA\",\"isPartOf\":{\"@id\":\"https:\/\/radio.ufpa.br\/#website\"},\"primaryImageOfPage\":{\"@id\":\"https:\/\/radio.ufpa.br\/index.php\/saest-e-voce\/acessibilidade\/#primaryimage\"},\"image\":{\"@id\":\"https:\/\/radio.ufpa.br\/index.php\/saest-e-voce\/acessibilidade\/#primaryimage\"},\"thumbnailUrl\":\"https:\/\/i0.wp.com\/radio.ufpa.br\/wp-content\/uploads\/2018\/03\/Acessibilidade%20Site.png?fit=2213%2C1854&ssl=1\",\"datePublished\":\"2018-05-10T10:00:43+00:00\",\"dateModified\":\"2018-05-10T21:22:13+00:00\",\"description\":\"Nesta edi\u00e7\u00e3o do Saest e Voc\u00ea, conhe\u00e7a o trabalho da Coordenadoria de Acessibilidade, que atua para a integra\u00e7\u00e3o e perman\u00eancia de estudantes PcD's na UFPA.\",\"breadcrumb\":{\"@id\":\"https:\/\/radio.ufpa.br\/index.php\/saest-e-voce\/acessibilidade\/#breadcrumb\"},\"inLanguage\":\"pt-BR\",\"potentialAction\":[{\"@type\":\"ReadAction\",\"target\":[\"https:\/\/radio.ufpa.br\/index.php\/saest-e-voce\/acessibilidade\/\"]}]},{\"@type\":\"ImageObject\",\"inLanguage\":\"pt-BR\",\"@id\":\"https:\/\/radio.ufpa.br\/index.php\/saest-e-voce\/acessibilidade\/#primaryimage\",\"url\":\"https:\/\/i0.wp.com\/radio.ufpa.br\/wp-content\/uploads\/2018\/03\/Acessibilidade%20Site.png?fit=2213%2C1854&ssl=1\",\"contentUrl\":\"https:\/\/i0.wp.com\/radio.ufpa.br\/wp-content\/uploads\/2018\/03\/Acessibilidade%20Site.png?fit=2213%2C1854&ssl=1\",\"width\":2213,\"height\":1854},{\"@type\":\"BreadcrumbList\",\"@id\":\"https:\/\/radio.ufpa.br\/index.php\/saest-e-voce\/acessibilidade\/#breadcrumb\",\"itemListElement\":[{\"@type\":\"ListItem\",\"position\":1,\"name\":\"In\u00edcio\",\"item\":\"https:\/\/radio.ufpa.br\/\"},{\"@type\":\"ListItem\",\"position\":2,\"name\":\"Acessibilidade\"}]},{\"@type\":\"WebSite\",\"@id\":\"https:\/\/radio.ufpa.br\/#website\",\"url\":\"https:\/\/radio.ufpa.br\/\",\"name\":\"Radio Web UFPA\",\"description\":\"Divulgando o conhecimento\",\"publisher\":{\"@id\":\"https:\/\/radio.ufpa.br\/#organization\"},\"potentialAction\":[{\"@type\":\"SearchAction\",\"target\":{\"@type\":\"EntryPoint\",\"urlTemplate\":\"https:\/\/radio.ufpa.br\/?s={search_term_string}\"},\"query-input\":{\"@type\":\"PropertyValueSpecification\",\"valueRequired\":true,\"valueName\":\"search_term_string\"}}],\"inLanguage\":\"pt-BR\"},{\"@type\":\"Organization\",\"@id\":\"https:\/\/radio.ufpa.br\/#organization\",\"name\":\"UNIVERSIDADE FEDERAL DO PAR\u00c1-R\u00c1DIO WEB UFPA\",\"url\":\"https:\/\/radio.ufpa.br\/\",\"logo\":{\"@type\":\"ImageObject\",\"inLanguage\":\"pt-BR\",\"@id\":\"https:\/\/radio.ufpa.br\/#\/schema\/logo\/image\/\",\"url\":\"https:\/\/i0.wp.com\/radio.ufpa.br\/wp-content\/uploads\/2025\/12\/images-removebg-preview.png?fit=417%2C121&ssl=1\",\"contentUrl\":\"https:\/\/i0.wp.com\/radio.ufpa.br\/wp-content\/uploads\/2025\/12\/images-removebg-preview.png?fit=417%2C121&ssl=1\",\"width\":417,\"height\":121,\"caption\":\"UNIVERSIDADE FEDERAL DO PAR\u00c1-R\u00c1DIO WEB UFPA\"},\"image\":{\"@id\":\"https:\/\/radio.ufpa.br\/#\/schema\/logo\/image\/\"},\"sameAs\":[\"https:\/\/www.facebook.com\/radiowebufpa\",\"https:\/\/x.com\/radiowebufpa\",\"https:\/\/www.instagram.com\/radiowebufpa\/\",\"https:\/\/www.youtube.com\/user\/RadioWebUFP4\"]},{\"@type\":\"Person\",\"@id\":\"https:\/\/radio.ufpa.br\/#\/schema\/person\/f3f139516982741ca0831359933ac096\",\"name\":\"Fabr\u00edcio Queiroz\",\"image\":{\"@type\":\"ImageObject\",\"inLanguage\":\"pt-BR\",\"@id\":\"https:\/\/radio.ufpa.br\/#\/schema\/person\/image\/\",\"url\":\"https:\/\/secure.gravatar.com\/avatar\/16286edb2cee888d704ce74385081b7f?s=96&d=mm&r=g\",\"contentUrl\":\"https:\/\/secure.gravatar.com\/avatar\/16286edb2cee888d704ce74385081b7f?s=96&d=mm&r=g\",\"caption\":\"Fabr\u00edcio Queiroz\"},\"description\":\"Editor e Jornalista respons\u00e1vel\",\"url\":\"https:\/\/radio.ufpa.br\/index.php\/author\/fabricio\/\"}]}<\/script>\n<!-- \/ Yoast SEO plugin. -->","yoast_head_json":{"title":"Acessibilidade - Radio Web UFPA","description":"Nesta edi\u00e7\u00e3o do Saest e Voc\u00ea, conhe\u00e7a o trabalho da Coordenadoria de Acessibilidade, que atua para a integra\u00e7\u00e3o e perman\u00eancia de estudantes PcD's na UFPA.","robots":{"index":"index","follow":"follow","max-snippet":"max-snippet:-1","max-image-preview":"max-image-preview:large","max-video-preview":"max-video-preview:-1"},"canonical":"https:\/\/radio.ufpa.br\/index.php\/saest-e-voce\/acessibilidade\/","og_locale":"pt_BR","og_type":"article","og_title":"Acessibilidade - Radio Web UFPA","og_description":"Nesta edi\u00e7\u00e3o do Saest e Voc\u00ea, conhe\u00e7a o trabalho da Coordenadoria de Acessibilidade, que atua para a integra\u00e7\u00e3o e perman\u00eancia de estudantes PcD's na UFPA.","og_url":"https:\/\/radio.ufpa.br\/index.php\/saest-e-voce\/acessibilidade\/","og_site_name":"Radio Web UFPA","article_publisher":"https:\/\/www.facebook.com\/radiowebufpa","article_published_time":"2018-05-10T10:00:43+00:00","article_modified_time":"2018-05-10T21:22:13+00:00","og_image":[{"width":2213,"height":1854,"url":"https:\/\/i0.wp.com\/radio.ufpa.br\/wp-content\/uploads\/2018\/03\/Acessibilidade Site.png?fit=2213%2C1854&ssl=1","type":"image\/png"}],"author":"Fabr\u00edcio Queiroz","twitter_card":"summary_large_image","twitter_creator":"@radiowebufpa","twitter_site":"@radiowebufpa","twitter_misc":{"Escrito por":"Fabr\u00edcio Queiroz","Est. tempo de leitura":"3 minutos"},"schema":{"@context":"https:\/\/schema.org","@graph":[{"@type":"Article","@id":"https:\/\/radio.ufpa.br\/index.php\/saest-e-voce\/acessibilidade\/#article","isPartOf":{"@id":"https:\/\/radio.ufpa.br\/index.php\/saest-e-voce\/acessibilidade\/"},"author":{"name":"Fabr\u00edcio Queiroz","@id":"https:\/\/radio.ufpa.br\/#\/schema\/person\/f3f139516982741ca0831359933ac096"},"headline":"Acessibilidade","datePublished":"2018-05-10T10:00:43+00:00","dateModified":"2018-05-10T21:22:13+00:00","mainEntityOfPage":{"@id":"https:\/\/radio.ufpa.br\/index.php\/saest-e-voce\/acessibilidade\/"},"wordCount":542,"commentCount":0,"publisher":{"@id":"https:\/\/radio.ufpa.br\/#organization"},"image":{"@id":"https:\/\/radio.ufpa.br\/index.php\/saest-e-voce\/acessibilidade\/#primaryimage"},"thumbnailUrl":"https:\/\/i0.wp.com\/radio.ufpa.br\/wp-content\/uploads\/2018\/03\/Acessibilidade%20Site.png?fit=2213%2C1854&ssl=1","articleSection":["SAEST e Voc\u00ea"],"inLanguage":"pt-BR","potentialAction":[{"@type":"CommentAction","name":"Comment","target":["https:\/\/radio.ufpa.br\/index.php\/saest-e-voce\/acessibilidade\/#respond"]}]},{"@type":"WebPage","@id":"https:\/\/radio.ufpa.br\/index.php\/saest-e-voce\/acessibilidade\/","url":"https:\/\/radio.ufpa.br\/index.php\/saest-e-voce\/acessibilidade\/","name":"Acessibilidade - Radio Web UFPA","isPartOf":{"@id":"https:\/\/radio.ufpa.br\/#website"},"primaryImageOfPage":{"@id":"https:\/\/radio.ufpa.br\/index.php\/saest-e-voce\/acessibilidade\/#primaryimage"},"image":{"@id":"https:\/\/radio.ufpa.br\/index.php\/saest-e-voce\/acessibilidade\/#primaryimage"},"thumbnailUrl":"https:\/\/i0.wp.com\/radio.ufpa.br\/wp-content\/uploads\/2018\/03\/Acessibilidade%20Site.png?fit=2213%2C1854&ssl=1","datePublished":"2018-05-10T10:00:43+00:00","dateModified":"2018-05-10T21:22:13+00:00","description":"Nesta edi\u00e7\u00e3o do Saest e Voc\u00ea, conhe\u00e7a o trabalho da Coordenadoria de Acessibilidade, que atua para a integra\u00e7\u00e3o e perman\u00eancia de estudantes PcD's na UFPA.","breadcrumb":{"@id":"https:\/\/radio.ufpa.br\/index.php\/saest-e-voce\/acessibilidade\/#breadcrumb"},"inLanguage":"pt-BR","potentialAction":[{"@type":"ReadAction","target":["https:\/\/radio.ufpa.br\/index.php\/saest-e-voce\/acessibilidade\/"]}]},{"@type":"ImageObject","inLanguage":"pt-BR","@id":"https:\/\/radio.ufpa.br\/index.php\/saest-e-voce\/acessibilidade\/#primaryimage","url":"https:\/\/i0.wp.com\/radio.ufpa.br\/wp-content\/uploads\/2018\/03\/Acessibilidade%20Site.png?fit=2213%2C1854&ssl=1","contentUrl":"https:\/\/i0.wp.com\/radio.ufpa.br\/wp-content\/uploads\/2018\/03\/Acessibilidade%20Site.png?fit=2213%2C1854&ssl=1","width":2213,"height":1854},{"@type":"BreadcrumbList","@id":"https:\/\/radio.ufpa.br\/index.php\/saest-e-voce\/acessibilidade\/#breadcrumb","itemListElement":[{"@type":"ListItem","position":1,"name":"In\u00edcio","item":"https:\/\/radio.ufpa.br\/"},{"@type":"ListItem","position":2,"name":"Acessibilidade"}]},{"@type":"WebSite","@id":"https:\/\/radio.ufpa.br\/#website","url":"https:\/\/radio.ufpa.br\/","name":"Radio Web UFPA","description":"Divulgando o conhecimento","publisher":{"@id":"https:\/\/radio.ufpa.br\/#organization"},"potentialAction":[{"@type":"SearchAction","target":{"@type":"EntryPoint","urlTemplate":"https:\/\/radio.ufpa.br\/?s={search_term_string}"},"query-input":{"@type":"PropertyValueSpecification","valueRequired":true,"valueName":"search_term_string"}}],"inLanguage":"pt-BR"},{"@type":"Organization","@id":"https:\/\/radio.ufpa.br\/#organization","name":"UNIVERSIDADE FEDERAL DO PAR\u00c1-R\u00c1DIO WEB UFPA","url":"https:\/\/radio.ufpa.br\/","logo":{"@type":"ImageObject","inLanguage":"pt-BR","@id":"https:\/\/radio.ufpa.br\/#\/schema\/logo\/image\/","url":"https:\/\/i0.wp.com\/radio.ufpa.br\/wp-content\/uploads\/2025\/12\/images-removebg-preview.png?fit=417%2C121&ssl=1","contentUrl":"https:\/\/i0.wp.com\/radio.ufpa.br\/wp-content\/uploads\/2025\/12\/images-removebg-preview.png?fit=417%2C121&ssl=1","width":417,"height":121,"caption":"UNIVERSIDADE FEDERAL DO PAR\u00c1-R\u00c1DIO WEB UFPA"},"image":{"@id":"https:\/\/radio.ufpa.br\/#\/schema\/logo\/image\/"},"sameAs":["https:\/\/www.facebook.com\/radiowebufpa","https:\/\/x.com\/radiowebufpa","https:\/\/www.instagram.com\/radiowebufpa\/","https:\/\/www.youtube.com\/user\/RadioWebUFP4"]},{"@type":"Person","@id":"https:\/\/radio.ufpa.br\/#\/schema\/person\/f3f139516982741ca0831359933ac096","name":"Fabr\u00edcio Queiroz","image":{"@type":"ImageObject","inLanguage":"pt-BR","@id":"https:\/\/radio.ufpa.br\/#\/schema\/person\/image\/","url":"https:\/\/secure.gravatar.com\/avatar\/16286edb2cee888d704ce74385081b7f?s=96&d=mm&r=g","contentUrl":"https:\/\/secure.gravatar.com\/avatar\/16286edb2cee888d704ce74385081b7f?s=96&d=mm&r=g","caption":"Fabr\u00edcio Queiroz"},"description":"Editor e Jornalista respons\u00e1vel","url":"https:\/\/radio.ufpa.br\/index.php\/author\/fabricio\/"}]}},"jetpack_publicize_connections":[],"jetpack_featured_media_url":"https:\/\/i0.wp.com\/radio.ufpa.br\/wp-content\/uploads\/2018\/03\/Acessibilidade%20Site.png?fit=2213%2C1854&ssl=1","jetpack_shortlink":"https:\/\/wp.me\/p8TJeA-148","jetpack_likes_enabled":true,"jetpack-related-posts":[],"jetpack_sharing_enabled":true,"_links":{"self":[{"href":"https:\/\/radio.ufpa.br\/index.php\/wp-json\/wp\/v2\/posts\/4100","targetHints":{"allow":["GET"]}}],"collection":[{"href":"https:\/\/radio.ufpa.br\/index.php\/wp-json\/wp\/v2\/posts"}],"about":[{"href":"https:\/\/radio.ufpa.br\/index.php\/wp-json\/wp\/v2\/types\/post"}],"author":[{"embeddable":true,"href":"https:\/\/radio.ufpa.br\/index.php\/wp-json\/wp\/v2\/users\/2"}],"replies":[{"embeddable":true,"href":"https:\/\/radio.ufpa.br\/index.php\/wp-json\/wp\/v2\/comments?post=4100"}],"version-history":[{"count":6,"href":"https:\/\/radio.ufpa.br\/index.php\/wp-json\/wp\/v2\/posts\/4100\/revisions"}],"predecessor-version":[{"id":4114,"href":"https:\/\/radio.ufpa.br\/index.php\/wp-json\/wp\/v2\/posts\/4100\/revisions\/4114"}],"wp:featuredmedia":[{"embeddable":true,"href":"https:\/\/radio.ufpa.br\/index.php\/wp-json\/wp\/v2\/media\/4102"}],"wp:attachment":[{"href":"https:\/\/radio.ufpa.br\/index.php\/wp-json\/wp\/v2\/media?parent=4100"}],"wp:term":[{"taxonomy":"category","embeddable":true,"href":"https:\/\/radio.ufpa.br\/index.php\/wp-json\/wp\/v2\/categories?post=4100"},{"taxonomy":"post_tag","embeddable":true,"href":"https:\/\/radio.ufpa.br\/index.php\/wp-json\/wp\/v2\/tags?post=4100"}],"curies":[{"name":"wp","href":"https:\/\/api.w.org\/{rel}","templated":true}]}}