{"id":4167,"date":"2018-05-17T09:13:44","date_gmt":"2018-05-17T12:13:44","guid":{"rendered":"http:\/\/radio.ufpa.br\/?p=4167"},"modified":"2018-05-18T17:06:51","modified_gmt":"2018-05-18T20:06:51","slug":"combate-ao-abuso-e-exploracao-sexual-de-criancas-e-adolescentes","status":"publish","type":"post","link":"https:\/\/radio.ufpa.br\/index.php\/ufpa-pesquisa\/combate-ao-abuso-e-exploracao-sexual-de-criancas-e-adolescentes\/","title":{"rendered":"Combate ao abuso e a explora\u00e7\u00e3o sexual de crian\u00e7as e adolescentes"},"content":{"rendered":"<!--[if lt IE 9]><script>document.createElement('audio');<\/script><![endif]-->\n\t<div class=\"wp-playlist wp-audio-playlist wp-playlist-light\">\n\t\t\t<div class=\"wp-playlist-current-item\"><\/div>\n\t\t<audio controls=\"controls\" preload=\"none\" width=\"1178\"\n\t\t\t><\/audio>\n\t<div class=\"wp-playlist-next\"><\/div>\n\t<div class=\"wp-playlist-prev\"><\/div>\n\t<noscript>\n\t<ol>\n\t\t<li><a href='https:\/\/radio.ufpa.br\/wp-content\/uploads\/2018\/03\/UFPA%20PESQUISA%20-%20ABUSO%20CRIAN\u00c7AS%20E%20ADOLESCENTES%20-%2017.05.18.mp3'>UFPA Pesquisa - Combate ao abuso e explora\u00e7\u00e3o sexual de crian\u00e7as e adolescentes<\/a><\/li>\t<\/ol>\n\t<\/noscript>\n\t<script type=\"application\/json\" class=\"wp-playlist-script\">{\"type\":\"audio\",\"tracklist\":true,\"tracknumbers\":true,\"images\":true,\"artists\":true,\"tracks\":[{\"src\":\"https:\\\/\\\/radio.ufpa.br\\\/wp-content\\\/uploads\\\/2018\\\/03\\\/UFPA PESQUISA - ABUSO CRIAN\\u00c7AS E ADOLESCENTES - 17.05.18.mp3\",\"type\":\"audio\\\/mpeg\",\"title\":\"UFPA Pesquisa - Combate ao abuso e explora\\u00e7\\u00e3o sexual de crian\\u00e7as e adolescentes\",\"caption\":\"\",\"description\":\"\\\"UFPA PESQUISA - ABUSO CRIAN\\u00c7AS E ADOLESCENTES - 17.05.18\\\". Genre: Other.\",\"meta\":{\"artist\":\"R\\u00e1dio Web UFPA\",\"album\":\"UFPA Pesquisa\",\"genre\":\"Other\",\"length_formatted\":\"56:22\"},\"image\":{\"src\":\"https:\\\/\\\/radio.ufpa.br\\\/wp-includes\\\/images\\\/media\\\/audio.svg\",\"width\":48,\"height\":64},\"thumb\":{\"src\":\"https:\\\/\\\/radio.ufpa.br\\\/wp-includes\\\/images\\\/media\\\/audio.svg\",\"width\":48,\"height\":64}}]}<\/script>\n<\/div>\n\t\n<p>Em maio de 1973, uma menina de 8 anos de idade foi raptada, drogada, estuprada, morta e carbonizada por jovens de classe m\u00e9dia alta, na cidade de Vit\u00f3ria (ES). O caso que ficou conhecido como Araceli, o nome da crian\u00e7a, chocou o Pa\u00eds, mas at\u00e9 hoje n\u00e3o foi devidamente esclarecido e nem punido. Mas a data do desaparecimento de Araceli Crespo, 18 de maio, agora \u00e9 sin\u00f4nimo de luta e de combate a um grave problema no Brasil: o abuso e a explora\u00e7\u00e3o sexual de crian\u00e7as e adolescentes.<\/p>\n<p>De acordo com dados do Governo Federal, divulgados em 2017, somente nos anos de 2015 e 2016, 37 mil casos de den\u00fancias de viol\u00eancia sexual na faixa et\u00e1ria de 0 a 18 anos foram recebidos pelo Disque 100. Apenas em 2016, foram 17,5 mil casos, 72% referentes aos crimes de abuso sexual e 20% sobre explora\u00e7\u00e3o sexual. As outras liga\u00e7\u00f5es estavam relacionadas a outras viol\u00eancias como o estupro, por exemplo.<\/p>\n<p>No Par\u00e1, a Funda\u00e7\u00e3o Pro Paz, \u00f3rg\u00e3o que presta assist\u00eancia \u00e0s v\u00edtimas de viol\u00eancia no Estado, registrou de novembro de 2004 a dezembro de 2016, 15.618 atendimentos de crian\u00e7as e adolescentes. Deste total, 1.682 casos somente em 2016. As estat\u00edsticas ainda mostram que o estupro de vulner\u00e1vel lidera as ocorr\u00eancias com 38,4%, seguido de suspeita de estupro, com 23,9% dos casos, e viol\u00eancia f\u00edsica, 19,3%.<\/p>\n<p>Em todo o Brasil, 67,7% das crian\u00e7as e jovens que sofrem abuso e explora\u00e7\u00e3o sexuais s\u00e3o meninas. Os meninos representam 16,52% das v\u00edtimas. Os dados tamb\u00e9m aponta homens (62,5%) e adultos de 18 a 40 anos (42%) como os principais autores dos casos denunciados. Os n\u00fameros revelam a import\u00e2ncia de uma rede especializada n\u00e3o s\u00f3 para o atendimento das v\u00edtimas, mas, principalmente, para o enfrentamento e preven\u00e7\u00e3o dos crimes que deixam traumas irrevers\u00edveis na vida de crian\u00e7as e adolescentes que sofrem abuso ou explora\u00e7\u00e3o sexual.<\/p>\n<p>Para entender melhor o tema e a ajudar a contribuir no combate a essa realidade, n\u00e3o perca esta edi\u00e7\u00e3o do UFPA Pesquisa. Participam do programa: a professora Milene Xavier Veloso, da Faculdade de Psicologia da UFPA e coordenadora do projeto de pesquisa \u201cViol\u00eancia contra crian\u00e7as e adolescentes: indicadores e estrat\u00e9gias de enfrentamento\u201d; e, ainda, Fernando Augusto Costa, graduado em Geografia e Turismo e Conselheiro Tutelar, no munic\u00edpio de Ananindeua, Regi\u00e3o Metropolitana de Bel\u00e9m.<\/p>\n<p>Apresenta\u00e7\u00e3o: Fabr\u00edcio Queiroz<br \/>\nProdu\u00e7\u00e3o e roteiro: Roberta Pureza<br \/>\nGrava\u00e7\u00e3o e montagem: Jo\u00e3o Nilo Ferreira<br \/>\nSupervis\u00e3o e edi\u00e7\u00e3o: Elissandra Batista e Fabr\u00edcio Queiroz.<\/p>\n<p>O UFPA Pesquisa vai ao ar toda quinta-feira, \u00e0s 10h, com reprises \u00e0s 21h, e tamb\u00e9m \u00e0s sextas, \u00e0s 15h, e aos domingos, \u00e0s 10h.<\/p>\n","protected":false},"excerpt":{"rendered":"<p> &#8230; <a title=\"Combate ao abuso e a explora\u00e7\u00e3o sexual de crian\u00e7as e adolescentes\" class=\"read-more\" href=\"https:\/\/radio.ufpa.br\/index.php\/ufpa-pesquisa\/combate-ao-abuso-e-exploracao-sexual-de-criancas-e-adolescentes\/\" aria-label=\"Read more about Combate ao abuso e a explora\u00e7\u00e3o sexual de crian\u00e7as e adolescentes\">Ler mais<\/a><\/p>\n","protected":false},"author":6,"featured_media":4176,"comment_status":"open","ping_status":"open","sticky":false,"template":"","format":"standard","meta":{"_acf_changed":false,"_exactmetrics_skip_tracking":false,"_exactmetrics_sitenote_active":false,"_exactmetrics_sitenote_note":"","_exactmetrics_sitenote_category":0,"_monsterinsights_skip_tracking":false,"_monsterinsights_sitenote_active":false,"_monsterinsights_sitenote_note":"","_monsterinsights_sitenote_category":0,"_uf_show_specific_survey":0,"_uf_disable_surveys":false,"jetpack_post_was_ever_published":false,"_jetpack_newsletter_access":"","_jetpack_dont_email_post_to_subs":false,"_jetpack_newsletter_tier_id":0,"_jetpack_memberships_contains_paywalled_content":false,"_jetpack_memberships_contains_paid_content":false,"footnotes":"","jetpack_publicize_message":"","jetpack_publicize_feature_enabled":true,"jetpack_social_post_already_shared":true,"jetpack_social_options":{"image_generator_settings":{"template":"highway","enabled":false},"version":2}},"categories":[329],"tags":[],"class_list":["post-4167","post","type-post","status-publish","format-standard","has-post-thumbnail","hentry","category-ufpa-pesquisa"],"acf":[],"yoast_head":"<!-- This site is optimized with the Yoast SEO plugin v25.1 - https:\/\/yoast.com\/wordpress\/plugins\/seo\/ -->\n<title>Combate ao abuso e a explora\u00e7\u00e3o sexual de crian\u00e7as e adolescentes - Radio Web UFPA<\/title>\n<meta name=\"robots\" content=\"index, follow, max-snippet:-1, max-image-preview:large, max-video-preview:-1\" \/>\n<link rel=\"canonical\" href=\"https:\/\/radio.ufpa.br\/index.php\/ufpa-pesquisa\/combate-ao-abuso-e-exploracao-sexual-de-criancas-e-adolescentes\/\" \/>\n<meta property=\"og:locale\" content=\"pt_BR\" \/>\n<meta property=\"og:type\" content=\"article\" \/>\n<meta property=\"og:title\" content=\"Combate ao abuso e a explora\u00e7\u00e3o sexual de crian\u00e7as e adolescentes - Radio Web UFPA\" \/>\n<meta property=\"og:description\" content=\"... Ler mais\" \/>\n<meta property=\"og:url\" content=\"https:\/\/radio.ufpa.br\/index.php\/ufpa-pesquisa\/combate-ao-abuso-e-exploracao-sexual-de-criancas-e-adolescentes\/\" \/>\n<meta property=\"og:site_name\" content=\"Radio Web UFPA\" \/>\n<meta property=\"article:publisher\" content=\"https:\/\/www.facebook.com\/radiowebufpa\" \/>\n<meta property=\"article:published_time\" content=\"2018-05-17T12:13:44+00:00\" \/>\n<meta property=\"article:modified_time\" content=\"2018-05-18T20:06:51+00:00\" \/>\n<meta property=\"og:image\" content=\"https:\/\/i0.wp.com\/radio.ufpa.br\/wp-content\/uploads\/2018\/03\/Explora\u00e7\u00e3o.jpg?fit=615%2C384&ssl=1\" \/>\n\t<meta property=\"og:image:width\" content=\"615\" \/>\n\t<meta property=\"og:image:height\" content=\"384\" \/>\n\t<meta property=\"og:image:type\" content=\"image\/jpeg\" \/>\n<meta name=\"author\" content=\"Elissandra Batista\" \/>\n<meta name=\"twitter:card\" content=\"summary_large_image\" \/>\n<meta name=\"twitter:creator\" content=\"@radiowebufpa\" \/>\n<meta name=\"twitter:site\" content=\"@radiowebufpa\" \/>\n<meta name=\"twitter:label1\" content=\"Escrito por\" \/>\n\t<meta name=\"twitter:data1\" content=\"Elissandra Batista\" \/>\n\t<meta name=\"twitter:label2\" content=\"Est. tempo de leitura\" \/>\n\t<meta name=\"twitter:data2\" content=\"2 minutos\" \/>\n<script type=\"application\/ld+json\" class=\"yoast-schema-graph\">{\"@context\":\"https:\/\/schema.org\",\"@graph\":[{\"@type\":\"Article\",\"@id\":\"https:\/\/radio.ufpa.br\/index.php\/ufpa-pesquisa\/combate-ao-abuso-e-exploracao-sexual-de-criancas-e-adolescentes\/#article\",\"isPartOf\":{\"@id\":\"https:\/\/radio.ufpa.br\/index.php\/ufpa-pesquisa\/combate-ao-abuso-e-exploracao-sexual-de-criancas-e-adolescentes\/\"},\"author\":{\"name\":\"Elissandra Batista\",\"@id\":\"https:\/\/radio.ufpa.br\/#\/schema\/person\/51774ebb30a3903e2bf07acf94e8fea6\"},\"headline\":\"Combate ao abuso e a explora\u00e7\u00e3o sexual de crian\u00e7as e adolescentes\",\"datePublished\":\"2018-05-17T12:13:44+00:00\",\"dateModified\":\"2018-05-18T20:06:51+00:00\",\"mainEntityOfPage\":{\"@id\":\"https:\/\/radio.ufpa.br\/index.php\/ufpa-pesquisa\/combate-ao-abuso-e-exploracao-sexual-de-criancas-e-adolescentes\/\"},\"wordCount\":469,\"commentCount\":0,\"publisher\":{\"@id\":\"https:\/\/radio.ufpa.br\/#organization\"},\"image\":{\"@id\":\"https:\/\/radio.ufpa.br\/index.php\/ufpa-pesquisa\/combate-ao-abuso-e-exploracao-sexual-de-criancas-e-adolescentes\/#primaryimage\"},\"thumbnailUrl\":\"https:\/\/i0.wp.com\/radio.ufpa.br\/wp-content\/uploads\/2018\/03\/Explora%C3%A7%C3%A3o.jpg?fit=615%2C384&ssl=1\",\"articleSection\":[\"UFPA Pesquisa\"],\"inLanguage\":\"pt-BR\",\"potentialAction\":[{\"@type\":\"CommentAction\",\"name\":\"Comment\",\"target\":[\"https:\/\/radio.ufpa.br\/index.php\/ufpa-pesquisa\/combate-ao-abuso-e-exploracao-sexual-de-criancas-e-adolescentes\/#respond\"]}]},{\"@type\":\"WebPage\",\"@id\":\"https:\/\/radio.ufpa.br\/index.php\/ufpa-pesquisa\/combate-ao-abuso-e-exploracao-sexual-de-criancas-e-adolescentes\/\",\"url\":\"https:\/\/radio.ufpa.br\/index.php\/ufpa-pesquisa\/combate-ao-abuso-e-exploracao-sexual-de-criancas-e-adolescentes\/\",\"name\":\"Combate ao abuso e a explora\u00e7\u00e3o sexual de crian\u00e7as e adolescentes - Radio Web UFPA\",\"isPartOf\":{\"@id\":\"https:\/\/radio.ufpa.br\/#website\"},\"primaryImageOfPage\":{\"@id\":\"https:\/\/radio.ufpa.br\/index.php\/ufpa-pesquisa\/combate-ao-abuso-e-exploracao-sexual-de-criancas-e-adolescentes\/#primaryimage\"},\"image\":{\"@id\":\"https:\/\/radio.ufpa.br\/index.php\/ufpa-pesquisa\/combate-ao-abuso-e-exploracao-sexual-de-criancas-e-adolescentes\/#primaryimage\"},\"thumbnailUrl\":\"https:\/\/i0.wp.com\/radio.ufpa.br\/wp-content\/uploads\/2018\/03\/Explora%C3%A7%C3%A3o.jpg?fit=615%2C384&ssl=1\",\"datePublished\":\"2018-05-17T12:13:44+00:00\",\"dateModified\":\"2018-05-18T20:06:51+00:00\",\"breadcrumb\":{\"@id\":\"https:\/\/radio.ufpa.br\/index.php\/ufpa-pesquisa\/combate-ao-abuso-e-exploracao-sexual-de-criancas-e-adolescentes\/#breadcrumb\"},\"inLanguage\":\"pt-BR\",\"potentialAction\":[{\"@type\":\"ReadAction\",\"target\":[\"https:\/\/radio.ufpa.br\/index.php\/ufpa-pesquisa\/combate-ao-abuso-e-exploracao-sexual-de-criancas-e-adolescentes\/\"]}]},{\"@type\":\"ImageObject\",\"inLanguage\":\"pt-BR\",\"@id\":\"https:\/\/radio.ufpa.br\/index.php\/ufpa-pesquisa\/combate-ao-abuso-e-exploracao-sexual-de-criancas-e-adolescentes\/#primaryimage\",\"url\":\"https:\/\/i0.wp.com\/radio.ufpa.br\/wp-content\/uploads\/2018\/03\/Explora%C3%A7%C3%A3o.jpg?fit=615%2C384&ssl=1\",\"contentUrl\":\"https:\/\/i0.wp.com\/radio.ufpa.br\/wp-content\/uploads\/2018\/03\/Explora%C3%A7%C3%A3o.jpg?fit=615%2C384&ssl=1\",\"width\":615,\"height\":384},{\"@type\":\"BreadcrumbList\",\"@id\":\"https:\/\/radio.ufpa.br\/index.php\/ufpa-pesquisa\/combate-ao-abuso-e-exploracao-sexual-de-criancas-e-adolescentes\/#breadcrumb\",\"itemListElement\":[{\"@type\":\"ListItem\",\"position\":1,\"name\":\"In\u00edcio\",\"item\":\"https:\/\/radio.ufpa.br\/\"},{\"@type\":\"ListItem\",\"position\":2,\"name\":\"Combate ao abuso e a explora\u00e7\u00e3o sexual de crian\u00e7as e adolescentes\"}]},{\"@type\":\"WebSite\",\"@id\":\"https:\/\/radio.ufpa.br\/#website\",\"url\":\"https:\/\/radio.ufpa.br\/\",\"name\":\"Radio Web UFPA\",\"description\":\"Divulgando o conhecimento\",\"publisher\":{\"@id\":\"https:\/\/radio.ufpa.br\/#organization\"},\"potentialAction\":[{\"@type\":\"SearchAction\",\"target\":{\"@type\":\"EntryPoint\",\"urlTemplate\":\"https:\/\/radio.ufpa.br\/?s={search_term_string}\"},\"query-input\":{\"@type\":\"PropertyValueSpecification\",\"valueRequired\":true,\"valueName\":\"search_term_string\"}}],\"inLanguage\":\"pt-BR\"},{\"@type\":\"Organization\",\"@id\":\"https:\/\/radio.ufpa.br\/#organization\",\"name\":\"UNIVERSIDADE FEDERAL DO PAR\u00c1-R\u00c1DIO WEB UFPA\",\"url\":\"https:\/\/radio.ufpa.br\/\",\"logo\":{\"@type\":\"ImageObject\",\"inLanguage\":\"pt-BR\",\"@id\":\"https:\/\/radio.ufpa.br\/#\/schema\/logo\/image\/\",\"url\":\"https:\/\/i0.wp.com\/radio.ufpa.br\/wp-content\/uploads\/2025\/12\/images-removebg-preview.png?fit=417%2C121&ssl=1\",\"contentUrl\":\"https:\/\/i0.wp.com\/radio.ufpa.br\/wp-content\/uploads\/2025\/12\/images-removebg-preview.png?fit=417%2C121&ssl=1\",\"width\":417,\"height\":121,\"caption\":\"UNIVERSIDADE FEDERAL DO PAR\u00c1-R\u00c1DIO WEB UFPA\"},\"image\":{\"@id\":\"https:\/\/radio.ufpa.br\/#\/schema\/logo\/image\/\"},\"sameAs\":[\"https:\/\/www.facebook.com\/radiowebufpa\",\"https:\/\/x.com\/radiowebufpa\",\"https:\/\/www.instagram.com\/radiowebufpa\/\",\"https:\/\/www.youtube.com\/user\/RadioWebUFP4\"]},{\"@type\":\"Person\",\"@id\":\"https:\/\/radio.ufpa.br\/#\/schema\/person\/51774ebb30a3903e2bf07acf94e8fea6\",\"name\":\"Elissandra Batista\",\"image\":{\"@type\":\"ImageObject\",\"inLanguage\":\"pt-BR\",\"@id\":\"https:\/\/radio.ufpa.br\/#\/schema\/person\/image\/\",\"url\":\"https:\/\/secure.gravatar.com\/avatar\/b779d46516fe39b809059134270ec707?s=96&d=mm&r=g\",\"contentUrl\":\"https:\/\/secure.gravatar.com\/avatar\/b779d46516fe39b809059134270ec707?s=96&d=mm&r=g\",\"caption\":\"Elissandra Batista\"},\"url\":\"https:\/\/radio.ufpa.br\/index.php\/author\/elissandra\/\"}]}<\/script>\n<!-- \/ Yoast SEO plugin. -->","yoast_head_json":{"title":"Combate ao abuso e a explora\u00e7\u00e3o sexual de crian\u00e7as e adolescentes - Radio Web UFPA","robots":{"index":"index","follow":"follow","max-snippet":"max-snippet:-1","max-image-preview":"max-image-preview:large","max-video-preview":"max-video-preview:-1"},"canonical":"https:\/\/radio.ufpa.br\/index.php\/ufpa-pesquisa\/combate-ao-abuso-e-exploracao-sexual-de-criancas-e-adolescentes\/","og_locale":"pt_BR","og_type":"article","og_title":"Combate ao abuso e a explora\u00e7\u00e3o sexual de crian\u00e7as e adolescentes - Radio Web UFPA","og_description":"... Ler mais","og_url":"https:\/\/radio.ufpa.br\/index.php\/ufpa-pesquisa\/combate-ao-abuso-e-exploracao-sexual-de-criancas-e-adolescentes\/","og_site_name":"Radio Web UFPA","article_publisher":"https:\/\/www.facebook.com\/radiowebufpa","article_published_time":"2018-05-17T12:13:44+00:00","article_modified_time":"2018-05-18T20:06:51+00:00","og_image":[{"width":615,"height":384,"url":"https:\/\/i0.wp.com\/radio.ufpa.br\/wp-content\/uploads\/2018\/03\/Explora\u00e7\u00e3o.jpg?fit=615%2C384&ssl=1","type":"image\/jpeg"}],"author":"Elissandra Batista","twitter_card":"summary_large_image","twitter_creator":"@radiowebufpa","twitter_site":"@radiowebufpa","twitter_misc":{"Escrito por":"Elissandra Batista","Est. tempo de leitura":"2 minutos"},"schema":{"@context":"https:\/\/schema.org","@graph":[{"@type":"Article","@id":"https:\/\/radio.ufpa.br\/index.php\/ufpa-pesquisa\/combate-ao-abuso-e-exploracao-sexual-de-criancas-e-adolescentes\/#article","isPartOf":{"@id":"https:\/\/radio.ufpa.br\/index.php\/ufpa-pesquisa\/combate-ao-abuso-e-exploracao-sexual-de-criancas-e-adolescentes\/"},"author":{"name":"Elissandra Batista","@id":"https:\/\/radio.ufpa.br\/#\/schema\/person\/51774ebb30a3903e2bf07acf94e8fea6"},"headline":"Combate ao abuso e a explora\u00e7\u00e3o sexual de crian\u00e7as e adolescentes","datePublished":"2018-05-17T12:13:44+00:00","dateModified":"2018-05-18T20:06:51+00:00","mainEntityOfPage":{"@id":"https:\/\/radio.ufpa.br\/index.php\/ufpa-pesquisa\/combate-ao-abuso-e-exploracao-sexual-de-criancas-e-adolescentes\/"},"wordCount":469,"commentCount":0,"publisher":{"@id":"https:\/\/radio.ufpa.br\/#organization"},"image":{"@id":"https:\/\/radio.ufpa.br\/index.php\/ufpa-pesquisa\/combate-ao-abuso-e-exploracao-sexual-de-criancas-e-adolescentes\/#primaryimage"},"thumbnailUrl":"https:\/\/i0.wp.com\/radio.ufpa.br\/wp-content\/uploads\/2018\/03\/Explora%C3%A7%C3%A3o.jpg?fit=615%2C384&ssl=1","articleSection":["UFPA Pesquisa"],"inLanguage":"pt-BR","potentialAction":[{"@type":"CommentAction","name":"Comment","target":["https:\/\/radio.ufpa.br\/index.php\/ufpa-pesquisa\/combate-ao-abuso-e-exploracao-sexual-de-criancas-e-adolescentes\/#respond"]}]},{"@type":"WebPage","@id":"https:\/\/radio.ufpa.br\/index.php\/ufpa-pesquisa\/combate-ao-abuso-e-exploracao-sexual-de-criancas-e-adolescentes\/","url":"https:\/\/radio.ufpa.br\/index.php\/ufpa-pesquisa\/combate-ao-abuso-e-exploracao-sexual-de-criancas-e-adolescentes\/","name":"Combate ao abuso e a explora\u00e7\u00e3o sexual de crian\u00e7as e adolescentes - Radio Web UFPA","isPartOf":{"@id":"https:\/\/radio.ufpa.br\/#website"},"primaryImageOfPage":{"@id":"https:\/\/radio.ufpa.br\/index.php\/ufpa-pesquisa\/combate-ao-abuso-e-exploracao-sexual-de-criancas-e-adolescentes\/#primaryimage"},"image":{"@id":"https:\/\/radio.ufpa.br\/index.php\/ufpa-pesquisa\/combate-ao-abuso-e-exploracao-sexual-de-criancas-e-adolescentes\/#primaryimage"},"thumbnailUrl":"https:\/\/i0.wp.com\/radio.ufpa.br\/wp-content\/uploads\/2018\/03\/Explora%C3%A7%C3%A3o.jpg?fit=615%2C384&ssl=1","datePublished":"2018-05-17T12:13:44+00:00","dateModified":"2018-05-18T20:06:51+00:00","breadcrumb":{"@id":"https:\/\/radio.ufpa.br\/index.php\/ufpa-pesquisa\/combate-ao-abuso-e-exploracao-sexual-de-criancas-e-adolescentes\/#breadcrumb"},"inLanguage":"pt-BR","potentialAction":[{"@type":"ReadAction","target":["https:\/\/radio.ufpa.br\/index.php\/ufpa-pesquisa\/combate-ao-abuso-e-exploracao-sexual-de-criancas-e-adolescentes\/"]}]},{"@type":"ImageObject","inLanguage":"pt-BR","@id":"https:\/\/radio.ufpa.br\/index.php\/ufpa-pesquisa\/combate-ao-abuso-e-exploracao-sexual-de-criancas-e-adolescentes\/#primaryimage","url":"https:\/\/i0.wp.com\/radio.ufpa.br\/wp-content\/uploads\/2018\/03\/Explora%C3%A7%C3%A3o.jpg?fit=615%2C384&ssl=1","contentUrl":"https:\/\/i0.wp.com\/radio.ufpa.br\/wp-content\/uploads\/2018\/03\/Explora%C3%A7%C3%A3o.jpg?fit=615%2C384&ssl=1","width":615,"height":384},{"@type":"BreadcrumbList","@id":"https:\/\/radio.ufpa.br\/index.php\/ufpa-pesquisa\/combate-ao-abuso-e-exploracao-sexual-de-criancas-e-adolescentes\/#breadcrumb","itemListElement":[{"@type":"ListItem","position":1,"name":"In\u00edcio","item":"https:\/\/radio.ufpa.br\/"},{"@type":"ListItem","position":2,"name":"Combate ao abuso e a explora\u00e7\u00e3o sexual de crian\u00e7as e adolescentes"}]},{"@type":"WebSite","@id":"https:\/\/radio.ufpa.br\/#website","url":"https:\/\/radio.ufpa.br\/","name":"Radio Web UFPA","description":"Divulgando o conhecimento","publisher":{"@id":"https:\/\/radio.ufpa.br\/#organization"},"potentialAction":[{"@type":"SearchAction","target":{"@type":"EntryPoint","urlTemplate":"https:\/\/radio.ufpa.br\/?s={search_term_string}"},"query-input":{"@type":"PropertyValueSpecification","valueRequired":true,"valueName":"search_term_string"}}],"inLanguage":"pt-BR"},{"@type":"Organization","@id":"https:\/\/radio.ufpa.br\/#organization","name":"UNIVERSIDADE FEDERAL DO PAR\u00c1-R\u00c1DIO WEB UFPA","url":"https:\/\/radio.ufpa.br\/","logo":{"@type":"ImageObject","inLanguage":"pt-BR","@id":"https:\/\/radio.ufpa.br\/#\/schema\/logo\/image\/","url":"https:\/\/i0.wp.com\/radio.ufpa.br\/wp-content\/uploads\/2025\/12\/images-removebg-preview.png?fit=417%2C121&ssl=1","contentUrl":"https:\/\/i0.wp.com\/radio.ufpa.br\/wp-content\/uploads\/2025\/12\/images-removebg-preview.png?fit=417%2C121&ssl=1","width":417,"height":121,"caption":"UNIVERSIDADE FEDERAL DO PAR\u00c1-R\u00c1DIO WEB UFPA"},"image":{"@id":"https:\/\/radio.ufpa.br\/#\/schema\/logo\/image\/"},"sameAs":["https:\/\/www.facebook.com\/radiowebufpa","https:\/\/x.com\/radiowebufpa","https:\/\/www.instagram.com\/radiowebufpa\/","https:\/\/www.youtube.com\/user\/RadioWebUFP4"]},{"@type":"Person","@id":"https:\/\/radio.ufpa.br\/#\/schema\/person\/51774ebb30a3903e2bf07acf94e8fea6","name":"Elissandra Batista","image":{"@type":"ImageObject","inLanguage":"pt-BR","@id":"https:\/\/radio.ufpa.br\/#\/schema\/person\/image\/","url":"https:\/\/secure.gravatar.com\/avatar\/b779d46516fe39b809059134270ec707?s=96&d=mm&r=g","contentUrl":"https:\/\/secure.gravatar.com\/avatar\/b779d46516fe39b809059134270ec707?s=96&d=mm&r=g","caption":"Elissandra Batista"},"url":"https:\/\/radio.ufpa.br\/index.php\/author\/elissandra\/"}]}},"jetpack_publicize_connections":[],"jetpack_featured_media_url":"https:\/\/i0.wp.com\/radio.ufpa.br\/wp-content\/uploads\/2018\/03\/Explora%C3%A7%C3%A3o.jpg?fit=615%2C384&ssl=1","jetpack_shortlink":"https:\/\/wp.me\/p8TJeA-15d","jetpack_likes_enabled":true,"jetpack-related-posts":[],"jetpack_sharing_enabled":true,"_links":{"self":[{"href":"https:\/\/radio.ufpa.br\/index.php\/wp-json\/wp\/v2\/posts\/4167","targetHints":{"allow":["GET"]}}],"collection":[{"href":"https:\/\/radio.ufpa.br\/index.php\/wp-json\/wp\/v2\/posts"}],"about":[{"href":"https:\/\/radio.ufpa.br\/index.php\/wp-json\/wp\/v2\/types\/post"}],"author":[{"embeddable":true,"href":"https:\/\/radio.ufpa.br\/index.php\/wp-json\/wp\/v2\/users\/6"}],"replies":[{"embeddable":true,"href":"https:\/\/radio.ufpa.br\/index.php\/wp-json\/wp\/v2\/comments?post=4167"}],"version-history":[{"count":10,"href":"https:\/\/radio.ufpa.br\/index.php\/wp-json\/wp\/v2\/posts\/4167\/revisions"}],"predecessor-version":[{"id":4193,"href":"https:\/\/radio.ufpa.br\/index.php\/wp-json\/wp\/v2\/posts\/4167\/revisions\/4193"}],"wp:featuredmedia":[{"embeddable":true,"href":"https:\/\/radio.ufpa.br\/index.php\/wp-json\/wp\/v2\/media\/4176"}],"wp:attachment":[{"href":"https:\/\/radio.ufpa.br\/index.php\/wp-json\/wp\/v2\/media?parent=4167"}],"wp:term":[{"taxonomy":"category","embeddable":true,"href":"https:\/\/radio.ufpa.br\/index.php\/wp-json\/wp\/v2\/categories?post=4167"},{"taxonomy":"post_tag","embeddable":true,"href":"https:\/\/radio.ufpa.br\/index.php\/wp-json\/wp\/v2\/tags?post=4167"}],"curies":[{"name":"wp","href":"https:\/\/api.w.org\/{rel}","templated":true}]}}