{"id":4238,"date":"2018-05-25T07:00:48","date_gmt":"2018-05-25T10:00:48","guid":{"rendered":"http:\/\/radio.ufpa.br\/?p=4238"},"modified":"2018-05-25T14:09:57","modified_gmt":"2018-05-25T17:09:57","slug":"laboratorio-de-desenvolvimento-de-ideias","status":"publish","type":"post","link":"https:\/\/radio.ufpa.br\/index.php\/ufpa-comunidade\/laboratorio-de-desenvolvimento-de-ideias\/","title":{"rendered":"Laborat\u00f3rio de Desenvolvimento de Ideias"},"content":{"rendered":"<!--[if lt IE 9]><script>document.createElement('audio');<\/script><![endif]-->\n\t<div class=\"wp-playlist wp-audio-playlist wp-playlist-light\">\n\t\t\t<div class=\"wp-playlist-current-item\"><\/div>\n\t\t<audio controls=\"controls\" preload=\"none\" width=\"1178\"\n\t\t\t><\/audio>\n\t<div class=\"wp-playlist-next\"><\/div>\n\t<div class=\"wp-playlist-prev\"><\/div>\n\t<noscript>\n\t<ol>\n\t\t<li><a href='https:\/\/radio.ufpa.br\/wp-content\/uploads\/2018\/03\/UFPA%20COMUNIDADE%20-%20LABORATORIO%20DE%20DESENVOLVIMENTO%20DE%20IDEIAS%20-%2025.05.18.mp3'>UFPA Comunidade - Laborat\u00f3rio de Desenvolvimento de Ideias<\/a><\/li>\t<\/ol>\n\t<\/noscript>\n\t<script type=\"application\/json\" class=\"wp-playlist-script\">{\"type\":\"audio\",\"tracklist\":true,\"tracknumbers\":true,\"images\":true,\"artists\":true,\"tracks\":[{\"src\":\"https:\\\/\\\/radio.ufpa.br\\\/wp-content\\\/uploads\\\/2018\\\/03\\\/UFPA COMUNIDADE - LABORATORIO DE DESENVOLVIMENTO DE IDEIAS - 25.05.18.mp3\",\"type\":\"audio\\\/mpeg\",\"title\":\"UFPA Comunidade - Laborat\\u00f3rio de Desenvolvimento de Ideias\",\"caption\":\"\",\"description\":\"\\\"UFPA COMUNIDADE - LABORATORIO DE DESENVOLVIMENTO DE IDEIAS - 25.05.18\\\". Genre: Other.\",\"meta\":{\"artist\":\"R\\u00e1dio Web UFPA\",\"album\":\"UFPA Comunidade\",\"genre\":\"Other\",\"length_formatted\":\"43:54\"},\"image\":{\"src\":\"https:\\\/\\\/radio.ufpa.br\\\/wp-includes\\\/images\\\/media\\\/audio.svg\",\"width\":48,\"height\":64},\"thumb\":{\"src\":\"https:\\\/\\\/radio.ufpa.br\\\/wp-includes\\\/images\\\/media\\\/audio.svg\",\"width\":48,\"height\":64}}]}<\/script>\n<\/div>\n\t\n<p>O <strong>Laborat\u00f3rio de Desenvolvimento de Ideias<\/strong>, do Instituto de Tecnologia (ITEC) \u00e9 o tema desta edi\u00e7\u00e3o do UFPA Comunidade que recebe a professora Jasmine Ara\u00fajo e os estudantes Deize Maximiano e Kaique da Silva.<\/p>\n<p>No mundo contempor\u00e2neo, o conhecimento de inform\u00e1tica e do funcionamento das redes de computadores \u00e9 essencial. Entretanto, muitas escolas n\u00e3o oferecem uma aprendizagem b\u00e1sica sobre o tema, sem estimular a criatividade e a aplica\u00e7\u00e3o desses conhecimentos. Para superar esse desafio, o <strong>Laborat\u00f3rio de Desenvolvimento de Ideias<\/strong> criou o <strong>Projeto de Redes Conectar<\/strong>.<\/p>\n<p>Com o objetivo de capacitar estudantes e incentivar a inova\u00e7\u00e3o, o projeto surgiu em 2017 como uma iniciativa de extens\u00e3o de alunos dos cursos de Engenharia de Telecomunica\u00e7\u00f5es e Engenharia da Computa\u00e7\u00e3o. Seu p\u00fablico alvo s\u00e3o os alunos do primeiro e segundo ano do ensino m\u00e9dio da Escola de Aplica\u00e7\u00e3o da UFPA (EAUFPA).<\/p>\n<p>Os universit\u00e1rios atuam ministrando aulas te\u00f3ricas e pr\u00e1ticas aos estudantes da EAUFPA matriculados no curso t\u00e9cnico em multimeios, que tem pelo projeto uma forma de acesso a atividades extracurriculares, al\u00e9m de um ambiente que favorece as rela\u00e7\u00f5es interpessoais e o desenvolvimento humano.<\/p>\n<p>\u201cO Projeto surgiu de uma necessidade, tanto da Escola de Aplica\u00e7\u00e3o quanto da Universidade e dos alunos extensionistas. Ele foi um projeto muito bem aceito porque foi elaborado dentro de v\u00e1rias necessidades que a gente vinha vendo no Brasil todo\u201d, declarou Deize Maximiano. Segundo ela, as metodologias de Paulo Freire s\u00e3o utilizadas como refer\u00eancia para a elabora\u00e7\u00e3o dos trabalhos, juntamente com o exemplo de outros trabalhos fora do Brasil, como em Cingapura e na Cor\u00e9ia do Sul.<\/p>\n<p>Com a boa aceita\u00e7\u00e3o e os resultados alcan\u00e7ados pelo <strong>Conectar<\/strong> ao longo do \u00faltimo ano, o Laborat\u00f3rio de Desenvolvimento de Ideias j\u00e1 prepara a oferta de um novo projeto, O <strong>Encode<\/strong> deve come\u00e7ar suas atividades ainda em 2018 e vai atuar na \u00e1rea de programa\u00e7\u00e3o e desenvolvimento web.<\/p>\n<p>Para conhecer mais sobre as a\u00e7\u00f5es do <strong>Laborat\u00f3rio de Desenvolvimento de Ideias<\/strong>, os impactos de suas atividades na escola e entre os graduandos da \u00e1rea tecnol\u00f3gica n\u00e3o perca o UFPA Comunidade!<\/p>\n<p>Apresenta\u00e7\u00e3o: Fabr\u00edcio Queiroz<br \/>\nProdu\u00e7\u00e3o e roteiro: Bruna Rocha<br \/>\nGrava\u00e7\u00e3o e montagem: Jo\u00e3o Nilo Ferreira e Genard Silva<br \/>\nSupervis\u00e3o e edi\u00e7\u00e3o: Elissandra Batista e Fabr\u00edcio Queiroz<\/p>\n<p>O UFPA Comunidade vai ao ar \u00e0s sextas-feiras, \u00e0s 10h e 21h.<br \/>\nHor\u00e1rios alternativos: Domingo, \u00e0s 15h, e ter\u00e7a-feira, \u00e0s 15h.<\/p>\n","protected":false},"excerpt":{"rendered":"<p> &#8230; <a title=\"Laborat\u00f3rio de Desenvolvimento de Ideias\" class=\"read-more\" href=\"https:\/\/radio.ufpa.br\/index.php\/ufpa-comunidade\/laboratorio-de-desenvolvimento-de-ideias\/\" aria-label=\"Read more about Laborat\u00f3rio de Desenvolvimento de Ideias\">Ler mais<\/a><\/p>\n","protected":false},"author":2,"featured_media":4245,"comment_status":"open","ping_status":"open","sticky":false,"template":"","format":"standard","meta":{"_acf_changed":false,"_exactmetrics_skip_tracking":false,"_exactmetrics_sitenote_active":false,"_exactmetrics_sitenote_note":"","_exactmetrics_sitenote_category":0,"_monsterinsights_skip_tracking":false,"_monsterinsights_sitenote_active":false,"_monsterinsights_sitenote_note":"","_monsterinsights_sitenote_category":0,"_uf_show_specific_survey":0,"_uf_disable_surveys":false,"jetpack_post_was_ever_published":false,"_jetpack_newsletter_access":"","_jetpack_dont_email_post_to_subs":false,"_jetpack_newsletter_tier_id":0,"_jetpack_memberships_contains_paywalled_content":false,"_jetpack_memberships_contains_paid_content":false,"footnotes":"","jetpack_publicize_message":"","jetpack_publicize_feature_enabled":true,"jetpack_social_post_already_shared":true,"jetpack_social_options":{"image_generator_settings":{"template":"highway","enabled":false},"version":2}},"categories":[43],"tags":[],"class_list":["post-4238","post","type-post","status-publish","format-standard","has-post-thumbnail","hentry","category-ufpa-comunidade"],"acf":[],"yoast_head":"<!-- This site is optimized with the Yoast SEO plugin v25.1 - https:\/\/yoast.com\/wordpress\/plugins\/seo\/ -->\n<title>Laborat\u00f3rio de Desenvolvimento de Ideias - Radio Web UFPA<\/title>\n<meta name=\"description\" content=\"No UFPA Comunidade, conhe\u00e7a o Laborat\u00f3rio de Desenvolvimento de Ideias e os projetos Conectar e Encode, realizados por universit\u00e1rios na Escola de Aplica\u00e7\u00e3o\" \/>\n<meta name=\"robots\" content=\"index, follow, max-snippet:-1, max-image-preview:large, max-video-preview:-1\" \/>\n<link rel=\"canonical\" href=\"https:\/\/radio.ufpa.br\/index.php\/ufpa-comunidade\/laboratorio-de-desenvolvimento-de-ideias\/\" \/>\n<meta property=\"og:locale\" content=\"pt_BR\" \/>\n<meta property=\"og:type\" content=\"article\" \/>\n<meta property=\"og:title\" content=\"Laborat\u00f3rio de Desenvolvimento de Ideias - Radio Web UFPA\" \/>\n<meta property=\"og:description\" content=\"No UFPA Comunidade, conhe\u00e7a o Laborat\u00f3rio de Desenvolvimento de Ideias e os projetos Conectar e Encode, realizados por universit\u00e1rios na Escola de Aplica\u00e7\u00e3o\" \/>\n<meta property=\"og:url\" content=\"https:\/\/radio.ufpa.br\/index.php\/ufpa-comunidade\/laboratorio-de-desenvolvimento-de-ideias\/\" \/>\n<meta property=\"og:site_name\" content=\"Radio Web UFPA\" \/>\n<meta property=\"article:publisher\" content=\"https:\/\/www.facebook.com\/radiowebufpa\" \/>\n<meta property=\"article:published_time\" content=\"2018-05-25T10:00:48+00:00\" \/>\n<meta property=\"article:modified_time\" content=\"2018-05-25T17:09:57+00:00\" \/>\n<meta property=\"og:image\" content=\"https:\/\/i0.wp.com\/radio.ufpa.br\/wp-content\/uploads\/2018\/03\/Conectar%20-%20Laborat\u00f3rio%20de%20Desenvolvimento%20de%20Ideias.jpg?fit=1280%2C960&ssl=1\" \/>\n\t<meta property=\"og:image:width\" content=\"1280\" \/>\n\t<meta property=\"og:image:height\" content=\"960\" \/>\n\t<meta property=\"og:image:type\" content=\"image\/jpeg\" \/>\n<meta name=\"author\" content=\"Fabr\u00edcio Queiroz\" \/>\n<meta name=\"twitter:card\" content=\"summary_large_image\" \/>\n<meta name=\"twitter:creator\" content=\"@radiowebufpa\" \/>\n<meta name=\"twitter:site\" content=\"@radiowebufpa\" \/>\n<meta name=\"twitter:label1\" content=\"Escrito por\" \/>\n\t<meta name=\"twitter:data1\" content=\"Fabr\u00edcio Queiroz\" \/>\n\t<meta name=\"twitter:label2\" content=\"Est. tempo de leitura\" \/>\n\t<meta name=\"twitter:data2\" content=\"2 minutos\" \/>\n<script type=\"application\/ld+json\" class=\"yoast-schema-graph\">{\"@context\":\"https:\/\/schema.org\",\"@graph\":[{\"@type\":\"Article\",\"@id\":\"https:\/\/radio.ufpa.br\/index.php\/ufpa-comunidade\/laboratorio-de-desenvolvimento-de-ideias\/#article\",\"isPartOf\":{\"@id\":\"https:\/\/radio.ufpa.br\/index.php\/ufpa-comunidade\/laboratorio-de-desenvolvimento-de-ideias\/\"},\"author\":{\"name\":\"Fabr\u00edcio Queiroz\",\"@id\":\"https:\/\/radio.ufpa.br\/#\/schema\/person\/f3f139516982741ca0831359933ac096\"},\"headline\":\"Laborat\u00f3rio de Desenvolvimento de Ideias\",\"datePublished\":\"2018-05-25T10:00:48+00:00\",\"dateModified\":\"2018-05-25T17:09:57+00:00\",\"mainEntityOfPage\":{\"@id\":\"https:\/\/radio.ufpa.br\/index.php\/ufpa-comunidade\/laboratorio-de-desenvolvimento-de-ideias\/\"},\"wordCount\":435,\"commentCount\":0,\"publisher\":{\"@id\":\"https:\/\/radio.ufpa.br\/#organization\"},\"image\":{\"@id\":\"https:\/\/radio.ufpa.br\/index.php\/ufpa-comunidade\/laboratorio-de-desenvolvimento-de-ideias\/#primaryimage\"},\"thumbnailUrl\":\"https:\/\/i0.wp.com\/radio.ufpa.br\/wp-content\/uploads\/2018\/03\/Conectar%20-%20Laborat%C3%B3rio%20de%20Desenvolvimento%20de%20Ideias.jpg?fit=1280%2C960&ssl=1\",\"articleSection\":[\"UFPA Comunidade\"],\"inLanguage\":\"pt-BR\",\"potentialAction\":[{\"@type\":\"CommentAction\",\"name\":\"Comment\",\"target\":[\"https:\/\/radio.ufpa.br\/index.php\/ufpa-comunidade\/laboratorio-de-desenvolvimento-de-ideias\/#respond\"]}]},{\"@type\":\"WebPage\",\"@id\":\"https:\/\/radio.ufpa.br\/index.php\/ufpa-comunidade\/laboratorio-de-desenvolvimento-de-ideias\/\",\"url\":\"https:\/\/radio.ufpa.br\/index.php\/ufpa-comunidade\/laboratorio-de-desenvolvimento-de-ideias\/\",\"name\":\"Laborat\u00f3rio de Desenvolvimento de Ideias - Radio Web UFPA\",\"isPartOf\":{\"@id\":\"https:\/\/radio.ufpa.br\/#website\"},\"primaryImageOfPage\":{\"@id\":\"https:\/\/radio.ufpa.br\/index.php\/ufpa-comunidade\/laboratorio-de-desenvolvimento-de-ideias\/#primaryimage\"},\"image\":{\"@id\":\"https:\/\/radio.ufpa.br\/index.php\/ufpa-comunidade\/laboratorio-de-desenvolvimento-de-ideias\/#primaryimage\"},\"thumbnailUrl\":\"https:\/\/i0.wp.com\/radio.ufpa.br\/wp-content\/uploads\/2018\/03\/Conectar%20-%20Laborat%C3%B3rio%20de%20Desenvolvimento%20de%20Ideias.jpg?fit=1280%2C960&ssl=1\",\"datePublished\":\"2018-05-25T10:00:48+00:00\",\"dateModified\":\"2018-05-25T17:09:57+00:00\",\"description\":\"No UFPA Comunidade, conhe\u00e7a o Laborat\u00f3rio de Desenvolvimento de Ideias e os projetos Conectar e Encode, realizados por universit\u00e1rios na Escola de Aplica\u00e7\u00e3o\",\"breadcrumb\":{\"@id\":\"https:\/\/radio.ufpa.br\/index.php\/ufpa-comunidade\/laboratorio-de-desenvolvimento-de-ideias\/#breadcrumb\"},\"inLanguage\":\"pt-BR\",\"potentialAction\":[{\"@type\":\"ReadAction\",\"target\":[\"https:\/\/radio.ufpa.br\/index.php\/ufpa-comunidade\/laboratorio-de-desenvolvimento-de-ideias\/\"]}]},{\"@type\":\"ImageObject\",\"inLanguage\":\"pt-BR\",\"@id\":\"https:\/\/radio.ufpa.br\/index.php\/ufpa-comunidade\/laboratorio-de-desenvolvimento-de-ideias\/#primaryimage\",\"url\":\"https:\/\/i0.wp.com\/radio.ufpa.br\/wp-content\/uploads\/2018\/03\/Conectar%20-%20Laborat%C3%B3rio%20de%20Desenvolvimento%20de%20Ideias.jpg?fit=1280%2C960&ssl=1\",\"contentUrl\":\"https:\/\/i0.wp.com\/radio.ufpa.br\/wp-content\/uploads\/2018\/03\/Conectar%20-%20Laborat%C3%B3rio%20de%20Desenvolvimento%20de%20Ideias.jpg?fit=1280%2C960&ssl=1\",\"width\":1280,\"height\":960},{\"@type\":\"BreadcrumbList\",\"@id\":\"https:\/\/radio.ufpa.br\/index.php\/ufpa-comunidade\/laboratorio-de-desenvolvimento-de-ideias\/#breadcrumb\",\"itemListElement\":[{\"@type\":\"ListItem\",\"position\":1,\"name\":\"In\u00edcio\",\"item\":\"https:\/\/radio.ufpa.br\/\"},{\"@type\":\"ListItem\",\"position\":2,\"name\":\"Laborat\u00f3rio de Desenvolvimento de Ideias\"}]},{\"@type\":\"WebSite\",\"@id\":\"https:\/\/radio.ufpa.br\/#website\",\"url\":\"https:\/\/radio.ufpa.br\/\",\"name\":\"Radio Web UFPA\",\"description\":\"Divulgando o conhecimento\",\"publisher\":{\"@id\":\"https:\/\/radio.ufpa.br\/#organization\"},\"potentialAction\":[{\"@type\":\"SearchAction\",\"target\":{\"@type\":\"EntryPoint\",\"urlTemplate\":\"https:\/\/radio.ufpa.br\/?s={search_term_string}\"},\"query-input\":{\"@type\":\"PropertyValueSpecification\",\"valueRequired\":true,\"valueName\":\"search_term_string\"}}],\"inLanguage\":\"pt-BR\"},{\"@type\":\"Organization\",\"@id\":\"https:\/\/radio.ufpa.br\/#organization\",\"name\":\"UNIVERSIDADE FEDERAL DO PAR\u00c1-R\u00c1DIO WEB UFPA\",\"url\":\"https:\/\/radio.ufpa.br\/\",\"logo\":{\"@type\":\"ImageObject\",\"inLanguage\":\"pt-BR\",\"@id\":\"https:\/\/radio.ufpa.br\/#\/schema\/logo\/image\/\",\"url\":\"https:\/\/i0.wp.com\/radio.ufpa.br\/wp-content\/uploads\/2025\/12\/images-removebg-preview.png?fit=417%2C121&ssl=1\",\"contentUrl\":\"https:\/\/i0.wp.com\/radio.ufpa.br\/wp-content\/uploads\/2025\/12\/images-removebg-preview.png?fit=417%2C121&ssl=1\",\"width\":417,\"height\":121,\"caption\":\"UNIVERSIDADE FEDERAL DO PAR\u00c1-R\u00c1DIO WEB UFPA\"},\"image\":{\"@id\":\"https:\/\/radio.ufpa.br\/#\/schema\/logo\/image\/\"},\"sameAs\":[\"https:\/\/www.facebook.com\/radiowebufpa\",\"https:\/\/x.com\/radiowebufpa\",\"https:\/\/www.instagram.com\/radiowebufpa\/\",\"https:\/\/www.youtube.com\/user\/RadioWebUFP4\"]},{\"@type\":\"Person\",\"@id\":\"https:\/\/radio.ufpa.br\/#\/schema\/person\/f3f139516982741ca0831359933ac096\",\"name\":\"Fabr\u00edcio Queiroz\",\"image\":{\"@type\":\"ImageObject\",\"inLanguage\":\"pt-BR\",\"@id\":\"https:\/\/radio.ufpa.br\/#\/schema\/person\/image\/\",\"url\":\"https:\/\/secure.gravatar.com\/avatar\/16286edb2cee888d704ce74385081b7f?s=96&d=mm&r=g\",\"contentUrl\":\"https:\/\/secure.gravatar.com\/avatar\/16286edb2cee888d704ce74385081b7f?s=96&d=mm&r=g\",\"caption\":\"Fabr\u00edcio Queiroz\"},\"description\":\"Editor e Jornalista respons\u00e1vel\",\"url\":\"https:\/\/radio.ufpa.br\/index.php\/author\/fabricio\/\"}]}<\/script>\n<!-- \/ Yoast SEO plugin. -->","yoast_head_json":{"title":"Laborat\u00f3rio de Desenvolvimento de Ideias - Radio Web UFPA","description":"No UFPA Comunidade, conhe\u00e7a o Laborat\u00f3rio de Desenvolvimento de Ideias e os projetos Conectar e Encode, realizados por universit\u00e1rios na Escola de Aplica\u00e7\u00e3o","robots":{"index":"index","follow":"follow","max-snippet":"max-snippet:-1","max-image-preview":"max-image-preview:large","max-video-preview":"max-video-preview:-1"},"canonical":"https:\/\/radio.ufpa.br\/index.php\/ufpa-comunidade\/laboratorio-de-desenvolvimento-de-ideias\/","og_locale":"pt_BR","og_type":"article","og_title":"Laborat\u00f3rio de Desenvolvimento de Ideias - Radio Web UFPA","og_description":"No UFPA Comunidade, conhe\u00e7a o Laborat\u00f3rio de Desenvolvimento de Ideias e os projetos Conectar e Encode, realizados por universit\u00e1rios na Escola de Aplica\u00e7\u00e3o","og_url":"https:\/\/radio.ufpa.br\/index.php\/ufpa-comunidade\/laboratorio-de-desenvolvimento-de-ideias\/","og_site_name":"Radio Web UFPA","article_publisher":"https:\/\/www.facebook.com\/radiowebufpa","article_published_time":"2018-05-25T10:00:48+00:00","article_modified_time":"2018-05-25T17:09:57+00:00","og_image":[{"width":1280,"height":960,"url":"https:\/\/i0.wp.com\/radio.ufpa.br\/wp-content\/uploads\/2018\/03\/Conectar - Laborat\u00f3rio de Desenvolvimento de Ideias.jpg?fit=1280%2C960&ssl=1","type":"image\/jpeg"}],"author":"Fabr\u00edcio Queiroz","twitter_card":"summary_large_image","twitter_creator":"@radiowebufpa","twitter_site":"@radiowebufpa","twitter_misc":{"Escrito por":"Fabr\u00edcio Queiroz","Est. tempo de leitura":"2 minutos"},"schema":{"@context":"https:\/\/schema.org","@graph":[{"@type":"Article","@id":"https:\/\/radio.ufpa.br\/index.php\/ufpa-comunidade\/laboratorio-de-desenvolvimento-de-ideias\/#article","isPartOf":{"@id":"https:\/\/radio.ufpa.br\/index.php\/ufpa-comunidade\/laboratorio-de-desenvolvimento-de-ideias\/"},"author":{"name":"Fabr\u00edcio Queiroz","@id":"https:\/\/radio.ufpa.br\/#\/schema\/person\/f3f139516982741ca0831359933ac096"},"headline":"Laborat\u00f3rio de Desenvolvimento de Ideias","datePublished":"2018-05-25T10:00:48+00:00","dateModified":"2018-05-25T17:09:57+00:00","mainEntityOfPage":{"@id":"https:\/\/radio.ufpa.br\/index.php\/ufpa-comunidade\/laboratorio-de-desenvolvimento-de-ideias\/"},"wordCount":435,"commentCount":0,"publisher":{"@id":"https:\/\/radio.ufpa.br\/#organization"},"image":{"@id":"https:\/\/radio.ufpa.br\/index.php\/ufpa-comunidade\/laboratorio-de-desenvolvimento-de-ideias\/#primaryimage"},"thumbnailUrl":"https:\/\/i0.wp.com\/radio.ufpa.br\/wp-content\/uploads\/2018\/03\/Conectar%20-%20Laborat%C3%B3rio%20de%20Desenvolvimento%20de%20Ideias.jpg?fit=1280%2C960&ssl=1","articleSection":["UFPA Comunidade"],"inLanguage":"pt-BR","potentialAction":[{"@type":"CommentAction","name":"Comment","target":["https:\/\/radio.ufpa.br\/index.php\/ufpa-comunidade\/laboratorio-de-desenvolvimento-de-ideias\/#respond"]}]},{"@type":"WebPage","@id":"https:\/\/radio.ufpa.br\/index.php\/ufpa-comunidade\/laboratorio-de-desenvolvimento-de-ideias\/","url":"https:\/\/radio.ufpa.br\/index.php\/ufpa-comunidade\/laboratorio-de-desenvolvimento-de-ideias\/","name":"Laborat\u00f3rio de Desenvolvimento de Ideias - Radio Web UFPA","isPartOf":{"@id":"https:\/\/radio.ufpa.br\/#website"},"primaryImageOfPage":{"@id":"https:\/\/radio.ufpa.br\/index.php\/ufpa-comunidade\/laboratorio-de-desenvolvimento-de-ideias\/#primaryimage"},"image":{"@id":"https:\/\/radio.ufpa.br\/index.php\/ufpa-comunidade\/laboratorio-de-desenvolvimento-de-ideias\/#primaryimage"},"thumbnailUrl":"https:\/\/i0.wp.com\/radio.ufpa.br\/wp-content\/uploads\/2018\/03\/Conectar%20-%20Laborat%C3%B3rio%20de%20Desenvolvimento%20de%20Ideias.jpg?fit=1280%2C960&ssl=1","datePublished":"2018-05-25T10:00:48+00:00","dateModified":"2018-05-25T17:09:57+00:00","description":"No UFPA Comunidade, conhe\u00e7a o Laborat\u00f3rio de Desenvolvimento de Ideias e os projetos Conectar e Encode, realizados por universit\u00e1rios na Escola de Aplica\u00e7\u00e3o","breadcrumb":{"@id":"https:\/\/radio.ufpa.br\/index.php\/ufpa-comunidade\/laboratorio-de-desenvolvimento-de-ideias\/#breadcrumb"},"inLanguage":"pt-BR","potentialAction":[{"@type":"ReadAction","target":["https:\/\/radio.ufpa.br\/index.php\/ufpa-comunidade\/laboratorio-de-desenvolvimento-de-ideias\/"]}]},{"@type":"ImageObject","inLanguage":"pt-BR","@id":"https:\/\/radio.ufpa.br\/index.php\/ufpa-comunidade\/laboratorio-de-desenvolvimento-de-ideias\/#primaryimage","url":"https:\/\/i0.wp.com\/radio.ufpa.br\/wp-content\/uploads\/2018\/03\/Conectar%20-%20Laborat%C3%B3rio%20de%20Desenvolvimento%20de%20Ideias.jpg?fit=1280%2C960&ssl=1","contentUrl":"https:\/\/i0.wp.com\/radio.ufpa.br\/wp-content\/uploads\/2018\/03\/Conectar%20-%20Laborat%C3%B3rio%20de%20Desenvolvimento%20de%20Ideias.jpg?fit=1280%2C960&ssl=1","width":1280,"height":960},{"@type":"BreadcrumbList","@id":"https:\/\/radio.ufpa.br\/index.php\/ufpa-comunidade\/laboratorio-de-desenvolvimento-de-ideias\/#breadcrumb","itemListElement":[{"@type":"ListItem","position":1,"name":"In\u00edcio","item":"https:\/\/radio.ufpa.br\/"},{"@type":"ListItem","position":2,"name":"Laborat\u00f3rio de Desenvolvimento de Ideias"}]},{"@type":"WebSite","@id":"https:\/\/radio.ufpa.br\/#website","url":"https:\/\/radio.ufpa.br\/","name":"Radio Web UFPA","description":"Divulgando o conhecimento","publisher":{"@id":"https:\/\/radio.ufpa.br\/#organization"},"potentialAction":[{"@type":"SearchAction","target":{"@type":"EntryPoint","urlTemplate":"https:\/\/radio.ufpa.br\/?s={search_term_string}"},"query-input":{"@type":"PropertyValueSpecification","valueRequired":true,"valueName":"search_term_string"}}],"inLanguage":"pt-BR"},{"@type":"Organization","@id":"https:\/\/radio.ufpa.br\/#organization","name":"UNIVERSIDADE FEDERAL DO PAR\u00c1-R\u00c1DIO WEB UFPA","url":"https:\/\/radio.ufpa.br\/","logo":{"@type":"ImageObject","inLanguage":"pt-BR","@id":"https:\/\/radio.ufpa.br\/#\/schema\/logo\/image\/","url":"https:\/\/i0.wp.com\/radio.ufpa.br\/wp-content\/uploads\/2025\/12\/images-removebg-preview.png?fit=417%2C121&ssl=1","contentUrl":"https:\/\/i0.wp.com\/radio.ufpa.br\/wp-content\/uploads\/2025\/12\/images-removebg-preview.png?fit=417%2C121&ssl=1","width":417,"height":121,"caption":"UNIVERSIDADE FEDERAL DO PAR\u00c1-R\u00c1DIO WEB UFPA"},"image":{"@id":"https:\/\/radio.ufpa.br\/#\/schema\/logo\/image\/"},"sameAs":["https:\/\/www.facebook.com\/radiowebufpa","https:\/\/x.com\/radiowebufpa","https:\/\/www.instagram.com\/radiowebufpa\/","https:\/\/www.youtube.com\/user\/RadioWebUFP4"]},{"@type":"Person","@id":"https:\/\/radio.ufpa.br\/#\/schema\/person\/f3f139516982741ca0831359933ac096","name":"Fabr\u00edcio Queiroz","image":{"@type":"ImageObject","inLanguage":"pt-BR","@id":"https:\/\/radio.ufpa.br\/#\/schema\/person\/image\/","url":"https:\/\/secure.gravatar.com\/avatar\/16286edb2cee888d704ce74385081b7f?s=96&d=mm&r=g","contentUrl":"https:\/\/secure.gravatar.com\/avatar\/16286edb2cee888d704ce74385081b7f?s=96&d=mm&r=g","caption":"Fabr\u00edcio Queiroz"},"description":"Editor e Jornalista respons\u00e1vel","url":"https:\/\/radio.ufpa.br\/index.php\/author\/fabricio\/"}]}},"jetpack_publicize_connections":[],"jetpack_featured_media_url":"https:\/\/i0.wp.com\/radio.ufpa.br\/wp-content\/uploads\/2018\/03\/Conectar%20-%20Laborat%C3%B3rio%20de%20Desenvolvimento%20de%20Ideias.jpg?fit=1280%2C960&ssl=1","jetpack_shortlink":"https:\/\/wp.me\/p8TJeA-16m","jetpack_likes_enabled":true,"jetpack-related-posts":[],"jetpack_sharing_enabled":true,"_links":{"self":[{"href":"https:\/\/radio.ufpa.br\/index.php\/wp-json\/wp\/v2\/posts\/4238","targetHints":{"allow":["GET"]}}],"collection":[{"href":"https:\/\/radio.ufpa.br\/index.php\/wp-json\/wp\/v2\/posts"}],"about":[{"href":"https:\/\/radio.ufpa.br\/index.php\/wp-json\/wp\/v2\/types\/post"}],"author":[{"embeddable":true,"href":"https:\/\/radio.ufpa.br\/index.php\/wp-json\/wp\/v2\/users\/2"}],"replies":[{"embeddable":true,"href":"https:\/\/radio.ufpa.br\/index.php\/wp-json\/wp\/v2\/comments?post=4238"}],"version-history":[{"count":2,"href":"https:\/\/radio.ufpa.br\/index.php\/wp-json\/wp\/v2\/posts\/4238\/revisions"}],"predecessor-version":[{"id":4241,"href":"https:\/\/radio.ufpa.br\/index.php\/wp-json\/wp\/v2\/posts\/4238\/revisions\/4241"}],"wp:featuredmedia":[{"embeddable":true,"href":"https:\/\/radio.ufpa.br\/index.php\/wp-json\/wp\/v2\/media\/4245"}],"wp:attachment":[{"href":"https:\/\/radio.ufpa.br\/index.php\/wp-json\/wp\/v2\/media?parent=4238"}],"wp:term":[{"taxonomy":"category","embeddable":true,"href":"https:\/\/radio.ufpa.br\/index.php\/wp-json\/wp\/v2\/categories?post=4238"},{"taxonomy":"post_tag","embeddable":true,"href":"https:\/\/radio.ufpa.br\/index.php\/wp-json\/wp\/v2\/tags?post=4238"}],"curies":[{"name":"wp","href":"https:\/\/api.w.org\/{rel}","templated":true}]}}