{"id":4242,"date":"2018-05-25T07:10:50","date_gmt":"2018-05-25T10:10:50","guid":{"rendered":"http:\/\/radio.ufpa.br\/?p=4242"},"modified":"2018-05-25T16:27:49","modified_gmt":"2018-05-25T19:27:49","slug":"dona-ivone-lara","status":"publish","type":"post","link":"https:\/\/radio.ufpa.br\/index.php\/memoria-musical\/dona-ivone-lara\/","title":{"rendered":"Dona Ivone Lara"},"content":{"rendered":"<!--[if lt IE 9]><script>document.createElement('audio');<\/script><![endif]-->\n\t<div class=\"wp-playlist wp-audio-playlist wp-playlist-light\">\n\t\t\t<div class=\"wp-playlist-current-item\"><\/div>\n\t\t<audio controls=\"controls\" preload=\"none\" width=\"1178\"\n\t\t\t><\/audio>\n\t<div class=\"wp-playlist-next\"><\/div>\n\t<div class=\"wp-playlist-prev\"><\/div>\n\t<noscript>\n\t<ol>\n\t\t<li><a href='https:\/\/radio.ufpa.br\/wp-content\/uploads\/2018\/03\/MEM\u00d3RIA%20MUSICAL%20-%20IVONE%20LARA%2025.05.2018.mp3'>Mem\u00f3ria Musical - Dona Ivone Lara<\/a><\/li>\t<\/ol>\n\t<\/noscript>\n\t<script type=\"application\/json\" class=\"wp-playlist-script\">{\"type\":\"audio\",\"tracklist\":true,\"tracknumbers\":true,\"images\":true,\"artists\":true,\"tracks\":[{\"src\":\"https:\\\/\\\/radio.ufpa.br\\\/wp-content\\\/uploads\\\/2018\\\/03\\\/MEM\\u00d3RIA MUSICAL - IVONE LARA 25.05.2018.mp3\",\"type\":\"audio\\\/mpeg\",\"title\":\"Mem\\u00f3ria Musical - Dona Ivone Lara\",\"caption\":\"\",\"description\":\"\\\"MEM\\u00d3RIA MUSICAL - IVONE LARA 25.05.2018\\\". Genre: Blues.\",\"meta\":{\"artist\":\"R\\u00e1dio Web UFPA\",\"album\":\"Mem\\u00f3ria Musical\",\"genre\":\"Blues\",\"length_formatted\":\"38:07\"},\"image\":{\"src\":\"https:\\\/\\\/radio.ufpa.br\\\/wp-includes\\\/images\\\/media\\\/audio.svg\",\"width\":48,\"height\":64},\"thumb\":{\"src\":\"https:\\\/\\\/radio.ufpa.br\\\/wp-includes\\\/images\\\/media\\\/audio.svg\",\"width\":48,\"height\":64}}]}<\/script>\n<\/div>\n\t\n<p>A Grande Dama do Samba \u00e9 a homenageada desta edi\u00e7\u00e3o do Mem\u00f3ria Musical. Com sua sensibilidade marcante, <strong>Dona Ivone Lara<\/strong> se tornou uma das artistas mais representativas para o samba do Rio de Janeiro.<\/p>\n<p>Nascida em 13 de abril de 1922, no bairro de Botafogo, na zona sul do Rio, <strong>Ivone Lara<\/strong> j\u00e1 tinha contato com a m\u00fasica desde a inf\u00e2ncia. Com os tios aprendeu a tocar cavaquinho e em um coral regido por Luc\u00edlia Guimar\u00e3es descobriu seu talento para o canto.<\/p>\n<p>Foi uma pioneira em um universo art\u00edstico dominado por homens na primeira metade do s\u00e9culo XX. Com o samba \u201cOs cinco bailes da hist\u00f3ria do Rio\u201d, se tornou a primeira mulher a integrar a ala dos compositores de uma escola de samba.<\/p>\n<p>Al\u00e9m de cantora e compositora, <strong>Dona Ivone Lara<\/strong> se destacou na vida tamb\u00e9m por sua atua\u00e7\u00e3o profissional na \u00e1rea de Enfermagem e Terapia Ocupacional, tendo trabalhado por muitos anos no atendimento a pacientes de hospitais psiqui\u00e1tricos.<\/p>\n<p>Nessa edi\u00e7\u00e3o do Mem\u00f3ria Musical voc\u00ea conhece e relembra composi\u00e7\u00f5es como \u201cMinha verdade\u201d, \u201cSonho meu\u201d, \u201cN\u00e3o me perguntes\u201d e outros sucessos que marcaram a carreira art\u00edstica de <strong>Dona Ivone Lara<\/strong>.<\/p>\n<p>Apresenta\u00e7\u00e3o: Fabricio Queiroz e Roberta Pureza<br \/>\nProdu\u00e7\u00e3o e roteiro: Graziela Ferreira<br \/>\nGrava\u00e7\u00e3o e montagem: Genard Silva<br \/>\nSupervis\u00e3o e edi\u00e7\u00e3o: Elissandra Batista e Fabr\u00edcio Queiroz<\/p>\n<p>O Mem\u00f3ria Musical vai ao ar \u00e0s sextas-feiras, \u00e0s 17h e 23h.<br \/>\nHor\u00e1rios alternativos: S\u00e1bado, Domingo e Ter\u00e7a-feira, \u00e0s 13h e 22h.<\/p>\n","protected":false},"excerpt":{"rendered":"<p> &#8230; <a title=\"Dona Ivone Lara\" class=\"read-more\" href=\"https:\/\/radio.ufpa.br\/index.php\/memoria-musical\/dona-ivone-lara\/\" aria-label=\"Read more about Dona Ivone Lara\">Ler mais<\/a><\/p>\n","protected":false},"author":2,"featured_media":4244,"comment_status":"open","ping_status":"open","sticky":false,"template":"","format":"standard","meta":{"_acf_changed":false,"_exactmetrics_skip_tracking":false,"_exactmetrics_sitenote_active":false,"_exactmetrics_sitenote_note":"","_exactmetrics_sitenote_category":0,"_monsterinsights_skip_tracking":false,"_monsterinsights_sitenote_active":false,"_monsterinsights_sitenote_note":"","_monsterinsights_sitenote_category":0,"_uf_show_specific_survey":0,"_uf_disable_surveys":false,"jetpack_post_was_ever_published":false,"_jetpack_newsletter_access":"","_jetpack_dont_email_post_to_subs":false,"_jetpack_newsletter_tier_id":0,"_jetpack_memberships_contains_paywalled_content":false,"_jetpack_memberships_contains_paid_content":false,"footnotes":"","jetpack_publicize_message":"","jetpack_publicize_feature_enabled":true,"jetpack_social_post_already_shared":true,"jetpack_social_options":{"image_generator_settings":{"template":"highway","enabled":false},"version":2}},"categories":[4],"tags":[],"class_list":["post-4242","post","type-post","status-publish","format-standard","has-post-thumbnail","hentry","category-memoria-musical"],"acf":[],"yoast_head":"<!-- This site is optimized with the Yoast SEO plugin v25.1 - https:\/\/yoast.com\/wordpress\/plugins\/seo\/ -->\n<title>Dona Ivone Lara - Radio Web UFPA<\/title>\n<meta name=\"description\" content=\"Neste programa, conhe\u00e7a a trajet\u00f3ria e relembre sucessos de Dona Ivone Lara, primeira mulher a integrar a ala de compositores de uma escola de samba.\" \/>\n<meta name=\"robots\" content=\"index, follow, max-snippet:-1, max-image-preview:large, max-video-preview:-1\" \/>\n<link rel=\"canonical\" href=\"https:\/\/radio.ufpa.br\/index.php\/memoria-musical\/dona-ivone-lara\/\" \/>\n<meta property=\"og:locale\" content=\"pt_BR\" \/>\n<meta property=\"og:type\" content=\"article\" \/>\n<meta property=\"og:title\" content=\"Dona Ivone Lara - Radio Web UFPA\" \/>\n<meta property=\"og:description\" content=\"Neste programa, conhe\u00e7a a trajet\u00f3ria e relembre sucessos de Dona Ivone Lara, primeira mulher a integrar a ala de compositores de uma escola de samba.\" \/>\n<meta property=\"og:url\" content=\"https:\/\/radio.ufpa.br\/index.php\/memoria-musical\/dona-ivone-lara\/\" \/>\n<meta property=\"og:site_name\" content=\"Radio Web UFPA\" \/>\n<meta property=\"article:publisher\" content=\"https:\/\/www.facebook.com\/radiowebufpa\" \/>\n<meta property=\"article:published_time\" content=\"2018-05-25T10:10:50+00:00\" \/>\n<meta property=\"article:modified_time\" content=\"2018-05-25T19:27:49+00:00\" \/>\n<meta property=\"og:image\" content=\"https:\/\/i0.wp.com\/radio.ufpa.br\/wp-content\/uploads\/2018\/03\/Ivone%20Lara.jpg?fit=660%2C300&ssl=1\" \/>\n\t<meta property=\"og:image:width\" content=\"660\" \/>\n\t<meta property=\"og:image:height\" content=\"300\" \/>\n\t<meta property=\"og:image:type\" content=\"image\/jpeg\" \/>\n<meta name=\"author\" content=\"Fabr\u00edcio Queiroz\" \/>\n<meta name=\"twitter:card\" content=\"summary_large_image\" \/>\n<meta name=\"twitter:creator\" content=\"@radiowebufpa\" \/>\n<meta name=\"twitter:site\" content=\"@radiowebufpa\" \/>\n<meta name=\"twitter:label1\" content=\"Escrito por\" \/>\n\t<meta name=\"twitter:data1\" content=\"Fabr\u00edcio Queiroz\" \/>\n\t<meta name=\"twitter:label2\" content=\"Est. tempo de leitura\" \/>\n\t<meta name=\"twitter:data2\" content=\"1 minuto\" \/>\n<script type=\"application\/ld+json\" class=\"yoast-schema-graph\">{\"@context\":\"https:\/\/schema.org\",\"@graph\":[{\"@type\":\"Article\",\"@id\":\"https:\/\/radio.ufpa.br\/index.php\/memoria-musical\/dona-ivone-lara\/#article\",\"isPartOf\":{\"@id\":\"https:\/\/radio.ufpa.br\/index.php\/memoria-musical\/dona-ivone-lara\/\"},\"author\":{\"name\":\"Fabr\u00edcio Queiroz\",\"@id\":\"https:\/\/radio.ufpa.br\/#\/schema\/person\/f3f139516982741ca0831359933ac096\"},\"headline\":\"Dona Ivone Lara\",\"datePublished\":\"2018-05-25T10:10:50+00:00\",\"dateModified\":\"2018-05-25T19:27:49+00:00\",\"mainEntityOfPage\":{\"@id\":\"https:\/\/radio.ufpa.br\/index.php\/memoria-musical\/dona-ivone-lara\/\"},\"wordCount\":266,\"commentCount\":0,\"publisher\":{\"@id\":\"https:\/\/radio.ufpa.br\/#organization\"},\"image\":{\"@id\":\"https:\/\/radio.ufpa.br\/index.php\/memoria-musical\/dona-ivone-lara\/#primaryimage\"},\"thumbnailUrl\":\"https:\/\/i0.wp.com\/radio.ufpa.br\/wp-content\/uploads\/2018\/03\/Ivone%20Lara.jpg?fit=660%2C300&ssl=1\",\"articleSection\":[\"Mem\u00f3ria Musical\"],\"inLanguage\":\"pt-BR\",\"potentialAction\":[{\"@type\":\"CommentAction\",\"name\":\"Comment\",\"target\":[\"https:\/\/radio.ufpa.br\/index.php\/memoria-musical\/dona-ivone-lara\/#respond\"]}]},{\"@type\":\"WebPage\",\"@id\":\"https:\/\/radio.ufpa.br\/index.php\/memoria-musical\/dona-ivone-lara\/\",\"url\":\"https:\/\/radio.ufpa.br\/index.php\/memoria-musical\/dona-ivone-lara\/\",\"name\":\"Dona Ivone Lara - Radio Web UFPA\",\"isPartOf\":{\"@id\":\"https:\/\/radio.ufpa.br\/#website\"},\"primaryImageOfPage\":{\"@id\":\"https:\/\/radio.ufpa.br\/index.php\/memoria-musical\/dona-ivone-lara\/#primaryimage\"},\"image\":{\"@id\":\"https:\/\/radio.ufpa.br\/index.php\/memoria-musical\/dona-ivone-lara\/#primaryimage\"},\"thumbnailUrl\":\"https:\/\/i0.wp.com\/radio.ufpa.br\/wp-content\/uploads\/2018\/03\/Ivone%20Lara.jpg?fit=660%2C300&ssl=1\",\"datePublished\":\"2018-05-25T10:10:50+00:00\",\"dateModified\":\"2018-05-25T19:27:49+00:00\",\"description\":\"Neste programa, conhe\u00e7a a trajet\u00f3ria e relembre sucessos de Dona Ivone Lara, primeira mulher a integrar a ala de compositores de uma escola de samba.\",\"breadcrumb\":{\"@id\":\"https:\/\/radio.ufpa.br\/index.php\/memoria-musical\/dona-ivone-lara\/#breadcrumb\"},\"inLanguage\":\"pt-BR\",\"potentialAction\":[{\"@type\":\"ReadAction\",\"target\":[\"https:\/\/radio.ufpa.br\/index.php\/memoria-musical\/dona-ivone-lara\/\"]}]},{\"@type\":\"ImageObject\",\"inLanguage\":\"pt-BR\",\"@id\":\"https:\/\/radio.ufpa.br\/index.php\/memoria-musical\/dona-ivone-lara\/#primaryimage\",\"url\":\"https:\/\/i0.wp.com\/radio.ufpa.br\/wp-content\/uploads\/2018\/03\/Ivone%20Lara.jpg?fit=660%2C300&ssl=1\",\"contentUrl\":\"https:\/\/i0.wp.com\/radio.ufpa.br\/wp-content\/uploads\/2018\/03\/Ivone%20Lara.jpg?fit=660%2C300&ssl=1\",\"width\":660,\"height\":300},{\"@type\":\"BreadcrumbList\",\"@id\":\"https:\/\/radio.ufpa.br\/index.php\/memoria-musical\/dona-ivone-lara\/#breadcrumb\",\"itemListElement\":[{\"@type\":\"ListItem\",\"position\":1,\"name\":\"In\u00edcio\",\"item\":\"https:\/\/radio.ufpa.br\/\"},{\"@type\":\"ListItem\",\"position\":2,\"name\":\"Dona Ivone Lara\"}]},{\"@type\":\"WebSite\",\"@id\":\"https:\/\/radio.ufpa.br\/#website\",\"url\":\"https:\/\/radio.ufpa.br\/\",\"name\":\"Radio Web UFPA\",\"description\":\"Divulgando o conhecimento\",\"publisher\":{\"@id\":\"https:\/\/radio.ufpa.br\/#organization\"},\"potentialAction\":[{\"@type\":\"SearchAction\",\"target\":{\"@type\":\"EntryPoint\",\"urlTemplate\":\"https:\/\/radio.ufpa.br\/?s={search_term_string}\"},\"query-input\":{\"@type\":\"PropertyValueSpecification\",\"valueRequired\":true,\"valueName\":\"search_term_string\"}}],\"inLanguage\":\"pt-BR\"},{\"@type\":\"Organization\",\"@id\":\"https:\/\/radio.ufpa.br\/#organization\",\"name\":\"UNIVERSIDADE FEDERAL DO PAR\u00c1-R\u00c1DIO WEB UFPA\",\"url\":\"https:\/\/radio.ufpa.br\/\",\"logo\":{\"@type\":\"ImageObject\",\"inLanguage\":\"pt-BR\",\"@id\":\"https:\/\/radio.ufpa.br\/#\/schema\/logo\/image\/\",\"url\":\"https:\/\/i0.wp.com\/radio.ufpa.br\/wp-content\/uploads\/2025\/12\/images-removebg-preview.png?fit=417%2C121&ssl=1\",\"contentUrl\":\"https:\/\/i0.wp.com\/radio.ufpa.br\/wp-content\/uploads\/2025\/12\/images-removebg-preview.png?fit=417%2C121&ssl=1\",\"width\":417,\"height\":121,\"caption\":\"UNIVERSIDADE FEDERAL DO PAR\u00c1-R\u00c1DIO WEB UFPA\"},\"image\":{\"@id\":\"https:\/\/radio.ufpa.br\/#\/schema\/logo\/image\/\"},\"sameAs\":[\"https:\/\/www.facebook.com\/radiowebufpa\",\"https:\/\/x.com\/radiowebufpa\",\"https:\/\/www.instagram.com\/radiowebufpa\/\",\"https:\/\/www.youtube.com\/user\/RadioWebUFP4\"]},{\"@type\":\"Person\",\"@id\":\"https:\/\/radio.ufpa.br\/#\/schema\/person\/f3f139516982741ca0831359933ac096\",\"name\":\"Fabr\u00edcio Queiroz\",\"image\":{\"@type\":\"ImageObject\",\"inLanguage\":\"pt-BR\",\"@id\":\"https:\/\/radio.ufpa.br\/#\/schema\/person\/image\/\",\"url\":\"https:\/\/secure.gravatar.com\/avatar\/16286edb2cee888d704ce74385081b7f?s=96&d=mm&r=g\",\"contentUrl\":\"https:\/\/secure.gravatar.com\/avatar\/16286edb2cee888d704ce74385081b7f?s=96&d=mm&r=g\",\"caption\":\"Fabr\u00edcio Queiroz\"},\"description\":\"Editor e Jornalista respons\u00e1vel\",\"url\":\"https:\/\/radio.ufpa.br\/index.php\/author\/fabricio\/\"}]}<\/script>\n<!-- \/ Yoast SEO plugin. -->","yoast_head_json":{"title":"Dona Ivone Lara - Radio Web UFPA","description":"Neste programa, conhe\u00e7a a trajet\u00f3ria e relembre sucessos de Dona Ivone Lara, primeira mulher a integrar a ala de compositores de uma escola de samba.","robots":{"index":"index","follow":"follow","max-snippet":"max-snippet:-1","max-image-preview":"max-image-preview:large","max-video-preview":"max-video-preview:-1"},"canonical":"https:\/\/radio.ufpa.br\/index.php\/memoria-musical\/dona-ivone-lara\/","og_locale":"pt_BR","og_type":"article","og_title":"Dona Ivone Lara - Radio Web UFPA","og_description":"Neste programa, conhe\u00e7a a trajet\u00f3ria e relembre sucessos de Dona Ivone Lara, primeira mulher a integrar a ala de compositores de uma escola de samba.","og_url":"https:\/\/radio.ufpa.br\/index.php\/memoria-musical\/dona-ivone-lara\/","og_site_name":"Radio Web UFPA","article_publisher":"https:\/\/www.facebook.com\/radiowebufpa","article_published_time":"2018-05-25T10:10:50+00:00","article_modified_time":"2018-05-25T19:27:49+00:00","og_image":[{"width":660,"height":300,"url":"https:\/\/i0.wp.com\/radio.ufpa.br\/wp-content\/uploads\/2018\/03\/Ivone Lara.jpg?fit=660%2C300&ssl=1","type":"image\/jpeg"}],"author":"Fabr\u00edcio Queiroz","twitter_card":"summary_large_image","twitter_creator":"@radiowebufpa","twitter_site":"@radiowebufpa","twitter_misc":{"Escrito por":"Fabr\u00edcio Queiroz","Est. tempo de leitura":"1 minuto"},"schema":{"@context":"https:\/\/schema.org","@graph":[{"@type":"Article","@id":"https:\/\/radio.ufpa.br\/index.php\/memoria-musical\/dona-ivone-lara\/#article","isPartOf":{"@id":"https:\/\/radio.ufpa.br\/index.php\/memoria-musical\/dona-ivone-lara\/"},"author":{"name":"Fabr\u00edcio Queiroz","@id":"https:\/\/radio.ufpa.br\/#\/schema\/person\/f3f139516982741ca0831359933ac096"},"headline":"Dona Ivone Lara","datePublished":"2018-05-25T10:10:50+00:00","dateModified":"2018-05-25T19:27:49+00:00","mainEntityOfPage":{"@id":"https:\/\/radio.ufpa.br\/index.php\/memoria-musical\/dona-ivone-lara\/"},"wordCount":266,"commentCount":0,"publisher":{"@id":"https:\/\/radio.ufpa.br\/#organization"},"image":{"@id":"https:\/\/radio.ufpa.br\/index.php\/memoria-musical\/dona-ivone-lara\/#primaryimage"},"thumbnailUrl":"https:\/\/i0.wp.com\/radio.ufpa.br\/wp-content\/uploads\/2018\/03\/Ivone%20Lara.jpg?fit=660%2C300&ssl=1","articleSection":["Mem\u00f3ria Musical"],"inLanguage":"pt-BR","potentialAction":[{"@type":"CommentAction","name":"Comment","target":["https:\/\/radio.ufpa.br\/index.php\/memoria-musical\/dona-ivone-lara\/#respond"]}]},{"@type":"WebPage","@id":"https:\/\/radio.ufpa.br\/index.php\/memoria-musical\/dona-ivone-lara\/","url":"https:\/\/radio.ufpa.br\/index.php\/memoria-musical\/dona-ivone-lara\/","name":"Dona Ivone Lara - Radio Web UFPA","isPartOf":{"@id":"https:\/\/radio.ufpa.br\/#website"},"primaryImageOfPage":{"@id":"https:\/\/radio.ufpa.br\/index.php\/memoria-musical\/dona-ivone-lara\/#primaryimage"},"image":{"@id":"https:\/\/radio.ufpa.br\/index.php\/memoria-musical\/dona-ivone-lara\/#primaryimage"},"thumbnailUrl":"https:\/\/i0.wp.com\/radio.ufpa.br\/wp-content\/uploads\/2018\/03\/Ivone%20Lara.jpg?fit=660%2C300&ssl=1","datePublished":"2018-05-25T10:10:50+00:00","dateModified":"2018-05-25T19:27:49+00:00","description":"Neste programa, conhe\u00e7a a trajet\u00f3ria e relembre sucessos de Dona Ivone Lara, primeira mulher a integrar a ala de compositores de uma escola de samba.","breadcrumb":{"@id":"https:\/\/radio.ufpa.br\/index.php\/memoria-musical\/dona-ivone-lara\/#breadcrumb"},"inLanguage":"pt-BR","potentialAction":[{"@type":"ReadAction","target":["https:\/\/radio.ufpa.br\/index.php\/memoria-musical\/dona-ivone-lara\/"]}]},{"@type":"ImageObject","inLanguage":"pt-BR","@id":"https:\/\/radio.ufpa.br\/index.php\/memoria-musical\/dona-ivone-lara\/#primaryimage","url":"https:\/\/i0.wp.com\/radio.ufpa.br\/wp-content\/uploads\/2018\/03\/Ivone%20Lara.jpg?fit=660%2C300&ssl=1","contentUrl":"https:\/\/i0.wp.com\/radio.ufpa.br\/wp-content\/uploads\/2018\/03\/Ivone%20Lara.jpg?fit=660%2C300&ssl=1","width":660,"height":300},{"@type":"BreadcrumbList","@id":"https:\/\/radio.ufpa.br\/index.php\/memoria-musical\/dona-ivone-lara\/#breadcrumb","itemListElement":[{"@type":"ListItem","position":1,"name":"In\u00edcio","item":"https:\/\/radio.ufpa.br\/"},{"@type":"ListItem","position":2,"name":"Dona Ivone Lara"}]},{"@type":"WebSite","@id":"https:\/\/radio.ufpa.br\/#website","url":"https:\/\/radio.ufpa.br\/","name":"Radio Web UFPA","description":"Divulgando o conhecimento","publisher":{"@id":"https:\/\/radio.ufpa.br\/#organization"},"potentialAction":[{"@type":"SearchAction","target":{"@type":"EntryPoint","urlTemplate":"https:\/\/radio.ufpa.br\/?s={search_term_string}"},"query-input":{"@type":"PropertyValueSpecification","valueRequired":true,"valueName":"search_term_string"}}],"inLanguage":"pt-BR"},{"@type":"Organization","@id":"https:\/\/radio.ufpa.br\/#organization","name":"UNIVERSIDADE FEDERAL DO PAR\u00c1-R\u00c1DIO WEB UFPA","url":"https:\/\/radio.ufpa.br\/","logo":{"@type":"ImageObject","inLanguage":"pt-BR","@id":"https:\/\/radio.ufpa.br\/#\/schema\/logo\/image\/","url":"https:\/\/i0.wp.com\/radio.ufpa.br\/wp-content\/uploads\/2025\/12\/images-removebg-preview.png?fit=417%2C121&ssl=1","contentUrl":"https:\/\/i0.wp.com\/radio.ufpa.br\/wp-content\/uploads\/2025\/12\/images-removebg-preview.png?fit=417%2C121&ssl=1","width":417,"height":121,"caption":"UNIVERSIDADE FEDERAL DO PAR\u00c1-R\u00c1DIO WEB UFPA"},"image":{"@id":"https:\/\/radio.ufpa.br\/#\/schema\/logo\/image\/"},"sameAs":["https:\/\/www.facebook.com\/radiowebufpa","https:\/\/x.com\/radiowebufpa","https:\/\/www.instagram.com\/radiowebufpa\/","https:\/\/www.youtube.com\/user\/RadioWebUFP4"]},{"@type":"Person","@id":"https:\/\/radio.ufpa.br\/#\/schema\/person\/f3f139516982741ca0831359933ac096","name":"Fabr\u00edcio Queiroz","image":{"@type":"ImageObject","inLanguage":"pt-BR","@id":"https:\/\/radio.ufpa.br\/#\/schema\/person\/image\/","url":"https:\/\/secure.gravatar.com\/avatar\/16286edb2cee888d704ce74385081b7f?s=96&d=mm&r=g","contentUrl":"https:\/\/secure.gravatar.com\/avatar\/16286edb2cee888d704ce74385081b7f?s=96&d=mm&r=g","caption":"Fabr\u00edcio Queiroz"},"description":"Editor e Jornalista respons\u00e1vel","url":"https:\/\/radio.ufpa.br\/index.php\/author\/fabricio\/"}]}},"jetpack_publicize_connections":[],"jetpack_featured_media_url":"https:\/\/i0.wp.com\/radio.ufpa.br\/wp-content\/uploads\/2018\/03\/Ivone%20Lara.jpg?fit=660%2C300&ssl=1","jetpack_shortlink":"https:\/\/wp.me\/p8TJeA-16q","jetpack_likes_enabled":true,"jetpack-related-posts":[],"jetpack_sharing_enabled":true,"_links":{"self":[{"href":"https:\/\/radio.ufpa.br\/index.php\/wp-json\/wp\/v2\/posts\/4242","targetHints":{"allow":["GET"]}}],"collection":[{"href":"https:\/\/radio.ufpa.br\/index.php\/wp-json\/wp\/v2\/posts"}],"about":[{"href":"https:\/\/radio.ufpa.br\/index.php\/wp-json\/wp\/v2\/types\/post"}],"author":[{"embeddable":true,"href":"https:\/\/radio.ufpa.br\/index.php\/wp-json\/wp\/v2\/users\/2"}],"replies":[{"embeddable":true,"href":"https:\/\/radio.ufpa.br\/index.php\/wp-json\/wp\/v2\/comments?post=4242"}],"version-history":[{"count":2,"href":"https:\/\/radio.ufpa.br\/index.php\/wp-json\/wp\/v2\/posts\/4242\/revisions"}],"predecessor-version":[{"id":4247,"href":"https:\/\/radio.ufpa.br\/index.php\/wp-json\/wp\/v2\/posts\/4242\/revisions\/4247"}],"wp:featuredmedia":[{"embeddable":true,"href":"https:\/\/radio.ufpa.br\/index.php\/wp-json\/wp\/v2\/media\/4244"}],"wp:attachment":[{"href":"https:\/\/radio.ufpa.br\/index.php\/wp-json\/wp\/v2\/media?parent=4242"}],"wp:term":[{"taxonomy":"category","embeddable":true,"href":"https:\/\/radio.ufpa.br\/index.php\/wp-json\/wp\/v2\/categories?post=4242"},{"taxonomy":"post_tag","embeddable":true,"href":"https:\/\/radio.ufpa.br\/index.php\/wp-json\/wp\/v2\/tags?post=4242"}],"curies":[{"name":"wp","href":"https:\/\/api.w.org\/{rel}","templated":true}]}}