{"id":4248,"date":"2018-05-26T07:00:58","date_gmt":"2018-05-26T10:00:58","guid":{"rendered":"http:\/\/radio.ufpa.br\/?p=4248"},"modified":"2018-06-08T11:25:53","modified_gmt":"2018-06-08T14:25:53","slug":"sao-braz-o-complexo-da-historia","status":"publish","type":"post","link":"https:\/\/radio.ufpa.br\/index.php\/escurinho-do-cinema\/sao-braz-o-complexo-da-historia\/","title":{"rendered":"S\u00e3o Braz, o Complexo da Hist\u00f3ria"},"content":{"rendered":"<!--[if lt IE 9]><script>document.createElement('audio');<\/script><![endif]-->\n\t<div class=\"wp-playlist wp-audio-playlist wp-playlist-light\">\n\t\t\t<div class=\"wp-playlist-current-item\"><\/div>\n\t\t<audio controls=\"controls\" preload=\"none\" width=\"1178\"\n\t\t\t><\/audio>\n\t<div class=\"wp-playlist-next\"><\/div>\n\t<div class=\"wp-playlist-prev\"><\/div>\n\t<noscript>\n\t<ol>\n\t\t<li><a href='https:\/\/radio.ufpa.br\/wp-content\/uploads\/2018\/03\/ESCURINHO%20DO%20CINEMA%20-%20S\u00c3O%20BR\u00c1S%20COMPLEXO%20DA%20HIST\u00d3RIA%2026.05.2018.mp3'>Escurinho do Cinema -  S\u00e3io Braz O Complexo da Hist\u00f3ria<\/a><\/li>\t<\/ol>\n\t<\/noscript>\n\t<script type=\"application\/json\" class=\"wp-playlist-script\">{\"type\":\"audio\",\"tracklist\":true,\"tracknumbers\":true,\"images\":true,\"artists\":true,\"tracks\":[{\"src\":\"https:\\\/\\\/radio.ufpa.br\\\/wp-content\\\/uploads\\\/2018\\\/03\\\/ESCURINHO DO CINEMA - S\\u00c3O BR\\u00c1S COMPLEXO DA HIST\\u00d3RIA 26.05.2018.mp3\",\"type\":\"audio\\\/mpeg\",\"title\":\"Escurinho do Cinema -  S\\u00e3io Braz O Complexo da Hist\\u00f3ria\",\"caption\":\"\",\"description\":\"\\\"ESCURINHO DO CINEMA - S\\u00c3O BR\\u00c1S COMPLEXO DA HIST\\u00d3RIA 26.05.2018\\\". Genre: Blues.\",\"meta\":{\"artist\":\"R\\u00e1dio Web UFPA\",\"album\":\"Escurinho do Cinema\",\"genre\":\"Blues\",\"length_formatted\":\"32:47\"},\"image\":{\"src\":\"https:\\\/\\\/radio.ufpa.br\\\/wp-includes\\\/images\\\/media\\\/audio.svg\",\"width\":48,\"height\":64},\"thumb\":{\"src\":\"https:\\\/\\\/radio.ufpa.br\\\/wp-includes\\\/images\\\/media\\\/audio.svg\",\"width\":48,\"height\":64}}]}<\/script>\n<\/div>\n\t\n<p><strong>S\u00e3o Braz, o Complexo da Hist\u00f3ria<\/strong>, da diretora e roteirista Rosana Rodrigues, \u00e9 o tema desta edi\u00e7\u00e3o do Escurinho do Cinema. O document\u00e1rio mostra n\u00e3o apenas um mercado com influ\u00eancias arquitet\u00f4nicas italianas, mas tamb\u00e9m repleto de rela\u00e7\u00f5es hist\u00f3ricas e sociais.<\/p>\n<p>Constru\u00e7\u00e3o inaugurada no dia 21 de maio de 1911, o Mercado de S\u00e3o Braz buscava atender as necessidades comercias da \u00e9poca de funcionamento da ferrovia Bel\u00e9m\u2013Bragan\u00e7a. Encomendado pelo ent\u00e3o intendente Ant\u00f4nio Jos\u00e9 Lemos, foi projetado e executado pelo arquiteto italiano Filinto Santoro.<\/p>\n<p>Com estrutura de ferro e mescla de elementos Art nouveau e neocl\u00e1ssico, o pr\u00e9dio hoje representa a realidade de abandono de muitos espa\u00e7os da cidade.<\/p>\n<p>Rosana Rodrigues conta que a ideia de produ\u00e7\u00e3o o document\u00e1rio surgiu durante as atividades de uma disciplina de gradua\u00e7\u00e3o, que acabou gerando o filme. Mesmo sendo a primeira experi\u00eancia de Rosana com audiovisual, <strong>S\u00e3o Braz, o Complexo da Hist\u00f3ria<\/strong> foi vencedor da categoria &#8220;Na sequ\u00eancia&#8221;, na 3\u00aa Mostra Curta Par\u00e1 Cine Brasil.<\/p>\n<p>No programa, Rosana Rodrigues comenta o processo de produ\u00e7\u00e3o, a import\u00e2ncia da preserva\u00e7\u00e3o do patrim\u00f4nio hist\u00f3rico de Bel\u00e9m e como o filme aborda as rela\u00e7\u00f5es dos trabalhadores e moradores com o Mercado de S\u00e3o Braz. Voc\u00ea pode conferir <strong>S\u00e3o Braz, o Complexo da Hist\u00f3ria<\/strong> no video abaixo.<\/p>\n<p>Apresenta\u00e7\u00e3o: Elissandra Batista<br \/>\nProdu\u00e7\u00e3o e roteiro: Graziela Ferreira<br \/>\nGrava\u00e7\u00e3o e montagem: Genard Silva<br \/>\nSupervis\u00e3o e edi\u00e7\u00e3o: Elissandra Batista e Fabr\u00edcio Queiroz<br \/>\nFoto: Ag\u00eancia Bel\u00e9m<\/p>\n<p>O Escurinho do Cinema vai ar todo s\u00e1bado, \u00e0s 17hs.<br \/>\nHor\u00e1rios alternativos: Domingo, \u00e0s 20hs; ter\u00e7a-feira, \u00e0s 17hs; e quinta-feira, \u00e0s 14hs.<\/p>\n<p><iframe loading=\"lazy\" src=\"https:\/\/www.youtube.com\/embed\/yJvwGj8f6w0?rel=0\" width=\"600\" height=\"400\" frameborder=\"0\" allowfullscreen=\"allowfullscreen\"><\/iframe><\/p>\n","protected":false},"excerpt":{"rendered":"<p> &#8230; <a title=\"S\u00e3o Braz, o Complexo da Hist\u00f3ria\" class=\"read-more\" href=\"https:\/\/radio.ufpa.br\/index.php\/escurinho-do-cinema\/sao-braz-o-complexo-da-historia\/\" aria-label=\"Read more about S\u00e3o Braz, o Complexo da Hist\u00f3ria\">Ler mais<\/a><\/p>\n","protected":false},"author":2,"featured_media":4250,"comment_status":"open","ping_status":"open","sticky":false,"template":"","format":"standard","meta":{"_acf_changed":false,"_exactmetrics_skip_tracking":false,"_exactmetrics_sitenote_active":false,"_exactmetrics_sitenote_note":"","_exactmetrics_sitenote_category":0,"_monsterinsights_skip_tracking":false,"_monsterinsights_sitenote_active":false,"_monsterinsights_sitenote_note":"","_monsterinsights_sitenote_category":0,"_uf_show_specific_survey":0,"_uf_disable_surveys":false,"jetpack_post_was_ever_published":false,"_jetpack_newsletter_access":"","_jetpack_dont_email_post_to_subs":false,"_jetpack_newsletter_tier_id":0,"_jetpack_memberships_contains_paywalled_content":false,"_jetpack_memberships_contains_paid_content":false,"footnotes":"","jetpack_publicize_message":"","jetpack_publicize_feature_enabled":true,"jetpack_social_post_already_shared":true,"jetpack_social_options":{"image_generator_settings":{"template":"highway","enabled":false},"version":2}},"categories":[677],"tags":[],"class_list":["post-4248","post","type-post","status-publish","format-standard","has-post-thumbnail","hentry","category-escurinho-do-cinema"],"acf":[],"yoast_head":"<!-- This site is optimized with the Yoast SEO plugin v25.1 - https:\/\/yoast.com\/wordpress\/plugins\/seo\/ -->\n<title>S\u00e3o Braz, o Complexo da Hist\u00f3ria - Radio Web UFPA<\/title>\n<meta name=\"description\" content=\"O document\u00e1rio S\u00e3o Braz, o Complexo da Hist\u00f3ria, de Rosana Rodrigues, aborda a trajet\u00f3ria e os desafios para preserva\u00e7\u00e3o deste mercado centen\u00e1rio.\" \/>\n<meta name=\"robots\" content=\"index, follow, max-snippet:-1, max-image-preview:large, max-video-preview:-1\" \/>\n<link rel=\"canonical\" href=\"https:\/\/radio.ufpa.br\/index.php\/escurinho-do-cinema\/sao-braz-o-complexo-da-historia\/\" \/>\n<meta property=\"og:locale\" content=\"pt_BR\" \/>\n<meta property=\"og:type\" content=\"article\" \/>\n<meta property=\"og:title\" content=\"S\u00e3o Braz, o Complexo da Hist\u00f3ria - Radio Web UFPA\" \/>\n<meta property=\"og:description\" content=\"O document\u00e1rio S\u00e3o Braz, o Complexo da Hist\u00f3ria, de Rosana Rodrigues, aborda a trajet\u00f3ria e os desafios para preserva\u00e7\u00e3o deste mercado centen\u00e1rio.\" \/>\n<meta property=\"og:url\" content=\"https:\/\/radio.ufpa.br\/index.php\/escurinho-do-cinema\/sao-braz-o-complexo-da-historia\/\" \/>\n<meta property=\"og:site_name\" content=\"Radio Web UFPA\" \/>\n<meta property=\"article:publisher\" content=\"https:\/\/www.facebook.com\/radiowebufpa\" \/>\n<meta property=\"article:published_time\" content=\"2018-05-26T10:00:58+00:00\" \/>\n<meta property=\"article:modified_time\" content=\"2018-06-08T14:25:53+00:00\" \/>\n<meta property=\"og:image\" content=\"https:\/\/i0.wp.com\/radio.ufpa.br\/wp-content\/uploads\/2018\/03\/Mercado%20de%20S\u00e3o%20Braz.jpg?fit=2000%2C1333&ssl=1\" \/>\n\t<meta property=\"og:image:width\" content=\"2000\" \/>\n\t<meta property=\"og:image:height\" content=\"1333\" \/>\n\t<meta property=\"og:image:type\" content=\"image\/jpeg\" \/>\n<meta name=\"author\" content=\"Fabr\u00edcio Queiroz\" \/>\n<meta name=\"twitter:card\" content=\"summary_large_image\" \/>\n<meta name=\"twitter:creator\" content=\"@radiowebufpa\" \/>\n<meta name=\"twitter:site\" content=\"@radiowebufpa\" \/>\n<meta name=\"twitter:label1\" content=\"Escrito por\" \/>\n\t<meta name=\"twitter:data1\" content=\"Fabr\u00edcio Queiroz\" \/>\n\t<meta name=\"twitter:label2\" content=\"Est. tempo de leitura\" \/>\n\t<meta name=\"twitter:data2\" content=\"1 minuto\" \/>\n<script type=\"application\/ld+json\" class=\"yoast-schema-graph\">{\"@context\":\"https:\/\/schema.org\",\"@graph\":[{\"@type\":\"Article\",\"@id\":\"https:\/\/radio.ufpa.br\/index.php\/escurinho-do-cinema\/sao-braz-o-complexo-da-historia\/#article\",\"isPartOf\":{\"@id\":\"https:\/\/radio.ufpa.br\/index.php\/escurinho-do-cinema\/sao-braz-o-complexo-da-historia\/\"},\"author\":{\"name\":\"Fabr\u00edcio Queiroz\",\"@id\":\"https:\/\/radio.ufpa.br\/#\/schema\/person\/f3f139516982741ca0831359933ac096\"},\"headline\":\"S\u00e3o Braz, o Complexo da Hist\u00f3ria\",\"datePublished\":\"2018-05-26T10:00:58+00:00\",\"dateModified\":\"2018-06-08T14:25:53+00:00\",\"mainEntityOfPage\":{\"@id\":\"https:\/\/radio.ufpa.br\/index.php\/escurinho-do-cinema\/sao-braz-o-complexo-da-historia\/\"},\"wordCount\":306,\"commentCount\":0,\"publisher\":{\"@id\":\"https:\/\/radio.ufpa.br\/#organization\"},\"image\":{\"@id\":\"https:\/\/radio.ufpa.br\/index.php\/escurinho-do-cinema\/sao-braz-o-complexo-da-historia\/#primaryimage\"},\"thumbnailUrl\":\"https:\/\/i0.wp.com\/radio.ufpa.br\/wp-content\/uploads\/2018\/03\/Mercado%20de%20S%C3%A3o%20Braz.jpg?fit=2000%2C1333&ssl=1\",\"articleSection\":[\"Escurinho do Cinema\"],\"inLanguage\":\"pt-BR\",\"potentialAction\":[{\"@type\":\"CommentAction\",\"name\":\"Comment\",\"target\":[\"https:\/\/radio.ufpa.br\/index.php\/escurinho-do-cinema\/sao-braz-o-complexo-da-historia\/#respond\"]}]},{\"@type\":\"WebPage\",\"@id\":\"https:\/\/radio.ufpa.br\/index.php\/escurinho-do-cinema\/sao-braz-o-complexo-da-historia\/\",\"url\":\"https:\/\/radio.ufpa.br\/index.php\/escurinho-do-cinema\/sao-braz-o-complexo-da-historia\/\",\"name\":\"S\u00e3o Braz, o Complexo da Hist\u00f3ria - Radio Web UFPA\",\"isPartOf\":{\"@id\":\"https:\/\/radio.ufpa.br\/#website\"},\"primaryImageOfPage\":{\"@id\":\"https:\/\/radio.ufpa.br\/index.php\/escurinho-do-cinema\/sao-braz-o-complexo-da-historia\/#primaryimage\"},\"image\":{\"@id\":\"https:\/\/radio.ufpa.br\/index.php\/escurinho-do-cinema\/sao-braz-o-complexo-da-historia\/#primaryimage\"},\"thumbnailUrl\":\"https:\/\/i0.wp.com\/radio.ufpa.br\/wp-content\/uploads\/2018\/03\/Mercado%20de%20S%C3%A3o%20Braz.jpg?fit=2000%2C1333&ssl=1\",\"datePublished\":\"2018-05-26T10:00:58+00:00\",\"dateModified\":\"2018-06-08T14:25:53+00:00\",\"description\":\"O document\u00e1rio S\u00e3o Braz, o Complexo da Hist\u00f3ria, de Rosana Rodrigues, aborda a trajet\u00f3ria e os desafios para preserva\u00e7\u00e3o deste mercado centen\u00e1rio.\",\"breadcrumb\":{\"@id\":\"https:\/\/radio.ufpa.br\/index.php\/escurinho-do-cinema\/sao-braz-o-complexo-da-historia\/#breadcrumb\"},\"inLanguage\":\"pt-BR\",\"potentialAction\":[{\"@type\":\"ReadAction\",\"target\":[\"https:\/\/radio.ufpa.br\/index.php\/escurinho-do-cinema\/sao-braz-o-complexo-da-historia\/\"]}]},{\"@type\":\"ImageObject\",\"inLanguage\":\"pt-BR\",\"@id\":\"https:\/\/radio.ufpa.br\/index.php\/escurinho-do-cinema\/sao-braz-o-complexo-da-historia\/#primaryimage\",\"url\":\"https:\/\/i0.wp.com\/radio.ufpa.br\/wp-content\/uploads\/2018\/03\/Mercado%20de%20S%C3%A3o%20Braz.jpg?fit=2000%2C1333&ssl=1\",\"contentUrl\":\"https:\/\/i0.wp.com\/radio.ufpa.br\/wp-content\/uploads\/2018\/03\/Mercado%20de%20S%C3%A3o%20Braz.jpg?fit=2000%2C1333&ssl=1\",\"width\":2000,\"height\":1333},{\"@type\":\"BreadcrumbList\",\"@id\":\"https:\/\/radio.ufpa.br\/index.php\/escurinho-do-cinema\/sao-braz-o-complexo-da-historia\/#breadcrumb\",\"itemListElement\":[{\"@type\":\"ListItem\",\"position\":1,\"name\":\"In\u00edcio\",\"item\":\"https:\/\/radio.ufpa.br\/\"},{\"@type\":\"ListItem\",\"position\":2,\"name\":\"S\u00e3o Braz, o Complexo da Hist\u00f3ria\"}]},{\"@type\":\"WebSite\",\"@id\":\"https:\/\/radio.ufpa.br\/#website\",\"url\":\"https:\/\/radio.ufpa.br\/\",\"name\":\"Radio Web UFPA\",\"description\":\"Divulgando o conhecimento\",\"publisher\":{\"@id\":\"https:\/\/radio.ufpa.br\/#organization\"},\"potentialAction\":[{\"@type\":\"SearchAction\",\"target\":{\"@type\":\"EntryPoint\",\"urlTemplate\":\"https:\/\/radio.ufpa.br\/?s={search_term_string}\"},\"query-input\":{\"@type\":\"PropertyValueSpecification\",\"valueRequired\":true,\"valueName\":\"search_term_string\"}}],\"inLanguage\":\"pt-BR\"},{\"@type\":\"Organization\",\"@id\":\"https:\/\/radio.ufpa.br\/#organization\",\"name\":\"UNIVERSIDADE FEDERAL DO PAR\u00c1-R\u00c1DIO WEB UFPA\",\"url\":\"https:\/\/radio.ufpa.br\/\",\"logo\":{\"@type\":\"ImageObject\",\"inLanguage\":\"pt-BR\",\"@id\":\"https:\/\/radio.ufpa.br\/#\/schema\/logo\/image\/\",\"url\":\"https:\/\/i0.wp.com\/radio.ufpa.br\/wp-content\/uploads\/2025\/12\/images-removebg-preview.png?fit=417%2C121&ssl=1\",\"contentUrl\":\"https:\/\/i0.wp.com\/radio.ufpa.br\/wp-content\/uploads\/2025\/12\/images-removebg-preview.png?fit=417%2C121&ssl=1\",\"width\":417,\"height\":121,\"caption\":\"UNIVERSIDADE FEDERAL DO PAR\u00c1-R\u00c1DIO WEB UFPA\"},\"image\":{\"@id\":\"https:\/\/radio.ufpa.br\/#\/schema\/logo\/image\/\"},\"sameAs\":[\"https:\/\/www.facebook.com\/radiowebufpa\",\"https:\/\/x.com\/radiowebufpa\",\"https:\/\/www.instagram.com\/radiowebufpa\/\",\"https:\/\/www.youtube.com\/user\/RadioWebUFP4\"]},{\"@type\":\"Person\",\"@id\":\"https:\/\/radio.ufpa.br\/#\/schema\/person\/f3f139516982741ca0831359933ac096\",\"name\":\"Fabr\u00edcio Queiroz\",\"image\":{\"@type\":\"ImageObject\",\"inLanguage\":\"pt-BR\",\"@id\":\"https:\/\/radio.ufpa.br\/#\/schema\/person\/image\/\",\"url\":\"https:\/\/secure.gravatar.com\/avatar\/16286edb2cee888d704ce74385081b7f?s=96&d=mm&r=g\",\"contentUrl\":\"https:\/\/secure.gravatar.com\/avatar\/16286edb2cee888d704ce74385081b7f?s=96&d=mm&r=g\",\"caption\":\"Fabr\u00edcio Queiroz\"},\"description\":\"Editor e Jornalista respons\u00e1vel\",\"url\":\"https:\/\/radio.ufpa.br\/index.php\/author\/fabricio\/\"}]}<\/script>\n<!-- \/ Yoast SEO plugin. -->","yoast_head_json":{"title":"S\u00e3o Braz, o Complexo da Hist\u00f3ria - Radio Web UFPA","description":"O document\u00e1rio S\u00e3o Braz, o Complexo da Hist\u00f3ria, de Rosana Rodrigues, aborda a trajet\u00f3ria e os desafios para preserva\u00e7\u00e3o deste mercado centen\u00e1rio.","robots":{"index":"index","follow":"follow","max-snippet":"max-snippet:-1","max-image-preview":"max-image-preview:large","max-video-preview":"max-video-preview:-1"},"canonical":"https:\/\/radio.ufpa.br\/index.php\/escurinho-do-cinema\/sao-braz-o-complexo-da-historia\/","og_locale":"pt_BR","og_type":"article","og_title":"S\u00e3o Braz, o Complexo da Hist\u00f3ria - Radio Web UFPA","og_description":"O document\u00e1rio S\u00e3o Braz, o Complexo da Hist\u00f3ria, de Rosana Rodrigues, aborda a trajet\u00f3ria e os desafios para preserva\u00e7\u00e3o deste mercado centen\u00e1rio.","og_url":"https:\/\/radio.ufpa.br\/index.php\/escurinho-do-cinema\/sao-braz-o-complexo-da-historia\/","og_site_name":"Radio Web UFPA","article_publisher":"https:\/\/www.facebook.com\/radiowebufpa","article_published_time":"2018-05-26T10:00:58+00:00","article_modified_time":"2018-06-08T14:25:53+00:00","og_image":[{"width":2000,"height":1333,"url":"https:\/\/i0.wp.com\/radio.ufpa.br\/wp-content\/uploads\/2018\/03\/Mercado de S\u00e3o Braz.jpg?fit=2000%2C1333&ssl=1","type":"image\/jpeg"}],"author":"Fabr\u00edcio Queiroz","twitter_card":"summary_large_image","twitter_creator":"@radiowebufpa","twitter_site":"@radiowebufpa","twitter_misc":{"Escrito por":"Fabr\u00edcio Queiroz","Est. tempo de leitura":"1 minuto"},"schema":{"@context":"https:\/\/schema.org","@graph":[{"@type":"Article","@id":"https:\/\/radio.ufpa.br\/index.php\/escurinho-do-cinema\/sao-braz-o-complexo-da-historia\/#article","isPartOf":{"@id":"https:\/\/radio.ufpa.br\/index.php\/escurinho-do-cinema\/sao-braz-o-complexo-da-historia\/"},"author":{"name":"Fabr\u00edcio Queiroz","@id":"https:\/\/radio.ufpa.br\/#\/schema\/person\/f3f139516982741ca0831359933ac096"},"headline":"S\u00e3o Braz, o Complexo da Hist\u00f3ria","datePublished":"2018-05-26T10:00:58+00:00","dateModified":"2018-06-08T14:25:53+00:00","mainEntityOfPage":{"@id":"https:\/\/radio.ufpa.br\/index.php\/escurinho-do-cinema\/sao-braz-o-complexo-da-historia\/"},"wordCount":306,"commentCount":0,"publisher":{"@id":"https:\/\/radio.ufpa.br\/#organization"},"image":{"@id":"https:\/\/radio.ufpa.br\/index.php\/escurinho-do-cinema\/sao-braz-o-complexo-da-historia\/#primaryimage"},"thumbnailUrl":"https:\/\/i0.wp.com\/radio.ufpa.br\/wp-content\/uploads\/2018\/03\/Mercado%20de%20S%C3%A3o%20Braz.jpg?fit=2000%2C1333&ssl=1","articleSection":["Escurinho do Cinema"],"inLanguage":"pt-BR","potentialAction":[{"@type":"CommentAction","name":"Comment","target":["https:\/\/radio.ufpa.br\/index.php\/escurinho-do-cinema\/sao-braz-o-complexo-da-historia\/#respond"]}]},{"@type":"WebPage","@id":"https:\/\/radio.ufpa.br\/index.php\/escurinho-do-cinema\/sao-braz-o-complexo-da-historia\/","url":"https:\/\/radio.ufpa.br\/index.php\/escurinho-do-cinema\/sao-braz-o-complexo-da-historia\/","name":"S\u00e3o Braz, o Complexo da Hist\u00f3ria - Radio Web UFPA","isPartOf":{"@id":"https:\/\/radio.ufpa.br\/#website"},"primaryImageOfPage":{"@id":"https:\/\/radio.ufpa.br\/index.php\/escurinho-do-cinema\/sao-braz-o-complexo-da-historia\/#primaryimage"},"image":{"@id":"https:\/\/radio.ufpa.br\/index.php\/escurinho-do-cinema\/sao-braz-o-complexo-da-historia\/#primaryimage"},"thumbnailUrl":"https:\/\/i0.wp.com\/radio.ufpa.br\/wp-content\/uploads\/2018\/03\/Mercado%20de%20S%C3%A3o%20Braz.jpg?fit=2000%2C1333&ssl=1","datePublished":"2018-05-26T10:00:58+00:00","dateModified":"2018-06-08T14:25:53+00:00","description":"O document\u00e1rio S\u00e3o Braz, o Complexo da Hist\u00f3ria, de Rosana Rodrigues, aborda a trajet\u00f3ria e os desafios para preserva\u00e7\u00e3o deste mercado centen\u00e1rio.","breadcrumb":{"@id":"https:\/\/radio.ufpa.br\/index.php\/escurinho-do-cinema\/sao-braz-o-complexo-da-historia\/#breadcrumb"},"inLanguage":"pt-BR","potentialAction":[{"@type":"ReadAction","target":["https:\/\/radio.ufpa.br\/index.php\/escurinho-do-cinema\/sao-braz-o-complexo-da-historia\/"]}]},{"@type":"ImageObject","inLanguage":"pt-BR","@id":"https:\/\/radio.ufpa.br\/index.php\/escurinho-do-cinema\/sao-braz-o-complexo-da-historia\/#primaryimage","url":"https:\/\/i0.wp.com\/radio.ufpa.br\/wp-content\/uploads\/2018\/03\/Mercado%20de%20S%C3%A3o%20Braz.jpg?fit=2000%2C1333&ssl=1","contentUrl":"https:\/\/i0.wp.com\/radio.ufpa.br\/wp-content\/uploads\/2018\/03\/Mercado%20de%20S%C3%A3o%20Braz.jpg?fit=2000%2C1333&ssl=1","width":2000,"height":1333},{"@type":"BreadcrumbList","@id":"https:\/\/radio.ufpa.br\/index.php\/escurinho-do-cinema\/sao-braz-o-complexo-da-historia\/#breadcrumb","itemListElement":[{"@type":"ListItem","position":1,"name":"In\u00edcio","item":"https:\/\/radio.ufpa.br\/"},{"@type":"ListItem","position":2,"name":"S\u00e3o Braz, o Complexo da Hist\u00f3ria"}]},{"@type":"WebSite","@id":"https:\/\/radio.ufpa.br\/#website","url":"https:\/\/radio.ufpa.br\/","name":"Radio Web UFPA","description":"Divulgando o conhecimento","publisher":{"@id":"https:\/\/radio.ufpa.br\/#organization"},"potentialAction":[{"@type":"SearchAction","target":{"@type":"EntryPoint","urlTemplate":"https:\/\/radio.ufpa.br\/?s={search_term_string}"},"query-input":{"@type":"PropertyValueSpecification","valueRequired":true,"valueName":"search_term_string"}}],"inLanguage":"pt-BR"},{"@type":"Organization","@id":"https:\/\/radio.ufpa.br\/#organization","name":"UNIVERSIDADE FEDERAL DO PAR\u00c1-R\u00c1DIO WEB UFPA","url":"https:\/\/radio.ufpa.br\/","logo":{"@type":"ImageObject","inLanguage":"pt-BR","@id":"https:\/\/radio.ufpa.br\/#\/schema\/logo\/image\/","url":"https:\/\/i0.wp.com\/radio.ufpa.br\/wp-content\/uploads\/2025\/12\/images-removebg-preview.png?fit=417%2C121&ssl=1","contentUrl":"https:\/\/i0.wp.com\/radio.ufpa.br\/wp-content\/uploads\/2025\/12\/images-removebg-preview.png?fit=417%2C121&ssl=1","width":417,"height":121,"caption":"UNIVERSIDADE FEDERAL DO PAR\u00c1-R\u00c1DIO WEB UFPA"},"image":{"@id":"https:\/\/radio.ufpa.br\/#\/schema\/logo\/image\/"},"sameAs":["https:\/\/www.facebook.com\/radiowebufpa","https:\/\/x.com\/radiowebufpa","https:\/\/www.instagram.com\/radiowebufpa\/","https:\/\/www.youtube.com\/user\/RadioWebUFP4"]},{"@type":"Person","@id":"https:\/\/radio.ufpa.br\/#\/schema\/person\/f3f139516982741ca0831359933ac096","name":"Fabr\u00edcio Queiroz","image":{"@type":"ImageObject","inLanguage":"pt-BR","@id":"https:\/\/radio.ufpa.br\/#\/schema\/person\/image\/","url":"https:\/\/secure.gravatar.com\/avatar\/16286edb2cee888d704ce74385081b7f?s=96&d=mm&r=g","contentUrl":"https:\/\/secure.gravatar.com\/avatar\/16286edb2cee888d704ce74385081b7f?s=96&d=mm&r=g","caption":"Fabr\u00edcio Queiroz"},"description":"Editor e Jornalista respons\u00e1vel","url":"https:\/\/radio.ufpa.br\/index.php\/author\/fabricio\/"}]}},"jetpack_publicize_connections":[],"jetpack_featured_media_url":"https:\/\/i0.wp.com\/radio.ufpa.br\/wp-content\/uploads\/2018\/03\/Mercado%20de%20S%C3%A3o%20Braz.jpg?fit=2000%2C1333&ssl=1","jetpack_shortlink":"https:\/\/wp.me\/p8TJeA-16w","jetpack_likes_enabled":true,"jetpack-related-posts":[],"jetpack_sharing_enabled":true,"_links":{"self":[{"href":"https:\/\/radio.ufpa.br\/index.php\/wp-json\/wp\/v2\/posts\/4248","targetHints":{"allow":["GET"]}}],"collection":[{"href":"https:\/\/radio.ufpa.br\/index.php\/wp-json\/wp\/v2\/posts"}],"about":[{"href":"https:\/\/radio.ufpa.br\/index.php\/wp-json\/wp\/v2\/types\/post"}],"author":[{"embeddable":true,"href":"https:\/\/radio.ufpa.br\/index.php\/wp-json\/wp\/v2\/users\/2"}],"replies":[{"embeddable":true,"href":"https:\/\/radio.ufpa.br\/index.php\/wp-json\/wp\/v2\/comments?post=4248"}],"version-history":[{"count":7,"href":"https:\/\/radio.ufpa.br\/index.php\/wp-json\/wp\/v2\/posts\/4248\/revisions"}],"predecessor-version":[{"id":4333,"href":"https:\/\/radio.ufpa.br\/index.php\/wp-json\/wp\/v2\/posts\/4248\/revisions\/4333"}],"wp:featuredmedia":[{"embeddable":true,"href":"https:\/\/radio.ufpa.br\/index.php\/wp-json\/wp\/v2\/media\/4250"}],"wp:attachment":[{"href":"https:\/\/radio.ufpa.br\/index.php\/wp-json\/wp\/v2\/media?parent=4248"}],"wp:term":[{"taxonomy":"category","embeddable":true,"href":"https:\/\/radio.ufpa.br\/index.php\/wp-json\/wp\/v2\/categories?post=4248"},{"taxonomy":"post_tag","embeddable":true,"href":"https:\/\/radio.ufpa.br\/index.php\/wp-json\/wp\/v2\/tags?post=4248"}],"curies":[{"name":"wp","href":"https:\/\/api.w.org\/{rel}","templated":true}]}}