{"id":4407,"date":"2018-06-19T17:30:38","date_gmt":"2018-06-19T20:30:38","guid":{"rendered":"http:\/\/radio.ufpa.br\/?p=4407"},"modified":"2018-06-26T16:37:37","modified_gmt":"2018-06-26T19:37:37","slug":"programa-recebe-candidatos-a-eleicao-do-ilc","status":"publish","type":"post","link":"https:\/\/radio.ufpa.br\/index.php\/ufpa-entrevista\/programa-recebe-candidatos-a-eleicao-do-ilc\/","title":{"rendered":"Programa recebe candidatos \u00e0 Elei\u00e7\u00e3o do ILC"},"content":{"rendered":"<!--[if lt IE 9]><script>document.createElement('audio');<\/script><![endif]-->\n\t<div class=\"wp-playlist wp-audio-playlist wp-playlist-light\">\n\t\t\t<div class=\"wp-playlist-current-item\"><\/div>\n\t\t<audio controls=\"controls\" preload=\"none\" width=\"1178\"\n\t\t\t><\/audio>\n\t<div class=\"wp-playlist-next\"><\/div>\n\t<div class=\"wp-playlist-prev\"><\/div>\n\t<noscript>\n\t<ol>\n\t\t<li><a href='https:\/\/radio.ufpa.br\/wp-content\/uploads\/2018\/03\/UFPA%20ENTREVISTA%20-%20ELEI\u00c7\u00c3O%20ILC%20-%20VALKYRIA%20E%20THOMAS2%20-%2019.06.18.mp3'>Elei\u00e7\u00e3o ILC Walkyria e Thomas<\/a><\/li><li><a href='https:\/\/radio.ufpa.br\/wp-content\/uploads\/2018\/03\/UFPA%20ENTREVISTA%20-%20ELEI\u00c7\u00c3O%20ILC%20-%20SILVIO%20HOLANDA%20-%20CHAPA%20RESIST\u00caNCIA%20-%2019.06.18.mp3'>Elei\u00e7\u00e3o ILC Silvio Holanda Chapa Resist\u00eancia<\/a><\/li>\t<\/ol>\n\t<\/noscript>\n\t<script type=\"application\/json\" class=\"wp-playlist-script\">{\"type\":\"audio\",\"tracklist\":true,\"tracknumbers\":true,\"images\":true,\"artists\":true,\"tracks\":[{\"src\":\"https:\\\/\\\/radio.ufpa.br\\\/wp-content\\\/uploads\\\/2018\\\/03\\\/UFPA ENTREVISTA - ELEI\\u00c7\\u00c3O ILC - VALKYRIA E THOMAS2 - 19.06.18.mp3\",\"type\":\"audio\\\/mpeg\",\"title\":\"Elei\\u00e7\\u00e3o ILC Walkyria e Thomas\",\"caption\":\"\",\"description\":\"\\\"UFPA ENTREVISTA - ELEI\\u00c7\\u00c3O ILC - VALKYRIA E THOMAS2 - 19.06.18\\\". Genre: Other.\",\"meta\":{\"artist\":\"R\\u00c1DIO WEB UFPA\",\"album\":\"UFPA Entrevista\",\"genre\":\"Other\",\"length_formatted\":\"32:59\"},\"image\":{\"src\":\"https:\\\/\\\/i0.wp.com\\\/radio.ufpa.br\\\/wp-content\\\/uploads\\\/2017\\\/06\\\/icon_ufpa_entrevista.png?fit=500%2C500&ssl=1\",\"width\":500,\"height\":500},\"thumb\":{\"src\":\"https:\\\/\\\/i0.wp.com\\\/radio.ufpa.br\\\/wp-content\\\/uploads\\\/2017\\\/06\\\/icon_ufpa_entrevista.png?resize=150%2C150&ssl=1\",\"width\":150,\"height\":150}},{\"src\":\"https:\\\/\\\/radio.ufpa.br\\\/wp-content\\\/uploads\\\/2018\\\/03\\\/UFPA ENTREVISTA - ELEI\\u00c7\\u00c3O ILC - SILVIO HOLANDA - CHAPA RESIST\\u00caNCIA - 19.06.18.mp3\",\"type\":\"audio\\\/mpeg\",\"title\":\"Elei\\u00e7\\u00e3o ILC Silvio Holanda Chapa Resist\\u00eancia\",\"caption\":\"\",\"description\":\"\\\"UFPA ENTREVISTA - ELEI\\u00c7\\u00c3O ILC - SILVIO HOLANDA - CHAPA RESIST\\u00caNCIA - 19.06.18\\\". Genre: Other.\",\"meta\":{\"artist\":\"R\\u00c1DIO WEB UFPA\",\"album\":\"UFPA Entrevista\",\"genre\":\"Other\",\"length_formatted\":\"32:33\"},\"image\":{\"src\":\"https:\\\/\\\/i0.wp.com\\\/radio.ufpa.br\\\/wp-content\\\/uploads\\\/2017\\\/06\\\/icon_ufpa_entrevista.png?fit=500%2C500&ssl=1\",\"width\":500,\"height\":500},\"thumb\":{\"src\":\"https:\\\/\\\/i0.wp.com\\\/radio.ufpa.br\\\/wp-content\\\/uploads\\\/2017\\\/06\\\/icon_ufpa_entrevista.png?resize=150%2C150&ssl=1\",\"width\":150,\"height\":150}}]}<\/script>\n<\/div>\n\t\n<p>O Instituto de Letras e Comunica\u00e7\u00e3o (ILC) est\u00e1 em processo de elei\u00e7\u00e3o para o per\u00edodo 2018-2022. Para ajudar a comunidade acad\u00eamica a conhecer as propostas para a gest\u00e3o do ILC, a R\u00e1dio Web UFPA apresenta edi\u00e7\u00f5es especiais do UFPA Entrevista com as duas chapas concorrentes.<\/p>\n<p>Em cada programa foram feitas as mesmas perguntas sobre os temas Desempenho Acad\u00eamico, Recursos Humanos, Infraestrutura e Acessibilidade, Administra\u00e7\u00e3o e, ainda, Ensino, Pesquisa e Extens\u00e3o. \u00c0 cada chapa foi dedicado um tempo de 30 minutos para responder as quest\u00f5es e esclarecer suas propostas.<\/p>\n<p>\u00c0s chapas tamb\u00e9m coube a decis\u00e3o de participar da grava\u00e7\u00e3o com os dois ou com apenas um dos candidatos. Pela <strong>Chapa &#8220;Resist\u00eancia &amp; Intera\u00e7\u00e3o&#8221;<\/strong> participou o professor S\u00edlvio Holanda. J\u00e1 pela <strong>Chapa &#8220;Walkyria e Thomas&#8221;<\/strong> participaram os professores Walkyria Magno e Silva e Thomas Fairchild.<\/p>\n<p>Conforme acordado com as chapas, o primeiro programa exibido ser\u00e1 com a <strong>Chapa &#8220;Walkyria e Thomas&#8221;<\/strong> nesta ter\u00e7a-feira, 19 de junho, 19h. Este programa tamb\u00e9m ser\u00e1 reexibido nos dias 25 e 26 de junho, \u00e0s 15h e 19h, respectivamente. J\u00e1 o programa com a <strong>Chapa &#8220;Resist\u00eancia &amp; Intera\u00e7\u00e3o&#8221;<\/strong> ter\u00e1 sua primeira exibi\u00e7\u00e3o na quinta-feira, 21 de junho, tamb\u00e9m \u00e0s 19h e ser\u00e1 reprisado nos dias 27 e 28 de junho, \u00e0s 15h e 19h, respectivamente. Os dois programas ser\u00e3o disponibilizados simultaneamente para download e audi\u00e7\u00e3o a partir da sexta-feira, 22 de junho.<\/p>\n<p>Acompanhe os programas e saiba mais sobre os projetos e a\u00e7\u00f5es propostas pelos candidatos para o Instituto que congrega a Faculdade de Comunica\u00e7\u00e3o, a Faculdade de Letras, a Faculdade de Letras Estrangeiras Modernas, o Programa de P\u00f3s-Gradua\u00e7\u00e3o em Comunica\u00e7\u00e3o, Cultura e Amaz\u00f4nia, o Programa de P\u00f3s-Gradua\u00e7\u00e3o em Letras e o Mestrado Profissional em Letras em Rede Nacional.<\/p>\n<p>A Elei\u00e7\u00e3o para o Instituto de Letras e Comunica\u00e7\u00e3o ocorre nos pr\u00f3ximos dias 2 e 3 de julho por meio do SIG-Elei\u00e7\u00e3o neste <a href=\"https:\/\/sigeleicao.ufpa.br\/sigeleicao\/\">link<\/a>.<\/p>\n<p>Apresenta\u00e7\u00e3o: Fabr\u00edcio Queiroz<br \/>\nProdu\u00e7\u00e3o: Giullia Moreira<br \/>\nGrava\u00e7\u00e3o e montagem: Jo\u00e3o Nilo Ferreira e Genard Silva<br \/>\nSupervis\u00e3o e edi\u00e7\u00e3o: Elissandra Batista e Fabr\u00edcio Queiroz<\/p>\n","protected":false},"excerpt":{"rendered":"<p> &#8230; <a title=\"Programa recebe candidatos \u00e0 Elei\u00e7\u00e3o do ILC\" class=\"read-more\" href=\"https:\/\/radio.ufpa.br\/index.php\/ufpa-entrevista\/programa-recebe-candidatos-a-eleicao-do-ilc\/\" aria-label=\"Read more about Programa recebe candidatos \u00e0 Elei\u00e7\u00e3o do ILC\">Ler mais<\/a><\/p>\n","protected":false},"author":2,"featured_media":4409,"comment_status":"open","ping_status":"open","sticky":false,"template":"","format":"standard","meta":{"_acf_changed":false,"_exactmetrics_skip_tracking":false,"_exactmetrics_sitenote_active":false,"_exactmetrics_sitenote_note":"","_exactmetrics_sitenote_category":0,"_monsterinsights_skip_tracking":false,"_monsterinsights_sitenote_active":false,"_monsterinsights_sitenote_note":"","_monsterinsights_sitenote_category":0,"_uf_show_specific_survey":0,"_uf_disable_surveys":false,"jetpack_post_was_ever_published":false,"_jetpack_newsletter_access":"","_jetpack_dont_email_post_to_subs":false,"_jetpack_newsletter_tier_id":0,"_jetpack_memberships_contains_paywalled_content":false,"_jetpack_memberships_contains_paid_content":false,"footnotes":"","jetpack_publicize_message":"","jetpack_publicize_feature_enabled":true,"jetpack_social_post_already_shared":true,"jetpack_social_options":{"image_generator_settings":{"template":"highway","enabled":false},"version":2}},"categories":[36],"tags":[],"class_list":["post-4407","post","type-post","status-publish","format-standard","has-post-thumbnail","hentry","category-ufpa-entrevista"],"acf":[],"yoast_head":"<!-- This site is optimized with the Yoast SEO plugin v25.1 - https:\/\/yoast.com\/wordpress\/plugins\/seo\/ -->\n<title>Programa recebe candidatos \u00e0 Elei\u00e7\u00e3o do ILC - Radio Web UFPA<\/title>\n<meta name=\"description\" content=\"As chapas &quot;Resist\u00eancia &amp; Intera\u00e7\u00e3o&quot; e &quot;Walkyria e Thomas&quot; apresentaram propostas para a gest\u00e3o do ILC. A Elei\u00e7\u00e3o ocorre nos dias 2 e 3 de julho de 2018.\" \/>\n<meta name=\"robots\" content=\"index, follow, max-snippet:-1, max-image-preview:large, max-video-preview:-1\" \/>\n<link rel=\"canonical\" href=\"https:\/\/radio.ufpa.br\/index.php\/ufpa-entrevista\/programa-recebe-candidatos-a-eleicao-do-ilc\/\" \/>\n<meta property=\"og:locale\" content=\"pt_BR\" \/>\n<meta property=\"og:type\" content=\"article\" \/>\n<meta property=\"og:title\" content=\"Programa recebe candidatos \u00e0 Elei\u00e7\u00e3o do ILC - Radio Web UFPA\" \/>\n<meta property=\"og:description\" content=\"As chapas &quot;Resist\u00eancia &amp; Intera\u00e7\u00e3o&quot; e &quot;Walkyria e Thomas&quot; apresentaram propostas para a gest\u00e3o do ILC. A Elei\u00e7\u00e3o ocorre nos dias 2 e 3 de julho de 2018.\" \/>\n<meta property=\"og:url\" content=\"https:\/\/radio.ufpa.br\/index.php\/ufpa-entrevista\/programa-recebe-candidatos-a-eleicao-do-ilc\/\" \/>\n<meta property=\"og:site_name\" content=\"Radio Web UFPA\" \/>\n<meta property=\"article:publisher\" content=\"https:\/\/www.facebook.com\/radiowebufpa\" \/>\n<meta property=\"article:published_time\" content=\"2018-06-19T20:30:38+00:00\" \/>\n<meta property=\"article:modified_time\" content=\"2018-06-26T19:37:37+00:00\" \/>\n<meta property=\"og:image\" content=\"https:\/\/i0.wp.com\/radio.ufpa.br\/wp-content\/uploads\/2018\/03\/Elei\u00e7\u00e3o%20ILC.png?fit=960%2C960&ssl=1\" \/>\n\t<meta property=\"og:image:width\" content=\"960\" \/>\n\t<meta property=\"og:image:height\" content=\"960\" \/>\n\t<meta property=\"og:image:type\" content=\"image\/png\" \/>\n<meta name=\"author\" content=\"Fabr\u00edcio Queiroz\" \/>\n<meta name=\"twitter:card\" content=\"summary_large_image\" \/>\n<meta name=\"twitter:creator\" content=\"@radiowebufpa\" \/>\n<meta name=\"twitter:site\" content=\"@radiowebufpa\" \/>\n<meta name=\"twitter:label1\" content=\"Escrito por\" \/>\n\t<meta name=\"twitter:data1\" content=\"Fabr\u00edcio Queiroz\" \/>\n\t<meta name=\"twitter:label2\" content=\"Est. tempo de leitura\" \/>\n\t<meta name=\"twitter:data2\" content=\"2 minutos\" \/>\n<script type=\"application\/ld+json\" class=\"yoast-schema-graph\">{\"@context\":\"https:\/\/schema.org\",\"@graph\":[{\"@type\":\"Article\",\"@id\":\"https:\/\/radio.ufpa.br\/index.php\/ufpa-entrevista\/programa-recebe-candidatos-a-eleicao-do-ilc\/#article\",\"isPartOf\":{\"@id\":\"https:\/\/radio.ufpa.br\/index.php\/ufpa-entrevista\/programa-recebe-candidatos-a-eleicao-do-ilc\/\"},\"author\":{\"name\":\"Fabr\u00edcio Queiroz\",\"@id\":\"https:\/\/radio.ufpa.br\/#\/schema\/person\/f3f139516982741ca0831359933ac096\"},\"headline\":\"Programa recebe candidatos \u00e0 Elei\u00e7\u00e3o do ILC\",\"datePublished\":\"2018-06-19T20:30:38+00:00\",\"dateModified\":\"2018-06-26T19:37:37+00:00\",\"mainEntityOfPage\":{\"@id\":\"https:\/\/radio.ufpa.br\/index.php\/ufpa-entrevista\/programa-recebe-candidatos-a-eleicao-do-ilc\/\"},\"wordCount\":372,\"commentCount\":0,\"publisher\":{\"@id\":\"https:\/\/radio.ufpa.br\/#organization\"},\"image\":{\"@id\":\"https:\/\/radio.ufpa.br\/index.php\/ufpa-entrevista\/programa-recebe-candidatos-a-eleicao-do-ilc\/#primaryimage\"},\"thumbnailUrl\":\"https:\/\/i0.wp.com\/radio.ufpa.br\/wp-content\/uploads\/2018\/03\/Elei%C3%A7%C3%A3o%20ILC.png?fit=960%2C960&ssl=1\",\"articleSection\":[\"UFPA Entrevista\"],\"inLanguage\":\"pt-BR\",\"potentialAction\":[{\"@type\":\"CommentAction\",\"name\":\"Comment\",\"target\":[\"https:\/\/radio.ufpa.br\/index.php\/ufpa-entrevista\/programa-recebe-candidatos-a-eleicao-do-ilc\/#respond\"]}]},{\"@type\":\"WebPage\",\"@id\":\"https:\/\/radio.ufpa.br\/index.php\/ufpa-entrevista\/programa-recebe-candidatos-a-eleicao-do-ilc\/\",\"url\":\"https:\/\/radio.ufpa.br\/index.php\/ufpa-entrevista\/programa-recebe-candidatos-a-eleicao-do-ilc\/\",\"name\":\"Programa recebe candidatos \u00e0 Elei\u00e7\u00e3o do ILC - Radio Web UFPA\",\"isPartOf\":{\"@id\":\"https:\/\/radio.ufpa.br\/#website\"},\"primaryImageOfPage\":{\"@id\":\"https:\/\/radio.ufpa.br\/index.php\/ufpa-entrevista\/programa-recebe-candidatos-a-eleicao-do-ilc\/#primaryimage\"},\"image\":{\"@id\":\"https:\/\/radio.ufpa.br\/index.php\/ufpa-entrevista\/programa-recebe-candidatos-a-eleicao-do-ilc\/#primaryimage\"},\"thumbnailUrl\":\"https:\/\/i0.wp.com\/radio.ufpa.br\/wp-content\/uploads\/2018\/03\/Elei%C3%A7%C3%A3o%20ILC.png?fit=960%2C960&ssl=1\",\"datePublished\":\"2018-06-19T20:30:38+00:00\",\"dateModified\":\"2018-06-26T19:37:37+00:00\",\"description\":\"As chapas \\\"Resist\u00eancia & Intera\u00e7\u00e3o\\\" e \\\"Walkyria e Thomas\\\" apresentaram propostas para a gest\u00e3o do ILC. A Elei\u00e7\u00e3o ocorre nos dias 2 e 3 de julho de 2018.\",\"breadcrumb\":{\"@id\":\"https:\/\/radio.ufpa.br\/index.php\/ufpa-entrevista\/programa-recebe-candidatos-a-eleicao-do-ilc\/#breadcrumb\"},\"inLanguage\":\"pt-BR\",\"potentialAction\":[{\"@type\":\"ReadAction\",\"target\":[\"https:\/\/radio.ufpa.br\/index.php\/ufpa-entrevista\/programa-recebe-candidatos-a-eleicao-do-ilc\/\"]}]},{\"@type\":\"ImageObject\",\"inLanguage\":\"pt-BR\",\"@id\":\"https:\/\/radio.ufpa.br\/index.php\/ufpa-entrevista\/programa-recebe-candidatos-a-eleicao-do-ilc\/#primaryimage\",\"url\":\"https:\/\/i0.wp.com\/radio.ufpa.br\/wp-content\/uploads\/2018\/03\/Elei%C3%A7%C3%A3o%20ILC.png?fit=960%2C960&ssl=1\",\"contentUrl\":\"https:\/\/i0.wp.com\/radio.ufpa.br\/wp-content\/uploads\/2018\/03\/Elei%C3%A7%C3%A3o%20ILC.png?fit=960%2C960&ssl=1\",\"width\":960,\"height\":960},{\"@type\":\"BreadcrumbList\",\"@id\":\"https:\/\/radio.ufpa.br\/index.php\/ufpa-entrevista\/programa-recebe-candidatos-a-eleicao-do-ilc\/#breadcrumb\",\"itemListElement\":[{\"@type\":\"ListItem\",\"position\":1,\"name\":\"In\u00edcio\",\"item\":\"https:\/\/radio.ufpa.br\/\"},{\"@type\":\"ListItem\",\"position\":2,\"name\":\"Programa recebe candidatos \u00e0 Elei\u00e7\u00e3o do ILC\"}]},{\"@type\":\"WebSite\",\"@id\":\"https:\/\/radio.ufpa.br\/#website\",\"url\":\"https:\/\/radio.ufpa.br\/\",\"name\":\"Radio Web UFPA\",\"description\":\"Divulgando o conhecimento\",\"publisher\":{\"@id\":\"https:\/\/radio.ufpa.br\/#organization\"},\"potentialAction\":[{\"@type\":\"SearchAction\",\"target\":{\"@type\":\"EntryPoint\",\"urlTemplate\":\"https:\/\/radio.ufpa.br\/?s={search_term_string}\"},\"query-input\":{\"@type\":\"PropertyValueSpecification\",\"valueRequired\":true,\"valueName\":\"search_term_string\"}}],\"inLanguage\":\"pt-BR\"},{\"@type\":\"Organization\",\"@id\":\"https:\/\/radio.ufpa.br\/#organization\",\"name\":\"UNIVERSIDADE FEDERAL DO PAR\u00c1-R\u00c1DIO WEB UFPA\",\"url\":\"https:\/\/radio.ufpa.br\/\",\"logo\":{\"@type\":\"ImageObject\",\"inLanguage\":\"pt-BR\",\"@id\":\"https:\/\/radio.ufpa.br\/#\/schema\/logo\/image\/\",\"url\":\"https:\/\/i0.wp.com\/radio.ufpa.br\/wp-content\/uploads\/2025\/12\/images-removebg-preview.png?fit=417%2C121&ssl=1\",\"contentUrl\":\"https:\/\/i0.wp.com\/radio.ufpa.br\/wp-content\/uploads\/2025\/12\/images-removebg-preview.png?fit=417%2C121&ssl=1\",\"width\":417,\"height\":121,\"caption\":\"UNIVERSIDADE FEDERAL DO PAR\u00c1-R\u00c1DIO WEB UFPA\"},\"image\":{\"@id\":\"https:\/\/radio.ufpa.br\/#\/schema\/logo\/image\/\"},\"sameAs\":[\"https:\/\/www.facebook.com\/radiowebufpa\",\"https:\/\/x.com\/radiowebufpa\",\"https:\/\/www.instagram.com\/radiowebufpa\/\",\"https:\/\/www.youtube.com\/user\/RadioWebUFP4\"]},{\"@type\":\"Person\",\"@id\":\"https:\/\/radio.ufpa.br\/#\/schema\/person\/f3f139516982741ca0831359933ac096\",\"name\":\"Fabr\u00edcio Queiroz\",\"image\":{\"@type\":\"ImageObject\",\"inLanguage\":\"pt-BR\",\"@id\":\"https:\/\/radio.ufpa.br\/#\/schema\/person\/image\/\",\"url\":\"https:\/\/secure.gravatar.com\/avatar\/16286edb2cee888d704ce74385081b7f?s=96&d=mm&r=g\",\"contentUrl\":\"https:\/\/secure.gravatar.com\/avatar\/16286edb2cee888d704ce74385081b7f?s=96&d=mm&r=g\",\"caption\":\"Fabr\u00edcio Queiroz\"},\"description\":\"Editor e Jornalista respons\u00e1vel\",\"url\":\"https:\/\/radio.ufpa.br\/index.php\/author\/fabricio\/\"}]}<\/script>\n<!-- \/ Yoast SEO plugin. -->","yoast_head_json":{"title":"Programa recebe candidatos \u00e0 Elei\u00e7\u00e3o do ILC - Radio Web UFPA","description":"As chapas \"Resist\u00eancia & Intera\u00e7\u00e3o\" e \"Walkyria e Thomas\" apresentaram propostas para a gest\u00e3o do ILC. A Elei\u00e7\u00e3o ocorre nos dias 2 e 3 de julho de 2018.","robots":{"index":"index","follow":"follow","max-snippet":"max-snippet:-1","max-image-preview":"max-image-preview:large","max-video-preview":"max-video-preview:-1"},"canonical":"https:\/\/radio.ufpa.br\/index.php\/ufpa-entrevista\/programa-recebe-candidatos-a-eleicao-do-ilc\/","og_locale":"pt_BR","og_type":"article","og_title":"Programa recebe candidatos \u00e0 Elei\u00e7\u00e3o do ILC - Radio Web UFPA","og_description":"As chapas \"Resist\u00eancia & Intera\u00e7\u00e3o\" e \"Walkyria e Thomas\" apresentaram propostas para a gest\u00e3o do ILC. A Elei\u00e7\u00e3o ocorre nos dias 2 e 3 de julho de 2018.","og_url":"https:\/\/radio.ufpa.br\/index.php\/ufpa-entrevista\/programa-recebe-candidatos-a-eleicao-do-ilc\/","og_site_name":"Radio Web UFPA","article_publisher":"https:\/\/www.facebook.com\/radiowebufpa","article_published_time":"2018-06-19T20:30:38+00:00","article_modified_time":"2018-06-26T19:37:37+00:00","og_image":[{"width":960,"height":960,"url":"https:\/\/i0.wp.com\/radio.ufpa.br\/wp-content\/uploads\/2018\/03\/Elei\u00e7\u00e3o ILC.png?fit=960%2C960&ssl=1","type":"image\/png"}],"author":"Fabr\u00edcio Queiroz","twitter_card":"summary_large_image","twitter_creator":"@radiowebufpa","twitter_site":"@radiowebufpa","twitter_misc":{"Escrito por":"Fabr\u00edcio Queiroz","Est. tempo de leitura":"2 minutos"},"schema":{"@context":"https:\/\/schema.org","@graph":[{"@type":"Article","@id":"https:\/\/radio.ufpa.br\/index.php\/ufpa-entrevista\/programa-recebe-candidatos-a-eleicao-do-ilc\/#article","isPartOf":{"@id":"https:\/\/radio.ufpa.br\/index.php\/ufpa-entrevista\/programa-recebe-candidatos-a-eleicao-do-ilc\/"},"author":{"name":"Fabr\u00edcio Queiroz","@id":"https:\/\/radio.ufpa.br\/#\/schema\/person\/f3f139516982741ca0831359933ac096"},"headline":"Programa recebe candidatos \u00e0 Elei\u00e7\u00e3o do ILC","datePublished":"2018-06-19T20:30:38+00:00","dateModified":"2018-06-26T19:37:37+00:00","mainEntityOfPage":{"@id":"https:\/\/radio.ufpa.br\/index.php\/ufpa-entrevista\/programa-recebe-candidatos-a-eleicao-do-ilc\/"},"wordCount":372,"commentCount":0,"publisher":{"@id":"https:\/\/radio.ufpa.br\/#organization"},"image":{"@id":"https:\/\/radio.ufpa.br\/index.php\/ufpa-entrevista\/programa-recebe-candidatos-a-eleicao-do-ilc\/#primaryimage"},"thumbnailUrl":"https:\/\/i0.wp.com\/radio.ufpa.br\/wp-content\/uploads\/2018\/03\/Elei%C3%A7%C3%A3o%20ILC.png?fit=960%2C960&ssl=1","articleSection":["UFPA Entrevista"],"inLanguage":"pt-BR","potentialAction":[{"@type":"CommentAction","name":"Comment","target":["https:\/\/radio.ufpa.br\/index.php\/ufpa-entrevista\/programa-recebe-candidatos-a-eleicao-do-ilc\/#respond"]}]},{"@type":"WebPage","@id":"https:\/\/radio.ufpa.br\/index.php\/ufpa-entrevista\/programa-recebe-candidatos-a-eleicao-do-ilc\/","url":"https:\/\/radio.ufpa.br\/index.php\/ufpa-entrevista\/programa-recebe-candidatos-a-eleicao-do-ilc\/","name":"Programa recebe candidatos \u00e0 Elei\u00e7\u00e3o do ILC - Radio Web UFPA","isPartOf":{"@id":"https:\/\/radio.ufpa.br\/#website"},"primaryImageOfPage":{"@id":"https:\/\/radio.ufpa.br\/index.php\/ufpa-entrevista\/programa-recebe-candidatos-a-eleicao-do-ilc\/#primaryimage"},"image":{"@id":"https:\/\/radio.ufpa.br\/index.php\/ufpa-entrevista\/programa-recebe-candidatos-a-eleicao-do-ilc\/#primaryimage"},"thumbnailUrl":"https:\/\/i0.wp.com\/radio.ufpa.br\/wp-content\/uploads\/2018\/03\/Elei%C3%A7%C3%A3o%20ILC.png?fit=960%2C960&ssl=1","datePublished":"2018-06-19T20:30:38+00:00","dateModified":"2018-06-26T19:37:37+00:00","description":"As chapas \"Resist\u00eancia & Intera\u00e7\u00e3o\" e \"Walkyria e Thomas\" apresentaram propostas para a gest\u00e3o do ILC. A Elei\u00e7\u00e3o ocorre nos dias 2 e 3 de julho de 2018.","breadcrumb":{"@id":"https:\/\/radio.ufpa.br\/index.php\/ufpa-entrevista\/programa-recebe-candidatos-a-eleicao-do-ilc\/#breadcrumb"},"inLanguage":"pt-BR","potentialAction":[{"@type":"ReadAction","target":["https:\/\/radio.ufpa.br\/index.php\/ufpa-entrevista\/programa-recebe-candidatos-a-eleicao-do-ilc\/"]}]},{"@type":"ImageObject","inLanguage":"pt-BR","@id":"https:\/\/radio.ufpa.br\/index.php\/ufpa-entrevista\/programa-recebe-candidatos-a-eleicao-do-ilc\/#primaryimage","url":"https:\/\/i0.wp.com\/radio.ufpa.br\/wp-content\/uploads\/2018\/03\/Elei%C3%A7%C3%A3o%20ILC.png?fit=960%2C960&ssl=1","contentUrl":"https:\/\/i0.wp.com\/radio.ufpa.br\/wp-content\/uploads\/2018\/03\/Elei%C3%A7%C3%A3o%20ILC.png?fit=960%2C960&ssl=1","width":960,"height":960},{"@type":"BreadcrumbList","@id":"https:\/\/radio.ufpa.br\/index.php\/ufpa-entrevista\/programa-recebe-candidatos-a-eleicao-do-ilc\/#breadcrumb","itemListElement":[{"@type":"ListItem","position":1,"name":"In\u00edcio","item":"https:\/\/radio.ufpa.br\/"},{"@type":"ListItem","position":2,"name":"Programa recebe candidatos \u00e0 Elei\u00e7\u00e3o do ILC"}]},{"@type":"WebSite","@id":"https:\/\/radio.ufpa.br\/#website","url":"https:\/\/radio.ufpa.br\/","name":"Radio Web UFPA","description":"Divulgando o conhecimento","publisher":{"@id":"https:\/\/radio.ufpa.br\/#organization"},"potentialAction":[{"@type":"SearchAction","target":{"@type":"EntryPoint","urlTemplate":"https:\/\/radio.ufpa.br\/?s={search_term_string}"},"query-input":{"@type":"PropertyValueSpecification","valueRequired":true,"valueName":"search_term_string"}}],"inLanguage":"pt-BR"},{"@type":"Organization","@id":"https:\/\/radio.ufpa.br\/#organization","name":"UNIVERSIDADE FEDERAL DO PAR\u00c1-R\u00c1DIO WEB UFPA","url":"https:\/\/radio.ufpa.br\/","logo":{"@type":"ImageObject","inLanguage":"pt-BR","@id":"https:\/\/radio.ufpa.br\/#\/schema\/logo\/image\/","url":"https:\/\/i0.wp.com\/radio.ufpa.br\/wp-content\/uploads\/2025\/12\/images-removebg-preview.png?fit=417%2C121&ssl=1","contentUrl":"https:\/\/i0.wp.com\/radio.ufpa.br\/wp-content\/uploads\/2025\/12\/images-removebg-preview.png?fit=417%2C121&ssl=1","width":417,"height":121,"caption":"UNIVERSIDADE FEDERAL DO PAR\u00c1-R\u00c1DIO WEB UFPA"},"image":{"@id":"https:\/\/radio.ufpa.br\/#\/schema\/logo\/image\/"},"sameAs":["https:\/\/www.facebook.com\/radiowebufpa","https:\/\/x.com\/radiowebufpa","https:\/\/www.instagram.com\/radiowebufpa\/","https:\/\/www.youtube.com\/user\/RadioWebUFP4"]},{"@type":"Person","@id":"https:\/\/radio.ufpa.br\/#\/schema\/person\/f3f139516982741ca0831359933ac096","name":"Fabr\u00edcio Queiroz","image":{"@type":"ImageObject","inLanguage":"pt-BR","@id":"https:\/\/radio.ufpa.br\/#\/schema\/person\/image\/","url":"https:\/\/secure.gravatar.com\/avatar\/16286edb2cee888d704ce74385081b7f?s=96&d=mm&r=g","contentUrl":"https:\/\/secure.gravatar.com\/avatar\/16286edb2cee888d704ce74385081b7f?s=96&d=mm&r=g","caption":"Fabr\u00edcio Queiroz"},"description":"Editor e Jornalista respons\u00e1vel","url":"https:\/\/radio.ufpa.br\/index.php\/author\/fabricio\/"}]}},"jetpack_publicize_connections":[],"jetpack_featured_media_url":"https:\/\/i0.wp.com\/radio.ufpa.br\/wp-content\/uploads\/2018\/03\/Elei%C3%A7%C3%A3o%20ILC.png?fit=960%2C960&ssl=1","jetpack_shortlink":"https:\/\/wp.me\/p8TJeA-195","jetpack_likes_enabled":true,"jetpack-related-posts":[],"jetpack_sharing_enabled":true,"_links":{"self":[{"href":"https:\/\/radio.ufpa.br\/index.php\/wp-json\/wp\/v2\/posts\/4407","targetHints":{"allow":["GET"]}}],"collection":[{"href":"https:\/\/radio.ufpa.br\/index.php\/wp-json\/wp\/v2\/posts"}],"about":[{"href":"https:\/\/radio.ufpa.br\/index.php\/wp-json\/wp\/v2\/types\/post"}],"author":[{"embeddable":true,"href":"https:\/\/radio.ufpa.br\/index.php\/wp-json\/wp\/v2\/users\/2"}],"replies":[{"embeddable":true,"href":"https:\/\/radio.ufpa.br\/index.php\/wp-json\/wp\/v2\/comments?post=4407"}],"version-history":[{"count":6,"href":"https:\/\/radio.ufpa.br\/index.php\/wp-json\/wp\/v2\/posts\/4407\/revisions"}],"predecessor-version":[{"id":4421,"href":"https:\/\/radio.ufpa.br\/index.php\/wp-json\/wp\/v2\/posts\/4407\/revisions\/4421"}],"wp:featuredmedia":[{"embeddable":true,"href":"https:\/\/radio.ufpa.br\/index.php\/wp-json\/wp\/v2\/media\/4409"}],"wp:attachment":[{"href":"https:\/\/radio.ufpa.br\/index.php\/wp-json\/wp\/v2\/media?parent=4407"}],"wp:term":[{"taxonomy":"category","embeddable":true,"href":"https:\/\/radio.ufpa.br\/index.php\/wp-json\/wp\/v2\/categories?post=4407"},{"taxonomy":"post_tag","embeddable":true,"href":"https:\/\/radio.ufpa.br\/index.php\/wp-json\/wp\/v2\/tags?post=4407"}],"curies":[{"name":"wp","href":"https:\/\/api.w.org\/{rel}","templated":true}]}}