{"id":450,"date":"2017-01-06T11:33:35","date_gmt":"2017-01-06T13:33:35","guid":{"rendered":"http:\/\/radio.ufpa.br\/?p=450"},"modified":"2017-09-13T18:19:07","modified_gmt":"2017-09-13T21:19:07","slug":"virus-zika","status":"publish","type":"post","link":"https:\/\/radio.ufpa.br\/index.php\/ufpa-pesquisa\/virus-zika\/","title":{"rendered":"V\u00edrus Zika"},"content":{"rendered":"<header class=\"article-header clearfix\">\n<h4 class=\"article-title\">No UFPA Pesquisa dessa semana, falamos sobre um assunto fundamental para a sa\u00fade p\u00fablica do Brasil na atualidade, a epidemia do v\u00edrus zika, que tanto tem preocupado popula\u00e7\u00e3o e autoridades, principalmente pela associa\u00e7\u00e3o com o nascimento de beb\u00eas com microcefalia.<\/h4>\n<\/header>\n<section class=\"article-content clearfix\">\n<h4>Para conversar sobre o tema, recebemos Pedro Vasconcelos, doutor em Medicina e Sa\u00fade e diretor do Instituto Evandro Chagas, centro de pesquisa refer\u00eancia nos estudos sobre zika, e Walace Leal, doutor em Ci\u00eancias Biol\u00f3gicas e coordenador do Laborat\u00f3rio de Neuroprotec\u00e3o e Neurorregenerac\u00e3o Experimental da UFPA.<\/h4>\n<h4>Durante o programa, o doutor Pedro Vasconcelos fala sobre as formas de transmiss\u00e3o do v\u00edrus e propostas para combate ao vetor, o Aedes aegypti, como estudos com mosquitos transg\u00eanicos. De acordo com ele, a estrat\u00e9gia de impedir a reprodu\u00e7\u00e3o do inseto em \u00e1gua parada ainda \u00e9 a \u00fanica alternativa vi\u00e1vel no pa\u00eds, a curto prazo.<\/h4>\n<h4>O m\u00e9dico comenta tamb\u00e9m a principal descoberta epidemiol\u00f3gica de sua equipe sobre o zika, de que foi introduzido no pa\u00eds em 2013, durante a Copa das Confedera\u00e7\u00f5es, e o desenvolvimento de uma vacina, projeto realizado pelo Instituto Evandro Chagas, em parceria com uma universidade do Texas, nos Estados Unidos. Dois tipos de vacinas devem ser produzidas: uma com o v\u00edrus atenuado e outra pela t\u00e9cnica de gen\u00e9tica reversa, para mulheres gestantes, que n\u00e3o poder\u00e3o receber a vacina com atenua\u00e7\u00e3o.<\/h4>\n<h4>Tamb\u00e9m nessa edi\u00e7\u00e3o do UFPA Pesquisa, o professor e neurocientista Walace Leal explica que pesquisas demonstram que o nexo causal entre o zika e les\u00f5es do sistema nervoso, como a microcefalia, j\u00e1 est\u00e1 bem estabelecido. Ele cita como exemplos dois tipos de estudos, in vitro e in vivo. No primeiro caso, j\u00e1 foi observado que o v\u00edrus induz a morte das c\u00e9lulas progenitoras neurais e altera sua capacidade de reprodu\u00e7\u00e3o. J\u00e1 nos estudos in vivo com camundongos, a diminui\u00e7\u00e3o do tamanho do enc\u00e9falo dos roedores e outras altera\u00e7\u00f5es do sistema nervoso s\u00e3o diretamente associadas \u00e0 contamina\u00e7\u00e3o pelo zika.<\/h4>\n<\/section>\n","protected":false},"excerpt":{"rendered":"<p> &#8230; <a title=\"V\u00edrus Zika\" class=\"read-more\" href=\"https:\/\/radio.ufpa.br\/index.php\/ufpa-pesquisa\/virus-zika\/\" aria-label=\"Read more about V\u00edrus Zika\">Ler mais<\/a><\/p>\n","protected":false},"author":2,"featured_media":0,"comment_status":"open","ping_status":"open","sticky":false,"template":"","format":"standard","meta":{"_acf_changed":false,"_exactmetrics_skip_tracking":false,"_exactmetrics_sitenote_active":false,"_exactmetrics_sitenote_note":"","_exactmetrics_sitenote_category":0,"_monsterinsights_skip_tracking":false,"_monsterinsights_sitenote_active":false,"_monsterinsights_sitenote_note":"","_monsterinsights_sitenote_category":0,"_uf_show_specific_survey":0,"_uf_disable_surveys":false,"jetpack_post_was_ever_published":false,"_jetpack_newsletter_access":"","_jetpack_dont_email_post_to_subs":false,"_jetpack_newsletter_tier_id":0,"_jetpack_memberships_contains_paywalled_content":false,"_jetpack_memberships_contains_paid_content":false,"footnotes":"","jetpack_publicize_message":"","jetpack_publicize_feature_enabled":true,"jetpack_social_post_already_shared":true,"jetpack_social_options":{"image_generator_settings":{"template":"highway","enabled":false},"version":2}},"categories":[329],"tags":[351,349,348,347,350],"class_list":["post-450","post","type-post","status-publish","format-standard","hentry","category-ufpa-pesquisa","tag-aedes-aegypti","tag-instituto-evandro-chagas","tag-pedro-vasconcelos","tag-virus-zika","tag-walace-leal"],"acf":[],"yoast_head":"<!-- This site is optimized with the Yoast SEO plugin v25.1 - https:\/\/yoast.com\/wordpress\/plugins\/seo\/ -->\n<title>V\u00edrus Zika - Radio Web UFPA<\/title>\n<meta name=\"robots\" content=\"index, follow, max-snippet:-1, max-image-preview:large, max-video-preview:-1\" \/>\n<link rel=\"canonical\" href=\"https:\/\/radio.ufpa.br\/index.php\/ufpa-pesquisa\/virus-zika\/\" \/>\n<meta property=\"og:locale\" content=\"pt_BR\" \/>\n<meta property=\"og:type\" content=\"article\" \/>\n<meta property=\"og:title\" content=\"V\u00edrus Zika - Radio Web UFPA\" \/>\n<meta property=\"og:description\" content=\"... Ler mais\" \/>\n<meta property=\"og:url\" content=\"https:\/\/radio.ufpa.br\/index.php\/ufpa-pesquisa\/virus-zika\/\" \/>\n<meta property=\"og:site_name\" content=\"Radio Web UFPA\" \/>\n<meta property=\"article:publisher\" content=\"https:\/\/www.facebook.com\/radiowebufpa\" \/>\n<meta property=\"article:published_time\" content=\"2017-01-06T13:33:35+00:00\" \/>\n<meta property=\"article:modified_time\" content=\"2017-09-13T21:19:07+00:00\" \/>\n<meta property=\"og:image\" content=\"http:\/\/radio.ufpa.br\/wp-content\/uploads\/2020\/04\/radiowebufpa.jpg\" \/>\n<meta name=\"author\" content=\"Fabr\u00edcio Queiroz\" \/>\n<meta name=\"twitter:card\" content=\"summary_large_image\" \/>\n<meta name=\"twitter:creator\" content=\"@radiowebufpa\" \/>\n<meta name=\"twitter:site\" content=\"@radiowebufpa\" \/>\n<meta name=\"twitter:label1\" content=\"Escrito por\" \/>\n\t<meta name=\"twitter:data1\" content=\"Fabr\u00edcio Queiroz\" \/>\n\t<meta name=\"twitter:label2\" content=\"Est. tempo de leitura\" \/>\n\t<meta name=\"twitter:data2\" content=\"2 minutos\" \/>\n<script type=\"application\/ld+json\" class=\"yoast-schema-graph\">{\"@context\":\"https:\/\/schema.org\",\"@graph\":[{\"@type\":\"Article\",\"@id\":\"https:\/\/radio.ufpa.br\/index.php\/ufpa-pesquisa\/virus-zika\/#article\",\"isPartOf\":{\"@id\":\"https:\/\/radio.ufpa.br\/index.php\/ufpa-pesquisa\/virus-zika\/\"},\"author\":{\"name\":\"Fabr\u00edcio Queiroz\",\"@id\":\"https:\/\/radio.ufpa.br\/#\/schema\/person\/f3f139516982741ca0831359933ac096\"},\"headline\":\"V\u00edrus Zika\",\"datePublished\":\"2017-01-06T13:33:35+00:00\",\"dateModified\":\"2017-09-13T21:19:07+00:00\",\"mainEntityOfPage\":{\"@id\":\"https:\/\/radio.ufpa.br\/index.php\/ufpa-pesquisa\/virus-zika\/\"},\"wordCount\":359,\"commentCount\":0,\"publisher\":{\"@id\":\"https:\/\/radio.ufpa.br\/#organization\"},\"keywords\":[\"Aedes aegypti\",\"Instituto Evandro Chagas\",\"Pedro Vasconcelos\",\"V\u00edrus Zika\",\"Walace Leal\"],\"articleSection\":[\"UFPA Pesquisa\"],\"inLanguage\":\"pt-BR\",\"potentialAction\":[{\"@type\":\"CommentAction\",\"name\":\"Comment\",\"target\":[\"https:\/\/radio.ufpa.br\/index.php\/ufpa-pesquisa\/virus-zika\/#respond\"]}]},{\"@type\":\"WebPage\",\"@id\":\"https:\/\/radio.ufpa.br\/index.php\/ufpa-pesquisa\/virus-zika\/\",\"url\":\"https:\/\/radio.ufpa.br\/index.php\/ufpa-pesquisa\/virus-zika\/\",\"name\":\"V\u00edrus Zika - Radio Web UFPA\",\"isPartOf\":{\"@id\":\"https:\/\/radio.ufpa.br\/#website\"},\"datePublished\":\"2017-01-06T13:33:35+00:00\",\"dateModified\":\"2017-09-13T21:19:07+00:00\",\"breadcrumb\":{\"@id\":\"https:\/\/radio.ufpa.br\/index.php\/ufpa-pesquisa\/virus-zika\/#breadcrumb\"},\"inLanguage\":\"pt-BR\",\"potentialAction\":[{\"@type\":\"ReadAction\",\"target\":[\"https:\/\/radio.ufpa.br\/index.php\/ufpa-pesquisa\/virus-zika\/\"]}]},{\"@type\":\"BreadcrumbList\",\"@id\":\"https:\/\/radio.ufpa.br\/index.php\/ufpa-pesquisa\/virus-zika\/#breadcrumb\",\"itemListElement\":[{\"@type\":\"ListItem\",\"position\":1,\"name\":\"In\u00edcio\",\"item\":\"https:\/\/radio.ufpa.br\/\"},{\"@type\":\"ListItem\",\"position\":2,\"name\":\"V\u00edrus Zika\"}]},{\"@type\":\"WebSite\",\"@id\":\"https:\/\/radio.ufpa.br\/#website\",\"url\":\"https:\/\/radio.ufpa.br\/\",\"name\":\"Radio Web UFPA\",\"description\":\"Divulgando o conhecimento\",\"publisher\":{\"@id\":\"https:\/\/radio.ufpa.br\/#organization\"},\"potentialAction\":[{\"@type\":\"SearchAction\",\"target\":{\"@type\":\"EntryPoint\",\"urlTemplate\":\"https:\/\/radio.ufpa.br\/?s={search_term_string}\"},\"query-input\":{\"@type\":\"PropertyValueSpecification\",\"valueRequired\":true,\"valueName\":\"search_term_string\"}}],\"inLanguage\":\"pt-BR\"},{\"@type\":\"Organization\",\"@id\":\"https:\/\/radio.ufpa.br\/#organization\",\"name\":\"UNIVERSIDADE FEDERAL DO PAR\u00c1-R\u00c1DIO WEB UFPA\",\"url\":\"https:\/\/radio.ufpa.br\/\",\"logo\":{\"@type\":\"ImageObject\",\"inLanguage\":\"pt-BR\",\"@id\":\"https:\/\/radio.ufpa.br\/#\/schema\/logo\/image\/\",\"url\":\"https:\/\/i0.wp.com\/radio.ufpa.br\/wp-content\/uploads\/2025\/12\/images-removebg-preview.png?fit=417%2C121&ssl=1\",\"contentUrl\":\"https:\/\/i0.wp.com\/radio.ufpa.br\/wp-content\/uploads\/2025\/12\/images-removebg-preview.png?fit=417%2C121&ssl=1\",\"width\":417,\"height\":121,\"caption\":\"UNIVERSIDADE FEDERAL DO PAR\u00c1-R\u00c1DIO WEB UFPA\"},\"image\":{\"@id\":\"https:\/\/radio.ufpa.br\/#\/schema\/logo\/image\/\"},\"sameAs\":[\"https:\/\/www.facebook.com\/radiowebufpa\",\"https:\/\/x.com\/radiowebufpa\",\"https:\/\/www.instagram.com\/radiowebufpa\/\",\"https:\/\/www.youtube.com\/user\/RadioWebUFP4\"]},{\"@type\":\"Person\",\"@id\":\"https:\/\/radio.ufpa.br\/#\/schema\/person\/f3f139516982741ca0831359933ac096\",\"name\":\"Fabr\u00edcio Queiroz\",\"image\":{\"@type\":\"ImageObject\",\"inLanguage\":\"pt-BR\",\"@id\":\"https:\/\/radio.ufpa.br\/#\/schema\/person\/image\/\",\"url\":\"https:\/\/secure.gravatar.com\/avatar\/16286edb2cee888d704ce74385081b7f?s=96&d=mm&r=g\",\"contentUrl\":\"https:\/\/secure.gravatar.com\/avatar\/16286edb2cee888d704ce74385081b7f?s=96&d=mm&r=g\",\"caption\":\"Fabr\u00edcio Queiroz\"},\"description\":\"Editor e Jornalista respons\u00e1vel\",\"url\":\"https:\/\/radio.ufpa.br\/index.php\/author\/fabricio\/\"}]}<\/script>\n<!-- \/ Yoast SEO plugin. -->","yoast_head_json":{"title":"V\u00edrus Zika - Radio Web UFPA","robots":{"index":"index","follow":"follow","max-snippet":"max-snippet:-1","max-image-preview":"max-image-preview:large","max-video-preview":"max-video-preview:-1"},"canonical":"https:\/\/radio.ufpa.br\/index.php\/ufpa-pesquisa\/virus-zika\/","og_locale":"pt_BR","og_type":"article","og_title":"V\u00edrus Zika - Radio Web UFPA","og_description":"... Ler mais","og_url":"https:\/\/radio.ufpa.br\/index.php\/ufpa-pesquisa\/virus-zika\/","og_site_name":"Radio Web UFPA","article_publisher":"https:\/\/www.facebook.com\/radiowebufpa","article_published_time":"2017-01-06T13:33:35+00:00","article_modified_time":"2017-09-13T21:19:07+00:00","og_image":[{"url":"http:\/\/radio.ufpa.br\/wp-content\/uploads\/2020\/04\/radiowebufpa.jpg","type":"","width":"","height":""}],"author":"Fabr\u00edcio Queiroz","twitter_card":"summary_large_image","twitter_creator":"@radiowebufpa","twitter_site":"@radiowebufpa","twitter_misc":{"Escrito por":"Fabr\u00edcio Queiroz","Est. tempo de leitura":"2 minutos"},"schema":{"@context":"https:\/\/schema.org","@graph":[{"@type":"Article","@id":"https:\/\/radio.ufpa.br\/index.php\/ufpa-pesquisa\/virus-zika\/#article","isPartOf":{"@id":"https:\/\/radio.ufpa.br\/index.php\/ufpa-pesquisa\/virus-zika\/"},"author":{"name":"Fabr\u00edcio Queiroz","@id":"https:\/\/radio.ufpa.br\/#\/schema\/person\/f3f139516982741ca0831359933ac096"},"headline":"V\u00edrus Zika","datePublished":"2017-01-06T13:33:35+00:00","dateModified":"2017-09-13T21:19:07+00:00","mainEntityOfPage":{"@id":"https:\/\/radio.ufpa.br\/index.php\/ufpa-pesquisa\/virus-zika\/"},"wordCount":359,"commentCount":0,"publisher":{"@id":"https:\/\/radio.ufpa.br\/#organization"},"keywords":["Aedes aegypti","Instituto Evandro Chagas","Pedro Vasconcelos","V\u00edrus Zika","Walace Leal"],"articleSection":["UFPA Pesquisa"],"inLanguage":"pt-BR","potentialAction":[{"@type":"CommentAction","name":"Comment","target":["https:\/\/radio.ufpa.br\/index.php\/ufpa-pesquisa\/virus-zika\/#respond"]}]},{"@type":"WebPage","@id":"https:\/\/radio.ufpa.br\/index.php\/ufpa-pesquisa\/virus-zika\/","url":"https:\/\/radio.ufpa.br\/index.php\/ufpa-pesquisa\/virus-zika\/","name":"V\u00edrus Zika - Radio Web UFPA","isPartOf":{"@id":"https:\/\/radio.ufpa.br\/#website"},"datePublished":"2017-01-06T13:33:35+00:00","dateModified":"2017-09-13T21:19:07+00:00","breadcrumb":{"@id":"https:\/\/radio.ufpa.br\/index.php\/ufpa-pesquisa\/virus-zika\/#breadcrumb"},"inLanguage":"pt-BR","potentialAction":[{"@type":"ReadAction","target":["https:\/\/radio.ufpa.br\/index.php\/ufpa-pesquisa\/virus-zika\/"]}]},{"@type":"BreadcrumbList","@id":"https:\/\/radio.ufpa.br\/index.php\/ufpa-pesquisa\/virus-zika\/#breadcrumb","itemListElement":[{"@type":"ListItem","position":1,"name":"In\u00edcio","item":"https:\/\/radio.ufpa.br\/"},{"@type":"ListItem","position":2,"name":"V\u00edrus Zika"}]},{"@type":"WebSite","@id":"https:\/\/radio.ufpa.br\/#website","url":"https:\/\/radio.ufpa.br\/","name":"Radio Web UFPA","description":"Divulgando o conhecimento","publisher":{"@id":"https:\/\/radio.ufpa.br\/#organization"},"potentialAction":[{"@type":"SearchAction","target":{"@type":"EntryPoint","urlTemplate":"https:\/\/radio.ufpa.br\/?s={search_term_string}"},"query-input":{"@type":"PropertyValueSpecification","valueRequired":true,"valueName":"search_term_string"}}],"inLanguage":"pt-BR"},{"@type":"Organization","@id":"https:\/\/radio.ufpa.br\/#organization","name":"UNIVERSIDADE FEDERAL DO PAR\u00c1-R\u00c1DIO WEB UFPA","url":"https:\/\/radio.ufpa.br\/","logo":{"@type":"ImageObject","inLanguage":"pt-BR","@id":"https:\/\/radio.ufpa.br\/#\/schema\/logo\/image\/","url":"https:\/\/i0.wp.com\/radio.ufpa.br\/wp-content\/uploads\/2025\/12\/images-removebg-preview.png?fit=417%2C121&ssl=1","contentUrl":"https:\/\/i0.wp.com\/radio.ufpa.br\/wp-content\/uploads\/2025\/12\/images-removebg-preview.png?fit=417%2C121&ssl=1","width":417,"height":121,"caption":"UNIVERSIDADE FEDERAL DO PAR\u00c1-R\u00c1DIO WEB UFPA"},"image":{"@id":"https:\/\/radio.ufpa.br\/#\/schema\/logo\/image\/"},"sameAs":["https:\/\/www.facebook.com\/radiowebufpa","https:\/\/x.com\/radiowebufpa","https:\/\/www.instagram.com\/radiowebufpa\/","https:\/\/www.youtube.com\/user\/RadioWebUFP4"]},{"@type":"Person","@id":"https:\/\/radio.ufpa.br\/#\/schema\/person\/f3f139516982741ca0831359933ac096","name":"Fabr\u00edcio Queiroz","image":{"@type":"ImageObject","inLanguage":"pt-BR","@id":"https:\/\/radio.ufpa.br\/#\/schema\/person\/image\/","url":"https:\/\/secure.gravatar.com\/avatar\/16286edb2cee888d704ce74385081b7f?s=96&d=mm&r=g","contentUrl":"https:\/\/secure.gravatar.com\/avatar\/16286edb2cee888d704ce74385081b7f?s=96&d=mm&r=g","caption":"Fabr\u00edcio Queiroz"},"description":"Editor e Jornalista respons\u00e1vel","url":"https:\/\/radio.ufpa.br\/index.php\/author\/fabricio\/"}]}},"jetpack_publicize_connections":[],"jetpack_featured_media_url":"","jetpack_shortlink":"https:\/\/wp.me\/p8TJeA-7g","jetpack_likes_enabled":true,"jetpack-related-posts":[],"jetpack_sharing_enabled":true,"_links":{"self":[{"href":"https:\/\/radio.ufpa.br\/index.php\/wp-json\/wp\/v2\/posts\/450","targetHints":{"allow":["GET"]}}],"collection":[{"href":"https:\/\/radio.ufpa.br\/index.php\/wp-json\/wp\/v2\/posts"}],"about":[{"href":"https:\/\/radio.ufpa.br\/index.php\/wp-json\/wp\/v2\/types\/post"}],"author":[{"embeddable":true,"href":"https:\/\/radio.ufpa.br\/index.php\/wp-json\/wp\/v2\/users\/2"}],"replies":[{"embeddable":true,"href":"https:\/\/radio.ufpa.br\/index.php\/wp-json\/wp\/v2\/comments?post=450"}],"version-history":[{"count":1,"href":"https:\/\/radio.ufpa.br\/index.php\/wp-json\/wp\/v2\/posts\/450\/revisions"}],"predecessor-version":[{"id":2035,"href":"https:\/\/radio.ufpa.br\/index.php\/wp-json\/wp\/v2\/posts\/450\/revisions\/2035"}],"wp:attachment":[{"href":"https:\/\/radio.ufpa.br\/index.php\/wp-json\/wp\/v2\/media?parent=450"}],"wp:term":[{"taxonomy":"category","embeddable":true,"href":"https:\/\/radio.ufpa.br\/index.php\/wp-json\/wp\/v2\/categories?post=450"},{"taxonomy":"post_tag","embeddable":true,"href":"https:\/\/radio.ufpa.br\/index.php\/wp-json\/wp\/v2\/tags?post=450"}],"curies":[{"name":"wp","href":"https:\/\/api.w.org\/{rel}","templated":true}]}}