{"id":4568,"date":"2018-07-13T13:28:30","date_gmt":"2018-07-13T16:28:30","guid":{"rendered":"http:\/\/radio.ufpa.br\/?p=4568"},"modified":"2018-12-20T10:08:55","modified_gmt":"2018-12-20T12:08:55","slug":"regioes-do-brasil","status":"publish","type":"post","link":"https:\/\/radio.ufpa.br\/index.php\/ciencia-legal\/regioes-do-brasil\/","title":{"rendered":"Regi\u00f5es do Brasil"},"content":{"rendered":"<!--[if lt IE 9]><script>document.createElement('audio');<\/script><![endif]-->\n\t<div class=\"wp-playlist wp-audio-playlist wp-playlist-light\">\n\t\t\t<div class=\"wp-playlist-current-item\"><\/div>\n\t\t<audio controls=\"controls\" preload=\"none\" width=\"1178\"\n\t\t\t><\/audio>\n\t<div class=\"wp-playlist-next\"><\/div>\n\t<div class=\"wp-playlist-prev\"><\/div>\n\t<noscript>\n\t<ol>\n\t\t<li><a href='https:\/\/radio.ufpa.br\/wp-content\/uploads\/2018\/03\/22%20-%20CI\u00caNCIA%20LEGAL%20-%20REGI\u00d5ES%20DO%20BRASIL.mp3'>22 - CI\u00caNCIA LEGAL - REGI\u00d5ES DO BRASIL<\/a><\/li>\t<\/ol>\n\t<\/noscript>\n\t<script type=\"application\/json\" class=\"wp-playlist-script\">{\"type\":\"audio\",\"tracklist\":true,\"tracknumbers\":true,\"images\":true,\"artists\":true,\"tracks\":[{\"src\":\"https:\\\/\\\/radio.ufpa.br\\\/wp-content\\\/uploads\\\/2018\\\/03\\\/22 - CI\\u00caNCIA LEGAL - REGI\\u00d5ES DO BRASIL.mp3\",\"type\":\"audio\\\/mpeg\",\"title\":\"22 - CI\\u00caNCIA LEGAL - REGI\\u00d5ES DO BRASIL\",\"caption\":\"\",\"description\":\"\\\"22 - CI\\u00caNCIA LEGAL - REGI\\u00d5ES DO BRASIL\\\". Genre: Other.\",\"meta\":{\"artist\":\"R\\u00c1DIO WEB UFPA\",\"album\":\"Ci\\u00eancia Legal\",\"genre\":\"Other\",\"length_formatted\":\"51:54\"},\"image\":{\"src\":\"https:\\\/\\\/radio.ufpa.br\\\/wp-includes\\\/images\\\/media\\\/audio.svg\",\"width\":48,\"height\":64},\"thumb\":{\"src\":\"https:\\\/\\\/radio.ufpa.br\\\/wp-includes\\\/images\\\/media\\\/audio.svg\",\"width\":48,\"height\":64}}]}<\/script>\n<\/div>\n\t\n<p>Com o slogan\u00a0 divers\u00e3o e conhecimento no r\u00e1dio, o Ci\u00eancia Legal \u00e9 um programa dedicado ao p\u00fablico infantil, permeado de hist\u00f3rias, brincadeiras e muito conhecimento sob comando da jornalista Luciana Miranda e do Jabuti da Amaz\u00f4nia.<\/p>\n<p>Nesta edi\u00e7\u00e3o, o tema \u00e9 Regi\u00f5es do Regi\u00f5es do Brasil. No programa, estudantes da Escola de Aplica\u00e7\u00e3o da UFPA participam de uma divertida gincana e ainda batem um papo sobre com\u00a0com a Profa. Eliana Teles como e porqu\u00ea o pa\u00eds \u00e9 dividido em regi\u00f5es e sobre as caracter\u00edsticas sociais, ambientais e culturais da Amaz\u00f4nia.<\/p>\n<p>O Ci\u00eancia Legal vai ao ar todas as segundas-feiras \u00e0s\u00a0 9h, nas quintas \u00e0s 17h e aos domingos \u00e0s 11h e as 18h.<\/p>\n","protected":false},"excerpt":{"rendered":"<p> &#8230; <a title=\"Regi\u00f5es do Brasil\" class=\"read-more\" href=\"https:\/\/radio.ufpa.br\/index.php\/ciencia-legal\/regioes-do-brasil\/\" aria-label=\"Read more about Regi\u00f5es do Brasil\">Ler mais<\/a><\/p>\n","protected":false},"author":9,"featured_media":4561,"comment_status":"open","ping_status":"open","sticky":false,"template":"","format":"standard","meta":{"_acf_changed":false,"_exactmetrics_skip_tracking":false,"_exactmetrics_sitenote_active":false,"_exactmetrics_sitenote_note":"","_exactmetrics_sitenote_category":0,"_monsterinsights_skip_tracking":false,"_monsterinsights_sitenote_active":false,"_monsterinsights_sitenote_note":"","_monsterinsights_sitenote_category":0,"_uf_show_specific_survey":0,"_uf_disable_surveys":false,"jetpack_post_was_ever_published":false,"_jetpack_newsletter_access":"","_jetpack_dont_email_post_to_subs":false,"_jetpack_newsletter_tier_id":0,"_jetpack_memberships_contains_paywalled_content":false,"_jetpack_memberships_contains_paid_content":false,"footnotes":"","jetpack_publicize_message":"","jetpack_publicize_feature_enabled":true,"jetpack_social_post_already_shared":true,"jetpack_social_options":{"image_generator_settings":{"template":"highway","enabled":false},"version":2}},"categories":[694],"tags":[],"class_list":["post-4568","post","type-post","status-publish","format-standard","has-post-thumbnail","hentry","category-ciencia-legal"],"acf":[],"yoast_head":"<!-- This site is optimized with the Yoast SEO plugin v25.1 - https:\/\/yoast.com\/wordpress\/plugins\/seo\/ -->\n<title>Regi\u00f5es do Brasil - Radio Web UFPA<\/title>\n<meta name=\"robots\" content=\"index, follow, max-snippet:-1, max-image-preview:large, max-video-preview:-1\" \/>\n<link rel=\"canonical\" href=\"https:\/\/radio.ufpa.br\/index.php\/ciencia-legal\/regioes-do-brasil\/\" \/>\n<meta property=\"og:locale\" content=\"pt_BR\" \/>\n<meta property=\"og:type\" content=\"article\" \/>\n<meta property=\"og:title\" content=\"Regi\u00f5es do Brasil - Radio Web UFPA\" \/>\n<meta property=\"og:description\" content=\"... Ler mais\" \/>\n<meta property=\"og:url\" content=\"https:\/\/radio.ufpa.br\/index.php\/ciencia-legal\/regioes-do-brasil\/\" \/>\n<meta property=\"og:site_name\" content=\"Radio Web UFPA\" \/>\n<meta property=\"article:publisher\" content=\"https:\/\/www.facebook.com\/radiowebufpa\" \/>\n<meta property=\"article:published_time\" content=\"2018-07-13T16:28:30+00:00\" \/>\n<meta property=\"article:modified_time\" content=\"2018-12-20T12:08:55+00:00\" \/>\n<meta property=\"og:image\" content=\"https:\/\/i0.wp.com\/radio.ufpa.br\/wp-content\/uploads\/2018\/03\/Regi\u00f5es%20do%20brasil.png?fit=957%2C956&ssl=1\" \/>\n\t<meta property=\"og:image:width\" content=\"957\" \/>\n\t<meta property=\"og:image:height\" content=\"956\" \/>\n\t<meta property=\"og:image:type\" content=\"image\/png\" \/>\n<meta name=\"author\" content=\"Daniel Souza\" \/>\n<meta name=\"twitter:card\" content=\"summary_large_image\" \/>\n<meta name=\"twitter:creator\" content=\"@radiowebufpa\" \/>\n<meta name=\"twitter:site\" content=\"@radiowebufpa\" \/>\n<meta name=\"twitter:label1\" content=\"Escrito por\" \/>\n\t<meta name=\"twitter:data1\" content=\"Daniel Souza\" \/>\n\t<meta name=\"twitter:label2\" content=\"Est. tempo de leitura\" \/>\n\t<meta name=\"twitter:data2\" content=\"1 minuto\" \/>\n<script type=\"application\/ld+json\" class=\"yoast-schema-graph\">{\"@context\":\"https:\/\/schema.org\",\"@graph\":[{\"@type\":\"Article\",\"@id\":\"https:\/\/radio.ufpa.br\/index.php\/ciencia-legal\/regioes-do-brasil\/#article\",\"isPartOf\":{\"@id\":\"https:\/\/radio.ufpa.br\/index.php\/ciencia-legal\/regioes-do-brasil\/\"},\"author\":{\"name\":\"Daniel Souza\",\"@id\":\"https:\/\/radio.ufpa.br\/#\/schema\/person\/1cb80ec9b1b89ed92abdc1defe8dd912\"},\"headline\":\"Regi\u00f5es do Brasil\",\"datePublished\":\"2018-07-13T16:28:30+00:00\",\"dateModified\":\"2018-12-20T12:08:55+00:00\",\"mainEntityOfPage\":{\"@id\":\"https:\/\/radio.ufpa.br\/index.php\/ciencia-legal\/regioes-do-brasil\/\"},\"wordCount\":132,\"commentCount\":0,\"publisher\":{\"@id\":\"https:\/\/radio.ufpa.br\/#organization\"},\"image\":{\"@id\":\"https:\/\/radio.ufpa.br\/index.php\/ciencia-legal\/regioes-do-brasil\/#primaryimage\"},\"thumbnailUrl\":\"https:\/\/i0.wp.com\/radio.ufpa.br\/wp-content\/uploads\/2018\/03\/Regi%C3%B5es%20do%20brasil.png?fit=957%2C956&ssl=1\",\"articleSection\":[\"Ci\u00eancia Legal\"],\"inLanguage\":\"pt-BR\",\"potentialAction\":[{\"@type\":\"CommentAction\",\"name\":\"Comment\",\"target\":[\"https:\/\/radio.ufpa.br\/index.php\/ciencia-legal\/regioes-do-brasil\/#respond\"]}]},{\"@type\":\"WebPage\",\"@id\":\"https:\/\/radio.ufpa.br\/index.php\/ciencia-legal\/regioes-do-brasil\/\",\"url\":\"https:\/\/radio.ufpa.br\/index.php\/ciencia-legal\/regioes-do-brasil\/\",\"name\":\"Regi\u00f5es do Brasil - Radio Web UFPA\",\"isPartOf\":{\"@id\":\"https:\/\/radio.ufpa.br\/#website\"},\"primaryImageOfPage\":{\"@id\":\"https:\/\/radio.ufpa.br\/index.php\/ciencia-legal\/regioes-do-brasil\/#primaryimage\"},\"image\":{\"@id\":\"https:\/\/radio.ufpa.br\/index.php\/ciencia-legal\/regioes-do-brasil\/#primaryimage\"},\"thumbnailUrl\":\"https:\/\/i0.wp.com\/radio.ufpa.br\/wp-content\/uploads\/2018\/03\/Regi%C3%B5es%20do%20brasil.png?fit=957%2C956&ssl=1\",\"datePublished\":\"2018-07-13T16:28:30+00:00\",\"dateModified\":\"2018-12-20T12:08:55+00:00\",\"breadcrumb\":{\"@id\":\"https:\/\/radio.ufpa.br\/index.php\/ciencia-legal\/regioes-do-brasil\/#breadcrumb\"},\"inLanguage\":\"pt-BR\",\"potentialAction\":[{\"@type\":\"ReadAction\",\"target\":[\"https:\/\/radio.ufpa.br\/index.php\/ciencia-legal\/regioes-do-brasil\/\"]}]},{\"@type\":\"ImageObject\",\"inLanguage\":\"pt-BR\",\"@id\":\"https:\/\/radio.ufpa.br\/index.php\/ciencia-legal\/regioes-do-brasil\/#primaryimage\",\"url\":\"https:\/\/i0.wp.com\/radio.ufpa.br\/wp-content\/uploads\/2018\/03\/Regi%C3%B5es%20do%20brasil.png?fit=957%2C956&ssl=1\",\"contentUrl\":\"https:\/\/i0.wp.com\/radio.ufpa.br\/wp-content\/uploads\/2018\/03\/Regi%C3%B5es%20do%20brasil.png?fit=957%2C956&ssl=1\",\"width\":957,\"height\":956},{\"@type\":\"BreadcrumbList\",\"@id\":\"https:\/\/radio.ufpa.br\/index.php\/ciencia-legal\/regioes-do-brasil\/#breadcrumb\",\"itemListElement\":[{\"@type\":\"ListItem\",\"position\":1,\"name\":\"In\u00edcio\",\"item\":\"https:\/\/radio.ufpa.br\/\"},{\"@type\":\"ListItem\",\"position\":2,\"name\":\"Regi\u00f5es do Brasil\"}]},{\"@type\":\"WebSite\",\"@id\":\"https:\/\/radio.ufpa.br\/#website\",\"url\":\"https:\/\/radio.ufpa.br\/\",\"name\":\"Radio Web UFPA\",\"description\":\"Divulgando o conhecimento\",\"publisher\":{\"@id\":\"https:\/\/radio.ufpa.br\/#organization\"},\"potentialAction\":[{\"@type\":\"SearchAction\",\"target\":{\"@type\":\"EntryPoint\",\"urlTemplate\":\"https:\/\/radio.ufpa.br\/?s={search_term_string}\"},\"query-input\":{\"@type\":\"PropertyValueSpecification\",\"valueRequired\":true,\"valueName\":\"search_term_string\"}}],\"inLanguage\":\"pt-BR\"},{\"@type\":\"Organization\",\"@id\":\"https:\/\/radio.ufpa.br\/#organization\",\"name\":\"UNIVERSIDADE FEDERAL DO PAR\u00c1-R\u00c1DIO WEB UFPA\",\"url\":\"https:\/\/radio.ufpa.br\/\",\"logo\":{\"@type\":\"ImageObject\",\"inLanguage\":\"pt-BR\",\"@id\":\"https:\/\/radio.ufpa.br\/#\/schema\/logo\/image\/\",\"url\":\"https:\/\/i0.wp.com\/radio.ufpa.br\/wp-content\/uploads\/2025\/12\/images-removebg-preview.png?fit=417%2C121&ssl=1\",\"contentUrl\":\"https:\/\/i0.wp.com\/radio.ufpa.br\/wp-content\/uploads\/2025\/12\/images-removebg-preview.png?fit=417%2C121&ssl=1\",\"width\":417,\"height\":121,\"caption\":\"UNIVERSIDADE FEDERAL DO PAR\u00c1-R\u00c1DIO WEB UFPA\"},\"image\":{\"@id\":\"https:\/\/radio.ufpa.br\/#\/schema\/logo\/image\/\"},\"sameAs\":[\"https:\/\/www.facebook.com\/radiowebufpa\",\"https:\/\/x.com\/radiowebufpa\",\"https:\/\/www.instagram.com\/radiowebufpa\/\",\"https:\/\/www.youtube.com\/user\/RadioWebUFP4\"]},{\"@type\":\"Person\",\"@id\":\"https:\/\/radio.ufpa.br\/#\/schema\/person\/1cb80ec9b1b89ed92abdc1defe8dd912\",\"name\":\"Daniel Souza\",\"image\":{\"@type\":\"ImageObject\",\"inLanguage\":\"pt-BR\",\"@id\":\"https:\/\/radio.ufpa.br\/#\/schema\/person\/image\/\",\"url\":\"https:\/\/secure.gravatar.com\/avatar\/e1b30214d27f3e2eca3bcaaa9684fcaf?s=96&d=mm&r=g\",\"contentUrl\":\"https:\/\/secure.gravatar.com\/avatar\/e1b30214d27f3e2eca3bcaaa9684fcaf?s=96&d=mm&r=g\",\"caption\":\"Daniel Souza\"},\"url\":\"https:\/\/radio.ufpa.br\/index.php\/author\/daniel-souza\/\"}]}<\/script>\n<!-- \/ Yoast SEO plugin. -->","yoast_head_json":{"title":"Regi\u00f5es do Brasil - Radio Web UFPA","robots":{"index":"index","follow":"follow","max-snippet":"max-snippet:-1","max-image-preview":"max-image-preview:large","max-video-preview":"max-video-preview:-1"},"canonical":"https:\/\/radio.ufpa.br\/index.php\/ciencia-legal\/regioes-do-brasil\/","og_locale":"pt_BR","og_type":"article","og_title":"Regi\u00f5es do Brasil - Radio Web UFPA","og_description":"... Ler mais","og_url":"https:\/\/radio.ufpa.br\/index.php\/ciencia-legal\/regioes-do-brasil\/","og_site_name":"Radio Web UFPA","article_publisher":"https:\/\/www.facebook.com\/radiowebufpa","article_published_time":"2018-07-13T16:28:30+00:00","article_modified_time":"2018-12-20T12:08:55+00:00","og_image":[{"width":957,"height":956,"url":"https:\/\/i0.wp.com\/radio.ufpa.br\/wp-content\/uploads\/2018\/03\/Regi\u00f5es do brasil.png?fit=957%2C956&ssl=1","type":"image\/png"}],"author":"Daniel Souza","twitter_card":"summary_large_image","twitter_creator":"@radiowebufpa","twitter_site":"@radiowebufpa","twitter_misc":{"Escrito por":"Daniel Souza","Est. tempo de leitura":"1 minuto"},"schema":{"@context":"https:\/\/schema.org","@graph":[{"@type":"Article","@id":"https:\/\/radio.ufpa.br\/index.php\/ciencia-legal\/regioes-do-brasil\/#article","isPartOf":{"@id":"https:\/\/radio.ufpa.br\/index.php\/ciencia-legal\/regioes-do-brasil\/"},"author":{"name":"Daniel Souza","@id":"https:\/\/radio.ufpa.br\/#\/schema\/person\/1cb80ec9b1b89ed92abdc1defe8dd912"},"headline":"Regi\u00f5es do Brasil","datePublished":"2018-07-13T16:28:30+00:00","dateModified":"2018-12-20T12:08:55+00:00","mainEntityOfPage":{"@id":"https:\/\/radio.ufpa.br\/index.php\/ciencia-legal\/regioes-do-brasil\/"},"wordCount":132,"commentCount":0,"publisher":{"@id":"https:\/\/radio.ufpa.br\/#organization"},"image":{"@id":"https:\/\/radio.ufpa.br\/index.php\/ciencia-legal\/regioes-do-brasil\/#primaryimage"},"thumbnailUrl":"https:\/\/i0.wp.com\/radio.ufpa.br\/wp-content\/uploads\/2018\/03\/Regi%C3%B5es%20do%20brasil.png?fit=957%2C956&ssl=1","articleSection":["Ci\u00eancia Legal"],"inLanguage":"pt-BR","potentialAction":[{"@type":"CommentAction","name":"Comment","target":["https:\/\/radio.ufpa.br\/index.php\/ciencia-legal\/regioes-do-brasil\/#respond"]}]},{"@type":"WebPage","@id":"https:\/\/radio.ufpa.br\/index.php\/ciencia-legal\/regioes-do-brasil\/","url":"https:\/\/radio.ufpa.br\/index.php\/ciencia-legal\/regioes-do-brasil\/","name":"Regi\u00f5es do Brasil - Radio Web UFPA","isPartOf":{"@id":"https:\/\/radio.ufpa.br\/#website"},"primaryImageOfPage":{"@id":"https:\/\/radio.ufpa.br\/index.php\/ciencia-legal\/regioes-do-brasil\/#primaryimage"},"image":{"@id":"https:\/\/radio.ufpa.br\/index.php\/ciencia-legal\/regioes-do-brasil\/#primaryimage"},"thumbnailUrl":"https:\/\/i0.wp.com\/radio.ufpa.br\/wp-content\/uploads\/2018\/03\/Regi%C3%B5es%20do%20brasil.png?fit=957%2C956&ssl=1","datePublished":"2018-07-13T16:28:30+00:00","dateModified":"2018-12-20T12:08:55+00:00","breadcrumb":{"@id":"https:\/\/radio.ufpa.br\/index.php\/ciencia-legal\/regioes-do-brasil\/#breadcrumb"},"inLanguage":"pt-BR","potentialAction":[{"@type":"ReadAction","target":["https:\/\/radio.ufpa.br\/index.php\/ciencia-legal\/regioes-do-brasil\/"]}]},{"@type":"ImageObject","inLanguage":"pt-BR","@id":"https:\/\/radio.ufpa.br\/index.php\/ciencia-legal\/regioes-do-brasil\/#primaryimage","url":"https:\/\/i0.wp.com\/radio.ufpa.br\/wp-content\/uploads\/2018\/03\/Regi%C3%B5es%20do%20brasil.png?fit=957%2C956&ssl=1","contentUrl":"https:\/\/i0.wp.com\/radio.ufpa.br\/wp-content\/uploads\/2018\/03\/Regi%C3%B5es%20do%20brasil.png?fit=957%2C956&ssl=1","width":957,"height":956},{"@type":"BreadcrumbList","@id":"https:\/\/radio.ufpa.br\/index.php\/ciencia-legal\/regioes-do-brasil\/#breadcrumb","itemListElement":[{"@type":"ListItem","position":1,"name":"In\u00edcio","item":"https:\/\/radio.ufpa.br\/"},{"@type":"ListItem","position":2,"name":"Regi\u00f5es do Brasil"}]},{"@type":"WebSite","@id":"https:\/\/radio.ufpa.br\/#website","url":"https:\/\/radio.ufpa.br\/","name":"Radio Web UFPA","description":"Divulgando o conhecimento","publisher":{"@id":"https:\/\/radio.ufpa.br\/#organization"},"potentialAction":[{"@type":"SearchAction","target":{"@type":"EntryPoint","urlTemplate":"https:\/\/radio.ufpa.br\/?s={search_term_string}"},"query-input":{"@type":"PropertyValueSpecification","valueRequired":true,"valueName":"search_term_string"}}],"inLanguage":"pt-BR"},{"@type":"Organization","@id":"https:\/\/radio.ufpa.br\/#organization","name":"UNIVERSIDADE FEDERAL DO PAR\u00c1-R\u00c1DIO WEB UFPA","url":"https:\/\/radio.ufpa.br\/","logo":{"@type":"ImageObject","inLanguage":"pt-BR","@id":"https:\/\/radio.ufpa.br\/#\/schema\/logo\/image\/","url":"https:\/\/i0.wp.com\/radio.ufpa.br\/wp-content\/uploads\/2025\/12\/images-removebg-preview.png?fit=417%2C121&ssl=1","contentUrl":"https:\/\/i0.wp.com\/radio.ufpa.br\/wp-content\/uploads\/2025\/12\/images-removebg-preview.png?fit=417%2C121&ssl=1","width":417,"height":121,"caption":"UNIVERSIDADE FEDERAL DO PAR\u00c1-R\u00c1DIO WEB UFPA"},"image":{"@id":"https:\/\/radio.ufpa.br\/#\/schema\/logo\/image\/"},"sameAs":["https:\/\/www.facebook.com\/radiowebufpa","https:\/\/x.com\/radiowebufpa","https:\/\/www.instagram.com\/radiowebufpa\/","https:\/\/www.youtube.com\/user\/RadioWebUFP4"]},{"@type":"Person","@id":"https:\/\/radio.ufpa.br\/#\/schema\/person\/1cb80ec9b1b89ed92abdc1defe8dd912","name":"Daniel Souza","image":{"@type":"ImageObject","inLanguage":"pt-BR","@id":"https:\/\/radio.ufpa.br\/#\/schema\/person\/image\/","url":"https:\/\/secure.gravatar.com\/avatar\/e1b30214d27f3e2eca3bcaaa9684fcaf?s=96&d=mm&r=g","contentUrl":"https:\/\/secure.gravatar.com\/avatar\/e1b30214d27f3e2eca3bcaaa9684fcaf?s=96&d=mm&r=g","caption":"Daniel Souza"},"url":"https:\/\/radio.ufpa.br\/index.php\/author\/daniel-souza\/"}]}},"jetpack_publicize_connections":[],"jetpack_featured_media_url":"https:\/\/i0.wp.com\/radio.ufpa.br\/wp-content\/uploads\/2018\/03\/Regi%C3%B5es%20do%20brasil.png?fit=957%2C956&ssl=1","jetpack_shortlink":"https:\/\/wp.me\/p8TJeA-1bG","jetpack_likes_enabled":true,"jetpack-related-posts":[],"jetpack_sharing_enabled":true,"_links":{"self":[{"href":"https:\/\/radio.ufpa.br\/index.php\/wp-json\/wp\/v2\/posts\/4568","targetHints":{"allow":["GET"]}}],"collection":[{"href":"https:\/\/radio.ufpa.br\/index.php\/wp-json\/wp\/v2\/posts"}],"about":[{"href":"https:\/\/radio.ufpa.br\/index.php\/wp-json\/wp\/v2\/types\/post"}],"author":[{"embeddable":true,"href":"https:\/\/radio.ufpa.br\/index.php\/wp-json\/wp\/v2\/users\/9"}],"replies":[{"embeddable":true,"href":"https:\/\/radio.ufpa.br\/index.php\/wp-json\/wp\/v2\/comments?post=4568"}],"version-history":[{"count":4,"href":"https:\/\/radio.ufpa.br\/index.php\/wp-json\/wp\/v2\/posts\/4568\/revisions"}],"predecessor-version":[{"id":5374,"href":"https:\/\/radio.ufpa.br\/index.php\/wp-json\/wp\/v2\/posts\/4568\/revisions\/5374"}],"wp:featuredmedia":[{"embeddable":true,"href":"https:\/\/radio.ufpa.br\/index.php\/wp-json\/wp\/v2\/media\/4561"}],"wp:attachment":[{"href":"https:\/\/radio.ufpa.br\/index.php\/wp-json\/wp\/v2\/media?parent=4568"}],"wp:term":[{"taxonomy":"category","embeddable":true,"href":"https:\/\/radio.ufpa.br\/index.php\/wp-json\/wp\/v2\/categories?post=4568"},{"taxonomy":"post_tag","embeddable":true,"href":"https:\/\/radio.ufpa.br\/index.php\/wp-json\/wp\/v2\/tags?post=4568"}],"curies":[{"name":"wp","href":"https:\/\/api.w.org\/{rel}","templated":true}]}}