{"id":477,"date":"2017-05-26T11:51:13","date_gmt":"2017-05-26T14:51:13","guid":{"rendered":"http:\/\/radio.ufpa.br\/?p=477"},"modified":"2019-03-07T13:03:26","modified_gmt":"2019-03-07T16:03:26","slug":"mulher-genero-e-violencia","status":"publish","type":"post","link":"https:\/\/radio.ufpa.br\/index.php\/ufpa-pesquisa\/mulher-genero-e-violencia\/","title":{"rendered":"Mulher, G\u00eanero e Viol\u00eancia"},"content":{"rendered":"<header class=\"article-header clearfix\"><!--[if lt IE 9]><script>document.createElement('audio');<\/script><![endif]-->\n\t<div class=\"wp-playlist wp-audio-playlist wp-playlist-light\">\n\t\t\t<div class=\"wp-playlist-current-item\"><\/div>\n\t\t<audio controls=\"controls\" preload=\"none\" width=\"1178\"\n\t\t\t><\/audio>\n\t<div class=\"wp-playlist-next\"><\/div>\n\t<div class=\"wp-playlist-prev\"><\/div>\n\t<noscript>\n\t<ol>\n\t\t<li><a href='https:\/\/radio.ufpa.br\/wp-content\/uploads\/2017\/02\/UFPA%20PESQUISA%20-%20MULHER,%20G\u00caNERO%20E%20VIOL\u00caNCIA%20-%2023.03.17.mp3'>Mulher, G\u00eanero e Viol\u00eancia<\/a><\/li>\t<\/ol>\n\t<\/noscript>\n\t<script type=\"application\/json\" class=\"wp-playlist-script\">{\"type\":\"audio\",\"tracklist\":true,\"tracknumbers\":true,\"images\":true,\"artists\":true,\"tracks\":[{\"src\":\"https:\\\/\\\/radio.ufpa.br\\\/wp-content\\\/uploads\\\/2017\\\/02\\\/UFPA PESQUISA - MULHER, G\\u00caNERO E VIOL\\u00caNCIA - 23.03.17.mp3\",\"type\":\"audio\\\/mpeg\",\"title\":\"Mulher, G\\u00eanero e Viol\\u00eancia\",\"caption\":\"\",\"description\":\"\\\"UFPA PESQUISA - MULHER, G\\u00caNERO E VIOL\\u00caNCIA - 23.03.17\\\". Genre: Other.\",\"meta\":{\"artist\":\"R\\u00e1dio Web UFPA\",\"album\":\"UFPA Pesquisa\",\"genre\":\"Other\",\"length_formatted\":\"43:13\"},\"image\":{\"src\":\"https:\\\/\\\/i0.wp.com\\\/radio.ufpa.br\\\/wp-content\\\/uploads\\\/2017\\\/06\\\/pesquisa.png?fit=480%2C480&ssl=1\",\"width\":480,\"height\":480},\"thumb\":{\"src\":\"https:\\\/\\\/i0.wp.com\\\/radio.ufpa.br\\\/wp-content\\\/uploads\\\/2017\\\/06\\\/pesquisa.png?resize=150%2C150&ssl=1\",\"width\":150,\"height\":150}}]}<\/script>\n<\/div>\n\t<\/p>\n<p class=\"article-title\">No m\u00eas da mulher, o UFPA Pesquisa n\u00e3o poderia ficar de fora das discuss\u00f5es em torno do p\u00fablico feminino. E para falar sobre o tema Mulher, G\u00eanero e Viol\u00eancia, o programa convidou Tainara L\u00facia Pinheiro, graduanda do curso de Ci\u00eancias Sociais da UFPA e pesquisadora do Grupo de Pesquisa \u201cN\u00f3s.Mulheres: pela equidade de g\u00eanero \u00e9tnico-racial\u201d da UFPA, e a delegada Janice Maia de Aguiar, diretora da Divis\u00e3o Especializada no Atendimento \u00e0 Mulher (DEAM-Bel\u00e9m).<\/p>\n<\/header>\n<section class=\"article-content clearfix\">Ainda que a Lei Maria da Penha (Lei n\u00ba 11.340\/2006) tenha permitido o avan\u00e7o nas conquistas de direitos do p\u00fablico feminino, a viol\u00eancia contra mulheres continua com n\u00fameros elevados, colocando o Brasil em quinto lugar no ranking dos pa\u00edses nessa categoria de crime.<\/p>\n<p>A viol\u00eancia de g\u00eanero foi um dos assuntos discutidos no programa. A viol\u00eancia dom\u00e9stica e familiar e o menosprezo ou discrimina\u00e7\u00e3o \u00e0 condi\u00e7\u00e3o de mulher est\u00e3o descritos na nova legisla\u00e7\u00e3o como elementos de viol\u00eancia de g\u00eanero, integrando ao crime de feminic\u00eddio. <\/p>\n<p>De acordo com Tainara Pinheiro, uma das bases da forma\u00e7\u00e3o sociocultural brasileira est\u00e1 associada ao sexismo, compreendido como a discrimina\u00e7\u00e3o ou a objetifica\u00e7\u00e3o baseadas no sexo ou g\u00eanero de uma pessoa. \u201cCompreende-se como viol\u00eancia de g\u00eanero a viol\u00eancia praticada por um g\u00eanero sobre o outro. No Brasil, assim como no mundo, a viol\u00eancia de g\u00eanero \u00e9 praticada pelo homem contra a mulher. Por conta da l\u00f3gica patriarcal constru\u00edda historicamente em nosso pa\u00eds, a viol\u00eancia de homens contra mulheres, hoje, se d\u00e1 em todas as esferas da nossa sociedade, at\u00e9 mesmo nas Universidades\u201d, explica a pesquisadora.<\/p>\n<p>Tainara Pinheiro diz tamb\u00e9m que, al\u00e9m da l\u00f3gica patriarcal, n\u00f3s somos formados, tamb\u00e9m, em uma l\u00f3gica racista. \u201cObviamente, as mulheres negras sofrem de maneira diferente e muito espec\u00edficas em rela\u00e7\u00e3o \u00e0s mulheres brancas. Ou seja, al\u00e9m de sofrerem com o sexismo, essas mulheres tamb\u00e9m sofrem o racismo. E se essa mulher negra for da periferia, bissexual, l\u00e9sbica ou trans? Ela vai sofrer viol\u00eancias espec\u00edficas e sofre mais do que uma outra mulher que n\u00e3o se encaixa dentro desses marcadores sociais da diferen\u00e7a\u201d, fala a pesquisadora.<\/p>\n<p>O Mapa da Viol\u00eancia 2015: Homic\u00eddio de mulheres no Brasil, \u00faltimo levantamento sobre esse tipo de crime, mostra o aumento em 54% da taxa de mulheres negras assassinadas, entre os anos de 2003 e 2013, enquanto o n\u00famero de homic\u00eddios de mulheres brancas diminuiu 9,8%, no mesmo per\u00edodo, o que revela a diferen\u00e7a entre as viol\u00eancias sofridas por mulheres negras e brancas. O estudo foi desenvolvido pela Faculdade Latino-Americana de Ci\u00eancias Sociais (Flacso), em parceria com o escrit\u00f3rio da ONU Mulheres no Brasil, a Organiza\u00e7\u00e3o Pan-Americana da Sa\u00fade\/Organiza\u00e7\u00e3o Mundial da Sa\u00fade (OPAS\/OMS) e da Secretaria Especial de Pol\u00edticas P\u00fablicas para as mulheres (SPM) do Minist\u00e9rio das Mulheres, da Igualdade racial e dos Direitos Humanos.<\/p>\n<p>A delegada Janice Maia de Aguiar explica como a Lei Maria da Penha classifica os tipos de viol\u00eancias contra a mulher. \u201cAl\u00e9m da viol\u00eancia f\u00edsica, h\u00e1 a viol\u00eancia moral, a psicol\u00f3gica, a sexual e a patrimonial&#8221;, diz a diretora da DEAM. Mas, para Tainara Pinheiro, existem outras formas de viol\u00eancias, muitas vezes despercebidas pelas mulheres, e nem s\u00e3o previstas na legisla\u00e7\u00e3o como viol\u00eancias. \u201cUm exemplo \u00e9 quando o companheiro pede para a mulher n\u00e3o usar certos tipos de roupas, pois fica enciumado, com o pretexto de cuidado. Esse tipo de rela\u00e7\u00e3o de domina\u00e7\u00e3o, de subjuga\u00e7\u00e3o, \u00e9 socialmente muito naturalizado. \u00c9 importante que as mulheres possam identificar esses tipos de viol\u00eancia\u201d, afirma a pesquisadora.<\/p>\n<p>Outro assunto discutido no programa foi sobre o feminic\u00eddio. De acordo com a delegada Janice Aguiar o feminic\u00eddio n\u00e3o se baseia no g\u00eanero, mas no sexo feminino. \u201cO feminic\u00eddio tem essa particularidade. A Lei do feminic\u00eddio \u00e9 bem espec\u00edfica, diferentemente da lei Maria da Penha, baseada no g\u00eanero. Logo, uma transg\u00eanero feminina n\u00e3o vai ser v\u00edtima de feminic\u00eddio, por mais que o crime tenha esse motivo e ela se identifique como mulher, pois a lei \u00e9 bem espec\u00edfica e n\u00e3o deixou margem para outra interpreta\u00e7\u00e3o\u201d, afirma a delegada.<\/p>\n<p>A delegada esclarece ainda que o artigo 121 (Decreto-Lei no 2.848, 1940) do C\u00f3digo Penal foi alterado, para incluir o feminic\u00eddio no rol dos crimes de homic\u00eddios e hediondos. \u201cFoi criado um par\u00e1grafo com o intuito de agravar a situa\u00e7\u00e3o do criminoso que mata a mulher com base na viol\u00eancia dom\u00e9stica e familiar ou por ela ser mulher. Antes, ao matar a esposa dentro de uma viol\u00eancia dom\u00e9stica ou familiar, o criminoso poderia ser sentenciado de 08 a 20 anos. A partir da lei do feminic\u00eddio, j\u00e1 \u00e9 condenado de 12 a 30 anos de pris\u00e3o\u201d, explica a delegada. Ela tamb\u00e9m diz que para ser enquadrado como feminic\u00eddio, o crime de homic\u00eddio deve ser praticado contra a mulher, levando em considera\u00e7\u00e3o duas quest\u00f5es: ou dentro de uma viol\u00eancia dom\u00e9stica e familiar ou ent\u00e3o pelo simples fato de ela ser mulher.<\/p>\n<p>Sobre o \u201cN\u00f3s.Mulheres: pela equidade de g\u00eanero \u00e9tnico-racial\u201d da UFPA, Tainara Pinheiro fala a respeito da atua\u00e7\u00e3o, dos objetivos e das linhas de pesquisas do Grupo. \u201cO N\u00f3s.Mulheres atua exatamente pensando nas interseccionalidades, entendidas como as diversas identidades das pessoas e que atravessam os seus corpos. Ent\u00e3o, eu n\u00e3o posso pensar em uma mulher sem pensar qual a sua ra\u00e7a, faixa et\u00e1ria, etc., pois tudo isso influencia e forma aquela pessoa. A ideia do Grupo de Pesquisa \u00e9 atuar exatamente a partir da interseccionalidade, como metodologia de an\u00e1lise do feminismo negro, principal \u00e1rea de atua\u00e7\u00e3o dentro do Grupo\u201d, conta a pesquisadora.<\/p>\n<p>O N\u00f3s.Mulheres, coordenado pela professora M\u00f4nica Prates Conrado, atua nas seguintes linhas de pesquisa: m\u00eddia e racismo, juventudes negras, g\u00eanero e viol\u00eancia, g\u00eanero e pr\u00e1ticas educacionais, a\u00e7\u00f5es afirmativas em torno das popula\u00e7\u00f5es negras, masculinidades negras, trans e travestis negras, est\u00e9ticas e performances sexuais e de g\u00eaneros, lesbianidades negras e feminismos negros. \u201c\u00c0s vezes, falamos de g\u00eanero e pensamos espontaneamente em mulheres, g\u00eanero feminino. Por\u00e9m, o N\u00f3s.Mulheres atua pensando tanto no g\u00eanero feminino quanto no g\u00eanero masculino. A ideia \u00e9 pensar o g\u00eanero e o pr\u00f3prio feminismo para al\u00e9m de algo espec\u00edfico de mulheres, mas as rela\u00e7\u00f5es entre g\u00eaneros\u201d, diz Tainara Pinheiro.<\/p>\n<p>Os principais objetivos do Grupo s\u00e3o produzir projetos acad\u00eamicos, assim como construir e fomentar os debates sobre as tem\u00e1ticas dentro da Universidade. A estudante de Ci\u00eancias Sociais conta tamb\u00e9m que o Grupo recebe o apoio e parcerias de ONGs, comunidades tradicionais, organiza\u00e7\u00f5es do movimento negro de Bel\u00e9m e de redes de mulheres negras de Bel\u00e9m. \u201cEu atuo sob orienta\u00e7\u00e3o da professora M\u00f4nica Conrado, na linha de feminismos negros. O meu projeto agora \u00e9 pensar como mulheres negras, dentro da Universidade Federal do Par\u00e1, campus Bel\u00e9m, t\u00eam experi\u00eancias com situa\u00e7\u00f5es de racismo e sexismo, institucionais ou n\u00e3o, dentro do espa\u00e7o da Universidade. Nas entrevistas, ou\u00e7o fortes relatos de mulheres que sofrem dentro da Institui\u00e7\u00e3o e, muitas vezes, as viol\u00eancias s\u00e3o provenientes de colegas de classe, professores e por fiscais de seguran\u00e7a. S\u00e3o viol\u00eancias diretas, relacionadas ao g\u00eanero e \u00e0 ra\u00e7a\u201d, revela Tainara Pinheiro.<\/p>\n<p>Essas viol\u00eancias relatadas por Tainara e outros tipos de agress\u00f5es a mulheres s\u00e3o registrados na DEAM, a Divis\u00e3o Especializada no Atendimento \u00e0 Mulher. A DEAM trabalha integradamente com o Propaz Mulher, dentro de um mesmo pr\u00e9dio. Servi\u00e7os como o de acolhimento e atendimento policial \u00e0 v\u00edtima s\u00e3o oferecidos pela divis\u00e3o especializada. \u201cPrimeiramente, a v\u00edtima \u00e9 acolhida pelas assistentes sociais. Se for identificado crime, ela ser\u00e1 encaminhada \u00e0 delegacia. Na delegacia, ser\u00e3o feitos alguns questionamentos e, a partir disso, ser\u00e1 feito o boletim de ocorr\u00eancia. Neste momento, tamb\u00e9m \u00e9 oferecida a ela a medida protetiva. Depois, enviamos o caso para a Justi\u00e7a\u201d, explica a delegada.<\/p>\n<p>Segundo a diretora Janice Aguiar, no Par\u00e1 existem 16 Divis\u00f5es Especializadas no Atendimento \u00c0 Mulher. \u201cN\u00f3s temos no mesmo local um atendimento multiprofissional. Temos enfermeiras, assistentes sociais, psic\u00f3logas, peritas. Desse modo, a pol\u00edcia consegue se concentrar no trabalho dela e \u00e9 um grande avan\u00e7o, tamb\u00e9m, para a v\u00edtima\u201d, diz. A DEAM de Bel\u00e9m fica no bairro do Marco e atende toda a Regi\u00e3o Metropolitana. A DEAM de Ananindeua est\u00e1 em fase de t\u00e9rmino de constru\u00e7\u00e3o.<\/p>\n<\/section>\n","protected":false},"excerpt":{"rendered":"<p> &#8230; <a title=\"Mulher, G\u00eanero e Viol\u00eancia\" class=\"read-more\" href=\"https:\/\/radio.ufpa.br\/index.php\/ufpa-pesquisa\/mulher-genero-e-violencia\/\" aria-label=\"Read more about Mulher, G\u00eanero e Viol\u00eancia\">Ler mais<\/a><\/p>\n","protected":false},"author":2,"featured_media":2195,"comment_status":"open","ping_status":"open","sticky":false,"template":"","format":"standard","meta":{"_acf_changed":false,"_exactmetrics_skip_tracking":false,"_exactmetrics_sitenote_active":false,"_exactmetrics_sitenote_note":"","_exactmetrics_sitenote_category":0,"_monsterinsights_skip_tracking":false,"_monsterinsights_sitenote_active":false,"_monsterinsights_sitenote_note":"","_monsterinsights_sitenote_category":0,"_uf_show_specific_survey":0,"_uf_disable_surveys":false,"jetpack_post_was_ever_published":false,"_jetpack_newsletter_access":"","_jetpack_dont_email_post_to_subs":false,"_jetpack_newsletter_tier_id":0,"_jetpack_memberships_contains_paywalled_content":false,"_jetpack_memberships_contains_paid_content":false,"footnotes":"","jetpack_publicize_message":"","jetpack_publicize_feature_enabled":true,"jetpack_social_post_already_shared":true,"jetpack_social_options":{"image_generator_settings":{"template":"highway","enabled":false},"version":2}},"categories":[329],"tags":[422,414,417,418,411,421,415,416,423,236,419,420,413,412],"class_list":["post-477","post","type-post","status-publish","format-standard","has-post-thumbnail","hentry","category-ufpa-pesquisa","tag-deam","tag-deam-belem","tag-feminicidio","tag-flacso","tag-genero","tag-janice-maia-de-aguiar","tag-lei-no-11-3402006","tag-maria-da-penha","tag-monica-prates-conrado","tag-mulher","tag-opasoms","tag-spm","tag-tainara-lucia-pinheiro","tag-violencia"],"acf":[],"yoast_head":"<!-- This site is optimized with the Yoast SEO plugin v25.1 - https:\/\/yoast.com\/wordpress\/plugins\/seo\/ -->\n<title>Mulher, G\u00eanero e Viol\u00eancia - Radio Web UFPA<\/title>\n<meta name=\"robots\" content=\"index, follow, max-snippet:-1, max-image-preview:large, max-video-preview:-1\" \/>\n<link rel=\"canonical\" href=\"https:\/\/radio.ufpa.br\/index.php\/ufpa-pesquisa\/mulher-genero-e-violencia\/\" \/>\n<meta property=\"og:locale\" content=\"pt_BR\" \/>\n<meta property=\"og:type\" content=\"article\" \/>\n<meta property=\"og:title\" content=\"Mulher, G\u00eanero e Viol\u00eancia - Radio Web UFPA\" \/>\n<meta property=\"og:description\" content=\"... Ler mais\" \/>\n<meta property=\"og:url\" content=\"https:\/\/radio.ufpa.br\/index.php\/ufpa-pesquisa\/mulher-genero-e-violencia\/\" \/>\n<meta property=\"og:site_name\" content=\"Radio Web UFPA\" \/>\n<meta property=\"article:publisher\" content=\"https:\/\/www.facebook.com\/radiowebufpa\" \/>\n<meta property=\"article:published_time\" content=\"2017-05-26T14:51:13+00:00\" \/>\n<meta property=\"article:modified_time\" content=\"2019-03-07T16:03:26+00:00\" \/>\n<meta property=\"og:image\" content=\"https:\/\/i0.wp.com\/radio.ufpa.br\/wp-content\/uploads\/2017\/09\/hand-1832921_1280.jpg?fit=1280%2C854&ssl=1\" \/>\n\t<meta property=\"og:image:width\" content=\"1280\" \/>\n\t<meta property=\"og:image:height\" content=\"854\" \/>\n\t<meta property=\"og:image:type\" content=\"image\/jpeg\" \/>\n<meta name=\"author\" content=\"Fabr\u00edcio Queiroz\" \/>\n<meta name=\"twitter:card\" content=\"summary_large_image\" \/>\n<meta name=\"twitter:creator\" content=\"@radiowebufpa\" \/>\n<meta name=\"twitter:site\" content=\"@radiowebufpa\" \/>\n<meta name=\"twitter:label1\" content=\"Escrito por\" \/>\n\t<meta name=\"twitter:data1\" content=\"Fabr\u00edcio Queiroz\" \/>\n\t<meta name=\"twitter:label2\" content=\"Est. tempo de leitura\" \/>\n\t<meta name=\"twitter:data2\" content=\"7 minutos\" \/>\n<script type=\"application\/ld+json\" class=\"yoast-schema-graph\">{\"@context\":\"https:\/\/schema.org\",\"@graph\":[{\"@type\":\"Article\",\"@id\":\"https:\/\/radio.ufpa.br\/index.php\/ufpa-pesquisa\/mulher-genero-e-violencia\/#article\",\"isPartOf\":{\"@id\":\"https:\/\/radio.ufpa.br\/index.php\/ufpa-pesquisa\/mulher-genero-e-violencia\/\"},\"author\":{\"name\":\"Fabr\u00edcio Queiroz\",\"@id\":\"https:\/\/radio.ufpa.br\/#\/schema\/person\/f3f139516982741ca0831359933ac096\"},\"headline\":\"Mulher, G\u00eanero e Viol\u00eancia\",\"datePublished\":\"2017-05-26T14:51:13+00:00\",\"dateModified\":\"2019-03-07T16:03:26+00:00\",\"mainEntityOfPage\":{\"@id\":\"https:\/\/radio.ufpa.br\/index.php\/ufpa-pesquisa\/mulher-genero-e-violencia\/\"},\"wordCount\":1501,\"commentCount\":0,\"publisher\":{\"@id\":\"https:\/\/radio.ufpa.br\/#organization\"},\"image\":{\"@id\":\"https:\/\/radio.ufpa.br\/index.php\/ufpa-pesquisa\/mulher-genero-e-violencia\/#primaryimage\"},\"thumbnailUrl\":\"https:\/\/i0.wp.com\/radio.ufpa.br\/wp-content\/uploads\/2017\/09\/hand-1832921_1280.jpg?fit=1280%2C854&ssl=1\",\"keywords\":[\"DEAM\",\"DEAM-Bel\u00e9m\",\"feminic\u00eddio\",\"Flacso\",\"G\u00eanero\",\"Janice Maia de Aguiar\",\"Lei n\u00ba 11.340\/2006\",\"Maria da Penha\",\"M\u00f4nica Prates Conrado\",\"Mulher\",\"OPAS\/OMS\",\"SPM\",\"Tainara L\u00facia Pinheiro\",\"Viol\u00eancia\"],\"articleSection\":[\"UFPA Pesquisa\"],\"inLanguage\":\"pt-BR\",\"potentialAction\":[{\"@type\":\"CommentAction\",\"name\":\"Comment\",\"target\":[\"https:\/\/radio.ufpa.br\/index.php\/ufpa-pesquisa\/mulher-genero-e-violencia\/#respond\"]}]},{\"@type\":\"WebPage\",\"@id\":\"https:\/\/radio.ufpa.br\/index.php\/ufpa-pesquisa\/mulher-genero-e-violencia\/\",\"url\":\"https:\/\/radio.ufpa.br\/index.php\/ufpa-pesquisa\/mulher-genero-e-violencia\/\",\"name\":\"Mulher, G\u00eanero e Viol\u00eancia - Radio Web UFPA\",\"isPartOf\":{\"@id\":\"https:\/\/radio.ufpa.br\/#website\"},\"primaryImageOfPage\":{\"@id\":\"https:\/\/radio.ufpa.br\/index.php\/ufpa-pesquisa\/mulher-genero-e-violencia\/#primaryimage\"},\"image\":{\"@id\":\"https:\/\/radio.ufpa.br\/index.php\/ufpa-pesquisa\/mulher-genero-e-violencia\/#primaryimage\"},\"thumbnailUrl\":\"https:\/\/i0.wp.com\/radio.ufpa.br\/wp-content\/uploads\/2017\/09\/hand-1832921_1280.jpg?fit=1280%2C854&ssl=1\",\"datePublished\":\"2017-05-26T14:51:13+00:00\",\"dateModified\":\"2019-03-07T16:03:26+00:00\",\"breadcrumb\":{\"@id\":\"https:\/\/radio.ufpa.br\/index.php\/ufpa-pesquisa\/mulher-genero-e-violencia\/#breadcrumb\"},\"inLanguage\":\"pt-BR\",\"potentialAction\":[{\"@type\":\"ReadAction\",\"target\":[\"https:\/\/radio.ufpa.br\/index.php\/ufpa-pesquisa\/mulher-genero-e-violencia\/\"]}]},{\"@type\":\"ImageObject\",\"inLanguage\":\"pt-BR\",\"@id\":\"https:\/\/radio.ufpa.br\/index.php\/ufpa-pesquisa\/mulher-genero-e-violencia\/#primaryimage\",\"url\":\"https:\/\/i0.wp.com\/radio.ufpa.br\/wp-content\/uploads\/2017\/09\/hand-1832921_1280.jpg?fit=1280%2C854&ssl=1\",\"contentUrl\":\"https:\/\/i0.wp.com\/radio.ufpa.br\/wp-content\/uploads\/2017\/09\/hand-1832921_1280.jpg?fit=1280%2C854&ssl=1\",\"width\":1280,\"height\":854},{\"@type\":\"BreadcrumbList\",\"@id\":\"https:\/\/radio.ufpa.br\/index.php\/ufpa-pesquisa\/mulher-genero-e-violencia\/#breadcrumb\",\"itemListElement\":[{\"@type\":\"ListItem\",\"position\":1,\"name\":\"In\u00edcio\",\"item\":\"https:\/\/radio.ufpa.br\/\"},{\"@type\":\"ListItem\",\"position\":2,\"name\":\"Mulher, G\u00eanero e Viol\u00eancia\"}]},{\"@type\":\"WebSite\",\"@id\":\"https:\/\/radio.ufpa.br\/#website\",\"url\":\"https:\/\/radio.ufpa.br\/\",\"name\":\"Radio Web UFPA\",\"description\":\"Divulgando o conhecimento\",\"publisher\":{\"@id\":\"https:\/\/radio.ufpa.br\/#organization\"},\"potentialAction\":[{\"@type\":\"SearchAction\",\"target\":{\"@type\":\"EntryPoint\",\"urlTemplate\":\"https:\/\/radio.ufpa.br\/?s={search_term_string}\"},\"query-input\":{\"@type\":\"PropertyValueSpecification\",\"valueRequired\":true,\"valueName\":\"search_term_string\"}}],\"inLanguage\":\"pt-BR\"},{\"@type\":\"Organization\",\"@id\":\"https:\/\/radio.ufpa.br\/#organization\",\"name\":\"UNIVERSIDADE FEDERAL DO PAR\u00c1-R\u00c1DIO WEB UFPA\",\"url\":\"https:\/\/radio.ufpa.br\/\",\"logo\":{\"@type\":\"ImageObject\",\"inLanguage\":\"pt-BR\",\"@id\":\"https:\/\/radio.ufpa.br\/#\/schema\/logo\/image\/\",\"url\":\"https:\/\/i0.wp.com\/radio.ufpa.br\/wp-content\/uploads\/2025\/12\/images-removebg-preview.png?fit=417%2C121&ssl=1\",\"contentUrl\":\"https:\/\/i0.wp.com\/radio.ufpa.br\/wp-content\/uploads\/2025\/12\/images-removebg-preview.png?fit=417%2C121&ssl=1\",\"width\":417,\"height\":121,\"caption\":\"UNIVERSIDADE FEDERAL DO PAR\u00c1-R\u00c1DIO WEB UFPA\"},\"image\":{\"@id\":\"https:\/\/radio.ufpa.br\/#\/schema\/logo\/image\/\"},\"sameAs\":[\"https:\/\/www.facebook.com\/radiowebufpa\",\"https:\/\/x.com\/radiowebufpa\",\"https:\/\/www.instagram.com\/radiowebufpa\/\",\"https:\/\/www.youtube.com\/user\/RadioWebUFP4\"]},{\"@type\":\"Person\",\"@id\":\"https:\/\/radio.ufpa.br\/#\/schema\/person\/f3f139516982741ca0831359933ac096\",\"name\":\"Fabr\u00edcio Queiroz\",\"image\":{\"@type\":\"ImageObject\",\"inLanguage\":\"pt-BR\",\"@id\":\"https:\/\/radio.ufpa.br\/#\/schema\/person\/image\/\",\"url\":\"https:\/\/secure.gravatar.com\/avatar\/16286edb2cee888d704ce74385081b7f?s=96&d=mm&r=g\",\"contentUrl\":\"https:\/\/secure.gravatar.com\/avatar\/16286edb2cee888d704ce74385081b7f?s=96&d=mm&r=g\",\"caption\":\"Fabr\u00edcio Queiroz\"},\"description\":\"Editor e Jornalista respons\u00e1vel\",\"url\":\"https:\/\/radio.ufpa.br\/index.php\/author\/fabricio\/\"}]}<\/script>\n<!-- \/ Yoast SEO plugin. -->","yoast_head_json":{"title":"Mulher, G\u00eanero e Viol\u00eancia - Radio Web UFPA","robots":{"index":"index","follow":"follow","max-snippet":"max-snippet:-1","max-image-preview":"max-image-preview:large","max-video-preview":"max-video-preview:-1"},"canonical":"https:\/\/radio.ufpa.br\/index.php\/ufpa-pesquisa\/mulher-genero-e-violencia\/","og_locale":"pt_BR","og_type":"article","og_title":"Mulher, G\u00eanero e Viol\u00eancia - Radio Web UFPA","og_description":"... Ler mais","og_url":"https:\/\/radio.ufpa.br\/index.php\/ufpa-pesquisa\/mulher-genero-e-violencia\/","og_site_name":"Radio Web UFPA","article_publisher":"https:\/\/www.facebook.com\/radiowebufpa","article_published_time":"2017-05-26T14:51:13+00:00","article_modified_time":"2019-03-07T16:03:26+00:00","og_image":[{"width":1280,"height":854,"url":"https:\/\/i0.wp.com\/radio.ufpa.br\/wp-content\/uploads\/2017\/09\/hand-1832921_1280.jpg?fit=1280%2C854&ssl=1","type":"image\/jpeg"}],"author":"Fabr\u00edcio Queiroz","twitter_card":"summary_large_image","twitter_creator":"@radiowebufpa","twitter_site":"@radiowebufpa","twitter_misc":{"Escrito por":"Fabr\u00edcio Queiroz","Est. tempo de leitura":"7 minutos"},"schema":{"@context":"https:\/\/schema.org","@graph":[{"@type":"Article","@id":"https:\/\/radio.ufpa.br\/index.php\/ufpa-pesquisa\/mulher-genero-e-violencia\/#article","isPartOf":{"@id":"https:\/\/radio.ufpa.br\/index.php\/ufpa-pesquisa\/mulher-genero-e-violencia\/"},"author":{"name":"Fabr\u00edcio Queiroz","@id":"https:\/\/radio.ufpa.br\/#\/schema\/person\/f3f139516982741ca0831359933ac096"},"headline":"Mulher, G\u00eanero e Viol\u00eancia","datePublished":"2017-05-26T14:51:13+00:00","dateModified":"2019-03-07T16:03:26+00:00","mainEntityOfPage":{"@id":"https:\/\/radio.ufpa.br\/index.php\/ufpa-pesquisa\/mulher-genero-e-violencia\/"},"wordCount":1501,"commentCount":0,"publisher":{"@id":"https:\/\/radio.ufpa.br\/#organization"},"image":{"@id":"https:\/\/radio.ufpa.br\/index.php\/ufpa-pesquisa\/mulher-genero-e-violencia\/#primaryimage"},"thumbnailUrl":"https:\/\/i0.wp.com\/radio.ufpa.br\/wp-content\/uploads\/2017\/09\/hand-1832921_1280.jpg?fit=1280%2C854&ssl=1","keywords":["DEAM","DEAM-Bel\u00e9m","feminic\u00eddio","Flacso","G\u00eanero","Janice Maia de Aguiar","Lei n\u00ba 11.340\/2006","Maria da Penha","M\u00f4nica Prates Conrado","Mulher","OPAS\/OMS","SPM","Tainara L\u00facia Pinheiro","Viol\u00eancia"],"articleSection":["UFPA Pesquisa"],"inLanguage":"pt-BR","potentialAction":[{"@type":"CommentAction","name":"Comment","target":["https:\/\/radio.ufpa.br\/index.php\/ufpa-pesquisa\/mulher-genero-e-violencia\/#respond"]}]},{"@type":"WebPage","@id":"https:\/\/radio.ufpa.br\/index.php\/ufpa-pesquisa\/mulher-genero-e-violencia\/","url":"https:\/\/radio.ufpa.br\/index.php\/ufpa-pesquisa\/mulher-genero-e-violencia\/","name":"Mulher, G\u00eanero e Viol\u00eancia - Radio Web UFPA","isPartOf":{"@id":"https:\/\/radio.ufpa.br\/#website"},"primaryImageOfPage":{"@id":"https:\/\/radio.ufpa.br\/index.php\/ufpa-pesquisa\/mulher-genero-e-violencia\/#primaryimage"},"image":{"@id":"https:\/\/radio.ufpa.br\/index.php\/ufpa-pesquisa\/mulher-genero-e-violencia\/#primaryimage"},"thumbnailUrl":"https:\/\/i0.wp.com\/radio.ufpa.br\/wp-content\/uploads\/2017\/09\/hand-1832921_1280.jpg?fit=1280%2C854&ssl=1","datePublished":"2017-05-26T14:51:13+00:00","dateModified":"2019-03-07T16:03:26+00:00","breadcrumb":{"@id":"https:\/\/radio.ufpa.br\/index.php\/ufpa-pesquisa\/mulher-genero-e-violencia\/#breadcrumb"},"inLanguage":"pt-BR","potentialAction":[{"@type":"ReadAction","target":["https:\/\/radio.ufpa.br\/index.php\/ufpa-pesquisa\/mulher-genero-e-violencia\/"]}]},{"@type":"ImageObject","inLanguage":"pt-BR","@id":"https:\/\/radio.ufpa.br\/index.php\/ufpa-pesquisa\/mulher-genero-e-violencia\/#primaryimage","url":"https:\/\/i0.wp.com\/radio.ufpa.br\/wp-content\/uploads\/2017\/09\/hand-1832921_1280.jpg?fit=1280%2C854&ssl=1","contentUrl":"https:\/\/i0.wp.com\/radio.ufpa.br\/wp-content\/uploads\/2017\/09\/hand-1832921_1280.jpg?fit=1280%2C854&ssl=1","width":1280,"height":854},{"@type":"BreadcrumbList","@id":"https:\/\/radio.ufpa.br\/index.php\/ufpa-pesquisa\/mulher-genero-e-violencia\/#breadcrumb","itemListElement":[{"@type":"ListItem","position":1,"name":"In\u00edcio","item":"https:\/\/radio.ufpa.br\/"},{"@type":"ListItem","position":2,"name":"Mulher, G\u00eanero e Viol\u00eancia"}]},{"@type":"WebSite","@id":"https:\/\/radio.ufpa.br\/#website","url":"https:\/\/radio.ufpa.br\/","name":"Radio Web UFPA","description":"Divulgando o conhecimento","publisher":{"@id":"https:\/\/radio.ufpa.br\/#organization"},"potentialAction":[{"@type":"SearchAction","target":{"@type":"EntryPoint","urlTemplate":"https:\/\/radio.ufpa.br\/?s={search_term_string}"},"query-input":{"@type":"PropertyValueSpecification","valueRequired":true,"valueName":"search_term_string"}}],"inLanguage":"pt-BR"},{"@type":"Organization","@id":"https:\/\/radio.ufpa.br\/#organization","name":"UNIVERSIDADE FEDERAL DO PAR\u00c1-R\u00c1DIO WEB UFPA","url":"https:\/\/radio.ufpa.br\/","logo":{"@type":"ImageObject","inLanguage":"pt-BR","@id":"https:\/\/radio.ufpa.br\/#\/schema\/logo\/image\/","url":"https:\/\/i0.wp.com\/radio.ufpa.br\/wp-content\/uploads\/2025\/12\/images-removebg-preview.png?fit=417%2C121&ssl=1","contentUrl":"https:\/\/i0.wp.com\/radio.ufpa.br\/wp-content\/uploads\/2025\/12\/images-removebg-preview.png?fit=417%2C121&ssl=1","width":417,"height":121,"caption":"UNIVERSIDADE FEDERAL DO PAR\u00c1-R\u00c1DIO WEB UFPA"},"image":{"@id":"https:\/\/radio.ufpa.br\/#\/schema\/logo\/image\/"},"sameAs":["https:\/\/www.facebook.com\/radiowebufpa","https:\/\/x.com\/radiowebufpa","https:\/\/www.instagram.com\/radiowebufpa\/","https:\/\/www.youtube.com\/user\/RadioWebUFP4"]},{"@type":"Person","@id":"https:\/\/radio.ufpa.br\/#\/schema\/person\/f3f139516982741ca0831359933ac096","name":"Fabr\u00edcio Queiroz","image":{"@type":"ImageObject","inLanguage":"pt-BR","@id":"https:\/\/radio.ufpa.br\/#\/schema\/person\/image\/","url":"https:\/\/secure.gravatar.com\/avatar\/16286edb2cee888d704ce74385081b7f?s=96&d=mm&r=g","contentUrl":"https:\/\/secure.gravatar.com\/avatar\/16286edb2cee888d704ce74385081b7f?s=96&d=mm&r=g","caption":"Fabr\u00edcio Queiroz"},"description":"Editor e Jornalista respons\u00e1vel","url":"https:\/\/radio.ufpa.br\/index.php\/author\/fabricio\/"}]}},"jetpack_publicize_connections":[],"jetpack_featured_media_url":"https:\/\/i0.wp.com\/radio.ufpa.br\/wp-content\/uploads\/2017\/09\/hand-1832921_1280.jpg?fit=1280%2C854&ssl=1","jetpack_shortlink":"https:\/\/wp.me\/p8TJeA-7H","jetpack_likes_enabled":true,"jetpack-related-posts":[],"jetpack_sharing_enabled":true,"_links":{"self":[{"href":"https:\/\/radio.ufpa.br\/index.php\/wp-json\/wp\/v2\/posts\/477","targetHints":{"allow":["GET"]}}],"collection":[{"href":"https:\/\/radio.ufpa.br\/index.php\/wp-json\/wp\/v2\/posts"}],"about":[{"href":"https:\/\/radio.ufpa.br\/index.php\/wp-json\/wp\/v2\/types\/post"}],"author":[{"embeddable":true,"href":"https:\/\/radio.ufpa.br\/index.php\/wp-json\/wp\/v2\/users\/2"}],"replies":[{"embeddable":true,"href":"https:\/\/radio.ufpa.br\/index.php\/wp-json\/wp\/v2\/comments?post=477"}],"version-history":[{"count":5,"href":"https:\/\/radio.ufpa.br\/index.php\/wp-json\/wp\/v2\/posts\/477\/revisions"}],"predecessor-version":[{"id":5651,"href":"https:\/\/radio.ufpa.br\/index.php\/wp-json\/wp\/v2\/posts\/477\/revisions\/5651"}],"wp:featuredmedia":[{"embeddable":true,"href":"https:\/\/radio.ufpa.br\/index.php\/wp-json\/wp\/v2\/media\/2195"}],"wp:attachment":[{"href":"https:\/\/radio.ufpa.br\/index.php\/wp-json\/wp\/v2\/media?parent=477"}],"wp:term":[{"taxonomy":"category","embeddable":true,"href":"https:\/\/radio.ufpa.br\/index.php\/wp-json\/wp\/v2\/categories?post=477"},{"taxonomy":"post_tag","embeddable":true,"href":"https:\/\/radio.ufpa.br\/index.php\/wp-json\/wp\/v2\/tags?post=477"}],"curies":[{"name":"wp","href":"https:\/\/api.w.org\/{rel}","templated":true}]}}