{"id":4911,"date":"2018-09-28T07:01:21","date_gmt":"2018-09-28T10:01:21","guid":{"rendered":"http:\/\/radio.ufpa.br\/?p=4911"},"modified":"2018-09-28T16:45:41","modified_gmt":"2018-09-28T19:45:41","slug":"qualificacao-turismo-e-inovacao","status":"publish","type":"post","link":"https:\/\/radio.ufpa.br\/index.php\/ufpa-comunidade\/qualificacao-turismo-e-inovacao\/","title":{"rendered":"Qualifica\u00e7\u00e3o, turismo e inova\u00e7\u00e3o"},"content":{"rendered":"<!--[if lt IE 9]><script>document.createElement('audio');<\/script><![endif]-->\n\t<div class=\"wp-playlist wp-audio-playlist wp-playlist-light\">\n\t\t\t<div class=\"wp-playlist-current-item\"><\/div>\n\t\t<audio controls=\"controls\" preload=\"none\" width=\"1178\"\n\t\t\t><\/audio>\n\t<div class=\"wp-playlist-next\"><\/div>\n\t<div class=\"wp-playlist-prev\"><\/div>\n\t<noscript>\n\t<ol>\n\t\t<li><a href='https:\/\/radio.ufpa.br\/wp-content\/uploads\/2018\/03\/UFPA%20COMUNIDADE%20-%20QUALIFICA\u00c7AO,%20TURISMO%20E%20INOVA\u00c7\u00c3O%20-%2028.09.18.mp3'>UFPA Comunidade - Qualifica\u00e7\u00e3o, turismo e inova\u00e7\u00e3o<\/a><\/li>\t<\/ol>\n\t<\/noscript>\n\t<script type=\"application\/json\" class=\"wp-playlist-script\">{\"type\":\"audio\",\"tracklist\":true,\"tracknumbers\":true,\"images\":true,\"artists\":true,\"tracks\":[{\"src\":\"https:\\\/\\\/radio.ufpa.br\\\/wp-content\\\/uploads\\\/2018\\\/03\\\/UFPA COMUNIDADE - QUALIFICA\\u00c7AO, TURISMO E INOVA\\u00c7\\u00c3O - 28.09.18.mp3\",\"type\":\"audio\\\/mpeg\",\"title\":\"UFPA Comunidade - Qualifica\\u00e7\\u00e3o, turismo e inova\\u00e7\\u00e3o\",\"caption\":\"\",\"description\":\"\\\"UFPA COMUNIDADE - QUALIFICA\\u00c7AO, TURISMO E INOVA\\u00c7\\u00c3O - 28.09.18\\\". Genre: Other.\",\"meta\":{\"artist\":\"R\\u00e1dio Web UFPA\",\"album\":\"UFPA Comunidade\",\"genre\":\"Other\",\"length_formatted\":\"44:05\"},\"image\":{\"src\":\"https:\\\/\\\/radio.ufpa.br\\\/wp-includes\\\/images\\\/media\\\/audio.svg\",\"width\":48,\"height\":64},\"thumb\":{\"src\":\"https:\\\/\\\/radio.ufpa.br\\\/wp-includes\\\/images\\\/media\\\/audio.svg\",\"width\":48,\"height\":64}}]}<\/script>\n<\/div>\n\t\n<p>Falar ingl\u00eas com flu\u00eancia \u00e9 algo de suma import\u00e2ncia no mundo atual. Para isso, \u00e9 necess\u00e1rio praticar a conversa\u00e7\u00e3o frequentemente, para que o aluno possa se aprimorar no estudo da l\u00edngua inglesa. Esse \u00e9 o objetivo do projeto de extens\u00e3o <strong>Qualifica\u00e7\u00e3o, turismo e inova\u00e7\u00e3o: Cria\u00e7\u00e3o de grupos de conversa\u00e7\u00e3o em l\u00ednguas estrangeiras,<\/strong> tema desta edi\u00e7\u00e3o do UFPA Comunidade.<\/p>\n<p>Para falar sobre a iniciativa recebemos o professor Raul de Campos, professor do Instituto de Ci\u00eancias Sociais Aplicadas e coordenador do projeto; e os estudantes de Turismo Wendel Tavares e Fernanda Pimentel.<\/p>\n<p>A ideia para o projeto surgiu em 2012, por meio de uma demanda do Eco Museu da Amaz\u00f4nia, que necessitava de estudantes treinados em ingl\u00eas e espanhol para participar do IV Semin\u00e1rio Internacional de Eco Museus e Museus Comunit\u00e1rios. A partir disso o projeto tomou forma e passou a atender a demanda de estudantes que queriam praticar a conversa\u00e7\u00e3o.<\/p>\n<p>\u201cVoc\u00ea tem toda a carga te\u00f3rica acumulada durante a prepara\u00e7\u00e3o para entrar na universidade, mas voc\u00ea n\u00e3o teve a chance de ter a pr\u00e1tica. Eu tinha todo esse conhecimento, eu escrevia, eu lia, mas na hora de falar eu n\u00e3o tinha a flu\u00eancia\u201d, declarou Wendel Tavares, que j\u00e1 atuou como bolsista do projeto.<\/p>\n<p>De acordo com Wendel, os encontros t\u00eam um tema definido com anteced\u00eancia e a conversa entre os participantes gira em torno desse assunto. Os bolsistas e volunt\u00e1rios atuam como mediadores e estimulam os integrantes do grupo a interagirem e participarem.<\/p>\n<p>\u201cOs encontros duram aproximadamente 1 hora e meia de conversa propriamente dita, mas a gente tamb\u00e9m tenta encaixar algumas din\u00e2micas para as pessoas ficarem mais \u00e0 vontade, principalmente nos primeiros encontros\u201d, afirmou Fernanda Pimentel.<\/p>\n<p>Para saber mais sobre o projeto de extens\u00e3o <strong>Qualifica\u00e7\u00e3o, turismo e inova\u00e7\u00e3o: Cria\u00e7\u00e3o de grupos de conversa\u00e7\u00e3o em l\u00ednguas estrangeiras, <\/strong>fique ligado no UFPA Comunidade.<\/p>\n<p>Apresenta\u00e7\u00e3o: Fabr\u00edcio Queiroz<br \/>\nProdu\u00e7\u00e3o e roteiro: Bruna Rocha<br \/>\nGrava\u00e7\u00e3o e montagem: Jo\u00e3o Nilo Ferreira<br \/>\nSupervis\u00e3o e edi\u00e7\u00e3o: Elissandra Batista e Fabr\u00edcio Queiroz<\/p>\n","protected":false},"excerpt":{"rendered":"<p> &#8230; <a title=\"Qualifica\u00e7\u00e3o, turismo e inova\u00e7\u00e3o\" class=\"read-more\" href=\"https:\/\/radio.ufpa.br\/index.php\/ufpa-comunidade\/qualificacao-turismo-e-inovacao\/\" aria-label=\"Read more about Qualifica\u00e7\u00e3o, turismo e inova\u00e7\u00e3o\">Ler mais<\/a><\/p>\n","protected":false},"author":2,"featured_media":4916,"comment_status":"open","ping_status":"open","sticky":false,"template":"","format":"standard","meta":{"_acf_changed":false,"_exactmetrics_skip_tracking":false,"_exactmetrics_sitenote_active":false,"_exactmetrics_sitenote_note":"","_exactmetrics_sitenote_category":0,"_monsterinsights_skip_tracking":false,"_monsterinsights_sitenote_active":false,"_monsterinsights_sitenote_note":"","_monsterinsights_sitenote_category":0,"_uf_show_specific_survey":0,"_uf_disable_surveys":false,"jetpack_post_was_ever_published":false,"_jetpack_newsletter_access":"","_jetpack_dont_email_post_to_subs":false,"_jetpack_newsletter_tier_id":0,"_jetpack_memberships_contains_paywalled_content":false,"_jetpack_memberships_contains_paid_content":false,"footnotes":"","jetpack_publicize_message":"","jetpack_publicize_feature_enabled":true,"jetpack_social_post_already_shared":true,"jetpack_social_options":{"image_generator_settings":{"template":"highway","enabled":false},"version":2}},"categories":[43],"tags":[],"class_list":["post-4911","post","type-post","status-publish","format-standard","has-post-thumbnail","hentry","category-ufpa-comunidade"],"acf":[],"yoast_head":"<!-- This site is optimized with the Yoast SEO plugin v25.1 - https:\/\/yoast.com\/wordpress\/plugins\/seo\/ -->\n<title>Qualifica\u00e7\u00e3o, turismo e inova\u00e7\u00e3o - Radio Web UFPA<\/title>\n<meta name=\"description\" content=\"O projeto Qualifica\u00e7\u00e3o, turismo e inova\u00e7\u00e3o atua com grupos de conversa\u00e7\u00e3o para a comunidade interessada em exercitar a flu\u00eancia em l\u00edngua estrangeira.\" \/>\n<meta name=\"robots\" content=\"index, follow, max-snippet:-1, max-image-preview:large, max-video-preview:-1\" \/>\n<link rel=\"canonical\" href=\"https:\/\/radio.ufpa.br\/index.php\/ufpa-comunidade\/qualificacao-turismo-e-inovacao\/\" \/>\n<meta property=\"og:locale\" content=\"pt_BR\" \/>\n<meta property=\"og:type\" content=\"article\" \/>\n<meta property=\"og:title\" content=\"Qualifica\u00e7\u00e3o, turismo e inova\u00e7\u00e3o - Radio Web UFPA\" \/>\n<meta property=\"og:description\" content=\"O projeto Qualifica\u00e7\u00e3o, turismo e inova\u00e7\u00e3o atua com grupos de conversa\u00e7\u00e3o para a comunidade interessada em exercitar a flu\u00eancia em l\u00edngua estrangeira.\" \/>\n<meta property=\"og:url\" content=\"https:\/\/radio.ufpa.br\/index.php\/ufpa-comunidade\/qualificacao-turismo-e-inovacao\/\" \/>\n<meta property=\"og:site_name\" content=\"Radio Web UFPA\" \/>\n<meta property=\"article:publisher\" content=\"https:\/\/www.facebook.com\/radiowebufpa\" \/>\n<meta property=\"article:published_time\" content=\"2018-09-28T10:01:21+00:00\" \/>\n<meta property=\"article:modified_time\" content=\"2018-09-28T19:45:41+00:00\" \/>\n<meta property=\"og:image\" content=\"https:\/\/i0.wp.com\/radio.ufpa.br\/wp-content\/uploads\/2018\/03\/UFPA.png?fit=595%2C469&ssl=1\" \/>\n\t<meta property=\"og:image:width\" content=\"595\" \/>\n\t<meta property=\"og:image:height\" content=\"469\" \/>\n\t<meta property=\"og:image:type\" content=\"image\/png\" \/>\n<meta name=\"author\" content=\"Fabr\u00edcio Queiroz\" \/>\n<meta name=\"twitter:card\" content=\"summary_large_image\" \/>\n<meta name=\"twitter:creator\" content=\"@radiowebufpa\" \/>\n<meta name=\"twitter:site\" content=\"@radiowebufpa\" \/>\n<meta name=\"twitter:label1\" content=\"Escrito por\" \/>\n\t<meta name=\"twitter:data1\" content=\"Fabr\u00edcio Queiroz\" \/>\n\t<meta name=\"twitter:label2\" content=\"Est. tempo de leitura\" \/>\n\t<meta name=\"twitter:data2\" content=\"2 minutos\" \/>\n<script type=\"application\/ld+json\" class=\"yoast-schema-graph\">{\"@context\":\"https:\/\/schema.org\",\"@graph\":[{\"@type\":\"Article\",\"@id\":\"https:\/\/radio.ufpa.br\/index.php\/ufpa-comunidade\/qualificacao-turismo-e-inovacao\/#article\",\"isPartOf\":{\"@id\":\"https:\/\/radio.ufpa.br\/index.php\/ufpa-comunidade\/qualificacao-turismo-e-inovacao\/\"},\"author\":{\"name\":\"Fabr\u00edcio Queiroz\",\"@id\":\"https:\/\/radio.ufpa.br\/#\/schema\/person\/f3f139516982741ca0831359933ac096\"},\"headline\":\"Qualifica\u00e7\u00e3o, turismo e inova\u00e7\u00e3o\",\"datePublished\":\"2018-09-28T10:01:21+00:00\",\"dateModified\":\"2018-09-28T19:45:41+00:00\",\"mainEntityOfPage\":{\"@id\":\"https:\/\/radio.ufpa.br\/index.php\/ufpa-comunidade\/qualificacao-turismo-e-inovacao\/\"},\"wordCount\":369,\"commentCount\":0,\"publisher\":{\"@id\":\"https:\/\/radio.ufpa.br\/#organization\"},\"image\":{\"@id\":\"https:\/\/radio.ufpa.br\/index.php\/ufpa-comunidade\/qualificacao-turismo-e-inovacao\/#primaryimage\"},\"thumbnailUrl\":\"https:\/\/i0.wp.com\/radio.ufpa.br\/wp-content\/uploads\/2018\/03\/UFPA.png?fit=595%2C469&ssl=1\",\"articleSection\":[\"UFPA Comunidade\"],\"inLanguage\":\"pt-BR\",\"potentialAction\":[{\"@type\":\"CommentAction\",\"name\":\"Comment\",\"target\":[\"https:\/\/radio.ufpa.br\/index.php\/ufpa-comunidade\/qualificacao-turismo-e-inovacao\/#respond\"]}]},{\"@type\":\"WebPage\",\"@id\":\"https:\/\/radio.ufpa.br\/index.php\/ufpa-comunidade\/qualificacao-turismo-e-inovacao\/\",\"url\":\"https:\/\/radio.ufpa.br\/index.php\/ufpa-comunidade\/qualificacao-turismo-e-inovacao\/\",\"name\":\"Qualifica\u00e7\u00e3o, turismo e inova\u00e7\u00e3o - Radio Web UFPA\",\"isPartOf\":{\"@id\":\"https:\/\/radio.ufpa.br\/#website\"},\"primaryImageOfPage\":{\"@id\":\"https:\/\/radio.ufpa.br\/index.php\/ufpa-comunidade\/qualificacao-turismo-e-inovacao\/#primaryimage\"},\"image\":{\"@id\":\"https:\/\/radio.ufpa.br\/index.php\/ufpa-comunidade\/qualificacao-turismo-e-inovacao\/#primaryimage\"},\"thumbnailUrl\":\"https:\/\/i0.wp.com\/radio.ufpa.br\/wp-content\/uploads\/2018\/03\/UFPA.png?fit=595%2C469&ssl=1\",\"datePublished\":\"2018-09-28T10:01:21+00:00\",\"dateModified\":\"2018-09-28T19:45:41+00:00\",\"description\":\"O projeto Qualifica\u00e7\u00e3o, turismo e inova\u00e7\u00e3o atua com grupos de conversa\u00e7\u00e3o para a comunidade interessada em exercitar a flu\u00eancia em l\u00edngua estrangeira.\",\"breadcrumb\":{\"@id\":\"https:\/\/radio.ufpa.br\/index.php\/ufpa-comunidade\/qualificacao-turismo-e-inovacao\/#breadcrumb\"},\"inLanguage\":\"pt-BR\",\"potentialAction\":[{\"@type\":\"ReadAction\",\"target\":[\"https:\/\/radio.ufpa.br\/index.php\/ufpa-comunidade\/qualificacao-turismo-e-inovacao\/\"]}]},{\"@type\":\"ImageObject\",\"inLanguage\":\"pt-BR\",\"@id\":\"https:\/\/radio.ufpa.br\/index.php\/ufpa-comunidade\/qualificacao-turismo-e-inovacao\/#primaryimage\",\"url\":\"https:\/\/i0.wp.com\/radio.ufpa.br\/wp-content\/uploads\/2018\/03\/UFPA.png?fit=595%2C469&ssl=1\",\"contentUrl\":\"https:\/\/i0.wp.com\/radio.ufpa.br\/wp-content\/uploads\/2018\/03\/UFPA.png?fit=595%2C469&ssl=1\",\"width\":595,\"height\":469},{\"@type\":\"BreadcrumbList\",\"@id\":\"https:\/\/radio.ufpa.br\/index.php\/ufpa-comunidade\/qualificacao-turismo-e-inovacao\/#breadcrumb\",\"itemListElement\":[{\"@type\":\"ListItem\",\"position\":1,\"name\":\"In\u00edcio\",\"item\":\"https:\/\/radio.ufpa.br\/\"},{\"@type\":\"ListItem\",\"position\":2,\"name\":\"Qualifica\u00e7\u00e3o, turismo e inova\u00e7\u00e3o\"}]},{\"@type\":\"WebSite\",\"@id\":\"https:\/\/radio.ufpa.br\/#website\",\"url\":\"https:\/\/radio.ufpa.br\/\",\"name\":\"Radio Web UFPA\",\"description\":\"Divulgando o conhecimento\",\"publisher\":{\"@id\":\"https:\/\/radio.ufpa.br\/#organization\"},\"potentialAction\":[{\"@type\":\"SearchAction\",\"target\":{\"@type\":\"EntryPoint\",\"urlTemplate\":\"https:\/\/radio.ufpa.br\/?s={search_term_string}\"},\"query-input\":{\"@type\":\"PropertyValueSpecification\",\"valueRequired\":true,\"valueName\":\"search_term_string\"}}],\"inLanguage\":\"pt-BR\"},{\"@type\":\"Organization\",\"@id\":\"https:\/\/radio.ufpa.br\/#organization\",\"name\":\"UNIVERSIDADE FEDERAL DO PAR\u00c1-R\u00c1DIO WEB UFPA\",\"url\":\"https:\/\/radio.ufpa.br\/\",\"logo\":{\"@type\":\"ImageObject\",\"inLanguage\":\"pt-BR\",\"@id\":\"https:\/\/radio.ufpa.br\/#\/schema\/logo\/image\/\",\"url\":\"https:\/\/i0.wp.com\/radio.ufpa.br\/wp-content\/uploads\/2025\/12\/images-removebg-preview.png?fit=417%2C121&ssl=1\",\"contentUrl\":\"https:\/\/i0.wp.com\/radio.ufpa.br\/wp-content\/uploads\/2025\/12\/images-removebg-preview.png?fit=417%2C121&ssl=1\",\"width\":417,\"height\":121,\"caption\":\"UNIVERSIDADE FEDERAL DO PAR\u00c1-R\u00c1DIO WEB UFPA\"},\"image\":{\"@id\":\"https:\/\/radio.ufpa.br\/#\/schema\/logo\/image\/\"},\"sameAs\":[\"https:\/\/www.facebook.com\/radiowebufpa\",\"https:\/\/x.com\/radiowebufpa\",\"https:\/\/www.instagram.com\/radiowebufpa\/\",\"https:\/\/www.youtube.com\/user\/RadioWebUFP4\"]},{\"@type\":\"Person\",\"@id\":\"https:\/\/radio.ufpa.br\/#\/schema\/person\/f3f139516982741ca0831359933ac096\",\"name\":\"Fabr\u00edcio Queiroz\",\"image\":{\"@type\":\"ImageObject\",\"inLanguage\":\"pt-BR\",\"@id\":\"https:\/\/radio.ufpa.br\/#\/schema\/person\/image\/\",\"url\":\"https:\/\/secure.gravatar.com\/avatar\/16286edb2cee888d704ce74385081b7f?s=96&d=mm&r=g\",\"contentUrl\":\"https:\/\/secure.gravatar.com\/avatar\/16286edb2cee888d704ce74385081b7f?s=96&d=mm&r=g\",\"caption\":\"Fabr\u00edcio Queiroz\"},\"description\":\"Editor e Jornalista respons\u00e1vel\",\"url\":\"https:\/\/radio.ufpa.br\/index.php\/author\/fabricio\/\"}]}<\/script>\n<!-- \/ Yoast SEO plugin. -->","yoast_head_json":{"title":"Qualifica\u00e7\u00e3o, turismo e inova\u00e7\u00e3o - Radio Web UFPA","description":"O projeto Qualifica\u00e7\u00e3o, turismo e inova\u00e7\u00e3o atua com grupos de conversa\u00e7\u00e3o para a comunidade interessada em exercitar a flu\u00eancia em l\u00edngua estrangeira.","robots":{"index":"index","follow":"follow","max-snippet":"max-snippet:-1","max-image-preview":"max-image-preview:large","max-video-preview":"max-video-preview:-1"},"canonical":"https:\/\/radio.ufpa.br\/index.php\/ufpa-comunidade\/qualificacao-turismo-e-inovacao\/","og_locale":"pt_BR","og_type":"article","og_title":"Qualifica\u00e7\u00e3o, turismo e inova\u00e7\u00e3o - Radio Web UFPA","og_description":"O projeto Qualifica\u00e7\u00e3o, turismo e inova\u00e7\u00e3o atua com grupos de conversa\u00e7\u00e3o para a comunidade interessada em exercitar a flu\u00eancia em l\u00edngua estrangeira.","og_url":"https:\/\/radio.ufpa.br\/index.php\/ufpa-comunidade\/qualificacao-turismo-e-inovacao\/","og_site_name":"Radio Web UFPA","article_publisher":"https:\/\/www.facebook.com\/radiowebufpa","article_published_time":"2018-09-28T10:01:21+00:00","article_modified_time":"2018-09-28T19:45:41+00:00","og_image":[{"width":595,"height":469,"url":"https:\/\/i0.wp.com\/radio.ufpa.br\/wp-content\/uploads\/2018\/03\/UFPA.png?fit=595%2C469&ssl=1","type":"image\/png"}],"author":"Fabr\u00edcio Queiroz","twitter_card":"summary_large_image","twitter_creator":"@radiowebufpa","twitter_site":"@radiowebufpa","twitter_misc":{"Escrito por":"Fabr\u00edcio Queiroz","Est. tempo de leitura":"2 minutos"},"schema":{"@context":"https:\/\/schema.org","@graph":[{"@type":"Article","@id":"https:\/\/radio.ufpa.br\/index.php\/ufpa-comunidade\/qualificacao-turismo-e-inovacao\/#article","isPartOf":{"@id":"https:\/\/radio.ufpa.br\/index.php\/ufpa-comunidade\/qualificacao-turismo-e-inovacao\/"},"author":{"name":"Fabr\u00edcio Queiroz","@id":"https:\/\/radio.ufpa.br\/#\/schema\/person\/f3f139516982741ca0831359933ac096"},"headline":"Qualifica\u00e7\u00e3o, turismo e inova\u00e7\u00e3o","datePublished":"2018-09-28T10:01:21+00:00","dateModified":"2018-09-28T19:45:41+00:00","mainEntityOfPage":{"@id":"https:\/\/radio.ufpa.br\/index.php\/ufpa-comunidade\/qualificacao-turismo-e-inovacao\/"},"wordCount":369,"commentCount":0,"publisher":{"@id":"https:\/\/radio.ufpa.br\/#organization"},"image":{"@id":"https:\/\/radio.ufpa.br\/index.php\/ufpa-comunidade\/qualificacao-turismo-e-inovacao\/#primaryimage"},"thumbnailUrl":"https:\/\/i0.wp.com\/radio.ufpa.br\/wp-content\/uploads\/2018\/03\/UFPA.png?fit=595%2C469&ssl=1","articleSection":["UFPA Comunidade"],"inLanguage":"pt-BR","potentialAction":[{"@type":"CommentAction","name":"Comment","target":["https:\/\/radio.ufpa.br\/index.php\/ufpa-comunidade\/qualificacao-turismo-e-inovacao\/#respond"]}]},{"@type":"WebPage","@id":"https:\/\/radio.ufpa.br\/index.php\/ufpa-comunidade\/qualificacao-turismo-e-inovacao\/","url":"https:\/\/radio.ufpa.br\/index.php\/ufpa-comunidade\/qualificacao-turismo-e-inovacao\/","name":"Qualifica\u00e7\u00e3o, turismo e inova\u00e7\u00e3o - Radio Web UFPA","isPartOf":{"@id":"https:\/\/radio.ufpa.br\/#website"},"primaryImageOfPage":{"@id":"https:\/\/radio.ufpa.br\/index.php\/ufpa-comunidade\/qualificacao-turismo-e-inovacao\/#primaryimage"},"image":{"@id":"https:\/\/radio.ufpa.br\/index.php\/ufpa-comunidade\/qualificacao-turismo-e-inovacao\/#primaryimage"},"thumbnailUrl":"https:\/\/i0.wp.com\/radio.ufpa.br\/wp-content\/uploads\/2018\/03\/UFPA.png?fit=595%2C469&ssl=1","datePublished":"2018-09-28T10:01:21+00:00","dateModified":"2018-09-28T19:45:41+00:00","description":"O projeto Qualifica\u00e7\u00e3o, turismo e inova\u00e7\u00e3o atua com grupos de conversa\u00e7\u00e3o para a comunidade interessada em exercitar a flu\u00eancia em l\u00edngua estrangeira.","breadcrumb":{"@id":"https:\/\/radio.ufpa.br\/index.php\/ufpa-comunidade\/qualificacao-turismo-e-inovacao\/#breadcrumb"},"inLanguage":"pt-BR","potentialAction":[{"@type":"ReadAction","target":["https:\/\/radio.ufpa.br\/index.php\/ufpa-comunidade\/qualificacao-turismo-e-inovacao\/"]}]},{"@type":"ImageObject","inLanguage":"pt-BR","@id":"https:\/\/radio.ufpa.br\/index.php\/ufpa-comunidade\/qualificacao-turismo-e-inovacao\/#primaryimage","url":"https:\/\/i0.wp.com\/radio.ufpa.br\/wp-content\/uploads\/2018\/03\/UFPA.png?fit=595%2C469&ssl=1","contentUrl":"https:\/\/i0.wp.com\/radio.ufpa.br\/wp-content\/uploads\/2018\/03\/UFPA.png?fit=595%2C469&ssl=1","width":595,"height":469},{"@type":"BreadcrumbList","@id":"https:\/\/radio.ufpa.br\/index.php\/ufpa-comunidade\/qualificacao-turismo-e-inovacao\/#breadcrumb","itemListElement":[{"@type":"ListItem","position":1,"name":"In\u00edcio","item":"https:\/\/radio.ufpa.br\/"},{"@type":"ListItem","position":2,"name":"Qualifica\u00e7\u00e3o, turismo e inova\u00e7\u00e3o"}]},{"@type":"WebSite","@id":"https:\/\/radio.ufpa.br\/#website","url":"https:\/\/radio.ufpa.br\/","name":"Radio Web UFPA","description":"Divulgando o conhecimento","publisher":{"@id":"https:\/\/radio.ufpa.br\/#organization"},"potentialAction":[{"@type":"SearchAction","target":{"@type":"EntryPoint","urlTemplate":"https:\/\/radio.ufpa.br\/?s={search_term_string}"},"query-input":{"@type":"PropertyValueSpecification","valueRequired":true,"valueName":"search_term_string"}}],"inLanguage":"pt-BR"},{"@type":"Organization","@id":"https:\/\/radio.ufpa.br\/#organization","name":"UNIVERSIDADE FEDERAL DO PAR\u00c1-R\u00c1DIO WEB UFPA","url":"https:\/\/radio.ufpa.br\/","logo":{"@type":"ImageObject","inLanguage":"pt-BR","@id":"https:\/\/radio.ufpa.br\/#\/schema\/logo\/image\/","url":"https:\/\/i0.wp.com\/radio.ufpa.br\/wp-content\/uploads\/2025\/12\/images-removebg-preview.png?fit=417%2C121&ssl=1","contentUrl":"https:\/\/i0.wp.com\/radio.ufpa.br\/wp-content\/uploads\/2025\/12\/images-removebg-preview.png?fit=417%2C121&ssl=1","width":417,"height":121,"caption":"UNIVERSIDADE FEDERAL DO PAR\u00c1-R\u00c1DIO WEB UFPA"},"image":{"@id":"https:\/\/radio.ufpa.br\/#\/schema\/logo\/image\/"},"sameAs":["https:\/\/www.facebook.com\/radiowebufpa","https:\/\/x.com\/radiowebufpa","https:\/\/www.instagram.com\/radiowebufpa\/","https:\/\/www.youtube.com\/user\/RadioWebUFP4"]},{"@type":"Person","@id":"https:\/\/radio.ufpa.br\/#\/schema\/person\/f3f139516982741ca0831359933ac096","name":"Fabr\u00edcio Queiroz","image":{"@type":"ImageObject","inLanguage":"pt-BR","@id":"https:\/\/radio.ufpa.br\/#\/schema\/person\/image\/","url":"https:\/\/secure.gravatar.com\/avatar\/16286edb2cee888d704ce74385081b7f?s=96&d=mm&r=g","contentUrl":"https:\/\/secure.gravatar.com\/avatar\/16286edb2cee888d704ce74385081b7f?s=96&d=mm&r=g","caption":"Fabr\u00edcio Queiroz"},"description":"Editor e Jornalista respons\u00e1vel","url":"https:\/\/radio.ufpa.br\/index.php\/author\/fabricio\/"}]}},"jetpack_publicize_connections":[],"jetpack_featured_media_url":"https:\/\/i0.wp.com\/radio.ufpa.br\/wp-content\/uploads\/2018\/03\/UFPA.png?fit=595%2C469&ssl=1","jetpack_shortlink":"https:\/\/wp.me\/p8TJeA-1hd","jetpack_likes_enabled":true,"jetpack-related-posts":[],"jetpack_sharing_enabled":true,"_links":{"self":[{"href":"https:\/\/radio.ufpa.br\/index.php\/wp-json\/wp\/v2\/posts\/4911","targetHints":{"allow":["GET"]}}],"collection":[{"href":"https:\/\/radio.ufpa.br\/index.php\/wp-json\/wp\/v2\/posts"}],"about":[{"href":"https:\/\/radio.ufpa.br\/index.php\/wp-json\/wp\/v2\/types\/post"}],"author":[{"embeddable":true,"href":"https:\/\/radio.ufpa.br\/index.php\/wp-json\/wp\/v2\/users\/2"}],"replies":[{"embeddable":true,"href":"https:\/\/radio.ufpa.br\/index.php\/wp-json\/wp\/v2\/comments?post=4911"}],"version-history":[{"count":3,"href":"https:\/\/radio.ufpa.br\/index.php\/wp-json\/wp\/v2\/posts\/4911\/revisions"}],"predecessor-version":[{"id":4918,"href":"https:\/\/radio.ufpa.br\/index.php\/wp-json\/wp\/v2\/posts\/4911\/revisions\/4918"}],"wp:featuredmedia":[{"embeddable":true,"href":"https:\/\/radio.ufpa.br\/index.php\/wp-json\/wp\/v2\/media\/4916"}],"wp:attachment":[{"href":"https:\/\/radio.ufpa.br\/index.php\/wp-json\/wp\/v2\/media?parent=4911"}],"wp:term":[{"taxonomy":"category","embeddable":true,"href":"https:\/\/radio.ufpa.br\/index.php\/wp-json\/wp\/v2\/categories?post=4911"},{"taxonomy":"post_tag","embeddable":true,"href":"https:\/\/radio.ufpa.br\/index.php\/wp-json\/wp\/v2\/tags?post=4911"}],"curies":[{"name":"wp","href":"https:\/\/api.w.org\/{rel}","templated":true}]}}