{"id":4948,"date":"2018-10-08T14:52:15","date_gmt":"2018-10-08T17:52:15","guid":{"rendered":"http:\/\/radio.ufpa.br\/?p=4948"},"modified":"2018-10-08T14:52:15","modified_gmt":"2018-10-08T17:52:15","slug":"auto-do-cirio-vai-celebrar-diversidade-do-amor","status":"publish","type":"post","link":"https:\/\/radio.ufpa.br\/index.php\/ufpa-noticias\/auto-do-cirio-vai-celebrar-diversidade-do-amor\/","title":{"rendered":"Auto do C\u00edrio vai celebrar diversidade do amor"},"content":{"rendered":"<p>A\u00a0Escola de Teatro e Dan\u00e7a ETDUFPA)\u00a0do Instituto de Ci\u00eancias da Arte (ICA) da\u00a0Universidade Federal do Par\u00e1 (UFPA) atrav\u00e9s\u00a0da\u00a0Diretoria de Arte, Cultura, Esporte e Lazer (DACEL),\u00a0da Pr\u00f3-reitora de Extens\u00e3o (PROEX), apresentar\u00e1 no dia 12 de outubro, \u00e0s 19 horas, o\u00a0Vig\u00e9simo quarto Auto do C\u00edrio &#8211; Ano 2018,\u00a0com o tema\u00a0&#8220;Maria \u2013 Diversidade do Amor&#8221;.\u00a0O Auto do C\u00edrio 2018, recebe as assinaturas do Professor-mestre Tarik Coelho, na coordena\u00e7\u00e3o geral; do professor-mestre Cl\u00e1udio Didimano, na dire\u00e7\u00e3o C\u00eanica, e do professor-doutor Miguel Santa Br\u00edgida, na curadoria.<\/p>\n<p>No Vig\u00e9simo quarto Auto do C\u00edrio &#8211; Ano 2018,com o tema&#8221;Maria \u2013 Diversidade do Amor&#8221;,\u00a0tem como objetivo\u00a0falar da Bel\u00e9m diversa culturalmente, da diversidade religiosa da cidade, da diversidade art\u00edstica, da diversidade do amor, das\u00a0 matrizes negras do amor; das\u00a0 matrizes ind\u00edgenas do amor, das matrizes cat\u00f3licas do amor e das matrizes dos encantados, no\u00e7\u00f5es de circularidade abrangendo o sentido da vida, o sangue circula pelo corpo humano, pelas encruzilhadas e pela f\u00e9 de cada gente que cruza as ruas no m\u00eas de outubro na cidade de Bel\u00e9m.<\/p>\n<p>\u00c9 neste momento de celebra\u00e7\u00e3o a Nossa Senhora de Nazar\u00e9 que devemos refletir o nosso fazer art\u00edstico, que compromissos temos com os fatos sociais e hist\u00f3ricos da capital paraense e do mundo. Aqui classificamos o nosso fazer art\u00edstico como plural e m\u00faltiplo. A inten\u00e7\u00e3o do diretor c\u00eanico Claudio Didimano, neste momento, al\u00e9m de mostrar uma rela\u00e7\u00e3o de afeto e carinho com a cidade, \u00e9 celebrar\u00a0Maria &#8211; diversidade do amor\u00a0abrindo, desta forma, o espa\u00e7o sobre a cultura da diversidade do amor em nossa cidade e em nossos cora\u00e7\u00f5es, tornando-se poss\u00edvel misturar nossas emo\u00e7\u00f5es, com os sons de nossas cores, de todas as nossas Marias, para todos n\u00f3s, artistas da Amaz\u00f4nia.<\/p>\n<p>A consolida\u00e7\u00e3o da cultura brasileira, apesar de ter constru\u00eddo historicamente mitos sobre o modo como lidamos com a diferen\u00e7a, \u00e9 marcada por um sentimento de intoler\u00e2ncia em rela\u00e7\u00e3o a cultura do outro, no lugar do outro e com o outro. N\u00e3o \u00e9 incomum vivenciarmos agress\u00f5es e mortes que acontecem com as pessoas em nossa sociedade, o que desconstr\u00f3i qualquer concep\u00e7\u00e3o mitol\u00f3gica sobre o modo como nos relacionamos com a vida.<\/p>\n<p>O amor \u00e9 um mundo marcado pela diversidade, pelo pluralismo de etnias, povos, agrupamentos, identifica\u00e7\u00f5es, subjetividades e representa\u00e7\u00f5es do universo. O di\u00e1logo dessa vida \u00e9 algo que comp\u00f5e a condi\u00e7\u00e3o humana e est\u00e1 intrinsecamente encruzilhada \u00e0 ideia de humanidade, que s\u00f3 existe e s\u00f3 \u00e9 poss\u00edvel na diversidade da pr\u00f3pria vida.<\/p>\n<p>A diversidade do amor pode ser respeitada a partir de diferentes formas, sendo mais comumente relacionada \u00e0s no\u00e7\u00f5es de variedade, pluralidade e diferen\u00e7a das cores de afetos. O diverso, portanto, \u00e9 o diferente na medida em que ele tamb\u00e9m \u00e9 igual a mim, enquanto eu sou o diferente do outro, o amor.<\/p>\n<p>Na contemporaneidade a nossa condi\u00e7\u00e3o humana aliada a diversidade \u00e9 um dado, um fato, \u00e9 uma realidade. O foco central e fundamental da diversidade em sua forma mais humana gira em torno das encruzilhadas dos afetos, ou seja, o diferente com o outro, a diversidade do amor, comentou o professor\u00a0Claudio Didimano,\u00a0diretor c\u00eanico do Auto.<\/p>\n<p>O Auto do C\u00edrio, enquanto programa de extens\u00e3o universit\u00e1ria, foi criado em 1993, pelo Professor Marco Ximenes, reitor da \u00e9poca, pela Professora Z\u00e9lia Amador de Deus, vice-reitora, juntamente com Margareth Refkalefsky, diretora do N\u00facleo de Arte da UFPA, hoje Instituto de Ci\u00eancias da Arte (ICA), com o objetivo de revitalizar o Centro Hist\u00f3rico de Bel\u00e9m por ocasi\u00e3o do C\u00edrio de Nossa Senhora de Nazar\u00e9, possibilitando o exerc\u00edcio da pr\u00e1tica e do ensino das artes por meio do Teatro de Rua.<\/p>\n<p>O projeto contou inicialmente com o teatr\u00f3logo Amir Haddad, que realizou a primeira oficina de Teatro de Rua e dirigiu as montagens do cortejo nos anos de 1993 e 1994. A partir de 1995 at\u00e9 2009 o projeto, j\u00e1 transformado em programa de extens\u00e3o, passou a ser coordenado e dirigido pelo prof. Miguel Santa Br\u00edgida. Em 2010 assumiram a coordena\u00e7\u00e3o do mesmo, assim como a dire\u00e7\u00e3o do espet\u00e1culo os professores Francisco Edilberto Barbosa Moreira (Beto Benone) e Cl\u00e1udia Suely dos Anjos Palheta. E em 2014, assume a dire\u00e7\u00e3o c\u00eanica o professor Adriano Furtado, e a coordena\u00e7\u00e3o do projeto passa a ser realizada pela professora Cl\u00e1udia Palheta.<\/p>\n<p>A partir de 2015 o Auto do C\u00edrio passa a ser coordenado pelo professor Tarik Coelho, que por sua vez vem colaborando com o evento desde 2005, junto com uma equipe que vem colaborando com a realiza\u00e7\u00e3o das \u00faltimas edi\u00e7\u00f5es do Programa Auto do C\u00edrio.<\/p>\n<p>Vale ressaltar que, o Auto do C\u00edrio tem se firmado como um cortejo bel\u00edssimo, que ano ap\u00f3s ano consolida a identidade da UFPA nas a\u00e7\u00f5es do C\u00edrio de Nossa Senhora de Nazar\u00e9. \u00c9 valido evidenciar tamb\u00e9m que, este programa visa estruturar a\u00e7\u00f5es junto \u00e0 comunidade paraense que possam possibilitar o desenvolvimento sociocultural e aprimoramento t\u00e9cnico dos atores, bailarinos, cantores, cen\u00f3grafos, figurinistas e demais artistas envolvidos no projeto. Estas a\u00e7\u00f5es al\u00e9m de estabelecerem v\u00ednculos entre os envolvidos com o processo, visam apresentar um cortejo dos artistas para homenagear Nossa Senhora de Nazar\u00e9, aproximando assim a comunidade de sua Universidade Federal.<\/p>\n<p>O Cortejo inicia \u00e0s 19 horas, do dia 12 de outubro, na rua Dom Bosco\/ Pra\u00e7a do Carmo, no bairro da Cidade Velha, seguindo pelas ruas Dr. Assis, rua Padre Champagnat \/Largo da S\u00e9, Rua Tom\u00e1zia Perdig\u00e3o at\u00e9 a pra\u00e7a D. Pedro II em frente aos Pal\u00e1cios Lauro Sodr\u00e9 e Ant\u00f4nio Lemos, onde acontece a apoteose e encerramento do cortejo.<\/p>\n<p>A Pra\u00e7a do Carmo fica localizada\u00a0na rua Dom Bosco, no bairro da Cidade Velha, em Bel\u00e9m.<\/p>\n<p>Texto: Tarik Coelho,\u00a0coordenador geral do Auto e\u00a0Claudio Didimano,\u00a0diretor c\u00eanico do Auto.<\/p>\n","protected":false},"excerpt":{"rendered":"<p> &#8230; <a title=\"Auto do C\u00edrio vai celebrar diversidade do amor\" class=\"read-more\" href=\"https:\/\/radio.ufpa.br\/index.php\/ufpa-noticias\/auto-do-cirio-vai-celebrar-diversidade-do-amor\/\" aria-label=\"Read more about Auto do C\u00edrio vai celebrar diversidade do amor\">Ler mais<\/a><\/p>\n","protected":false},"author":2,"featured_media":4949,"comment_status":"open","ping_status":"open","sticky":false,"template":"","format":"standard","meta":{"_acf_changed":false,"_exactmetrics_skip_tracking":false,"_exactmetrics_sitenote_active":false,"_exactmetrics_sitenote_note":"","_exactmetrics_sitenote_category":0,"_monsterinsights_skip_tracking":false,"_monsterinsights_sitenote_active":false,"_monsterinsights_sitenote_note":"","_monsterinsights_sitenote_category":0,"_uf_show_specific_survey":0,"_uf_disable_surveys":false,"jetpack_post_was_ever_published":false,"_jetpack_newsletter_access":"","_jetpack_dont_email_post_to_subs":false,"_jetpack_newsletter_tier_id":0,"_jetpack_memberships_contains_paywalled_content":false,"_jetpack_memberships_contains_paid_content":false,"footnotes":"","jetpack_publicize_message":"","jetpack_publicize_feature_enabled":true,"jetpack_social_post_already_shared":true,"jetpack_social_options":{"image_generator_settings":{"template":"highway","enabled":false},"version":2}},"categories":[696],"tags":[],"class_list":["post-4948","post","type-post","status-publish","format-standard","has-post-thumbnail","hentry","category-ufpa-noticias"],"acf":[],"yoast_head":"<!-- This site is optimized with the Yoast SEO plugin v25.1 - https:\/\/yoast.com\/wordpress\/plugins\/seo\/ -->\n<title>Auto do C\u00edrio vai celebrar diversidade do amor - Radio Web UFPA<\/title>\n<meta name=\"description\" content=\"O Auto do C\u00edrio 2018 ser\u00e1 realizado na pr\u00f3xima sexta, 12 de outubro, a partir das 19h, para celebrar o tema Maria - Diversidade do Amor.\" \/>\n<meta name=\"robots\" content=\"index, follow, max-snippet:-1, max-image-preview:large, max-video-preview:-1\" \/>\n<link rel=\"canonical\" href=\"https:\/\/radio.ufpa.br\/index.php\/ufpa-noticias\/auto-do-cirio-vai-celebrar-diversidade-do-amor\/\" \/>\n<meta property=\"og:locale\" content=\"pt_BR\" \/>\n<meta property=\"og:type\" content=\"article\" \/>\n<meta property=\"og:title\" content=\"Auto do C\u00edrio vai celebrar diversidade do amor - Radio Web UFPA\" \/>\n<meta property=\"og:description\" content=\"O Auto do C\u00edrio 2018 ser\u00e1 realizado na pr\u00f3xima sexta, 12 de outubro, a partir das 19h, para celebrar o tema Maria - Diversidade do Amor.\" \/>\n<meta property=\"og:url\" content=\"https:\/\/radio.ufpa.br\/index.php\/ufpa-noticias\/auto-do-cirio-vai-celebrar-diversidade-do-amor\/\" \/>\n<meta property=\"og:site_name\" content=\"Radio Web UFPA\" \/>\n<meta property=\"article:publisher\" content=\"https:\/\/www.facebook.com\/radiowebufpa\" \/>\n<meta property=\"article:published_time\" content=\"2018-10-08T17:52:15+00:00\" \/>\n<meta property=\"og:image\" content=\"https:\/\/radio.ufpa.br\/wp-content\/uploads\/2018\/10\/Auto-do-C\u00edrio-2018-1024x575.jpg\" \/>\n\t<meta property=\"og:image:width\" content=\"1024\" \/>\n\t<meta property=\"og:image:height\" content=\"575\" \/>\n\t<meta property=\"og:image:type\" content=\"image\/jpeg\" \/>\n<meta name=\"author\" content=\"Fabr\u00edcio Queiroz\" \/>\n<meta name=\"twitter:card\" content=\"summary_large_image\" \/>\n<meta name=\"twitter:creator\" content=\"@radiowebufpa\" \/>\n<meta name=\"twitter:site\" content=\"@radiowebufpa\" \/>\n<meta name=\"twitter:label1\" content=\"Escrito por\" \/>\n\t<meta name=\"twitter:data1\" content=\"Fabr\u00edcio Queiroz\" \/>\n\t<meta name=\"twitter:label2\" content=\"Est. tempo de leitura\" \/>\n\t<meta name=\"twitter:data2\" content=\"5 minutos\" \/>\n<script type=\"application\/ld+json\" class=\"yoast-schema-graph\">{\"@context\":\"https:\/\/schema.org\",\"@graph\":[{\"@type\":\"Article\",\"@id\":\"https:\/\/radio.ufpa.br\/index.php\/ufpa-noticias\/auto-do-cirio-vai-celebrar-diversidade-do-amor\/#article\",\"isPartOf\":{\"@id\":\"https:\/\/radio.ufpa.br\/index.php\/ufpa-noticias\/auto-do-cirio-vai-celebrar-diversidade-do-amor\/\"},\"author\":{\"name\":\"Fabr\u00edcio Queiroz\",\"@id\":\"https:\/\/radio.ufpa.br\/#\/schema\/person\/f3f139516982741ca0831359933ac096\"},\"headline\":\"Auto do C\u00edrio vai celebrar diversidade do amor\",\"datePublished\":\"2018-10-08T17:52:15+00:00\",\"mainEntityOfPage\":{\"@id\":\"https:\/\/radio.ufpa.br\/index.php\/ufpa-noticias\/auto-do-cirio-vai-celebrar-diversidade-do-amor\/\"},\"wordCount\":1027,\"commentCount\":0,\"publisher\":{\"@id\":\"https:\/\/radio.ufpa.br\/#organization\"},\"image\":{\"@id\":\"https:\/\/radio.ufpa.br\/index.php\/ufpa-noticias\/auto-do-cirio-vai-celebrar-diversidade-do-amor\/#primaryimage\"},\"thumbnailUrl\":\"https:\/\/i0.wp.com\/radio.ufpa.br\/wp-content\/uploads\/2018\/10\/Auto-do-C%C3%ADrio-2018.jpg?fit=4912%2C2760&ssl=1\",\"articleSection\":[\"UFPA Not\u00edcias\"],\"inLanguage\":\"pt-BR\",\"potentialAction\":[{\"@type\":\"CommentAction\",\"name\":\"Comment\",\"target\":[\"https:\/\/radio.ufpa.br\/index.php\/ufpa-noticias\/auto-do-cirio-vai-celebrar-diversidade-do-amor\/#respond\"]}]},{\"@type\":\"WebPage\",\"@id\":\"https:\/\/radio.ufpa.br\/index.php\/ufpa-noticias\/auto-do-cirio-vai-celebrar-diversidade-do-amor\/\",\"url\":\"https:\/\/radio.ufpa.br\/index.php\/ufpa-noticias\/auto-do-cirio-vai-celebrar-diversidade-do-amor\/\",\"name\":\"Auto do C\u00edrio vai celebrar diversidade do amor - Radio Web UFPA\",\"isPartOf\":{\"@id\":\"https:\/\/radio.ufpa.br\/#website\"},\"primaryImageOfPage\":{\"@id\":\"https:\/\/radio.ufpa.br\/index.php\/ufpa-noticias\/auto-do-cirio-vai-celebrar-diversidade-do-amor\/#primaryimage\"},\"image\":{\"@id\":\"https:\/\/radio.ufpa.br\/index.php\/ufpa-noticias\/auto-do-cirio-vai-celebrar-diversidade-do-amor\/#primaryimage\"},\"thumbnailUrl\":\"https:\/\/i0.wp.com\/radio.ufpa.br\/wp-content\/uploads\/2018\/10\/Auto-do-C%C3%ADrio-2018.jpg?fit=4912%2C2760&ssl=1\",\"datePublished\":\"2018-10-08T17:52:15+00:00\",\"description\":\"O Auto do C\u00edrio 2018 ser\u00e1 realizado na pr\u00f3xima sexta, 12 de outubro, a partir das 19h, para celebrar o tema Maria - Diversidade do Amor.\",\"breadcrumb\":{\"@id\":\"https:\/\/radio.ufpa.br\/index.php\/ufpa-noticias\/auto-do-cirio-vai-celebrar-diversidade-do-amor\/#breadcrumb\"},\"inLanguage\":\"pt-BR\",\"potentialAction\":[{\"@type\":\"ReadAction\",\"target\":[\"https:\/\/radio.ufpa.br\/index.php\/ufpa-noticias\/auto-do-cirio-vai-celebrar-diversidade-do-amor\/\"]}]},{\"@type\":\"ImageObject\",\"inLanguage\":\"pt-BR\",\"@id\":\"https:\/\/radio.ufpa.br\/index.php\/ufpa-noticias\/auto-do-cirio-vai-celebrar-diversidade-do-amor\/#primaryimage\",\"url\":\"https:\/\/i0.wp.com\/radio.ufpa.br\/wp-content\/uploads\/2018\/10\/Auto-do-C%C3%ADrio-2018.jpg?fit=4912%2C2760&ssl=1\",\"contentUrl\":\"https:\/\/i0.wp.com\/radio.ufpa.br\/wp-content\/uploads\/2018\/10\/Auto-do-C%C3%ADrio-2018.jpg?fit=4912%2C2760&ssl=1\",\"width\":4912,\"height\":2760,\"caption\":\"Ensaio auto do c\u00edrio\"},{\"@type\":\"BreadcrumbList\",\"@id\":\"https:\/\/radio.ufpa.br\/index.php\/ufpa-noticias\/auto-do-cirio-vai-celebrar-diversidade-do-amor\/#breadcrumb\",\"itemListElement\":[{\"@type\":\"ListItem\",\"position\":1,\"name\":\"In\u00edcio\",\"item\":\"https:\/\/radio.ufpa.br\/\"},{\"@type\":\"ListItem\",\"position\":2,\"name\":\"Auto do C\u00edrio vai celebrar diversidade do amor\"}]},{\"@type\":\"WebSite\",\"@id\":\"https:\/\/radio.ufpa.br\/#website\",\"url\":\"https:\/\/radio.ufpa.br\/\",\"name\":\"Radio Web UFPA\",\"description\":\"Divulgando o conhecimento\",\"publisher\":{\"@id\":\"https:\/\/radio.ufpa.br\/#organization\"},\"potentialAction\":[{\"@type\":\"SearchAction\",\"target\":{\"@type\":\"EntryPoint\",\"urlTemplate\":\"https:\/\/radio.ufpa.br\/?s={search_term_string}\"},\"query-input\":{\"@type\":\"PropertyValueSpecification\",\"valueRequired\":true,\"valueName\":\"search_term_string\"}}],\"inLanguage\":\"pt-BR\"},{\"@type\":\"Organization\",\"@id\":\"https:\/\/radio.ufpa.br\/#organization\",\"name\":\"UNIVERSIDADE FEDERAL DO PAR\u00c1-R\u00c1DIO WEB UFPA\",\"url\":\"https:\/\/radio.ufpa.br\/\",\"logo\":{\"@type\":\"ImageObject\",\"inLanguage\":\"pt-BR\",\"@id\":\"https:\/\/radio.ufpa.br\/#\/schema\/logo\/image\/\",\"url\":\"https:\/\/i0.wp.com\/radio.ufpa.br\/wp-content\/uploads\/2025\/12\/images-removebg-preview.png?fit=417%2C121&ssl=1\",\"contentUrl\":\"https:\/\/i0.wp.com\/radio.ufpa.br\/wp-content\/uploads\/2025\/12\/images-removebg-preview.png?fit=417%2C121&ssl=1\",\"width\":417,\"height\":121,\"caption\":\"UNIVERSIDADE FEDERAL DO PAR\u00c1-R\u00c1DIO WEB UFPA\"},\"image\":{\"@id\":\"https:\/\/radio.ufpa.br\/#\/schema\/logo\/image\/\"},\"sameAs\":[\"https:\/\/www.facebook.com\/radiowebufpa\",\"https:\/\/x.com\/radiowebufpa\",\"https:\/\/www.instagram.com\/radiowebufpa\/\",\"https:\/\/www.youtube.com\/user\/RadioWebUFP4\"]},{\"@type\":\"Person\",\"@id\":\"https:\/\/radio.ufpa.br\/#\/schema\/person\/f3f139516982741ca0831359933ac096\",\"name\":\"Fabr\u00edcio Queiroz\",\"image\":{\"@type\":\"ImageObject\",\"inLanguage\":\"pt-BR\",\"@id\":\"https:\/\/radio.ufpa.br\/#\/schema\/person\/image\/\",\"url\":\"https:\/\/secure.gravatar.com\/avatar\/16286edb2cee888d704ce74385081b7f?s=96&d=mm&r=g\",\"contentUrl\":\"https:\/\/secure.gravatar.com\/avatar\/16286edb2cee888d704ce74385081b7f?s=96&d=mm&r=g\",\"caption\":\"Fabr\u00edcio Queiroz\"},\"description\":\"Editor e Jornalista respons\u00e1vel\",\"url\":\"https:\/\/radio.ufpa.br\/index.php\/author\/fabricio\/\"}]}<\/script>\n<!-- \/ Yoast SEO plugin. -->","yoast_head_json":{"title":"Auto do C\u00edrio vai celebrar diversidade do amor - Radio Web UFPA","description":"O Auto do C\u00edrio 2018 ser\u00e1 realizado na pr\u00f3xima sexta, 12 de outubro, a partir das 19h, para celebrar o tema Maria - Diversidade do Amor.","robots":{"index":"index","follow":"follow","max-snippet":"max-snippet:-1","max-image-preview":"max-image-preview:large","max-video-preview":"max-video-preview:-1"},"canonical":"https:\/\/radio.ufpa.br\/index.php\/ufpa-noticias\/auto-do-cirio-vai-celebrar-diversidade-do-amor\/","og_locale":"pt_BR","og_type":"article","og_title":"Auto do C\u00edrio vai celebrar diversidade do amor - Radio Web UFPA","og_description":"O Auto do C\u00edrio 2018 ser\u00e1 realizado na pr\u00f3xima sexta, 12 de outubro, a partir das 19h, para celebrar o tema Maria - Diversidade do Amor.","og_url":"https:\/\/radio.ufpa.br\/index.php\/ufpa-noticias\/auto-do-cirio-vai-celebrar-diversidade-do-amor\/","og_site_name":"Radio Web UFPA","article_publisher":"https:\/\/www.facebook.com\/radiowebufpa","article_published_time":"2018-10-08T17:52:15+00:00","og_image":[{"width":1024,"height":575,"url":"https:\/\/radio.ufpa.br\/wp-content\/uploads\/2018\/10\/Auto-do-C\u00edrio-2018-1024x575.jpg","type":"image\/jpeg"}],"author":"Fabr\u00edcio Queiroz","twitter_card":"summary_large_image","twitter_creator":"@radiowebufpa","twitter_site":"@radiowebufpa","twitter_misc":{"Escrito por":"Fabr\u00edcio Queiroz","Est. tempo de leitura":"5 minutos"},"schema":{"@context":"https:\/\/schema.org","@graph":[{"@type":"Article","@id":"https:\/\/radio.ufpa.br\/index.php\/ufpa-noticias\/auto-do-cirio-vai-celebrar-diversidade-do-amor\/#article","isPartOf":{"@id":"https:\/\/radio.ufpa.br\/index.php\/ufpa-noticias\/auto-do-cirio-vai-celebrar-diversidade-do-amor\/"},"author":{"name":"Fabr\u00edcio Queiroz","@id":"https:\/\/radio.ufpa.br\/#\/schema\/person\/f3f139516982741ca0831359933ac096"},"headline":"Auto do C\u00edrio vai celebrar diversidade do amor","datePublished":"2018-10-08T17:52:15+00:00","mainEntityOfPage":{"@id":"https:\/\/radio.ufpa.br\/index.php\/ufpa-noticias\/auto-do-cirio-vai-celebrar-diversidade-do-amor\/"},"wordCount":1027,"commentCount":0,"publisher":{"@id":"https:\/\/radio.ufpa.br\/#organization"},"image":{"@id":"https:\/\/radio.ufpa.br\/index.php\/ufpa-noticias\/auto-do-cirio-vai-celebrar-diversidade-do-amor\/#primaryimage"},"thumbnailUrl":"https:\/\/i0.wp.com\/radio.ufpa.br\/wp-content\/uploads\/2018\/10\/Auto-do-C%C3%ADrio-2018.jpg?fit=4912%2C2760&ssl=1","articleSection":["UFPA Not\u00edcias"],"inLanguage":"pt-BR","potentialAction":[{"@type":"CommentAction","name":"Comment","target":["https:\/\/radio.ufpa.br\/index.php\/ufpa-noticias\/auto-do-cirio-vai-celebrar-diversidade-do-amor\/#respond"]}]},{"@type":"WebPage","@id":"https:\/\/radio.ufpa.br\/index.php\/ufpa-noticias\/auto-do-cirio-vai-celebrar-diversidade-do-amor\/","url":"https:\/\/radio.ufpa.br\/index.php\/ufpa-noticias\/auto-do-cirio-vai-celebrar-diversidade-do-amor\/","name":"Auto do C\u00edrio vai celebrar diversidade do amor - Radio Web UFPA","isPartOf":{"@id":"https:\/\/radio.ufpa.br\/#website"},"primaryImageOfPage":{"@id":"https:\/\/radio.ufpa.br\/index.php\/ufpa-noticias\/auto-do-cirio-vai-celebrar-diversidade-do-amor\/#primaryimage"},"image":{"@id":"https:\/\/radio.ufpa.br\/index.php\/ufpa-noticias\/auto-do-cirio-vai-celebrar-diversidade-do-amor\/#primaryimage"},"thumbnailUrl":"https:\/\/i0.wp.com\/radio.ufpa.br\/wp-content\/uploads\/2018\/10\/Auto-do-C%C3%ADrio-2018.jpg?fit=4912%2C2760&ssl=1","datePublished":"2018-10-08T17:52:15+00:00","description":"O Auto do C\u00edrio 2018 ser\u00e1 realizado na pr\u00f3xima sexta, 12 de outubro, a partir das 19h, para celebrar o tema Maria - Diversidade do Amor.","breadcrumb":{"@id":"https:\/\/radio.ufpa.br\/index.php\/ufpa-noticias\/auto-do-cirio-vai-celebrar-diversidade-do-amor\/#breadcrumb"},"inLanguage":"pt-BR","potentialAction":[{"@type":"ReadAction","target":["https:\/\/radio.ufpa.br\/index.php\/ufpa-noticias\/auto-do-cirio-vai-celebrar-diversidade-do-amor\/"]}]},{"@type":"ImageObject","inLanguage":"pt-BR","@id":"https:\/\/radio.ufpa.br\/index.php\/ufpa-noticias\/auto-do-cirio-vai-celebrar-diversidade-do-amor\/#primaryimage","url":"https:\/\/i0.wp.com\/radio.ufpa.br\/wp-content\/uploads\/2018\/10\/Auto-do-C%C3%ADrio-2018.jpg?fit=4912%2C2760&ssl=1","contentUrl":"https:\/\/i0.wp.com\/radio.ufpa.br\/wp-content\/uploads\/2018\/10\/Auto-do-C%C3%ADrio-2018.jpg?fit=4912%2C2760&ssl=1","width":4912,"height":2760,"caption":"Ensaio auto do c\u00edrio"},{"@type":"BreadcrumbList","@id":"https:\/\/radio.ufpa.br\/index.php\/ufpa-noticias\/auto-do-cirio-vai-celebrar-diversidade-do-amor\/#breadcrumb","itemListElement":[{"@type":"ListItem","position":1,"name":"In\u00edcio","item":"https:\/\/radio.ufpa.br\/"},{"@type":"ListItem","position":2,"name":"Auto do C\u00edrio vai celebrar diversidade do amor"}]},{"@type":"WebSite","@id":"https:\/\/radio.ufpa.br\/#website","url":"https:\/\/radio.ufpa.br\/","name":"Radio Web UFPA","description":"Divulgando o conhecimento","publisher":{"@id":"https:\/\/radio.ufpa.br\/#organization"},"potentialAction":[{"@type":"SearchAction","target":{"@type":"EntryPoint","urlTemplate":"https:\/\/radio.ufpa.br\/?s={search_term_string}"},"query-input":{"@type":"PropertyValueSpecification","valueRequired":true,"valueName":"search_term_string"}}],"inLanguage":"pt-BR"},{"@type":"Organization","@id":"https:\/\/radio.ufpa.br\/#organization","name":"UNIVERSIDADE FEDERAL DO PAR\u00c1-R\u00c1DIO WEB UFPA","url":"https:\/\/radio.ufpa.br\/","logo":{"@type":"ImageObject","inLanguage":"pt-BR","@id":"https:\/\/radio.ufpa.br\/#\/schema\/logo\/image\/","url":"https:\/\/i0.wp.com\/radio.ufpa.br\/wp-content\/uploads\/2025\/12\/images-removebg-preview.png?fit=417%2C121&ssl=1","contentUrl":"https:\/\/i0.wp.com\/radio.ufpa.br\/wp-content\/uploads\/2025\/12\/images-removebg-preview.png?fit=417%2C121&ssl=1","width":417,"height":121,"caption":"UNIVERSIDADE FEDERAL DO PAR\u00c1-R\u00c1DIO WEB UFPA"},"image":{"@id":"https:\/\/radio.ufpa.br\/#\/schema\/logo\/image\/"},"sameAs":["https:\/\/www.facebook.com\/radiowebufpa","https:\/\/x.com\/radiowebufpa","https:\/\/www.instagram.com\/radiowebufpa\/","https:\/\/www.youtube.com\/user\/RadioWebUFP4"]},{"@type":"Person","@id":"https:\/\/radio.ufpa.br\/#\/schema\/person\/f3f139516982741ca0831359933ac096","name":"Fabr\u00edcio Queiroz","image":{"@type":"ImageObject","inLanguage":"pt-BR","@id":"https:\/\/radio.ufpa.br\/#\/schema\/person\/image\/","url":"https:\/\/secure.gravatar.com\/avatar\/16286edb2cee888d704ce74385081b7f?s=96&d=mm&r=g","contentUrl":"https:\/\/secure.gravatar.com\/avatar\/16286edb2cee888d704ce74385081b7f?s=96&d=mm&r=g","caption":"Fabr\u00edcio Queiroz"},"description":"Editor e Jornalista respons\u00e1vel","url":"https:\/\/radio.ufpa.br\/index.php\/author\/fabricio\/"}]}},"jetpack_publicize_connections":[],"jetpack_featured_media_url":"https:\/\/i0.wp.com\/radio.ufpa.br\/wp-content\/uploads\/2018\/10\/Auto-do-C%C3%ADrio-2018.jpg?fit=4912%2C2760&ssl=1","jetpack_shortlink":"https:\/\/wp.me\/p8TJeA-1hO","jetpack_likes_enabled":true,"jetpack-related-posts":[],"jetpack_sharing_enabled":true,"_links":{"self":[{"href":"https:\/\/radio.ufpa.br\/index.php\/wp-json\/wp\/v2\/posts\/4948","targetHints":{"allow":["GET"]}}],"collection":[{"href":"https:\/\/radio.ufpa.br\/index.php\/wp-json\/wp\/v2\/posts"}],"about":[{"href":"https:\/\/radio.ufpa.br\/index.php\/wp-json\/wp\/v2\/types\/post"}],"author":[{"embeddable":true,"href":"https:\/\/radio.ufpa.br\/index.php\/wp-json\/wp\/v2\/users\/2"}],"replies":[{"embeddable":true,"href":"https:\/\/radio.ufpa.br\/index.php\/wp-json\/wp\/v2\/comments?post=4948"}],"version-history":[{"count":1,"href":"https:\/\/radio.ufpa.br\/index.php\/wp-json\/wp\/v2\/posts\/4948\/revisions"}],"predecessor-version":[{"id":4950,"href":"https:\/\/radio.ufpa.br\/index.php\/wp-json\/wp\/v2\/posts\/4948\/revisions\/4950"}],"wp:featuredmedia":[{"embeddable":true,"href":"https:\/\/radio.ufpa.br\/index.php\/wp-json\/wp\/v2\/media\/4949"}],"wp:attachment":[{"href":"https:\/\/radio.ufpa.br\/index.php\/wp-json\/wp\/v2\/media?parent=4948"}],"wp:term":[{"taxonomy":"category","embeddable":true,"href":"https:\/\/radio.ufpa.br\/index.php\/wp-json\/wp\/v2\/categories?post=4948"},{"taxonomy":"post_tag","embeddable":true,"href":"https:\/\/radio.ufpa.br\/index.php\/wp-json\/wp\/v2\/tags?post=4948"}],"curies":[{"name":"wp","href":"https:\/\/api.w.org\/{rel}","templated":true}]}}