{"id":4962,"date":"2018-10-10T07:00:45","date_gmt":"2018-10-10T10:00:45","guid":{"rendered":"http:\/\/radio.ufpa.br\/?p=4962"},"modified":"2018-10-10T17:52:48","modified_gmt":"2018-10-10T20:52:48","slug":"alfabetizacao-letramentos-e-docencia-na-amazonia","status":"publish","type":"post","link":"https:\/\/radio.ufpa.br\/index.php\/ufpa-ensino\/alfabetizacao-letramentos-e-docencia-na-amazonia\/","title":{"rendered":"Alfabetiza\u00e7\u00e3o, letramentos e doc\u00eancia na Amaz\u00f4nia"},"content":{"rendered":"<!--[if lt IE 9]><script>document.createElement('audio');<\/script><![endif]-->\n\t<div class=\"wp-playlist wp-audio-playlist wp-playlist-light\">\n\t\t\t<div class=\"wp-playlist-current-item\"><\/div>\n\t\t<audio controls=\"controls\" preload=\"none\" width=\"1178\"\n\t\t\t><\/audio>\n\t<div class=\"wp-playlist-next\"><\/div>\n\t<div class=\"wp-playlist-prev\"><\/div>\n\t<noscript>\n\t<ol>\n\t\t<li><a href='https:\/\/radio.ufpa.br\/wp-content\/uploads\/2018\/03\/UFPA%20ENSINO%20-%20ALFABETIZA\u00c7\u00c3O,%20LETRAMENTOS%20E%20DOC\u00caNCIA%20NA%20AMAZ\u00d4NIA%20-%2010.10.18.mp3'>UFPA Ensino - Alfabetiza\u00e7\u00e3o, letramentos e doc\u00eancia na Amaz\u00f4nia<\/a><\/li>\t<\/ol>\n\t<\/noscript>\n\t<script type=\"application\/json\" class=\"wp-playlist-script\">{\"type\":\"audio\",\"tracklist\":true,\"tracknumbers\":true,\"images\":true,\"artists\":true,\"tracks\":[{\"src\":\"https:\\\/\\\/radio.ufpa.br\\\/wp-content\\\/uploads\\\/2018\\\/03\\\/UFPA ENSINO - ALFABETIZA\\u00c7\\u00c3O, LETRAMENTOS E DOC\\u00caNCIA NA AMAZ\\u00d4NIA - 10.10.18.mp3\",\"type\":\"audio\\\/mpeg\",\"title\":\"UFPA Ensino - Alfabetiza\\u00e7\\u00e3o, letramentos e doc\\u00eancia na Amaz\\u00f4nia\",\"caption\":\"\",\"description\":\"\\\"UFPA ENSINO - ALFABETIZA\\u00c7\\u00c3O, LETRAMENTOS E DOC\\u00caNCIA NA AMAZ\\u00d4NIA - 10.10.18\\\". Genre: Other.\",\"meta\":{\"artist\":\"R\\u00e1dio Web UFPA\",\"album\":\"UFPA Ensino\",\"genre\":\"Other\",\"length_formatted\":\"56:09\"},\"image\":{\"src\":\"https:\\\/\\\/radio.ufpa.br\\\/wp-includes\\\/images\\\/media\\\/audio.svg\",\"width\":48,\"height\":64},\"thumb\":{\"src\":\"https:\\\/\\\/radio.ufpa.br\\\/wp-includes\\\/images\\\/media\\\/audio.svg\",\"width\":48,\"height\":64}}]}<\/script>\n<\/div>\n\t\n<p>O projeto <strong>Alfabetiza\u00e7\u00e3o, Letramentos e Doc\u00eancia<\/strong> na Amaz\u00f4nia foi selecionado como uma das 30 experi\u00eancias mais inovadoras para educa\u00e7\u00e3o da Am\u00e9rica Latina e no Caribe. Nesta edi\u00e7\u00e3o do UFPA Ensino recebemos algumas representantes dessa iniciativa: as professoras do Instituto de Educa\u00e7\u00e3o Cient\u00edfica e Matem\u00e1tica (IEMCI) da UFPA, Isabel Rodrigues, Elizabeth Manfredo e Em\u00edlia Oliveira.<\/p>\n<p>Para a professora Elizabeth Manfredo, atual vice-coordenadora do projeto, a Universidade tem um papel muito importante na forma\u00e7\u00e3o dos professores, de modo particular o IEMCI, que abriga o curso de licenciatura integrada em Educa\u00e7\u00e3o em Ci\u00eancias, Matem\u00e1tica e Linguagem. \u201cEsse curso \u00e9 um curso recente, ele iniciou em 2010 e de l\u00e1 para c\u00e1 j\u00e1 formou mais de 500 alunos, que agora s\u00e3o professores que atuam nos anos iniciais, EJA e ingressam tamb\u00e9m em p\u00f3s-gradua\u00e7\u00f5es\u201d, destaca a professora. Inicialmente idealizado para graduandos do IEMCI, o projeto foi pensando com tr\u00eas eixos integrados, o letramento acad\u00eamico, o laborat\u00f3rio de produ\u00e7\u00e3o textual e o ensino e aprendizagem de l\u00edngua materna.<\/p>\n<p>Por apresentar atividades t\u00e3o diversas, \u201cas metodologias s\u00e3o escolhidas de acordo com as necessidades dos alunos\u201d, garante a coordenadora Em\u00edlia Oliveira. Segundo a professora, as atividades n\u00e3o se restringem ao ambiente do curso de licenciatura integrada. Sempre que poss\u00edvel, as atividades de Laborat\u00f3rio de Produ\u00e7\u00e3o Textual, destinadas aos graduandos do IEMCI, abrem vagas para alunos de outros cursos e licenciaturas, que s\u00e3o acompanhados individualmente por um mestrando. \u00a0As atividades de letramento acad\u00eamico s\u00e3o voltadas tanto para comunidade interna quanto externa da UFPA. E o eixo de ensino e aprendizagem da l\u00edngua materna destina-se \u00e0s escolas.<\/p>\n<p>Idealizado e coordenado pela professora Isabel Rodrigues, com a vice-coordena\u00e7\u00e3o da professora France Martins, o projeto iniciou as atividades em 2016. Em 2018, a professora Isabel, representando a equipe, participar\u00e1 de um workshop com as outras 29 experi\u00eancias selecionadas na Am\u00e9rica Latina e Caribe, onde deve compartilhar os resultados alcan\u00e7ados at\u00e9 o momento. Para o ano que vem, a expectativa \u00e9 que o projeto cres\u00e7a. \u201cUma possibilidade \u00e9 n\u00f3s tentarmos financiamento para alunos por meio de uma incubadora para garantirmos bolsas para os alunos\u201d.<\/p>\n<p>Saiba mais sobre o projeto nesta edi\u00e7\u00e3o do UFPA Ensino.<\/p>\n<p>Apresenta\u00e7\u00e3o: Fabr\u00edcio Queiroz<br \/>\nProdu\u00e7\u00e3o e roteiro: Erlane Santos<br \/>\nGrava\u00e7\u00e3o e montagem: Jo\u00e3o Nilo Ferreira<br \/>\nSupervis\u00e3o e edi\u00e7\u00e3o: Elissandra Batista e Fabr\u00edcio Queiroz<\/p>\n<p>O UFPA Ensino vai ao ar \u00e0s quartas-feiras, \u00e0s 10h e 21h.<br \/>\nHor\u00e1rios alternativos: Sexta-feira, \u00e0s 19h, e s\u00e1bado, \u00e0s 21h.<\/p>\n","protected":false},"excerpt":{"rendered":"<p> &#8230; <a title=\"Alfabetiza\u00e7\u00e3o, letramentos e doc\u00eancia na Amaz\u00f4nia\" class=\"read-more\" href=\"https:\/\/radio.ufpa.br\/index.php\/ufpa-ensino\/alfabetizacao-letramentos-e-docencia-na-amazonia\/\" aria-label=\"Read more about Alfabetiza\u00e7\u00e3o, letramentos e doc\u00eancia na Amaz\u00f4nia\">Ler mais<\/a><\/p>\n","protected":false},"author":2,"featured_media":4968,"comment_status":"open","ping_status":"open","sticky":false,"template":"","format":"standard","meta":{"_acf_changed":false,"_exactmetrics_skip_tracking":false,"_monsterinsights_skip_tracking":false,"_uf_show_specific_survey":0,"_uf_disable_surveys":false,"jetpack_post_was_ever_published":false,"_jetpack_newsletter_access":"","_jetpack_dont_email_post_to_subs":false,"_jetpack_newsletter_tier_id":0,"_jetpack_memberships_contains_paywalled_content":false,"_jetpack_memberships_contains_paid_content":false,"footnotes":"","jetpack_publicize_message":"","jetpack_publicize_feature_enabled":true,"jetpack_social_post_already_shared":true,"jetpack_social_options":{"image_generator_settings":{"template":"highway","enabled":false},"version":2}},"categories":[41],"tags":[],"class_list":["post-4962","post","type-post","status-publish","format-standard","has-post-thumbnail","hentry","category-ufpa-ensino"],"acf":[],"yoast_head":"<!-- This site is optimized with the Yoast SEO plugin v25.1 - https:\/\/yoast.com\/wordpress\/plugins\/seo\/ -->\n<title>Alfabetiza\u00e7\u00e3o, letramentos e doc\u00eancia na Amaz\u00f4nia - Radio Web UFPA<\/title>\n<meta name=\"description\" content=\"Conhe\u00e7a o projeto Alfabetiza\u00e7\u00e3o, letramentos e doc\u00eancia na Amaz\u00f4nia, premiado uma das experi\u00eancias mais inovadoras da educa\u00e7\u00e3o na Am\u00e9rica Latina e Caribe.\" \/>\n<meta name=\"robots\" content=\"index, follow, max-snippet:-1, max-image-preview:large, max-video-preview:-1\" \/>\n<link rel=\"canonical\" href=\"https:\/\/radio.ufpa.br\/index.php\/ufpa-ensino\/alfabetizacao-letramentos-e-docencia-na-amazonia\/\" \/>\n<meta property=\"og:locale\" content=\"pt_BR\" \/>\n<meta property=\"og:type\" content=\"article\" \/>\n<meta property=\"og:title\" content=\"Alfabetiza\u00e7\u00e3o, letramentos e doc\u00eancia na Amaz\u00f4nia - Radio Web UFPA\" \/>\n<meta property=\"og:description\" content=\"Conhe\u00e7a o projeto Alfabetiza\u00e7\u00e3o, letramentos e doc\u00eancia na Amaz\u00f4nia, premiado uma das experi\u00eancias mais inovadoras da educa\u00e7\u00e3o na Am\u00e9rica Latina e Caribe.\" \/>\n<meta property=\"og:url\" content=\"https:\/\/radio.ufpa.br\/index.php\/ufpa-ensino\/alfabetizacao-letramentos-e-docencia-na-amazonia\/\" \/>\n<meta property=\"og:site_name\" content=\"Radio Web UFPA\" \/>\n<meta property=\"article:publisher\" content=\"https:\/\/www.facebook.com\/radiowebufpa\" \/>\n<meta property=\"article:published_time\" content=\"2018-10-10T10:00:45+00:00\" \/>\n<meta property=\"article:modified_time\" content=\"2018-10-10T20:52:48+00:00\" \/>\n<meta property=\"og:image\" content=\"https:\/\/i0.wp.com\/radio.ufpa.br\/wp-content\/uploads\/2018\/10\/letramento.jpg?fit=672%2C372&ssl=1\" \/>\n\t<meta property=\"og:image:width\" content=\"672\" \/>\n\t<meta property=\"og:image:height\" content=\"372\" \/>\n\t<meta property=\"og:image:type\" content=\"image\/jpeg\" \/>\n<meta name=\"author\" content=\"Fabr\u00edcio Queiroz\" \/>\n<meta name=\"twitter:card\" content=\"summary_large_image\" \/>\n<meta name=\"twitter:creator\" content=\"@radiowebufpa\" \/>\n<meta name=\"twitter:site\" content=\"@radiowebufpa\" \/>\n<meta name=\"twitter:label1\" content=\"Escrito por\" \/>\n\t<meta name=\"twitter:data1\" content=\"Fabr\u00edcio Queiroz\" \/>\n\t<meta name=\"twitter:label2\" content=\"Est. tempo de leitura\" \/>\n\t<meta name=\"twitter:data2\" content=\"2 minutos\" \/>\n<script type=\"application\/ld+json\" class=\"yoast-schema-graph\">{\"@context\":\"https:\/\/schema.org\",\"@graph\":[{\"@type\":\"Article\",\"@id\":\"https:\/\/radio.ufpa.br\/index.php\/ufpa-ensino\/alfabetizacao-letramentos-e-docencia-na-amazonia\/#article\",\"isPartOf\":{\"@id\":\"https:\/\/radio.ufpa.br\/index.php\/ufpa-ensino\/alfabetizacao-letramentos-e-docencia-na-amazonia\/\"},\"author\":{\"name\":\"Fabr\u00edcio Queiroz\",\"@id\":\"https:\/\/radio.ufpa.br\/#\/schema\/person\/f3f139516982741ca0831359933ac096\"},\"headline\":\"Alfabetiza\u00e7\u00e3o, letramentos e doc\u00eancia na Amaz\u00f4nia\",\"datePublished\":\"2018-10-10T10:00:45+00:00\",\"dateModified\":\"2018-10-10T20:52:48+00:00\",\"mainEntityOfPage\":{\"@id\":\"https:\/\/radio.ufpa.br\/index.php\/ufpa-ensino\/alfabetizacao-letramentos-e-docencia-na-amazonia\/\"},\"wordCount\":448,\"commentCount\":0,\"publisher\":{\"@id\":\"https:\/\/radio.ufpa.br\/#organization\"},\"image\":{\"@id\":\"https:\/\/radio.ufpa.br\/index.php\/ufpa-ensino\/alfabetizacao-letramentos-e-docencia-na-amazonia\/#primaryimage\"},\"thumbnailUrl\":\"https:\/\/i0.wp.com\/radio.ufpa.br\/wp-content\/uploads\/2018\/10\/letramento.jpg?fit=672%2C372&ssl=1\",\"articleSection\":[\"UFPA Ensino\"],\"inLanguage\":\"pt-BR\",\"potentialAction\":[{\"@type\":\"CommentAction\",\"name\":\"Comment\",\"target\":[\"https:\/\/radio.ufpa.br\/index.php\/ufpa-ensino\/alfabetizacao-letramentos-e-docencia-na-amazonia\/#respond\"]}]},{\"@type\":\"WebPage\",\"@id\":\"https:\/\/radio.ufpa.br\/index.php\/ufpa-ensino\/alfabetizacao-letramentos-e-docencia-na-amazonia\/\",\"url\":\"https:\/\/radio.ufpa.br\/index.php\/ufpa-ensino\/alfabetizacao-letramentos-e-docencia-na-amazonia\/\",\"name\":\"Alfabetiza\u00e7\u00e3o, letramentos e doc\u00eancia na Amaz\u00f4nia - Radio Web UFPA\",\"isPartOf\":{\"@id\":\"https:\/\/radio.ufpa.br\/#website\"},\"primaryImageOfPage\":{\"@id\":\"https:\/\/radio.ufpa.br\/index.php\/ufpa-ensino\/alfabetizacao-letramentos-e-docencia-na-amazonia\/#primaryimage\"},\"image\":{\"@id\":\"https:\/\/radio.ufpa.br\/index.php\/ufpa-ensino\/alfabetizacao-letramentos-e-docencia-na-amazonia\/#primaryimage\"},\"thumbnailUrl\":\"https:\/\/i0.wp.com\/radio.ufpa.br\/wp-content\/uploads\/2018\/10\/letramento.jpg?fit=672%2C372&ssl=1\",\"datePublished\":\"2018-10-10T10:00:45+00:00\",\"dateModified\":\"2018-10-10T20:52:48+00:00\",\"description\":\"Conhe\u00e7a o projeto Alfabetiza\u00e7\u00e3o, letramentos e doc\u00eancia na Amaz\u00f4nia, premiado uma das experi\u00eancias mais inovadoras da educa\u00e7\u00e3o na Am\u00e9rica Latina e Caribe.\",\"breadcrumb\":{\"@id\":\"https:\/\/radio.ufpa.br\/index.php\/ufpa-ensino\/alfabetizacao-letramentos-e-docencia-na-amazonia\/#breadcrumb\"},\"inLanguage\":\"pt-BR\",\"potentialAction\":[{\"@type\":\"ReadAction\",\"target\":[\"https:\/\/radio.ufpa.br\/index.php\/ufpa-ensino\/alfabetizacao-letramentos-e-docencia-na-amazonia\/\"]}]},{\"@type\":\"ImageObject\",\"inLanguage\":\"pt-BR\",\"@id\":\"https:\/\/radio.ufpa.br\/index.php\/ufpa-ensino\/alfabetizacao-letramentos-e-docencia-na-amazonia\/#primaryimage\",\"url\":\"https:\/\/i0.wp.com\/radio.ufpa.br\/wp-content\/uploads\/2018\/10\/letramento.jpg?fit=672%2C372&ssl=1\",\"contentUrl\":\"https:\/\/i0.wp.com\/radio.ufpa.br\/wp-content\/uploads\/2018\/10\/letramento.jpg?fit=672%2C372&ssl=1\",\"width\":672,\"height\":372},{\"@type\":\"BreadcrumbList\",\"@id\":\"https:\/\/radio.ufpa.br\/index.php\/ufpa-ensino\/alfabetizacao-letramentos-e-docencia-na-amazonia\/#breadcrumb\",\"itemListElement\":[{\"@type\":\"ListItem\",\"position\":1,\"name\":\"In\u00edcio\",\"item\":\"https:\/\/radio.ufpa.br\/\"},{\"@type\":\"ListItem\",\"position\":2,\"name\":\"Alfabetiza\u00e7\u00e3o, letramentos e doc\u00eancia na Amaz\u00f4nia\"}]},{\"@type\":\"WebSite\",\"@id\":\"https:\/\/radio.ufpa.br\/#website\",\"url\":\"https:\/\/radio.ufpa.br\/\",\"name\":\"Radio Web UFPA\",\"description\":\"Divulgando o conhecimento\",\"publisher\":{\"@id\":\"https:\/\/radio.ufpa.br\/#organization\"},\"potentialAction\":[{\"@type\":\"SearchAction\",\"target\":{\"@type\":\"EntryPoint\",\"urlTemplate\":\"https:\/\/radio.ufpa.br\/?s={search_term_string}\"},\"query-input\":{\"@type\":\"PropertyValueSpecification\",\"valueRequired\":true,\"valueName\":\"search_term_string\"}}],\"inLanguage\":\"pt-BR\"},{\"@type\":\"Organization\",\"@id\":\"https:\/\/radio.ufpa.br\/#organization\",\"name\":\"UNIVERSIDADE FEDERAL DO PAR\u00c1-R\u00c1DIO WEB UFPA\",\"url\":\"https:\/\/radio.ufpa.br\/\",\"logo\":{\"@type\":\"ImageObject\",\"inLanguage\":\"pt-BR\",\"@id\":\"https:\/\/radio.ufpa.br\/#\/schema\/logo\/image\/\",\"url\":\"https:\/\/i0.wp.com\/radio.ufpa.br\/wp-content\/uploads\/2025\/12\/cropped-images-removebg-preview-1.png?fit=417%2C121&ssl=1\",\"contentUrl\":\"https:\/\/i0.wp.com\/radio.ufpa.br\/wp-content\/uploads\/2025\/12\/cropped-images-removebg-preview-1.png?fit=417%2C121&ssl=1\",\"width\":417,\"height\":121,\"caption\":\"UNIVERSIDADE FEDERAL DO PAR\u00c1-R\u00c1DIO WEB UFPA\"},\"image\":{\"@id\":\"https:\/\/radio.ufpa.br\/#\/schema\/logo\/image\/\"},\"sameAs\":[\"https:\/\/www.facebook.com\/radiowebufpa\",\"https:\/\/x.com\/radiowebufpa\",\"https:\/\/www.instagram.com\/radiowebufpa\/\",\"https:\/\/www.youtube.com\/user\/RadioWebUFP4\"]},{\"@type\":\"Person\",\"@id\":\"https:\/\/radio.ufpa.br\/#\/schema\/person\/f3f139516982741ca0831359933ac096\",\"name\":\"Fabr\u00edcio Queiroz\",\"image\":{\"@type\":\"ImageObject\",\"inLanguage\":\"pt-BR\",\"@id\":\"https:\/\/radio.ufpa.br\/#\/schema\/person\/image\/\",\"url\":\"https:\/\/secure.gravatar.com\/avatar\/16286edb2cee888d704ce74385081b7f?s=96&d=mm&r=g\",\"contentUrl\":\"https:\/\/secure.gravatar.com\/avatar\/16286edb2cee888d704ce74385081b7f?s=96&d=mm&r=g\",\"caption\":\"Fabr\u00edcio Queiroz\"},\"description\":\"Editor e Jornalista respons\u00e1vel\",\"url\":\"https:\/\/radio.ufpa.br\/index.php\/author\/fabricio\/\"}]}<\/script>\n<!-- \/ Yoast SEO plugin. -->","yoast_head_json":{"title":"Alfabetiza\u00e7\u00e3o, letramentos e doc\u00eancia na Amaz\u00f4nia - Radio Web UFPA","description":"Conhe\u00e7a o projeto Alfabetiza\u00e7\u00e3o, letramentos e doc\u00eancia na Amaz\u00f4nia, premiado uma das experi\u00eancias mais inovadoras da educa\u00e7\u00e3o na Am\u00e9rica Latina e Caribe.","robots":{"index":"index","follow":"follow","max-snippet":"max-snippet:-1","max-image-preview":"max-image-preview:large","max-video-preview":"max-video-preview:-1"},"canonical":"https:\/\/radio.ufpa.br\/index.php\/ufpa-ensino\/alfabetizacao-letramentos-e-docencia-na-amazonia\/","og_locale":"pt_BR","og_type":"article","og_title":"Alfabetiza\u00e7\u00e3o, letramentos e doc\u00eancia na Amaz\u00f4nia - Radio Web UFPA","og_description":"Conhe\u00e7a o projeto Alfabetiza\u00e7\u00e3o, letramentos e doc\u00eancia na Amaz\u00f4nia, premiado uma das experi\u00eancias mais inovadoras da educa\u00e7\u00e3o na Am\u00e9rica Latina e Caribe.","og_url":"https:\/\/radio.ufpa.br\/index.php\/ufpa-ensino\/alfabetizacao-letramentos-e-docencia-na-amazonia\/","og_site_name":"Radio Web UFPA","article_publisher":"https:\/\/www.facebook.com\/radiowebufpa","article_published_time":"2018-10-10T10:00:45+00:00","article_modified_time":"2018-10-10T20:52:48+00:00","og_image":[{"width":672,"height":372,"url":"https:\/\/i0.wp.com\/radio.ufpa.br\/wp-content\/uploads\/2018\/10\/letramento.jpg?fit=672%2C372&ssl=1","type":"image\/jpeg"}],"author":"Fabr\u00edcio Queiroz","twitter_card":"summary_large_image","twitter_creator":"@radiowebufpa","twitter_site":"@radiowebufpa","twitter_misc":{"Escrito por":"Fabr\u00edcio Queiroz","Est. tempo de leitura":"2 minutos"},"schema":{"@context":"https:\/\/schema.org","@graph":[{"@type":"Article","@id":"https:\/\/radio.ufpa.br\/index.php\/ufpa-ensino\/alfabetizacao-letramentos-e-docencia-na-amazonia\/#article","isPartOf":{"@id":"https:\/\/radio.ufpa.br\/index.php\/ufpa-ensino\/alfabetizacao-letramentos-e-docencia-na-amazonia\/"},"author":{"name":"Fabr\u00edcio Queiroz","@id":"https:\/\/radio.ufpa.br\/#\/schema\/person\/f3f139516982741ca0831359933ac096"},"headline":"Alfabetiza\u00e7\u00e3o, letramentos e doc\u00eancia na Amaz\u00f4nia","datePublished":"2018-10-10T10:00:45+00:00","dateModified":"2018-10-10T20:52:48+00:00","mainEntityOfPage":{"@id":"https:\/\/radio.ufpa.br\/index.php\/ufpa-ensino\/alfabetizacao-letramentos-e-docencia-na-amazonia\/"},"wordCount":448,"commentCount":0,"publisher":{"@id":"https:\/\/radio.ufpa.br\/#organization"},"image":{"@id":"https:\/\/radio.ufpa.br\/index.php\/ufpa-ensino\/alfabetizacao-letramentos-e-docencia-na-amazonia\/#primaryimage"},"thumbnailUrl":"https:\/\/i0.wp.com\/radio.ufpa.br\/wp-content\/uploads\/2018\/10\/letramento.jpg?fit=672%2C372&ssl=1","articleSection":["UFPA Ensino"],"inLanguage":"pt-BR","potentialAction":[{"@type":"CommentAction","name":"Comment","target":["https:\/\/radio.ufpa.br\/index.php\/ufpa-ensino\/alfabetizacao-letramentos-e-docencia-na-amazonia\/#respond"]}]},{"@type":"WebPage","@id":"https:\/\/radio.ufpa.br\/index.php\/ufpa-ensino\/alfabetizacao-letramentos-e-docencia-na-amazonia\/","url":"https:\/\/radio.ufpa.br\/index.php\/ufpa-ensino\/alfabetizacao-letramentos-e-docencia-na-amazonia\/","name":"Alfabetiza\u00e7\u00e3o, letramentos e doc\u00eancia na Amaz\u00f4nia - Radio Web UFPA","isPartOf":{"@id":"https:\/\/radio.ufpa.br\/#website"},"primaryImageOfPage":{"@id":"https:\/\/radio.ufpa.br\/index.php\/ufpa-ensino\/alfabetizacao-letramentos-e-docencia-na-amazonia\/#primaryimage"},"image":{"@id":"https:\/\/radio.ufpa.br\/index.php\/ufpa-ensino\/alfabetizacao-letramentos-e-docencia-na-amazonia\/#primaryimage"},"thumbnailUrl":"https:\/\/i0.wp.com\/radio.ufpa.br\/wp-content\/uploads\/2018\/10\/letramento.jpg?fit=672%2C372&ssl=1","datePublished":"2018-10-10T10:00:45+00:00","dateModified":"2018-10-10T20:52:48+00:00","description":"Conhe\u00e7a o projeto Alfabetiza\u00e7\u00e3o, letramentos e doc\u00eancia na Amaz\u00f4nia, premiado uma das experi\u00eancias mais inovadoras da educa\u00e7\u00e3o na Am\u00e9rica Latina e Caribe.","breadcrumb":{"@id":"https:\/\/radio.ufpa.br\/index.php\/ufpa-ensino\/alfabetizacao-letramentos-e-docencia-na-amazonia\/#breadcrumb"},"inLanguage":"pt-BR","potentialAction":[{"@type":"ReadAction","target":["https:\/\/radio.ufpa.br\/index.php\/ufpa-ensino\/alfabetizacao-letramentos-e-docencia-na-amazonia\/"]}]},{"@type":"ImageObject","inLanguage":"pt-BR","@id":"https:\/\/radio.ufpa.br\/index.php\/ufpa-ensino\/alfabetizacao-letramentos-e-docencia-na-amazonia\/#primaryimage","url":"https:\/\/i0.wp.com\/radio.ufpa.br\/wp-content\/uploads\/2018\/10\/letramento.jpg?fit=672%2C372&ssl=1","contentUrl":"https:\/\/i0.wp.com\/radio.ufpa.br\/wp-content\/uploads\/2018\/10\/letramento.jpg?fit=672%2C372&ssl=1","width":672,"height":372},{"@type":"BreadcrumbList","@id":"https:\/\/radio.ufpa.br\/index.php\/ufpa-ensino\/alfabetizacao-letramentos-e-docencia-na-amazonia\/#breadcrumb","itemListElement":[{"@type":"ListItem","position":1,"name":"In\u00edcio","item":"https:\/\/radio.ufpa.br\/"},{"@type":"ListItem","position":2,"name":"Alfabetiza\u00e7\u00e3o, letramentos e doc\u00eancia na Amaz\u00f4nia"}]},{"@type":"WebSite","@id":"https:\/\/radio.ufpa.br\/#website","url":"https:\/\/radio.ufpa.br\/","name":"Radio Web UFPA","description":"Divulgando o conhecimento","publisher":{"@id":"https:\/\/radio.ufpa.br\/#organization"},"potentialAction":[{"@type":"SearchAction","target":{"@type":"EntryPoint","urlTemplate":"https:\/\/radio.ufpa.br\/?s={search_term_string}"},"query-input":{"@type":"PropertyValueSpecification","valueRequired":true,"valueName":"search_term_string"}}],"inLanguage":"pt-BR"},{"@type":"Organization","@id":"https:\/\/radio.ufpa.br\/#organization","name":"UNIVERSIDADE FEDERAL DO PAR\u00c1-R\u00c1DIO WEB UFPA","url":"https:\/\/radio.ufpa.br\/","logo":{"@type":"ImageObject","inLanguage":"pt-BR","@id":"https:\/\/radio.ufpa.br\/#\/schema\/logo\/image\/","url":"https:\/\/i0.wp.com\/radio.ufpa.br\/wp-content\/uploads\/2025\/12\/cropped-images-removebg-preview-1.png?fit=417%2C121&ssl=1","contentUrl":"https:\/\/i0.wp.com\/radio.ufpa.br\/wp-content\/uploads\/2025\/12\/cropped-images-removebg-preview-1.png?fit=417%2C121&ssl=1","width":417,"height":121,"caption":"UNIVERSIDADE FEDERAL DO PAR\u00c1-R\u00c1DIO WEB UFPA"},"image":{"@id":"https:\/\/radio.ufpa.br\/#\/schema\/logo\/image\/"},"sameAs":["https:\/\/www.facebook.com\/radiowebufpa","https:\/\/x.com\/radiowebufpa","https:\/\/www.instagram.com\/radiowebufpa\/","https:\/\/www.youtube.com\/user\/RadioWebUFP4"]},{"@type":"Person","@id":"https:\/\/radio.ufpa.br\/#\/schema\/person\/f3f139516982741ca0831359933ac096","name":"Fabr\u00edcio Queiroz","image":{"@type":"ImageObject","inLanguage":"pt-BR","@id":"https:\/\/radio.ufpa.br\/#\/schema\/person\/image\/","url":"https:\/\/secure.gravatar.com\/avatar\/16286edb2cee888d704ce74385081b7f?s=96&d=mm&r=g","contentUrl":"https:\/\/secure.gravatar.com\/avatar\/16286edb2cee888d704ce74385081b7f?s=96&d=mm&r=g","caption":"Fabr\u00edcio Queiroz"},"description":"Editor e Jornalista respons\u00e1vel","url":"https:\/\/radio.ufpa.br\/index.php\/author\/fabricio\/"}]}},"jetpack_publicize_connections":[],"jetpack_featured_media_url":"https:\/\/i0.wp.com\/radio.ufpa.br\/wp-content\/uploads\/2018\/10\/letramento.jpg?fit=672%2C372&ssl=1","jetpack_shortlink":"https:\/\/wp.me\/p8TJeA-1i2","jetpack_likes_enabled":true,"jetpack-related-posts":[],"jetpack_sharing_enabled":true,"_links":{"self":[{"href":"https:\/\/radio.ufpa.br\/index.php\/wp-json\/wp\/v2\/posts\/4962","targetHints":{"allow":["GET"]}}],"collection":[{"href":"https:\/\/radio.ufpa.br\/index.php\/wp-json\/wp\/v2\/posts"}],"about":[{"href":"https:\/\/radio.ufpa.br\/index.php\/wp-json\/wp\/v2\/types\/post"}],"author":[{"embeddable":true,"href":"https:\/\/radio.ufpa.br\/index.php\/wp-json\/wp\/v2\/users\/2"}],"replies":[{"embeddable":true,"href":"https:\/\/radio.ufpa.br\/index.php\/wp-json\/wp\/v2\/comments?post=4962"}],"version-history":[{"count":5,"href":"https:\/\/radio.ufpa.br\/index.php\/wp-json\/wp\/v2\/posts\/4962\/revisions"}],"predecessor-version":[{"id":4969,"href":"https:\/\/radio.ufpa.br\/index.php\/wp-json\/wp\/v2\/posts\/4962\/revisions\/4969"}],"wp:featuredmedia":[{"embeddable":true,"href":"https:\/\/radio.ufpa.br\/index.php\/wp-json\/wp\/v2\/media\/4968"}],"wp:attachment":[{"href":"https:\/\/radio.ufpa.br\/index.php\/wp-json\/wp\/v2\/media?parent=4962"}],"wp:term":[{"taxonomy":"category","embeddable":true,"href":"https:\/\/radio.ufpa.br\/index.php\/wp-json\/wp\/v2\/categories?post=4962"},{"taxonomy":"post_tag","embeddable":true,"href":"https:\/\/radio.ufpa.br\/index.php\/wp-json\/wp\/v2\/tags?post=4962"}],"curies":[{"name":"wp","href":"https:\/\/api.w.org\/{rel}","templated":true}]}}