{"id":5041,"date":"2018-10-25T07:00:41","date_gmt":"2018-10-25T09:00:41","guid":{"rendered":"http:\/\/radio.ufpa.br\/?p=5041"},"modified":"2018-11-01T12:30:39","modified_gmt":"2018-11-01T14:30:39","slug":"visitas-domiciliares","status":"publish","type":"post","link":"https:\/\/radio.ufpa.br\/index.php\/saest-e-voce\/visitas-domiciliares\/","title":{"rendered":"Visitas domiciliares"},"content":{"rendered":"<!--[if lt IE 9]><script>document.createElement('audio');<\/script><![endif]-->\n\t<div class=\"wp-playlist wp-audio-playlist wp-playlist-light\">\n\t\t\t<div class=\"wp-playlist-current-item\"><\/div>\n\t\t<audio controls=\"controls\" preload=\"none\" width=\"1178\"\n\t\t\t><\/audio>\n\t<div class=\"wp-playlist-next\"><\/div>\n\t<div class=\"wp-playlist-prev\"><\/div>\n\t<noscript>\n\t<ol>\n\t\t<li><a href='https:\/\/radio.ufpa.br\/wp-content\/uploads\/2018\/03\/SAEST%20E%20VOC\u00ca%20-%20VISITAS%20DOMICILIARES%20-%20EDI\u00c7\u00c3O%2007%20-%2025.10.2018.mp3'>SAEst e Voc\u00ea - Visitas Domiciliares<\/a><\/li>\t<\/ol>\n\t<\/noscript>\n\t<script type=\"application\/json\" class=\"wp-playlist-script\">{\"type\":\"audio\",\"tracklist\":true,\"tracknumbers\":true,\"images\":true,\"artists\":true,\"tracks\":[{\"src\":\"https:\\\/\\\/radio.ufpa.br\\\/wp-content\\\/uploads\\\/2018\\\/03\\\/SAEST E VOC\\u00ca - VISITAS DOMICILIARES - EDI\\u00c7\\u00c3O 07 - 25.10.2018.mp3\",\"type\":\"audio\\\/mpeg\",\"title\":\"SAEst e Voc\\u00ea - Visitas Domiciliares\",\"caption\":\"\",\"description\":\"\\\"SAEST E VOC\\u00ca - VISITAS DOMICILIARES - EDI\\u00c7\\u00c3O 07 - 25.10.2018\\\". Genre: Other.\",\"meta\":{\"artist\":\"R\\u00e1dio Web UFPA\",\"album\":\"Saest e Voc\\u00ea\",\"genre\":\"Other\",\"length_formatted\":\"43:04\"},\"image\":{\"src\":\"https:\\\/\\\/radio.ufpa.br\\\/wp-includes\\\/images\\\/media\\\/audio.svg\",\"width\":48,\"height\":64},\"thumb\":{\"src\":\"https:\\\/\\\/radio.ufpa.br\\\/wp-includes\\\/images\\\/media\\\/audio.svg\",\"width\":48,\"height\":64}}]}<\/script>\n<\/div>\n\t\n<p>As visitas domiciliares destinadas aos alunos que recebem aux\u00edlios e bolsas da Superintend\u00eancia de Assist\u00eancia Estudantil da UFPA s\u00e3o o tema desta edi\u00e7\u00e3o do SAEST e Voc\u00ea, que recebe Michele Monteiro, assistente social e coordenadora de Assist\u00eancia estudantil em exerc\u00edcio da Saest.<\/p>\n<p>O endere\u00e7o de origem da fam\u00edlia do aluno que participa dos programas de Assist\u00eancia Estudantil da Universidade Federal do Par\u00e1 \u00e9 o destino das equipes de assistentes sociais, pedagogos e psic\u00f3logos que trabalham no acompanhamento social e acad\u00eamico dos estudantes que recebem aux\u00edlios e bolsas da Superintend\u00eancia de Assist\u00eancia Estudantil (SAEst).<\/p>\n<p>As visitas domiciliares s\u00e3o indispens\u00e1veis para se conhecer a realidade do aluno em situa\u00e7\u00e3o de vulnerabilidade socioecon\u00f4mica como explica a assistente social Michele Monteiro. \u201cA gente conhece o aluno e a partir da visita n\u00f3s podemos fazer alguns encaminhamentos e direcionar nossas a\u00e7\u00f5es. E para o aluno tamb\u00e9m \u00e9 importante que ele seja visitado porque com a visita ele tem a possibilidade de trazer algumas demandas que, s\u00f3 com o preenchimento do question\u00e1rio socioecon\u00f4mico pelo sigaest e o envio da documenta\u00e7\u00e3o, muitas vezes n\u00e3o permitem que a gente conhe\u00e7a de fato a realidade \u201d, relata.<\/p>\n<p>As equipes organizam-se em grupos itinerantes denominados de TRIE sempre compostos de assistentes sociais, psic\u00f3logos e pedagogos. As a\u00e7\u00f5es acontecem regularmente durante os semestres letivos e chegam \u00e0 casa de estudantes de todos os\u00a0<em>campi<\/em>\u00a0da Universidade. Michele Monteiro explica tamb\u00e9m que atrav\u00e9s das visitas \u00e9 poss\u00edvel entender as dificuldades no desempenho acad\u00eamico do aluno e informar ao aluno vulner\u00e1vel que ele pode solicitar alguns programas de assist\u00eancia estudantil.<\/p>\n<p>Em torno de 15 mil alunos da Universidade Federal do Par\u00e1 participam direta e indiretamente dos programas de Assist\u00eancia Estudantil. As a\u00e7\u00f5es apoiam a perman\u00eancia de estudantes em situa\u00e7\u00e3o de vulnerabilidade nas \u00e1reas de assist\u00eancia \u00e0 moradia estudantil, alimenta\u00e7\u00e3o, transporte, aten\u00e7\u00e3o \u00e0 sa\u00fade, inclus\u00e3o digital, cultura, esporte, creche e apoio pedag\u00f3gico. Assim, podem concluir o curso em tempo regular e com qualidade.<\/p>\n<p>Para saber mais sobre o atendimento, as estrat\u00e9gias do trabalho e a import\u00e2ncia das visitas domiciliares, n\u00e3o perca esta edi\u00e7\u00e3o do Saest e Voc\u00ea \u2013 Tudo sobre assist\u00eancia estudantil na UFPA.<\/p>\n<p>Apresenta\u00e7\u00e3o: Fabr\u00edcio Queiroz<br \/>\nProdu\u00e7\u00e3o e roteiro: Bruna Ribeiro<br \/>\nGrava\u00e7\u00e3o e montagem: Lauro Feio<br \/>\nSupervis\u00e3o e edi\u00e7\u00e3o: Elissandra Batista e Fabr\u00edcio Queiroz<\/p>\n<p>O SAEST e Voc\u00ea vai ao ar todas as quintas-feiras, sempre \u00e0s 12h e \u00e0s 18 horas, e tamb\u00e9m nos hor\u00e1rios alternativos: s\u00e1bado, \u00e0s 10h; segunda, \u00e0s 12h, e as ter\u00e7as-feiras, \u00e0s 18h.<\/p>\n<p>O programa \u00e9 uma realiza\u00e7\u00e3o da R\u00e1dio Web UFPA, projeto de extens\u00e3o da Faculdade de Comunica\u00e7\u00e3o (FACOM), em parceria com a Superintend\u00eancia de Assist\u00eancia Estudantil (SAEST).<\/p>\n","protected":false},"excerpt":{"rendered":"<p> &#8230; <a title=\"Visitas domiciliares\" class=\"read-more\" href=\"https:\/\/radio.ufpa.br\/index.php\/saest-e-voce\/visitas-domiciliares\/\" aria-label=\"Read more about Visitas domiciliares\">Ler mais<\/a><\/p>\n","protected":false},"author":2,"featured_media":5043,"comment_status":"open","ping_status":"open","sticky":false,"template":"","format":"standard","meta":{"_acf_changed":false,"_exactmetrics_skip_tracking":false,"_exactmetrics_sitenote_active":false,"_exactmetrics_sitenote_note":"","_exactmetrics_sitenote_category":0,"_monsterinsights_skip_tracking":false,"_monsterinsights_sitenote_active":false,"_monsterinsights_sitenote_note":"","_monsterinsights_sitenote_category":0,"_uf_show_specific_survey":0,"_uf_disable_surveys":false,"jetpack_post_was_ever_published":false,"_jetpack_newsletter_access":"","_jetpack_dont_email_post_to_subs":false,"_jetpack_newsletter_tier_id":0,"_jetpack_memberships_contains_paywalled_content":false,"_jetpack_memberships_contains_paid_content":false,"footnotes":"","jetpack_publicize_message":"","jetpack_publicize_feature_enabled":true,"jetpack_social_post_already_shared":true,"jetpack_social_options":{"image_generator_settings":{"template":"highway","enabled":false},"version":2}},"categories":[728],"tags":[],"class_list":["post-5041","post","type-post","status-publish","format-standard","has-post-thumbnail","hentry","category-saest-e-voce"],"acf":[],"yoast_head":"<!-- This site is optimized with the Yoast SEO plugin v25.1 - https:\/\/yoast.com\/wordpress\/plugins\/seo\/ -->\n<title>Visitas domiciliares - Radio Web UFPA<\/title>\n<meta name=\"description\" content=\"Neste programa conhe\u00e7a mais sobre o procedimento das visitas domiciliares realizadas pela Saest para conhecer os alunos que recebem bolsas e aux\u00edlios.\" \/>\n<meta name=\"robots\" content=\"index, follow, max-snippet:-1, max-image-preview:large, max-video-preview:-1\" \/>\n<link rel=\"canonical\" href=\"https:\/\/radio.ufpa.br\/index.php\/saest-e-voce\/visitas-domiciliares\/\" \/>\n<meta property=\"og:locale\" content=\"pt_BR\" \/>\n<meta property=\"og:type\" content=\"article\" \/>\n<meta property=\"og:title\" content=\"Visitas domiciliares - Radio Web UFPA\" \/>\n<meta property=\"og:description\" content=\"Neste programa conhe\u00e7a mais sobre o procedimento das visitas domiciliares realizadas pela Saest para conhecer os alunos que recebem bolsas e aux\u00edlios.\" \/>\n<meta property=\"og:url\" content=\"https:\/\/radio.ufpa.br\/index.php\/saest-e-voce\/visitas-domiciliares\/\" \/>\n<meta property=\"og:site_name\" content=\"Radio Web UFPA\" \/>\n<meta property=\"article:publisher\" content=\"https:\/\/www.facebook.com\/radiowebufpa\" \/>\n<meta property=\"article:published_time\" content=\"2018-10-25T09:00:41+00:00\" \/>\n<meta property=\"article:modified_time\" content=\"2018-11-01T14:30:39+00:00\" \/>\n<meta property=\"og:image\" content=\"https:\/\/i0.wp.com\/radio.ufpa.br\/wp-content\/uploads\/2018\/10\/Saest-e-Voc\u00ea-Visita-Domiciliar.jpg?fit=532%2C445&ssl=1\" \/>\n\t<meta property=\"og:image:width\" content=\"532\" \/>\n\t<meta property=\"og:image:height\" content=\"445\" \/>\n\t<meta property=\"og:image:type\" content=\"image\/jpeg\" \/>\n<meta name=\"author\" content=\"Fabr\u00edcio Queiroz\" \/>\n<meta name=\"twitter:card\" content=\"summary_large_image\" \/>\n<meta name=\"twitter:creator\" content=\"@radiowebufpa\" \/>\n<meta name=\"twitter:site\" content=\"@radiowebufpa\" \/>\n<meta name=\"twitter:label1\" content=\"Escrito por\" \/>\n\t<meta name=\"twitter:data1\" content=\"Fabr\u00edcio Queiroz\" \/>\n\t<meta name=\"twitter:label2\" content=\"Est. tempo de leitura\" \/>\n\t<meta name=\"twitter:data2\" content=\"2 minutos\" \/>\n<script type=\"application\/ld+json\" class=\"yoast-schema-graph\">{\"@context\":\"https:\/\/schema.org\",\"@graph\":[{\"@type\":\"Article\",\"@id\":\"https:\/\/radio.ufpa.br\/index.php\/saest-e-voce\/visitas-domiciliares\/#article\",\"isPartOf\":{\"@id\":\"https:\/\/radio.ufpa.br\/index.php\/saest-e-voce\/visitas-domiciliares\/\"},\"author\":{\"name\":\"Fabr\u00edcio Queiroz\",\"@id\":\"https:\/\/radio.ufpa.br\/#\/schema\/person\/f3f139516982741ca0831359933ac096\"},\"headline\":\"Visitas domiciliares\",\"datePublished\":\"2018-10-25T09:00:41+00:00\",\"dateModified\":\"2018-11-01T14:30:39+00:00\",\"mainEntityOfPage\":{\"@id\":\"https:\/\/radio.ufpa.br\/index.php\/saest-e-voce\/visitas-domiciliares\/\"},\"wordCount\":490,\"commentCount\":0,\"publisher\":{\"@id\":\"https:\/\/radio.ufpa.br\/#organization\"},\"image\":{\"@id\":\"https:\/\/radio.ufpa.br\/index.php\/saest-e-voce\/visitas-domiciliares\/#primaryimage\"},\"thumbnailUrl\":\"https:\/\/i0.wp.com\/radio.ufpa.br\/wp-content\/uploads\/2018\/10\/Saest-e-Voc%C3%AA-Visita-Domiciliar.jpg?fit=532%2C445&ssl=1\",\"articleSection\":[\"SAEST e Voc\u00ea\"],\"inLanguage\":\"pt-BR\",\"potentialAction\":[{\"@type\":\"CommentAction\",\"name\":\"Comment\",\"target\":[\"https:\/\/radio.ufpa.br\/index.php\/saest-e-voce\/visitas-domiciliares\/#respond\"]}]},{\"@type\":\"WebPage\",\"@id\":\"https:\/\/radio.ufpa.br\/index.php\/saest-e-voce\/visitas-domiciliares\/\",\"url\":\"https:\/\/radio.ufpa.br\/index.php\/saest-e-voce\/visitas-domiciliares\/\",\"name\":\"Visitas domiciliares - Radio Web UFPA\",\"isPartOf\":{\"@id\":\"https:\/\/radio.ufpa.br\/#website\"},\"primaryImageOfPage\":{\"@id\":\"https:\/\/radio.ufpa.br\/index.php\/saest-e-voce\/visitas-domiciliares\/#primaryimage\"},\"image\":{\"@id\":\"https:\/\/radio.ufpa.br\/index.php\/saest-e-voce\/visitas-domiciliares\/#primaryimage\"},\"thumbnailUrl\":\"https:\/\/i0.wp.com\/radio.ufpa.br\/wp-content\/uploads\/2018\/10\/Saest-e-Voc%C3%AA-Visita-Domiciliar.jpg?fit=532%2C445&ssl=1\",\"datePublished\":\"2018-10-25T09:00:41+00:00\",\"dateModified\":\"2018-11-01T14:30:39+00:00\",\"description\":\"Neste programa conhe\u00e7a mais sobre o procedimento das visitas domiciliares realizadas pela Saest para conhecer os alunos que recebem bolsas e aux\u00edlios.\",\"breadcrumb\":{\"@id\":\"https:\/\/radio.ufpa.br\/index.php\/saest-e-voce\/visitas-domiciliares\/#breadcrumb\"},\"inLanguage\":\"pt-BR\",\"potentialAction\":[{\"@type\":\"ReadAction\",\"target\":[\"https:\/\/radio.ufpa.br\/index.php\/saest-e-voce\/visitas-domiciliares\/\"]}]},{\"@type\":\"ImageObject\",\"inLanguage\":\"pt-BR\",\"@id\":\"https:\/\/radio.ufpa.br\/index.php\/saest-e-voce\/visitas-domiciliares\/#primaryimage\",\"url\":\"https:\/\/i0.wp.com\/radio.ufpa.br\/wp-content\/uploads\/2018\/10\/Saest-e-Voc%C3%AA-Visita-Domiciliar.jpg?fit=532%2C445&ssl=1\",\"contentUrl\":\"https:\/\/i0.wp.com\/radio.ufpa.br\/wp-content\/uploads\/2018\/10\/Saest-e-Voc%C3%AA-Visita-Domiciliar.jpg?fit=532%2C445&ssl=1\",\"width\":532,\"height\":445},{\"@type\":\"BreadcrumbList\",\"@id\":\"https:\/\/radio.ufpa.br\/index.php\/saest-e-voce\/visitas-domiciliares\/#breadcrumb\",\"itemListElement\":[{\"@type\":\"ListItem\",\"position\":1,\"name\":\"In\u00edcio\",\"item\":\"https:\/\/radio.ufpa.br\/\"},{\"@type\":\"ListItem\",\"position\":2,\"name\":\"Visitas domiciliares\"}]},{\"@type\":\"WebSite\",\"@id\":\"https:\/\/radio.ufpa.br\/#website\",\"url\":\"https:\/\/radio.ufpa.br\/\",\"name\":\"Radio Web UFPA\",\"description\":\"Divulgando o conhecimento\",\"publisher\":{\"@id\":\"https:\/\/radio.ufpa.br\/#organization\"},\"potentialAction\":[{\"@type\":\"SearchAction\",\"target\":{\"@type\":\"EntryPoint\",\"urlTemplate\":\"https:\/\/radio.ufpa.br\/?s={search_term_string}\"},\"query-input\":{\"@type\":\"PropertyValueSpecification\",\"valueRequired\":true,\"valueName\":\"search_term_string\"}}],\"inLanguage\":\"pt-BR\"},{\"@type\":\"Organization\",\"@id\":\"https:\/\/radio.ufpa.br\/#organization\",\"name\":\"UNIVERSIDADE FEDERAL DO PAR\u00c1-R\u00c1DIO WEB UFPA\",\"url\":\"https:\/\/radio.ufpa.br\/\",\"logo\":{\"@type\":\"ImageObject\",\"inLanguage\":\"pt-BR\",\"@id\":\"https:\/\/radio.ufpa.br\/#\/schema\/logo\/image\/\",\"url\":\"https:\/\/i0.wp.com\/radio.ufpa.br\/wp-content\/uploads\/2025\/12\/images-removebg-preview.png?fit=417%2C121&ssl=1\",\"contentUrl\":\"https:\/\/i0.wp.com\/radio.ufpa.br\/wp-content\/uploads\/2025\/12\/images-removebg-preview.png?fit=417%2C121&ssl=1\",\"width\":417,\"height\":121,\"caption\":\"UNIVERSIDADE FEDERAL DO PAR\u00c1-R\u00c1DIO WEB UFPA\"},\"image\":{\"@id\":\"https:\/\/radio.ufpa.br\/#\/schema\/logo\/image\/\"},\"sameAs\":[\"https:\/\/www.facebook.com\/radiowebufpa\",\"https:\/\/x.com\/radiowebufpa\",\"https:\/\/www.instagram.com\/radiowebufpa\/\",\"https:\/\/www.youtube.com\/user\/RadioWebUFP4\"]},{\"@type\":\"Person\",\"@id\":\"https:\/\/radio.ufpa.br\/#\/schema\/person\/f3f139516982741ca0831359933ac096\",\"name\":\"Fabr\u00edcio Queiroz\",\"image\":{\"@type\":\"ImageObject\",\"inLanguage\":\"pt-BR\",\"@id\":\"https:\/\/radio.ufpa.br\/#\/schema\/person\/image\/\",\"url\":\"https:\/\/secure.gravatar.com\/avatar\/16286edb2cee888d704ce74385081b7f?s=96&d=mm&r=g\",\"contentUrl\":\"https:\/\/secure.gravatar.com\/avatar\/16286edb2cee888d704ce74385081b7f?s=96&d=mm&r=g\",\"caption\":\"Fabr\u00edcio Queiroz\"},\"description\":\"Editor e Jornalista respons\u00e1vel\",\"url\":\"https:\/\/radio.ufpa.br\/index.php\/author\/fabricio\/\"}]}<\/script>\n<!-- \/ Yoast SEO plugin. -->","yoast_head_json":{"title":"Visitas domiciliares - Radio Web UFPA","description":"Neste programa conhe\u00e7a mais sobre o procedimento das visitas domiciliares realizadas pela Saest para conhecer os alunos que recebem bolsas e aux\u00edlios.","robots":{"index":"index","follow":"follow","max-snippet":"max-snippet:-1","max-image-preview":"max-image-preview:large","max-video-preview":"max-video-preview:-1"},"canonical":"https:\/\/radio.ufpa.br\/index.php\/saest-e-voce\/visitas-domiciliares\/","og_locale":"pt_BR","og_type":"article","og_title":"Visitas domiciliares - Radio Web UFPA","og_description":"Neste programa conhe\u00e7a mais sobre o procedimento das visitas domiciliares realizadas pela Saest para conhecer os alunos que recebem bolsas e aux\u00edlios.","og_url":"https:\/\/radio.ufpa.br\/index.php\/saest-e-voce\/visitas-domiciliares\/","og_site_name":"Radio Web UFPA","article_publisher":"https:\/\/www.facebook.com\/radiowebufpa","article_published_time":"2018-10-25T09:00:41+00:00","article_modified_time":"2018-11-01T14:30:39+00:00","og_image":[{"width":532,"height":445,"url":"https:\/\/i0.wp.com\/radio.ufpa.br\/wp-content\/uploads\/2018\/10\/Saest-e-Voc\u00ea-Visita-Domiciliar.jpg?fit=532%2C445&ssl=1","type":"image\/jpeg"}],"author":"Fabr\u00edcio Queiroz","twitter_card":"summary_large_image","twitter_creator":"@radiowebufpa","twitter_site":"@radiowebufpa","twitter_misc":{"Escrito por":"Fabr\u00edcio Queiroz","Est. tempo de leitura":"2 minutos"},"schema":{"@context":"https:\/\/schema.org","@graph":[{"@type":"Article","@id":"https:\/\/radio.ufpa.br\/index.php\/saest-e-voce\/visitas-domiciliares\/#article","isPartOf":{"@id":"https:\/\/radio.ufpa.br\/index.php\/saest-e-voce\/visitas-domiciliares\/"},"author":{"name":"Fabr\u00edcio Queiroz","@id":"https:\/\/radio.ufpa.br\/#\/schema\/person\/f3f139516982741ca0831359933ac096"},"headline":"Visitas domiciliares","datePublished":"2018-10-25T09:00:41+00:00","dateModified":"2018-11-01T14:30:39+00:00","mainEntityOfPage":{"@id":"https:\/\/radio.ufpa.br\/index.php\/saest-e-voce\/visitas-domiciliares\/"},"wordCount":490,"commentCount":0,"publisher":{"@id":"https:\/\/radio.ufpa.br\/#organization"},"image":{"@id":"https:\/\/radio.ufpa.br\/index.php\/saest-e-voce\/visitas-domiciliares\/#primaryimage"},"thumbnailUrl":"https:\/\/i0.wp.com\/radio.ufpa.br\/wp-content\/uploads\/2018\/10\/Saest-e-Voc%C3%AA-Visita-Domiciliar.jpg?fit=532%2C445&ssl=1","articleSection":["SAEST e Voc\u00ea"],"inLanguage":"pt-BR","potentialAction":[{"@type":"CommentAction","name":"Comment","target":["https:\/\/radio.ufpa.br\/index.php\/saest-e-voce\/visitas-domiciliares\/#respond"]}]},{"@type":"WebPage","@id":"https:\/\/radio.ufpa.br\/index.php\/saest-e-voce\/visitas-domiciliares\/","url":"https:\/\/radio.ufpa.br\/index.php\/saest-e-voce\/visitas-domiciliares\/","name":"Visitas domiciliares - Radio Web UFPA","isPartOf":{"@id":"https:\/\/radio.ufpa.br\/#website"},"primaryImageOfPage":{"@id":"https:\/\/radio.ufpa.br\/index.php\/saest-e-voce\/visitas-domiciliares\/#primaryimage"},"image":{"@id":"https:\/\/radio.ufpa.br\/index.php\/saest-e-voce\/visitas-domiciliares\/#primaryimage"},"thumbnailUrl":"https:\/\/i0.wp.com\/radio.ufpa.br\/wp-content\/uploads\/2018\/10\/Saest-e-Voc%C3%AA-Visita-Domiciliar.jpg?fit=532%2C445&ssl=1","datePublished":"2018-10-25T09:00:41+00:00","dateModified":"2018-11-01T14:30:39+00:00","description":"Neste programa conhe\u00e7a mais sobre o procedimento das visitas domiciliares realizadas pela Saest para conhecer os alunos que recebem bolsas e aux\u00edlios.","breadcrumb":{"@id":"https:\/\/radio.ufpa.br\/index.php\/saest-e-voce\/visitas-domiciliares\/#breadcrumb"},"inLanguage":"pt-BR","potentialAction":[{"@type":"ReadAction","target":["https:\/\/radio.ufpa.br\/index.php\/saest-e-voce\/visitas-domiciliares\/"]}]},{"@type":"ImageObject","inLanguage":"pt-BR","@id":"https:\/\/radio.ufpa.br\/index.php\/saest-e-voce\/visitas-domiciliares\/#primaryimage","url":"https:\/\/i0.wp.com\/radio.ufpa.br\/wp-content\/uploads\/2018\/10\/Saest-e-Voc%C3%AA-Visita-Domiciliar.jpg?fit=532%2C445&ssl=1","contentUrl":"https:\/\/i0.wp.com\/radio.ufpa.br\/wp-content\/uploads\/2018\/10\/Saest-e-Voc%C3%AA-Visita-Domiciliar.jpg?fit=532%2C445&ssl=1","width":532,"height":445},{"@type":"BreadcrumbList","@id":"https:\/\/radio.ufpa.br\/index.php\/saest-e-voce\/visitas-domiciliares\/#breadcrumb","itemListElement":[{"@type":"ListItem","position":1,"name":"In\u00edcio","item":"https:\/\/radio.ufpa.br\/"},{"@type":"ListItem","position":2,"name":"Visitas domiciliares"}]},{"@type":"WebSite","@id":"https:\/\/radio.ufpa.br\/#website","url":"https:\/\/radio.ufpa.br\/","name":"Radio Web UFPA","description":"Divulgando o conhecimento","publisher":{"@id":"https:\/\/radio.ufpa.br\/#organization"},"potentialAction":[{"@type":"SearchAction","target":{"@type":"EntryPoint","urlTemplate":"https:\/\/radio.ufpa.br\/?s={search_term_string}"},"query-input":{"@type":"PropertyValueSpecification","valueRequired":true,"valueName":"search_term_string"}}],"inLanguage":"pt-BR"},{"@type":"Organization","@id":"https:\/\/radio.ufpa.br\/#organization","name":"UNIVERSIDADE FEDERAL DO PAR\u00c1-R\u00c1DIO WEB UFPA","url":"https:\/\/radio.ufpa.br\/","logo":{"@type":"ImageObject","inLanguage":"pt-BR","@id":"https:\/\/radio.ufpa.br\/#\/schema\/logo\/image\/","url":"https:\/\/i0.wp.com\/radio.ufpa.br\/wp-content\/uploads\/2025\/12\/images-removebg-preview.png?fit=417%2C121&ssl=1","contentUrl":"https:\/\/i0.wp.com\/radio.ufpa.br\/wp-content\/uploads\/2025\/12\/images-removebg-preview.png?fit=417%2C121&ssl=1","width":417,"height":121,"caption":"UNIVERSIDADE FEDERAL DO PAR\u00c1-R\u00c1DIO WEB UFPA"},"image":{"@id":"https:\/\/radio.ufpa.br\/#\/schema\/logo\/image\/"},"sameAs":["https:\/\/www.facebook.com\/radiowebufpa","https:\/\/x.com\/radiowebufpa","https:\/\/www.instagram.com\/radiowebufpa\/","https:\/\/www.youtube.com\/user\/RadioWebUFP4"]},{"@type":"Person","@id":"https:\/\/radio.ufpa.br\/#\/schema\/person\/f3f139516982741ca0831359933ac096","name":"Fabr\u00edcio Queiroz","image":{"@type":"ImageObject","inLanguage":"pt-BR","@id":"https:\/\/radio.ufpa.br\/#\/schema\/person\/image\/","url":"https:\/\/secure.gravatar.com\/avatar\/16286edb2cee888d704ce74385081b7f?s=96&d=mm&r=g","contentUrl":"https:\/\/secure.gravatar.com\/avatar\/16286edb2cee888d704ce74385081b7f?s=96&d=mm&r=g","caption":"Fabr\u00edcio Queiroz"},"description":"Editor e Jornalista respons\u00e1vel","url":"https:\/\/radio.ufpa.br\/index.php\/author\/fabricio\/"}]}},"jetpack_publicize_connections":[],"jetpack_featured_media_url":"https:\/\/i0.wp.com\/radio.ufpa.br\/wp-content\/uploads\/2018\/10\/Saest-e-Voc%C3%AA-Visita-Domiciliar.jpg?fit=532%2C445&ssl=1","jetpack_shortlink":"https:\/\/wp.me\/p8TJeA-1jj","jetpack_likes_enabled":true,"jetpack-related-posts":[],"jetpack_sharing_enabled":true,"_links":{"self":[{"href":"https:\/\/radio.ufpa.br\/index.php\/wp-json\/wp\/v2\/posts\/5041","targetHints":{"allow":["GET"]}}],"collection":[{"href":"https:\/\/radio.ufpa.br\/index.php\/wp-json\/wp\/v2\/posts"}],"about":[{"href":"https:\/\/radio.ufpa.br\/index.php\/wp-json\/wp\/v2\/types\/post"}],"author":[{"embeddable":true,"href":"https:\/\/radio.ufpa.br\/index.php\/wp-json\/wp\/v2\/users\/2"}],"replies":[{"embeddable":true,"href":"https:\/\/radio.ufpa.br\/index.php\/wp-json\/wp\/v2\/comments?post=5041"}],"version-history":[{"count":4,"href":"https:\/\/radio.ufpa.br\/index.php\/wp-json\/wp\/v2\/posts\/5041\/revisions"}],"predecessor-version":[{"id":5069,"href":"https:\/\/radio.ufpa.br\/index.php\/wp-json\/wp\/v2\/posts\/5041\/revisions\/5069"}],"wp:featuredmedia":[{"embeddable":true,"href":"https:\/\/radio.ufpa.br\/index.php\/wp-json\/wp\/v2\/media\/5043"}],"wp:attachment":[{"href":"https:\/\/radio.ufpa.br\/index.php\/wp-json\/wp\/v2\/media?parent=5041"}],"wp:term":[{"taxonomy":"category","embeddable":true,"href":"https:\/\/radio.ufpa.br\/index.php\/wp-json\/wp\/v2\/categories?post=5041"},{"taxonomy":"post_tag","embeddable":true,"href":"https:\/\/radio.ufpa.br\/index.php\/wp-json\/wp\/v2\/tags?post=5041"}],"curies":[{"name":"wp","href":"https:\/\/api.w.org\/{rel}","templated":true}]}}