{"id":5110,"date":"2018-11-08T07:00:43","date_gmt":"2018-11-08T09:00:43","guid":{"rendered":"http:\/\/radio.ufpa.br\/?p=5110"},"modified":"2018-12-04T17:19:47","modified_gmt":"2018-12-04T19:19:47","slug":"acoes-para-alunos-surdos","status":"publish","type":"post","link":"https:\/\/radio.ufpa.br\/index.php\/saest-e-voce\/acoes-para-alunos-surdos\/","title":{"rendered":"A\u00e7\u00f5es para alunos surdos"},"content":{"rendered":"<!--[if lt IE 9]><script>document.createElement('audio');<\/script><![endif]-->\n\t<div class=\"wp-playlist wp-audio-playlist wp-playlist-light\">\n\t\t\t<div class=\"wp-playlist-current-item\"><\/div>\n\t\t<audio controls=\"controls\" preload=\"none\" width=\"1178\"\n\t\t\t><\/audio>\n\t<div class=\"wp-playlist-next\"><\/div>\n\t<div class=\"wp-playlist-prev\"><\/div>\n\t<noscript>\n\t<ol>\n\t\t<li><a href='https:\/\/radio.ufpa.br\/wp-content\/uploads\/2018\/03\/SAEST%20E%20VOC\u00ca%20-%20A\u00c7\u00d5ES%20PARA%20ALUNOS%20SURDOS%20-%20EDI\u00c7\u00c3O%2008%20-%2008.11.18.mp3'>Saest e Voc\u00ea - A\u00e7\u00f5es para alunos surdos<\/a><\/li>\t<\/ol>\n\t<\/noscript>\n\t<script type=\"application\/json\" class=\"wp-playlist-script\">{\"type\":\"audio\",\"tracklist\":true,\"tracknumbers\":true,\"images\":true,\"artists\":true,\"tracks\":[{\"src\":\"https:\\\/\\\/radio.ufpa.br\\\/wp-content\\\/uploads\\\/2018\\\/03\\\/SAEST E VOC\\u00ca - A\\u00c7\\u00d5ES PARA ALUNOS SURDOS - EDI\\u00c7\\u00c3O 08 - 08.11.18.mp3\",\"type\":\"audio\\\/mpeg\",\"title\":\"Saest e Voc\\u00ea - A\\u00e7\\u00f5es para alunos surdos\",\"caption\":\"\",\"description\":\"\\\"SAEST E VOC\\u00ca - A\\u00c7\\u00d5ES PARA ALUNOS SURDOS - EDI\\u00c7\\u00c3O 08 - 08.11.18\\\". Genre: Other.\",\"meta\":{\"artist\":\"R\\u00e1dio Web UFPA\",\"album\":\"Saest e Voc\\u00ea\",\"genre\":\"Other\",\"length_formatted\":\"56:24\"},\"image\":{\"src\":\"https:\\\/\\\/radio.ufpa.br\\\/wp-includes\\\/images\\\/media\\\/audio.svg\",\"width\":48,\"height\":64},\"thumb\":{\"src\":\"https:\\\/\\\/radio.ufpa.br\\\/wp-includes\\\/images\\\/media\\\/audio.svg\",\"width\":48,\"height\":64}}]}<\/script>\n<\/div>\n\t\n<p>O Saest e Voc\u00ea destaca as a\u00e7\u00f5es oferecidas pela Coordenadoria de Acessibilidade (CoAcess) destinadas aos alunos surdos da UFPA. As convidadas s\u00e3o a professora Arlete Marinho, coordenadora de acessibilidade da UFPA, e tamb\u00e9m a coordenadora da equipe de interpretes e tradutores de libras Denise Martinelli.<\/p>\n<p>O Programa de Acessibilidade na Educa\u00e7\u00e3o Superior prop\u00f5e a\u00e7\u00f5es que garantam o acesso pleno de pessoas com defici\u00eancia \u00e0s universidades. Nesse sentido, as pol\u00edticas de educa\u00e7\u00e3o especial no Brasil buscam assegurar a inclus\u00e3o de todos os alunos nas institui\u00e7\u00f5es educacionais, em todos os n\u00edveis de ensino. Apesar disso, h\u00e1 desafios para a concretiza\u00e7\u00e3o dessas medidas. As convidadas relatam as dificuldades enfrentadas pelos alunos surdos e pelos interpretes que atuam com esse p\u00fablico e destacam as a\u00e7\u00f5es que a CoAcess promove para que a vida acad\u00eamica desse aluno n\u00e3o seja prejudicada.<\/p>\n<p>Entre as iniciativas da CoAcess est\u00e3o a implementa\u00e7\u00e3o da acessibilidade \u00e0s pessoas com defici\u00eancia em todos os espa\u00e7os, ambientes, mat\u00e9rias, a\u00e7\u00f5es e processos desenvolvidos na institui\u00e7\u00e3o para garantir a inclus\u00e3o na Universidade e reduzir ou eliminar as barreiras que dificultam a vida acad\u00eamica das pessoas com defici\u00eancia.<\/p>\n<p>Nesse sentido, um dos projetos foi o de cria\u00e7\u00e3o da Cartilha de Orienta\u00e7\u00f5es T\u00e9cnicas e Pedag\u00f3gicas da UFPA, que traz diretrizes e orienta\u00e7\u00f5es para docentes e alunos com o objetivo de reduzir algumas dificuldades presentes na vida das pessoas surdas que est\u00e3o presentes na universidade.<\/p>\n<p>Para saber mais sobre as a\u00e7\u00f5es, estrat\u00e9gias pedag\u00f3gicas e a import\u00e2ncia das a\u00e7\u00f5es para os alunos surdos da Universidade, n\u00e3o perca esta edi\u00e7\u00e3o do Saest e Voc\u00ea \u2013 Tudo sobre assist\u00eancia estudantil da UFPA.<\/p>\n<p>O programa est\u00e1 disponibilizado tamb\u00e9m como roteiro acess\u00edvel em formato PDF neste link:\u00a0<a href=\"https:\/\/radio.ufpa.br\/wp-content\/uploads\/2018\/12\/SaestEVoc\u00ea%20-%20A\u00e7\u00f5es%20para%20Alunos%20Surdos%20Roteiro%20Adaptado.pdf\">SaestEVoc\u00ea &#8211; A\u00e7\u00f5es para Alunos Surdos Roteiro Adaptado<\/a><\/p>\n<p>Apresenta\u00e7\u00e3o: Elissandra Batista<br \/>\nProdu\u00e7\u00e3o e roteiro: Bruna Ribeiro<br \/>\nGrava\u00e7\u00e3o e montagem: Lauro Feio<br \/>\nSupervis\u00e3o e edi\u00e7\u00e3o: Elissandra Batista e Fabr\u00edcio Queiroz<\/p>\n<p>O SAEST e Voc\u00ea vai ao ar todas as quintas-feiras, sempre \u00e0s 12h e \u00e0s 18 horas, e tamb\u00e9m nos hor\u00e1rios alternativos: s\u00e1bado, \u00e0s 10h; segunda, \u00e0s 12h, e as ter\u00e7as-feiras, \u00e0s 18h.<\/p>\n<p>O programa \u00e9 uma realiza\u00e7\u00e3o da R\u00e1dio Web UFPA, projeto de extens\u00e3o da Faculdade de Comunica\u00e7\u00e3o (FACOM), em parceria com a Superintend\u00eancia de Assist\u00eancia Estudantil (SAEST).<\/p>\n","protected":false},"excerpt":{"rendered":"<p> &#8230; <a title=\"A\u00e7\u00f5es para alunos surdos\" class=\"read-more\" href=\"https:\/\/radio.ufpa.br\/index.php\/saest-e-voce\/acoes-para-alunos-surdos\/\" aria-label=\"Read more about A\u00e7\u00f5es para alunos surdos\">Ler mais<\/a><\/p>\n","protected":false},"author":2,"featured_media":5115,"comment_status":"open","ping_status":"open","sticky":false,"template":"","format":"standard","meta":{"_acf_changed":false,"_exactmetrics_skip_tracking":false,"_exactmetrics_sitenote_active":false,"_exactmetrics_sitenote_note":"","_exactmetrics_sitenote_category":0,"_monsterinsights_skip_tracking":false,"_monsterinsights_sitenote_active":false,"_monsterinsights_sitenote_note":"","_monsterinsights_sitenote_category":0,"_uf_show_specific_survey":0,"_uf_disable_surveys":false,"jetpack_post_was_ever_published":false,"_jetpack_newsletter_access":"","_jetpack_dont_email_post_to_subs":false,"_jetpack_newsletter_tier_id":0,"_jetpack_memberships_contains_paywalled_content":false,"_jetpack_memberships_contains_paid_content":false,"footnotes":"","jetpack_publicize_message":"","jetpack_publicize_feature_enabled":true,"jetpack_social_post_already_shared":true,"jetpack_social_options":{"image_generator_settings":{"template":"highway","enabled":false},"version":2}},"categories":[728],"tags":[],"class_list":["post-5110","post","type-post","status-publish","format-standard","has-post-thumbnail","hentry","category-saest-e-voce"],"acf":[],"yoast_head":"<!-- This site is optimized with the Yoast SEO plugin v25.1 - https:\/\/yoast.com\/wordpress\/plugins\/seo\/ -->\n<title>A\u00e7\u00f5es para alunos surdos - Radio Web UFPA<\/title>\n<meta name=\"description\" content=\"No programa, conhe\u00e7a as a\u00e7\u00f5es desenvolvidas pela Coordenadoria de Acessibilidade para garantir a perman\u00eancia e inclus\u00e3o de alunos surdos na UFPA.\" \/>\n<meta name=\"robots\" content=\"index, follow, max-snippet:-1, max-image-preview:large, max-video-preview:-1\" \/>\n<link rel=\"canonical\" href=\"https:\/\/radio.ufpa.br\/index.php\/saest-e-voce\/acoes-para-alunos-surdos\/\" \/>\n<meta property=\"og:locale\" content=\"pt_BR\" \/>\n<meta property=\"og:type\" content=\"article\" \/>\n<meta property=\"og:title\" content=\"A\u00e7\u00f5es para alunos surdos - Radio Web UFPA\" \/>\n<meta property=\"og:description\" content=\"No programa, conhe\u00e7a as a\u00e7\u00f5es desenvolvidas pela Coordenadoria de Acessibilidade para garantir a perman\u00eancia e inclus\u00e3o de alunos surdos na UFPA.\" \/>\n<meta property=\"og:url\" content=\"https:\/\/radio.ufpa.br\/index.php\/saest-e-voce\/acoes-para-alunos-surdos\/\" \/>\n<meta property=\"og:site_name\" content=\"Radio Web UFPA\" \/>\n<meta property=\"article:publisher\" content=\"https:\/\/www.facebook.com\/radiowebufpa\" \/>\n<meta property=\"article:published_time\" content=\"2018-11-08T09:00:43+00:00\" \/>\n<meta property=\"article:modified_time\" content=\"2018-12-04T19:19:47+00:00\" \/>\n<meta property=\"og:image\" content=\"https:\/\/i0.wp.com\/radio.ufpa.br\/wp-content\/uploads\/2018\/11\/A\u00e7\u00f5es-para-alunos-surdos.png?fit=532%2C445&ssl=1\" \/>\n\t<meta property=\"og:image:width\" content=\"532\" \/>\n\t<meta property=\"og:image:height\" content=\"445\" \/>\n\t<meta property=\"og:image:type\" content=\"image\/png\" \/>\n<meta name=\"author\" content=\"Fabr\u00edcio Queiroz\" \/>\n<meta name=\"twitter:card\" content=\"summary_large_image\" \/>\n<meta name=\"twitter:creator\" content=\"@radiowebufpa\" \/>\n<meta name=\"twitter:site\" content=\"@radiowebufpa\" \/>\n<meta name=\"twitter:label1\" content=\"Escrito por\" \/>\n\t<meta name=\"twitter:data1\" content=\"Fabr\u00edcio Queiroz\" \/>\n\t<meta name=\"twitter:label2\" content=\"Est. tempo de leitura\" \/>\n\t<meta name=\"twitter:data2\" content=\"2 minutos\" \/>\n<script type=\"application\/ld+json\" class=\"yoast-schema-graph\">{\"@context\":\"https:\/\/schema.org\",\"@graph\":[{\"@type\":\"Article\",\"@id\":\"https:\/\/radio.ufpa.br\/index.php\/saest-e-voce\/acoes-para-alunos-surdos\/#article\",\"isPartOf\":{\"@id\":\"https:\/\/radio.ufpa.br\/index.php\/saest-e-voce\/acoes-para-alunos-surdos\/\"},\"author\":{\"name\":\"Fabr\u00edcio Queiroz\",\"@id\":\"https:\/\/radio.ufpa.br\/#\/schema\/person\/f3f139516982741ca0831359933ac096\"},\"headline\":\"A\u00e7\u00f5es para alunos surdos\",\"datePublished\":\"2018-11-08T09:00:43+00:00\",\"dateModified\":\"2018-12-04T19:19:47+00:00\",\"mainEntityOfPage\":{\"@id\":\"https:\/\/radio.ufpa.br\/index.php\/saest-e-voce\/acoes-para-alunos-surdos\/\"},\"wordCount\":426,\"commentCount\":0,\"publisher\":{\"@id\":\"https:\/\/radio.ufpa.br\/#organization\"},\"image\":{\"@id\":\"https:\/\/radio.ufpa.br\/index.php\/saest-e-voce\/acoes-para-alunos-surdos\/#primaryimage\"},\"thumbnailUrl\":\"https:\/\/i0.wp.com\/radio.ufpa.br\/wp-content\/uploads\/2018\/11\/A%C3%A7%C3%B5es-para-alunos-surdos.png?fit=532%2C445&ssl=1\",\"articleSection\":[\"SAEST e Voc\u00ea\"],\"inLanguage\":\"pt-BR\",\"potentialAction\":[{\"@type\":\"CommentAction\",\"name\":\"Comment\",\"target\":[\"https:\/\/radio.ufpa.br\/index.php\/saest-e-voce\/acoes-para-alunos-surdos\/#respond\"]}]},{\"@type\":\"WebPage\",\"@id\":\"https:\/\/radio.ufpa.br\/index.php\/saest-e-voce\/acoes-para-alunos-surdos\/\",\"url\":\"https:\/\/radio.ufpa.br\/index.php\/saest-e-voce\/acoes-para-alunos-surdos\/\",\"name\":\"A\u00e7\u00f5es para alunos surdos - Radio Web UFPA\",\"isPartOf\":{\"@id\":\"https:\/\/radio.ufpa.br\/#website\"},\"primaryImageOfPage\":{\"@id\":\"https:\/\/radio.ufpa.br\/index.php\/saest-e-voce\/acoes-para-alunos-surdos\/#primaryimage\"},\"image\":{\"@id\":\"https:\/\/radio.ufpa.br\/index.php\/saest-e-voce\/acoes-para-alunos-surdos\/#primaryimage\"},\"thumbnailUrl\":\"https:\/\/i0.wp.com\/radio.ufpa.br\/wp-content\/uploads\/2018\/11\/A%C3%A7%C3%B5es-para-alunos-surdos.png?fit=532%2C445&ssl=1\",\"datePublished\":\"2018-11-08T09:00:43+00:00\",\"dateModified\":\"2018-12-04T19:19:47+00:00\",\"description\":\"No programa, conhe\u00e7a as a\u00e7\u00f5es desenvolvidas pela Coordenadoria de Acessibilidade para garantir a perman\u00eancia e inclus\u00e3o de alunos surdos na UFPA.\",\"breadcrumb\":{\"@id\":\"https:\/\/radio.ufpa.br\/index.php\/saest-e-voce\/acoes-para-alunos-surdos\/#breadcrumb\"},\"inLanguage\":\"pt-BR\",\"potentialAction\":[{\"@type\":\"ReadAction\",\"target\":[\"https:\/\/radio.ufpa.br\/index.php\/saest-e-voce\/acoes-para-alunos-surdos\/\"]}]},{\"@type\":\"ImageObject\",\"inLanguage\":\"pt-BR\",\"@id\":\"https:\/\/radio.ufpa.br\/index.php\/saest-e-voce\/acoes-para-alunos-surdos\/#primaryimage\",\"url\":\"https:\/\/i0.wp.com\/radio.ufpa.br\/wp-content\/uploads\/2018\/11\/A%C3%A7%C3%B5es-para-alunos-surdos.png?fit=532%2C445&ssl=1\",\"contentUrl\":\"https:\/\/i0.wp.com\/radio.ufpa.br\/wp-content\/uploads\/2018\/11\/A%C3%A7%C3%B5es-para-alunos-surdos.png?fit=532%2C445&ssl=1\",\"width\":532,\"height\":445},{\"@type\":\"BreadcrumbList\",\"@id\":\"https:\/\/radio.ufpa.br\/index.php\/saest-e-voce\/acoes-para-alunos-surdos\/#breadcrumb\",\"itemListElement\":[{\"@type\":\"ListItem\",\"position\":1,\"name\":\"In\u00edcio\",\"item\":\"https:\/\/radio.ufpa.br\/\"},{\"@type\":\"ListItem\",\"position\":2,\"name\":\"A\u00e7\u00f5es para alunos surdos\"}]},{\"@type\":\"WebSite\",\"@id\":\"https:\/\/radio.ufpa.br\/#website\",\"url\":\"https:\/\/radio.ufpa.br\/\",\"name\":\"Radio Web UFPA\",\"description\":\"Divulgando o conhecimento\",\"publisher\":{\"@id\":\"https:\/\/radio.ufpa.br\/#organization\"},\"potentialAction\":[{\"@type\":\"SearchAction\",\"target\":{\"@type\":\"EntryPoint\",\"urlTemplate\":\"https:\/\/radio.ufpa.br\/?s={search_term_string}\"},\"query-input\":{\"@type\":\"PropertyValueSpecification\",\"valueRequired\":true,\"valueName\":\"search_term_string\"}}],\"inLanguage\":\"pt-BR\"},{\"@type\":\"Organization\",\"@id\":\"https:\/\/radio.ufpa.br\/#organization\",\"name\":\"UNIVERSIDADE FEDERAL DO PAR\u00c1-R\u00c1DIO WEB UFPA\",\"url\":\"https:\/\/radio.ufpa.br\/\",\"logo\":{\"@type\":\"ImageObject\",\"inLanguage\":\"pt-BR\",\"@id\":\"https:\/\/radio.ufpa.br\/#\/schema\/logo\/image\/\",\"url\":\"https:\/\/i0.wp.com\/radio.ufpa.br\/wp-content\/uploads\/2025\/12\/images-removebg-preview.png?fit=417%2C121&ssl=1\",\"contentUrl\":\"https:\/\/i0.wp.com\/radio.ufpa.br\/wp-content\/uploads\/2025\/12\/images-removebg-preview.png?fit=417%2C121&ssl=1\",\"width\":417,\"height\":121,\"caption\":\"UNIVERSIDADE FEDERAL DO PAR\u00c1-R\u00c1DIO WEB UFPA\"},\"image\":{\"@id\":\"https:\/\/radio.ufpa.br\/#\/schema\/logo\/image\/\"},\"sameAs\":[\"https:\/\/www.facebook.com\/radiowebufpa\",\"https:\/\/x.com\/radiowebufpa\",\"https:\/\/www.instagram.com\/radiowebufpa\/\",\"https:\/\/www.youtube.com\/user\/RadioWebUFP4\"]},{\"@type\":\"Person\",\"@id\":\"https:\/\/radio.ufpa.br\/#\/schema\/person\/f3f139516982741ca0831359933ac096\",\"name\":\"Fabr\u00edcio Queiroz\",\"image\":{\"@type\":\"ImageObject\",\"inLanguage\":\"pt-BR\",\"@id\":\"https:\/\/radio.ufpa.br\/#\/schema\/person\/image\/\",\"url\":\"https:\/\/secure.gravatar.com\/avatar\/16286edb2cee888d704ce74385081b7f?s=96&d=mm&r=g\",\"contentUrl\":\"https:\/\/secure.gravatar.com\/avatar\/16286edb2cee888d704ce74385081b7f?s=96&d=mm&r=g\",\"caption\":\"Fabr\u00edcio Queiroz\"},\"description\":\"Editor e Jornalista respons\u00e1vel\",\"url\":\"https:\/\/radio.ufpa.br\/index.php\/author\/fabricio\/\"}]}<\/script>\n<!-- \/ Yoast SEO plugin. -->","yoast_head_json":{"title":"A\u00e7\u00f5es para alunos surdos - Radio Web UFPA","description":"No programa, conhe\u00e7a as a\u00e7\u00f5es desenvolvidas pela Coordenadoria de Acessibilidade para garantir a perman\u00eancia e inclus\u00e3o de alunos surdos na UFPA.","robots":{"index":"index","follow":"follow","max-snippet":"max-snippet:-1","max-image-preview":"max-image-preview:large","max-video-preview":"max-video-preview:-1"},"canonical":"https:\/\/radio.ufpa.br\/index.php\/saest-e-voce\/acoes-para-alunos-surdos\/","og_locale":"pt_BR","og_type":"article","og_title":"A\u00e7\u00f5es para alunos surdos - Radio Web UFPA","og_description":"No programa, conhe\u00e7a as a\u00e7\u00f5es desenvolvidas pela Coordenadoria de Acessibilidade para garantir a perman\u00eancia e inclus\u00e3o de alunos surdos na UFPA.","og_url":"https:\/\/radio.ufpa.br\/index.php\/saest-e-voce\/acoes-para-alunos-surdos\/","og_site_name":"Radio Web UFPA","article_publisher":"https:\/\/www.facebook.com\/radiowebufpa","article_published_time":"2018-11-08T09:00:43+00:00","article_modified_time":"2018-12-04T19:19:47+00:00","og_image":[{"width":532,"height":445,"url":"https:\/\/i0.wp.com\/radio.ufpa.br\/wp-content\/uploads\/2018\/11\/A\u00e7\u00f5es-para-alunos-surdos.png?fit=532%2C445&ssl=1","type":"image\/png"}],"author":"Fabr\u00edcio Queiroz","twitter_card":"summary_large_image","twitter_creator":"@radiowebufpa","twitter_site":"@radiowebufpa","twitter_misc":{"Escrito por":"Fabr\u00edcio Queiroz","Est. tempo de leitura":"2 minutos"},"schema":{"@context":"https:\/\/schema.org","@graph":[{"@type":"Article","@id":"https:\/\/radio.ufpa.br\/index.php\/saest-e-voce\/acoes-para-alunos-surdos\/#article","isPartOf":{"@id":"https:\/\/radio.ufpa.br\/index.php\/saest-e-voce\/acoes-para-alunos-surdos\/"},"author":{"name":"Fabr\u00edcio Queiroz","@id":"https:\/\/radio.ufpa.br\/#\/schema\/person\/f3f139516982741ca0831359933ac096"},"headline":"A\u00e7\u00f5es para alunos surdos","datePublished":"2018-11-08T09:00:43+00:00","dateModified":"2018-12-04T19:19:47+00:00","mainEntityOfPage":{"@id":"https:\/\/radio.ufpa.br\/index.php\/saest-e-voce\/acoes-para-alunos-surdos\/"},"wordCount":426,"commentCount":0,"publisher":{"@id":"https:\/\/radio.ufpa.br\/#organization"},"image":{"@id":"https:\/\/radio.ufpa.br\/index.php\/saest-e-voce\/acoes-para-alunos-surdos\/#primaryimage"},"thumbnailUrl":"https:\/\/i0.wp.com\/radio.ufpa.br\/wp-content\/uploads\/2018\/11\/A%C3%A7%C3%B5es-para-alunos-surdos.png?fit=532%2C445&ssl=1","articleSection":["SAEST e Voc\u00ea"],"inLanguage":"pt-BR","potentialAction":[{"@type":"CommentAction","name":"Comment","target":["https:\/\/radio.ufpa.br\/index.php\/saest-e-voce\/acoes-para-alunos-surdos\/#respond"]}]},{"@type":"WebPage","@id":"https:\/\/radio.ufpa.br\/index.php\/saest-e-voce\/acoes-para-alunos-surdos\/","url":"https:\/\/radio.ufpa.br\/index.php\/saest-e-voce\/acoes-para-alunos-surdos\/","name":"A\u00e7\u00f5es para alunos surdos - Radio Web UFPA","isPartOf":{"@id":"https:\/\/radio.ufpa.br\/#website"},"primaryImageOfPage":{"@id":"https:\/\/radio.ufpa.br\/index.php\/saest-e-voce\/acoes-para-alunos-surdos\/#primaryimage"},"image":{"@id":"https:\/\/radio.ufpa.br\/index.php\/saest-e-voce\/acoes-para-alunos-surdos\/#primaryimage"},"thumbnailUrl":"https:\/\/i0.wp.com\/radio.ufpa.br\/wp-content\/uploads\/2018\/11\/A%C3%A7%C3%B5es-para-alunos-surdos.png?fit=532%2C445&ssl=1","datePublished":"2018-11-08T09:00:43+00:00","dateModified":"2018-12-04T19:19:47+00:00","description":"No programa, conhe\u00e7a as a\u00e7\u00f5es desenvolvidas pela Coordenadoria de Acessibilidade para garantir a perman\u00eancia e inclus\u00e3o de alunos surdos na UFPA.","breadcrumb":{"@id":"https:\/\/radio.ufpa.br\/index.php\/saest-e-voce\/acoes-para-alunos-surdos\/#breadcrumb"},"inLanguage":"pt-BR","potentialAction":[{"@type":"ReadAction","target":["https:\/\/radio.ufpa.br\/index.php\/saest-e-voce\/acoes-para-alunos-surdos\/"]}]},{"@type":"ImageObject","inLanguage":"pt-BR","@id":"https:\/\/radio.ufpa.br\/index.php\/saest-e-voce\/acoes-para-alunos-surdos\/#primaryimage","url":"https:\/\/i0.wp.com\/radio.ufpa.br\/wp-content\/uploads\/2018\/11\/A%C3%A7%C3%B5es-para-alunos-surdos.png?fit=532%2C445&ssl=1","contentUrl":"https:\/\/i0.wp.com\/radio.ufpa.br\/wp-content\/uploads\/2018\/11\/A%C3%A7%C3%B5es-para-alunos-surdos.png?fit=532%2C445&ssl=1","width":532,"height":445},{"@type":"BreadcrumbList","@id":"https:\/\/radio.ufpa.br\/index.php\/saest-e-voce\/acoes-para-alunos-surdos\/#breadcrumb","itemListElement":[{"@type":"ListItem","position":1,"name":"In\u00edcio","item":"https:\/\/radio.ufpa.br\/"},{"@type":"ListItem","position":2,"name":"A\u00e7\u00f5es para alunos surdos"}]},{"@type":"WebSite","@id":"https:\/\/radio.ufpa.br\/#website","url":"https:\/\/radio.ufpa.br\/","name":"Radio Web UFPA","description":"Divulgando o conhecimento","publisher":{"@id":"https:\/\/radio.ufpa.br\/#organization"},"potentialAction":[{"@type":"SearchAction","target":{"@type":"EntryPoint","urlTemplate":"https:\/\/radio.ufpa.br\/?s={search_term_string}"},"query-input":{"@type":"PropertyValueSpecification","valueRequired":true,"valueName":"search_term_string"}}],"inLanguage":"pt-BR"},{"@type":"Organization","@id":"https:\/\/radio.ufpa.br\/#organization","name":"UNIVERSIDADE FEDERAL DO PAR\u00c1-R\u00c1DIO WEB UFPA","url":"https:\/\/radio.ufpa.br\/","logo":{"@type":"ImageObject","inLanguage":"pt-BR","@id":"https:\/\/radio.ufpa.br\/#\/schema\/logo\/image\/","url":"https:\/\/i0.wp.com\/radio.ufpa.br\/wp-content\/uploads\/2025\/12\/images-removebg-preview.png?fit=417%2C121&ssl=1","contentUrl":"https:\/\/i0.wp.com\/radio.ufpa.br\/wp-content\/uploads\/2025\/12\/images-removebg-preview.png?fit=417%2C121&ssl=1","width":417,"height":121,"caption":"UNIVERSIDADE FEDERAL DO PAR\u00c1-R\u00c1DIO WEB UFPA"},"image":{"@id":"https:\/\/radio.ufpa.br\/#\/schema\/logo\/image\/"},"sameAs":["https:\/\/www.facebook.com\/radiowebufpa","https:\/\/x.com\/radiowebufpa","https:\/\/www.instagram.com\/radiowebufpa\/","https:\/\/www.youtube.com\/user\/RadioWebUFP4"]},{"@type":"Person","@id":"https:\/\/radio.ufpa.br\/#\/schema\/person\/f3f139516982741ca0831359933ac096","name":"Fabr\u00edcio Queiroz","image":{"@type":"ImageObject","inLanguage":"pt-BR","@id":"https:\/\/radio.ufpa.br\/#\/schema\/person\/image\/","url":"https:\/\/secure.gravatar.com\/avatar\/16286edb2cee888d704ce74385081b7f?s=96&d=mm&r=g","contentUrl":"https:\/\/secure.gravatar.com\/avatar\/16286edb2cee888d704ce74385081b7f?s=96&d=mm&r=g","caption":"Fabr\u00edcio Queiroz"},"description":"Editor e Jornalista respons\u00e1vel","url":"https:\/\/radio.ufpa.br\/index.php\/author\/fabricio\/"}]}},"jetpack_publicize_connections":[],"jetpack_featured_media_url":"https:\/\/i0.wp.com\/radio.ufpa.br\/wp-content\/uploads\/2018\/11\/A%C3%A7%C3%B5es-para-alunos-surdos.png?fit=532%2C445&ssl=1","jetpack_shortlink":"https:\/\/wp.me\/p8TJeA-1kq","jetpack_likes_enabled":true,"jetpack-related-posts":[],"jetpack_sharing_enabled":true,"_links":{"self":[{"href":"https:\/\/radio.ufpa.br\/index.php\/wp-json\/wp\/v2\/posts\/5110","targetHints":{"allow":["GET"]}}],"collection":[{"href":"https:\/\/radio.ufpa.br\/index.php\/wp-json\/wp\/v2\/posts"}],"about":[{"href":"https:\/\/radio.ufpa.br\/index.php\/wp-json\/wp\/v2\/types\/post"}],"author":[{"embeddable":true,"href":"https:\/\/radio.ufpa.br\/index.php\/wp-json\/wp\/v2\/users\/2"}],"replies":[{"embeddable":true,"href":"https:\/\/radio.ufpa.br\/index.php\/wp-json\/wp\/v2\/comments?post=5110"}],"version-history":[{"count":4,"href":"https:\/\/radio.ufpa.br\/index.php\/wp-json\/wp\/v2\/posts\/5110\/revisions"}],"predecessor-version":[{"id":5254,"href":"https:\/\/radio.ufpa.br\/index.php\/wp-json\/wp\/v2\/posts\/5110\/revisions\/5254"}],"wp:featuredmedia":[{"embeddable":true,"href":"https:\/\/radio.ufpa.br\/index.php\/wp-json\/wp\/v2\/media\/5115"}],"wp:attachment":[{"href":"https:\/\/radio.ufpa.br\/index.php\/wp-json\/wp\/v2\/media?parent=5110"}],"wp:term":[{"taxonomy":"category","embeddable":true,"href":"https:\/\/radio.ufpa.br\/index.php\/wp-json\/wp\/v2\/categories?post=5110"},{"taxonomy":"post_tag","embeddable":true,"href":"https:\/\/radio.ufpa.br\/index.php\/wp-json\/wp\/v2\/tags?post=5110"}],"curies":[{"name":"wp","href":"https:\/\/api.w.org\/{rel}","templated":true}]}}