{"id":5272,"date":"2018-12-07T07:00:57","date_gmt":"2018-12-07T09:00:57","guid":{"rendered":"http:\/\/radio.ufpa.br\/?p=5272"},"modified":"2018-12-06T20:15:04","modified_gmt":"2018-12-06T22:15:04","slug":"projeto-uniao","status":"publish","type":"post","link":"https:\/\/radio.ufpa.br\/index.php\/ufpa-comunidade\/projeto-uniao\/","title":{"rendered":"Projeto Uni\u00e3o"},"content":{"rendered":"<!--[if lt IE 9]><script>document.createElement('audio');<\/script><![endif]-->\n\t<div class=\"wp-playlist wp-audio-playlist wp-playlist-light\">\n\t\t\t<div class=\"wp-playlist-current-item\"><\/div>\n\t\t<audio controls=\"controls\" preload=\"none\" width=\"1178\"\n\t\t\t><\/audio>\n\t<div class=\"wp-playlist-next\"><\/div>\n\t<div class=\"wp-playlist-prev\"><\/div>\n\t<noscript>\n\t<ol>\n\t\t<li><a href='https:\/\/radio.ufpa.br\/wp-content\/uploads\/2018\/12\/UFPA%20COMUNIDADE%20-%20PROJETO%20UNI\u00c3O%20-%2007.12.18.mp3'>UFPA Comunidade - Projeto Uni\u00e3o<\/a><\/li>\t<\/ol>\n\t<\/noscript>\n\t<script type=\"application\/json\" class=\"wp-playlist-script\">{\"type\":\"audio\",\"tracklist\":true,\"tracknumbers\":true,\"images\":true,\"artists\":true,\"tracks\":[{\"src\":\"https:\\\/\\\/radio.ufpa.br\\\/wp-content\\\/uploads\\\/2018\\\/12\\\/UFPA COMUNIDADE - PROJETO UNI\\u00c3O - 07.12.18.mp3\",\"type\":\"audio\\\/mpeg\",\"title\":\"UFPA Comunidade - Projeto Uni\\u00e3o\",\"caption\":\"\",\"description\":\"\\\"UFPA COMUNIDADE - PROJETO UNI\\u00c3O - 07.12.18\\\". Genre: Other.\",\"meta\":{\"artist\":\"R\\u00e1dio Web UFPA\",\"album\":\"UFPA Comunidade\",\"genre\":\"Other\",\"length_formatted\":\"52:21\"},\"image\":{\"src\":\"https:\\\/\\\/radio.ufpa.br\\\/wp-includes\\\/images\\\/media\\\/audio.svg\",\"width\":48,\"height\":64},\"thumb\":{\"src\":\"https:\\\/\\\/radio.ufpa.br\\\/wp-includes\\\/images\\\/media\\\/audio.svg\",\"width\":48,\"height\":64}}]}<\/script>\n<\/div>\n\t\n<p>O tema do UFPA Comunidade \u00e9 o <strong>Projeto Uni\u00e3o: Forma\u00e7\u00e3o de soldadores para adolescentes em vulnerabilidade social de comunidades da regi\u00e3o do entorno da UFPA.<\/strong><\/p>\n<p>Para falar sobre o assunto recebemos o professor Alexandre Saldanha, professor da Faculdade de Engenharia Mec\u00e2nica e atual coordenador do projeto; Jos\u00e9 Luiz dos Santos Silva, beneficiado pelo projeto Uni\u00e3o; Felipe Ribeiro Teixeira, mestre em engenharia mec\u00e2nica e ex-monitor do projeto; e o professor Carlos Mota, vice-diretor da Faculdade de Engenharia Mec\u00e2nica, idealizador do projeto e coordenador da sua primeira vers\u00e3o.<\/p>\n<p>O Projeto Uni\u00e3o teve sua primeira realiza\u00e7\u00e3o em 1999. Por volta de 1998 o professor Carlos Mota come\u00e7ou a idealizar o projeto, juntamente com outros dois professores da Faculdade de Engenharia Mec\u00e2nica. \u201cN\u00f3s tr\u00eas nos reunimos e come\u00e7amos a \u201cviajar\u201d em um projeto dessa natureza, haja vista que n\u00f3s temos na engenharia mec\u00e2nica o laborat\u00f3rio de soldagem, com diversos equipamentos, e n\u00f3s poder\u00edamos utilizar os alunos de gradua\u00e7\u00e3o como bolsistas\u201d, lembra o vice-diretor.<\/p>\n<p>A ideia para a iniciativa surgiu por conta da car\u00eancia de forma\u00e7\u00e3o profissional dos jovens que viviam no entorno da universidade. A comunidade Riacho Doce foi o primeiro alvo da a\u00e7\u00e3o do projeto. \u201cN\u00f3s t\u00ednhamos o laborat\u00f3rio de soldagem em fase embrion\u00e1ria, ele ainda estava \u2018nascendo\u2019, mas j\u00e1 com uma grande voca\u00e7\u00e3o para a extens\u00e3o universit\u00e1ria, principalmente para atender essa comunidade em situa\u00e7\u00e3o de risco social e pessoal\u201d, afirma o professor Carlos Mota.<\/p>\n<p>De acordo com o professor Alexandre Saldanha, todas as edi\u00e7\u00f5es do projeto tem particularidades e algumas diferen\u00e7as. Esse ano, ao inv\u00e9s de atender a comunidade do entorno da UFPA, o projeto foi feito em parceria com a Rep\u00fablica do Ema\u00fas \u2013 onde ocorreu o processo de sele\u00e7\u00e3o para os beneficiados pelo projeto. \u201cA nossa parte \u00e9 ministrar o curso de forma\u00e7\u00e3o de soldadores, onde esses jovens depois s\u00e3o direcionados para a ind\u00fastria. O objetivo principal \u00e9 a forma\u00e7\u00e3o de soldador industrial\u201d, declara o coordenador.<\/p>\n<p>Para conhecer mais sobre a trajet\u00f3ria, os resultados e as metas do projeto Uni\u00e3o, n\u00e3o perca esta edi\u00e7\u00e3o do UFPA Comunidade.<\/p>\n<p>Apresenta\u00e7\u00e3o: Fabr\u00edcio Queiroz<br \/>\nProdu\u00e7\u00e3o e roteiro: Bruna Rocha<br \/>\nGrava\u00e7\u00e3o e montagem: Jo\u00e3o Nilo e Lauro Feio<br \/>\nSupervis\u00e3o e edi\u00e7\u00e3o: Elissandra Batista e Fabr\u00edcio Queiroz<\/p>\n<p>O UFPA Comunidade vai ao ar \u00e0s sextas-feiras, \u00e0s 10h e 21h.<br \/>\nHor\u00e1rios alternativos: Domingo, \u00e0s 15h, e ter\u00e7a-feira, \u00e0s 15h.<\/p>\n","protected":false},"excerpt":{"rendered":"<p> &#8230; <a title=\"Projeto Uni\u00e3o\" class=\"read-more\" href=\"https:\/\/radio.ufpa.br\/index.php\/ufpa-comunidade\/projeto-uniao\/\" aria-label=\"Read more about Projeto Uni\u00e3o\">Ler mais<\/a><\/p>\n","protected":false},"author":2,"featured_media":5276,"comment_status":"open","ping_status":"open","sticky":false,"template":"","format":"standard","meta":{"_acf_changed":false,"_exactmetrics_skip_tracking":false,"_exactmetrics_sitenote_active":false,"_exactmetrics_sitenote_note":"","_exactmetrics_sitenote_category":0,"_monsterinsights_skip_tracking":false,"_monsterinsights_sitenote_active":false,"_monsterinsights_sitenote_note":"","_monsterinsights_sitenote_category":0,"_uf_show_specific_survey":0,"_uf_disable_surveys":false,"jetpack_post_was_ever_published":false,"_jetpack_newsletter_access":"","_jetpack_dont_email_post_to_subs":false,"_jetpack_newsletter_tier_id":0,"_jetpack_memberships_contains_paywalled_content":false,"_jetpack_memberships_contains_paid_content":false,"footnotes":"","jetpack_publicize_message":"","jetpack_publicize_feature_enabled":true,"jetpack_social_post_already_shared":true,"jetpack_social_options":{"image_generator_settings":{"template":"highway","enabled":false},"version":2}},"categories":[43],"tags":[],"class_list":["post-5272","post","type-post","status-publish","format-standard","has-post-thumbnail","hentry","category-ufpa-comunidade"],"acf":[],"yoast_head":"<!-- This site is optimized with the Yoast SEO plugin v25.1 - https:\/\/yoast.com\/wordpress\/plugins\/seo\/ -->\n<title>Projeto Uni\u00e3o - Radio Web UFPA<\/title>\n<meta name=\"description\" content=\"Neste programa, conhe\u00e7a o Projeto Uni\u00e3o, iniciativa da Faculdade de Engenharia Mec\u00e2nica, que oferece a adolescentes um curso de forma\u00e7\u00e3o de soldadores.\" \/>\n<meta name=\"robots\" content=\"index, follow, max-snippet:-1, max-image-preview:large, max-video-preview:-1\" \/>\n<link rel=\"canonical\" href=\"https:\/\/radio.ufpa.br\/index.php\/ufpa-comunidade\/projeto-uniao\/\" \/>\n<meta property=\"og:locale\" content=\"pt_BR\" \/>\n<meta property=\"og:type\" content=\"article\" \/>\n<meta property=\"og:title\" content=\"Projeto Uni\u00e3o - Radio Web UFPA\" \/>\n<meta property=\"og:description\" content=\"Neste programa, conhe\u00e7a o Projeto Uni\u00e3o, iniciativa da Faculdade de Engenharia Mec\u00e2nica, que oferece a adolescentes um curso de forma\u00e7\u00e3o de soldadores.\" \/>\n<meta property=\"og:url\" content=\"https:\/\/radio.ufpa.br\/index.php\/ufpa-comunidade\/projeto-uniao\/\" \/>\n<meta property=\"og:site_name\" content=\"Radio Web UFPA\" \/>\n<meta property=\"article:publisher\" content=\"https:\/\/www.facebook.com\/radiowebufpa\" \/>\n<meta property=\"article:published_time\" content=\"2018-12-07T09:00:57+00:00\" \/>\n<meta property=\"og:image\" content=\"https:\/\/i0.wp.com\/radio.ufpa.br\/wp-content\/uploads\/2018\/12\/soldador.jpg?fit=660%2C371&ssl=1\" \/>\n\t<meta property=\"og:image:width\" content=\"660\" \/>\n\t<meta property=\"og:image:height\" content=\"371\" \/>\n\t<meta property=\"og:image:type\" content=\"image\/jpeg\" \/>\n<meta name=\"author\" content=\"Fabr\u00edcio Queiroz\" \/>\n<meta name=\"twitter:card\" content=\"summary_large_image\" \/>\n<meta name=\"twitter:creator\" content=\"@radiowebufpa\" \/>\n<meta name=\"twitter:site\" content=\"@radiowebufpa\" \/>\n<meta name=\"twitter:label1\" content=\"Escrito por\" \/>\n\t<meta name=\"twitter:data1\" content=\"Fabr\u00edcio Queiroz\" \/>\n\t<meta name=\"twitter:label2\" content=\"Est. tempo de leitura\" \/>\n\t<meta name=\"twitter:data2\" content=\"2 minutos\" \/>\n<script type=\"application\/ld+json\" class=\"yoast-schema-graph\">{\"@context\":\"https:\/\/schema.org\",\"@graph\":[{\"@type\":\"Article\",\"@id\":\"https:\/\/radio.ufpa.br\/index.php\/ufpa-comunidade\/projeto-uniao\/#article\",\"isPartOf\":{\"@id\":\"https:\/\/radio.ufpa.br\/index.php\/ufpa-comunidade\/projeto-uniao\/\"},\"author\":{\"name\":\"Fabr\u00edcio Queiroz\",\"@id\":\"https:\/\/radio.ufpa.br\/#\/schema\/person\/f3f139516982741ca0831359933ac096\"},\"headline\":\"Projeto Uni\u00e3o\",\"datePublished\":\"2018-12-07T09:00:57+00:00\",\"mainEntityOfPage\":{\"@id\":\"https:\/\/radio.ufpa.br\/index.php\/ufpa-comunidade\/projeto-uniao\/\"},\"wordCount\":437,\"commentCount\":0,\"publisher\":{\"@id\":\"https:\/\/radio.ufpa.br\/#organization\"},\"image\":{\"@id\":\"https:\/\/radio.ufpa.br\/index.php\/ufpa-comunidade\/projeto-uniao\/#primaryimage\"},\"thumbnailUrl\":\"https:\/\/i0.wp.com\/radio.ufpa.br\/wp-content\/uploads\/2018\/12\/soldador.jpg?fit=660%2C371&ssl=1\",\"articleSection\":[\"UFPA Comunidade\"],\"inLanguage\":\"pt-BR\",\"potentialAction\":[{\"@type\":\"CommentAction\",\"name\":\"Comment\",\"target\":[\"https:\/\/radio.ufpa.br\/index.php\/ufpa-comunidade\/projeto-uniao\/#respond\"]}]},{\"@type\":\"WebPage\",\"@id\":\"https:\/\/radio.ufpa.br\/index.php\/ufpa-comunidade\/projeto-uniao\/\",\"url\":\"https:\/\/radio.ufpa.br\/index.php\/ufpa-comunidade\/projeto-uniao\/\",\"name\":\"Projeto Uni\u00e3o - Radio Web UFPA\",\"isPartOf\":{\"@id\":\"https:\/\/radio.ufpa.br\/#website\"},\"primaryImageOfPage\":{\"@id\":\"https:\/\/radio.ufpa.br\/index.php\/ufpa-comunidade\/projeto-uniao\/#primaryimage\"},\"image\":{\"@id\":\"https:\/\/radio.ufpa.br\/index.php\/ufpa-comunidade\/projeto-uniao\/#primaryimage\"},\"thumbnailUrl\":\"https:\/\/i0.wp.com\/radio.ufpa.br\/wp-content\/uploads\/2018\/12\/soldador.jpg?fit=660%2C371&ssl=1\",\"datePublished\":\"2018-12-07T09:00:57+00:00\",\"description\":\"Neste programa, conhe\u00e7a o Projeto Uni\u00e3o, iniciativa da Faculdade de Engenharia Mec\u00e2nica, que oferece a adolescentes um curso de forma\u00e7\u00e3o de soldadores.\",\"breadcrumb\":{\"@id\":\"https:\/\/radio.ufpa.br\/index.php\/ufpa-comunidade\/projeto-uniao\/#breadcrumb\"},\"inLanguage\":\"pt-BR\",\"potentialAction\":[{\"@type\":\"ReadAction\",\"target\":[\"https:\/\/radio.ufpa.br\/index.php\/ufpa-comunidade\/projeto-uniao\/\"]}]},{\"@type\":\"ImageObject\",\"inLanguage\":\"pt-BR\",\"@id\":\"https:\/\/radio.ufpa.br\/index.php\/ufpa-comunidade\/projeto-uniao\/#primaryimage\",\"url\":\"https:\/\/i0.wp.com\/radio.ufpa.br\/wp-content\/uploads\/2018\/12\/soldador.jpg?fit=660%2C371&ssl=1\",\"contentUrl\":\"https:\/\/i0.wp.com\/radio.ufpa.br\/wp-content\/uploads\/2018\/12\/soldador.jpg?fit=660%2C371&ssl=1\",\"width\":660,\"height\":371},{\"@type\":\"BreadcrumbList\",\"@id\":\"https:\/\/radio.ufpa.br\/index.php\/ufpa-comunidade\/projeto-uniao\/#breadcrumb\",\"itemListElement\":[{\"@type\":\"ListItem\",\"position\":1,\"name\":\"In\u00edcio\",\"item\":\"https:\/\/radio.ufpa.br\/\"},{\"@type\":\"ListItem\",\"position\":2,\"name\":\"Projeto Uni\u00e3o\"}]},{\"@type\":\"WebSite\",\"@id\":\"https:\/\/radio.ufpa.br\/#website\",\"url\":\"https:\/\/radio.ufpa.br\/\",\"name\":\"Radio Web UFPA\",\"description\":\"Divulgando o conhecimento\",\"publisher\":{\"@id\":\"https:\/\/radio.ufpa.br\/#organization\"},\"potentialAction\":[{\"@type\":\"SearchAction\",\"target\":{\"@type\":\"EntryPoint\",\"urlTemplate\":\"https:\/\/radio.ufpa.br\/?s={search_term_string}\"},\"query-input\":{\"@type\":\"PropertyValueSpecification\",\"valueRequired\":true,\"valueName\":\"search_term_string\"}}],\"inLanguage\":\"pt-BR\"},{\"@type\":\"Organization\",\"@id\":\"https:\/\/radio.ufpa.br\/#organization\",\"name\":\"UNIVERSIDADE FEDERAL DO PAR\u00c1-R\u00c1DIO WEB UFPA\",\"url\":\"https:\/\/radio.ufpa.br\/\",\"logo\":{\"@type\":\"ImageObject\",\"inLanguage\":\"pt-BR\",\"@id\":\"https:\/\/radio.ufpa.br\/#\/schema\/logo\/image\/\",\"url\":\"https:\/\/i0.wp.com\/radio.ufpa.br\/wp-content\/uploads\/2025\/12\/images-removebg-preview.png?fit=417%2C121&ssl=1\",\"contentUrl\":\"https:\/\/i0.wp.com\/radio.ufpa.br\/wp-content\/uploads\/2025\/12\/images-removebg-preview.png?fit=417%2C121&ssl=1\",\"width\":417,\"height\":121,\"caption\":\"UNIVERSIDADE FEDERAL DO PAR\u00c1-R\u00c1DIO WEB UFPA\"},\"image\":{\"@id\":\"https:\/\/radio.ufpa.br\/#\/schema\/logo\/image\/\"},\"sameAs\":[\"https:\/\/www.facebook.com\/radiowebufpa\",\"https:\/\/x.com\/radiowebufpa\",\"https:\/\/www.instagram.com\/radiowebufpa\/\",\"https:\/\/www.youtube.com\/user\/RadioWebUFP4\"]},{\"@type\":\"Person\",\"@id\":\"https:\/\/radio.ufpa.br\/#\/schema\/person\/f3f139516982741ca0831359933ac096\",\"name\":\"Fabr\u00edcio Queiroz\",\"image\":{\"@type\":\"ImageObject\",\"inLanguage\":\"pt-BR\",\"@id\":\"https:\/\/radio.ufpa.br\/#\/schema\/person\/image\/\",\"url\":\"https:\/\/secure.gravatar.com\/avatar\/16286edb2cee888d704ce74385081b7f?s=96&d=mm&r=g\",\"contentUrl\":\"https:\/\/secure.gravatar.com\/avatar\/16286edb2cee888d704ce74385081b7f?s=96&d=mm&r=g\",\"caption\":\"Fabr\u00edcio Queiroz\"},\"description\":\"Editor e Jornalista respons\u00e1vel\",\"url\":\"https:\/\/radio.ufpa.br\/index.php\/author\/fabricio\/\"}]}<\/script>\n<!-- \/ Yoast SEO plugin. -->","yoast_head_json":{"title":"Projeto Uni\u00e3o - Radio Web UFPA","description":"Neste programa, conhe\u00e7a o Projeto Uni\u00e3o, iniciativa da Faculdade de Engenharia Mec\u00e2nica, que oferece a adolescentes um curso de forma\u00e7\u00e3o de soldadores.","robots":{"index":"index","follow":"follow","max-snippet":"max-snippet:-1","max-image-preview":"max-image-preview:large","max-video-preview":"max-video-preview:-1"},"canonical":"https:\/\/radio.ufpa.br\/index.php\/ufpa-comunidade\/projeto-uniao\/","og_locale":"pt_BR","og_type":"article","og_title":"Projeto Uni\u00e3o - Radio Web UFPA","og_description":"Neste programa, conhe\u00e7a o Projeto Uni\u00e3o, iniciativa da Faculdade de Engenharia Mec\u00e2nica, que oferece a adolescentes um curso de forma\u00e7\u00e3o de soldadores.","og_url":"https:\/\/radio.ufpa.br\/index.php\/ufpa-comunidade\/projeto-uniao\/","og_site_name":"Radio Web UFPA","article_publisher":"https:\/\/www.facebook.com\/radiowebufpa","article_published_time":"2018-12-07T09:00:57+00:00","og_image":[{"width":660,"height":371,"url":"https:\/\/i0.wp.com\/radio.ufpa.br\/wp-content\/uploads\/2018\/12\/soldador.jpg?fit=660%2C371&ssl=1","type":"image\/jpeg"}],"author":"Fabr\u00edcio Queiroz","twitter_card":"summary_large_image","twitter_creator":"@radiowebufpa","twitter_site":"@radiowebufpa","twitter_misc":{"Escrito por":"Fabr\u00edcio Queiroz","Est. tempo de leitura":"2 minutos"},"schema":{"@context":"https:\/\/schema.org","@graph":[{"@type":"Article","@id":"https:\/\/radio.ufpa.br\/index.php\/ufpa-comunidade\/projeto-uniao\/#article","isPartOf":{"@id":"https:\/\/radio.ufpa.br\/index.php\/ufpa-comunidade\/projeto-uniao\/"},"author":{"name":"Fabr\u00edcio Queiroz","@id":"https:\/\/radio.ufpa.br\/#\/schema\/person\/f3f139516982741ca0831359933ac096"},"headline":"Projeto Uni\u00e3o","datePublished":"2018-12-07T09:00:57+00:00","mainEntityOfPage":{"@id":"https:\/\/radio.ufpa.br\/index.php\/ufpa-comunidade\/projeto-uniao\/"},"wordCount":437,"commentCount":0,"publisher":{"@id":"https:\/\/radio.ufpa.br\/#organization"},"image":{"@id":"https:\/\/radio.ufpa.br\/index.php\/ufpa-comunidade\/projeto-uniao\/#primaryimage"},"thumbnailUrl":"https:\/\/i0.wp.com\/radio.ufpa.br\/wp-content\/uploads\/2018\/12\/soldador.jpg?fit=660%2C371&ssl=1","articleSection":["UFPA Comunidade"],"inLanguage":"pt-BR","potentialAction":[{"@type":"CommentAction","name":"Comment","target":["https:\/\/radio.ufpa.br\/index.php\/ufpa-comunidade\/projeto-uniao\/#respond"]}]},{"@type":"WebPage","@id":"https:\/\/radio.ufpa.br\/index.php\/ufpa-comunidade\/projeto-uniao\/","url":"https:\/\/radio.ufpa.br\/index.php\/ufpa-comunidade\/projeto-uniao\/","name":"Projeto Uni\u00e3o - Radio Web UFPA","isPartOf":{"@id":"https:\/\/radio.ufpa.br\/#website"},"primaryImageOfPage":{"@id":"https:\/\/radio.ufpa.br\/index.php\/ufpa-comunidade\/projeto-uniao\/#primaryimage"},"image":{"@id":"https:\/\/radio.ufpa.br\/index.php\/ufpa-comunidade\/projeto-uniao\/#primaryimage"},"thumbnailUrl":"https:\/\/i0.wp.com\/radio.ufpa.br\/wp-content\/uploads\/2018\/12\/soldador.jpg?fit=660%2C371&ssl=1","datePublished":"2018-12-07T09:00:57+00:00","description":"Neste programa, conhe\u00e7a o Projeto Uni\u00e3o, iniciativa da Faculdade de Engenharia Mec\u00e2nica, que oferece a adolescentes um curso de forma\u00e7\u00e3o de soldadores.","breadcrumb":{"@id":"https:\/\/radio.ufpa.br\/index.php\/ufpa-comunidade\/projeto-uniao\/#breadcrumb"},"inLanguage":"pt-BR","potentialAction":[{"@type":"ReadAction","target":["https:\/\/radio.ufpa.br\/index.php\/ufpa-comunidade\/projeto-uniao\/"]}]},{"@type":"ImageObject","inLanguage":"pt-BR","@id":"https:\/\/radio.ufpa.br\/index.php\/ufpa-comunidade\/projeto-uniao\/#primaryimage","url":"https:\/\/i0.wp.com\/radio.ufpa.br\/wp-content\/uploads\/2018\/12\/soldador.jpg?fit=660%2C371&ssl=1","contentUrl":"https:\/\/i0.wp.com\/radio.ufpa.br\/wp-content\/uploads\/2018\/12\/soldador.jpg?fit=660%2C371&ssl=1","width":660,"height":371},{"@type":"BreadcrumbList","@id":"https:\/\/radio.ufpa.br\/index.php\/ufpa-comunidade\/projeto-uniao\/#breadcrumb","itemListElement":[{"@type":"ListItem","position":1,"name":"In\u00edcio","item":"https:\/\/radio.ufpa.br\/"},{"@type":"ListItem","position":2,"name":"Projeto Uni\u00e3o"}]},{"@type":"WebSite","@id":"https:\/\/radio.ufpa.br\/#website","url":"https:\/\/radio.ufpa.br\/","name":"Radio Web UFPA","description":"Divulgando o conhecimento","publisher":{"@id":"https:\/\/radio.ufpa.br\/#organization"},"potentialAction":[{"@type":"SearchAction","target":{"@type":"EntryPoint","urlTemplate":"https:\/\/radio.ufpa.br\/?s={search_term_string}"},"query-input":{"@type":"PropertyValueSpecification","valueRequired":true,"valueName":"search_term_string"}}],"inLanguage":"pt-BR"},{"@type":"Organization","@id":"https:\/\/radio.ufpa.br\/#organization","name":"UNIVERSIDADE FEDERAL DO PAR\u00c1-R\u00c1DIO WEB UFPA","url":"https:\/\/radio.ufpa.br\/","logo":{"@type":"ImageObject","inLanguage":"pt-BR","@id":"https:\/\/radio.ufpa.br\/#\/schema\/logo\/image\/","url":"https:\/\/i0.wp.com\/radio.ufpa.br\/wp-content\/uploads\/2025\/12\/images-removebg-preview.png?fit=417%2C121&ssl=1","contentUrl":"https:\/\/i0.wp.com\/radio.ufpa.br\/wp-content\/uploads\/2025\/12\/images-removebg-preview.png?fit=417%2C121&ssl=1","width":417,"height":121,"caption":"UNIVERSIDADE FEDERAL DO PAR\u00c1-R\u00c1DIO WEB UFPA"},"image":{"@id":"https:\/\/radio.ufpa.br\/#\/schema\/logo\/image\/"},"sameAs":["https:\/\/www.facebook.com\/radiowebufpa","https:\/\/x.com\/radiowebufpa","https:\/\/www.instagram.com\/radiowebufpa\/","https:\/\/www.youtube.com\/user\/RadioWebUFP4"]},{"@type":"Person","@id":"https:\/\/radio.ufpa.br\/#\/schema\/person\/f3f139516982741ca0831359933ac096","name":"Fabr\u00edcio Queiroz","image":{"@type":"ImageObject","inLanguage":"pt-BR","@id":"https:\/\/radio.ufpa.br\/#\/schema\/person\/image\/","url":"https:\/\/secure.gravatar.com\/avatar\/16286edb2cee888d704ce74385081b7f?s=96&d=mm&r=g","contentUrl":"https:\/\/secure.gravatar.com\/avatar\/16286edb2cee888d704ce74385081b7f?s=96&d=mm&r=g","caption":"Fabr\u00edcio Queiroz"},"description":"Editor e Jornalista respons\u00e1vel","url":"https:\/\/radio.ufpa.br\/index.php\/author\/fabricio\/"}]}},"jetpack_publicize_connections":[],"jetpack_featured_media_url":"https:\/\/i0.wp.com\/radio.ufpa.br\/wp-content\/uploads\/2018\/12\/soldador.jpg?fit=660%2C371&ssl=1","jetpack_shortlink":"https:\/\/wp.me\/p8TJeA-1n2","jetpack_likes_enabled":true,"jetpack-related-posts":[],"jetpack_sharing_enabled":true,"_links":{"self":[{"href":"https:\/\/radio.ufpa.br\/index.php\/wp-json\/wp\/v2\/posts\/5272","targetHints":{"allow":["GET"]}}],"collection":[{"href":"https:\/\/radio.ufpa.br\/index.php\/wp-json\/wp\/v2\/posts"}],"about":[{"href":"https:\/\/radio.ufpa.br\/index.php\/wp-json\/wp\/v2\/types\/post"}],"author":[{"embeddable":true,"href":"https:\/\/radio.ufpa.br\/index.php\/wp-json\/wp\/v2\/users\/2"}],"replies":[{"embeddable":true,"href":"https:\/\/radio.ufpa.br\/index.php\/wp-json\/wp\/v2\/comments?post=5272"}],"version-history":[{"count":2,"href":"https:\/\/radio.ufpa.br\/index.php\/wp-json\/wp\/v2\/posts\/5272\/revisions"}],"predecessor-version":[{"id":5275,"href":"https:\/\/radio.ufpa.br\/index.php\/wp-json\/wp\/v2\/posts\/5272\/revisions\/5275"}],"wp:featuredmedia":[{"embeddable":true,"href":"https:\/\/radio.ufpa.br\/index.php\/wp-json\/wp\/v2\/media\/5276"}],"wp:attachment":[{"href":"https:\/\/radio.ufpa.br\/index.php\/wp-json\/wp\/v2\/media?parent=5272"}],"wp:term":[{"taxonomy":"category","embeddable":true,"href":"https:\/\/radio.ufpa.br\/index.php\/wp-json\/wp\/v2\/categories?post=5272"},{"taxonomy":"post_tag","embeddable":true,"href":"https:\/\/radio.ufpa.br\/index.php\/wp-json\/wp\/v2\/tags?post=5272"}],"curies":[{"name":"wp","href":"https:\/\/api.w.org\/{rel}","templated":true}]}}