{"id":5282,"date":"2018-12-10T06:30:05","date_gmt":"2018-12-10T08:30:05","guid":{"rendered":"http:\/\/radio.ufpa.br\/?p=5282"},"modified":"2018-12-10T16:41:48","modified_gmt":"2018-12-10T18:41:48","slug":"70-anos-da-declaracao-universal-dos-direitos-humanos","status":"publish","type":"post","link":"https:\/\/radio.ufpa.br\/index.php\/ufpa-debate\/70-anos-da-declaracao-universal-dos-direitos-humanos\/","title":{"rendered":"70 anos da Declara\u00e7\u00e3o Universal dos Direitos Humanos"},"content":{"rendered":"<!--[if lt IE 9]><script>document.createElement('audio');<\/script><![endif]-->\n\t<div class=\"wp-playlist wp-audio-playlist wp-playlist-light\">\n\t\t\t<div class=\"wp-playlist-current-item\"><\/div>\n\t\t<audio controls=\"controls\" preload=\"none\" width=\"1178\"\n\t\t\t><\/audio>\n\t<div class=\"wp-playlist-next\"><\/div>\n\t<div class=\"wp-playlist-prev\"><\/div>\n\t<noscript>\n\t<ol>\n\t\t<li><a href='https:\/\/radio.ufpa.br\/wp-content\/uploads\/2018\/12\/UFPA%20DEBATE%20-%2070%20ANOS%20DA%20DECLARA\u00c7\u00c3O%20UNIVERSAL%20DOS%20DIREITOS%20HUMANOS%20-%2010.12.18.mp3'>UFPA Debate - 70 anos Declara\u00e7\u00e3o Universal dos Direitos Humanos<\/a><\/li>\t<\/ol>\n\t<\/noscript>\n\t<script type=\"application\/json\" class=\"wp-playlist-script\">{\"type\":\"audio\",\"tracklist\":true,\"tracknumbers\":true,\"images\":true,\"artists\":true,\"tracks\":[{\"src\":\"https:\\\/\\\/radio.ufpa.br\\\/wp-content\\\/uploads\\\/2018\\\/12\\\/UFPA DEBATE - 70 ANOS DA DECLARA\\u00c7\\u00c3O UNIVERSAL DOS DIREITOS HUMANOS - 10.12.18.mp3\",\"type\":\"audio\\\/mpeg\",\"title\":\"UFPA Debate - 70 anos Declara\\u00e7\\u00e3o Universal dos Direitos Humanos\",\"caption\":\"\",\"description\":\"\\\"UFPA DEBATE - 70 ANOS DA DECLARA\\u00c7\\u00c3O UNIVERSAL DOS DIREITOS HUMANOS - 10.12.18\\\". Genre: Other.\",\"meta\":{\"artist\":\"R\\u00e1dio Web UFPA\",\"album\":\"UFPA Debate\",\"genre\":\"Other\",\"length_formatted\":\"53:25\"},\"image\":{\"src\":\"https:\\\/\\\/radio.ufpa.br\\\/wp-includes\\\/images\\\/media\\\/audio.svg\",\"width\":48,\"height\":64},\"thumb\":{\"src\":\"https:\\\/\\\/radio.ufpa.br\\\/wp-includes\\\/images\\\/media\\\/audio.svg\",\"width\":48,\"height\":64}}]}<\/script>\n<\/div>\n\t\n<p>Nesta edi\u00e7\u00e3o do UFPA Debate, confira uma discuss\u00e3o sobre os <strong>70 anos da Declara\u00e7\u00e3o Universal dos Direitos Humanos<\/strong>. A trajet\u00f3ria da luta de movimentos sociais nessa \u00e1rea, a percep\u00e7\u00e3o da sociedade sobre os direitos humanos e o papel das pol\u00edticas p\u00fablicas para efetivar essas garantias no Brasil s\u00e3o alguns destaques do programa.<\/p>\n<p>No dia 10 de dezembro de 1948, a Organiza\u00e7\u00e3o Na\u00e7\u00f5es Unidas adotou a Declara\u00e7\u00e3o Universal dos Direitos Humanos que foi um marco na hist\u00f3ria mundial devido aos crimes cometidos no per\u00edodo da Segunda Guerra Mundial. Pela primeira vez na hist\u00f3ria global se admitia que todos os seres humanos mereciam direitos iguais independentemente de sexo, cor, religi\u00e3o, etnia, l\u00edngua, opini\u00e3o pol\u00edtica ou <em>status<\/em> social nem qualquer outro tipo de distin\u00e7\u00e3o, preservando as liberdades individuais e coletivas.<\/p>\n<p>Em 2018, os direitos humanos completam 70 anos desde sua declara\u00e7\u00e3o, que apesar de ser considerada um avan\u00e7o ainda enfrenta resist\u00eancias e aplica\u00e7\u00e3o conturbada por fatores pol\u00edticos em diferentes per\u00edodos hist\u00f3ricos. No Brasil, por exemplo, a ditadura militar foi um per\u00edodo de negligencia aos direitos humanos com pris\u00f5es arbitr\u00e1rias, torturas, assassinatos, desrespeito a liberdades individuais e coletivas como o direito de reuni\u00f5es, al\u00e9m do cen\u00e1rio hostil do autoritarismo do governo brasileiro da \u00e9poca.<\/p>\n<p>A Constitui\u00e7\u00e3o de 1988 \u00e9 um marco do reconhecimento dessas garantias no Brasil, mas o pa\u00eds ainda lida com cen\u00e1rios de desigualdade que evidenciam as mazelas constru\u00eddas historicamente, como o racismo, o machismo e a intoler\u00e2ncia. \u00a0Ao mesmo tempo, muitos defensores dos direitos humanos s\u00e3o assassinados ou sofrem amea\u00e7as de morte por contrariar interesses de pessoas e grupos que se favorecem das viola\u00e7\u00f5es a estes direitos.<\/p>\n<p>Para discutir conosco sobre este tema convidamos Rebecca Souza, assessora civil da <a href=\"http:\/\/www.onumulheres.org.br\/\">ONU Mulheres<\/a>, feminista descolonial e colunista da <a href=\"https:\/\/azmina.com.br\/\">revista Azminas<\/a>. Convidamos tamb\u00e9m Elza Rodrigues que \u00e9 jornalista, professora e militante no <a href=\"http:\/\/www.cedenpa.org.br\/\">Centro de Estudos e Defesa do Negro do Par\u00e1 (CEDENPA)<\/a>. Ambas acreditam que uma ferramenta que deveria ser valorizada no combate ao preconceito e na manuten\u00e7\u00e3o dos direitos humanos \u00e9 a democratiza\u00e7\u00e3o da comunica\u00e7\u00e3o, j\u00e1 que o monop\u00f3lio dos grandes meios de prejudica o processo de informa\u00e7\u00e3o da popula\u00e7\u00e3o.<\/p>\n<p>No programa, as convidadas discutem tamb\u00e9m as principais amea\u00e7as, conquistas e desafios da luta por direitos humanos, em especial na regi\u00e3o amaz\u00f4nica. \u201cEu estive durante dois anos na lista de amea\u00e7ados de morte, tive que sair do estado por estar amea\u00e7ada de morte. E quando a gente para pra pensar que o Norte, em especial o Par\u00e1, desde a morte da irm\u00e3 Dorothy Stang at\u00e9 o come\u00e7o de 2018, teve 400 defensores dos direitos humanos assassinados, \u00e9 um n\u00famero absurdo&#8230;\u201d comentou Rebecca Souza sobre os desafios da prote\u00e7\u00e3o aos defensores de direitos humanos na regi\u00e3o.<\/p>\n<p>Para entender mais sobre os <strong>70 anos da Declara\u00e7\u00e3o Universal dos Direitos Humanos<\/strong> sintonize-se na R\u00e1dio Web UFPa.<\/p>\n<p>Apresenta\u00e7\u00e3o: Fabricio Queiroz<br \/>\nProdu\u00e7\u00e3o e roteiro: Gabriel Souza<br \/>\nGrava\u00e7\u00e3o e montagem: Jo\u00e3o Nilo e Lauro Feio<br \/>\nSupervis\u00e3o e edi\u00e7\u00e3o: Elissandra Batista e Fabricio Queiroz<\/p>\n<p>O UFPA Debate vai ao ar segunda-feira, \u00e0s 10h e 21h.<br \/>\nHor\u00e1rios alternativos: Quarta-feira, \u00e0s 19h; e s\u00e1bado, \u00e0s 11h.<\/p>\n","protected":false},"excerpt":{"rendered":"<p> &#8230; <a title=\"70 anos da Declara\u00e7\u00e3o Universal dos Direitos Humanos\" class=\"read-more\" href=\"https:\/\/radio.ufpa.br\/index.php\/ufpa-debate\/70-anos-da-declaracao-universal-dos-direitos-humanos\/\" aria-label=\"Read more about 70 anos da Declara\u00e7\u00e3o Universal dos Direitos Humanos\">Ler mais<\/a><\/p>\n","protected":false},"author":2,"featured_media":5293,"comment_status":"open","ping_status":"open","sticky":false,"template":"","format":"standard","meta":{"_acf_changed":false,"_exactmetrics_skip_tracking":false,"_exactmetrics_sitenote_active":false,"_exactmetrics_sitenote_note":"","_exactmetrics_sitenote_category":0,"_monsterinsights_skip_tracking":false,"_monsterinsights_sitenote_active":false,"_monsterinsights_sitenote_note":"","_monsterinsights_sitenote_category":0,"_uf_show_specific_survey":0,"_uf_disable_surveys":false,"jetpack_post_was_ever_published":false,"_jetpack_newsletter_access":"","_jetpack_dont_email_post_to_subs":false,"_jetpack_newsletter_tier_id":0,"_jetpack_memberships_contains_paywalled_content":false,"_jetpack_memberships_contains_paid_content":false,"footnotes":"","jetpack_publicize_message":"","jetpack_publicize_feature_enabled":true,"jetpack_social_post_already_shared":true,"jetpack_social_options":{"image_generator_settings":{"template":"highway","enabled":false},"version":2}},"categories":[34],"tags":[],"class_list":["post-5282","post","type-post","status-publish","format-standard","has-post-thumbnail","hentry","category-ufpa-debate"],"acf":[],"yoast_head":"<!-- This site is optimized with the Yoast SEO plugin v25.1 - https:\/\/yoast.com\/wordpress\/plugins\/seo\/ -->\n<title>70 anos da Declara\u00e7\u00e3o Universal dos Direitos Humanos - Radio Web UFPA<\/title>\n<meta name=\"description\" content=\"Confira uma discuss\u00e3o sobre os 70 anos da Declara\u00e7\u00e3o Universal dos Direitos Humanos, com destaque para o contexto de luta e desafios na regi\u00e3o amaz\u00f4nica.\" \/>\n<meta name=\"robots\" content=\"index, follow, max-snippet:-1, max-image-preview:large, max-video-preview:-1\" \/>\n<link rel=\"canonical\" href=\"https:\/\/radio.ufpa.br\/index.php\/ufpa-debate\/70-anos-da-declaracao-universal-dos-direitos-humanos\/\" \/>\n<meta property=\"og:locale\" content=\"pt_BR\" \/>\n<meta property=\"og:type\" content=\"article\" \/>\n<meta property=\"og:title\" content=\"70 anos da Declara\u00e7\u00e3o Universal dos Direitos Humanos - Radio Web UFPA\" \/>\n<meta property=\"og:description\" content=\"Confira uma discuss\u00e3o sobre os 70 anos da Declara\u00e7\u00e3o Universal dos Direitos Humanos, com destaque para o contexto de luta e desafios na regi\u00e3o amaz\u00f4nica.\" \/>\n<meta property=\"og:url\" content=\"https:\/\/radio.ufpa.br\/index.php\/ufpa-debate\/70-anos-da-declaracao-universal-dos-direitos-humanos\/\" \/>\n<meta property=\"og:site_name\" content=\"Radio Web UFPA\" \/>\n<meta property=\"article:publisher\" content=\"https:\/\/www.facebook.com\/radiowebufpa\" \/>\n<meta property=\"article:published_time\" content=\"2018-12-10T08:30:05+00:00\" \/>\n<meta property=\"article:modified_time\" content=\"2018-12-10T18:41:48+00:00\" \/>\n<meta property=\"og:image\" content=\"https:\/\/i0.wp.com\/radio.ufpa.br\/wp-content\/uploads\/2018\/12\/site---70-anos.png?fit=1000%2C493&ssl=1\" \/>\n\t<meta property=\"og:image:width\" content=\"1000\" \/>\n\t<meta property=\"og:image:height\" content=\"493\" \/>\n\t<meta property=\"og:image:type\" content=\"image\/png\" \/>\n<meta name=\"author\" content=\"Fabr\u00edcio Queiroz\" \/>\n<meta name=\"twitter:card\" content=\"summary_large_image\" \/>\n<meta name=\"twitter:creator\" content=\"@radiowebufpa\" \/>\n<meta name=\"twitter:site\" content=\"@radiowebufpa\" \/>\n<meta name=\"twitter:label1\" content=\"Escrito por\" \/>\n\t<meta name=\"twitter:data1\" content=\"Fabr\u00edcio Queiroz\" \/>\n\t<meta name=\"twitter:label2\" content=\"Est. tempo de leitura\" \/>\n\t<meta name=\"twitter:data2\" content=\"3 minutos\" \/>\n<script type=\"application\/ld+json\" class=\"yoast-schema-graph\">{\"@context\":\"https:\/\/schema.org\",\"@graph\":[{\"@type\":\"Article\",\"@id\":\"https:\/\/radio.ufpa.br\/index.php\/ufpa-debate\/70-anos-da-declaracao-universal-dos-direitos-humanos\/#article\",\"isPartOf\":{\"@id\":\"https:\/\/radio.ufpa.br\/index.php\/ufpa-debate\/70-anos-da-declaracao-universal-dos-direitos-humanos\/\"},\"author\":{\"name\":\"Fabr\u00edcio Queiroz\",\"@id\":\"https:\/\/radio.ufpa.br\/#\/schema\/person\/f3f139516982741ca0831359933ac096\"},\"headline\":\"70 anos da Declara\u00e7\u00e3o Universal dos Direitos Humanos\",\"datePublished\":\"2018-12-10T08:30:05+00:00\",\"dateModified\":\"2018-12-10T18:41:48+00:00\",\"mainEntityOfPage\":{\"@id\":\"https:\/\/radio.ufpa.br\/index.php\/ufpa-debate\/70-anos-da-declaracao-universal-dos-direitos-humanos\/\"},\"wordCount\":568,\"commentCount\":0,\"publisher\":{\"@id\":\"https:\/\/radio.ufpa.br\/#organization\"},\"image\":{\"@id\":\"https:\/\/radio.ufpa.br\/index.php\/ufpa-debate\/70-anos-da-declaracao-universal-dos-direitos-humanos\/#primaryimage\"},\"thumbnailUrl\":\"https:\/\/i0.wp.com\/radio.ufpa.br\/wp-content\/uploads\/2018\/12\/site---70-anos.png?fit=1000%2C493&ssl=1\",\"articleSection\":[\"UFPA Debate\"],\"inLanguage\":\"pt-BR\",\"potentialAction\":[{\"@type\":\"CommentAction\",\"name\":\"Comment\",\"target\":[\"https:\/\/radio.ufpa.br\/index.php\/ufpa-debate\/70-anos-da-declaracao-universal-dos-direitos-humanos\/#respond\"]}]},{\"@type\":\"WebPage\",\"@id\":\"https:\/\/radio.ufpa.br\/index.php\/ufpa-debate\/70-anos-da-declaracao-universal-dos-direitos-humanos\/\",\"url\":\"https:\/\/radio.ufpa.br\/index.php\/ufpa-debate\/70-anos-da-declaracao-universal-dos-direitos-humanos\/\",\"name\":\"70 anos da Declara\u00e7\u00e3o Universal dos Direitos Humanos - Radio Web UFPA\",\"isPartOf\":{\"@id\":\"https:\/\/radio.ufpa.br\/#website\"},\"primaryImageOfPage\":{\"@id\":\"https:\/\/radio.ufpa.br\/index.php\/ufpa-debate\/70-anos-da-declaracao-universal-dos-direitos-humanos\/#primaryimage\"},\"image\":{\"@id\":\"https:\/\/radio.ufpa.br\/index.php\/ufpa-debate\/70-anos-da-declaracao-universal-dos-direitos-humanos\/#primaryimage\"},\"thumbnailUrl\":\"https:\/\/i0.wp.com\/radio.ufpa.br\/wp-content\/uploads\/2018\/12\/site---70-anos.png?fit=1000%2C493&ssl=1\",\"datePublished\":\"2018-12-10T08:30:05+00:00\",\"dateModified\":\"2018-12-10T18:41:48+00:00\",\"description\":\"Confira uma discuss\u00e3o sobre os 70 anos da Declara\u00e7\u00e3o Universal dos Direitos Humanos, com destaque para o contexto de luta e desafios na regi\u00e3o amaz\u00f4nica.\",\"breadcrumb\":{\"@id\":\"https:\/\/radio.ufpa.br\/index.php\/ufpa-debate\/70-anos-da-declaracao-universal-dos-direitos-humanos\/#breadcrumb\"},\"inLanguage\":\"pt-BR\",\"potentialAction\":[{\"@type\":\"ReadAction\",\"target\":[\"https:\/\/radio.ufpa.br\/index.php\/ufpa-debate\/70-anos-da-declaracao-universal-dos-direitos-humanos\/\"]}]},{\"@type\":\"ImageObject\",\"inLanguage\":\"pt-BR\",\"@id\":\"https:\/\/radio.ufpa.br\/index.php\/ufpa-debate\/70-anos-da-declaracao-universal-dos-direitos-humanos\/#primaryimage\",\"url\":\"https:\/\/i0.wp.com\/radio.ufpa.br\/wp-content\/uploads\/2018\/12\/site---70-anos.png?fit=1000%2C493&ssl=1\",\"contentUrl\":\"https:\/\/i0.wp.com\/radio.ufpa.br\/wp-content\/uploads\/2018\/12\/site---70-anos.png?fit=1000%2C493&ssl=1\",\"width\":1000,\"height\":493},{\"@type\":\"BreadcrumbList\",\"@id\":\"https:\/\/radio.ufpa.br\/index.php\/ufpa-debate\/70-anos-da-declaracao-universal-dos-direitos-humanos\/#breadcrumb\",\"itemListElement\":[{\"@type\":\"ListItem\",\"position\":1,\"name\":\"In\u00edcio\",\"item\":\"https:\/\/radio.ufpa.br\/\"},{\"@type\":\"ListItem\",\"position\":2,\"name\":\"70 anos da Declara\u00e7\u00e3o Universal dos Direitos Humanos\"}]},{\"@type\":\"WebSite\",\"@id\":\"https:\/\/radio.ufpa.br\/#website\",\"url\":\"https:\/\/radio.ufpa.br\/\",\"name\":\"Radio Web UFPA\",\"description\":\"Divulgando o conhecimento\",\"publisher\":{\"@id\":\"https:\/\/radio.ufpa.br\/#organization\"},\"potentialAction\":[{\"@type\":\"SearchAction\",\"target\":{\"@type\":\"EntryPoint\",\"urlTemplate\":\"https:\/\/radio.ufpa.br\/?s={search_term_string}\"},\"query-input\":{\"@type\":\"PropertyValueSpecification\",\"valueRequired\":true,\"valueName\":\"search_term_string\"}}],\"inLanguage\":\"pt-BR\"},{\"@type\":\"Organization\",\"@id\":\"https:\/\/radio.ufpa.br\/#organization\",\"name\":\"UNIVERSIDADE FEDERAL DO PAR\u00c1-R\u00c1DIO WEB UFPA\",\"url\":\"https:\/\/radio.ufpa.br\/\",\"logo\":{\"@type\":\"ImageObject\",\"inLanguage\":\"pt-BR\",\"@id\":\"https:\/\/radio.ufpa.br\/#\/schema\/logo\/image\/\",\"url\":\"https:\/\/i0.wp.com\/radio.ufpa.br\/wp-content\/uploads\/2025\/12\/images-removebg-preview.png?fit=417%2C121&ssl=1\",\"contentUrl\":\"https:\/\/i0.wp.com\/radio.ufpa.br\/wp-content\/uploads\/2025\/12\/images-removebg-preview.png?fit=417%2C121&ssl=1\",\"width\":417,\"height\":121,\"caption\":\"UNIVERSIDADE FEDERAL DO PAR\u00c1-R\u00c1DIO WEB UFPA\"},\"image\":{\"@id\":\"https:\/\/radio.ufpa.br\/#\/schema\/logo\/image\/\"},\"sameAs\":[\"https:\/\/www.facebook.com\/radiowebufpa\",\"https:\/\/x.com\/radiowebufpa\",\"https:\/\/www.instagram.com\/radiowebufpa\/\",\"https:\/\/www.youtube.com\/user\/RadioWebUFP4\"]},{\"@type\":\"Person\",\"@id\":\"https:\/\/radio.ufpa.br\/#\/schema\/person\/f3f139516982741ca0831359933ac096\",\"name\":\"Fabr\u00edcio Queiroz\",\"image\":{\"@type\":\"ImageObject\",\"inLanguage\":\"pt-BR\",\"@id\":\"https:\/\/radio.ufpa.br\/#\/schema\/person\/image\/\",\"url\":\"https:\/\/secure.gravatar.com\/avatar\/16286edb2cee888d704ce74385081b7f?s=96&d=mm&r=g\",\"contentUrl\":\"https:\/\/secure.gravatar.com\/avatar\/16286edb2cee888d704ce74385081b7f?s=96&d=mm&r=g\",\"caption\":\"Fabr\u00edcio Queiroz\"},\"description\":\"Editor e Jornalista respons\u00e1vel\",\"url\":\"https:\/\/radio.ufpa.br\/index.php\/author\/fabricio\/\"}]}<\/script>\n<!-- \/ Yoast SEO plugin. -->","yoast_head_json":{"title":"70 anos da Declara\u00e7\u00e3o Universal dos Direitos Humanos - Radio Web UFPA","description":"Confira uma discuss\u00e3o sobre os 70 anos da Declara\u00e7\u00e3o Universal dos Direitos Humanos, com destaque para o contexto de luta e desafios na regi\u00e3o amaz\u00f4nica.","robots":{"index":"index","follow":"follow","max-snippet":"max-snippet:-1","max-image-preview":"max-image-preview:large","max-video-preview":"max-video-preview:-1"},"canonical":"https:\/\/radio.ufpa.br\/index.php\/ufpa-debate\/70-anos-da-declaracao-universal-dos-direitos-humanos\/","og_locale":"pt_BR","og_type":"article","og_title":"70 anos da Declara\u00e7\u00e3o Universal dos Direitos Humanos - Radio Web UFPA","og_description":"Confira uma discuss\u00e3o sobre os 70 anos da Declara\u00e7\u00e3o Universal dos Direitos Humanos, com destaque para o contexto de luta e desafios na regi\u00e3o amaz\u00f4nica.","og_url":"https:\/\/radio.ufpa.br\/index.php\/ufpa-debate\/70-anos-da-declaracao-universal-dos-direitos-humanos\/","og_site_name":"Radio Web UFPA","article_publisher":"https:\/\/www.facebook.com\/radiowebufpa","article_published_time":"2018-12-10T08:30:05+00:00","article_modified_time":"2018-12-10T18:41:48+00:00","og_image":[{"width":1000,"height":493,"url":"https:\/\/i0.wp.com\/radio.ufpa.br\/wp-content\/uploads\/2018\/12\/site---70-anos.png?fit=1000%2C493&ssl=1","type":"image\/png"}],"author":"Fabr\u00edcio Queiroz","twitter_card":"summary_large_image","twitter_creator":"@radiowebufpa","twitter_site":"@radiowebufpa","twitter_misc":{"Escrito por":"Fabr\u00edcio Queiroz","Est. tempo de leitura":"3 minutos"},"schema":{"@context":"https:\/\/schema.org","@graph":[{"@type":"Article","@id":"https:\/\/radio.ufpa.br\/index.php\/ufpa-debate\/70-anos-da-declaracao-universal-dos-direitos-humanos\/#article","isPartOf":{"@id":"https:\/\/radio.ufpa.br\/index.php\/ufpa-debate\/70-anos-da-declaracao-universal-dos-direitos-humanos\/"},"author":{"name":"Fabr\u00edcio Queiroz","@id":"https:\/\/radio.ufpa.br\/#\/schema\/person\/f3f139516982741ca0831359933ac096"},"headline":"70 anos da Declara\u00e7\u00e3o Universal dos Direitos Humanos","datePublished":"2018-12-10T08:30:05+00:00","dateModified":"2018-12-10T18:41:48+00:00","mainEntityOfPage":{"@id":"https:\/\/radio.ufpa.br\/index.php\/ufpa-debate\/70-anos-da-declaracao-universal-dos-direitos-humanos\/"},"wordCount":568,"commentCount":0,"publisher":{"@id":"https:\/\/radio.ufpa.br\/#organization"},"image":{"@id":"https:\/\/radio.ufpa.br\/index.php\/ufpa-debate\/70-anos-da-declaracao-universal-dos-direitos-humanos\/#primaryimage"},"thumbnailUrl":"https:\/\/i0.wp.com\/radio.ufpa.br\/wp-content\/uploads\/2018\/12\/site---70-anos.png?fit=1000%2C493&ssl=1","articleSection":["UFPA Debate"],"inLanguage":"pt-BR","potentialAction":[{"@type":"CommentAction","name":"Comment","target":["https:\/\/radio.ufpa.br\/index.php\/ufpa-debate\/70-anos-da-declaracao-universal-dos-direitos-humanos\/#respond"]}]},{"@type":"WebPage","@id":"https:\/\/radio.ufpa.br\/index.php\/ufpa-debate\/70-anos-da-declaracao-universal-dos-direitos-humanos\/","url":"https:\/\/radio.ufpa.br\/index.php\/ufpa-debate\/70-anos-da-declaracao-universal-dos-direitos-humanos\/","name":"70 anos da Declara\u00e7\u00e3o Universal dos Direitos Humanos - Radio Web UFPA","isPartOf":{"@id":"https:\/\/radio.ufpa.br\/#website"},"primaryImageOfPage":{"@id":"https:\/\/radio.ufpa.br\/index.php\/ufpa-debate\/70-anos-da-declaracao-universal-dos-direitos-humanos\/#primaryimage"},"image":{"@id":"https:\/\/radio.ufpa.br\/index.php\/ufpa-debate\/70-anos-da-declaracao-universal-dos-direitos-humanos\/#primaryimage"},"thumbnailUrl":"https:\/\/i0.wp.com\/radio.ufpa.br\/wp-content\/uploads\/2018\/12\/site---70-anos.png?fit=1000%2C493&ssl=1","datePublished":"2018-12-10T08:30:05+00:00","dateModified":"2018-12-10T18:41:48+00:00","description":"Confira uma discuss\u00e3o sobre os 70 anos da Declara\u00e7\u00e3o Universal dos Direitos Humanos, com destaque para o contexto de luta e desafios na regi\u00e3o amaz\u00f4nica.","breadcrumb":{"@id":"https:\/\/radio.ufpa.br\/index.php\/ufpa-debate\/70-anos-da-declaracao-universal-dos-direitos-humanos\/#breadcrumb"},"inLanguage":"pt-BR","potentialAction":[{"@type":"ReadAction","target":["https:\/\/radio.ufpa.br\/index.php\/ufpa-debate\/70-anos-da-declaracao-universal-dos-direitos-humanos\/"]}]},{"@type":"ImageObject","inLanguage":"pt-BR","@id":"https:\/\/radio.ufpa.br\/index.php\/ufpa-debate\/70-anos-da-declaracao-universal-dos-direitos-humanos\/#primaryimage","url":"https:\/\/i0.wp.com\/radio.ufpa.br\/wp-content\/uploads\/2018\/12\/site---70-anos.png?fit=1000%2C493&ssl=1","contentUrl":"https:\/\/i0.wp.com\/radio.ufpa.br\/wp-content\/uploads\/2018\/12\/site---70-anos.png?fit=1000%2C493&ssl=1","width":1000,"height":493},{"@type":"BreadcrumbList","@id":"https:\/\/radio.ufpa.br\/index.php\/ufpa-debate\/70-anos-da-declaracao-universal-dos-direitos-humanos\/#breadcrumb","itemListElement":[{"@type":"ListItem","position":1,"name":"In\u00edcio","item":"https:\/\/radio.ufpa.br\/"},{"@type":"ListItem","position":2,"name":"70 anos da Declara\u00e7\u00e3o Universal dos Direitos Humanos"}]},{"@type":"WebSite","@id":"https:\/\/radio.ufpa.br\/#website","url":"https:\/\/radio.ufpa.br\/","name":"Radio Web UFPA","description":"Divulgando o conhecimento","publisher":{"@id":"https:\/\/radio.ufpa.br\/#organization"},"potentialAction":[{"@type":"SearchAction","target":{"@type":"EntryPoint","urlTemplate":"https:\/\/radio.ufpa.br\/?s={search_term_string}"},"query-input":{"@type":"PropertyValueSpecification","valueRequired":true,"valueName":"search_term_string"}}],"inLanguage":"pt-BR"},{"@type":"Organization","@id":"https:\/\/radio.ufpa.br\/#organization","name":"UNIVERSIDADE FEDERAL DO PAR\u00c1-R\u00c1DIO WEB UFPA","url":"https:\/\/radio.ufpa.br\/","logo":{"@type":"ImageObject","inLanguage":"pt-BR","@id":"https:\/\/radio.ufpa.br\/#\/schema\/logo\/image\/","url":"https:\/\/i0.wp.com\/radio.ufpa.br\/wp-content\/uploads\/2025\/12\/images-removebg-preview.png?fit=417%2C121&ssl=1","contentUrl":"https:\/\/i0.wp.com\/radio.ufpa.br\/wp-content\/uploads\/2025\/12\/images-removebg-preview.png?fit=417%2C121&ssl=1","width":417,"height":121,"caption":"UNIVERSIDADE FEDERAL DO PAR\u00c1-R\u00c1DIO WEB UFPA"},"image":{"@id":"https:\/\/radio.ufpa.br\/#\/schema\/logo\/image\/"},"sameAs":["https:\/\/www.facebook.com\/radiowebufpa","https:\/\/x.com\/radiowebufpa","https:\/\/www.instagram.com\/radiowebufpa\/","https:\/\/www.youtube.com\/user\/RadioWebUFP4"]},{"@type":"Person","@id":"https:\/\/radio.ufpa.br\/#\/schema\/person\/f3f139516982741ca0831359933ac096","name":"Fabr\u00edcio Queiroz","image":{"@type":"ImageObject","inLanguage":"pt-BR","@id":"https:\/\/radio.ufpa.br\/#\/schema\/person\/image\/","url":"https:\/\/secure.gravatar.com\/avatar\/16286edb2cee888d704ce74385081b7f?s=96&d=mm&r=g","contentUrl":"https:\/\/secure.gravatar.com\/avatar\/16286edb2cee888d704ce74385081b7f?s=96&d=mm&r=g","caption":"Fabr\u00edcio Queiroz"},"description":"Editor e Jornalista respons\u00e1vel","url":"https:\/\/radio.ufpa.br\/index.php\/author\/fabricio\/"}]}},"jetpack_publicize_connections":[],"jetpack_featured_media_url":"https:\/\/i0.wp.com\/radio.ufpa.br\/wp-content\/uploads\/2018\/12\/site---70-anos.png?fit=1000%2C493&ssl=1","jetpack_shortlink":"https:\/\/wp.me\/p8TJeA-1nc","jetpack_likes_enabled":true,"jetpack-related-posts":[],"jetpack_sharing_enabled":true,"_links":{"self":[{"href":"https:\/\/radio.ufpa.br\/index.php\/wp-json\/wp\/v2\/posts\/5282","targetHints":{"allow":["GET"]}}],"collection":[{"href":"https:\/\/radio.ufpa.br\/index.php\/wp-json\/wp\/v2\/posts"}],"about":[{"href":"https:\/\/radio.ufpa.br\/index.php\/wp-json\/wp\/v2\/types\/post"}],"author":[{"embeddable":true,"href":"https:\/\/radio.ufpa.br\/index.php\/wp-json\/wp\/v2\/users\/2"}],"replies":[{"embeddable":true,"href":"https:\/\/radio.ufpa.br\/index.php\/wp-json\/wp\/v2\/comments?post=5282"}],"version-history":[{"count":2,"href":"https:\/\/radio.ufpa.br\/index.php\/wp-json\/wp\/v2\/posts\/5282\/revisions"}],"predecessor-version":[{"id":5290,"href":"https:\/\/radio.ufpa.br\/index.php\/wp-json\/wp\/v2\/posts\/5282\/revisions\/5290"}],"wp:featuredmedia":[{"embeddable":true,"href":"https:\/\/radio.ufpa.br\/index.php\/wp-json\/wp\/v2\/media\/5293"}],"wp:attachment":[{"href":"https:\/\/radio.ufpa.br\/index.php\/wp-json\/wp\/v2\/media?parent=5282"}],"wp:term":[{"taxonomy":"category","embeddable":true,"href":"https:\/\/radio.ufpa.br\/index.php\/wp-json\/wp\/v2\/categories?post=5282"},{"taxonomy":"post_tag","embeddable":true,"href":"https:\/\/radio.ufpa.br\/index.php\/wp-json\/wp\/v2\/tags?post=5282"}],"curies":[{"name":"wp","href":"https:\/\/api.w.org\/{rel}","templated":true}]}}